{"id":9067,"date":"2009-10-21T22:17:21","date_gmt":"2009-10-21T21:17:21","guid":{"rendered":"http:\/\/www.bellunopress.it\/?p=9067"},"modified":"2009-10-21T22:48:16","modified_gmt":"2009-10-21T21:48:16","slug":"sabato-24-ottobre-giornata-dellavo-associazione-volontari-ospedalieri","status":"publish","type":"post","link":"https:\/\/www.bellunopress.it\/fr\/2009\/10\/21\/sabato-24-ottobre-giornata-dellavo-associazione-volontari-ospedalieri\/","title":{"rendered":"Sabato 24 ottobre giornata dell&#8217;Avo, Associazione volontari ospedalieri"},"content":{"rendered":"<p>Si terr\u00e0 sabato prossimo 24 ottobre la prima Giornata nazionale Avo, organizzata dall\u2019Associazione volontari ospedalieri. L\u2019Avo di Belluno allestir\u00e0 due stand, in Piazza dei Martiri dalle 9 alle 13\u00a0 e\u00a0 nell\u2019atrio interno dell\u2019Ospedale San Martino dalle 9 alle 16, dove verr\u00e0 distribuito materiale informativo e si scambieranno informazioni.\u00a0 Come tutte le associazioni di volontariato, anche l\u2019Avo ha bisogno di nuovi iscritti, sia per colmare le inevitabili perdite generazionali sia per far fronte ai nuovi impegni che si prospettano per il futuro, come l\u2019assistenza domiciliare, i centri di ascolto e il trasporto dei malati. I bellunesi sono quindi invitati ad accostarsi agli stand, ma soprattutto prendere in considerazione l\u2019invito a donare un po\u2019 del proprio tempo alle persone malate e bisognose nel conteso dell\u2019Avo. L\u2019Avo Onlus ha iniziato la sua attivit\u00e0 nel 1975 a Milano, da dove si \u00e8 diffusa rapidamente in tutta Italia e attualmente pu\u00f2 contare su 240 sedi e 30.000 volontari. A Belluno l\u2019associazione \u00e8 sorta nel 1992 per opera di Nina Barcelloni e di un ristretto gruppo di soci fondatori ed oggi conta su 80 volontari, di cui 70 attivi. Attuale presidente \u00e8 il dottor Piergiorgio Olivieri.\u00a0 Il fondatore dell\u2019Avo, il professor Longhini, tuttora vivente, era primario di Medicina Generale presso l\u2019Ospedale di Sesto S. Giovanni (Milano), quando si rese conto che i malati necessitavano di un\u2019assistenza umanitaria, oltre che sanitaria. Memorabile ed ampiamente riportato dalla stampa un episodio vissuto direttamente dal professor Longhini: passando una sera in corsia, il medico sent\u00ec un malato lamentarsi, perch\u00e9 non c\u2019era nessuno che gli desse un bicchiere d\u2019acqua. Tutti possono diventare volontari Avo, al termine di un apposito corso di formazione proposto ogni anno e dopo un colloquio con i volontari anziani, alla presenza di uno psicologo. Per diventare volontario attivo \u00e8 necessario un tirocinio in corsia di 6 mesi e un colloquio finale, nel quale viene giudicato il grado di preparazione per l\u2019esercizio dell\u2019 attivit\u00e0. Ogni volontario presta un turno settimanale di servizio di circa 3 ore presso un reparto dell\u2019 Ospedale S. Martino (Medicina, Dermatologia, Geriatria, Lungodegenza, Neurologia, Broncopneumologia, Ortopedia, Urologia, Pediatria, Chirurgia) o presso la Casa di Riposo Maria Gaggia Lante di Cavarzano. L\u2019attivit\u00e0 dei volontari si compendia in un triplice comandamento: ascoltare, consolare, fare piccoli servizi (imboccare, portare l\u2019acqua, il giornale, spingere una carrozzina). I volontari operano in accordo con gli operatori sanitari, ma non possono operare prestazioni sanitarie, devono astenersi dal distribuire consigli o commenti e sono tenuti al segreto.\u00a0 L\u2019Avo rivolge quindi un appello a tutte le persone di buona volont\u00e0 che sentono l\u2019impulso di aiutare il prossimo, per aderire all\u2019associazione fare un\u2019esperienza di volontariato. Il prossimo corso di formazione, il diciannovesimo dalla fondazione dell\u2019Avo bellunese,\u00a0 inizier\u00e0 il prossimo 27 ottobre e proseguir\u00e0 per tutto il mese di novembre. Per informazioni e iscrizioni al corso \u00e8 possibile contattare la segreteria dell\u2019Avo di Belluno, presso l\u2019ex portineria esterna dell\u2019 Ospedale S. Martino, aperta il marted\u00ec e il gioved\u00ec dalle 15.30 alle 17.30.<\/p>","protected":false},"excerpt":{"rendered":"<p>Si terr\u00e0 sabato prossimo 24 ottobre la prima Giornata nazionale Avo, organizzata dall\u2019Associazione volontari ospedalieri. L\u2019Avo di Belluno allestir\u00e0 due stand, in Piazza dei Martiri dalle 9 alle 13\u00a0 e\u00a0 nell\u2019atrio interno dell\u2019Ospedale San Martino dalle 9 alle 16, dove verr\u00e0 distribuito materiale informativo e si scambieranno informazioni.\u00a0 Come tutte le associazioni di volontariato, anche [&hellip;]<\/p>\n","protected":false},"author":2,"featured_media":0,"comment_status":"closed","ping_status":"open","sticky":false,"template":"","format":"standard","meta":{"footnotes":""},"categories":[27],"tags":[139],"class_list":["post-9067","post","type-post","status-publish","format-standard","category-appuntamenti","tag-belluno"],"yoast_head":"<!-- This site is optimized with the Yoast SEO plugin v28.4 - https:\/\/yoast.com\/product\/yoast-seo-wordpress\/ -->\n<title>Sabato 24 ottobre giornata dell&#039;Avo, Associazione volontari ospedalieri  - Bellunopress - Dolomiti<\/title>\n<meta name=\"robots\" content=\"index, follow, max-snippet:-1, max-image-preview:large, max-video-preview:-1\" \/>\n<link rel=\"canonical\" href=\"https:\/\/www.bellunopress.it\/fr\/2009\/10\/21\/sabato-24-ottobre-giornata-dellavo-associazione-volontari-ospedalieri\/\" \/>\n<meta property=\"og:locale\" content=\"fr_FR\" \/>\n<meta property=\"og:type\" content=\"article\" \/>\n<meta property=\"og:title\" content=\"Sabato 24 ottobre giornata dell&#039;Avo, Associazione volontari ospedalieri  - Bellunopress - Dolomiti\" \/>\n<meta property=\"og:description\" content=\"Si terr\u00e0 sabato prossimo 24 ottobre la prima Giornata nazionale Avo, organizzata dall\u2019Associazione volontari ospedalieri. L\u2019Avo di Belluno allestir\u00e0 due stand, in Piazza dei Martiri dalle 9 alle 13\u00a0 e\u00a0 nell\u2019atrio interno dell\u2019Ospedale San Martino dalle 9 alle 16, dove verr\u00e0 distribuito materiale informativo e si scambieranno informazioni.\u00a0 Come tutte le associazioni di volontariato, anche [&hellip;]\" \/>\n<meta property=\"og:url\" content=\"https:\/\/www.bellunopress.it\/fr\/2009\/10\/21\/sabato-24-ottobre-giornata-dellavo-associazione-volontari-ospedalieri\/\" \/>\n<meta property=\"og:site_name\" content=\"Bellunopress - Dolomiti\" \/>\n<meta property=\"article:publisher\" content=\"https:\/\/www.facebook.com\/profile.php?id=100008943462799\" \/>\n<meta property=\"article:published_time\" content=\"2009-10-21T21:17:21+00:00\" \/>\n<meta property=\"article:modified_time\" content=\"2009-10-21T21:48:16+00:00\" \/>\n<meta property=\"og:image\" content=\"http:\/\/www.bellunopress.it\/wp-content\/uploads\/2012\/07\/logo-bellunopress-250x250-2012.jpg\" \/>\n<meta name=\"author\" content=\"redazione\" \/>\n<meta name=\"twitter:card\" content=\"summary_large_image\" \/>\n<meta name=\"twitter:creator\" content=\"@bellunopress\" \/>\n<meta name=\"twitter:site\" content=\"@bellunopress\" \/>\n<meta name=\"twitter:label1\" content=\"\u00c9crit par\" \/>\n\t<meta name=\"twitter:data1\" content=\"redazione\" \/>\n\t<meta name=\"twitter:label2\" content=\"Dur\u00e9e de lecture estim\u00e9e\" \/>\n\t<meta name=\"twitter:data2\" content=\"2 minutes\" \/>\n<script type=\"application\/ld+json\" class=\"yoast-schema-graph\">{\"@context\":\"https:\\\/\\\/schema.org\",\"@graph\":[{\"@type\":\"Article\",\"@id\":\"https:\\\/\\\/www.bellunopress.it\\\/2009\\\/10\\\/21\\\/sabato-24-ottobre-giornata-dellavo-associazione-volontari-ospedalieri\\\/#article\",\"isPartOf\":{\"@id\":\"https:\\\/\\\/www.bellunopress.it\\\/2009\\\/10\\\/21\\\/sabato-24-ottobre-giornata-dellavo-associazione-volontari-ospedalieri\\\/\"},\"author\":{\"name\":\"redazione\",\"@id\":\"https:\\\/\\\/www.bellunopress.it\\\/#\\\/schema\\\/person\\\/79bb06722b37ece1c03d3e94beb30d73\"},\"headline\":\"Sabato 24 ottobre giornata dell&#8217;Avo, Associazione volontari ospedalieri\",\"datePublished\":\"2009-10-21T21:17:21+00:00\",\"dateModified\":\"2009-10-21T21:48:16+00:00\",\"mainEntityOfPage\":{\"@id\":\"https:\\\/\\\/www.bellunopress.it\\\/2009\\\/10\\\/21\\\/sabato-24-ottobre-giornata-dellavo-associazione-volontari-ospedalieri\\\/\"},\"wordCount\":499,\"publisher\":{\"@id\":\"https:\\\/\\\/www.bellunopress.it\\\/#organization\"},\"keywords\":[\"Belluno\"],\"articleSection\":[\"Appuntamenti, Eventi\"],\"inLanguage\":\"fr-FR\"},{\"@type\":\"WebPage\",\"@id\":\"https:\\\/\\\/www.bellunopress.it\\\/2009\\\/10\\\/21\\\/sabato-24-ottobre-giornata-dellavo-associazione-volontari-ospedalieri\\\/\",\"url\":\"https:\\\/\\\/www.bellunopress.it\\\/2009\\\/10\\\/21\\\/sabato-24-ottobre-giornata-dellavo-associazione-volontari-ospedalieri\\\/\",\"name\":\"Sabato 24 ottobre giornata dell'Avo, Associazione volontari ospedalieri - Bellunopress - Dolomiti\",\"isPartOf\":{\"@id\":\"https:\\\/\\\/www.bellunopress.it\\\/#website\"},\"datePublished\":\"2009-10-21T21:17:21+00:00\",\"dateModified\":\"2009-10-21T21:48:16+00:00\",\"breadcrumb\":{\"@id\":\"https:\\\/\\\/www.bellunopress.it\\\/2009\\\/10\\\/21\\\/sabato-24-ottobre-giornata-dellavo-associazione-volontari-ospedalieri\\\/#breadcrumb\"},\"inLanguage\":\"fr-FR\",\"potentialAction\":[{\"@type\":\"ReadAction\",\"target\":[\"https:\\\/\\\/www.bellunopress.it\\\/2009\\\/10\\\/21\\\/sabato-24-ottobre-giornata-dellavo-associazione-volontari-ospedalieri\\\/\"]}]},{\"@type\":\"BreadcrumbList\",\"@id\":\"https:\\\/\\\/www.bellunopress.it\\\/2009\\\/10\\\/21\\\/sabato-24-ottobre-giornata-dellavo-associazione-volontari-ospedalieri\\\/#breadcrumb\",\"itemListElement\":[{\"@type\":\"ListItem\",\"position\":1,\"name\":\"Home\",\"item\":\"https:\\\/\\\/www.bellunopress.it\\\/\"},{\"@type\":\"ListItem\",\"position\":2,\"name\":\"Sabato 24 ottobre giornata dell&#8217;Avo, Associazione volontari ospedalieri\"}]},{\"@type\":\"WebSite\",\"@id\":\"https:\\\/\\\/www.bellunopress.it\\\/#website\",\"url\":\"https:\\\/\\\/www.bellunopress.it\\\/\",\"name\":\"Bellunopress - Dolomiti\",\"description\":\"e-mail: redazione@bellunopress.it\",\"publisher\":{\"@id\":\"https:\\\/\\\/www.bellunopress.it\\\/#organization\"},\"potentialAction\":[{\"@type\":\"SearchAction\",\"target\":{\"@type\":\"EntryPoint\",\"urlTemplate\":\"https:\\\/\\\/www.bellunopress.it\\\/?s={search_term_string}\"},\"query-input\":{\"@type\":\"PropertyValueSpecification\",\"valueRequired\":true,\"valueName\":\"search_term_string\"}}],\"inLanguage\":\"fr-FR\"},{\"@type\":\"Organization\",\"@id\":\"https:\\\/\\\/www.bellunopress.it\\\/#organization\",\"name\":\"Bellunopress\",\"url\":\"https:\\\/\\\/www.bellunopress.it\\\/\",\"logo\":{\"@type\":\"ImageObject\",\"inLanguage\":\"fr-FR\",\"@id\":\"https:\\\/\\\/www.bellunopress.it\\\/#\\\/schema\\\/logo\\\/image\\\/\",\"url\":\"https:\\\/\\\/www.bellunopress.it\\\/wp-content\\\/uploads\\\/2011\\\/05\\\/cropped-logo-bellunopress-.jpg\",\"contentUrl\":\"https:\\\/\\\/www.bellunopress.it\\\/wp-content\\\/uploads\\\/2011\\\/05\\\/cropped-logo-bellunopress-.jpg\",\"width\":512,\"height\":512,\"caption\":\"Bellunopress\"},\"image\":{\"@id\":\"https:\\\/\\\/www.bellunopress.it\\\/#\\\/schema\\\/logo\\\/image\\\/\"},\"sameAs\":[\"https:\\\/\\\/www.facebook.com\\\/profile.php?id=100008943462799\",\"https:\\\/\\\/x.com\\\/bellunopress\",\"https:\\\/\\\/www.linkedin.com\\\/hp\\\/?dnr=JBzUWaJfMUw8vbXJJ2tVW5-I3jZKvC4wsoxE&amp;amp;amp;amp;amp;amp;trk=nav_responsive_tab_home\",\"https:\\\/\\\/www.youtube.com\\\/channel\\\/UCxL0wu1uN0_3_7hGG0306cw\"]},{\"@type\":\"Person\",\"@id\":\"https:\\\/\\\/www.bellunopress.it\\\/#\\\/schema\\\/person\\\/79bb06722b37ece1c03d3e94beb30d73\",\"name\":\"redazione\",\"image\":{\"@type\":\"ImageObject\",\"inLanguage\":\"fr-FR\",\"@id\":\"https:\\\/\\\/secure.gravatar.com\\\/avatar\\\/37d968a2e67a6fd04c169c4bdef102d0bc5d31b2546345219e348575eb80e9a0?s=96&d=mm&r=g\",\"url\":\"https:\\\/\\\/secure.gravatar.com\\\/avatar\\\/37d968a2e67a6fd04c169c4bdef102d0bc5d31b2546345219e348575eb80e9a0?s=96&d=mm&r=g\",\"contentUrl\":\"https:\\\/\\\/secure.gravatar.com\\\/avatar\\\/37d968a2e67a6fd04c169c4bdef102d0bc5d31b2546345219e348575eb80e9a0?s=96&d=mm&r=g\",\"caption\":\"redazione\"},\"sameAs\":[\"http:\\\/\\\/www.bellunopress.it\",\"https:\\\/\\\/x.com\\\/bellunopress\"],\"url\":\"https:\\\/\\\/www.bellunopress.it\\\/fr\\\/author\\\/redazione\\\/\"}]}<\/script>\n<!-- \/ Yoast SEO plugin. -->","yoast_head_json":{"title":"Sabato 24 ottobre giornata dell'Avo, Associazione volontari ospedalieri  - Bellunopress - Dolomiti","robots":{"index":"index","follow":"follow","max-snippet":"max-snippet:-1","max-image-preview":"max-image-preview:large","max-video-preview":"max-video-preview:-1"},"canonical":"https:\/\/www.bellunopress.it\/fr\/2009\/10\/21\/sabato-24-ottobre-giornata-dellavo-associazione-volontari-ospedalieri\/","og_locale":"fr_FR","og_type":"article","og_title":"Sabato 24 ottobre giornata dell'Avo, Associazione volontari ospedalieri  - Bellunopress - Dolomiti","og_description":"Si terr\u00e0 sabato prossimo 24 ottobre la prima Giornata nazionale Avo, organizzata dall\u2019Associazione volontari ospedalieri. L\u2019Avo di Belluno allestir\u00e0 due stand, in Piazza dei Martiri dalle 9 alle 13\u00a0 e\u00a0 nell\u2019atrio interno dell\u2019Ospedale San Martino dalle 9 alle 16, dove verr\u00e0 distribuito materiale informativo e si scambieranno informazioni.\u00a0 Come tutte le associazioni di volontariato, anche [&hellip;]","og_url":"https:\/\/www.bellunopress.it\/fr\/2009\/10\/21\/sabato-24-ottobre-giornata-dellavo-associazione-volontari-ospedalieri\/","og_site_name":"Bellunopress - Dolomiti","article_publisher":"https:\/\/www.facebook.com\/profile.php?id=100008943462799","article_published_time":"2009-10-21T21:17:21+00:00","article_modified_time":"2009-10-21T21:48:16+00:00","og_image":[{"url":"http:\/\/www.bellunopress.it\/wp-content\/uploads\/2012\/07\/logo-bellunopress-250x250-2012.jpg","type":"","width":"","height":""}],"author":"redazione","twitter_card":"summary_large_image","twitter_creator":"@bellunopress","twitter_site":"@bellunopress","twitter_misc":{"\u00c9crit par":"redazione","Dur\u00e9e de lecture estim\u00e9e":"2 minutes"},"schema":{"@context":"https:\/\/schema.org","@graph":[{"@type":"Article","@id":"https:\/\/www.bellunopress.it\/2009\/10\/21\/sabato-24-ottobre-giornata-dellavo-associazione-volontari-ospedalieri\/#article","isPartOf":{"@id":"https:\/\/www.bellunopress.it\/2009\/10\/21\/sabato-24-ottobre-giornata-dellavo-associazione-volontari-ospedalieri\/"},"author":{"name":"redazione","@id":"https:\/\/www.bellunopress.it\/#\/schema\/person\/79bb06722b37ece1c03d3e94beb30d73"},"headline":"Sabato 24 ottobre giornata dell&#8217;Avo, Associazione volontari ospedalieri","datePublished":"2009-10-21T21:17:21+00:00","dateModified":"2009-10-21T21:48:16+00:00","mainEntityOfPage":{"@id":"https:\/\/www.bellunopress.it\/2009\/10\/21\/sabato-24-ottobre-giornata-dellavo-associazione-volontari-ospedalieri\/"},"wordCount":499,"publisher":{"@id":"https:\/\/www.bellunopress.it\/#organization"},"keywords":["Belluno"],"articleSection":["Appuntamenti, Eventi"],"inLanguage":"fr-FR"},{"@type":"WebPage","@id":"https:\/\/www.bellunopress.it\/2009\/10\/21\/sabato-24-ottobre-giornata-dellavo-associazione-volontari-ospedalieri\/","url":"https:\/\/www.bellunopress.it\/2009\/10\/21\/sabato-24-ottobre-giornata-dellavo-associazione-volontari-ospedalieri\/","name":"Sabato 24 ottobre giornata dell'Avo, Associazione volontari ospedalieri - Bellunopress - Dolomiti","isPartOf":{"@id":"https:\/\/www.bellunopress.it\/#website"},"datePublished":"2009-10-21T21:17:21+00:00","dateModified":"2009-10-21T21:48:16+00:00","breadcrumb":{"@id":"https:\/\/www.bellunopress.it\/2009\/10\/21\/sabato-24-ottobre-giornata-dellavo-associazione-volontari-ospedalieri\/#breadcrumb"},"inLanguage":"fr-FR","potentialAction":[{"@type":"ReadAction","target":["https:\/\/www.bellunopress.it\/2009\/10\/21\/sabato-24-ottobre-giornata-dellavo-associazione-volontari-ospedalieri\/"]}]},{"@type":"BreadcrumbList","@id":"https:\/\/www.bellunopress.it\/2009\/10\/21\/sabato-24-ottobre-giornata-dellavo-associazione-volontari-ospedalieri\/#breadcrumb","itemListElement":[{"@type":"ListItem","position":1,"name":"Home","item":"https:\/\/www.bellunopress.it\/"},{"@type":"ListItem","position":2,"name":"Sabato 24 ottobre giornata dell&#8217;Avo, Associazione volontari ospedalieri"}]},{"@type":"WebSite","@id":"https:\/\/www.bellunopress.it\/#website","url":"https:\/\/www.bellunopress.it\/","name":"Bellunopress - Dolomiti","description":"e-mail: redazione@bellunopress.it","publisher":{"@id":"https:\/\/www.bellunopress.it\/#organization"},"potentialAction":[{"@type":"SearchAction","target":{"@type":"EntryPoint","urlTemplate":"https:\/\/www.bellunopress.it\/?s={search_term_string}"},"query-input":{"@type":"PropertyValueSpecification","valueRequired":true,"valueName":"search_term_string"}}],"inLanguage":"fr-FR"},{"@type":"Organization","@id":"https:\/\/www.bellunopress.it\/#organization","name":"Bellunopress","url":"https:\/\/www.bellunopress.it\/","logo":{"@type":"ImageObject","inLanguage":"fr-FR","@id":"https:\/\/www.bellunopress.it\/#\/schema\/logo\/image\/","url":"https:\/\/www.bellunopress.it\/wp-content\/uploads\/2011\/05\/cropped-logo-bellunopress-.jpg","contentUrl":"https:\/\/www.bellunopress.it\/wp-content\/uploads\/2011\/05\/cropped-logo-bellunopress-.jpg","width":512,"height":512,"caption":"Bellunopress"},"image":{"@id":"https:\/\/www.bellunopress.it\/#\/schema\/logo\/image\/"},"sameAs":["https:\/\/www.facebook.com\/profile.php?id=100008943462799","https:\/\/x.com\/bellunopress","https:\/\/www.linkedin.com\/hp\/?dnr=JBzUWaJfMUw8vbXJJ2tVW5-I3jZKvC4wsoxE&amp;amp;amp;amp;amp;amp;trk=nav_responsive_tab_home","https:\/\/www.youtube.com\/channel\/UCxL0wu1uN0_3_7hGG0306cw"]},{"@type":"Person","@id":"https:\/\/www.bellunopress.it\/#\/schema\/person\/79bb06722b37ece1c03d3e94beb30d73","name":"r\u00e9daction","image":{"@type":"ImageObject","inLanguage":"fr-FR","@id":"https:\/\/secure.gravatar.com\/avatar\/37d968a2e67a6fd04c169c4bdef102d0bc5d31b2546345219e348575eb80e9a0?s=96&d=mm&r=g","url":"https:\/\/secure.gravatar.com\/avatar\/37d968a2e67a6fd04c169c4bdef102d0bc5d31b2546345219e348575eb80e9a0?s=96&d=mm&r=g","contentUrl":"https:\/\/secure.gravatar.com\/avatar\/37d968a2e67a6fd04c169c4bdef102d0bc5d31b2546345219e348575eb80e9a0?s=96&d=mm&r=g","caption":"redazione"},"sameAs":["http:\/\/www.bellunopress.it","https:\/\/x.com\/bellunopress"],"url":"https:\/\/www.bellunopress.it\/fr\/author\/redazione\/"}]}},"_links":{"self":[{"href":"https:\/\/www.bellunopress.it\/fr\/wp-json\/wp\/v2\/posts\/9067","targetHints":{"allow":["GET"]}}],"collection":[{"href":"https:\/\/www.bellunopress.it\/fr\/wp-json\/wp\/v2\/posts"}],"about":[{"href":"https:\/\/www.bellunopress.it\/fr\/wp-json\/wp\/v2\/types\/post"}],"author":[{"embeddable":true,"href":"https:\/\/www.bellunopress.it\/fr\/wp-json\/wp\/v2\/users\/2"}],"replies":[{"embeddable":true,"href":"https:\/\/www.bellunopress.it\/fr\/wp-json\/wp\/v2\/comments?post=9067"}],"version-history":[{"count":2,"href":"https:\/\/www.bellunopress.it\/fr\/wp-json\/wp\/v2\/posts\/9067\/revisions"}],"predecessor-version":[{"id":9077,"href":"https:\/\/www.bellunopress.it\/fr\/wp-json\/wp\/v2\/posts\/9067\/revisions\/9077"}],"wp:attachment":[{"href":"https:\/\/www.bellunopress.it\/fr\/wp-json\/wp\/v2\/media?parent=9067"}],"wp:term":[{"taxonomy":"category","embeddable":true,"href":"https:\/\/www.bellunopress.it\/fr\/wp-json\/wp\/v2\/categories?post=9067"},{"taxonomy":"post_tag","embeddable":true,"href":"https:\/\/www.bellunopress.it\/fr\/wp-json\/wp\/v2\/tags?post=9067"}],"curies":[{"name":"wp","href":"https:\/\/api.w.org\/{rel}","templated":true}]}}