{"id":9056,"date":"2009-10-21T21:27:59","date_gmt":"2009-10-21T20:27:59","guid":{"rendered":"http:\/\/www.bellunopress.it\/?p=9056"},"modified":"2009-10-21T21:27:59","modified_gmt":"2009-10-21T20:27:59","slug":"primarie-pd-a-sostegno-della-candidatura-franceschini-e-causin","status":"publish","type":"post","link":"https:\/\/www.bellunopress.it\/fr\/2009\/10\/21\/primarie-pd-a-sostegno-della-candidatura-franceschini-e-causin\/","title":{"rendered":"Primarie Pd: a sostegno della candidatura Franceschini e Causin"},"content":{"rendered":"<p>Abbiamo deciso, accettando la candidatura nella lista\u00a0 \u201cCon Debora Serrachiani Semplicemente Democratici per FRANCESCHINI e CAUSIN \u201c , di metterci la\u00a0 faccia perch\u00e9 siamo fortemente preoccupati per il clima che si sta\u00a0 diffondendo in questo paese.<br \/>\n\u00a0\u00a0 Un clima\u00a0 di assuefazione generale che ci\u00a0 porta ad accettare come normale qualsiasi\u00a0 comportamento pubblico, qualsiasi tipo di menzogna e qualsiasi demagogia populista.<br \/>\n\u00a0 Non crediamo per\u00f2 che\u00a0 eviteremmo questa deriva\u00a0 confidando solo nelle traversie giudiziarie di Silvio Berlusconi dimenticandoci dei\u00a0 nostri errori.\u00a0 Siamo convinti che molte delle responsabilit\u00e0\u00a0 di questa situazione, siano anche da imputare ad una classe dirigente del Centro Sinistra incapace di emanciparsi dalle doppiezze e dal populismo di una certa politica da Prima Repubblica.<br \/>\n\u00a0\u00a0\u00a0 Il Partito Democratico ha rappresentato per molti di noi una speranza di nuovi orizzonti\u00a0 dove praticare con modernit\u00e0 i nostri valori di Solidariet\u00e0, Uguaglianza, Sicurezza Sociale.\u00a0 E\u2019 stata per\u00f2\u00a0 una speranza fino ad oggi delusa perch\u00e9, per sconfiggere il Berlusconismo, abbiamo bisogno di una politica che\u00a0 richiede un\u2019azione trasparente, un progetto chiaro e una leadership forte.<br \/>\n\u00a0\u00a0 Tra i tre pretendenti alla carica di segretario (tutti di\u00a0 qualit\u00e0 e di capacit\u00e0), crediamo che Franceschini , sostenuto dalla lista Semplicemente Democratici,\u00a0 abbia la maggior\u00a0 determinazione e forza\u00a0 :<br \/>\n\u00a0\uf0b7\u00a0Per colpire gli interessi costituiti dentro il\u00a0 partito,<br \/>\n\uf0b7\u00a0Per emarginare gli oligarchi,<br \/>\n\uf0b7\u00a0Per dedicarsi al radicamento del partito reclutando e promuovendo chi vuole e sa fare politica (una qualit\u00e0 non generazionale).<br \/>\n\u00a0\u00a0\u00a0\u00a0 Le idee politiche camminano sulle gambe dell\u2019organizzazione e delle persone che sono disposte, almeno per una parte della loro vita, a rischiare e non a fare compromessi.\u00a0<br \/>\n\u00a0\u00a0\u00a0 Il nostro impegno, se saremmo eletti negli organismi del Partito Democratico,\u00a0 sar\u00e0 rivolto al potenziamento di un codice politico, condiviso si, ma che garantisca\u00a0<br \/>\n\u00a01.\u00a0Democrazia interna e ricambio nella classe dirigente\u00a0<br \/>\n2.\u00a0Un partito\u00a0 aperto e\u00a0 non chiuso a pochi intimi\u00a0\u00a0\u00a0 che non hanno nessun interesse a partecipare ad un libero confronto\u00a0 sulle idee<br \/>\n3.\u00a0Un partito che sappia ascoltare\u00a0 gli elettori del territorio senza la paura di affrontare problematiche quali<br \/>\nLa Legalit\u00e0\u00a0 che deve essere un nostro tema in quanto presupposto di qualsiasi\u00a0\u00a0\u00a0 Solidariet\u00e0<br \/>\n\u00a0Il merito, anche questo un nostro valore in quanto presupposto di reali pari opportunit\u00e0, ovvero la traduzione moderna del valore dell\u2019 Uguaglianza<br \/>\n\u00a0La Responsabilit\u00e0\u00a0 di tutti nell\u2019esercizio delle proprie funzioni, presupposto di una classe Dirigente\u00a0 che non porti allo sfascio l\u2019Unit\u00e0 del paese. ( Per intenderci \u201cCosti Standard su tutto il territorio nazionale per quanto riguarda la spesa pubblica e chiare individuazioni di\u00a0 responsabilit\u00e0 laddove i costi standard non\u00a0 fossero rispettati )<br \/>\n\u00a0L\u2019integrazione sociale\u00a0\u00a0 presupposto\u00a0 indispensabile per rispondere\u00a0 alla pressante richiesta di\u00a0 Sicurezza\u00a0\u00a0 che\u00a0 molti nostri elettori\u00a0 ci chiedono ma che lasciamo soli con le paure distillate ad arte dai demagoghi di professione.<br \/>\n\u00a0<br \/>\n\u00a0\u00a0\u00a0\u00a0\u00a0\u00a0\u00a0\u00a0\u00a0\u00a0\u00a0\u00a0\u00a0\u00a0\u00a0\u00a0\u00a0\u00a0\u00a0 Tatiana Pais Becher<br \/>\n\u00a0\u00a0\u00a0\u00a0\u00a0\u00a0\u00a0\u00a0\u00a0\u00a0\u00a0\u00a0\u00a0\u00a0\u00a0\u00a0\u00a0\u00a0\u00a0\u00a0\u00a0\u00a0\u00a0\u00a0\u00a0\u00a0<br \/>\n\u00a0\u00a0\u00a0\u00a0\u00a0\u00a0\u00a0\u00a0\u00a0\u00a0\u00a0\u00a0\u00a0\u00a0\u00a0\u00a0\u00a0\u00a0\u00a0 Cattaruzza\u00a0 Alfredo<\/p>","protected":false},"excerpt":{"rendered":"<p>Abbiamo deciso, accettando la candidatura nella lista\u00a0 \u201cCon Debora Serrachiani Semplicemente Democratici per FRANCESCHINI e CAUSIN \u201c , di metterci la\u00a0 faccia perch\u00e9 siamo fortemente preoccupati per il clima che si sta\u00a0 diffondendo in questo paese. \u00a0\u00a0 Un clima\u00a0 di assuefazione generale che ci\u00a0 porta ad accettare come normale qualsiasi\u00a0 comportamento pubblico, qualsiasi tipo di [&hellip;]<\/p>\n","protected":false},"author":2,"featured_media":0,"comment_status":"closed","ping_status":"open","sticky":false,"template":"","format":"standard","meta":{"footnotes":""},"categories":[1],"tags":[],"class_list":["post-9056","post","type-post","status-publish","format-standard","category-leo"],"yoast_head":"<!-- This site is optimized with the Yoast SEO plugin v28.4 - https:\/\/yoast.com\/product\/yoast-seo-wordpress\/ -->\n<title>Primarie Pd: a sostegno della candidatura Franceschini e Causin - Bellunopress - Dolomiti<\/title>\n<meta name=\"robots\" content=\"index, follow, max-snippet:-1, max-image-preview:large, max-video-preview:-1\" \/>\n<link rel=\"canonical\" href=\"https:\/\/www.bellunopress.it\/fr\/2009\/10\/21\/primarie-pd-a-sostegno-della-candidatura-franceschini-e-causin\/\" \/>\n<meta property=\"og:locale\" content=\"fr_FR\" \/>\n<meta property=\"og:type\" content=\"article\" \/>\n<meta property=\"og:title\" content=\"Primarie Pd: a sostegno della candidatura Franceschini e Causin - Bellunopress - Dolomiti\" \/>\n<meta property=\"og:description\" content=\"Abbiamo deciso, accettando la candidatura nella lista\u00a0 \u201cCon Debora Serrachiani Semplicemente Democratici per FRANCESCHINI e CAUSIN \u201c , di metterci la\u00a0 faccia perch\u00e9 siamo fortemente preoccupati per il clima che si sta\u00a0 diffondendo in questo paese. \u00a0\u00a0 Un clima\u00a0 di assuefazione generale che ci\u00a0 porta ad accettare come normale qualsiasi\u00a0 comportamento pubblico, qualsiasi tipo di [&hellip;]\" \/>\n<meta property=\"og:url\" content=\"https:\/\/www.bellunopress.it\/fr\/2009\/10\/21\/primarie-pd-a-sostegno-della-candidatura-franceschini-e-causin\/\" \/>\n<meta property=\"og:site_name\" content=\"Bellunopress - Dolomiti\" \/>\n<meta property=\"article:publisher\" content=\"https:\/\/www.facebook.com\/profile.php?id=100008943462799\" \/>\n<meta property=\"article:published_time\" content=\"2009-10-21T20:27:59+00:00\" \/>\n<meta property=\"og:image\" content=\"http:\/\/www.bellunopress.it\/wp-content\/uploads\/2012\/07\/logo-bellunopress-250x250-2012.jpg\" \/>\n<meta name=\"author\" content=\"redazione\" \/>\n<meta name=\"twitter:card\" content=\"summary_large_image\" \/>\n<meta name=\"twitter:creator\" content=\"@bellunopress\" \/>\n<meta name=\"twitter:site\" content=\"@bellunopress\" \/>\n<meta name=\"twitter:label1\" content=\"\u00c9crit par\" \/>\n\t<meta name=\"twitter:data1\" content=\"redazione\" \/>\n\t<meta name=\"twitter:label2\" content=\"Dur\u00e9e de lecture estim\u00e9e\" \/>\n\t<meta name=\"twitter:data2\" content=\"2 minutes\" \/>\n<script type=\"application\/ld+json\" class=\"yoast-schema-graph\">{\"@context\":\"https:\\\/\\\/schema.org\",\"@graph\":[{\"@type\":\"Article\",\"@id\":\"https:\\\/\\\/www.bellunopress.it\\\/2009\\\/10\\\/21\\\/primarie-pd-a-sostegno-della-candidatura-franceschini-e-causin\\\/#article\",\"isPartOf\":{\"@id\":\"https:\\\/\\\/www.bellunopress.it\\\/2009\\\/10\\\/21\\\/primarie-pd-a-sostegno-della-candidatura-franceschini-e-causin\\\/\"},\"author\":{\"name\":\"redazione\",\"@id\":\"https:\\\/\\\/www.bellunopress.it\\\/#\\\/schema\\\/person\\\/79bb06722b37ece1c03d3e94beb30d73\"},\"headline\":\"Primarie Pd: a sostegno della candidatura Franceschini e Causin\",\"datePublished\":\"2009-10-21T20:27:59+00:00\",\"mainEntityOfPage\":{\"@id\":\"https:\\\/\\\/www.bellunopress.it\\\/2009\\\/10\\\/21\\\/primarie-pd-a-sostegno-della-candidatura-franceschini-e-causin\\\/\"},\"wordCount\":456,\"publisher\":{\"@id\":\"https:\\\/\\\/www.bellunopress.it\\\/#organization\"},\"articleSection\":[\"Lettere Opinioni\"],\"inLanguage\":\"fr-FR\"},{\"@type\":\"WebPage\",\"@id\":\"https:\\\/\\\/www.bellunopress.it\\\/2009\\\/10\\\/21\\\/primarie-pd-a-sostegno-della-candidatura-franceschini-e-causin\\\/\",\"url\":\"https:\\\/\\\/www.bellunopress.it\\\/2009\\\/10\\\/21\\\/primarie-pd-a-sostegno-della-candidatura-franceschini-e-causin\\\/\",\"name\":\"Primarie Pd: a sostegno della candidatura Franceschini e Causin - Bellunopress - Dolomiti\",\"isPartOf\":{\"@id\":\"https:\\\/\\\/www.bellunopress.it\\\/#website\"},\"datePublished\":\"2009-10-21T20:27:59+00:00\",\"breadcrumb\":{\"@id\":\"https:\\\/\\\/www.bellunopress.it\\\/2009\\\/10\\\/21\\\/primarie-pd-a-sostegno-della-candidatura-franceschini-e-causin\\\/#breadcrumb\"},\"inLanguage\":\"fr-FR\",\"potentialAction\":[{\"@type\":\"ReadAction\",\"target\":[\"https:\\\/\\\/www.bellunopress.it\\\/2009\\\/10\\\/21\\\/primarie-pd-a-sostegno-della-candidatura-franceschini-e-causin\\\/\"]}]},{\"@type\":\"BreadcrumbList\",\"@id\":\"https:\\\/\\\/www.bellunopress.it\\\/2009\\\/10\\\/21\\\/primarie-pd-a-sostegno-della-candidatura-franceschini-e-causin\\\/#breadcrumb\",\"itemListElement\":[{\"@type\":\"ListItem\",\"position\":1,\"name\":\"Home\",\"item\":\"https:\\\/\\\/www.bellunopress.it\\\/\"},{\"@type\":\"ListItem\",\"position\":2,\"name\":\"Primarie Pd: a sostegno della candidatura Franceschini e Causin\"}]},{\"@type\":\"WebSite\",\"@id\":\"https:\\\/\\\/www.bellunopress.it\\\/#website\",\"url\":\"https:\\\/\\\/www.bellunopress.it\\\/\",\"name\":\"Bellunopress - Dolomiti\",\"description\":\"e-mail: redazione@bellunopress.it\",\"publisher\":{\"@id\":\"https:\\\/\\\/www.bellunopress.it\\\/#organization\"},\"potentialAction\":[{\"@type\":\"SearchAction\",\"target\":{\"@type\":\"EntryPoint\",\"urlTemplate\":\"https:\\\/\\\/www.bellunopress.it\\\/?s={search_term_string}\"},\"query-input\":{\"@type\":\"PropertyValueSpecification\",\"valueRequired\":true,\"valueName\":\"search_term_string\"}}],\"inLanguage\":\"fr-FR\"},{\"@type\":\"Organization\",\"@id\":\"https:\\\/\\\/www.bellunopress.it\\\/#organization\",\"name\":\"Bellunopress\",\"url\":\"https:\\\/\\\/www.bellunopress.it\\\/\",\"logo\":{\"@type\":\"ImageObject\",\"inLanguage\":\"fr-FR\",\"@id\":\"https:\\\/\\\/www.bellunopress.it\\\/#\\\/schema\\\/logo\\\/image\\\/\",\"url\":\"https:\\\/\\\/www.bellunopress.it\\\/wp-content\\\/uploads\\\/2011\\\/05\\\/cropped-logo-bellunopress-.jpg\",\"contentUrl\":\"https:\\\/\\\/www.bellunopress.it\\\/wp-content\\\/uploads\\\/2011\\\/05\\\/cropped-logo-bellunopress-.jpg\",\"width\":512,\"height\":512,\"caption\":\"Bellunopress\"},\"image\":{\"@id\":\"https:\\\/\\\/www.bellunopress.it\\\/#\\\/schema\\\/logo\\\/image\\\/\"},\"sameAs\":[\"https:\\\/\\\/www.facebook.com\\\/profile.php?id=100008943462799\",\"https:\\\/\\\/x.com\\\/bellunopress\",\"https:\\\/\\\/www.linkedin.com\\\/hp\\\/?dnr=JBzUWaJfMUw8vbXJJ2tVW5-I3jZKvC4wsoxE&amp;amp;amp;amp;amp;amp;trk=nav_responsive_tab_home\",\"https:\\\/\\\/www.youtube.com\\\/channel\\\/UCxL0wu1uN0_3_7hGG0306cw\"]},{\"@type\":\"Person\",\"@id\":\"https:\\\/\\\/www.bellunopress.it\\\/#\\\/schema\\\/person\\\/79bb06722b37ece1c03d3e94beb30d73\",\"name\":\"redazione\",\"image\":{\"@type\":\"ImageObject\",\"inLanguage\":\"fr-FR\",\"@id\":\"https:\\\/\\\/secure.gravatar.com\\\/avatar\\\/37d968a2e67a6fd04c169c4bdef102d0bc5d31b2546345219e348575eb80e9a0?s=96&d=mm&r=g\",\"url\":\"https:\\\/\\\/secure.gravatar.com\\\/avatar\\\/37d968a2e67a6fd04c169c4bdef102d0bc5d31b2546345219e348575eb80e9a0?s=96&d=mm&r=g\",\"contentUrl\":\"https:\\\/\\\/secure.gravatar.com\\\/avatar\\\/37d968a2e67a6fd04c169c4bdef102d0bc5d31b2546345219e348575eb80e9a0?s=96&d=mm&r=g\",\"caption\":\"redazione\"},\"sameAs\":[\"http:\\\/\\\/www.bellunopress.it\",\"https:\\\/\\\/x.com\\\/bellunopress\"],\"url\":\"https:\\\/\\\/www.bellunopress.it\\\/fr\\\/author\\\/redazione\\\/\"}]}<\/script>\n<!-- \/ Yoast SEO plugin. -->","yoast_head_json":{"title":"Primarie Pd: a sostegno della candidatura Franceschini e Causin - Bellunopress - Dolomiti","robots":{"index":"index","follow":"follow","max-snippet":"max-snippet:-1","max-image-preview":"max-image-preview:large","max-video-preview":"max-video-preview:-1"},"canonical":"https:\/\/www.bellunopress.it\/fr\/2009\/10\/21\/primarie-pd-a-sostegno-della-candidatura-franceschini-e-causin\/","og_locale":"fr_FR","og_type":"article","og_title":"Primarie Pd: a sostegno della candidatura Franceschini e Causin - Bellunopress - Dolomiti","og_description":"Abbiamo deciso, accettando la candidatura nella lista\u00a0 \u201cCon Debora Serrachiani Semplicemente Democratici per FRANCESCHINI e CAUSIN \u201c , di metterci la\u00a0 faccia perch\u00e9 siamo fortemente preoccupati per il clima che si sta\u00a0 diffondendo in questo paese. \u00a0\u00a0 Un clima\u00a0 di assuefazione generale che ci\u00a0 porta ad accettare come normale qualsiasi\u00a0 comportamento pubblico, qualsiasi tipo di [&hellip;]","og_url":"https:\/\/www.bellunopress.it\/fr\/2009\/10\/21\/primarie-pd-a-sostegno-della-candidatura-franceschini-e-causin\/","og_site_name":"Bellunopress - Dolomiti","article_publisher":"https:\/\/www.facebook.com\/profile.php?id=100008943462799","article_published_time":"2009-10-21T20:27:59+00:00","og_image":[{"url":"http:\/\/www.bellunopress.it\/wp-content\/uploads\/2012\/07\/logo-bellunopress-250x250-2012.jpg","type":"","width":"","height":""}],"author":"redazione","twitter_card":"summary_large_image","twitter_creator":"@bellunopress","twitter_site":"@bellunopress","twitter_misc":{"\u00c9crit par":"redazione","Dur\u00e9e de lecture estim\u00e9e":"2 minutes"},"schema":{"@context":"https:\/\/schema.org","@graph":[{"@type":"Article","@id":"https:\/\/www.bellunopress.it\/2009\/10\/21\/primarie-pd-a-sostegno-della-candidatura-franceschini-e-causin\/#article","isPartOf":{"@id":"https:\/\/www.bellunopress.it\/2009\/10\/21\/primarie-pd-a-sostegno-della-candidatura-franceschini-e-causin\/"},"author":{"name":"redazione","@id":"https:\/\/www.bellunopress.it\/#\/schema\/person\/79bb06722b37ece1c03d3e94beb30d73"},"headline":"Primarie Pd: a sostegno della candidatura Franceschini e Causin","datePublished":"2009-10-21T20:27:59+00:00","mainEntityOfPage":{"@id":"https:\/\/www.bellunopress.it\/2009\/10\/21\/primarie-pd-a-sostegno-della-candidatura-franceschini-e-causin\/"},"wordCount":456,"publisher":{"@id":"https:\/\/www.bellunopress.it\/#organization"},"articleSection":["Lettere Opinioni"],"inLanguage":"fr-FR"},{"@type":"WebPage","@id":"https:\/\/www.bellunopress.it\/2009\/10\/21\/primarie-pd-a-sostegno-della-candidatura-franceschini-e-causin\/","url":"https:\/\/www.bellunopress.it\/2009\/10\/21\/primarie-pd-a-sostegno-della-candidatura-franceschini-e-causin\/","name":"Primarie Pd: a sostegno della candidatura Franceschini e Causin - Bellunopress - Dolomiti","isPartOf":{"@id":"https:\/\/www.bellunopress.it\/#website"},"datePublished":"2009-10-21T20:27:59+00:00","breadcrumb":{"@id":"https:\/\/www.bellunopress.it\/2009\/10\/21\/primarie-pd-a-sostegno-della-candidatura-franceschini-e-causin\/#breadcrumb"},"inLanguage":"fr-FR","potentialAction":[{"@type":"ReadAction","target":["https:\/\/www.bellunopress.it\/2009\/10\/21\/primarie-pd-a-sostegno-della-candidatura-franceschini-e-causin\/"]}]},{"@type":"BreadcrumbList","@id":"https:\/\/www.bellunopress.it\/2009\/10\/21\/primarie-pd-a-sostegno-della-candidatura-franceschini-e-causin\/#breadcrumb","itemListElement":[{"@type":"ListItem","position":1,"name":"Home","item":"https:\/\/www.bellunopress.it\/"},{"@type":"ListItem","position":2,"name":"Primarie Pd: a sostegno della candidatura Franceschini e Causin"}]},{"@type":"WebSite","@id":"https:\/\/www.bellunopress.it\/#website","url":"https:\/\/www.bellunopress.it\/","name":"Bellunopress - Dolomiti","description":"e-mail: redazione@bellunopress.it","publisher":{"@id":"https:\/\/www.bellunopress.it\/#organization"},"potentialAction":[{"@type":"SearchAction","target":{"@type":"EntryPoint","urlTemplate":"https:\/\/www.bellunopress.it\/?s={search_term_string}"},"query-input":{"@type":"PropertyValueSpecification","valueRequired":true,"valueName":"search_term_string"}}],"inLanguage":"fr-FR"},{"@type":"Organization","@id":"https:\/\/www.bellunopress.it\/#organization","name":"Bellunopress","url":"https:\/\/www.bellunopress.it\/","logo":{"@type":"ImageObject","inLanguage":"fr-FR","@id":"https:\/\/www.bellunopress.it\/#\/schema\/logo\/image\/","url":"https:\/\/www.bellunopress.it\/wp-content\/uploads\/2011\/05\/cropped-logo-bellunopress-.jpg","contentUrl":"https:\/\/www.bellunopress.it\/wp-content\/uploads\/2011\/05\/cropped-logo-bellunopress-.jpg","width":512,"height":512,"caption":"Bellunopress"},"image":{"@id":"https:\/\/www.bellunopress.it\/#\/schema\/logo\/image\/"},"sameAs":["https:\/\/www.facebook.com\/profile.php?id=100008943462799","https:\/\/x.com\/bellunopress","https:\/\/www.linkedin.com\/hp\/?dnr=JBzUWaJfMUw8vbXJJ2tVW5-I3jZKvC4wsoxE&amp;amp;amp;amp;amp;amp;trk=nav_responsive_tab_home","https:\/\/www.youtube.com\/channel\/UCxL0wu1uN0_3_7hGG0306cw"]},{"@type":"Person","@id":"https:\/\/www.bellunopress.it\/#\/schema\/person\/79bb06722b37ece1c03d3e94beb30d73","name":"r\u00e9daction","image":{"@type":"ImageObject","inLanguage":"fr-FR","@id":"https:\/\/secure.gravatar.com\/avatar\/37d968a2e67a6fd04c169c4bdef102d0bc5d31b2546345219e348575eb80e9a0?s=96&d=mm&r=g","url":"https:\/\/secure.gravatar.com\/avatar\/37d968a2e67a6fd04c169c4bdef102d0bc5d31b2546345219e348575eb80e9a0?s=96&d=mm&r=g","contentUrl":"https:\/\/secure.gravatar.com\/avatar\/37d968a2e67a6fd04c169c4bdef102d0bc5d31b2546345219e348575eb80e9a0?s=96&d=mm&r=g","caption":"redazione"},"sameAs":["http:\/\/www.bellunopress.it","https:\/\/x.com\/bellunopress"],"url":"https:\/\/www.bellunopress.it\/fr\/author\/redazione\/"}]}},"_links":{"self":[{"href":"https:\/\/www.bellunopress.it\/fr\/wp-json\/wp\/v2\/posts\/9056","targetHints":{"allow":["GET"]}}],"collection":[{"href":"https:\/\/www.bellunopress.it\/fr\/wp-json\/wp\/v2\/posts"}],"about":[{"href":"https:\/\/www.bellunopress.it\/fr\/wp-json\/wp\/v2\/types\/post"}],"author":[{"embeddable":true,"href":"https:\/\/www.bellunopress.it\/fr\/wp-json\/wp\/v2\/users\/2"}],"replies":[{"embeddable":true,"href":"https:\/\/www.bellunopress.it\/fr\/wp-json\/wp\/v2\/comments?post=9056"}],"version-history":[{"count":1,"href":"https:\/\/www.bellunopress.it\/fr\/wp-json\/wp\/v2\/posts\/9056\/revisions"}],"predecessor-version":[{"id":9057,"href":"https:\/\/www.bellunopress.it\/fr\/wp-json\/wp\/v2\/posts\/9056\/revisions\/9057"}],"wp:attachment":[{"href":"https:\/\/www.bellunopress.it\/fr\/wp-json\/wp\/v2\/media?parent=9056"}],"wp:term":[{"taxonomy":"category","embeddable":true,"href":"https:\/\/www.bellunopress.it\/fr\/wp-json\/wp\/v2\/categories?post=9056"},{"taxonomy":"post_tag","embeddable":true,"href":"https:\/\/www.bellunopress.it\/fr\/wp-json\/wp\/v2\/tags?post=9056"}],"curies":[{"name":"wp","href":"https:\/\/api.w.org\/{rel}","templated":true}]}}