{"id":9007,"date":"2009-10-19T21:45:15","date_gmt":"2009-10-19T20:45:15","guid":{"rendered":"http:\/\/www.bellunopress.it\/?p=9007"},"modified":"2009-10-19T21:45:15","modified_gmt":"2009-10-19T20:45:15","slug":"renzo-zampieri-nuovo-presidente-della-fondazione-humanitas-di-belluno","status":"publish","type":"post","link":"https:\/\/www.bellunopress.it\/fr\/2009\/10\/19\/renzo-zampieri-nuovo-presidente-della-fondazione-humanitas-di-belluno\/","title":{"rendered":"Renzo Zampieri nuovo presidente della Fondazione Humanitas di Belluno"},"content":{"rendered":"<p>Renzo Zampieri \u00e8 il nuovo presidente della Fondazione Humanitas Belluno Onlus. La carica gli \u00e8 stata conferita dal Consiglio di amministrazione, riunitosi venerd\u00ec scorso, 16 ottobre. Renzo Zampieri, coordinatore della Lilt bellunese, \u00e8 stato nominato dal Comitato d\u2019Intesa di Belluno, socio della Fondazione con i 51 Comuni della Conferenza dei Sindaci dell\u2019Ulss 1 di Belluno, l\u2019Azienda Ulss 1 bellunese e Banca Etica . Vicepresidente \u00e8 stato nominato Angelo Paganin, assessore al sociale del Comune di Belluno, nominato dal Comitato del Distretto III dell\u2019Ulss 1 di Belluno. Fanno parte del Consiglio di amministrazione anche Mario Manfreda, sindaco di Lozzo di Cadore in rappresentanza del Comitato di Distretto 1 dell\u2019Ulss 1, Sisto Da Roit, vicesindaco di Agordo nominato dal Comitato di Distretto II dell\u2019Ulss 1, Piergiorgio Facchin di nomina Ulss e Maurizio Bertipaglia di Banca Etica. Presidente del Collegio dei Revisori dei conti rimane Mario Leonardi. Il Consiglio di amministrazione della Fondazione Humanitas ha provveduto ad approvare il bilancio di previsione 2009 e ha voluto ringraziare il presidente uscente Edi Fontana. La Fondazione Humanitas \u00e8 nata nel 1999 con l\u2019obiettivo di creare sinergie tra pubblico, privato e non profit nella gestione delle problematiche della terza et\u00e0. Dopo alcuni anni di inattivit\u00e0 e un periodo di riflessione, ora intende dare nuova linfa alla sua operativit\u00e0, cercando di allargarsi ad altri Enti della provincia di Belluno ed estendere le proprie finalit\u00e0 non solo alle problematiche della Terza et\u00e0 ma anche alle altre aree dei servizi alla persona. In particolare, diventare partner importante nella costruzione del \u201cPolo integrato Servizi alla persona con disabilit\u00e0\u201d in fase di realizzazione presso la ex Casa del Sole di Ponte nelle Alpi, partecipandovi direttamente con il suo patrimonio economico di circa 300.000 euro.<\/p>","protected":false},"excerpt":{"rendered":"<p>Renzo Zampieri \u00e8 il nuovo presidente della Fondazione Humanitas Belluno Onlus. La carica gli \u00e8 stata conferita dal Consiglio di amministrazione, riunitosi venerd\u00ec scorso, 16 ottobre. Renzo Zampieri, coordinatore della Lilt bellunese, \u00e8 stato nominato dal Comitato d\u2019Intesa di Belluno, socio della Fondazione con i 51 Comuni della Conferenza dei Sindaci dell\u2019Ulss 1 di Belluno, [&hellip;]<\/p>\n","protected":false},"author":2,"featured_media":0,"comment_status":"closed","ping_status":"open","sticky":false,"template":"","format":"standard","meta":{"footnotes":""},"categories":[1],"tags":[139,151],"class_list":["post-9007","post","type-post","status-publish","format-standard","category-leo","tag-belluno","tag-cadore"],"yoast_head":"<!-- This site is optimized with the Yoast SEO plugin v28.4 - https:\/\/yoast.com\/product\/yoast-seo-wordpress\/ -->\n<title>Renzo Zampieri nuovo presidente della Fondazione Humanitas di Belluno  - Bellunopress - Dolomiti<\/title>\n<meta name=\"robots\" content=\"index, follow, max-snippet:-1, max-image-preview:large, max-video-preview:-1\" \/>\n<link rel=\"canonical\" href=\"https:\/\/www.bellunopress.it\/fr\/2009\/10\/19\/renzo-zampieri-nuovo-presidente-della-fondazione-humanitas-di-belluno\/\" \/>\n<meta property=\"og:locale\" content=\"fr_FR\" \/>\n<meta property=\"og:type\" content=\"article\" \/>\n<meta property=\"og:title\" content=\"Renzo Zampieri nuovo presidente della Fondazione Humanitas di Belluno  - Bellunopress - Dolomiti\" \/>\n<meta property=\"og:description\" content=\"Renzo Zampieri \u00e8 il nuovo presidente della Fondazione Humanitas Belluno Onlus. La carica gli \u00e8 stata conferita dal Consiglio di amministrazione, riunitosi venerd\u00ec scorso, 16 ottobre. Renzo Zampieri, coordinatore della Lilt bellunese, \u00e8 stato nominato dal Comitato d\u2019Intesa di Belluno, socio della Fondazione con i 51 Comuni della Conferenza dei Sindaci dell\u2019Ulss 1 di Belluno, [&hellip;]\" \/>\n<meta property=\"og:url\" content=\"https:\/\/www.bellunopress.it\/fr\/2009\/10\/19\/renzo-zampieri-nuovo-presidente-della-fondazione-humanitas-di-belluno\/\" \/>\n<meta property=\"og:site_name\" content=\"Bellunopress - Dolomiti\" \/>\n<meta property=\"article:publisher\" content=\"https:\/\/www.facebook.com\/profile.php?id=100008943462799\" \/>\n<meta property=\"article:published_time\" content=\"2009-10-19T20:45:15+00:00\" \/>\n<meta property=\"og:image\" content=\"http:\/\/www.bellunopress.it\/wp-content\/uploads\/2012\/07\/logo-bellunopress-250x250-2012.jpg\" \/>\n<meta name=\"author\" content=\"redazione\" \/>\n<meta name=\"twitter:card\" content=\"summary_large_image\" \/>\n<meta name=\"twitter:creator\" content=\"@bellunopress\" \/>\n<meta name=\"twitter:site\" content=\"@bellunopress\" \/>\n<meta name=\"twitter:label1\" content=\"\u00c9crit par\" \/>\n\t<meta name=\"twitter:data1\" content=\"redazione\" \/>\n\t<meta name=\"twitter:label2\" content=\"Dur\u00e9e de lecture estim\u00e9e\" \/>\n\t<meta name=\"twitter:data2\" content=\"1 minute\" \/>\n<script type=\"application\/ld+json\" class=\"yoast-schema-graph\">{\"@context\":\"https:\\\/\\\/schema.org\",\"@graph\":[{\"@type\":\"Article\",\"@id\":\"https:\\\/\\\/www.bellunopress.it\\\/2009\\\/10\\\/19\\\/renzo-zampieri-nuovo-presidente-della-fondazione-humanitas-di-belluno\\\/#article\",\"isPartOf\":{\"@id\":\"https:\\\/\\\/www.bellunopress.it\\\/2009\\\/10\\\/19\\\/renzo-zampieri-nuovo-presidente-della-fondazione-humanitas-di-belluno\\\/\"},\"author\":{\"name\":\"redazione\",\"@id\":\"https:\\\/\\\/www.bellunopress.it\\\/#\\\/schema\\\/person\\\/79bb06722b37ece1c03d3e94beb30d73\"},\"headline\":\"Renzo Zampieri nuovo presidente della Fondazione Humanitas di Belluno\",\"datePublished\":\"2009-10-19T20:45:15+00:00\",\"mainEntityOfPage\":{\"@id\":\"https:\\\/\\\/www.bellunopress.it\\\/2009\\\/10\\\/19\\\/renzo-zampieri-nuovo-presidente-della-fondazione-humanitas-di-belluno\\\/\"},\"wordCount\":282,\"publisher\":{\"@id\":\"https:\\\/\\\/www.bellunopress.it\\\/#organization\"},\"keywords\":[\"Belluno\",\"Cadore\"],\"articleSection\":[\"Lettere Opinioni\"],\"inLanguage\":\"fr-FR\"},{\"@type\":\"WebPage\",\"@id\":\"https:\\\/\\\/www.bellunopress.it\\\/2009\\\/10\\\/19\\\/renzo-zampieri-nuovo-presidente-della-fondazione-humanitas-di-belluno\\\/\",\"url\":\"https:\\\/\\\/www.bellunopress.it\\\/2009\\\/10\\\/19\\\/renzo-zampieri-nuovo-presidente-della-fondazione-humanitas-di-belluno\\\/\",\"name\":\"Renzo Zampieri nuovo presidente della Fondazione Humanitas di Belluno - Bellunopress - Dolomiti\",\"isPartOf\":{\"@id\":\"https:\\\/\\\/www.bellunopress.it\\\/#website\"},\"datePublished\":\"2009-10-19T20:45:15+00:00\",\"breadcrumb\":{\"@id\":\"https:\\\/\\\/www.bellunopress.it\\\/2009\\\/10\\\/19\\\/renzo-zampieri-nuovo-presidente-della-fondazione-humanitas-di-belluno\\\/#breadcrumb\"},\"inLanguage\":\"fr-FR\",\"potentialAction\":[{\"@type\":\"ReadAction\",\"target\":[\"https:\\\/\\\/www.bellunopress.it\\\/2009\\\/10\\\/19\\\/renzo-zampieri-nuovo-presidente-della-fondazione-humanitas-di-belluno\\\/\"]}]},{\"@type\":\"BreadcrumbList\",\"@id\":\"https:\\\/\\\/www.bellunopress.it\\\/2009\\\/10\\\/19\\\/renzo-zampieri-nuovo-presidente-della-fondazione-humanitas-di-belluno\\\/#breadcrumb\",\"itemListElement\":[{\"@type\":\"ListItem\",\"position\":1,\"name\":\"Home\",\"item\":\"https:\\\/\\\/www.bellunopress.it\\\/\"},{\"@type\":\"ListItem\",\"position\":2,\"name\":\"Renzo Zampieri nuovo presidente della Fondazione Humanitas di Belluno\"}]},{\"@type\":\"WebSite\",\"@id\":\"https:\\\/\\\/www.bellunopress.it\\\/#website\",\"url\":\"https:\\\/\\\/www.bellunopress.it\\\/\",\"name\":\"Bellunopress - Dolomiti\",\"description\":\"e-mail: redazione@bellunopress.it\",\"publisher\":{\"@id\":\"https:\\\/\\\/www.bellunopress.it\\\/#organization\"},\"potentialAction\":[{\"@type\":\"SearchAction\",\"target\":{\"@type\":\"EntryPoint\",\"urlTemplate\":\"https:\\\/\\\/www.bellunopress.it\\\/?s={search_term_string}\"},\"query-input\":{\"@type\":\"PropertyValueSpecification\",\"valueRequired\":true,\"valueName\":\"search_term_string\"}}],\"inLanguage\":\"fr-FR\"},{\"@type\":\"Organization\",\"@id\":\"https:\\\/\\\/www.bellunopress.it\\\/#organization\",\"name\":\"Bellunopress\",\"url\":\"https:\\\/\\\/www.bellunopress.it\\\/\",\"logo\":{\"@type\":\"ImageObject\",\"inLanguage\":\"fr-FR\",\"@id\":\"https:\\\/\\\/www.bellunopress.it\\\/#\\\/schema\\\/logo\\\/image\\\/\",\"url\":\"https:\\\/\\\/www.bellunopress.it\\\/wp-content\\\/uploads\\\/2011\\\/05\\\/cropped-logo-bellunopress-.jpg\",\"contentUrl\":\"https:\\\/\\\/www.bellunopress.it\\\/wp-content\\\/uploads\\\/2011\\\/05\\\/cropped-logo-bellunopress-.jpg\",\"width\":512,\"height\":512,\"caption\":\"Bellunopress\"},\"image\":{\"@id\":\"https:\\\/\\\/www.bellunopress.it\\\/#\\\/schema\\\/logo\\\/image\\\/\"},\"sameAs\":[\"https:\\\/\\\/www.facebook.com\\\/profile.php?id=100008943462799\",\"https:\\\/\\\/x.com\\\/bellunopress\",\"https:\\\/\\\/www.linkedin.com\\\/hp\\\/?dnr=JBzUWaJfMUw8vbXJJ2tVW5-I3jZKvC4wsoxE&amp;amp;amp;amp;amp;amp;trk=nav_responsive_tab_home\",\"https:\\\/\\\/www.youtube.com\\\/channel\\\/UCxL0wu1uN0_3_7hGG0306cw\"]},{\"@type\":\"Person\",\"@id\":\"https:\\\/\\\/www.bellunopress.it\\\/#\\\/schema\\\/person\\\/79bb06722b37ece1c03d3e94beb30d73\",\"name\":\"redazione\",\"image\":{\"@type\":\"ImageObject\",\"inLanguage\":\"fr-FR\",\"@id\":\"https:\\\/\\\/secure.gravatar.com\\\/avatar\\\/37d968a2e67a6fd04c169c4bdef102d0bc5d31b2546345219e348575eb80e9a0?s=96&d=mm&r=g\",\"url\":\"https:\\\/\\\/secure.gravatar.com\\\/avatar\\\/37d968a2e67a6fd04c169c4bdef102d0bc5d31b2546345219e348575eb80e9a0?s=96&d=mm&r=g\",\"contentUrl\":\"https:\\\/\\\/secure.gravatar.com\\\/avatar\\\/37d968a2e67a6fd04c169c4bdef102d0bc5d31b2546345219e348575eb80e9a0?s=96&d=mm&r=g\",\"caption\":\"redazione\"},\"sameAs\":[\"http:\\\/\\\/www.bellunopress.it\",\"https:\\\/\\\/x.com\\\/bellunopress\"],\"url\":\"https:\\\/\\\/www.bellunopress.it\\\/fr\\\/author\\\/redazione\\\/\"}]}<\/script>\n<!-- \/ Yoast SEO plugin. -->","yoast_head_json":{"title":"Renzo Zampieri nuovo presidente della Fondazione Humanitas di Belluno  - Bellunopress - Dolomiti","robots":{"index":"index","follow":"follow","max-snippet":"max-snippet:-1","max-image-preview":"max-image-preview:large","max-video-preview":"max-video-preview:-1"},"canonical":"https:\/\/www.bellunopress.it\/fr\/2009\/10\/19\/renzo-zampieri-nuovo-presidente-della-fondazione-humanitas-di-belluno\/","og_locale":"fr_FR","og_type":"article","og_title":"Renzo Zampieri nuovo presidente della Fondazione Humanitas di Belluno  - Bellunopress - Dolomiti","og_description":"Renzo Zampieri \u00e8 il nuovo presidente della Fondazione Humanitas Belluno Onlus. La carica gli \u00e8 stata conferita dal Consiglio di amministrazione, riunitosi venerd\u00ec scorso, 16 ottobre. Renzo Zampieri, coordinatore della Lilt bellunese, \u00e8 stato nominato dal Comitato d\u2019Intesa di Belluno, socio della Fondazione con i 51 Comuni della Conferenza dei Sindaci dell\u2019Ulss 1 di Belluno, [&hellip;]","og_url":"https:\/\/www.bellunopress.it\/fr\/2009\/10\/19\/renzo-zampieri-nuovo-presidente-della-fondazione-humanitas-di-belluno\/","og_site_name":"Bellunopress - Dolomiti","article_publisher":"https:\/\/www.facebook.com\/profile.php?id=100008943462799","article_published_time":"2009-10-19T20:45:15+00:00","og_image":[{"url":"http:\/\/www.bellunopress.it\/wp-content\/uploads\/2012\/07\/logo-bellunopress-250x250-2012.jpg","type":"","width":"","height":""}],"author":"redazione","twitter_card":"summary_large_image","twitter_creator":"@bellunopress","twitter_site":"@bellunopress","twitter_misc":{"\u00c9crit par":"redazione","Dur\u00e9e de lecture estim\u00e9e":"1 minute"},"schema":{"@context":"https:\/\/schema.org","@graph":[{"@type":"Article","@id":"https:\/\/www.bellunopress.it\/2009\/10\/19\/renzo-zampieri-nuovo-presidente-della-fondazione-humanitas-di-belluno\/#article","isPartOf":{"@id":"https:\/\/www.bellunopress.it\/2009\/10\/19\/renzo-zampieri-nuovo-presidente-della-fondazione-humanitas-di-belluno\/"},"author":{"name":"redazione","@id":"https:\/\/www.bellunopress.it\/#\/schema\/person\/79bb06722b37ece1c03d3e94beb30d73"},"headline":"Renzo Zampieri nuovo presidente della Fondazione Humanitas di Belluno","datePublished":"2009-10-19T20:45:15+00:00","mainEntityOfPage":{"@id":"https:\/\/www.bellunopress.it\/2009\/10\/19\/renzo-zampieri-nuovo-presidente-della-fondazione-humanitas-di-belluno\/"},"wordCount":282,"publisher":{"@id":"https:\/\/www.bellunopress.it\/#organization"},"keywords":["Belluno","Cadore"],"articleSection":["Lettere Opinioni"],"inLanguage":"fr-FR"},{"@type":"WebPage","@id":"https:\/\/www.bellunopress.it\/2009\/10\/19\/renzo-zampieri-nuovo-presidente-della-fondazione-humanitas-di-belluno\/","url":"https:\/\/www.bellunopress.it\/2009\/10\/19\/renzo-zampieri-nuovo-presidente-della-fondazione-humanitas-di-belluno\/","name":"Renzo Zampieri nuovo presidente della Fondazione Humanitas di Belluno - Bellunopress - Dolomiti","isPartOf":{"@id":"https:\/\/www.bellunopress.it\/#website"},"datePublished":"2009-10-19T20:45:15+00:00","breadcrumb":{"@id":"https:\/\/www.bellunopress.it\/2009\/10\/19\/renzo-zampieri-nuovo-presidente-della-fondazione-humanitas-di-belluno\/#breadcrumb"},"inLanguage":"fr-FR","potentialAction":[{"@type":"ReadAction","target":["https:\/\/www.bellunopress.it\/2009\/10\/19\/renzo-zampieri-nuovo-presidente-della-fondazione-humanitas-di-belluno\/"]}]},{"@type":"BreadcrumbList","@id":"https:\/\/www.bellunopress.it\/2009\/10\/19\/renzo-zampieri-nuovo-presidente-della-fondazione-humanitas-di-belluno\/#breadcrumb","itemListElement":[{"@type":"ListItem","position":1,"name":"Home","item":"https:\/\/www.bellunopress.it\/"},{"@type":"ListItem","position":2,"name":"Renzo Zampieri nuovo presidente della Fondazione Humanitas di Belluno"}]},{"@type":"WebSite","@id":"https:\/\/www.bellunopress.it\/#website","url":"https:\/\/www.bellunopress.it\/","name":"Bellunopress - Dolomiti","description":"e-mail: redazione@bellunopress.it","publisher":{"@id":"https:\/\/www.bellunopress.it\/#organization"},"potentialAction":[{"@type":"SearchAction","target":{"@type":"EntryPoint","urlTemplate":"https:\/\/www.bellunopress.it\/?s={search_term_string}"},"query-input":{"@type":"PropertyValueSpecification","valueRequired":true,"valueName":"search_term_string"}}],"inLanguage":"fr-FR"},{"@type":"Organization","@id":"https:\/\/www.bellunopress.it\/#organization","name":"Bellunopress","url":"https:\/\/www.bellunopress.it\/","logo":{"@type":"ImageObject","inLanguage":"fr-FR","@id":"https:\/\/www.bellunopress.it\/#\/schema\/logo\/image\/","url":"https:\/\/www.bellunopress.it\/wp-content\/uploads\/2011\/05\/cropped-logo-bellunopress-.jpg","contentUrl":"https:\/\/www.bellunopress.it\/wp-content\/uploads\/2011\/05\/cropped-logo-bellunopress-.jpg","width":512,"height":512,"caption":"Bellunopress"},"image":{"@id":"https:\/\/www.bellunopress.it\/#\/schema\/logo\/image\/"},"sameAs":["https:\/\/www.facebook.com\/profile.php?id=100008943462799","https:\/\/x.com\/bellunopress","https:\/\/www.linkedin.com\/hp\/?dnr=JBzUWaJfMUw8vbXJJ2tVW5-I3jZKvC4wsoxE&amp;amp;amp;amp;amp;amp;trk=nav_responsive_tab_home","https:\/\/www.youtube.com\/channel\/UCxL0wu1uN0_3_7hGG0306cw"]},{"@type":"Person","@id":"https:\/\/www.bellunopress.it\/#\/schema\/person\/79bb06722b37ece1c03d3e94beb30d73","name":"r\u00e9daction","image":{"@type":"ImageObject","inLanguage":"fr-FR","@id":"https:\/\/secure.gravatar.com\/avatar\/37d968a2e67a6fd04c169c4bdef102d0bc5d31b2546345219e348575eb80e9a0?s=96&d=mm&r=g","url":"https:\/\/secure.gravatar.com\/avatar\/37d968a2e67a6fd04c169c4bdef102d0bc5d31b2546345219e348575eb80e9a0?s=96&d=mm&r=g","contentUrl":"https:\/\/secure.gravatar.com\/avatar\/37d968a2e67a6fd04c169c4bdef102d0bc5d31b2546345219e348575eb80e9a0?s=96&d=mm&r=g","caption":"redazione"},"sameAs":["http:\/\/www.bellunopress.it","https:\/\/x.com\/bellunopress"],"url":"https:\/\/www.bellunopress.it\/fr\/author\/redazione\/"}]}},"_links":{"self":[{"href":"https:\/\/www.bellunopress.it\/fr\/wp-json\/wp\/v2\/posts\/9007","targetHints":{"allow":["GET"]}}],"collection":[{"href":"https:\/\/www.bellunopress.it\/fr\/wp-json\/wp\/v2\/posts"}],"about":[{"href":"https:\/\/www.bellunopress.it\/fr\/wp-json\/wp\/v2\/types\/post"}],"author":[{"embeddable":true,"href":"https:\/\/www.bellunopress.it\/fr\/wp-json\/wp\/v2\/users\/2"}],"replies":[{"embeddable":true,"href":"https:\/\/www.bellunopress.it\/fr\/wp-json\/wp\/v2\/comments?post=9007"}],"version-history":[{"count":1,"href":"https:\/\/www.bellunopress.it\/fr\/wp-json\/wp\/v2\/posts\/9007\/revisions"}],"predecessor-version":[{"id":9008,"href":"https:\/\/www.bellunopress.it\/fr\/wp-json\/wp\/v2\/posts\/9007\/revisions\/9008"}],"wp:attachment":[{"href":"https:\/\/www.bellunopress.it\/fr\/wp-json\/wp\/v2\/media?parent=9007"}],"wp:term":[{"taxonomy":"category","embeddable":true,"href":"https:\/\/www.bellunopress.it\/fr\/wp-json\/wp\/v2\/categories?post=9007"},{"taxonomy":"post_tag","embeddable":true,"href":"https:\/\/www.bellunopress.it\/fr\/wp-json\/wp\/v2\/tags?post=9007"}],"curies":[{"name":"wp","href":"https:\/\/api.w.org\/{rel}","templated":true}]}}