{"id":8960,"date":"2009-10-16T17:21:03","date_gmt":"2009-10-16T16:21:03","guid":{"rendered":"http:\/\/www.bellunopress.it\/?p=8960"},"modified":"2009-10-16T17:21:03","modified_gmt":"2009-10-16T16:21:03","slug":"incontro-sulla-liberta-di-stampa-secondo-vaccari-senatore-sindaco-di-feltre-e-segretario-provinciale-della-lega-ce-troppa-liberta","status":"publish","type":"post","link":"https:\/\/www.bellunopress.it\/fr\/2009\/10\/16\/incontro-sulla-liberta-di-stampa-secondo-vaccari-senatore-sindaco-di-feltre-e-segretario-provinciale-della-lega-ce-troppa-liberta\/","title":{"rendered":"Incontro sulla libert\u00e0 di stampa: secondo Vaccari, senatore, sindaco di Feltre e segretario provinciale della Lega, c&#8217;\u00e8 troppa libert\u00e0"},"content":{"rendered":"<p>In relazione all&#8217;incontro di stasera (venerd\u00ec 16 ottobre) alle 20.30 al Centro Giovanni 23mo sulla libert\u00e0 di stampa, interviene il senatore Gianvittore Vaccari, segretario provinciale della Liga Veneta Lega Nord Padana per precisare che non vede alcun pericolo, anzi c&#8217;\u00e8 uno &#8220;sfrenato liberismo&#8221; (forse il senatore intendeva dire libert\u00e0, il liberismo economico non c&#8217;entra nulla). Evidentemente per il senatore \u00e8 normale che un quotidiano rivolga 10 domande a un politico e costui risponda querelando! Una cosa del genere \u00e8 successa solo in Italia, tra i Paesi occidentali. Consigliamo al senatore di dare un&#8217;occhiata alla stampa estera.\u00a0<br \/>\nEcco il testo del comunicato:<br \/>\n&#8220;In merito all\u2019incontro sul tema della libert\u00e0 di informazione e di opinione messe in dubbio &#8211; scrive il segretario provinciale della Lega Nord senatore Gianvittore Vaccari &#8211; , rispondiamo che non vediamo affatto in pericolo la libert\u00e0 di informazione ed opinione e che vi \u00e8 anzi un liberismo sfrenato, almeno di una parte, con poche od assenti regole etiche e di linguaggio e con fini pi\u00f9 che di cronaca e di riflessione piuttosto di campagna di scontro e delegittimazione&#8221;.<\/p>","protected":false},"excerpt":{"rendered":"<p>In relazione all&#8217;incontro di stasera (venerd\u00ec 16 ottobre) alle 20.30 al Centro Giovanni 23mo sulla libert\u00e0 di stampa, interviene il senatore Gianvittore Vaccari, segretario provinciale della Liga Veneta Lega Nord Padana per precisare che non vede alcun pericolo, anzi c&#8217;\u00e8 uno &#8220;sfrenato liberismo&#8221; (forse il senatore intendeva dire libert\u00e0, il liberismo economico non c&#8217;entra nulla). [&hellip;]<\/p>\n","protected":false},"author":2,"featured_media":0,"comment_status":"closed","ping_status":"open","sticky":false,"template":"","format":"standard","meta":{"footnotes":""},"categories":[5,26],"tags":[302],"class_list":["post-8960","post","type-post","status-publish","format-standard","category-cronaca","category-prima-pagina","tag-feltre"],"yoast_head":"<!-- This site is optimized with the Yoast SEO plugin v28.4 - https:\/\/yoast.com\/product\/yoast-seo-wordpress\/ -->\n<title>Incontro sulla libert\u00e0 di stampa: secondo Vaccari, senatore, sindaco di Feltre e segretario provinciale della Lega, c&#039;\u00e8 troppa libert\u00e0  - Bellunopress - Dolomiti<\/title>\n<meta name=\"robots\" content=\"index, follow, max-snippet:-1, max-image-preview:large, max-video-preview:-1\" \/>\n<link rel=\"canonical\" href=\"https:\/\/www.bellunopress.it\/fr\/2009\/10\/16\/incontro-sulla-liberta-di-stampa-secondo-vaccari-senatore-sindaco-di-feltre-e-segretario-provinciale-della-lega-ce-troppa-liberta\/\" \/>\n<meta property=\"og:locale\" content=\"fr_FR\" \/>\n<meta property=\"og:type\" content=\"article\" \/>\n<meta property=\"og:title\" content=\"Incontro sulla libert\u00e0 di stampa: secondo Vaccari, senatore, sindaco di Feltre e segretario provinciale della Lega, c&#039;\u00e8 troppa libert\u00e0  - Bellunopress - Dolomiti\" \/>\n<meta property=\"og:description\" content=\"In relazione all&#8217;incontro di stasera (venerd\u00ec 16 ottobre) alle 20.30 al Centro Giovanni 23mo sulla libert\u00e0 di stampa, interviene il senatore Gianvittore Vaccari, segretario provinciale della Liga Veneta Lega Nord Padana per precisare che non vede alcun pericolo, anzi c&#8217;\u00e8 uno &#8220;sfrenato liberismo&#8221; (forse il senatore intendeva dire libert\u00e0, il liberismo economico non c&#8217;entra nulla). [&hellip;]\" \/>\n<meta property=\"og:url\" content=\"https:\/\/www.bellunopress.it\/fr\/2009\/10\/16\/incontro-sulla-liberta-di-stampa-secondo-vaccari-senatore-sindaco-di-feltre-e-segretario-provinciale-della-lega-ce-troppa-liberta\/\" \/>\n<meta property=\"og:site_name\" content=\"Bellunopress - Dolomiti\" \/>\n<meta property=\"article:publisher\" content=\"https:\/\/www.facebook.com\/profile.php?id=100008943462799\" \/>\n<meta property=\"article:published_time\" content=\"2009-10-16T16:21:03+00:00\" \/>\n<meta property=\"og:image\" content=\"http:\/\/www.bellunopress.it\/wp-content\/uploads\/2012\/07\/logo-bellunopress-250x250-2012.jpg\" \/>\n<meta name=\"author\" content=\"redazione\" \/>\n<meta name=\"twitter:card\" content=\"summary_large_image\" \/>\n<meta name=\"twitter:creator\" content=\"@bellunopress\" \/>\n<meta name=\"twitter:site\" content=\"@bellunopress\" \/>\n<meta name=\"twitter:label1\" content=\"\u00c9crit par\" \/>\n\t<meta name=\"twitter:data1\" content=\"redazione\" \/>\n\t<meta name=\"twitter:label2\" content=\"Dur\u00e9e de lecture estim\u00e9e\" \/>\n\t<meta name=\"twitter:data2\" content=\"1 minute\" \/>\n<script type=\"application\/ld+json\" class=\"yoast-schema-graph\">{\"@context\":\"https:\\\/\\\/schema.org\",\"@graph\":[{\"@type\":\"Article\",\"@id\":\"https:\\\/\\\/www.bellunopress.it\\\/2009\\\/10\\\/16\\\/incontro-sulla-liberta-di-stampa-secondo-vaccari-senatore-sindaco-di-feltre-e-segretario-provinciale-della-lega-ce-troppa-liberta\\\/#article\",\"isPartOf\":{\"@id\":\"https:\\\/\\\/www.bellunopress.it\\\/2009\\\/10\\\/16\\\/incontro-sulla-liberta-di-stampa-secondo-vaccari-senatore-sindaco-di-feltre-e-segretario-provinciale-della-lega-ce-troppa-liberta\\\/\"},\"author\":{\"name\":\"redazione\",\"@id\":\"https:\\\/\\\/www.bellunopress.it\\\/#\\\/schema\\\/person\\\/79bb06722b37ece1c03d3e94beb30d73\"},\"headline\":\"Incontro sulla libert\u00e0 di stampa: secondo Vaccari, senatore, sindaco di Feltre e segretario provinciale della Lega, c&#8217;\u00e8 troppa libert\u00e0\",\"datePublished\":\"2009-10-16T16:21:03+00:00\",\"mainEntityOfPage\":{\"@id\":\"https:\\\/\\\/www.bellunopress.it\\\/2009\\\/10\\\/16\\\/incontro-sulla-liberta-di-stampa-secondo-vaccari-senatore-sindaco-di-feltre-e-segretario-provinciale-della-lega-ce-troppa-liberta\\\/\"},\"wordCount\":196,\"publisher\":{\"@id\":\"https:\\\/\\\/www.bellunopress.it\\\/#organization\"},\"keywords\":[\"Feltre\"],\"articleSection\":[\"Cronaca\\\/Politica\",\"Prima Pagina\"],\"inLanguage\":\"fr-FR\"},{\"@type\":\"WebPage\",\"@id\":\"https:\\\/\\\/www.bellunopress.it\\\/2009\\\/10\\\/16\\\/incontro-sulla-liberta-di-stampa-secondo-vaccari-senatore-sindaco-di-feltre-e-segretario-provinciale-della-lega-ce-troppa-liberta\\\/\",\"url\":\"https:\\\/\\\/www.bellunopress.it\\\/2009\\\/10\\\/16\\\/incontro-sulla-liberta-di-stampa-secondo-vaccari-senatore-sindaco-di-feltre-e-segretario-provinciale-della-lega-ce-troppa-liberta\\\/\",\"name\":\"Incontro sulla libert\u00e0 di stampa: secondo Vaccari, senatore, sindaco di Feltre e segretario provinciale della Lega, c'\u00e8 troppa libert\u00e0 - Bellunopress - Dolomiti\",\"isPartOf\":{\"@id\":\"https:\\\/\\\/www.bellunopress.it\\\/#website\"},\"datePublished\":\"2009-10-16T16:21:03+00:00\",\"breadcrumb\":{\"@id\":\"https:\\\/\\\/www.bellunopress.it\\\/2009\\\/10\\\/16\\\/incontro-sulla-liberta-di-stampa-secondo-vaccari-senatore-sindaco-di-feltre-e-segretario-provinciale-della-lega-ce-troppa-liberta\\\/#breadcrumb\"},\"inLanguage\":\"fr-FR\",\"potentialAction\":[{\"@type\":\"ReadAction\",\"target\":[\"https:\\\/\\\/www.bellunopress.it\\\/2009\\\/10\\\/16\\\/incontro-sulla-liberta-di-stampa-secondo-vaccari-senatore-sindaco-di-feltre-e-segretario-provinciale-della-lega-ce-troppa-liberta\\\/\"]}]},{\"@type\":\"BreadcrumbList\",\"@id\":\"https:\\\/\\\/www.bellunopress.it\\\/2009\\\/10\\\/16\\\/incontro-sulla-liberta-di-stampa-secondo-vaccari-senatore-sindaco-di-feltre-e-segretario-provinciale-della-lega-ce-troppa-liberta\\\/#breadcrumb\",\"itemListElement\":[{\"@type\":\"ListItem\",\"position\":1,\"name\":\"Home\",\"item\":\"https:\\\/\\\/www.bellunopress.it\\\/\"},{\"@type\":\"ListItem\",\"position\":2,\"name\":\"Incontro sulla libert\u00e0 di stampa: secondo Vaccari, senatore, sindaco di Feltre e segretario provinciale della Lega, c&#8217;\u00e8 troppa libert\u00e0\"}]},{\"@type\":\"WebSite\",\"@id\":\"https:\\\/\\\/www.bellunopress.it\\\/#website\",\"url\":\"https:\\\/\\\/www.bellunopress.it\\\/\",\"name\":\"Bellunopress - Dolomiti\",\"description\":\"e-mail: redazione@bellunopress.it\",\"publisher\":{\"@id\":\"https:\\\/\\\/www.bellunopress.it\\\/#organization\"},\"potentialAction\":[{\"@type\":\"SearchAction\",\"target\":{\"@type\":\"EntryPoint\",\"urlTemplate\":\"https:\\\/\\\/www.bellunopress.it\\\/?s={search_term_string}\"},\"query-input\":{\"@type\":\"PropertyValueSpecification\",\"valueRequired\":true,\"valueName\":\"search_term_string\"}}],\"inLanguage\":\"fr-FR\"},{\"@type\":\"Organization\",\"@id\":\"https:\\\/\\\/www.bellunopress.it\\\/#organization\",\"name\":\"Bellunopress\",\"url\":\"https:\\\/\\\/www.bellunopress.it\\\/\",\"logo\":{\"@type\":\"ImageObject\",\"inLanguage\":\"fr-FR\",\"@id\":\"https:\\\/\\\/www.bellunopress.it\\\/#\\\/schema\\\/logo\\\/image\\\/\",\"url\":\"https:\\\/\\\/www.bellunopress.it\\\/wp-content\\\/uploads\\\/2011\\\/05\\\/cropped-logo-bellunopress-.jpg\",\"contentUrl\":\"https:\\\/\\\/www.bellunopress.it\\\/wp-content\\\/uploads\\\/2011\\\/05\\\/cropped-logo-bellunopress-.jpg\",\"width\":512,\"height\":512,\"caption\":\"Bellunopress\"},\"image\":{\"@id\":\"https:\\\/\\\/www.bellunopress.it\\\/#\\\/schema\\\/logo\\\/image\\\/\"},\"sameAs\":[\"https:\\\/\\\/www.facebook.com\\\/profile.php?id=100008943462799\",\"https:\\\/\\\/x.com\\\/bellunopress\",\"https:\\\/\\\/www.linkedin.com\\\/hp\\\/?dnr=JBzUWaJfMUw8vbXJJ2tVW5-I3jZKvC4wsoxE&amp;amp;amp;amp;amp;amp;trk=nav_responsive_tab_home\",\"https:\\\/\\\/www.youtube.com\\\/channel\\\/UCxL0wu1uN0_3_7hGG0306cw\"]},{\"@type\":\"Person\",\"@id\":\"https:\\\/\\\/www.bellunopress.it\\\/#\\\/schema\\\/person\\\/79bb06722b37ece1c03d3e94beb30d73\",\"name\":\"redazione\",\"image\":{\"@type\":\"ImageObject\",\"inLanguage\":\"fr-FR\",\"@id\":\"https:\\\/\\\/secure.gravatar.com\\\/avatar\\\/37d968a2e67a6fd04c169c4bdef102d0bc5d31b2546345219e348575eb80e9a0?s=96&d=mm&r=g\",\"url\":\"https:\\\/\\\/secure.gravatar.com\\\/avatar\\\/37d968a2e67a6fd04c169c4bdef102d0bc5d31b2546345219e348575eb80e9a0?s=96&d=mm&r=g\",\"contentUrl\":\"https:\\\/\\\/secure.gravatar.com\\\/avatar\\\/37d968a2e67a6fd04c169c4bdef102d0bc5d31b2546345219e348575eb80e9a0?s=96&d=mm&r=g\",\"caption\":\"redazione\"},\"sameAs\":[\"http:\\\/\\\/www.bellunopress.it\",\"https:\\\/\\\/x.com\\\/bellunopress\"],\"url\":\"https:\\\/\\\/www.bellunopress.it\\\/fr\\\/author\\\/redazione\\\/\"}]}<\/script>\n<!-- \/ Yoast SEO plugin. -->","yoast_head_json":{"title":"Incontro sulla libert\u00e0 di stampa: secondo Vaccari, senatore, sindaco di Feltre e segretario provinciale della Lega, c'\u00e8 troppa libert\u00e0  - Bellunopress - Dolomiti","robots":{"index":"index","follow":"follow","max-snippet":"max-snippet:-1","max-image-preview":"max-image-preview:large","max-video-preview":"max-video-preview:-1"},"canonical":"https:\/\/www.bellunopress.it\/fr\/2009\/10\/16\/incontro-sulla-liberta-di-stampa-secondo-vaccari-senatore-sindaco-di-feltre-e-segretario-provinciale-della-lega-ce-troppa-liberta\/","og_locale":"fr_FR","og_type":"article","og_title":"Incontro sulla libert\u00e0 di stampa: secondo Vaccari, senatore, sindaco di Feltre e segretario provinciale della Lega, c'\u00e8 troppa libert\u00e0  - Bellunopress - Dolomiti","og_description":"In relazione all&#8217;incontro di stasera (venerd\u00ec 16 ottobre) alle 20.30 al Centro Giovanni 23mo sulla libert\u00e0 di stampa, interviene il senatore Gianvittore Vaccari, segretario provinciale della Liga Veneta Lega Nord Padana per precisare che non vede alcun pericolo, anzi c&#8217;\u00e8 uno &#8220;sfrenato liberismo&#8221; (forse il senatore intendeva dire libert\u00e0, il liberismo economico non c&#8217;entra nulla). [&hellip;]","og_url":"https:\/\/www.bellunopress.it\/fr\/2009\/10\/16\/incontro-sulla-liberta-di-stampa-secondo-vaccari-senatore-sindaco-di-feltre-e-segretario-provinciale-della-lega-ce-troppa-liberta\/","og_site_name":"Bellunopress - Dolomiti","article_publisher":"https:\/\/www.facebook.com\/profile.php?id=100008943462799","article_published_time":"2009-10-16T16:21:03+00:00","og_image":[{"url":"http:\/\/www.bellunopress.it\/wp-content\/uploads\/2012\/07\/logo-bellunopress-250x250-2012.jpg","type":"","width":"","height":""}],"author":"redazione","twitter_card":"summary_large_image","twitter_creator":"@bellunopress","twitter_site":"@bellunopress","twitter_misc":{"\u00c9crit par":"redazione","Dur\u00e9e de lecture estim\u00e9e":"1 minute"},"schema":{"@context":"https:\/\/schema.org","@graph":[{"@type":"Article","@id":"https:\/\/www.bellunopress.it\/2009\/10\/16\/incontro-sulla-liberta-di-stampa-secondo-vaccari-senatore-sindaco-di-feltre-e-segretario-provinciale-della-lega-ce-troppa-liberta\/#article","isPartOf":{"@id":"https:\/\/www.bellunopress.it\/2009\/10\/16\/incontro-sulla-liberta-di-stampa-secondo-vaccari-senatore-sindaco-di-feltre-e-segretario-provinciale-della-lega-ce-troppa-liberta\/"},"author":{"name":"redazione","@id":"https:\/\/www.bellunopress.it\/#\/schema\/person\/79bb06722b37ece1c03d3e94beb30d73"},"headline":"Incontro sulla libert\u00e0 di stampa: secondo Vaccari, senatore, sindaco di Feltre e segretario provinciale della Lega, c&#8217;\u00e8 troppa libert\u00e0","datePublished":"2009-10-16T16:21:03+00:00","mainEntityOfPage":{"@id":"https:\/\/www.bellunopress.it\/2009\/10\/16\/incontro-sulla-liberta-di-stampa-secondo-vaccari-senatore-sindaco-di-feltre-e-segretario-provinciale-della-lega-ce-troppa-liberta\/"},"wordCount":196,"publisher":{"@id":"https:\/\/www.bellunopress.it\/#organization"},"keywords":["Feltre"],"articleSection":["Cronaca\/Politica","Prima Pagina"],"inLanguage":"fr-FR"},{"@type":"WebPage","@id":"https:\/\/www.bellunopress.it\/2009\/10\/16\/incontro-sulla-liberta-di-stampa-secondo-vaccari-senatore-sindaco-di-feltre-e-segretario-provinciale-della-lega-ce-troppa-liberta\/","url":"https:\/\/www.bellunopress.it\/2009\/10\/16\/incontro-sulla-liberta-di-stampa-secondo-vaccari-senatore-sindaco-di-feltre-e-segretario-provinciale-della-lega-ce-troppa-liberta\/","name":"Incontro sulla libert\u00e0 di stampa: secondo Vaccari, senatore, sindaco di Feltre e segretario provinciale della Lega, c'\u00e8 troppa libert\u00e0 - Bellunopress - Dolomiti","isPartOf":{"@id":"https:\/\/www.bellunopress.it\/#website"},"datePublished":"2009-10-16T16:21:03+00:00","breadcrumb":{"@id":"https:\/\/www.bellunopress.it\/2009\/10\/16\/incontro-sulla-liberta-di-stampa-secondo-vaccari-senatore-sindaco-di-feltre-e-segretario-provinciale-della-lega-ce-troppa-liberta\/#breadcrumb"},"inLanguage":"fr-FR","potentialAction":[{"@type":"ReadAction","target":["https:\/\/www.bellunopress.it\/2009\/10\/16\/incontro-sulla-liberta-di-stampa-secondo-vaccari-senatore-sindaco-di-feltre-e-segretario-provinciale-della-lega-ce-troppa-liberta\/"]}]},{"@type":"BreadcrumbList","@id":"https:\/\/www.bellunopress.it\/2009\/10\/16\/incontro-sulla-liberta-di-stampa-secondo-vaccari-senatore-sindaco-di-feltre-e-segretario-provinciale-della-lega-ce-troppa-liberta\/#breadcrumb","itemListElement":[{"@type":"ListItem","position":1,"name":"Home","item":"https:\/\/www.bellunopress.it\/"},{"@type":"ListItem","position":2,"name":"Incontro sulla libert\u00e0 di stampa: secondo Vaccari, senatore, sindaco di Feltre e segretario provinciale della Lega, c&#8217;\u00e8 troppa libert\u00e0"}]},{"@type":"WebSite","@id":"https:\/\/www.bellunopress.it\/#website","url":"https:\/\/www.bellunopress.it\/","name":"Bellunopress - Dolomiti","description":"e-mail: redazione@bellunopress.it","publisher":{"@id":"https:\/\/www.bellunopress.it\/#organization"},"potentialAction":[{"@type":"SearchAction","target":{"@type":"EntryPoint","urlTemplate":"https:\/\/www.bellunopress.it\/?s={search_term_string}"},"query-input":{"@type":"PropertyValueSpecification","valueRequired":true,"valueName":"search_term_string"}}],"inLanguage":"fr-FR"},{"@type":"Organization","@id":"https:\/\/www.bellunopress.it\/#organization","name":"Bellunopress","url":"https:\/\/www.bellunopress.it\/","logo":{"@type":"ImageObject","inLanguage":"fr-FR","@id":"https:\/\/www.bellunopress.it\/#\/schema\/logo\/image\/","url":"https:\/\/www.bellunopress.it\/wp-content\/uploads\/2011\/05\/cropped-logo-bellunopress-.jpg","contentUrl":"https:\/\/www.bellunopress.it\/wp-content\/uploads\/2011\/05\/cropped-logo-bellunopress-.jpg","width":512,"height":512,"caption":"Bellunopress"},"image":{"@id":"https:\/\/www.bellunopress.it\/#\/schema\/logo\/image\/"},"sameAs":["https:\/\/www.facebook.com\/profile.php?id=100008943462799","https:\/\/x.com\/bellunopress","https:\/\/www.linkedin.com\/hp\/?dnr=JBzUWaJfMUw8vbXJJ2tVW5-I3jZKvC4wsoxE&amp;amp;amp;amp;amp;amp;trk=nav_responsive_tab_home","https:\/\/www.youtube.com\/channel\/UCxL0wu1uN0_3_7hGG0306cw"]},{"@type":"Person","@id":"https:\/\/www.bellunopress.it\/#\/schema\/person\/79bb06722b37ece1c03d3e94beb30d73","name":"r\u00e9daction","image":{"@type":"ImageObject","inLanguage":"fr-FR","@id":"https:\/\/secure.gravatar.com\/avatar\/37d968a2e67a6fd04c169c4bdef102d0bc5d31b2546345219e348575eb80e9a0?s=96&d=mm&r=g","url":"https:\/\/secure.gravatar.com\/avatar\/37d968a2e67a6fd04c169c4bdef102d0bc5d31b2546345219e348575eb80e9a0?s=96&d=mm&r=g","contentUrl":"https:\/\/secure.gravatar.com\/avatar\/37d968a2e67a6fd04c169c4bdef102d0bc5d31b2546345219e348575eb80e9a0?s=96&d=mm&r=g","caption":"redazione"},"sameAs":["http:\/\/www.bellunopress.it","https:\/\/x.com\/bellunopress"],"url":"https:\/\/www.bellunopress.it\/fr\/author\/redazione\/"}]}},"_links":{"self":[{"href":"https:\/\/www.bellunopress.it\/fr\/wp-json\/wp\/v2\/posts\/8960","targetHints":{"allow":["GET"]}}],"collection":[{"href":"https:\/\/www.bellunopress.it\/fr\/wp-json\/wp\/v2\/posts"}],"about":[{"href":"https:\/\/www.bellunopress.it\/fr\/wp-json\/wp\/v2\/types\/post"}],"author":[{"embeddable":true,"href":"https:\/\/www.bellunopress.it\/fr\/wp-json\/wp\/v2\/users\/2"}],"replies":[{"embeddable":true,"href":"https:\/\/www.bellunopress.it\/fr\/wp-json\/wp\/v2\/comments?post=8960"}],"version-history":[{"count":1,"href":"https:\/\/www.bellunopress.it\/fr\/wp-json\/wp\/v2\/posts\/8960\/revisions"}],"predecessor-version":[{"id":8961,"href":"https:\/\/www.bellunopress.it\/fr\/wp-json\/wp\/v2\/posts\/8960\/revisions\/8961"}],"wp:attachment":[{"href":"https:\/\/www.bellunopress.it\/fr\/wp-json\/wp\/v2\/media?parent=8960"}],"wp:term":[{"taxonomy":"category","embeddable":true,"href":"https:\/\/www.bellunopress.it\/fr\/wp-json\/wp\/v2\/categories?post=8960"},{"taxonomy":"post_tag","embeddable":true,"href":"https:\/\/www.bellunopress.it\/fr\/wp-json\/wp\/v2\/tags?post=8960"}],"curies":[{"name":"wp","href":"https:\/\/api.w.org\/{rel}","templated":true}]}}