{"id":8957,"date":"2009-10-16T16:57:25","date_gmt":"2009-10-16T15:57:25","guid":{"rendered":"http:\/\/www.bellunopress.it\/?p=8957"},"modified":"2009-10-16T16:57:25","modified_gmt":"2009-10-16T15:57:25","slug":"luigi-da-pont-volontario-dellavac-premiato-dalla-regione-per-lattivita-svolta-in-abruzzo","status":"publish","type":"post","link":"https:\/\/www.bellunopress.it\/fr\/2009\/10\/16\/luigi-da-pont-volontario-dellavac-premiato-dalla-regione-per-lattivita-svolta-in-abruzzo\/","title":{"rendered":"Luigi Da Pont, volontario dell&#8217;Avac, premiato dalla Regione per l&#8217;attivit\u00e0 svolta in Abruzzo"},"content":{"rendered":"<p><a href=\"http:\/\/www.bellunopress.it\/wp-content\/uploads\/2009\/10\/avac.gif\"><img loading=\"lazy\" decoding=\"async\" class=\"alignleft size-medium wp-image-8958\" title=\"avac\" src=\"http:\/\/www.bellunopress.it\/wp-content\/uploads\/2009\/10\/avac.gif\" alt=\"\" width=\"130\" height=\"130\" \/><\/a>Importante riconoscimento per l\u2019associazione cinofila Avac Fenrir di Santa Giustina. Uno dei suoi volontari, Luigi Da Pont, ricever\u00e0 dalla Regione Veneto il \u201cLeone d\u2019oro\u201d per l\u2019attivit\u00e0 svolta in Abruzzo dopo il terribile terremoto dello scorso aprile. Ad annunciarlo\u00a0 con soddisfazione \u00e8 la presidente dell\u2019Avac Fanrir, Nadia Mehalla, che sar\u00e0 con Da Pont a Venezia insieme al presidente del Coordinamento delle associazioni di protezione civile della Comunit\u00e0 Montana Feltrina Pietro Cadorin e un volontario dell&#8217;associazione di Protezione civile di Quero, Olga Scariot, anch\u2019essi in Abruzzo dopo il sisma. \u201cLuigi da Pont \u00e8 l\u2019unico volontario della provincia di Belluno che avr\u00e0 questo riconoscimento \u2013 precisa la presidente \u2013 poich\u00e9 il criterio utilizzato dal Consiglio regionale del Veneto \u00e8 stato di premiare il volontario pi\u00f9 anziano impegnato nella zona del terremoto\u201d. Luigi Da Pont, classe 1936, \u00e8 partito da Santa Giustina con la colonna della Protezione civile della Comunit\u00e0 Montana Feltrina all\u2019indomani della prima scossa sismica che colp\u00ec ad aprile l\u2019Abruzzo, insieme ad altre due unit\u00e0 cinofile dell\u2019Avac Fenrir. \u201cUn riconoscimento prestigioso che idealmente viene consegnato a tutta la nostra associazione \u2013 afferma Nadia Mehalla \u2013 ed \u00e8 importante che a riceverlo sia una realt\u00e0 numericamente di piccole dimensioni, anche se molto impegnata in attivit\u00e0 cinofile in Italia ed anche all\u2019estero. Una bella gratificazione che arriva in un momento cruciale per l\u2019Avac Fenrir, la campagna di reclutamento di nuovi soci. Speriamo che questo premio ci porti fortuna e che in futuro ci si possa avvalere di nuovi soci attivi\u201d. Il programma della cerimonia di domani prevede l\u2019arrivo a Palazzo Ducale a Venezia alle 17, alla presenza del presidente della Regione Veneto Giancarlo Galan. Alle 18 la consegna del Leone d\u2019oro, cui seguir\u00e0 un rinfresco.\u00a0\u00a0\u00a0\u00a0<br \/>\nPer avere informazioni sull\u2019attivit\u00e0 dell\u2019Avac Fenrir o per aderire all\u2019associazione \u00e8 possibile rivolgersi al numero telefonico 0347\/888646, oppure al 348.98.51.222.<\/p>","protected":false},"excerpt":{"rendered":"<p>Importante riconoscimento per l\u2019associazione cinofila Avac Fenrir di Santa Giustina. Uno dei suoi volontari, Luigi Da Pont, ricever\u00e0 dalla Regione Veneto il \u201cLeone d\u2019oro\u201d per l\u2019attivit\u00e0 svolta in Abruzzo dopo il terribile terremoto dello scorso aprile. Ad annunciarlo\u00a0 con soddisfazione \u00e8 la presidente dell\u2019Avac Fanrir, Nadia Mehalla, che sar\u00e0 con Da Pont a Venezia insieme [&hellip;]<\/p>\n","protected":false},"author":2,"featured_media":0,"comment_status":"closed","ping_status":"open","sticky":false,"template":"","format":"standard","meta":{"footnotes":""},"categories":[5,26],"tags":[139],"class_list":["post-8957","post","type-post","status-publish","format-standard","category-cronaca","category-prima-pagina","tag-belluno"],"yoast_head":"<!-- This site is optimized with the Yoast SEO plugin v28.4 - https:\/\/yoast.com\/product\/yoast-seo-wordpress\/ -->\n<title>Luigi Da Pont, volontario dell&#039;Avac, premiato dalla Regione per l&#039;attivit\u00e0 svolta in Abruzzo  - Bellunopress - Dolomiti<\/title>\n<meta name=\"robots\" content=\"index, follow, max-snippet:-1, max-image-preview:large, max-video-preview:-1\" \/>\n<link rel=\"canonical\" href=\"https:\/\/www.bellunopress.it\/fr\/2009\/10\/16\/luigi-da-pont-volontario-dellavac-premiato-dalla-regione-per-lattivita-svolta-in-abruzzo\/\" \/>\n<meta property=\"og:locale\" content=\"fr_FR\" \/>\n<meta property=\"og:type\" content=\"article\" \/>\n<meta property=\"og:title\" content=\"Luigi Da Pont, volontario dell&#039;Avac, premiato dalla Regione per l&#039;attivit\u00e0 svolta in Abruzzo  - Bellunopress - Dolomiti\" \/>\n<meta property=\"og:description\" content=\"Importante riconoscimento per l\u2019associazione cinofila Avac Fenrir di Santa Giustina. Uno dei suoi volontari, Luigi Da Pont, ricever\u00e0 dalla Regione Veneto il \u201cLeone d\u2019oro\u201d per l\u2019attivit\u00e0 svolta in Abruzzo dopo il terribile terremoto dello scorso aprile. Ad annunciarlo\u00a0 con soddisfazione \u00e8 la presidente dell\u2019Avac Fanrir, Nadia Mehalla, che sar\u00e0 con Da Pont a Venezia insieme [&hellip;]\" \/>\n<meta property=\"og:url\" content=\"https:\/\/www.bellunopress.it\/fr\/2009\/10\/16\/luigi-da-pont-volontario-dellavac-premiato-dalla-regione-per-lattivita-svolta-in-abruzzo\/\" \/>\n<meta property=\"og:site_name\" content=\"Bellunopress - Dolomiti\" \/>\n<meta property=\"article:publisher\" content=\"https:\/\/www.facebook.com\/profile.php?id=100008943462799\" \/>\n<meta property=\"article:published_time\" content=\"2009-10-16T15:57:25+00:00\" \/>\n<meta property=\"og:image\" content=\"http:\/\/www.bellunopress.it\/wp-content\/uploads\/2009\/10\/avac.gif\" \/>\n<meta name=\"author\" content=\"redazione\" \/>\n<meta name=\"twitter:card\" content=\"summary_large_image\" \/>\n<meta name=\"twitter:creator\" content=\"@bellunopress\" \/>\n<meta name=\"twitter:site\" content=\"@bellunopress\" \/>\n<meta name=\"twitter:label1\" content=\"\u00c9crit par\" \/>\n\t<meta name=\"twitter:data1\" content=\"redazione\" \/>\n\t<meta name=\"twitter:label2\" content=\"Dur\u00e9e de lecture estim\u00e9e\" \/>\n\t<meta name=\"twitter:data2\" content=\"2 minutes\" \/>\n<script type=\"application\/ld+json\" class=\"yoast-schema-graph\">{\"@context\":\"https:\\\/\\\/schema.org\",\"@graph\":[{\"@type\":\"Article\",\"@id\":\"https:\\\/\\\/www.bellunopress.it\\\/2009\\\/10\\\/16\\\/luigi-da-pont-volontario-dellavac-premiato-dalla-regione-per-lattivita-svolta-in-abruzzo\\\/#article\",\"isPartOf\":{\"@id\":\"https:\\\/\\\/www.bellunopress.it\\\/2009\\\/10\\\/16\\\/luigi-da-pont-volontario-dellavac-premiato-dalla-regione-per-lattivita-svolta-in-abruzzo\\\/\"},\"author\":{\"name\":\"redazione\",\"@id\":\"https:\\\/\\\/www.bellunopress.it\\\/#\\\/schema\\\/person\\\/79bb06722b37ece1c03d3e94beb30d73\"},\"headline\":\"Luigi Da Pont, volontario dell&#8217;Avac, premiato dalla Regione per l&#8217;attivit\u00e0 svolta in Abruzzo\",\"datePublished\":\"2009-10-16T15:57:25+00:00\",\"mainEntityOfPage\":{\"@id\":\"https:\\\/\\\/www.bellunopress.it\\\/2009\\\/10\\\/16\\\/luigi-da-pont-volontario-dellavac-premiato-dalla-regione-per-lattivita-svolta-in-abruzzo\\\/\"},\"wordCount\":318,\"publisher\":{\"@id\":\"https:\\\/\\\/www.bellunopress.it\\\/#organization\"},\"image\":{\"@id\":\"https:\\\/\\\/www.bellunopress.it\\\/2009\\\/10\\\/16\\\/luigi-da-pont-volontario-dellavac-premiato-dalla-regione-per-lattivita-svolta-in-abruzzo\\\/#primaryimage\"},\"thumbnailUrl\":\"http:\\\/\\\/www.bellunopress.it\\\/wp-content\\\/uploads\\\/2009\\\/10\\\/avac.gif\",\"keywords\":[\"Belluno\"],\"articleSection\":[\"Cronaca\\\/Politica\",\"Prima Pagina\"],\"inLanguage\":\"fr-FR\"},{\"@type\":\"WebPage\",\"@id\":\"https:\\\/\\\/www.bellunopress.it\\\/2009\\\/10\\\/16\\\/luigi-da-pont-volontario-dellavac-premiato-dalla-regione-per-lattivita-svolta-in-abruzzo\\\/\",\"url\":\"https:\\\/\\\/www.bellunopress.it\\\/2009\\\/10\\\/16\\\/luigi-da-pont-volontario-dellavac-premiato-dalla-regione-per-lattivita-svolta-in-abruzzo\\\/\",\"name\":\"Luigi Da Pont, volontario dell'Avac, premiato dalla Regione per l'attivit\u00e0 svolta in Abruzzo - Bellunopress - Dolomiti\",\"isPartOf\":{\"@id\":\"https:\\\/\\\/www.bellunopress.it\\\/#website\"},\"primaryImageOfPage\":{\"@id\":\"https:\\\/\\\/www.bellunopress.it\\\/2009\\\/10\\\/16\\\/luigi-da-pont-volontario-dellavac-premiato-dalla-regione-per-lattivita-svolta-in-abruzzo\\\/#primaryimage\"},\"image\":{\"@id\":\"https:\\\/\\\/www.bellunopress.it\\\/2009\\\/10\\\/16\\\/luigi-da-pont-volontario-dellavac-premiato-dalla-regione-per-lattivita-svolta-in-abruzzo\\\/#primaryimage\"},\"thumbnailUrl\":\"http:\\\/\\\/www.bellunopress.it\\\/wp-content\\\/uploads\\\/2009\\\/10\\\/avac.gif\",\"datePublished\":\"2009-10-16T15:57:25+00:00\",\"breadcrumb\":{\"@id\":\"https:\\\/\\\/www.bellunopress.it\\\/2009\\\/10\\\/16\\\/luigi-da-pont-volontario-dellavac-premiato-dalla-regione-per-lattivita-svolta-in-abruzzo\\\/#breadcrumb\"},\"inLanguage\":\"fr-FR\",\"potentialAction\":[{\"@type\":\"ReadAction\",\"target\":[\"https:\\\/\\\/www.bellunopress.it\\\/2009\\\/10\\\/16\\\/luigi-da-pont-volontario-dellavac-premiato-dalla-regione-per-lattivita-svolta-in-abruzzo\\\/\"]}]},{\"@type\":\"ImageObject\",\"inLanguage\":\"fr-FR\",\"@id\":\"https:\\\/\\\/www.bellunopress.it\\\/2009\\\/10\\\/16\\\/luigi-da-pont-volontario-dellavac-premiato-dalla-regione-per-lattivita-svolta-in-abruzzo\\\/#primaryimage\",\"url\":\"http:\\\/\\\/www.bellunopress.it\\\/wp-content\\\/uploads\\\/2009\\\/10\\\/avac.gif\",\"contentUrl\":\"http:\\\/\\\/www.bellunopress.it\\\/wp-content\\\/uploads\\\/2009\\\/10\\\/avac.gif\"},{\"@type\":\"BreadcrumbList\",\"@id\":\"https:\\\/\\\/www.bellunopress.it\\\/2009\\\/10\\\/16\\\/luigi-da-pont-volontario-dellavac-premiato-dalla-regione-per-lattivita-svolta-in-abruzzo\\\/#breadcrumb\",\"itemListElement\":[{\"@type\":\"ListItem\",\"position\":1,\"name\":\"Home\",\"item\":\"https:\\\/\\\/www.bellunopress.it\\\/\"},{\"@type\":\"ListItem\",\"position\":2,\"name\":\"Luigi Da Pont, volontario dell&#8217;Avac, premiato dalla Regione per l&#8217;attivit\u00e0 svolta in Abruzzo\"}]},{\"@type\":\"WebSite\",\"@id\":\"https:\\\/\\\/www.bellunopress.it\\\/#website\",\"url\":\"https:\\\/\\\/www.bellunopress.it\\\/\",\"name\":\"Bellunopress - Dolomiti\",\"description\":\"e-mail: redazione@bellunopress.it\",\"publisher\":{\"@id\":\"https:\\\/\\\/www.bellunopress.it\\\/#organization\"},\"potentialAction\":[{\"@type\":\"SearchAction\",\"target\":{\"@type\":\"EntryPoint\",\"urlTemplate\":\"https:\\\/\\\/www.bellunopress.it\\\/?s={search_term_string}\"},\"query-input\":{\"@type\":\"PropertyValueSpecification\",\"valueRequired\":true,\"valueName\":\"search_term_string\"}}],\"inLanguage\":\"fr-FR\"},{\"@type\":\"Organization\",\"@id\":\"https:\\\/\\\/www.bellunopress.it\\\/#organization\",\"name\":\"Bellunopress\",\"url\":\"https:\\\/\\\/www.bellunopress.it\\\/\",\"logo\":{\"@type\":\"ImageObject\",\"inLanguage\":\"fr-FR\",\"@id\":\"https:\\\/\\\/www.bellunopress.it\\\/#\\\/schema\\\/logo\\\/image\\\/\",\"url\":\"https:\\\/\\\/www.bellunopress.it\\\/wp-content\\\/uploads\\\/2011\\\/05\\\/cropped-logo-bellunopress-.jpg\",\"contentUrl\":\"https:\\\/\\\/www.bellunopress.it\\\/wp-content\\\/uploads\\\/2011\\\/05\\\/cropped-logo-bellunopress-.jpg\",\"width\":512,\"height\":512,\"caption\":\"Bellunopress\"},\"image\":{\"@id\":\"https:\\\/\\\/www.bellunopress.it\\\/#\\\/schema\\\/logo\\\/image\\\/\"},\"sameAs\":[\"https:\\\/\\\/www.facebook.com\\\/profile.php?id=100008943462799\",\"https:\\\/\\\/x.com\\\/bellunopress\",\"https:\\\/\\\/www.linkedin.com\\\/hp\\\/?dnr=JBzUWaJfMUw8vbXJJ2tVW5-I3jZKvC4wsoxE&amp;amp;amp;amp;amp;amp;trk=nav_responsive_tab_home\",\"https:\\\/\\\/www.youtube.com\\\/channel\\\/UCxL0wu1uN0_3_7hGG0306cw\"]},{\"@type\":\"Person\",\"@id\":\"https:\\\/\\\/www.bellunopress.it\\\/#\\\/schema\\\/person\\\/79bb06722b37ece1c03d3e94beb30d73\",\"name\":\"redazione\",\"image\":{\"@type\":\"ImageObject\",\"inLanguage\":\"fr-FR\",\"@id\":\"https:\\\/\\\/secure.gravatar.com\\\/avatar\\\/37d968a2e67a6fd04c169c4bdef102d0bc5d31b2546345219e348575eb80e9a0?s=96&d=mm&r=g\",\"url\":\"https:\\\/\\\/secure.gravatar.com\\\/avatar\\\/37d968a2e67a6fd04c169c4bdef102d0bc5d31b2546345219e348575eb80e9a0?s=96&d=mm&r=g\",\"contentUrl\":\"https:\\\/\\\/secure.gravatar.com\\\/avatar\\\/37d968a2e67a6fd04c169c4bdef102d0bc5d31b2546345219e348575eb80e9a0?s=96&d=mm&r=g\",\"caption\":\"redazione\"},\"sameAs\":[\"http:\\\/\\\/www.bellunopress.it\",\"https:\\\/\\\/x.com\\\/bellunopress\"],\"url\":\"https:\\\/\\\/www.bellunopress.it\\\/fr\\\/author\\\/redazione\\\/\"}]}<\/script>\n<!-- \/ Yoast SEO plugin. -->","yoast_head_json":{"title":"Luigi Da Pont, volontario dell'Avac, premiato dalla Regione per l'attivit\u00e0 svolta in Abruzzo  - Bellunopress - Dolomiti","robots":{"index":"index","follow":"follow","max-snippet":"max-snippet:-1","max-image-preview":"max-image-preview:large","max-video-preview":"max-video-preview:-1"},"canonical":"https:\/\/www.bellunopress.it\/fr\/2009\/10\/16\/luigi-da-pont-volontario-dellavac-premiato-dalla-regione-per-lattivita-svolta-in-abruzzo\/","og_locale":"fr_FR","og_type":"article","og_title":"Luigi Da Pont, volontario dell'Avac, premiato dalla Regione per l'attivit\u00e0 svolta in Abruzzo  - Bellunopress - Dolomiti","og_description":"Importante riconoscimento per l\u2019associazione cinofila Avac Fenrir di Santa Giustina. Uno dei suoi volontari, Luigi Da Pont, ricever\u00e0 dalla Regione Veneto il \u201cLeone d\u2019oro\u201d per l\u2019attivit\u00e0 svolta in Abruzzo dopo il terribile terremoto dello scorso aprile. Ad annunciarlo\u00a0 con soddisfazione \u00e8 la presidente dell\u2019Avac Fanrir, Nadia Mehalla, che sar\u00e0 con Da Pont a Venezia insieme [&hellip;]","og_url":"https:\/\/www.bellunopress.it\/fr\/2009\/10\/16\/luigi-da-pont-volontario-dellavac-premiato-dalla-regione-per-lattivita-svolta-in-abruzzo\/","og_site_name":"Bellunopress - Dolomiti","article_publisher":"https:\/\/www.facebook.com\/profile.php?id=100008943462799","article_published_time":"2009-10-16T15:57:25+00:00","og_image":[{"url":"http:\/\/www.bellunopress.it\/wp-content\/uploads\/2009\/10\/avac.gif","type":"","width":"","height":""}],"author":"redazione","twitter_card":"summary_large_image","twitter_creator":"@bellunopress","twitter_site":"@bellunopress","twitter_misc":{"\u00c9crit par":"redazione","Dur\u00e9e de lecture estim\u00e9e":"2 minutes"},"schema":{"@context":"https:\/\/schema.org","@graph":[{"@type":"Article","@id":"https:\/\/www.bellunopress.it\/2009\/10\/16\/luigi-da-pont-volontario-dellavac-premiato-dalla-regione-per-lattivita-svolta-in-abruzzo\/#article","isPartOf":{"@id":"https:\/\/www.bellunopress.it\/2009\/10\/16\/luigi-da-pont-volontario-dellavac-premiato-dalla-regione-per-lattivita-svolta-in-abruzzo\/"},"author":{"name":"redazione","@id":"https:\/\/www.bellunopress.it\/#\/schema\/person\/79bb06722b37ece1c03d3e94beb30d73"},"headline":"Luigi Da Pont, volontario dell&#8217;Avac, premiato dalla Regione per l&#8217;attivit\u00e0 svolta in Abruzzo","datePublished":"2009-10-16T15:57:25+00:00","mainEntityOfPage":{"@id":"https:\/\/www.bellunopress.it\/2009\/10\/16\/luigi-da-pont-volontario-dellavac-premiato-dalla-regione-per-lattivita-svolta-in-abruzzo\/"},"wordCount":318,"publisher":{"@id":"https:\/\/www.bellunopress.it\/#organization"},"image":{"@id":"https:\/\/www.bellunopress.it\/2009\/10\/16\/luigi-da-pont-volontario-dellavac-premiato-dalla-regione-per-lattivita-svolta-in-abruzzo\/#primaryimage"},"thumbnailUrl":"http:\/\/www.bellunopress.it\/wp-content\/uploads\/2009\/10\/avac.gif","keywords":["Belluno"],"articleSection":["Cronaca\/Politica","Prima Pagina"],"inLanguage":"fr-FR"},{"@type":"WebPage","@id":"https:\/\/www.bellunopress.it\/2009\/10\/16\/luigi-da-pont-volontario-dellavac-premiato-dalla-regione-per-lattivita-svolta-in-abruzzo\/","url":"https:\/\/www.bellunopress.it\/2009\/10\/16\/luigi-da-pont-volontario-dellavac-premiato-dalla-regione-per-lattivita-svolta-in-abruzzo\/","name":"Luigi Da Pont, volontario dell'Avac, premiato dalla Regione per l'attivit\u00e0 svolta in Abruzzo - Bellunopress - Dolomiti","isPartOf":{"@id":"https:\/\/www.bellunopress.it\/#website"},"primaryImageOfPage":{"@id":"https:\/\/www.bellunopress.it\/2009\/10\/16\/luigi-da-pont-volontario-dellavac-premiato-dalla-regione-per-lattivita-svolta-in-abruzzo\/#primaryimage"},"image":{"@id":"https:\/\/www.bellunopress.it\/2009\/10\/16\/luigi-da-pont-volontario-dellavac-premiato-dalla-regione-per-lattivita-svolta-in-abruzzo\/#primaryimage"},"thumbnailUrl":"http:\/\/www.bellunopress.it\/wp-content\/uploads\/2009\/10\/avac.gif","datePublished":"2009-10-16T15:57:25+00:00","breadcrumb":{"@id":"https:\/\/www.bellunopress.it\/2009\/10\/16\/luigi-da-pont-volontario-dellavac-premiato-dalla-regione-per-lattivita-svolta-in-abruzzo\/#breadcrumb"},"inLanguage":"fr-FR","potentialAction":[{"@type":"ReadAction","target":["https:\/\/www.bellunopress.it\/2009\/10\/16\/luigi-da-pont-volontario-dellavac-premiato-dalla-regione-per-lattivita-svolta-in-abruzzo\/"]}]},{"@type":"ImageObject","inLanguage":"fr-FR","@id":"https:\/\/www.bellunopress.it\/2009\/10\/16\/luigi-da-pont-volontario-dellavac-premiato-dalla-regione-per-lattivita-svolta-in-abruzzo\/#primaryimage","url":"http:\/\/www.bellunopress.it\/wp-content\/uploads\/2009\/10\/avac.gif","contentUrl":"http:\/\/www.bellunopress.it\/wp-content\/uploads\/2009\/10\/avac.gif"},{"@type":"BreadcrumbList","@id":"https:\/\/www.bellunopress.it\/2009\/10\/16\/luigi-da-pont-volontario-dellavac-premiato-dalla-regione-per-lattivita-svolta-in-abruzzo\/#breadcrumb","itemListElement":[{"@type":"ListItem","position":1,"name":"Home","item":"https:\/\/www.bellunopress.it\/"},{"@type":"ListItem","position":2,"name":"Luigi Da Pont, volontario dell&#8217;Avac, premiato dalla Regione per l&#8217;attivit\u00e0 svolta in Abruzzo"}]},{"@type":"WebSite","@id":"https:\/\/www.bellunopress.it\/#website","url":"https:\/\/www.bellunopress.it\/","name":"Bellunopress - Dolomiti","description":"e-mail: redazione@bellunopress.it","publisher":{"@id":"https:\/\/www.bellunopress.it\/#organization"},"potentialAction":[{"@type":"SearchAction","target":{"@type":"EntryPoint","urlTemplate":"https:\/\/www.bellunopress.it\/?s={search_term_string}"},"query-input":{"@type":"PropertyValueSpecification","valueRequired":true,"valueName":"search_term_string"}}],"inLanguage":"fr-FR"},{"@type":"Organization","@id":"https:\/\/www.bellunopress.it\/#organization","name":"Bellunopress","url":"https:\/\/www.bellunopress.it\/","logo":{"@type":"ImageObject","inLanguage":"fr-FR","@id":"https:\/\/www.bellunopress.it\/#\/schema\/logo\/image\/","url":"https:\/\/www.bellunopress.it\/wp-content\/uploads\/2011\/05\/cropped-logo-bellunopress-.jpg","contentUrl":"https:\/\/www.bellunopress.it\/wp-content\/uploads\/2011\/05\/cropped-logo-bellunopress-.jpg","width":512,"height":512,"caption":"Bellunopress"},"image":{"@id":"https:\/\/www.bellunopress.it\/#\/schema\/logo\/image\/"},"sameAs":["https:\/\/www.facebook.com\/profile.php?id=100008943462799","https:\/\/x.com\/bellunopress","https:\/\/www.linkedin.com\/hp\/?dnr=JBzUWaJfMUw8vbXJJ2tVW5-I3jZKvC4wsoxE&amp;amp;amp;amp;amp;amp;trk=nav_responsive_tab_home","https:\/\/www.youtube.com\/channel\/UCxL0wu1uN0_3_7hGG0306cw"]},{"@type":"Person","@id":"https:\/\/www.bellunopress.it\/#\/schema\/person\/79bb06722b37ece1c03d3e94beb30d73","name":"r\u00e9daction","image":{"@type":"ImageObject","inLanguage":"fr-FR","@id":"https:\/\/secure.gravatar.com\/avatar\/37d968a2e67a6fd04c169c4bdef102d0bc5d31b2546345219e348575eb80e9a0?s=96&d=mm&r=g","url":"https:\/\/secure.gravatar.com\/avatar\/37d968a2e67a6fd04c169c4bdef102d0bc5d31b2546345219e348575eb80e9a0?s=96&d=mm&r=g","contentUrl":"https:\/\/secure.gravatar.com\/avatar\/37d968a2e67a6fd04c169c4bdef102d0bc5d31b2546345219e348575eb80e9a0?s=96&d=mm&r=g","caption":"redazione"},"sameAs":["http:\/\/www.bellunopress.it","https:\/\/x.com\/bellunopress"],"url":"https:\/\/www.bellunopress.it\/fr\/author\/redazione\/"}]}},"_links":{"self":[{"href":"https:\/\/www.bellunopress.it\/fr\/wp-json\/wp\/v2\/posts\/8957","targetHints":{"allow":["GET"]}}],"collection":[{"href":"https:\/\/www.bellunopress.it\/fr\/wp-json\/wp\/v2\/posts"}],"about":[{"href":"https:\/\/www.bellunopress.it\/fr\/wp-json\/wp\/v2\/types\/post"}],"author":[{"embeddable":true,"href":"https:\/\/www.bellunopress.it\/fr\/wp-json\/wp\/v2\/users\/2"}],"replies":[{"embeddable":true,"href":"https:\/\/www.bellunopress.it\/fr\/wp-json\/wp\/v2\/comments?post=8957"}],"version-history":[{"count":1,"href":"https:\/\/www.bellunopress.it\/fr\/wp-json\/wp\/v2\/posts\/8957\/revisions"}],"predecessor-version":[{"id":8959,"href":"https:\/\/www.bellunopress.it\/fr\/wp-json\/wp\/v2\/posts\/8957\/revisions\/8959"}],"wp:attachment":[{"href":"https:\/\/www.bellunopress.it\/fr\/wp-json\/wp\/v2\/media?parent=8957"}],"wp:term":[{"taxonomy":"category","embeddable":true,"href":"https:\/\/www.bellunopress.it\/fr\/wp-json\/wp\/v2\/categories?post=8957"},{"taxonomy":"post_tag","embeddable":true,"href":"https:\/\/www.bellunopress.it\/fr\/wp-json\/wp\/v2\/tags?post=8957"}],"curies":[{"name":"wp","href":"https:\/\/api.w.org\/{rel}","templated":true}]}}