{"id":8954,"date":"2009-10-16T16:49:07","date_gmt":"2009-10-16T15:49:07","guid":{"rendered":"http:\/\/www.bellunopress.it\/?p=8954"},"modified":"2009-10-16T16:49:07","modified_gmt":"2009-10-16T15:49:07","slug":"nuove-opportunita-con-gli-stage-dellappia","status":"publish","type":"post","link":"https:\/\/www.bellunopress.it\/fr\/2009\/10\/16\/nuove-opportunita-con-gli-stage-dellappia\/","title":{"rendered":"Nuove opportunita con gli stage dell&#8217;Appia"},"content":{"rendered":"<figure id=\"attachment_7601\" aria-describedby=\"caption-attachment-7601\" style=\"width: 180px\" class=\"wp-caption alignleft\"><a href=\"http:\/\/www.bellunopress.it\/wp-content\/uploads\/2009\/09\/maurizio-ranon.jpg\"><img loading=\"lazy\" decoding=\"async\" class=\"size-medium wp-image-7601\" title=\"maurizio-ranon 270x180\" src=\"http:\/\/www.bellunopress.it\/wp-content\/uploads\/2009\/09\/maurizio-ranon.jpg\" alt=\"Maurizio Ranon direttore Appia\" width=\"180\" height=\"270\" \/><\/a><figcaption id=\"caption-attachment-7601\" class=\"wp-caption-text\">Maurizio Ranon direttore Appia<\/figcaption><\/figure>\n<p>Da anni l\u2019APPIA, in convenzione con l\u2019Amministrazione Provinciale, organizza stage estivi di orientamento nelle aziende. Nel 2009, per le nuove esigenze manifestate dalle aziende e alla luce dei risultati ampiamente soddisfacenti che l\u2019esperienza ha fatto registrare, \u00e8 stata firmata una convenzione con durata triennale. Questo permetter\u00e0, ora che si sono conclusi gli stage estivi di orientamento, di dar corso a tirocini formativi. Questo tipo di tirocini, che sono destinati a persone in attesa del primo impiego o in stato di disoccupazione, hanno due possibili finalit\u00e0 formative. In primo luogo, permettono a un\u2019azienda di inserire al proprio interno, per un determinato periodo, un potenziale candidato all\u2019assunzione senza dover instaurare un rapporto di lavoro. Questo offre la possibilit\u00e0 al tirocinante e all\u2019azienda di valutarsi reciprocamente e, quindi, decidere se perfezionare l\u2019assunzione. Gli stage formativi, poi, permettono l\u2019inserimento in azienda di un tirocinante che abbia interessi di tipo didattico, ossia che voglia maturare un\u2019esperienza aziendale per poi proseguire il proprio percorso di studio o altri tipi di specializzazione professionale. \u201cCon i tirocini formativi, l\u2019APPIA si dota di una marcia in pi\u00f9 rileva il direttore, Maurizio Ranon &#8211; completando un\u2019offerta che diversifica l\u2019approccio al mondo del lavoro, non solo per i ragazzi che durante l\u2019estate alternano allo studio l\u2019esperienza in azienda, ma anche per coloro che si avvicinano al mondo del lavoro da altre angolazioni. Pensiamo, ad esempio, allo studente universitario che completa il proprio curriculum collaborando con aziende del settore in cui si sta specializzando o all\u2019inoccupato, che, pur privo di esperienza lavorativa, trova nel tirocinio formativo un percorso agevolato per inserirsi in una realt\u00e0 aziendale\u201d. I tirocini formativi avranno una durata massima di sei mesi e saranno avviati attraverso la redazione di un progetto formativo individuale, dopo un colloquio con il Centro per l\u2019Impiego di riferimento per l\u2019azienda. Le aziende interessate possono prendere contato con il Servizio Formazione dell\u2019APPIA (tel. 0437\/954411) sia per ottenere ulteriori informazioni, sia per il disbrigo delle pratiche necessarie.<\/p>","protected":false},"excerpt":{"rendered":"<p>Da anni l\u2019APPIA, in convenzione con l\u2019Amministrazione Provinciale, organizza stage estivi di orientamento nelle aziende. Nel 2009, per le nuove esigenze manifestate dalle aziende e alla luce dei risultati ampiamente soddisfacenti che l\u2019esperienza ha fatto registrare, \u00e8 stata firmata una convenzione con durata triennale. Questo permetter\u00e0, ora che si sono conclusi gli stage estivi di [&hellip;]<\/p>\n","protected":false},"author":2,"featured_media":0,"comment_status":"closed","ping_status":"open","sticky":false,"template":"","format":"standard","meta":{"footnotes":""},"categories":[36,26],"tags":[139],"class_list":["post-8954","post","type-post","status-publish","format-standard","category-lavoro-economia","category-prima-pagina","tag-belluno"],"yoast_head":"<!-- This site is optimized with the Yoast SEO plugin v28.4 - https:\/\/yoast.com\/product\/yoast-seo-wordpress\/ -->\n<title>Nuove opportunita con gli stage dell&#039;Appia - Bellunopress - Dolomiti<\/title>\n<meta name=\"robots\" content=\"index, follow, max-snippet:-1, max-image-preview:large, max-video-preview:-1\" \/>\n<link rel=\"canonical\" href=\"https:\/\/www.bellunopress.it\/fr\/2009\/10\/16\/nuove-opportunita-con-gli-stage-dellappia\/\" \/>\n<meta property=\"og:locale\" content=\"fr_FR\" \/>\n<meta property=\"og:type\" content=\"article\" \/>\n<meta property=\"og:title\" content=\"Nuove opportunita con gli stage dell&#039;Appia - Bellunopress - Dolomiti\" \/>\n<meta property=\"og:description\" content=\"Da anni l\u2019APPIA, in convenzione con l\u2019Amministrazione Provinciale, organizza stage estivi di orientamento nelle aziende. Nel 2009, per le nuove esigenze manifestate dalle aziende e alla luce dei risultati ampiamente soddisfacenti che l\u2019esperienza ha fatto registrare, \u00e8 stata firmata una convenzione con durata triennale. Questo permetter\u00e0, ora che si sono conclusi gli stage estivi di [&hellip;]\" \/>\n<meta property=\"og:url\" content=\"https:\/\/www.bellunopress.it\/fr\/2009\/10\/16\/nuove-opportunita-con-gli-stage-dellappia\/\" \/>\n<meta property=\"og:site_name\" content=\"Bellunopress - Dolomiti\" \/>\n<meta property=\"article:publisher\" content=\"https:\/\/www.facebook.com\/profile.php?id=100008943462799\" \/>\n<meta property=\"article:published_time\" content=\"2009-10-16T15:49:07+00:00\" \/>\n<meta property=\"og:image\" content=\"http:\/\/www.bellunopress.it\/wp-content\/uploads\/2009\/09\/maurizio-ranon.jpg\" \/>\n<meta name=\"author\" content=\"redazione\" \/>\n<meta name=\"twitter:card\" content=\"summary_large_image\" \/>\n<meta name=\"twitter:creator\" content=\"@bellunopress\" \/>\n<meta name=\"twitter:site\" content=\"@bellunopress\" \/>\n<meta name=\"twitter:label1\" content=\"\u00c9crit par\" \/>\n\t<meta name=\"twitter:data1\" content=\"redazione\" \/>\n\t<meta name=\"twitter:label2\" content=\"Dur\u00e9e de lecture estim\u00e9e\" \/>\n\t<meta name=\"twitter:data2\" content=\"2 minutes\" \/>\n<script type=\"application\/ld+json\" class=\"yoast-schema-graph\">{\"@context\":\"https:\\\/\\\/schema.org\",\"@graph\":[{\"@type\":\"Article\",\"@id\":\"https:\\\/\\\/www.bellunopress.it\\\/2009\\\/10\\\/16\\\/nuove-opportunita-con-gli-stage-dellappia\\\/#article\",\"isPartOf\":{\"@id\":\"https:\\\/\\\/www.bellunopress.it\\\/2009\\\/10\\\/16\\\/nuove-opportunita-con-gli-stage-dellappia\\\/\"},\"author\":{\"name\":\"redazione\",\"@id\":\"https:\\\/\\\/www.bellunopress.it\\\/#\\\/schema\\\/person\\\/79bb06722b37ece1c03d3e94beb30d73\"},\"headline\":\"Nuove opportunita con gli stage dell&#8217;Appia\",\"datePublished\":\"2009-10-16T15:49:07+00:00\",\"mainEntityOfPage\":{\"@id\":\"https:\\\/\\\/www.bellunopress.it\\\/2009\\\/10\\\/16\\\/nuove-opportunita-con-gli-stage-dellappia\\\/\"},\"wordCount\":355,\"publisher\":{\"@id\":\"https:\\\/\\\/www.bellunopress.it\\\/#organization\"},\"image\":{\"@id\":\"https:\\\/\\\/www.bellunopress.it\\\/2009\\\/10\\\/16\\\/nuove-opportunita-con-gli-stage-dellappia\\\/#primaryimage\"},\"thumbnailUrl\":\"http:\\\/\\\/www.bellunopress.it\\\/wp-content\\\/uploads\\\/2009\\\/09\\\/maurizio-ranon.jpg\",\"keywords\":[\"Belluno\"],\"articleSection\":[\"Lavoro, Economia, Turismo\",\"Prima Pagina\"],\"inLanguage\":\"fr-FR\"},{\"@type\":\"WebPage\",\"@id\":\"https:\\\/\\\/www.bellunopress.it\\\/2009\\\/10\\\/16\\\/nuove-opportunita-con-gli-stage-dellappia\\\/\",\"url\":\"https:\\\/\\\/www.bellunopress.it\\\/2009\\\/10\\\/16\\\/nuove-opportunita-con-gli-stage-dellappia\\\/\",\"name\":\"Nuove opportunita con gli stage dell'Appia - Bellunopress - Dolomiti\",\"isPartOf\":{\"@id\":\"https:\\\/\\\/www.bellunopress.it\\\/#website\"},\"primaryImageOfPage\":{\"@id\":\"https:\\\/\\\/www.bellunopress.it\\\/2009\\\/10\\\/16\\\/nuove-opportunita-con-gli-stage-dellappia\\\/#primaryimage\"},\"image\":{\"@id\":\"https:\\\/\\\/www.bellunopress.it\\\/2009\\\/10\\\/16\\\/nuove-opportunita-con-gli-stage-dellappia\\\/#primaryimage\"},\"thumbnailUrl\":\"http:\\\/\\\/www.bellunopress.it\\\/wp-content\\\/uploads\\\/2009\\\/09\\\/maurizio-ranon.jpg\",\"datePublished\":\"2009-10-16T15:49:07+00:00\",\"breadcrumb\":{\"@id\":\"https:\\\/\\\/www.bellunopress.it\\\/2009\\\/10\\\/16\\\/nuove-opportunita-con-gli-stage-dellappia\\\/#breadcrumb\"},\"inLanguage\":\"fr-FR\",\"potentialAction\":[{\"@type\":\"ReadAction\",\"target\":[\"https:\\\/\\\/www.bellunopress.it\\\/2009\\\/10\\\/16\\\/nuove-opportunita-con-gli-stage-dellappia\\\/\"]}]},{\"@type\":\"ImageObject\",\"inLanguage\":\"fr-FR\",\"@id\":\"https:\\\/\\\/www.bellunopress.it\\\/2009\\\/10\\\/16\\\/nuove-opportunita-con-gli-stage-dellappia\\\/#primaryimage\",\"url\":\"http:\\\/\\\/www.bellunopress.it\\\/wp-content\\\/uploads\\\/2009\\\/09\\\/maurizio-ranon.jpg\",\"contentUrl\":\"http:\\\/\\\/www.bellunopress.it\\\/wp-content\\\/uploads\\\/2009\\\/09\\\/maurizio-ranon.jpg\"},{\"@type\":\"BreadcrumbList\",\"@id\":\"https:\\\/\\\/www.bellunopress.it\\\/2009\\\/10\\\/16\\\/nuove-opportunita-con-gli-stage-dellappia\\\/#breadcrumb\",\"itemListElement\":[{\"@type\":\"ListItem\",\"position\":1,\"name\":\"Home\",\"item\":\"https:\\\/\\\/www.bellunopress.it\\\/\"},{\"@type\":\"ListItem\",\"position\":2,\"name\":\"Nuove opportunita con gli stage dell&#8217;Appia\"}]},{\"@type\":\"WebSite\",\"@id\":\"https:\\\/\\\/www.bellunopress.it\\\/#website\",\"url\":\"https:\\\/\\\/www.bellunopress.it\\\/\",\"name\":\"Bellunopress - Dolomiti\",\"description\":\"e-mail: redazione@bellunopress.it\",\"publisher\":{\"@id\":\"https:\\\/\\\/www.bellunopress.it\\\/#organization\"},\"potentialAction\":[{\"@type\":\"SearchAction\",\"target\":{\"@type\":\"EntryPoint\",\"urlTemplate\":\"https:\\\/\\\/www.bellunopress.it\\\/?s={search_term_string}\"},\"query-input\":{\"@type\":\"PropertyValueSpecification\",\"valueRequired\":true,\"valueName\":\"search_term_string\"}}],\"inLanguage\":\"fr-FR\"},{\"@type\":\"Organization\",\"@id\":\"https:\\\/\\\/www.bellunopress.it\\\/#organization\",\"name\":\"Bellunopress\",\"url\":\"https:\\\/\\\/www.bellunopress.it\\\/\",\"logo\":{\"@type\":\"ImageObject\",\"inLanguage\":\"fr-FR\",\"@id\":\"https:\\\/\\\/www.bellunopress.it\\\/#\\\/schema\\\/logo\\\/image\\\/\",\"url\":\"https:\\\/\\\/www.bellunopress.it\\\/wp-content\\\/uploads\\\/2011\\\/05\\\/cropped-logo-bellunopress-.jpg\",\"contentUrl\":\"https:\\\/\\\/www.bellunopress.it\\\/wp-content\\\/uploads\\\/2011\\\/05\\\/cropped-logo-bellunopress-.jpg\",\"width\":512,\"height\":512,\"caption\":\"Bellunopress\"},\"image\":{\"@id\":\"https:\\\/\\\/www.bellunopress.it\\\/#\\\/schema\\\/logo\\\/image\\\/\"},\"sameAs\":[\"https:\\\/\\\/www.facebook.com\\\/profile.php?id=100008943462799\",\"https:\\\/\\\/x.com\\\/bellunopress\",\"https:\\\/\\\/www.linkedin.com\\\/hp\\\/?dnr=JBzUWaJfMUw8vbXJJ2tVW5-I3jZKvC4wsoxE&amp;amp;amp;amp;amp;amp;trk=nav_responsive_tab_home\",\"https:\\\/\\\/www.youtube.com\\\/channel\\\/UCxL0wu1uN0_3_7hGG0306cw\"]},{\"@type\":\"Person\",\"@id\":\"https:\\\/\\\/www.bellunopress.it\\\/#\\\/schema\\\/person\\\/79bb06722b37ece1c03d3e94beb30d73\",\"name\":\"redazione\",\"image\":{\"@type\":\"ImageObject\",\"inLanguage\":\"fr-FR\",\"@id\":\"https:\\\/\\\/secure.gravatar.com\\\/avatar\\\/37d968a2e67a6fd04c169c4bdef102d0bc5d31b2546345219e348575eb80e9a0?s=96&d=mm&r=g\",\"url\":\"https:\\\/\\\/secure.gravatar.com\\\/avatar\\\/37d968a2e67a6fd04c169c4bdef102d0bc5d31b2546345219e348575eb80e9a0?s=96&d=mm&r=g\",\"contentUrl\":\"https:\\\/\\\/secure.gravatar.com\\\/avatar\\\/37d968a2e67a6fd04c169c4bdef102d0bc5d31b2546345219e348575eb80e9a0?s=96&d=mm&r=g\",\"caption\":\"redazione\"},\"sameAs\":[\"http:\\\/\\\/www.bellunopress.it\",\"https:\\\/\\\/x.com\\\/bellunopress\"],\"url\":\"https:\\\/\\\/www.bellunopress.it\\\/fr\\\/author\\\/redazione\\\/\"}]}<\/script>\n<!-- \/ Yoast SEO plugin. -->","yoast_head_json":{"title":"Nuove opportunita con gli stage dell'Appia - Bellunopress - Dolomiti","robots":{"index":"index","follow":"follow","max-snippet":"max-snippet:-1","max-image-preview":"max-image-preview:large","max-video-preview":"max-video-preview:-1"},"canonical":"https:\/\/www.bellunopress.it\/fr\/2009\/10\/16\/nuove-opportunita-con-gli-stage-dellappia\/","og_locale":"fr_FR","og_type":"article","og_title":"Nuove opportunita con gli stage dell'Appia - Bellunopress - Dolomiti","og_description":"Da anni l\u2019APPIA, in convenzione con l\u2019Amministrazione Provinciale, organizza stage estivi di orientamento nelle aziende. Nel 2009, per le nuove esigenze manifestate dalle aziende e alla luce dei risultati ampiamente soddisfacenti che l\u2019esperienza ha fatto registrare, \u00e8 stata firmata una convenzione con durata triennale. Questo permetter\u00e0, ora che si sono conclusi gli stage estivi di [&hellip;]","og_url":"https:\/\/www.bellunopress.it\/fr\/2009\/10\/16\/nuove-opportunita-con-gli-stage-dellappia\/","og_site_name":"Bellunopress - Dolomiti","article_publisher":"https:\/\/www.facebook.com\/profile.php?id=100008943462799","article_published_time":"2009-10-16T15:49:07+00:00","og_image":[{"url":"http:\/\/www.bellunopress.it\/wp-content\/uploads\/2009\/09\/maurizio-ranon.jpg","type":"","width":"","height":""}],"author":"redazione","twitter_card":"summary_large_image","twitter_creator":"@bellunopress","twitter_site":"@bellunopress","twitter_misc":{"\u00c9crit par":"redazione","Dur\u00e9e de lecture estim\u00e9e":"2 minutes"},"schema":{"@context":"https:\/\/schema.org","@graph":[{"@type":"Article","@id":"https:\/\/www.bellunopress.it\/2009\/10\/16\/nuove-opportunita-con-gli-stage-dellappia\/#article","isPartOf":{"@id":"https:\/\/www.bellunopress.it\/2009\/10\/16\/nuove-opportunita-con-gli-stage-dellappia\/"},"author":{"name":"redazione","@id":"https:\/\/www.bellunopress.it\/#\/schema\/person\/79bb06722b37ece1c03d3e94beb30d73"},"headline":"Nuove opportunita con gli stage dell&#8217;Appia","datePublished":"2009-10-16T15:49:07+00:00","mainEntityOfPage":{"@id":"https:\/\/www.bellunopress.it\/2009\/10\/16\/nuove-opportunita-con-gli-stage-dellappia\/"},"wordCount":355,"publisher":{"@id":"https:\/\/www.bellunopress.it\/#organization"},"image":{"@id":"https:\/\/www.bellunopress.it\/2009\/10\/16\/nuove-opportunita-con-gli-stage-dellappia\/#primaryimage"},"thumbnailUrl":"http:\/\/www.bellunopress.it\/wp-content\/uploads\/2009\/09\/maurizio-ranon.jpg","keywords":["Belluno"],"articleSection":["Lavoro, Economia, Turismo","Prima Pagina"],"inLanguage":"fr-FR"},{"@type":"WebPage","@id":"https:\/\/www.bellunopress.it\/2009\/10\/16\/nuove-opportunita-con-gli-stage-dellappia\/","url":"https:\/\/www.bellunopress.it\/2009\/10\/16\/nuove-opportunita-con-gli-stage-dellappia\/","name":"Nuove opportunita con gli stage dell'Appia - Bellunopress - Dolomiti","isPartOf":{"@id":"https:\/\/www.bellunopress.it\/#website"},"primaryImageOfPage":{"@id":"https:\/\/www.bellunopress.it\/2009\/10\/16\/nuove-opportunita-con-gli-stage-dellappia\/#primaryimage"},"image":{"@id":"https:\/\/www.bellunopress.it\/2009\/10\/16\/nuove-opportunita-con-gli-stage-dellappia\/#primaryimage"},"thumbnailUrl":"http:\/\/www.bellunopress.it\/wp-content\/uploads\/2009\/09\/maurizio-ranon.jpg","datePublished":"2009-10-16T15:49:07+00:00","breadcrumb":{"@id":"https:\/\/www.bellunopress.it\/2009\/10\/16\/nuove-opportunita-con-gli-stage-dellappia\/#breadcrumb"},"inLanguage":"fr-FR","potentialAction":[{"@type":"ReadAction","target":["https:\/\/www.bellunopress.it\/2009\/10\/16\/nuove-opportunita-con-gli-stage-dellappia\/"]}]},{"@type":"ImageObject","inLanguage":"fr-FR","@id":"https:\/\/www.bellunopress.it\/2009\/10\/16\/nuove-opportunita-con-gli-stage-dellappia\/#primaryimage","url":"http:\/\/www.bellunopress.it\/wp-content\/uploads\/2009\/09\/maurizio-ranon.jpg","contentUrl":"http:\/\/www.bellunopress.it\/wp-content\/uploads\/2009\/09\/maurizio-ranon.jpg"},{"@type":"BreadcrumbList","@id":"https:\/\/www.bellunopress.it\/2009\/10\/16\/nuove-opportunita-con-gli-stage-dellappia\/#breadcrumb","itemListElement":[{"@type":"ListItem","position":1,"name":"Home","item":"https:\/\/www.bellunopress.it\/"},{"@type":"ListItem","position":2,"name":"Nuove opportunita con gli stage dell&#8217;Appia"}]},{"@type":"WebSite","@id":"https:\/\/www.bellunopress.it\/#website","url":"https:\/\/www.bellunopress.it\/","name":"Bellunopress - Dolomiti","description":"e-mail: redazione@bellunopress.it","publisher":{"@id":"https:\/\/www.bellunopress.it\/#organization"},"potentialAction":[{"@type":"SearchAction","target":{"@type":"EntryPoint","urlTemplate":"https:\/\/www.bellunopress.it\/?s={search_term_string}"},"query-input":{"@type":"PropertyValueSpecification","valueRequired":true,"valueName":"search_term_string"}}],"inLanguage":"fr-FR"},{"@type":"Organization","@id":"https:\/\/www.bellunopress.it\/#organization","name":"Bellunopress","url":"https:\/\/www.bellunopress.it\/","logo":{"@type":"ImageObject","inLanguage":"fr-FR","@id":"https:\/\/www.bellunopress.it\/#\/schema\/logo\/image\/","url":"https:\/\/www.bellunopress.it\/wp-content\/uploads\/2011\/05\/cropped-logo-bellunopress-.jpg","contentUrl":"https:\/\/www.bellunopress.it\/wp-content\/uploads\/2011\/05\/cropped-logo-bellunopress-.jpg","width":512,"height":512,"caption":"Bellunopress"},"image":{"@id":"https:\/\/www.bellunopress.it\/#\/schema\/logo\/image\/"},"sameAs":["https:\/\/www.facebook.com\/profile.php?id=100008943462799","https:\/\/x.com\/bellunopress","https:\/\/www.linkedin.com\/hp\/?dnr=JBzUWaJfMUw8vbXJJ2tVW5-I3jZKvC4wsoxE&amp;amp;amp;amp;amp;amp;trk=nav_responsive_tab_home","https:\/\/www.youtube.com\/channel\/UCxL0wu1uN0_3_7hGG0306cw"]},{"@type":"Person","@id":"https:\/\/www.bellunopress.it\/#\/schema\/person\/79bb06722b37ece1c03d3e94beb30d73","name":"r\u00e9daction","image":{"@type":"ImageObject","inLanguage":"fr-FR","@id":"https:\/\/secure.gravatar.com\/avatar\/37d968a2e67a6fd04c169c4bdef102d0bc5d31b2546345219e348575eb80e9a0?s=96&d=mm&r=g","url":"https:\/\/secure.gravatar.com\/avatar\/37d968a2e67a6fd04c169c4bdef102d0bc5d31b2546345219e348575eb80e9a0?s=96&d=mm&r=g","contentUrl":"https:\/\/secure.gravatar.com\/avatar\/37d968a2e67a6fd04c169c4bdef102d0bc5d31b2546345219e348575eb80e9a0?s=96&d=mm&r=g","caption":"redazione"},"sameAs":["http:\/\/www.bellunopress.it","https:\/\/x.com\/bellunopress"],"url":"https:\/\/www.bellunopress.it\/fr\/author\/redazione\/"}]}},"_links":{"self":[{"href":"https:\/\/www.bellunopress.it\/fr\/wp-json\/wp\/v2\/posts\/8954","targetHints":{"allow":["GET"]}}],"collection":[{"href":"https:\/\/www.bellunopress.it\/fr\/wp-json\/wp\/v2\/posts"}],"about":[{"href":"https:\/\/www.bellunopress.it\/fr\/wp-json\/wp\/v2\/types\/post"}],"author":[{"embeddable":true,"href":"https:\/\/www.bellunopress.it\/fr\/wp-json\/wp\/v2\/users\/2"}],"replies":[{"embeddable":true,"href":"https:\/\/www.bellunopress.it\/fr\/wp-json\/wp\/v2\/comments?post=8954"}],"version-history":[{"count":1,"href":"https:\/\/www.bellunopress.it\/fr\/wp-json\/wp\/v2\/posts\/8954\/revisions"}],"predecessor-version":[{"id":8955,"href":"https:\/\/www.bellunopress.it\/fr\/wp-json\/wp\/v2\/posts\/8954\/revisions\/8955"}],"wp:attachment":[{"href":"https:\/\/www.bellunopress.it\/fr\/wp-json\/wp\/v2\/media?parent=8954"}],"wp:term":[{"taxonomy":"category","embeddable":true,"href":"https:\/\/www.bellunopress.it\/fr\/wp-json\/wp\/v2\/categories?post=8954"},{"taxonomy":"post_tag","embeddable":true,"href":"https:\/\/www.bellunopress.it\/fr\/wp-json\/wp\/v2\/tags?post=8954"}],"curies":[{"name":"wp","href":"https:\/\/api.w.org\/{rel}","templated":true}]}}