{"id":8953,"date":"2009-10-16T16:52:34","date_gmt":"2009-10-16T15:52:34","guid":{"rendered":"http:\/\/www.bellunopress.it\/?p=8953"},"modified":"2009-10-16T16:52:34","modified_gmt":"2009-10-16T15:52:34","slug":"presentazione-del-romanzo-cento-madri-giovedi-lentini-e-franchi-alle-edizioni-colophon-a-belluno","status":"publish","type":"post","link":"https:\/\/www.bellunopress.it\/fr\/2009\/10\/16\/presentazione-del-romanzo-cento-madri-giovedi-lentini-e-franchi-alle-edizioni-colophon-a-belluno\/","title":{"rendered":"Presentazione del romanzo &#8220;Cento Madri&#8221;, gioved\u00ec Lentini e Franchi alle edizioni Colophon a Belluno"},"content":{"rendered":"<p>Gioved\u00ec 22 ottobre alle 18,30, nella sede delle Edizioni Colophon, si svolger\u00e0 la presentazione del romanzo<br \/>\n\u201cCento madri\u201d di Alfonso Lentini (Foschi editore 2009), libro vincitore del Premio Citt\u00e0 di Forl\u00ec, a cura di Francesco Piero Franchi con la partecipazione dell\u2019autore. Pubblichiamo la recensione del giornalista della Rai, Gian maria Molli:<a href=\"http:\/\/www.bellunopress.it\/wp-content\/uploads\/2009\/05\/centomadri_fronte-leggera.jpg\"><img loading=\"lazy\" decoding=\"async\" class=\"aligncenter size-medium wp-image-4213\" title=\"centomadri_fronte-leggera\" src=\"http:\/\/www.bellunopress.it\/wp-content\/uploads\/2009\/05\/centomadri_fronte-leggera.jpg\" alt=\"\" width=\"180\" height=\"280\" \/><\/a><br \/>\nIl \u201cdelitto\u201d del siciliano<br \/>\nAlfonso Lentini, poeta, saggista, narratore, \u00e8 anche pittore. Questa sua collaterale vocazione artistica \u00e8 ben presente nel suo ultimo lavoro letterario, Cento Madri, che esce a distanza di quattro anni dal romanzo Un bellunese di Patagonia, storia di un emigrante alla rovescia, e di sei anni da quell\u2019autentico gioiello costituito dal Piccolo inventario degli Specchi, dove Lentini usa un oggetto, appunto lo specchio, per proporre una singolare storia del mondo, ma soprattutto per mostrarci il lato nascosto e oscuro dell\u2019anima umana.<br \/>\nAnche in quest\u2019ultimo romanzo c\u2019\u00e8 un mondo, quello delle Cento Madri, racchiuso in una grande casa in una regione geografica facilmente identificabile nella Sicilia, sia pure mai espressamente nominata tranne nel prologo (\u201cprofumo di mare siciliano\u201d). E c\u2019\u00e8 una sorta di esplorazione delle profondit\u00e0 di un uomo, a partire dalla mitica infanzia di \u201cprincipino\u201d, circondato, protetto ma anche soffocato dalle madri del titolo, fino alla dolorosa, inevitabile decisione che sar\u00e0 svelata solo nel finale del libro, ma preannunciata gi\u00e0 nell\u2019incipit: \u201cIo, che ho commesso il delitto pi\u00f9 atroce, ho avuto cento madri\u201d. Un inizio che sembra ricalcare gli schemi consueti della narrativa di consumo con l\u2019inserimento di una frase a effetto, che sar\u00e0 pi\u00f9 volte ripetuta con variazioni nel corso del libro, come per catturare e tenere viva l\u2019attenzione del lettore. Ma si capisce presto che \u201cil delitto pi\u00f9 spaventoso della storia\u201d, come lo definisce il narratore, sottintende uno stato d\u2019animo: il rimorso, il complesso di colpa che attanaglia il \u201cprincipino\u201d, divenuto, rovesciando le fiabe, \u201cscarafaggio\u201d e \u201cpidocchio\u201d. Non a caso nella sua intelligente postfazione Paolo Ruffilli avverte: \u201cIl lettore, fin da s\u00f9bito sorpreso e dirottato dall\u2019autore perch\u00e9 rimanga sveglio e non si lasci plagiare dal racconto, non ci mette poi tanto a capire che la maternit\u00e0 che si dispiega nelle pagine \u00e8 piuttosto il rapporto conflittuale con la terra madre &#8230;\u201d.<br \/>\nL\u2019autore, dunque, non invoglia a scoprire il \u201cdelitto\u201d, pressoch\u00e9 scontato, che il protagonista commetter\u00e0 alla fine con \u201cun unico gesto\u201d, ma affascina con il labirinto narrativo e pittorico della scrittura che si incunea nelle profondit\u00e0 del protagonista, alternando la prima alla terza persona singolare (talvolta la prima plurale), a sottolineare tanto la partecipazione quanto il dovuto distacco dalla materia trattata. Il pennello si congiunge alla penna s\u00f9bito dopo l\u2019incipit per caratterizzare con un tocco di colore una delle Cento Madri: \u201cQuella dalla labbra rosse\u201d, che poi risulter\u00e0 la vera madre, \u201cla pi\u00f9 appassionata\u201d, ma che cullava male il bambino \u201cperch\u00e9 tutte le sere piangeva: il marito la sgridava continuamente&#8230;\u201d. Il lettore apprender\u00e0 in seguito che il marito \u00e8 un\u2019altra madre: la madre direttore. Esistono altre madri maschio, come la \u201cmadre a forma di colonna dorica\u201d, che \u00e8 \u201cun prete coltissimo e occhialuto\u201d, indispensabile per la formazione culturale del \u201cprincipino\u201d, essendo la madre direttore troppo impegnato a sgridare la madre effettiva e a curarsi malattie inesistenti. Ma il personaggio maschile di maggior rilievo non \u00e8 una \u201cmadre\u201d, bens\u00ec \u201cl\u2019uomo dalla pelle d\u2019oro\u201d, il minatore che di ritorno dalla miniera di zolfo dona frammenti di minerale al \u201cprincipino\u201d e canta con \u201cvoce rocciosa\u201d\u00a0 tragemi d\u2019este focora, per te non ajo abento notte e dia (tirami fuori da questo calore, per te non ho pace notte e giorno). Sar\u00e0 proprio lui a fuggire con la \u201cmadre\u201d pi\u00f9 desiderata, una madre cameriera, la \u201cbellissima dagli occhi d\u2019alchimia\u201d, di cui il bambino \u00e8 da sempre innamorato al punto da indulgere in fantasie erotiche.<br \/>\nDopo aver dato il particolare delle labbra rosse, il pennello-penna traccia un insieme: \u201cIl gruppo delle madri &#8230; vestite di nero stinto e gobbe\u201d, che diverranno, quasi con rapidi segni di china \u201cle madri dall\u2019ossatura aviforme\u201d o \u201cgrosse formiche\u201d con \u201cquei loro capini sormontati da invisibili antenne\u201d. Si va avanti cos\u00ec a capitoli-quadri che ricordano la prosa d\u2019arte del primo Novecento tanto la scrittura \u00e8 raffinata, impreziosita da metafore (\u201cle signorine profumate pronte a immergersi nel miele della passeggiata domenicale\u201d), e percorsa da onomatopee, come durante il viaggio \u201csu un autobus sghangherato\u201d (capitolo 21), durante il quale il filo del dialogo dei passeggeri \u201csi perdeva sopraffatto dai ronchi del motore in salita\u201d. \u00c8 proprio in questo capitolo che emerge prepotente, la lingua. Logico il ricorso a termini dialettali, peraltro assai parco e motivato da esigenze non tanto lessicali quanto ritmiche. Cos\u00ec \u201cscricchiati\u201d, riferito agli occhi, viene preferito all\u2019italiano spalancati, o \u201cacchianato\u201d anzich\u00e9 salito (\u201cIl sangue alla testa gli \u00e8 acchianato a quelli\u201d). Sparsi nel libro si fanno notare \u201crisolenti\u201d per sorridenti, \u201cfilin\u00eca\u201d per ragnatela, \u201ctrazzera\u201d per strada bianca, \u201cci\u00e0ule\u201d per taccole, \u201carraggiati\u201d per rabbiosi.<br \/>\nIn conclusione un romanzo in cui, come sempre in Lentini, la forma non soggiace al plot, anche se qui non viene meno la voglia di narrare raccontando il \u201cdelitto\u201d che ogni siciliano (autore compreso, a dispetto della nota finale) compie quando con \u201cun unico gesto\u201d spezza il cordone ombelicale che lo lega alla sua terra. Un \u201cdelitto\u201d che lascia scie di amarezza, dolore, un profondo senso di colpa, mitigati per\u00f2 dalla certezza di avere comunque fatto la scelta giusta.<\/p>\n<p>Gian Maria Molli<\/p>\n<p>Alfonso Lentini<br \/>\nCento Madri<br \/>\nRomanzo<br \/>\nFoschi Editore<br \/>\n(Euro 11,90, 2009)<\/p>","protected":false},"excerpt":{"rendered":"<p>Gioved\u00ec 22 ottobre alle 18,30, nella sede delle Edizioni Colophon, si svolger\u00e0 la presentazione del romanzo \u201cCento madri\u201d di Alfonso Lentini (Foschi editore 2009), libro vincitore del Premio Citt\u00e0 di Forl\u00ec, a cura di Francesco Piero Franchi con la partecipazione dell\u2019autore. Pubblichiamo la recensione del giornalista della Rai, Gian maria Molli: Il \u201cdelitto\u201d del siciliano [&hellip;]<\/p>\n","protected":false},"author":2,"featured_media":0,"comment_status":"closed","ping_status":"open","sticky":false,"template":"","format":"standard","meta":{"footnotes":""},"categories":[3,25],"tags":[139],"class_list":["post-8953","post","type-post","status-publish","format-standard","category-arte-cultura-spettacoli-scienza-archivi","category-pausa-caffe","tag-belluno"],"yoast_head":"<!-- This site is optimized with the Yoast SEO plugin v28.4 - https:\/\/yoast.com\/product\/yoast-seo-wordpress\/ -->\n<title>Presentazione del romanzo &quot;Cento Madri&quot;, gioved\u00ec Lentini e Franchi alle edizioni Colophon a Belluno - Bellunopress - Dolomiti<\/title>\n<meta name=\"robots\" content=\"index, follow, max-snippet:-1, max-image-preview:large, max-video-preview:-1\" \/>\n<link rel=\"canonical\" href=\"https:\/\/www.bellunopress.it\/fr\/2009\/10\/16\/presentazione-del-romanzo-cento-madri-giovedi-lentini-e-franchi-alle-edizioni-colophon-a-belluno\/\" \/>\n<meta property=\"og:locale\" content=\"fr_FR\" \/>\n<meta property=\"og:type\" content=\"article\" \/>\n<meta property=\"og:title\" content=\"Presentazione del romanzo &quot;Cento Madri&quot;, gioved\u00ec Lentini e Franchi alle edizioni Colophon a Belluno - Bellunopress - Dolomiti\" \/>\n<meta property=\"og:description\" content=\"Gioved\u00ec 22 ottobre alle 18,30, nella sede delle Edizioni Colophon, si svolger\u00e0 la presentazione del romanzo \u201cCento madri\u201d di Alfonso Lentini (Foschi editore 2009), libro vincitore del Premio Citt\u00e0 di Forl\u00ec, a cura di Francesco Piero Franchi con la partecipazione dell\u2019autore. Pubblichiamo la recensione del giornalista della Rai, Gian maria Molli: Il \u201cdelitto\u201d del siciliano [&hellip;]\" \/>\n<meta property=\"og:url\" content=\"https:\/\/www.bellunopress.it\/fr\/2009\/10\/16\/presentazione-del-romanzo-cento-madri-giovedi-lentini-e-franchi-alle-edizioni-colophon-a-belluno\/\" \/>\n<meta property=\"og:site_name\" content=\"Bellunopress - Dolomiti\" \/>\n<meta property=\"article:publisher\" content=\"https:\/\/www.facebook.com\/profile.php?id=100008943462799\" \/>\n<meta property=\"article:published_time\" content=\"2009-10-16T15:52:34+00:00\" \/>\n<meta property=\"og:image\" content=\"http:\/\/www.bellunopress.it\/wp-content\/uploads\/2009\/05\/centomadri_fronte-leggera.jpg\" \/>\n<meta name=\"author\" content=\"redazione\" \/>\n<meta name=\"twitter:card\" content=\"summary_large_image\" \/>\n<meta name=\"twitter:creator\" content=\"@bellunopress\" \/>\n<meta name=\"twitter:site\" content=\"@bellunopress\" \/>\n<meta name=\"twitter:label1\" content=\"\u00c9crit par\" \/>\n\t<meta name=\"twitter:data1\" content=\"redazione\" \/>\n\t<meta name=\"twitter:label2\" content=\"Dur\u00e9e de lecture estim\u00e9e\" \/>\n\t<meta name=\"twitter:data2\" content=\"4 minutes\" \/>\n<script type=\"application\/ld+json\" class=\"yoast-schema-graph\">{\"@context\":\"https:\\\/\\\/schema.org\",\"@graph\":[{\"@type\":\"Article\",\"@id\":\"https:\\\/\\\/www.bellunopress.it\\\/2009\\\/10\\\/16\\\/presentazione-del-romanzo-cento-madri-giovedi-lentini-e-franchi-alle-edizioni-colophon-a-belluno\\\/#article\",\"isPartOf\":{\"@id\":\"https:\\\/\\\/www.bellunopress.it\\\/2009\\\/10\\\/16\\\/presentazione-del-romanzo-cento-madri-giovedi-lentini-e-franchi-alle-edizioni-colophon-a-belluno\\\/\"},\"author\":{\"name\":\"redazione\",\"@id\":\"https:\\\/\\\/www.bellunopress.it\\\/#\\\/schema\\\/person\\\/79bb06722b37ece1c03d3e94beb30d73\"},\"headline\":\"Presentazione del romanzo &#8220;Cento Madri&#8221;, gioved\u00ec Lentini e Franchi alle edizioni Colophon a Belluno\",\"datePublished\":\"2009-10-16T15:52:34+00:00\",\"mainEntityOfPage\":{\"@id\":\"https:\\\/\\\/www.bellunopress.it\\\/2009\\\/10\\\/16\\\/presentazione-del-romanzo-cento-madri-giovedi-lentini-e-franchi-alle-edizioni-colophon-a-belluno\\\/\"},\"wordCount\":911,\"publisher\":{\"@id\":\"https:\\\/\\\/www.bellunopress.it\\\/#organization\"},\"image\":{\"@id\":\"https:\\\/\\\/www.bellunopress.it\\\/2009\\\/10\\\/16\\\/presentazione-del-romanzo-cento-madri-giovedi-lentini-e-franchi-alle-edizioni-colophon-a-belluno\\\/#primaryimage\"},\"thumbnailUrl\":\"http:\\\/\\\/www.bellunopress.it\\\/wp-content\\\/uploads\\\/2009\\\/05\\\/centomadri_fronte-leggera.jpg\",\"keywords\":[\"Belluno\"],\"articleSection\":[\"Arte, Cultura, Spettacoli, Scienza\",\"Pausa Caff\u00e8\"],\"inLanguage\":\"fr-FR\"},{\"@type\":\"WebPage\",\"@id\":\"https:\\\/\\\/www.bellunopress.it\\\/2009\\\/10\\\/16\\\/presentazione-del-romanzo-cento-madri-giovedi-lentini-e-franchi-alle-edizioni-colophon-a-belluno\\\/\",\"url\":\"https:\\\/\\\/www.bellunopress.it\\\/2009\\\/10\\\/16\\\/presentazione-del-romanzo-cento-madri-giovedi-lentini-e-franchi-alle-edizioni-colophon-a-belluno\\\/\",\"name\":\"Presentazione del romanzo \\\"Cento Madri\\\", gioved\u00ec Lentini e Franchi alle edizioni Colophon a Belluno - Bellunopress - Dolomiti\",\"isPartOf\":{\"@id\":\"https:\\\/\\\/www.bellunopress.it\\\/#website\"},\"primaryImageOfPage\":{\"@id\":\"https:\\\/\\\/www.bellunopress.it\\\/2009\\\/10\\\/16\\\/presentazione-del-romanzo-cento-madri-giovedi-lentini-e-franchi-alle-edizioni-colophon-a-belluno\\\/#primaryimage\"},\"image\":{\"@id\":\"https:\\\/\\\/www.bellunopress.it\\\/2009\\\/10\\\/16\\\/presentazione-del-romanzo-cento-madri-giovedi-lentini-e-franchi-alle-edizioni-colophon-a-belluno\\\/#primaryimage\"},\"thumbnailUrl\":\"http:\\\/\\\/www.bellunopress.it\\\/wp-content\\\/uploads\\\/2009\\\/05\\\/centomadri_fronte-leggera.jpg\",\"datePublished\":\"2009-10-16T15:52:34+00:00\",\"breadcrumb\":{\"@id\":\"https:\\\/\\\/www.bellunopress.it\\\/2009\\\/10\\\/16\\\/presentazione-del-romanzo-cento-madri-giovedi-lentini-e-franchi-alle-edizioni-colophon-a-belluno\\\/#breadcrumb\"},\"inLanguage\":\"fr-FR\",\"potentialAction\":[{\"@type\":\"ReadAction\",\"target\":[\"https:\\\/\\\/www.bellunopress.it\\\/2009\\\/10\\\/16\\\/presentazione-del-romanzo-cento-madri-giovedi-lentini-e-franchi-alle-edizioni-colophon-a-belluno\\\/\"]}]},{\"@type\":\"ImageObject\",\"inLanguage\":\"fr-FR\",\"@id\":\"https:\\\/\\\/www.bellunopress.it\\\/2009\\\/10\\\/16\\\/presentazione-del-romanzo-cento-madri-giovedi-lentini-e-franchi-alle-edizioni-colophon-a-belluno\\\/#primaryimage\",\"url\":\"http:\\\/\\\/www.bellunopress.it\\\/wp-content\\\/uploads\\\/2009\\\/05\\\/centomadri_fronte-leggera.jpg\",\"contentUrl\":\"http:\\\/\\\/www.bellunopress.it\\\/wp-content\\\/uploads\\\/2009\\\/05\\\/centomadri_fronte-leggera.jpg\"},{\"@type\":\"BreadcrumbList\",\"@id\":\"https:\\\/\\\/www.bellunopress.it\\\/2009\\\/10\\\/16\\\/presentazione-del-romanzo-cento-madri-giovedi-lentini-e-franchi-alle-edizioni-colophon-a-belluno\\\/#breadcrumb\",\"itemListElement\":[{\"@type\":\"ListItem\",\"position\":1,\"name\":\"Home\",\"item\":\"https:\\\/\\\/www.bellunopress.it\\\/\"},{\"@type\":\"ListItem\",\"position\":2,\"name\":\"Presentazione del romanzo &#8220;Cento Madri&#8221;, gioved\u00ec Lentini e Franchi alle edizioni Colophon a Belluno\"}]},{\"@type\":\"WebSite\",\"@id\":\"https:\\\/\\\/www.bellunopress.it\\\/#website\",\"url\":\"https:\\\/\\\/www.bellunopress.it\\\/\",\"name\":\"Bellunopress - Dolomiti\",\"description\":\"e-mail: redazione@bellunopress.it\",\"publisher\":{\"@id\":\"https:\\\/\\\/www.bellunopress.it\\\/#organization\"},\"potentialAction\":[{\"@type\":\"SearchAction\",\"target\":{\"@type\":\"EntryPoint\",\"urlTemplate\":\"https:\\\/\\\/www.bellunopress.it\\\/?s={search_term_string}\"},\"query-input\":{\"@type\":\"PropertyValueSpecification\",\"valueRequired\":true,\"valueName\":\"search_term_string\"}}],\"inLanguage\":\"fr-FR\"},{\"@type\":\"Organization\",\"@id\":\"https:\\\/\\\/www.bellunopress.it\\\/#organization\",\"name\":\"Bellunopress\",\"url\":\"https:\\\/\\\/www.bellunopress.it\\\/\",\"logo\":{\"@type\":\"ImageObject\",\"inLanguage\":\"fr-FR\",\"@id\":\"https:\\\/\\\/www.bellunopress.it\\\/#\\\/schema\\\/logo\\\/image\\\/\",\"url\":\"https:\\\/\\\/www.bellunopress.it\\\/wp-content\\\/uploads\\\/2011\\\/05\\\/cropped-logo-bellunopress-.jpg\",\"contentUrl\":\"https:\\\/\\\/www.bellunopress.it\\\/wp-content\\\/uploads\\\/2011\\\/05\\\/cropped-logo-bellunopress-.jpg\",\"width\":512,\"height\":512,\"caption\":\"Bellunopress\"},\"image\":{\"@id\":\"https:\\\/\\\/www.bellunopress.it\\\/#\\\/schema\\\/logo\\\/image\\\/\"},\"sameAs\":[\"https:\\\/\\\/www.facebook.com\\\/profile.php?id=100008943462799\",\"https:\\\/\\\/x.com\\\/bellunopress\",\"https:\\\/\\\/www.linkedin.com\\\/hp\\\/?dnr=JBzUWaJfMUw8vbXJJ2tVW5-I3jZKvC4wsoxE&amp;amp;amp;amp;amp;amp;trk=nav_responsive_tab_home\",\"https:\\\/\\\/www.youtube.com\\\/channel\\\/UCxL0wu1uN0_3_7hGG0306cw\"]},{\"@type\":\"Person\",\"@id\":\"https:\\\/\\\/www.bellunopress.it\\\/#\\\/schema\\\/person\\\/79bb06722b37ece1c03d3e94beb30d73\",\"name\":\"redazione\",\"image\":{\"@type\":\"ImageObject\",\"inLanguage\":\"fr-FR\",\"@id\":\"https:\\\/\\\/secure.gravatar.com\\\/avatar\\\/37d968a2e67a6fd04c169c4bdef102d0bc5d31b2546345219e348575eb80e9a0?s=96&d=mm&r=g\",\"url\":\"https:\\\/\\\/secure.gravatar.com\\\/avatar\\\/37d968a2e67a6fd04c169c4bdef102d0bc5d31b2546345219e348575eb80e9a0?s=96&d=mm&r=g\",\"contentUrl\":\"https:\\\/\\\/secure.gravatar.com\\\/avatar\\\/37d968a2e67a6fd04c169c4bdef102d0bc5d31b2546345219e348575eb80e9a0?s=96&d=mm&r=g\",\"caption\":\"redazione\"},\"sameAs\":[\"http:\\\/\\\/www.bellunopress.it\",\"https:\\\/\\\/x.com\\\/bellunopress\"],\"url\":\"https:\\\/\\\/www.bellunopress.it\\\/fr\\\/author\\\/redazione\\\/\"}]}<\/script>\n<!-- \/ Yoast SEO plugin. -->","yoast_head_json":{"title":"Presentazione del romanzo \"Cento Madri\", gioved\u00ec Lentini e Franchi alle edizioni Colophon a Belluno - Bellunopress - Dolomiti","robots":{"index":"index","follow":"follow","max-snippet":"max-snippet:-1","max-image-preview":"max-image-preview:large","max-video-preview":"max-video-preview:-1"},"canonical":"https:\/\/www.bellunopress.it\/fr\/2009\/10\/16\/presentazione-del-romanzo-cento-madri-giovedi-lentini-e-franchi-alle-edizioni-colophon-a-belluno\/","og_locale":"fr_FR","og_type":"article","og_title":"Presentazione del romanzo \"Cento Madri\", gioved\u00ec Lentini e Franchi alle edizioni Colophon a Belluno - Bellunopress - Dolomiti","og_description":"Gioved\u00ec 22 ottobre alle 18,30, nella sede delle Edizioni Colophon, si svolger\u00e0 la presentazione del romanzo \u201cCento madri\u201d di Alfonso Lentini (Foschi editore 2009), libro vincitore del Premio Citt\u00e0 di Forl\u00ec, a cura di Francesco Piero Franchi con la partecipazione dell\u2019autore. Pubblichiamo la recensione del giornalista della Rai, Gian maria Molli: Il \u201cdelitto\u201d del siciliano [&hellip;]","og_url":"https:\/\/www.bellunopress.it\/fr\/2009\/10\/16\/presentazione-del-romanzo-cento-madri-giovedi-lentini-e-franchi-alle-edizioni-colophon-a-belluno\/","og_site_name":"Bellunopress - Dolomiti","article_publisher":"https:\/\/www.facebook.com\/profile.php?id=100008943462799","article_published_time":"2009-10-16T15:52:34+00:00","og_image":[{"url":"http:\/\/www.bellunopress.it\/wp-content\/uploads\/2009\/05\/centomadri_fronte-leggera.jpg","type":"","width":"","height":""}],"author":"redazione","twitter_card":"summary_large_image","twitter_creator":"@bellunopress","twitter_site":"@bellunopress","twitter_misc":{"\u00c9crit par":"redazione","Dur\u00e9e de lecture estim\u00e9e":"4 minutes"},"schema":{"@context":"https:\/\/schema.org","@graph":[{"@type":"Article","@id":"https:\/\/www.bellunopress.it\/2009\/10\/16\/presentazione-del-romanzo-cento-madri-giovedi-lentini-e-franchi-alle-edizioni-colophon-a-belluno\/#article","isPartOf":{"@id":"https:\/\/www.bellunopress.it\/2009\/10\/16\/presentazione-del-romanzo-cento-madri-giovedi-lentini-e-franchi-alle-edizioni-colophon-a-belluno\/"},"author":{"name":"redazione","@id":"https:\/\/www.bellunopress.it\/#\/schema\/person\/79bb06722b37ece1c03d3e94beb30d73"},"headline":"Presentazione del romanzo &#8220;Cento Madri&#8221;, gioved\u00ec Lentini e Franchi alle edizioni Colophon a Belluno","datePublished":"2009-10-16T15:52:34+00:00","mainEntityOfPage":{"@id":"https:\/\/www.bellunopress.it\/2009\/10\/16\/presentazione-del-romanzo-cento-madri-giovedi-lentini-e-franchi-alle-edizioni-colophon-a-belluno\/"},"wordCount":911,"publisher":{"@id":"https:\/\/www.bellunopress.it\/#organization"},"image":{"@id":"https:\/\/www.bellunopress.it\/2009\/10\/16\/presentazione-del-romanzo-cento-madri-giovedi-lentini-e-franchi-alle-edizioni-colophon-a-belluno\/#primaryimage"},"thumbnailUrl":"http:\/\/www.bellunopress.it\/wp-content\/uploads\/2009\/05\/centomadri_fronte-leggera.jpg","keywords":["Belluno"],"articleSection":["Arte, Cultura, Spettacoli, Scienza","Pausa Caff\u00e8"],"inLanguage":"fr-FR"},{"@type":"WebPage","@id":"https:\/\/www.bellunopress.it\/2009\/10\/16\/presentazione-del-romanzo-cento-madri-giovedi-lentini-e-franchi-alle-edizioni-colophon-a-belluno\/","url":"https:\/\/www.bellunopress.it\/2009\/10\/16\/presentazione-del-romanzo-cento-madri-giovedi-lentini-e-franchi-alle-edizioni-colophon-a-belluno\/","name":"Presentazione del romanzo \"Cento Madri\", gioved\u00ec Lentini e Franchi alle edizioni Colophon a Belluno - Bellunopress - Dolomiti","isPartOf":{"@id":"https:\/\/www.bellunopress.it\/#website"},"primaryImageOfPage":{"@id":"https:\/\/www.bellunopress.it\/2009\/10\/16\/presentazione-del-romanzo-cento-madri-giovedi-lentini-e-franchi-alle-edizioni-colophon-a-belluno\/#primaryimage"},"image":{"@id":"https:\/\/www.bellunopress.it\/2009\/10\/16\/presentazione-del-romanzo-cento-madri-giovedi-lentini-e-franchi-alle-edizioni-colophon-a-belluno\/#primaryimage"},"thumbnailUrl":"http:\/\/www.bellunopress.it\/wp-content\/uploads\/2009\/05\/centomadri_fronte-leggera.jpg","datePublished":"2009-10-16T15:52:34+00:00","breadcrumb":{"@id":"https:\/\/www.bellunopress.it\/2009\/10\/16\/presentazione-del-romanzo-cento-madri-giovedi-lentini-e-franchi-alle-edizioni-colophon-a-belluno\/#breadcrumb"},"inLanguage":"fr-FR","potentialAction":[{"@type":"ReadAction","target":["https:\/\/www.bellunopress.it\/2009\/10\/16\/presentazione-del-romanzo-cento-madri-giovedi-lentini-e-franchi-alle-edizioni-colophon-a-belluno\/"]}]},{"@type":"ImageObject","inLanguage":"fr-FR","@id":"https:\/\/www.bellunopress.it\/2009\/10\/16\/presentazione-del-romanzo-cento-madri-giovedi-lentini-e-franchi-alle-edizioni-colophon-a-belluno\/#primaryimage","url":"http:\/\/www.bellunopress.it\/wp-content\/uploads\/2009\/05\/centomadri_fronte-leggera.jpg","contentUrl":"http:\/\/www.bellunopress.it\/wp-content\/uploads\/2009\/05\/centomadri_fronte-leggera.jpg"},{"@type":"BreadcrumbList","@id":"https:\/\/www.bellunopress.it\/2009\/10\/16\/presentazione-del-romanzo-cento-madri-giovedi-lentini-e-franchi-alle-edizioni-colophon-a-belluno\/#breadcrumb","itemListElement":[{"@type":"ListItem","position":1,"name":"Home","item":"https:\/\/www.bellunopress.it\/"},{"@type":"ListItem","position":2,"name":"Presentazione del romanzo &#8220;Cento Madri&#8221;, gioved\u00ec Lentini e Franchi alle edizioni Colophon a Belluno"}]},{"@type":"WebSite","@id":"https:\/\/www.bellunopress.it\/#website","url":"https:\/\/www.bellunopress.it\/","name":"Bellunopress - Dolomiti","description":"e-mail: redazione@bellunopress.it","publisher":{"@id":"https:\/\/www.bellunopress.it\/#organization"},"potentialAction":[{"@type":"SearchAction","target":{"@type":"EntryPoint","urlTemplate":"https:\/\/www.bellunopress.it\/?s={search_term_string}"},"query-input":{"@type":"PropertyValueSpecification","valueRequired":true,"valueName":"search_term_string"}}],"inLanguage":"fr-FR"},{"@type":"Organization","@id":"https:\/\/www.bellunopress.it\/#organization","name":"Bellunopress","url":"https:\/\/www.bellunopress.it\/","logo":{"@type":"ImageObject","inLanguage":"fr-FR","@id":"https:\/\/www.bellunopress.it\/#\/schema\/logo\/image\/","url":"https:\/\/www.bellunopress.it\/wp-content\/uploads\/2011\/05\/cropped-logo-bellunopress-.jpg","contentUrl":"https:\/\/www.bellunopress.it\/wp-content\/uploads\/2011\/05\/cropped-logo-bellunopress-.jpg","width":512,"height":512,"caption":"Bellunopress"},"image":{"@id":"https:\/\/www.bellunopress.it\/#\/schema\/logo\/image\/"},"sameAs":["https:\/\/www.facebook.com\/profile.php?id=100008943462799","https:\/\/x.com\/bellunopress","https:\/\/www.linkedin.com\/hp\/?dnr=JBzUWaJfMUw8vbXJJ2tVW5-I3jZKvC4wsoxE&amp;amp;amp;amp;amp;amp;trk=nav_responsive_tab_home","https:\/\/www.youtube.com\/channel\/UCxL0wu1uN0_3_7hGG0306cw"]},{"@type":"Person","@id":"https:\/\/www.bellunopress.it\/#\/schema\/person\/79bb06722b37ece1c03d3e94beb30d73","name":"r\u00e9daction","image":{"@type":"ImageObject","inLanguage":"fr-FR","@id":"https:\/\/secure.gravatar.com\/avatar\/37d968a2e67a6fd04c169c4bdef102d0bc5d31b2546345219e348575eb80e9a0?s=96&d=mm&r=g","url":"https:\/\/secure.gravatar.com\/avatar\/37d968a2e67a6fd04c169c4bdef102d0bc5d31b2546345219e348575eb80e9a0?s=96&d=mm&r=g","contentUrl":"https:\/\/secure.gravatar.com\/avatar\/37d968a2e67a6fd04c169c4bdef102d0bc5d31b2546345219e348575eb80e9a0?s=96&d=mm&r=g","caption":"redazione"},"sameAs":["http:\/\/www.bellunopress.it","https:\/\/x.com\/bellunopress"],"url":"https:\/\/www.bellunopress.it\/fr\/author\/redazione\/"}]}},"_links":{"self":[{"href":"https:\/\/www.bellunopress.it\/fr\/wp-json\/wp\/v2\/posts\/8953","targetHints":{"allow":["GET"]}}],"collection":[{"href":"https:\/\/www.bellunopress.it\/fr\/wp-json\/wp\/v2\/posts"}],"about":[{"href":"https:\/\/www.bellunopress.it\/fr\/wp-json\/wp\/v2\/types\/post"}],"author":[{"embeddable":true,"href":"https:\/\/www.bellunopress.it\/fr\/wp-json\/wp\/v2\/users\/2"}],"replies":[{"embeddable":true,"href":"https:\/\/www.bellunopress.it\/fr\/wp-json\/wp\/v2\/comments?post=8953"}],"version-history":[{"count":1,"href":"https:\/\/www.bellunopress.it\/fr\/wp-json\/wp\/v2\/posts\/8953\/revisions"}],"predecessor-version":[{"id":8956,"href":"https:\/\/www.bellunopress.it\/fr\/wp-json\/wp\/v2\/posts\/8953\/revisions\/8956"}],"wp:attachment":[{"href":"https:\/\/www.bellunopress.it\/fr\/wp-json\/wp\/v2\/media?parent=8953"}],"wp:term":[{"taxonomy":"category","embeddable":true,"href":"https:\/\/www.bellunopress.it\/fr\/wp-json\/wp\/v2\/categories?post=8953"},{"taxonomy":"post_tag","embeddable":true,"href":"https:\/\/www.bellunopress.it\/fr\/wp-json\/wp\/v2\/tags?post=8953"}],"curies":[{"name":"wp","href":"https:\/\/api.w.org\/{rel}","templated":true}]}}