{"id":8948,"date":"2009-10-16T16:30:27","date_gmt":"2009-10-16T15:30:27","guid":{"rendered":"http:\/\/www.bellunopress.it\/?p=8948"},"modified":"2009-10-16T16:30:27","modified_gmt":"2009-10-16T15:30:27","slug":"ax-professional-sbarca-ad-host-con-tante-novita-un-workshop-dedicato-ai-software-aziendali-e-la-presentazione-di-%e2%80%9cax-lab%e2%80%9d","status":"publish","type":"post","link":"https:\/\/www.bellunopress.it\/fr\/2009\/10\/16\/ax-professional-sbarca-ad-host-con-tante-novita-un-workshop-dedicato-ai-software-aziendali-e-la-presentazione-di-%e2%80%9cax-lab%e2%80%9d\/","title":{"rendered":"Ax Professional sbarca ad Host con tante novit\u00e0 un workshop dedicato ai software aziendali e la presentazione di \u201cAx Lab\u201d"},"content":{"rendered":"<p>A<a href=\"http:\/\/www.bellunopress.it\/wp-content\/uploads\/2009\/10\/ax.jpg\"><img loading=\"lazy\" decoding=\"async\" class=\"alignleft size-medium wp-image-8949\" title=\"ax\" src=\"http:\/\/www.bellunopress.it\/wp-content\/uploads\/2009\/10\/ax.jpg\" alt=\"\" width=\"131\" height=\"88\" \/><\/a>nche quest\u2019anno Ax Professional, azienda bellunese specializzata nel taglio laser e marcatura conto terzi e che offre soluzioni informatiche altamente professionali per l\u2019 azienda produttiva e per l\u2019 ufficio tecnico, dal 23 al 27 ottobre parteciper\u00e0 alla fiera Host di Milano. Il salone internazionale dell\u2019ospitalit\u00e0 professionale sar\u00e0 la cornice ideale per presentare le importanti novit\u00e0 che ruotano intorno all\u2019azienda.\u00a0 Il 23 ottobre presso il proprio stand (PAD 7P\/1 stand E47) Ax Professional organizzer\u00e0 un\u2019 interessante iniziativa: un Workshop riguardo alcuni suoi prodotti software (sw) dal titolo \u201cP&amp;Q\u201d e \u201cDim\u201d, un argomento rilevante proprio in questo momento di difficolt\u00e0 nel mercato industriale.\u00a0 DIM, \u00e8 un sistema che permette al management di avere la situazione aziendale sempre sotto controllo, in tempo reale e in qualunque posto si trovi, partendo da un CRM (customer relationship management). Permette anche l\u2019integrazione tra le diverse aree aziendali in modo che possano condividere tutte le loro informazioni. PQ \u00e8 un software innovativo nel suo genere che permette di gestire offerte, progetti, files, e di creare il layout dell\u2019impianto grazie alla sua perfetta integrazione con gli standard Autocad. Aiuta a risolvere piccoli e grandi problemi indipendentemente dalle conoscenze informatiche di chi lo utilizza e\u00a0 permette di gestire tutti i processi che ruotano intorno ad un processo di vendita.\u00a0 Il workshop verr\u00e0 proposto in diverse fasce orarie della agiornata per permettere a tutti gli interessati, quali aziende produttrici, rivenditori, consulenti e studi di conoscere questi sistemi \u201ctoccando con mano\u201d il prodotto stesso. Rispettivamente l\u2019incontro per per il PQ sar\u00e0 alle 10.30 e alle 15.00 mentre quello per il D.I.M. alle 11.15 e alle 15.45. I vantaggi e le opportunit\u00e0 che possono garantire i software nell\u2019organizzazione aziendale sono sorprendenti: risparmio di tempo, di costi, diminuzione degli errori sulle commesse portando un aiuto al management aziendale e ad un miglioramento generale della qualit\u00e0 di prodotto- servizio e sulla qualit\u00e0 del lavoro all\u2019interno dell\u2019azienda dovuto principalmente al corretto flusso di comunicazione formato dal sw. Tutto ci\u00f2 si traduce in un vantaggio economico con la conseguenza diretta di clienti soddisfatti e di un servizio efficace ed efficiente.\u00a0 Lo scopo \u00e8 quello di migliorare i servizi alla clientela e lo scambio di informazioni tra le risorse dell&#8217;azienda diffondendo una cultura aziendale che punti alla massimizzazione dell\u2019efficacia e dell\u2019efficienza con una filosofia orientata al cliente. Il pubblico presente potr\u00e0 fare domande ai tecnici del settore e a termine del workshop potranno interegire con loro per soddisfare tutte le loro curiosit\u00e0. In quest\u2019occasione\u00a0 l\u2019azienda presenter\u00e0 anche Ax Lab ed il progetto \u201cMy Steel\u201d. Ax Lab, un laboratorio di idee nato dall\u2019impegno e dallo studio dello staff aziendale per trovare sempre nuove soluzioni e fornire un servizio integrato al cliente ha \u201ccreato\u201d \u201cMy Steel\u201d, un nuovo progetto dai risultati sorprendenti che semplifica notevolmente il lavoro industriale. Clienti, curiosi e professionisti sono invitati a partecipare, per non perdere l\u2019occasione di trovare il software su misura e di conoscere le nuove idee e soluzioni che nascono da Ax Lab.<br \/>\nPer informazioni<br \/>\nUfficio Stampa AXProfessional s.r.l.<br \/>\nCel. 3477871961<br \/>\nVia dell&#8217;Artigianato, 83<br \/>\n32100 Pieve D&#8217;Alpago (BL) \u2013 Italy<\/p>","protected":false},"excerpt":{"rendered":"<p>Anche quest\u2019anno Ax Professional, azienda bellunese specializzata nel taglio laser e marcatura conto terzi e che offre soluzioni informatiche altamente professionali per l\u2019 azienda produttiva e per l\u2019 ufficio tecnico, dal 23 al 27 ottobre parteciper\u00e0 alla fiera Host di Milano. Il salone internazionale dell\u2019ospitalit\u00e0 professionale sar\u00e0 la cornice ideale per presentare le importanti novit\u00e0 [&hellip;]<\/p>\n","protected":false},"author":2,"featured_media":0,"comment_status":"closed","ping_status":"open","sticky":false,"template":"","format":"standard","meta":{"footnotes":""},"categories":[26,50],"tags":[139],"class_list":["post-8948","post","type-post","status-publish","format-standard","category-prima-pagina","category-pubbliredazionali","tag-belluno"],"yoast_head":"<!-- This site is optimized with the Yoast SEO plugin v28.4 - https:\/\/yoast.com\/product\/yoast-seo-wordpress\/ -->\n<title>Ax Professional sbarca ad Host con tante novit\u00e0 un workshop dedicato ai software aziendali e la presentazione di \u201cAx Lab\u201d  - Bellunopress - Dolomiti<\/title>\n<meta name=\"robots\" content=\"index, follow, max-snippet:-1, max-image-preview:large, max-video-preview:-1\" \/>\n<link rel=\"canonical\" href=\"https:\/\/www.bellunopress.it\/fr\/2009\/10\/16\/ax-professional-sbarca-ad-host-con-tante-novita-un-workshop-dedicato-ai-software-aziendali-e-la-presentazione-di-\u201cax-lab\u201d\/\" \/>\n<meta property=\"og:locale\" content=\"fr_FR\" \/>\n<meta property=\"og:type\" content=\"article\" \/>\n<meta property=\"og:title\" content=\"Ax Professional sbarca ad Host con tante novit\u00e0 un workshop dedicato ai software aziendali e la presentazione di \u201cAx Lab\u201d  - Bellunopress - Dolomiti\" \/>\n<meta property=\"og:description\" content=\"Anche quest\u2019anno Ax Professional, azienda bellunese specializzata nel taglio laser e marcatura conto terzi e che offre soluzioni informatiche altamente professionali per l\u2019 azienda produttiva e per l\u2019 ufficio tecnico, dal 23 al 27 ottobre parteciper\u00e0 alla fiera Host di Milano. Il salone internazionale dell\u2019ospitalit\u00e0 professionale sar\u00e0 la cornice ideale per presentare le importanti novit\u00e0 [&hellip;]\" \/>\n<meta property=\"og:url\" content=\"https:\/\/www.bellunopress.it\/fr\/2009\/10\/16\/ax-professional-sbarca-ad-host-con-tante-novita-un-workshop-dedicato-ai-software-aziendali-e-la-presentazione-di-\u201cax-lab\u201d\/\" \/>\n<meta property=\"og:site_name\" content=\"Bellunopress - Dolomiti\" \/>\n<meta property=\"article:publisher\" content=\"https:\/\/www.facebook.com\/profile.php?id=100008943462799\" \/>\n<meta property=\"article:published_time\" content=\"2009-10-16T15:30:27+00:00\" \/>\n<meta property=\"og:image\" content=\"http:\/\/www.bellunopress.it\/wp-content\/uploads\/2009\/10\/ax.jpg\" \/>\n<meta name=\"author\" content=\"redazione\" \/>\n<meta name=\"twitter:card\" content=\"summary_large_image\" \/>\n<meta name=\"twitter:creator\" content=\"@bellunopress\" \/>\n<meta name=\"twitter:site\" content=\"@bellunopress\" \/>\n<meta name=\"twitter:label1\" content=\"Written by\" \/>\n\t<meta name=\"twitter:data1\" content=\"redazione\" \/>\n\t<meta name=\"twitter:label2\" content=\"Est. reading time\" \/>\n\t<meta name=\"twitter:data2\" content=\"3 minutes\" \/>\n<script type=\"application\/ld+json\" class=\"yoast-schema-graph\">{\"@context\":\"https:\\\/\\\/schema.org\",\"@graph\":[{\"@type\":\"Article\",\"@id\":\"https:\\\/\\\/www.bellunopress.it\\\/2009\\\/10\\\/16\\\/ax-professional-sbarca-ad-host-con-tante-novita-un-workshop-dedicato-ai-software-aziendali-e-la-presentazione-di-%e2%80%9cax-lab%e2%80%9d\\\/#article\",\"isPartOf\":{\"@id\":\"https:\\\/\\\/www.bellunopress.it\\\/2009\\\/10\\\/16\\\/ax-professional-sbarca-ad-host-con-tante-novita-un-workshop-dedicato-ai-software-aziendali-e-la-presentazione-di-%e2%80%9cax-lab%e2%80%9d\\\/\"},\"author\":{\"name\":\"redazione\",\"@id\":\"https:\\\/\\\/www.bellunopress.it\\\/#\\\/schema\\\/person\\\/79bb06722b37ece1c03d3e94beb30d73\"},\"headline\":\"Ax Professional sbarca ad Host con tante novit\u00e0 un workshop dedicato ai software aziendali e la presentazione di \u201cAx Lab\u201d\",\"datePublished\":\"2009-10-16T15:30:27+00:00\",\"mainEntityOfPage\":{\"@id\":\"https:\\\/\\\/www.bellunopress.it\\\/2009\\\/10\\\/16\\\/ax-professional-sbarca-ad-host-con-tante-novita-un-workshop-dedicato-ai-software-aziendali-e-la-presentazione-di-%e2%80%9cax-lab%e2%80%9d\\\/\"},\"wordCount\":538,\"publisher\":{\"@id\":\"https:\\\/\\\/www.bellunopress.it\\\/#organization\"},\"image\":{\"@id\":\"https:\\\/\\\/www.bellunopress.it\\\/2009\\\/10\\\/16\\\/ax-professional-sbarca-ad-host-con-tante-novita-un-workshop-dedicato-ai-software-aziendali-e-la-presentazione-di-%e2%80%9cax-lab%e2%80%9d\\\/#primaryimage\"},\"thumbnailUrl\":\"http:\\\/\\\/www.bellunopress.it\\\/wp-content\\\/uploads\\\/2009\\\/10\\\/ax.jpg\",\"keywords\":[\"Belluno\"],\"articleSection\":[\"Prima Pagina\",\"Pubbliredazionali\"],\"inLanguage\":\"fr-FR\"},{\"@type\":\"WebPage\",\"@id\":\"https:\\\/\\\/www.bellunopress.it\\\/2009\\\/10\\\/16\\\/ax-professional-sbarca-ad-host-con-tante-novita-un-workshop-dedicato-ai-software-aziendali-e-la-presentazione-di-%e2%80%9cax-lab%e2%80%9d\\\/\",\"url\":\"https:\\\/\\\/www.bellunopress.it\\\/2009\\\/10\\\/16\\\/ax-professional-sbarca-ad-host-con-tante-novita-un-workshop-dedicato-ai-software-aziendali-e-la-presentazione-di-%e2%80%9cax-lab%e2%80%9d\\\/\",\"name\":\"Ax Professional sbarca ad Host con tante novit\u00e0 un workshop dedicato ai software aziendali e la presentazione di \u201cAx Lab\u201d - Bellunopress - Dolomiti\",\"isPartOf\":{\"@id\":\"https:\\\/\\\/www.bellunopress.it\\\/#website\"},\"primaryImageOfPage\":{\"@id\":\"https:\\\/\\\/www.bellunopress.it\\\/2009\\\/10\\\/16\\\/ax-professional-sbarca-ad-host-con-tante-novita-un-workshop-dedicato-ai-software-aziendali-e-la-presentazione-di-%e2%80%9cax-lab%e2%80%9d\\\/#primaryimage\"},\"image\":{\"@id\":\"https:\\\/\\\/www.bellunopress.it\\\/2009\\\/10\\\/16\\\/ax-professional-sbarca-ad-host-con-tante-novita-un-workshop-dedicato-ai-software-aziendali-e-la-presentazione-di-%e2%80%9cax-lab%e2%80%9d\\\/#primaryimage\"},\"thumbnailUrl\":\"http:\\\/\\\/www.bellunopress.it\\\/wp-content\\\/uploads\\\/2009\\\/10\\\/ax.jpg\",\"datePublished\":\"2009-10-16T15:30:27+00:00\",\"breadcrumb\":{\"@id\":\"https:\\\/\\\/www.bellunopress.it\\\/2009\\\/10\\\/16\\\/ax-professional-sbarca-ad-host-con-tante-novita-un-workshop-dedicato-ai-software-aziendali-e-la-presentazione-di-%e2%80%9cax-lab%e2%80%9d\\\/#breadcrumb\"},\"inLanguage\":\"fr-FR\",\"potentialAction\":[{\"@type\":\"ReadAction\",\"target\":[\"https:\\\/\\\/www.bellunopress.it\\\/2009\\\/10\\\/16\\\/ax-professional-sbarca-ad-host-con-tante-novita-un-workshop-dedicato-ai-software-aziendali-e-la-presentazione-di-%e2%80%9cax-lab%e2%80%9d\\\/\"]}]},{\"@type\":\"ImageObject\",\"inLanguage\":\"fr-FR\",\"@id\":\"https:\\\/\\\/www.bellunopress.it\\\/2009\\\/10\\\/16\\\/ax-professional-sbarca-ad-host-con-tante-novita-un-workshop-dedicato-ai-software-aziendali-e-la-presentazione-di-%e2%80%9cax-lab%e2%80%9d\\\/#primaryimage\",\"url\":\"http:\\\/\\\/www.bellunopress.it\\\/wp-content\\\/uploads\\\/2009\\\/10\\\/ax.jpg\",\"contentUrl\":\"http:\\\/\\\/www.bellunopress.it\\\/wp-content\\\/uploads\\\/2009\\\/10\\\/ax.jpg\"},{\"@type\":\"BreadcrumbList\",\"@id\":\"https:\\\/\\\/www.bellunopress.it\\\/2009\\\/10\\\/16\\\/ax-professional-sbarca-ad-host-con-tante-novita-un-workshop-dedicato-ai-software-aziendali-e-la-presentazione-di-%e2%80%9cax-lab%e2%80%9d\\\/#breadcrumb\",\"itemListElement\":[{\"@type\":\"ListItem\",\"position\":1,\"name\":\"Home\",\"item\":\"https:\\\/\\\/www.bellunopress.it\\\/\"},{\"@type\":\"ListItem\",\"position\":2,\"name\":\"Ax Professional sbarca ad Host con tante novit\u00e0 un workshop dedicato ai software aziendali e la presentazione di \u201cAx Lab\u201d\"}]},{\"@type\":\"WebSite\",\"@id\":\"https:\\\/\\\/www.bellunopress.it\\\/#website\",\"url\":\"https:\\\/\\\/www.bellunopress.it\\\/\",\"name\":\"Bellunopress - Dolomiti\",\"description\":\"e-mail: redazione@bellunopress.it\",\"publisher\":{\"@id\":\"https:\\\/\\\/www.bellunopress.it\\\/#organization\"},\"potentialAction\":[{\"@type\":\"SearchAction\",\"target\":{\"@type\":\"EntryPoint\",\"urlTemplate\":\"https:\\\/\\\/www.bellunopress.it\\\/?s={search_term_string}\"},\"query-input\":{\"@type\":\"PropertyValueSpecification\",\"valueRequired\":true,\"valueName\":\"search_term_string\"}}],\"inLanguage\":\"fr-FR\"},{\"@type\":\"Organization\",\"@id\":\"https:\\\/\\\/www.bellunopress.it\\\/#organization\",\"name\":\"Bellunopress\",\"url\":\"https:\\\/\\\/www.bellunopress.it\\\/\",\"logo\":{\"@type\":\"ImageObject\",\"inLanguage\":\"fr-FR\",\"@id\":\"https:\\\/\\\/www.bellunopress.it\\\/#\\\/schema\\\/logo\\\/image\\\/\",\"url\":\"https:\\\/\\\/www.bellunopress.it\\\/wp-content\\\/uploads\\\/2011\\\/05\\\/cropped-logo-bellunopress-.jpg\",\"contentUrl\":\"https:\\\/\\\/www.bellunopress.it\\\/wp-content\\\/uploads\\\/2011\\\/05\\\/cropped-logo-bellunopress-.jpg\",\"width\":512,\"height\":512,\"caption\":\"Bellunopress\"},\"image\":{\"@id\":\"https:\\\/\\\/www.bellunopress.it\\\/#\\\/schema\\\/logo\\\/image\\\/\"},\"sameAs\":[\"https:\\\/\\\/www.facebook.com\\\/profile.php?id=100008943462799\",\"https:\\\/\\\/x.com\\\/bellunopress\",\"https:\\\/\\\/www.linkedin.com\\\/hp\\\/?dnr=JBzUWaJfMUw8vbXJJ2tVW5-I3jZKvC4wsoxE&amp;amp;amp;amp;amp;amp;trk=nav_responsive_tab_home\",\"https:\\\/\\\/www.youtube.com\\\/channel\\\/UCxL0wu1uN0_3_7hGG0306cw\"]},{\"@type\":\"Person\",\"@id\":\"https:\\\/\\\/www.bellunopress.it\\\/#\\\/schema\\\/person\\\/79bb06722b37ece1c03d3e94beb30d73\",\"name\":\"redazione\",\"image\":{\"@type\":\"ImageObject\",\"inLanguage\":\"fr-FR\",\"@id\":\"https:\\\/\\\/secure.gravatar.com\\\/avatar\\\/37d968a2e67a6fd04c169c4bdef102d0bc5d31b2546345219e348575eb80e9a0?s=96&d=mm&r=g\",\"url\":\"https:\\\/\\\/secure.gravatar.com\\\/avatar\\\/37d968a2e67a6fd04c169c4bdef102d0bc5d31b2546345219e348575eb80e9a0?s=96&d=mm&r=g\",\"contentUrl\":\"https:\\\/\\\/secure.gravatar.com\\\/avatar\\\/37d968a2e67a6fd04c169c4bdef102d0bc5d31b2546345219e348575eb80e9a0?s=96&d=mm&r=g\",\"caption\":\"redazione\"},\"sameAs\":[\"http:\\\/\\\/www.bellunopress.it\",\"https:\\\/\\\/x.com\\\/bellunopress\"],\"url\":\"https:\\\/\\\/www.bellunopress.it\\\/fr\\\/author\\\/redazione\\\/\"}]}<\/script>\n<!-- \/ Yoast SEO plugin. -->","yoast_head_json":{"title":"Ax Professional sbarca ad Host con tante novit\u00e0 un workshop dedicato ai software aziendali e la presentazione di \u201cAx Lab\u201d  - Bellunopress - Dolomiti","robots":{"index":"index","follow":"follow","max-snippet":"max-snippet:-1","max-image-preview":"max-image-preview:large","max-video-preview":"max-video-preview:-1"},"canonical":"https:\/\/www.bellunopress.it\/fr\/2009\/10\/16\/ax-professional-sbarca-ad-host-con-tante-novita-un-workshop-dedicato-ai-software-aziendali-e-la-presentazione-di-\u201cax-lab\u201d\/","og_locale":"fr_FR","og_type":"article","og_title":"Ax Professional sbarca ad Host con tante novit\u00e0 un workshop dedicato ai software aziendali e la presentazione di \u201cAx Lab\u201d  - Bellunopress - Dolomiti","og_description":"Anche quest\u2019anno Ax Professional, azienda bellunese specializzata nel taglio laser e marcatura conto terzi e che offre soluzioni informatiche altamente professionali per l\u2019 azienda produttiva e per l\u2019 ufficio tecnico, dal 23 al 27 ottobre parteciper\u00e0 alla fiera Host di Milano. Il salone internazionale dell\u2019ospitalit\u00e0 professionale sar\u00e0 la cornice ideale per presentare le importanti novit\u00e0 [&hellip;]","og_url":"https:\/\/www.bellunopress.it\/fr\/2009\/10\/16\/ax-professional-sbarca-ad-host-con-tante-novita-un-workshop-dedicato-ai-software-aziendali-e-la-presentazione-di-\u201cax-lab\u201d\/","og_site_name":"Bellunopress - Dolomiti","article_publisher":"https:\/\/www.facebook.com\/profile.php?id=100008943462799","article_published_time":"2009-10-16T15:30:27+00:00","og_image":[{"url":"http:\/\/www.bellunopress.it\/wp-content\/uploads\/2009\/10\/ax.jpg","type":"","width":"","height":""}],"author":"redazione","twitter_card":"summary_large_image","twitter_creator":"@bellunopress","twitter_site":"@bellunopress","twitter_misc":{"Written by":"redazione","Est. reading time":"3 minutes"},"schema":{"@context":"https:\/\/schema.org","@graph":[{"@type":"Article","@id":"https:\/\/www.bellunopress.it\/2009\/10\/16\/ax-professional-sbarca-ad-host-con-tante-novita-un-workshop-dedicato-ai-software-aziendali-e-la-presentazione-di-%e2%80%9cax-lab%e2%80%9d\/#article","isPartOf":{"@id":"https:\/\/www.bellunopress.it\/2009\/10\/16\/ax-professional-sbarca-ad-host-con-tante-novita-un-workshop-dedicato-ai-software-aziendali-e-la-presentazione-di-%e2%80%9cax-lab%e2%80%9d\/"},"author":{"name":"redazione","@id":"https:\/\/www.bellunopress.it\/#\/schema\/person\/79bb06722b37ece1c03d3e94beb30d73"},"headline":"Ax Professional sbarca ad Host con tante novit\u00e0 un workshop dedicato ai software aziendali e la presentazione di \u201cAx Lab\u201d","datePublished":"2009-10-16T15:30:27+00:00","mainEntityOfPage":{"@id":"https:\/\/www.bellunopress.it\/2009\/10\/16\/ax-professional-sbarca-ad-host-con-tante-novita-un-workshop-dedicato-ai-software-aziendali-e-la-presentazione-di-%e2%80%9cax-lab%e2%80%9d\/"},"wordCount":538,"publisher":{"@id":"https:\/\/www.bellunopress.it\/#organization"},"image":{"@id":"https:\/\/www.bellunopress.it\/2009\/10\/16\/ax-professional-sbarca-ad-host-con-tante-novita-un-workshop-dedicato-ai-software-aziendali-e-la-presentazione-di-%e2%80%9cax-lab%e2%80%9d\/#primaryimage"},"thumbnailUrl":"http:\/\/www.bellunopress.it\/wp-content\/uploads\/2009\/10\/ax.jpg","keywords":["Belluno"],"articleSection":["Prima Pagina","Pubbliredazionali"],"inLanguage":"fr-FR"},{"@type":"WebPage","@id":"https:\/\/www.bellunopress.it\/2009\/10\/16\/ax-professional-sbarca-ad-host-con-tante-novita-un-workshop-dedicato-ai-software-aziendali-e-la-presentazione-di-%e2%80%9cax-lab%e2%80%9d\/","url":"https:\/\/www.bellunopress.it\/2009\/10\/16\/ax-professional-sbarca-ad-host-con-tante-novita-un-workshop-dedicato-ai-software-aziendali-e-la-presentazione-di-%e2%80%9cax-lab%e2%80%9d\/","name":"Ax Professional sbarca ad Host con tante novit\u00e0 un workshop dedicato ai software aziendali e la presentazione di \u201cAx Lab\u201d - Bellunopress - Dolomiti","isPartOf":{"@id":"https:\/\/www.bellunopress.it\/#website"},"primaryImageOfPage":{"@id":"https:\/\/www.bellunopress.it\/2009\/10\/16\/ax-professional-sbarca-ad-host-con-tante-novita-un-workshop-dedicato-ai-software-aziendali-e-la-presentazione-di-%e2%80%9cax-lab%e2%80%9d\/#primaryimage"},"image":{"@id":"https:\/\/www.bellunopress.it\/2009\/10\/16\/ax-professional-sbarca-ad-host-con-tante-novita-un-workshop-dedicato-ai-software-aziendali-e-la-presentazione-di-%e2%80%9cax-lab%e2%80%9d\/#primaryimage"},"thumbnailUrl":"http:\/\/www.bellunopress.it\/wp-content\/uploads\/2009\/10\/ax.jpg","datePublished":"2009-10-16T15:30:27+00:00","breadcrumb":{"@id":"https:\/\/www.bellunopress.it\/2009\/10\/16\/ax-professional-sbarca-ad-host-con-tante-novita-un-workshop-dedicato-ai-software-aziendali-e-la-presentazione-di-%e2%80%9cax-lab%e2%80%9d\/#breadcrumb"},"inLanguage":"fr-FR","potentialAction":[{"@type":"ReadAction","target":["https:\/\/www.bellunopress.it\/2009\/10\/16\/ax-professional-sbarca-ad-host-con-tante-novita-un-workshop-dedicato-ai-software-aziendali-e-la-presentazione-di-%e2%80%9cax-lab%e2%80%9d\/"]}]},{"@type":"ImageObject","inLanguage":"fr-FR","@id":"https:\/\/www.bellunopress.it\/2009\/10\/16\/ax-professional-sbarca-ad-host-con-tante-novita-un-workshop-dedicato-ai-software-aziendali-e-la-presentazione-di-%e2%80%9cax-lab%e2%80%9d\/#primaryimage","url":"http:\/\/www.bellunopress.it\/wp-content\/uploads\/2009\/10\/ax.jpg","contentUrl":"http:\/\/www.bellunopress.it\/wp-content\/uploads\/2009\/10\/ax.jpg"},{"@type":"BreadcrumbList","@id":"https:\/\/www.bellunopress.it\/2009\/10\/16\/ax-professional-sbarca-ad-host-con-tante-novita-un-workshop-dedicato-ai-software-aziendali-e-la-presentazione-di-%e2%80%9cax-lab%e2%80%9d\/#breadcrumb","itemListElement":[{"@type":"ListItem","position":1,"name":"Home","item":"https:\/\/www.bellunopress.it\/"},{"@type":"ListItem","position":2,"name":"Ax Professional sbarca ad Host con tante novit\u00e0 un workshop dedicato ai software aziendali e la presentazione di \u201cAx Lab\u201d"}]},{"@type":"WebSite","@id":"https:\/\/www.bellunopress.it\/#website","url":"https:\/\/www.bellunopress.it\/","name":"Bellunopress - Dolomiti","description":"e-mail: redazione@bellunopress.it","publisher":{"@id":"https:\/\/www.bellunopress.it\/#organization"},"potentialAction":[{"@type":"SearchAction","target":{"@type":"EntryPoint","urlTemplate":"https:\/\/www.bellunopress.it\/?s={search_term_string}"},"query-input":{"@type":"PropertyValueSpecification","valueRequired":true,"valueName":"search_term_string"}}],"inLanguage":"fr-FR"},{"@type":"Organization","@id":"https:\/\/www.bellunopress.it\/#organization","name":"Bellunopress","url":"https:\/\/www.bellunopress.it\/","logo":{"@type":"ImageObject","inLanguage":"fr-FR","@id":"https:\/\/www.bellunopress.it\/#\/schema\/logo\/image\/","url":"https:\/\/www.bellunopress.it\/wp-content\/uploads\/2011\/05\/cropped-logo-bellunopress-.jpg","contentUrl":"https:\/\/www.bellunopress.it\/wp-content\/uploads\/2011\/05\/cropped-logo-bellunopress-.jpg","width":512,"height":512,"caption":"Bellunopress"},"image":{"@id":"https:\/\/www.bellunopress.it\/#\/schema\/logo\/image\/"},"sameAs":["https:\/\/www.facebook.com\/profile.php?id=100008943462799","https:\/\/x.com\/bellunopress","https:\/\/www.linkedin.com\/hp\/?dnr=JBzUWaJfMUw8vbXJJ2tVW5-I3jZKvC4wsoxE&amp;amp;amp;amp;amp;amp;trk=nav_responsive_tab_home","https:\/\/www.youtube.com\/channel\/UCxL0wu1uN0_3_7hGG0306cw"]},{"@type":"Person","@id":"https:\/\/www.bellunopress.it\/#\/schema\/person\/79bb06722b37ece1c03d3e94beb30d73","name":"r\u00e9daction","image":{"@type":"ImageObject","inLanguage":"fr-FR","@id":"https:\/\/secure.gravatar.com\/avatar\/37d968a2e67a6fd04c169c4bdef102d0bc5d31b2546345219e348575eb80e9a0?s=96&d=mm&r=g","url":"https:\/\/secure.gravatar.com\/avatar\/37d968a2e67a6fd04c169c4bdef102d0bc5d31b2546345219e348575eb80e9a0?s=96&d=mm&r=g","contentUrl":"https:\/\/secure.gravatar.com\/avatar\/37d968a2e67a6fd04c169c4bdef102d0bc5d31b2546345219e348575eb80e9a0?s=96&d=mm&r=g","caption":"redazione"},"sameAs":["http:\/\/www.bellunopress.it","https:\/\/x.com\/bellunopress"],"url":"https:\/\/www.bellunopress.it\/fr\/author\/redazione\/"}]}},"_links":{"self":[{"href":"https:\/\/www.bellunopress.it\/fr\/wp-json\/wp\/v2\/posts\/8948","targetHints":{"allow":["GET"]}}],"collection":[{"href":"https:\/\/www.bellunopress.it\/fr\/wp-json\/wp\/v2\/posts"}],"about":[{"href":"https:\/\/www.bellunopress.it\/fr\/wp-json\/wp\/v2\/types\/post"}],"author":[{"embeddable":true,"href":"https:\/\/www.bellunopress.it\/fr\/wp-json\/wp\/v2\/users\/2"}],"replies":[{"embeddable":true,"href":"https:\/\/www.bellunopress.it\/fr\/wp-json\/wp\/v2\/comments?post=8948"}],"version-history":[{"count":1,"href":"https:\/\/www.bellunopress.it\/fr\/wp-json\/wp\/v2\/posts\/8948\/revisions"}],"predecessor-version":[{"id":8950,"href":"https:\/\/www.bellunopress.it\/fr\/wp-json\/wp\/v2\/posts\/8948\/revisions\/8950"}],"wp:attachment":[{"href":"https:\/\/www.bellunopress.it\/fr\/wp-json\/wp\/v2\/media?parent=8948"}],"wp:term":[{"taxonomy":"category","embeddable":true,"href":"https:\/\/www.bellunopress.it\/fr\/wp-json\/wp\/v2\/categories?post=8948"},{"taxonomy":"post_tag","embeddable":true,"href":"https:\/\/www.bellunopress.it\/fr\/wp-json\/wp\/v2\/tags?post=8948"}],"curies":[{"name":"wp","href":"https:\/\/api.w.org\/{rel}","templated":true}]}}