{"id":8946,"date":"2009-10-16T11:54:08","date_gmt":"2009-10-16T10:54:08","guid":{"rendered":"http:\/\/www.bellunopress.it\/?p=8946"},"modified":"2009-10-16T11:54:08","modified_gmt":"2009-10-16T10:54:08","slug":"al-via-le-giornate-formative-per-amministratori","status":"publish","type":"post","link":"https:\/\/www.bellunopress.it\/fr\/2009\/10\/16\/al-via-le-giornate-formative-per-amministratori\/","title":{"rendered":"Al via le giornate formative per amministratori"},"content":{"rendered":"<p>I servizi socio sanitari tra programmazione regionale e locale:centralit\u00e0 della persona, responsabilit\u00e0 delle istituzioni e ruolo della comunit\u00e0. E&#8217; questo il titolo delle giornate formative per sindaci, segretari comunali, dirigenti, tecnici, amministrativi ed operatori dell\u2019Ulss, dei Comuni, delle Cooperative sociali e delle Organizzazioni di volontariato, organizzate dalla Conferenza dei Sindaci e dalla Direzione sociale Ulss n. 1 di Belluno.<br \/>\nIl percorso formativo, programmato in seno alla Conferenza dei sindaci, \u00e8 mirato alla\u00a0 consapevolezza dei ruoli nell&#8217;ambito del modello di sviluppo veneto, coerente con la titolarit\u00e0 e la gestione dei Servizi sociali da parte dei comuni. E&#8217; la prima esperienza di questo tipo che una Conferenza dei sindaci (assieme alla Direzione sociale della propria Ulss) organizza nel proprio territorio: in passato se ne faceva carico la Regione all&#8217;avvio di una nuova legislatura, solo per amministratori e a Padova o altra citt\u00e0 vicino a Venezia limitando cos\u00ec la partecipazione di chi vive nelle zone pi\u00f9 periferiche. L&#8217;esecutivo bellunese ha ritenuto di fondamentale importanza la crescita consapevole di tutti i soggetti interessati dal piano di zona dei servizi alla persona, in particolar modo gli amministratori e i tecnici dei comuni, oltre che i vari esponenti delle imprese sociali e organizzazioni di volontariato, che potranno cos\u00ec esercitare al meglio il proprio ruolo.<br \/>\nGli incontri si svolgeranno nella Sala Bianchi di Viale Fantuzzi, messa a disposizione dal Comune di Belluno, dalle 15.00 alle 18.00. Tutti i relatori presteranno il loro impegno gratuitamente.<\/p>\n<p>Questo il calendario:<br \/>\nMarted\u00ec 20 ottobre 2009 \u2015 \u201cIl modello Veneto di integrazione socio-sanitaria: punti di forza, criticit\u00e0 e scenari evolutivi (LEA e sostenibilit\u00e0)\u201d<br \/>\nMichele Maglio \u2013 Dirigente Regionale per i Servizi Sociali<br \/>\nLuned\u00ec 9 novembre 2009 \u2015 \u201cL\u2019assistenza agli anziani non autosufficienti tra programmazione locale e regionale . Il Fondo per la Non Autosufficienza\u201d.<br \/>\nClaudio Beltrame \u2013 Direttore dei Servizi Sociali dell\u2019Ulss n.10 San Don\u00e0 di Piave<br \/>\nLuned\u00ec 14 dicembre 2009 \u2015 \u201cLa disabilit\u00e0 tra programmazione regionale e locale: punti di forza, criticit\u00e0 e scenari innovativi\u201d<br \/>\nMarisa Durante \u2013 Direttore dei Servizi Sociali dell\u2019Ulss n.7 Pieve di Soligo<br \/>\nLuned\u00ec 11 gennaio 2010 \u2015 \u201cPrevenzione e contrasto alle dipendenze: linee di indirizzo e programmazione regionale e locale (punti di forza, criticit\u00e0, scenari evolutivi) e modalit\u00e0 di collaborazione tra Istituzioni Locali , Ulss e Soggetti Comunitari\u201d<br \/>\nAlessandro Pigatto \u2013 Direttore dei Servizi Sociali dell\u2019Ulss n.2 \u2013 Feltre<br \/>\nLuned\u00ec 8 febbraio 2010 \u2015 \u201cFinalit\u00e0 ed azioni innovative nel nuovo Progetto Obiettivo. regionale sulla Salute Mentale: le aree di integrazione e le modalit\u00e0 di collaborazione tra Comuni, Ulss e soggetti della Comunit\u00e0\u201d<br \/>\nGerardo Favaretto \u2013 Direttore dei Servizi Sociali dell\u2019Ulss n. 9 \u2013 Treviso<br \/>\nLuned\u00ec 8 marzo 2010 \u2015 \u201cNuove povert\u00e0, inclusione sociale e immigrazione\u201d<br \/>\nTiziano Vecchiato &#8211; Direttore della Fondazione Zancan<\/p>","protected":false},"excerpt":{"rendered":"<p>I servizi socio sanitari tra programmazione regionale e locale:centralit\u00e0 della persona, responsabilit\u00e0 delle istituzioni e ruolo della comunit\u00e0. E&#8217; questo il titolo delle giornate formative per sindaci, segretari comunali, dirigenti, tecnici, amministrativi ed operatori dell\u2019Ulss, dei Comuni, delle Cooperative sociali e delle Organizzazioni di volontariato, organizzate dalla Conferenza dei Sindaci e dalla Direzione sociale Ulss [&hellip;]<\/p>\n","protected":false},"author":2,"featured_media":0,"comment_status":"closed","ping_status":"open","sticky":false,"template":"","format":"standard","meta":{"footnotes":""},"categories":[27,26],"tags":[139,302],"class_list":["post-8946","post","type-post","status-publish","format-standard","category-appuntamenti","category-prima-pagina","tag-belluno","tag-feltre"],"yoast_head":"<!-- This site is optimized with the Yoast SEO plugin v28.4 - https:\/\/yoast.com\/product\/yoast-seo-wordpress\/ -->\n<title>Al via le giornate formative per amministratori - Bellunopress - Dolomiti<\/title>\n<meta name=\"robots\" content=\"index, follow, max-snippet:-1, max-image-preview:large, max-video-preview:-1\" \/>\n<link rel=\"canonical\" href=\"https:\/\/www.bellunopress.it\/fr\/2009\/10\/16\/al-via-le-giornate-formative-per-amministratori\/\" \/>\n<meta property=\"og:locale\" content=\"fr_FR\" \/>\n<meta property=\"og:type\" content=\"article\" \/>\n<meta property=\"og:title\" content=\"Al via le giornate formative per amministratori - Bellunopress - Dolomiti\" \/>\n<meta property=\"og:description\" content=\"I servizi socio sanitari tra programmazione regionale e locale:centralit\u00e0 della persona, responsabilit\u00e0 delle istituzioni e ruolo della comunit\u00e0. E&#8217; questo il titolo delle giornate formative per sindaci, segretari comunali, dirigenti, tecnici, amministrativi ed operatori dell\u2019Ulss, dei Comuni, delle Cooperative sociali e delle Organizzazioni di volontariato, organizzate dalla Conferenza dei Sindaci e dalla Direzione sociale Ulss [&hellip;]\" \/>\n<meta property=\"og:url\" content=\"https:\/\/www.bellunopress.it\/fr\/2009\/10\/16\/al-via-le-giornate-formative-per-amministratori\/\" \/>\n<meta property=\"og:site_name\" content=\"Bellunopress - Dolomiti\" \/>\n<meta property=\"article:publisher\" content=\"https:\/\/www.facebook.com\/profile.php?id=100008943462799\" \/>\n<meta property=\"article:published_time\" content=\"2009-10-16T10:54:08+00:00\" \/>\n<meta property=\"og:image\" content=\"http:\/\/www.bellunopress.it\/wp-content\/uploads\/2012\/07\/logo-bellunopress-250x250-2012.jpg\" \/>\n<meta name=\"author\" content=\"redazione\" \/>\n<meta name=\"twitter:card\" content=\"summary_large_image\" \/>\n<meta name=\"twitter:creator\" content=\"@bellunopress\" \/>\n<meta name=\"twitter:site\" content=\"@bellunopress\" \/>\n<meta name=\"twitter:label1\" content=\"Written by\" \/>\n\t<meta name=\"twitter:data1\" content=\"redazione\" \/>\n\t<meta name=\"twitter:label2\" content=\"Est. reading time\" \/>\n\t<meta name=\"twitter:data2\" content=\"2 minutes\" \/>\n<script type=\"application\/ld+json\" class=\"yoast-schema-graph\">{\"@context\":\"https:\\\/\\\/schema.org\",\"@graph\":[{\"@type\":\"Article\",\"@id\":\"https:\\\/\\\/www.bellunopress.it\\\/2009\\\/10\\\/16\\\/al-via-le-giornate-formative-per-amministratori\\\/#article\",\"isPartOf\":{\"@id\":\"https:\\\/\\\/www.bellunopress.it\\\/2009\\\/10\\\/16\\\/al-via-le-giornate-formative-per-amministratori\\\/\"},\"author\":{\"name\":\"redazione\",\"@id\":\"https:\\\/\\\/www.bellunopress.it\\\/#\\\/schema\\\/person\\\/79bb06722b37ece1c03d3e94beb30d73\"},\"headline\":\"Al via le giornate formative per amministratori\",\"datePublished\":\"2009-10-16T10:54:08+00:00\",\"mainEntityOfPage\":{\"@id\":\"https:\\\/\\\/www.bellunopress.it\\\/2009\\\/10\\\/16\\\/al-via-le-giornate-formative-per-amministratori\\\/\"},\"wordCount\":431,\"publisher\":{\"@id\":\"https:\\\/\\\/www.bellunopress.it\\\/#organization\"},\"keywords\":[\"Belluno\",\"Feltre\"],\"articleSection\":[\"Appuntamenti, Eventi\",\"Prima Pagina\"],\"inLanguage\":\"fr-FR\"},{\"@type\":\"WebPage\",\"@id\":\"https:\\\/\\\/www.bellunopress.it\\\/2009\\\/10\\\/16\\\/al-via-le-giornate-formative-per-amministratori\\\/\",\"url\":\"https:\\\/\\\/www.bellunopress.it\\\/2009\\\/10\\\/16\\\/al-via-le-giornate-formative-per-amministratori\\\/\",\"name\":\"Al via le giornate formative per amministratori - Bellunopress - Dolomiti\",\"isPartOf\":{\"@id\":\"https:\\\/\\\/www.bellunopress.it\\\/#website\"},\"datePublished\":\"2009-10-16T10:54:08+00:00\",\"breadcrumb\":{\"@id\":\"https:\\\/\\\/www.bellunopress.it\\\/2009\\\/10\\\/16\\\/al-via-le-giornate-formative-per-amministratori\\\/#breadcrumb\"},\"inLanguage\":\"fr-FR\",\"potentialAction\":[{\"@type\":\"ReadAction\",\"target\":[\"https:\\\/\\\/www.bellunopress.it\\\/2009\\\/10\\\/16\\\/al-via-le-giornate-formative-per-amministratori\\\/\"]}]},{\"@type\":\"BreadcrumbList\",\"@id\":\"https:\\\/\\\/www.bellunopress.it\\\/2009\\\/10\\\/16\\\/al-via-le-giornate-formative-per-amministratori\\\/#breadcrumb\",\"itemListElement\":[{\"@type\":\"ListItem\",\"position\":1,\"name\":\"Home\",\"item\":\"https:\\\/\\\/www.bellunopress.it\\\/\"},{\"@type\":\"ListItem\",\"position\":2,\"name\":\"Al via le giornate formative per amministratori\"}]},{\"@type\":\"WebSite\",\"@id\":\"https:\\\/\\\/www.bellunopress.it\\\/#website\",\"url\":\"https:\\\/\\\/www.bellunopress.it\\\/\",\"name\":\"Bellunopress - Dolomiti\",\"description\":\"e-mail: redazione@bellunopress.it\",\"publisher\":{\"@id\":\"https:\\\/\\\/www.bellunopress.it\\\/#organization\"},\"potentialAction\":[{\"@type\":\"SearchAction\",\"target\":{\"@type\":\"EntryPoint\",\"urlTemplate\":\"https:\\\/\\\/www.bellunopress.it\\\/?s={search_term_string}\"},\"query-input\":{\"@type\":\"PropertyValueSpecification\",\"valueRequired\":true,\"valueName\":\"search_term_string\"}}],\"inLanguage\":\"fr-FR\"},{\"@type\":\"Organization\",\"@id\":\"https:\\\/\\\/www.bellunopress.it\\\/#organization\",\"name\":\"Bellunopress\",\"url\":\"https:\\\/\\\/www.bellunopress.it\\\/\",\"logo\":{\"@type\":\"ImageObject\",\"inLanguage\":\"fr-FR\",\"@id\":\"https:\\\/\\\/www.bellunopress.it\\\/#\\\/schema\\\/logo\\\/image\\\/\",\"url\":\"https:\\\/\\\/www.bellunopress.it\\\/wp-content\\\/uploads\\\/2011\\\/05\\\/cropped-logo-bellunopress-.jpg\",\"contentUrl\":\"https:\\\/\\\/www.bellunopress.it\\\/wp-content\\\/uploads\\\/2011\\\/05\\\/cropped-logo-bellunopress-.jpg\",\"width\":512,\"height\":512,\"caption\":\"Bellunopress\"},\"image\":{\"@id\":\"https:\\\/\\\/www.bellunopress.it\\\/#\\\/schema\\\/logo\\\/image\\\/\"},\"sameAs\":[\"https:\\\/\\\/www.facebook.com\\\/profile.php?id=100008943462799\",\"https:\\\/\\\/x.com\\\/bellunopress\",\"https:\\\/\\\/www.linkedin.com\\\/hp\\\/?dnr=JBzUWaJfMUw8vbXJJ2tVW5-I3jZKvC4wsoxE&amp;amp;amp;amp;amp;amp;trk=nav_responsive_tab_home\",\"https:\\\/\\\/www.youtube.com\\\/channel\\\/UCxL0wu1uN0_3_7hGG0306cw\"]},{\"@type\":\"Person\",\"@id\":\"https:\\\/\\\/www.bellunopress.it\\\/#\\\/schema\\\/person\\\/79bb06722b37ece1c03d3e94beb30d73\",\"name\":\"redazione\",\"image\":{\"@type\":\"ImageObject\",\"inLanguage\":\"fr-FR\",\"@id\":\"https:\\\/\\\/secure.gravatar.com\\\/avatar\\\/37d968a2e67a6fd04c169c4bdef102d0bc5d31b2546345219e348575eb80e9a0?s=96&d=mm&r=g\",\"url\":\"https:\\\/\\\/secure.gravatar.com\\\/avatar\\\/37d968a2e67a6fd04c169c4bdef102d0bc5d31b2546345219e348575eb80e9a0?s=96&d=mm&r=g\",\"contentUrl\":\"https:\\\/\\\/secure.gravatar.com\\\/avatar\\\/37d968a2e67a6fd04c169c4bdef102d0bc5d31b2546345219e348575eb80e9a0?s=96&d=mm&r=g\",\"caption\":\"redazione\"},\"sameAs\":[\"http:\\\/\\\/www.bellunopress.it\",\"https:\\\/\\\/x.com\\\/bellunopress\"],\"url\":\"https:\\\/\\\/www.bellunopress.it\\\/fr\\\/author\\\/redazione\\\/\"}]}<\/script>\n<!-- \/ Yoast SEO plugin. -->","yoast_head_json":{"title":"Al via le giornate formative per amministratori - Bellunopress - Dolomiti","robots":{"index":"index","follow":"follow","max-snippet":"max-snippet:-1","max-image-preview":"max-image-preview:large","max-video-preview":"max-video-preview:-1"},"canonical":"https:\/\/www.bellunopress.it\/fr\/2009\/10\/16\/al-via-le-giornate-formative-per-amministratori\/","og_locale":"fr_FR","og_type":"article","og_title":"Al via le giornate formative per amministratori - Bellunopress - Dolomiti","og_description":"I servizi socio sanitari tra programmazione regionale e locale:centralit\u00e0 della persona, responsabilit\u00e0 delle istituzioni e ruolo della comunit\u00e0. E&#8217; questo il titolo delle giornate formative per sindaci, segretari comunali, dirigenti, tecnici, amministrativi ed operatori dell\u2019Ulss, dei Comuni, delle Cooperative sociali e delle Organizzazioni di volontariato, organizzate dalla Conferenza dei Sindaci e dalla Direzione sociale Ulss [&hellip;]","og_url":"https:\/\/www.bellunopress.it\/fr\/2009\/10\/16\/al-via-le-giornate-formative-per-amministratori\/","og_site_name":"Bellunopress - Dolomiti","article_publisher":"https:\/\/www.facebook.com\/profile.php?id=100008943462799","article_published_time":"2009-10-16T10:54:08+00:00","og_image":[{"url":"http:\/\/www.bellunopress.it\/wp-content\/uploads\/2012\/07\/logo-bellunopress-250x250-2012.jpg","type":"","width":"","height":""}],"author":"redazione","twitter_card":"summary_large_image","twitter_creator":"@bellunopress","twitter_site":"@bellunopress","twitter_misc":{"Written by":"redazione","Est. reading time":"2 minutes"},"schema":{"@context":"https:\/\/schema.org","@graph":[{"@type":"Article","@id":"https:\/\/www.bellunopress.it\/2009\/10\/16\/al-via-le-giornate-formative-per-amministratori\/#article","isPartOf":{"@id":"https:\/\/www.bellunopress.it\/2009\/10\/16\/al-via-le-giornate-formative-per-amministratori\/"},"author":{"name":"redazione","@id":"https:\/\/www.bellunopress.it\/#\/schema\/person\/79bb06722b37ece1c03d3e94beb30d73"},"headline":"Al via le giornate formative per amministratori","datePublished":"2009-10-16T10:54:08+00:00","mainEntityOfPage":{"@id":"https:\/\/www.bellunopress.it\/2009\/10\/16\/al-via-le-giornate-formative-per-amministratori\/"},"wordCount":431,"publisher":{"@id":"https:\/\/www.bellunopress.it\/#organization"},"keywords":["Belluno","Feltre"],"articleSection":["Appuntamenti, Eventi","Prima Pagina"],"inLanguage":"fr-FR"},{"@type":"WebPage","@id":"https:\/\/www.bellunopress.it\/2009\/10\/16\/al-via-le-giornate-formative-per-amministratori\/","url":"https:\/\/www.bellunopress.it\/2009\/10\/16\/al-via-le-giornate-formative-per-amministratori\/","name":"Al via le giornate formative per amministratori - Bellunopress - Dolomiti","isPartOf":{"@id":"https:\/\/www.bellunopress.it\/#website"},"datePublished":"2009-10-16T10:54:08+00:00","breadcrumb":{"@id":"https:\/\/www.bellunopress.it\/2009\/10\/16\/al-via-le-giornate-formative-per-amministratori\/#breadcrumb"},"inLanguage":"fr-FR","potentialAction":[{"@type":"ReadAction","target":["https:\/\/www.bellunopress.it\/2009\/10\/16\/al-via-le-giornate-formative-per-amministratori\/"]}]},{"@type":"BreadcrumbList","@id":"https:\/\/www.bellunopress.it\/2009\/10\/16\/al-via-le-giornate-formative-per-amministratori\/#breadcrumb","itemListElement":[{"@type":"ListItem","position":1,"name":"Home","item":"https:\/\/www.bellunopress.it\/"},{"@type":"ListItem","position":2,"name":"Al via le giornate formative per amministratori"}]},{"@type":"WebSite","@id":"https:\/\/www.bellunopress.it\/#website","url":"https:\/\/www.bellunopress.it\/","name":"Bellunopress - Dolomiti","description":"e-mail: redazione@bellunopress.it","publisher":{"@id":"https:\/\/www.bellunopress.it\/#organization"},"potentialAction":[{"@type":"SearchAction","target":{"@type":"EntryPoint","urlTemplate":"https:\/\/www.bellunopress.it\/?s={search_term_string}"},"query-input":{"@type":"PropertyValueSpecification","valueRequired":true,"valueName":"search_term_string"}}],"inLanguage":"fr-FR"},{"@type":"Organization","@id":"https:\/\/www.bellunopress.it\/#organization","name":"Bellunopress","url":"https:\/\/www.bellunopress.it\/","logo":{"@type":"ImageObject","inLanguage":"fr-FR","@id":"https:\/\/www.bellunopress.it\/#\/schema\/logo\/image\/","url":"https:\/\/www.bellunopress.it\/wp-content\/uploads\/2011\/05\/cropped-logo-bellunopress-.jpg","contentUrl":"https:\/\/www.bellunopress.it\/wp-content\/uploads\/2011\/05\/cropped-logo-bellunopress-.jpg","width":512,"height":512,"caption":"Bellunopress"},"image":{"@id":"https:\/\/www.bellunopress.it\/#\/schema\/logo\/image\/"},"sameAs":["https:\/\/www.facebook.com\/profile.php?id=100008943462799","https:\/\/x.com\/bellunopress","https:\/\/www.linkedin.com\/hp\/?dnr=JBzUWaJfMUw8vbXJJ2tVW5-I3jZKvC4wsoxE&amp;amp;amp;amp;amp;amp;trk=nav_responsive_tab_home","https:\/\/www.youtube.com\/channel\/UCxL0wu1uN0_3_7hGG0306cw"]},{"@type":"Person","@id":"https:\/\/www.bellunopress.it\/#\/schema\/person\/79bb06722b37ece1c03d3e94beb30d73","name":"r\u00e9daction","image":{"@type":"ImageObject","inLanguage":"fr-FR","@id":"https:\/\/secure.gravatar.com\/avatar\/37d968a2e67a6fd04c169c4bdef102d0bc5d31b2546345219e348575eb80e9a0?s=96&d=mm&r=g","url":"https:\/\/secure.gravatar.com\/avatar\/37d968a2e67a6fd04c169c4bdef102d0bc5d31b2546345219e348575eb80e9a0?s=96&d=mm&r=g","contentUrl":"https:\/\/secure.gravatar.com\/avatar\/37d968a2e67a6fd04c169c4bdef102d0bc5d31b2546345219e348575eb80e9a0?s=96&d=mm&r=g","caption":"redazione"},"sameAs":["http:\/\/www.bellunopress.it","https:\/\/x.com\/bellunopress"],"url":"https:\/\/www.bellunopress.it\/fr\/author\/redazione\/"}]}},"_links":{"self":[{"href":"https:\/\/www.bellunopress.it\/fr\/wp-json\/wp\/v2\/posts\/8946","targetHints":{"allow":["GET"]}}],"collection":[{"href":"https:\/\/www.bellunopress.it\/fr\/wp-json\/wp\/v2\/posts"}],"about":[{"href":"https:\/\/www.bellunopress.it\/fr\/wp-json\/wp\/v2\/types\/post"}],"author":[{"embeddable":true,"href":"https:\/\/www.bellunopress.it\/fr\/wp-json\/wp\/v2\/users\/2"}],"replies":[{"embeddable":true,"href":"https:\/\/www.bellunopress.it\/fr\/wp-json\/wp\/v2\/comments?post=8946"}],"version-history":[{"count":1,"href":"https:\/\/www.bellunopress.it\/fr\/wp-json\/wp\/v2\/posts\/8946\/revisions"}],"predecessor-version":[{"id":8947,"href":"https:\/\/www.bellunopress.it\/fr\/wp-json\/wp\/v2\/posts\/8946\/revisions\/8947"}],"wp:attachment":[{"href":"https:\/\/www.bellunopress.it\/fr\/wp-json\/wp\/v2\/media?parent=8946"}],"wp:term":[{"taxonomy":"category","embeddable":true,"href":"https:\/\/www.bellunopress.it\/fr\/wp-json\/wp\/v2\/categories?post=8946"},{"taxonomy":"post_tag","embeddable":true,"href":"https:\/\/www.bellunopress.it\/fr\/wp-json\/wp\/v2\/tags?post=8946"}],"curies":[{"name":"wp","href":"https:\/\/api.w.org\/{rel}","templated":true}]}}