{"id":8935,"date":"2009-10-15T15:29:29","date_gmt":"2009-10-15T14:29:29","guid":{"rendered":"http:\/\/www.bellunopress.it\/?p=8935"},"modified":"2009-10-15T15:29:29","modified_gmt":"2009-10-15T14:29:29","slug":"a-pastin-in-festa-si-ride-con-zelig-sabato-nell%e2%80%99ambito-di-%e2%80%9csapori-italiani%e2%80%9d-ascom-belluno-offrira-una-serata-di-divertimento-con-i-comici-diego-e-paolo","status":"publish","type":"post","link":"https:\/\/www.bellunopress.it\/fr\/2009\/10\/15\/a-pastin-in-festa-si-ride-con-zelig-sabato-nell%e2%80%99ambito-di-%e2%80%9csapori-italiani%e2%80%9d-ascom-belluno-offrira-una-serata-di-divertimento-con-i-comici-diego-e-paolo\/","title":{"rendered":"A &#8220;Pastin in festa&#8221; si ride con Zelig. Sabato, nell\u2019ambito di \u201cSapori Italiani\u201d, Ascom Belluno offrir\u00e0 una serata di divertimento con i comici Diego e Paolo."},"content":{"rendered":"<p>Promozione dei prodotti tipici e del territorio, ma anche divertimento. E\u2019 quanto propone Ascom Belluno nell\u2019ambito di \u201cPastin in festa\u201d, l\u2019iniziativa che l\u2019associazione del commercio, turismo e servizi della provincia di Belluno allestisce all\u2019interno di \u201cSapori Italiani\u201d, \u00a0il salone dei prodotti agroalimentari tipici e della gastronoma proposto da Longarone Fiere per il 17, 18 e 19 ottobre prossimi.<br \/>\nPer sabato sera, 17 ottobre, Ascom Belluno organizzer\u00e0 una serata, a ingresso gratuito, che vedr\u00e0 protagonisti Diego e Paolo, comici che calcano le scene di Zelig Off. Si comincer\u00e0 alle 19 e si andr\u00e0 avanti fino all\u20191. Oltre ai due comici, a rendere frizzante la serata ci sar\u00e0 anche tanta musica, oltre, naturalmente, ai prodotti tipici, in primis il pastin, accompagnato dai \u201cSapori dolomitici\u201d: dai prodotti della panificazione ai formaggi, dalle erbe officinali coltivate in Valbelluna alla Birra d&#8217;orzo delle Dolomiti Bellunesi ai vini del Feltrino. \u00a0Domenica mattina, infine, Ascom Belluno e Confcommercio veneto proporranno un convegno dal titolo \u201cMontagna: una risorsa da governare\u201d. A discutere delle problematiche e dello sviluppo dell&#8217;economia montana ci saranno docenti universitari ed esponenti della politica e dell&#8217;economia triveneta. L\u2019inizio dei lavori \u00e8 fissato per le ore 10.<br \/>\n\u00a0<br \/>\n\u00a0<br \/>\n\u00a0<br \/>\nDIEGO E PAOLO<\/p>\n<p>Un vero e proprio manuale sul come diventare schiavi dell\u2019umorismo. Ecco lo spettacolo di Diegoepaolo al secolo Diego Carli e Paolo Rozzi. Forti di un\u2019esperienza decennale nel campo del teatro, i due comici fanno parte del cast di Zelig Off e di Rakkolta Differenziata. Questo spettacolo tutto cabarettistico ruota attorno alle figure dei due Fratelli Zampolli e il loro surreale microcosmo. Sono due improbabili personaggi che vivono a Isolai di Cadore, in Val da Sola (non Val di Sole, Val da Sola proprio) nel bellunese, il paese pi\u00f9 piccolo e isolato del mondo dove persino i turisti appena arrivati \u201cgirano\u201d la macchina e se ne tornano a casa. Diego e Paolo ci guideranno in un viaggio turistico che parte dalle montagne del Cadore fino ad arrivare ai seri problemi di coppia, dalla sfida sulle pi\u00f9 belle frasi d\u2019amore recuperate nella scatola dei \u201cBaci Perugina\u201d e la ditta concorrente: \u201cLe Zaffate di Terni\u201d all\u2019efficienza di E.R. Medici del Nord Est in retroguardia\u2026Medica! Una carrellata di battute, ritmo, situazioni esilaranti e musica dal vivo che conduce per mano lo spettatore nel mondo eclettico di Diegoepaolo, vincitori con un meritatissimo en plein alla quattordicesima edizione del Festival nazionale del cabaret svoltasi al Teatro Nuovo di Torino, aggiudicandosi inoltre il Premio del Pubblico.<br \/>\n\u00a0Diego Carli ha lavorato con Donato Sartori, Daniel Stain, Teatrocontinuo, Gerardo Guccini, Beppe Barra, Raffaele De Ritis, Alessandro Serena. Ha ricevuto il diploma di specializzazione al corso per attori professionisti indetto dalla Regione Veneto e l\u2019Ente Nazionale Circhi: \u201cLa riqualificazione dell\u2019attore circense\u201d. Ha collaborato con gli Stolperbaengel&#8217;s di Baden Baden, il Teatro dell\u2019Angolo di Torino, Zumpa&amp;tallero di Venezia, l\u2019Ensemble Vicenza, Finisterrae Teatri di Trento. Ha partecipato ad uno spettacolo con Dario Fo in occasione del compleanno per i settant\u2019anni di Franca Rame. Ha vinto numerosi premi, tra i quali: vincitore e Premio \u201cBacchetta d\u2019Oro\u201d al Festival Internazionale di Magia C.M.I. di Reggio nell\u2019Emilia, vincitore e Premio della Critica al &#8220;4\u00b0 Festival del Cabaret Emergente&#8221; di Modena, Premio Ernst Thole al &#8220;6. Festival Nazionale del Cabaret&#8221; Torino, vincitore della 2\u00b0 Rassegna Nazionale di Cabaret &#8220;Primo, secondo, terzo e Quartu-Crepapelle &#8217;99&#8221;, Quartu S. Elena (CA). Ha partecipato a numerosi festival internazionali di teatro, tra i quali: London International Mime Festival. Le trasmissioni televisive alle quali ha partecipato sono: Jeans2 RAI3, Doc RAI2, Domenica in RAI1, Raffaella Carr\u00e0 Show Canale5(ospite fisso), Maurizio Costanzo Show Canale5, Laboratorio5 Canale5, Gn\u00f9 RAI3, Buona Domenica Canale5, Sette per Uno Rai1 (ospite fisso), Comedy in Casino Canale DRS Schweizer Fernsehen, Televisione Nazionale Svizzera. Attualmente fa parte del trio comico-musicale The incredible Jashgawronsky Brothers.<br \/>\n\u00a0<br \/>\nPaolo Rozzi \u00e8 stato allievo di Giorgio Albertazzi. Ha lavorato con le Compagnie: Teatro Niovo e Teatro Modo di Venezia, Ensemble Vicenza, Il Mondo alla Rovescia di Vicenza. Ha effettuato inoltre tourn\u00e9es in Canada, Francia, Malta, Portogallo, Egitto, Spagna, Germania. Ha Partecipato come attore al film \u201cL\u2019estate di Davide\u201d di Carlo Mazzacurati. Le trasmissioni televisive alle quali ha partecipato sono: Buona Domenica Canale5, Sette per Uno Rai1 (ospite fisso), Comedy in Casino Canale DRS Schweizer Fernsehen, Televisione Nazionale Svizzera. 3sat Televisione Nazionale Tedesca. Attualmente fa parte del trio comico-musicale The incredible Jashgawronsky Brothers.<\/p>","protected":false},"excerpt":{"rendered":"<p>Promozione dei prodotti tipici e del territorio, ma anche divertimento. E\u2019 quanto propone Ascom Belluno nell\u2019ambito di \u201cPastin in festa\u201d, l\u2019iniziativa che l\u2019associazione del commercio, turismo e servizi della provincia di Belluno allestisce all\u2019interno di \u201cSapori Italiani\u201d, \u00a0il salone dei prodotti agroalimentari tipici e della gastronoma proposto da Longarone Fiere per il 17, 18 e [&hellip;]<\/p>\n","protected":false},"author":2,"featured_media":0,"comment_status":"closed","ping_status":"open","sticky":false,"template":"","format":"standard","meta":{"footnotes":""},"categories":[27,25],"tags":[139,151,63,2261],"class_list":["post-8935","post","type-post","status-publish","format-standard","category-appuntamenti","category-pausa-caffe","tag-belluno","tag-cadore","tag-dolomiti","tag-feltrino"],"yoast_head":"<!-- This site is optimized with the Yoast SEO plugin v28.4 - https:\/\/yoast.com\/product\/yoast-seo-wordpress\/ -->\n<title>A &quot;Pastin in festa&quot; si ride con Zelig. Sabato, nell\u2019ambito di \u201cSapori Italiani\u201d, Ascom Belluno offrir\u00e0 una serata di divertimento con i comici Diego e Paolo.  - Bellunopress - Dolomiti<\/title>\n<meta name=\"robots\" content=\"index, follow, max-snippet:-1, max-image-preview:large, max-video-preview:-1\" \/>\n<link rel=\"canonical\" href=\"https:\/\/www.bellunopress.it\/fr\/2009\/10\/15\/a-pastin-in-festa-si-ride-con-zelig-sabato-nell\u2019ambito-di-\u201csapori-italiani\u201d-ascom-belluno-offrira-una-serata-di-divertimento-con-i-comici-diego-e-paolo\/\" \/>\n<meta property=\"og:locale\" content=\"fr_FR\" \/>\n<meta property=\"og:type\" content=\"article\" \/>\n<meta property=\"og:title\" content=\"A &quot;Pastin in festa&quot; si ride con Zelig. Sabato, nell\u2019ambito di \u201cSapori Italiani\u201d, Ascom Belluno offrir\u00e0 una serata di divertimento con i comici Diego e Paolo.  - Bellunopress - Dolomiti\" \/>\n<meta property=\"og:description\" content=\"Promozione dei prodotti tipici e del territorio, ma anche divertimento. E\u2019 quanto propone Ascom Belluno nell\u2019ambito di \u201cPastin in festa\u201d, l\u2019iniziativa che l\u2019associazione del commercio, turismo e servizi della provincia di Belluno allestisce all\u2019interno di \u201cSapori Italiani\u201d, \u00a0il salone dei prodotti agroalimentari tipici e della gastronoma proposto da Longarone Fiere per il 17, 18 e [&hellip;]\" \/>\n<meta property=\"og:url\" content=\"https:\/\/www.bellunopress.it\/fr\/2009\/10\/15\/a-pastin-in-festa-si-ride-con-zelig-sabato-nell\u2019ambito-di-\u201csapori-italiani\u201d-ascom-belluno-offrira-una-serata-di-divertimento-con-i-comici-diego-e-paolo\/\" \/>\n<meta property=\"og:site_name\" content=\"Bellunopress - Dolomiti\" \/>\n<meta property=\"article:publisher\" content=\"https:\/\/www.facebook.com\/profile.php?id=100008943462799\" \/>\n<meta property=\"article:published_time\" content=\"2009-10-15T14:29:29+00:00\" \/>\n<meta property=\"og:image\" content=\"http:\/\/www.bellunopress.it\/wp-content\/uploads\/2012\/07\/logo-bellunopress-250x250-2012.jpg\" \/>\n<meta name=\"author\" content=\"redazione\" \/>\n<meta name=\"twitter:card\" content=\"summary_large_image\" \/>\n<meta name=\"twitter:creator\" content=\"@bellunopress\" \/>\n<meta name=\"twitter:site\" content=\"@bellunopress\" \/>\n<meta name=\"twitter:label1\" content=\"\u00c9crit par\" \/>\n\t<meta name=\"twitter:data1\" content=\"redazione\" \/>\n\t<meta name=\"twitter:label2\" content=\"Dur\u00e9e de lecture estim\u00e9e\" \/>\n\t<meta name=\"twitter:data2\" content=\"4 minutes\" \/>\n<script type=\"application\/ld+json\" class=\"yoast-schema-graph\">{\"@context\":\"https:\\\/\\\/schema.org\",\"@graph\":[{\"@type\":\"Article\",\"@id\":\"https:\\\/\\\/www.bellunopress.it\\\/2009\\\/10\\\/15\\\/a-pastin-in-festa-si-ride-con-zelig-sabato-nell%e2%80%99ambito-di-%e2%80%9csapori-italiani%e2%80%9d-ascom-belluno-offrira-una-serata-di-divertimento-con-i-comici-diego-e-paolo\\\/#article\",\"isPartOf\":{\"@id\":\"https:\\\/\\\/www.bellunopress.it\\\/2009\\\/10\\\/15\\\/a-pastin-in-festa-si-ride-con-zelig-sabato-nell%e2%80%99ambito-di-%e2%80%9csapori-italiani%e2%80%9d-ascom-belluno-offrira-una-serata-di-divertimento-con-i-comici-diego-e-paolo\\\/\"},\"author\":{\"name\":\"redazione\",\"@id\":\"https:\\\/\\\/www.bellunopress.it\\\/#\\\/schema\\\/person\\\/79bb06722b37ece1c03d3e94beb30d73\"},\"headline\":\"A &#8220;Pastin in festa&#8221; si ride con Zelig. Sabato, nell\u2019ambito di \u201cSapori Italiani\u201d, Ascom Belluno offrir\u00e0 una serata di divertimento con i comici Diego e Paolo.\",\"datePublished\":\"2009-10-15T14:29:29+00:00\",\"mainEntityOfPage\":{\"@id\":\"https:\\\/\\\/www.bellunopress.it\\\/2009\\\/10\\\/15\\\/a-pastin-in-festa-si-ride-con-zelig-sabato-nell%e2%80%99ambito-di-%e2%80%9csapori-italiani%e2%80%9d-ascom-belluno-offrira-una-serata-di-divertimento-con-i-comici-diego-e-paolo\\\/\"},\"wordCount\":755,\"publisher\":{\"@id\":\"https:\\\/\\\/www.bellunopress.it\\\/#organization\"},\"keywords\":[\"Belluno\",\"Cadore\",\"Dolomiti\",\"feltrino\"],\"articleSection\":[\"Appuntamenti, Eventi\",\"Pausa Caff\u00e8\"],\"inLanguage\":\"fr-FR\"},{\"@type\":\"WebPage\",\"@id\":\"https:\\\/\\\/www.bellunopress.it\\\/2009\\\/10\\\/15\\\/a-pastin-in-festa-si-ride-con-zelig-sabato-nell%e2%80%99ambito-di-%e2%80%9csapori-italiani%e2%80%9d-ascom-belluno-offrira-una-serata-di-divertimento-con-i-comici-diego-e-paolo\\\/\",\"url\":\"https:\\\/\\\/www.bellunopress.it\\\/2009\\\/10\\\/15\\\/a-pastin-in-festa-si-ride-con-zelig-sabato-nell%e2%80%99ambito-di-%e2%80%9csapori-italiani%e2%80%9d-ascom-belluno-offrira-una-serata-di-divertimento-con-i-comici-diego-e-paolo\\\/\",\"name\":\"A \\\"Pastin in festa\\\" si ride con Zelig. Sabato, nell\u2019ambito di \u201cSapori Italiani\u201d, Ascom Belluno offrir\u00e0 una serata di divertimento con i comici Diego e Paolo. - Bellunopress - Dolomiti\",\"isPartOf\":{\"@id\":\"https:\\\/\\\/www.bellunopress.it\\\/#website\"},\"datePublished\":\"2009-10-15T14:29:29+00:00\",\"breadcrumb\":{\"@id\":\"https:\\\/\\\/www.bellunopress.it\\\/2009\\\/10\\\/15\\\/a-pastin-in-festa-si-ride-con-zelig-sabato-nell%e2%80%99ambito-di-%e2%80%9csapori-italiani%e2%80%9d-ascom-belluno-offrira-una-serata-di-divertimento-con-i-comici-diego-e-paolo\\\/#breadcrumb\"},\"inLanguage\":\"fr-FR\",\"potentialAction\":[{\"@type\":\"ReadAction\",\"target\":[\"https:\\\/\\\/www.bellunopress.it\\\/2009\\\/10\\\/15\\\/a-pastin-in-festa-si-ride-con-zelig-sabato-nell%e2%80%99ambito-di-%e2%80%9csapori-italiani%e2%80%9d-ascom-belluno-offrira-una-serata-di-divertimento-con-i-comici-diego-e-paolo\\\/\"]}]},{\"@type\":\"BreadcrumbList\",\"@id\":\"https:\\\/\\\/www.bellunopress.it\\\/2009\\\/10\\\/15\\\/a-pastin-in-festa-si-ride-con-zelig-sabato-nell%e2%80%99ambito-di-%e2%80%9csapori-italiani%e2%80%9d-ascom-belluno-offrira-una-serata-di-divertimento-con-i-comici-diego-e-paolo\\\/#breadcrumb\",\"itemListElement\":[{\"@type\":\"ListItem\",\"position\":1,\"name\":\"Home\",\"item\":\"https:\\\/\\\/www.bellunopress.it\\\/\"},{\"@type\":\"ListItem\",\"position\":2,\"name\":\"A &#8220;Pastin in festa&#8221; si ride con Zelig. Sabato, nell\u2019ambito di \u201cSapori Italiani\u201d, Ascom Belluno offrir\u00e0 una serata di divertimento con i comici Diego e Paolo.\"}]},{\"@type\":\"WebSite\",\"@id\":\"https:\\\/\\\/www.bellunopress.it\\\/#website\",\"url\":\"https:\\\/\\\/www.bellunopress.it\\\/\",\"name\":\"Bellunopress - Dolomiti\",\"description\":\"e-mail: redazione@bellunopress.it\",\"publisher\":{\"@id\":\"https:\\\/\\\/www.bellunopress.it\\\/#organization\"},\"potentialAction\":[{\"@type\":\"SearchAction\",\"target\":{\"@type\":\"EntryPoint\",\"urlTemplate\":\"https:\\\/\\\/www.bellunopress.it\\\/?s={search_term_string}\"},\"query-input\":{\"@type\":\"PropertyValueSpecification\",\"valueRequired\":true,\"valueName\":\"search_term_string\"}}],\"inLanguage\":\"fr-FR\"},{\"@type\":\"Organization\",\"@id\":\"https:\\\/\\\/www.bellunopress.it\\\/#organization\",\"name\":\"Bellunopress\",\"url\":\"https:\\\/\\\/www.bellunopress.it\\\/\",\"logo\":{\"@type\":\"ImageObject\",\"inLanguage\":\"fr-FR\",\"@id\":\"https:\\\/\\\/www.bellunopress.it\\\/#\\\/schema\\\/logo\\\/image\\\/\",\"url\":\"https:\\\/\\\/www.bellunopress.it\\\/wp-content\\\/uploads\\\/2011\\\/05\\\/cropped-logo-bellunopress-.jpg\",\"contentUrl\":\"https:\\\/\\\/www.bellunopress.it\\\/wp-content\\\/uploads\\\/2011\\\/05\\\/cropped-logo-bellunopress-.jpg\",\"width\":512,\"height\":512,\"caption\":\"Bellunopress\"},\"image\":{\"@id\":\"https:\\\/\\\/www.bellunopress.it\\\/#\\\/schema\\\/logo\\\/image\\\/\"},\"sameAs\":[\"https:\\\/\\\/www.facebook.com\\\/profile.php?id=100008943462799\",\"https:\\\/\\\/x.com\\\/bellunopress\",\"https:\\\/\\\/www.linkedin.com\\\/hp\\\/?dnr=JBzUWaJfMUw8vbXJJ2tVW5-I3jZKvC4wsoxE&amp;amp;amp;amp;amp;amp;trk=nav_responsive_tab_home\",\"https:\\\/\\\/www.youtube.com\\\/channel\\\/UCxL0wu1uN0_3_7hGG0306cw\"]},{\"@type\":\"Person\",\"@id\":\"https:\\\/\\\/www.bellunopress.it\\\/#\\\/schema\\\/person\\\/79bb06722b37ece1c03d3e94beb30d73\",\"name\":\"redazione\",\"image\":{\"@type\":\"ImageObject\",\"inLanguage\":\"fr-FR\",\"@id\":\"https:\\\/\\\/secure.gravatar.com\\\/avatar\\\/37d968a2e67a6fd04c169c4bdef102d0bc5d31b2546345219e348575eb80e9a0?s=96&d=mm&r=g\",\"url\":\"https:\\\/\\\/secure.gravatar.com\\\/avatar\\\/37d968a2e67a6fd04c169c4bdef102d0bc5d31b2546345219e348575eb80e9a0?s=96&d=mm&r=g\",\"contentUrl\":\"https:\\\/\\\/secure.gravatar.com\\\/avatar\\\/37d968a2e67a6fd04c169c4bdef102d0bc5d31b2546345219e348575eb80e9a0?s=96&d=mm&r=g\",\"caption\":\"redazione\"},\"sameAs\":[\"http:\\\/\\\/www.bellunopress.it\",\"https:\\\/\\\/x.com\\\/bellunopress\"],\"url\":\"https:\\\/\\\/www.bellunopress.it\\\/fr\\\/author\\\/redazione\\\/\"}]}<\/script>\n<!-- \/ Yoast SEO plugin. -->","yoast_head_json":{"title":"A \"Pastin in festa\" si ride con Zelig. Sabato, nell\u2019ambito di \u201cSapori Italiani\u201d, Ascom Belluno offrir\u00e0 una serata di divertimento con i comici Diego e Paolo.  - Bellunopress - Dolomiti","robots":{"index":"index","follow":"follow","max-snippet":"max-snippet:-1","max-image-preview":"max-image-preview:large","max-video-preview":"max-video-preview:-1"},"canonical":"https:\/\/www.bellunopress.it\/fr\/2009\/10\/15\/a-pastin-in-festa-si-ride-con-zelig-sabato-nell\u2019ambito-di-\u201csapori-italiani\u201d-ascom-belluno-offrira-una-serata-di-divertimento-con-i-comici-diego-e-paolo\/","og_locale":"fr_FR","og_type":"article","og_title":"A \"Pastin in festa\" si ride con Zelig. Sabato, nell\u2019ambito di \u201cSapori Italiani\u201d, Ascom Belluno offrir\u00e0 una serata di divertimento con i comici Diego e Paolo.  - Bellunopress - Dolomiti","og_description":"Promozione dei prodotti tipici e del territorio, ma anche divertimento. E\u2019 quanto propone Ascom Belluno nell\u2019ambito di \u201cPastin in festa\u201d, l\u2019iniziativa che l\u2019associazione del commercio, turismo e servizi della provincia di Belluno allestisce all\u2019interno di \u201cSapori Italiani\u201d, \u00a0il salone dei prodotti agroalimentari tipici e della gastronoma proposto da Longarone Fiere per il 17, 18 e [&hellip;]","og_url":"https:\/\/www.bellunopress.it\/fr\/2009\/10\/15\/a-pastin-in-festa-si-ride-con-zelig-sabato-nell\u2019ambito-di-\u201csapori-italiani\u201d-ascom-belluno-offrira-una-serata-di-divertimento-con-i-comici-diego-e-paolo\/","og_site_name":"Bellunopress - Dolomiti","article_publisher":"https:\/\/www.facebook.com\/profile.php?id=100008943462799","article_published_time":"2009-10-15T14:29:29+00:00","og_image":[{"url":"http:\/\/www.bellunopress.it\/wp-content\/uploads\/2012\/07\/logo-bellunopress-250x250-2012.jpg","type":"","width":"","height":""}],"author":"redazione","twitter_card":"summary_large_image","twitter_creator":"@bellunopress","twitter_site":"@bellunopress","twitter_misc":{"\u00c9crit par":"redazione","Dur\u00e9e de lecture estim\u00e9e":"4 minutes"},"schema":{"@context":"https:\/\/schema.org","@graph":[{"@type":"Article","@id":"https:\/\/www.bellunopress.it\/2009\/10\/15\/a-pastin-in-festa-si-ride-con-zelig-sabato-nell%e2%80%99ambito-di-%e2%80%9csapori-italiani%e2%80%9d-ascom-belluno-offrira-una-serata-di-divertimento-con-i-comici-diego-e-paolo\/#article","isPartOf":{"@id":"https:\/\/www.bellunopress.it\/2009\/10\/15\/a-pastin-in-festa-si-ride-con-zelig-sabato-nell%e2%80%99ambito-di-%e2%80%9csapori-italiani%e2%80%9d-ascom-belluno-offrira-una-serata-di-divertimento-con-i-comici-diego-e-paolo\/"},"author":{"name":"redazione","@id":"https:\/\/www.bellunopress.it\/#\/schema\/person\/79bb06722b37ece1c03d3e94beb30d73"},"headline":"A &#8220;Pastin in festa&#8221; si ride con Zelig. Sabato, nell\u2019ambito di \u201cSapori Italiani\u201d, Ascom Belluno offrir\u00e0 una serata di divertimento con i comici Diego e Paolo.","datePublished":"2009-10-15T14:29:29+00:00","mainEntityOfPage":{"@id":"https:\/\/www.bellunopress.it\/2009\/10\/15\/a-pastin-in-festa-si-ride-con-zelig-sabato-nell%e2%80%99ambito-di-%e2%80%9csapori-italiani%e2%80%9d-ascom-belluno-offrira-una-serata-di-divertimento-con-i-comici-diego-e-paolo\/"},"wordCount":755,"publisher":{"@id":"https:\/\/www.bellunopress.it\/#organization"},"keywords":["Belluno","Cadore","Dolomiti","feltrino"],"articleSection":["Appuntamenti, Eventi","Pausa Caff\u00e8"],"inLanguage":"fr-FR"},{"@type":"WebPage","@id":"https:\/\/www.bellunopress.it\/2009\/10\/15\/a-pastin-in-festa-si-ride-con-zelig-sabato-nell%e2%80%99ambito-di-%e2%80%9csapori-italiani%e2%80%9d-ascom-belluno-offrira-una-serata-di-divertimento-con-i-comici-diego-e-paolo\/","url":"https:\/\/www.bellunopress.it\/2009\/10\/15\/a-pastin-in-festa-si-ride-con-zelig-sabato-nell%e2%80%99ambito-di-%e2%80%9csapori-italiani%e2%80%9d-ascom-belluno-offrira-una-serata-di-divertimento-con-i-comici-diego-e-paolo\/","name":"A \"Pastin in festa\" si ride con Zelig. Sabato, nell\u2019ambito di \u201cSapori Italiani\u201d, Ascom Belluno offrir\u00e0 una serata di divertimento con i comici Diego e Paolo. - Bellunopress - Dolomiti","isPartOf":{"@id":"https:\/\/www.bellunopress.it\/#website"},"datePublished":"2009-10-15T14:29:29+00:00","breadcrumb":{"@id":"https:\/\/www.bellunopress.it\/2009\/10\/15\/a-pastin-in-festa-si-ride-con-zelig-sabato-nell%e2%80%99ambito-di-%e2%80%9csapori-italiani%e2%80%9d-ascom-belluno-offrira-una-serata-di-divertimento-con-i-comici-diego-e-paolo\/#breadcrumb"},"inLanguage":"fr-FR","potentialAction":[{"@type":"ReadAction","target":["https:\/\/www.bellunopress.it\/2009\/10\/15\/a-pastin-in-festa-si-ride-con-zelig-sabato-nell%e2%80%99ambito-di-%e2%80%9csapori-italiani%e2%80%9d-ascom-belluno-offrira-una-serata-di-divertimento-con-i-comici-diego-e-paolo\/"]}]},{"@type":"BreadcrumbList","@id":"https:\/\/www.bellunopress.it\/2009\/10\/15\/a-pastin-in-festa-si-ride-con-zelig-sabato-nell%e2%80%99ambito-di-%e2%80%9csapori-italiani%e2%80%9d-ascom-belluno-offrira-una-serata-di-divertimento-con-i-comici-diego-e-paolo\/#breadcrumb","itemListElement":[{"@type":"ListItem","position":1,"name":"Home","item":"https:\/\/www.bellunopress.it\/"},{"@type":"ListItem","position":2,"name":"A &#8220;Pastin in festa&#8221; si ride con Zelig. Sabato, nell\u2019ambito di \u201cSapori Italiani\u201d, Ascom Belluno offrir\u00e0 una serata di divertimento con i comici Diego e Paolo."}]},{"@type":"WebSite","@id":"https:\/\/www.bellunopress.it\/#website","url":"https:\/\/www.bellunopress.it\/","name":"Bellunopress - Dolomiti","description":"e-mail: redazione@bellunopress.it","publisher":{"@id":"https:\/\/www.bellunopress.it\/#organization"},"potentialAction":[{"@type":"SearchAction","target":{"@type":"EntryPoint","urlTemplate":"https:\/\/www.bellunopress.it\/?s={search_term_string}"},"query-input":{"@type":"PropertyValueSpecification","valueRequired":true,"valueName":"search_term_string"}}],"inLanguage":"fr-FR"},{"@type":"Organization","@id":"https:\/\/www.bellunopress.it\/#organization","name":"Bellunopress","url":"https:\/\/www.bellunopress.it\/","logo":{"@type":"ImageObject","inLanguage":"fr-FR","@id":"https:\/\/www.bellunopress.it\/#\/schema\/logo\/image\/","url":"https:\/\/www.bellunopress.it\/wp-content\/uploads\/2011\/05\/cropped-logo-bellunopress-.jpg","contentUrl":"https:\/\/www.bellunopress.it\/wp-content\/uploads\/2011\/05\/cropped-logo-bellunopress-.jpg","width":512,"height":512,"caption":"Bellunopress"},"image":{"@id":"https:\/\/www.bellunopress.it\/#\/schema\/logo\/image\/"},"sameAs":["https:\/\/www.facebook.com\/profile.php?id=100008943462799","https:\/\/x.com\/bellunopress","https:\/\/www.linkedin.com\/hp\/?dnr=JBzUWaJfMUw8vbXJJ2tVW5-I3jZKvC4wsoxE&amp;amp;amp;amp;amp;amp;trk=nav_responsive_tab_home","https:\/\/www.youtube.com\/channel\/UCxL0wu1uN0_3_7hGG0306cw"]},{"@type":"Person","@id":"https:\/\/www.bellunopress.it\/#\/schema\/person\/79bb06722b37ece1c03d3e94beb30d73","name":"r\u00e9daction","image":{"@type":"ImageObject","inLanguage":"fr-FR","@id":"https:\/\/secure.gravatar.com\/avatar\/37d968a2e67a6fd04c169c4bdef102d0bc5d31b2546345219e348575eb80e9a0?s=96&d=mm&r=g","url":"https:\/\/secure.gravatar.com\/avatar\/37d968a2e67a6fd04c169c4bdef102d0bc5d31b2546345219e348575eb80e9a0?s=96&d=mm&r=g","contentUrl":"https:\/\/secure.gravatar.com\/avatar\/37d968a2e67a6fd04c169c4bdef102d0bc5d31b2546345219e348575eb80e9a0?s=96&d=mm&r=g","caption":"redazione"},"sameAs":["http:\/\/www.bellunopress.it","https:\/\/x.com\/bellunopress"],"url":"https:\/\/www.bellunopress.it\/fr\/author\/redazione\/"}]}},"_links":{"self":[{"href":"https:\/\/www.bellunopress.it\/fr\/wp-json\/wp\/v2\/posts\/8935","targetHints":{"allow":["GET"]}}],"collection":[{"href":"https:\/\/www.bellunopress.it\/fr\/wp-json\/wp\/v2\/posts"}],"about":[{"href":"https:\/\/www.bellunopress.it\/fr\/wp-json\/wp\/v2\/types\/post"}],"author":[{"embeddable":true,"href":"https:\/\/www.bellunopress.it\/fr\/wp-json\/wp\/v2\/users\/2"}],"replies":[{"embeddable":true,"href":"https:\/\/www.bellunopress.it\/fr\/wp-json\/wp\/v2\/comments?post=8935"}],"version-history":[{"count":1,"href":"https:\/\/www.bellunopress.it\/fr\/wp-json\/wp\/v2\/posts\/8935\/revisions"}],"predecessor-version":[{"id":8936,"href":"https:\/\/www.bellunopress.it\/fr\/wp-json\/wp\/v2\/posts\/8935\/revisions\/8936"}],"wp:attachment":[{"href":"https:\/\/www.bellunopress.it\/fr\/wp-json\/wp\/v2\/media?parent=8935"}],"wp:term":[{"taxonomy":"category","embeddable":true,"href":"https:\/\/www.bellunopress.it\/fr\/wp-json\/wp\/v2\/categories?post=8935"},{"taxonomy":"post_tag","embeddable":true,"href":"https:\/\/www.bellunopress.it\/fr\/wp-json\/wp\/v2\/tags?post=8935"}],"curies":[{"name":"wp","href":"https:\/\/api.w.org\/{rel}","templated":true}]}}