{"id":8921,"date":"2009-10-15T11:26:47","date_gmt":"2009-10-15T10:26:47","guid":{"rendered":"http:\/\/www.bellunopress.it\/?p=8921"},"modified":"2009-10-15T11:27:29","modified_gmt":"2009-10-15T10:27:29","slug":"un-nuovo-primario-di-ostetricia-e-ginecologia-al-san-martino-di-belluno","status":"publish","type":"post","link":"https:\/\/www.bellunopress.it\/fr\/2009\/10\/15\/un-nuovo-primario-di-ostetricia-e-ginecologia-al-san-martino-di-belluno\/","title":{"rendered":"Un nuovo primario di Ostetricia e Ginecologia al San Martino di Belluno"},"content":{"rendered":"<p>Il dottor Antonino Lo Re \u00e8 il nuovo primario dell\u2019Unit\u00e0 Operativa di Ostetricia e Ginecologia dell\u2019ospedale San Martino. E\u2019 stato nominato ieri (mercoled\u00ec 13 ottobre) dal direttore generale dell\u2019Ulss 1 Ermanno Angonese. Alla selezione hanno partecipato cinque medici, tutti giudicati idonei dall\u2019apposito collegio tecnico costituito da due esperti della disciplina e presieduto dal direttore sanitario dell\u2019azienda. Laureato in Medicina e Chirurgia all\u2019Universit\u00e0 degli Studi di Palermo nel 1990, si \u00e8 specializzato in Ostetricia e Ginecologia con indirizzo di Fisiopatologia della Riproduzione Umana nel 1994. Iscritto all\u2019Ordine dei Medici della Provincia di Vicenza opera dal 1999 come dirigente medico nel reparto di Ostetricia e Ginecologia dell\u2019ospedale civile di Thiene. Nonostante la giovane et\u00e0, 44 anni, vanta un notevole addestramento nella disciplina, con circa duemila interventi chirurgici come primo operatore, oltre 600 isteroscopie, 150 prelievi di amniocentesi, villocentesi e funicolocentesi all\u2019anno e una vasta attivit\u00e0 di ecografia ostetrica (circa 800 ecografie all\u2019anno, delle quali un quarto morfologiche del quinto mese di gestazione). Si \u00e8 qualificato in modo particolare nell\u2019ambito della chirurgia onco-ginecologica e dell\u2019attivit\u00e0 di procreazione assistita. \u00abE\u2019 una nomina \u2013 commenta il direttore generale Ermanno Angonese \u2013 che si connota per le buone qualit\u00e0 professionali e per la giovane et\u00e0 del nuovo primario: ottimi ingredienti per mantenere i livelli qualitativi e quantitativi dell\u2019attivit\u00e0 espletata, favorendone al contempo il miglioramento e la crescita anche in rapporto ai grandi mutamenti in atto nella moderna ostetricia e ginecologia\u00bb.<\/p>","protected":false},"excerpt":{"rendered":"<p>Il dottor Antonino Lo Re \u00e8 il nuovo primario dell\u2019Unit\u00e0 Operativa di Ostetricia e Ginecologia dell\u2019ospedale San Martino. E\u2019 stato nominato ieri (mercoled\u00ec 13 ottobre) dal direttore generale dell\u2019Ulss 1 Ermanno Angonese. Alla selezione hanno partecipato cinque medici, tutti giudicati idonei dall\u2019apposito collegio tecnico costituito da due esperti della disciplina e presieduto dal direttore sanitario [&hellip;]<\/p>\n","protected":false},"author":2,"featured_media":0,"comment_status":"closed","ping_status":"open","sticky":false,"template":"","format":"standard","meta":{"footnotes":""},"categories":[5,26,17],"tags":[3050],"class_list":["post-8921","post","type-post","status-publish","format-standard","category-cronaca","category-prima-pagina","category-sanita","tag-sanita"],"yoast_head":"<!-- This site is optimized with the Yoast SEO plugin v28.4 - https:\/\/yoast.com\/product\/yoast-seo-wordpress\/ -->\n<title>Un nuovo primario di Ostetricia e Ginecologia al San Martino di Belluno - Bellunopress - Dolomiti<\/title>\n<meta name=\"robots\" content=\"index, follow, max-snippet:-1, max-image-preview:large, max-video-preview:-1\" \/>\n<link rel=\"canonical\" href=\"https:\/\/www.bellunopress.it\/fr\/2009\/10\/15\/un-nuovo-primario-di-ostetricia-e-ginecologia-al-san-martino-di-belluno\/\" \/>\n<meta property=\"og:locale\" content=\"fr_FR\" \/>\n<meta property=\"og:type\" content=\"article\" \/>\n<meta property=\"og:title\" content=\"Un nuovo primario di Ostetricia e Ginecologia al San Martino di Belluno - Bellunopress - Dolomiti\" \/>\n<meta property=\"og:description\" content=\"Il dottor Antonino Lo Re \u00e8 il nuovo primario dell\u2019Unit\u00e0 Operativa di Ostetricia e Ginecologia dell\u2019ospedale San Martino. E\u2019 stato nominato ieri (mercoled\u00ec 13 ottobre) dal direttore generale dell\u2019Ulss 1 Ermanno Angonese. Alla selezione hanno partecipato cinque medici, tutti giudicati idonei dall\u2019apposito collegio tecnico costituito da due esperti della disciplina e presieduto dal direttore sanitario [&hellip;]\" \/>\n<meta property=\"og:url\" content=\"https:\/\/www.bellunopress.it\/fr\/2009\/10\/15\/un-nuovo-primario-di-ostetricia-e-ginecologia-al-san-martino-di-belluno\/\" \/>\n<meta property=\"og:site_name\" content=\"Bellunopress - Dolomiti\" \/>\n<meta property=\"article:publisher\" content=\"https:\/\/www.facebook.com\/profile.php?id=100008943462799\" \/>\n<meta property=\"article:published_time\" content=\"2009-10-15T10:26:47+00:00\" \/>\n<meta property=\"article:modified_time\" content=\"2009-10-15T10:27:29+00:00\" \/>\n<meta property=\"og:image\" content=\"http:\/\/www.bellunopress.it\/wp-content\/uploads\/2012\/07\/logo-bellunopress-250x250-2012.jpg\" \/>\n<meta name=\"author\" content=\"redazione\" \/>\n<meta name=\"twitter:card\" content=\"summary_large_image\" \/>\n<meta name=\"twitter:creator\" content=\"@bellunopress\" \/>\n<meta name=\"twitter:site\" content=\"@bellunopress\" \/>\n<meta name=\"twitter:label1\" content=\"\u00c9crit par\" \/>\n\t<meta name=\"twitter:data1\" content=\"redazione\" \/>\n\t<meta name=\"twitter:label2\" content=\"Dur\u00e9e de lecture estim\u00e9e\" \/>\n\t<meta name=\"twitter:data2\" content=\"1 minute\" \/>\n<script type=\"application\/ld+json\" class=\"yoast-schema-graph\">{\"@context\":\"https:\\\/\\\/schema.org\",\"@graph\":[{\"@type\":\"Article\",\"@id\":\"https:\\\/\\\/www.bellunopress.it\\\/2009\\\/10\\\/15\\\/un-nuovo-primario-di-ostetricia-e-ginecologia-al-san-martino-di-belluno\\\/#article\",\"isPartOf\":{\"@id\":\"https:\\\/\\\/www.bellunopress.it\\\/2009\\\/10\\\/15\\\/un-nuovo-primario-di-ostetricia-e-ginecologia-al-san-martino-di-belluno\\\/\"},\"author\":{\"name\":\"redazione\",\"@id\":\"https:\\\/\\\/www.bellunopress.it\\\/#\\\/schema\\\/person\\\/79bb06722b37ece1c03d3e94beb30d73\"},\"headline\":\"Un nuovo primario di Ostetricia e Ginecologia al San Martino di Belluno\",\"datePublished\":\"2009-10-15T10:26:47+00:00\",\"dateModified\":\"2009-10-15T10:27:29+00:00\",\"mainEntityOfPage\":{\"@id\":\"https:\\\/\\\/www.bellunopress.it\\\/2009\\\/10\\\/15\\\/un-nuovo-primario-di-ostetricia-e-ginecologia-al-san-martino-di-belluno\\\/\"},\"wordCount\":245,\"publisher\":{\"@id\":\"https:\\\/\\\/www.bellunopress.it\\\/#organization\"},\"keywords\":[\"Sanit\u00e0\"],\"articleSection\":[\"Cronaca\\\/Politica\",\"Prima Pagina\",\"Sanit\u00e0 Medicina\"],\"inLanguage\":\"fr-FR\"},{\"@type\":\"WebPage\",\"@id\":\"https:\\\/\\\/www.bellunopress.it\\\/2009\\\/10\\\/15\\\/un-nuovo-primario-di-ostetricia-e-ginecologia-al-san-martino-di-belluno\\\/\",\"url\":\"https:\\\/\\\/www.bellunopress.it\\\/2009\\\/10\\\/15\\\/un-nuovo-primario-di-ostetricia-e-ginecologia-al-san-martino-di-belluno\\\/\",\"name\":\"Un nuovo primario di Ostetricia e Ginecologia al San Martino di Belluno - Bellunopress - Dolomiti\",\"isPartOf\":{\"@id\":\"https:\\\/\\\/www.bellunopress.it\\\/#website\"},\"datePublished\":\"2009-10-15T10:26:47+00:00\",\"dateModified\":\"2009-10-15T10:27:29+00:00\",\"breadcrumb\":{\"@id\":\"https:\\\/\\\/www.bellunopress.it\\\/2009\\\/10\\\/15\\\/un-nuovo-primario-di-ostetricia-e-ginecologia-al-san-martino-di-belluno\\\/#breadcrumb\"},\"inLanguage\":\"fr-FR\",\"potentialAction\":[{\"@type\":\"ReadAction\",\"target\":[\"https:\\\/\\\/www.bellunopress.it\\\/2009\\\/10\\\/15\\\/un-nuovo-primario-di-ostetricia-e-ginecologia-al-san-martino-di-belluno\\\/\"]}]},{\"@type\":\"BreadcrumbList\",\"@id\":\"https:\\\/\\\/www.bellunopress.it\\\/2009\\\/10\\\/15\\\/un-nuovo-primario-di-ostetricia-e-ginecologia-al-san-martino-di-belluno\\\/#breadcrumb\",\"itemListElement\":[{\"@type\":\"ListItem\",\"position\":1,\"name\":\"Home\",\"item\":\"https:\\\/\\\/www.bellunopress.it\\\/\"},{\"@type\":\"ListItem\",\"position\":2,\"name\":\"Un nuovo primario di Ostetricia e Ginecologia al San Martino di Belluno\"}]},{\"@type\":\"WebSite\",\"@id\":\"https:\\\/\\\/www.bellunopress.it\\\/#website\",\"url\":\"https:\\\/\\\/www.bellunopress.it\\\/\",\"name\":\"Bellunopress - Dolomiti\",\"description\":\"e-mail: redazione@bellunopress.it\",\"publisher\":{\"@id\":\"https:\\\/\\\/www.bellunopress.it\\\/#organization\"},\"potentialAction\":[{\"@type\":\"SearchAction\",\"target\":{\"@type\":\"EntryPoint\",\"urlTemplate\":\"https:\\\/\\\/www.bellunopress.it\\\/?s={search_term_string}\"},\"query-input\":{\"@type\":\"PropertyValueSpecification\",\"valueRequired\":true,\"valueName\":\"search_term_string\"}}],\"inLanguage\":\"fr-FR\"},{\"@type\":\"Organization\",\"@id\":\"https:\\\/\\\/www.bellunopress.it\\\/#organization\",\"name\":\"Bellunopress\",\"url\":\"https:\\\/\\\/www.bellunopress.it\\\/\",\"logo\":{\"@type\":\"ImageObject\",\"inLanguage\":\"fr-FR\",\"@id\":\"https:\\\/\\\/www.bellunopress.it\\\/#\\\/schema\\\/logo\\\/image\\\/\",\"url\":\"https:\\\/\\\/www.bellunopress.it\\\/wp-content\\\/uploads\\\/2011\\\/05\\\/cropped-logo-bellunopress-.jpg\",\"contentUrl\":\"https:\\\/\\\/www.bellunopress.it\\\/wp-content\\\/uploads\\\/2011\\\/05\\\/cropped-logo-bellunopress-.jpg\",\"width\":512,\"height\":512,\"caption\":\"Bellunopress\"},\"image\":{\"@id\":\"https:\\\/\\\/www.bellunopress.it\\\/#\\\/schema\\\/logo\\\/image\\\/\"},\"sameAs\":[\"https:\\\/\\\/www.facebook.com\\\/profile.php?id=100008943462799\",\"https:\\\/\\\/x.com\\\/bellunopress\",\"https:\\\/\\\/www.linkedin.com\\\/hp\\\/?dnr=JBzUWaJfMUw8vbXJJ2tVW5-I3jZKvC4wsoxE&amp;amp;amp;amp;amp;amp;trk=nav_responsive_tab_home\",\"https:\\\/\\\/www.youtube.com\\\/channel\\\/UCxL0wu1uN0_3_7hGG0306cw\"]},{\"@type\":\"Person\",\"@id\":\"https:\\\/\\\/www.bellunopress.it\\\/#\\\/schema\\\/person\\\/79bb06722b37ece1c03d3e94beb30d73\",\"name\":\"redazione\",\"image\":{\"@type\":\"ImageObject\",\"inLanguage\":\"fr-FR\",\"@id\":\"https:\\\/\\\/secure.gravatar.com\\\/avatar\\\/37d968a2e67a6fd04c169c4bdef102d0bc5d31b2546345219e348575eb80e9a0?s=96&d=mm&r=g\",\"url\":\"https:\\\/\\\/secure.gravatar.com\\\/avatar\\\/37d968a2e67a6fd04c169c4bdef102d0bc5d31b2546345219e348575eb80e9a0?s=96&d=mm&r=g\",\"contentUrl\":\"https:\\\/\\\/secure.gravatar.com\\\/avatar\\\/37d968a2e67a6fd04c169c4bdef102d0bc5d31b2546345219e348575eb80e9a0?s=96&d=mm&r=g\",\"caption\":\"redazione\"},\"sameAs\":[\"http:\\\/\\\/www.bellunopress.it\",\"https:\\\/\\\/x.com\\\/bellunopress\"],\"url\":\"https:\\\/\\\/www.bellunopress.it\\\/fr\\\/author\\\/redazione\\\/\"}]}<\/script>\n<!-- \/ Yoast SEO plugin. -->","yoast_head_json":{"title":"Un nuovo primario di Ostetricia e Ginecologia al San Martino di Belluno - Bellunopress - Dolomiti","robots":{"index":"index","follow":"follow","max-snippet":"max-snippet:-1","max-image-preview":"max-image-preview:large","max-video-preview":"max-video-preview:-1"},"canonical":"https:\/\/www.bellunopress.it\/fr\/2009\/10\/15\/un-nuovo-primario-di-ostetricia-e-ginecologia-al-san-martino-di-belluno\/","og_locale":"fr_FR","og_type":"article","og_title":"Un nuovo primario di Ostetricia e Ginecologia al San Martino di Belluno - Bellunopress - Dolomiti","og_description":"Il dottor Antonino Lo Re \u00e8 il nuovo primario dell\u2019Unit\u00e0 Operativa di Ostetricia e Ginecologia dell\u2019ospedale San Martino. E\u2019 stato nominato ieri (mercoled\u00ec 13 ottobre) dal direttore generale dell\u2019Ulss 1 Ermanno Angonese. Alla selezione hanno partecipato cinque medici, tutti giudicati idonei dall\u2019apposito collegio tecnico costituito da due esperti della disciplina e presieduto dal direttore sanitario [&hellip;]","og_url":"https:\/\/www.bellunopress.it\/fr\/2009\/10\/15\/un-nuovo-primario-di-ostetricia-e-ginecologia-al-san-martino-di-belluno\/","og_site_name":"Bellunopress - Dolomiti","article_publisher":"https:\/\/www.facebook.com\/profile.php?id=100008943462799","article_published_time":"2009-10-15T10:26:47+00:00","article_modified_time":"2009-10-15T10:27:29+00:00","og_image":[{"url":"http:\/\/www.bellunopress.it\/wp-content\/uploads\/2012\/07\/logo-bellunopress-250x250-2012.jpg","type":"","width":"","height":""}],"author":"redazione","twitter_card":"summary_large_image","twitter_creator":"@bellunopress","twitter_site":"@bellunopress","twitter_misc":{"\u00c9crit par":"redazione","Dur\u00e9e de lecture estim\u00e9e":"1 minute"},"schema":{"@context":"https:\/\/schema.org","@graph":[{"@type":"Article","@id":"https:\/\/www.bellunopress.it\/2009\/10\/15\/un-nuovo-primario-di-ostetricia-e-ginecologia-al-san-martino-di-belluno\/#article","isPartOf":{"@id":"https:\/\/www.bellunopress.it\/2009\/10\/15\/un-nuovo-primario-di-ostetricia-e-ginecologia-al-san-martino-di-belluno\/"},"author":{"name":"redazione","@id":"https:\/\/www.bellunopress.it\/#\/schema\/person\/79bb06722b37ece1c03d3e94beb30d73"},"headline":"Un nuovo primario di Ostetricia e Ginecologia al San Martino di Belluno","datePublished":"2009-10-15T10:26:47+00:00","dateModified":"2009-10-15T10:27:29+00:00","mainEntityOfPage":{"@id":"https:\/\/www.bellunopress.it\/2009\/10\/15\/un-nuovo-primario-di-ostetricia-e-ginecologia-al-san-martino-di-belluno\/"},"wordCount":245,"publisher":{"@id":"https:\/\/www.bellunopress.it\/#organization"},"keywords":["Sanit\u00e0"],"articleSection":["Cronaca\/Politica","Prima Pagina","Sanit\u00e0 Medicina"],"inLanguage":"fr-FR"},{"@type":"WebPage","@id":"https:\/\/www.bellunopress.it\/2009\/10\/15\/un-nuovo-primario-di-ostetricia-e-ginecologia-al-san-martino-di-belluno\/","url":"https:\/\/www.bellunopress.it\/2009\/10\/15\/un-nuovo-primario-di-ostetricia-e-ginecologia-al-san-martino-di-belluno\/","name":"Un nuovo primario di Ostetricia e Ginecologia al San Martino di Belluno - Bellunopress - Dolomiti","isPartOf":{"@id":"https:\/\/www.bellunopress.it\/#website"},"datePublished":"2009-10-15T10:26:47+00:00","dateModified":"2009-10-15T10:27:29+00:00","breadcrumb":{"@id":"https:\/\/www.bellunopress.it\/2009\/10\/15\/un-nuovo-primario-di-ostetricia-e-ginecologia-al-san-martino-di-belluno\/#breadcrumb"},"inLanguage":"fr-FR","potentialAction":[{"@type":"ReadAction","target":["https:\/\/www.bellunopress.it\/2009\/10\/15\/un-nuovo-primario-di-ostetricia-e-ginecologia-al-san-martino-di-belluno\/"]}]},{"@type":"BreadcrumbList","@id":"https:\/\/www.bellunopress.it\/2009\/10\/15\/un-nuovo-primario-di-ostetricia-e-ginecologia-al-san-martino-di-belluno\/#breadcrumb","itemListElement":[{"@type":"ListItem","position":1,"name":"Home","item":"https:\/\/www.bellunopress.it\/"},{"@type":"ListItem","position":2,"name":"Un nuovo primario di Ostetricia e Ginecologia al San Martino di Belluno"}]},{"@type":"WebSite","@id":"https:\/\/www.bellunopress.it\/#website","url":"https:\/\/www.bellunopress.it\/","name":"Bellunopress - Dolomiti","description":"e-mail: redazione@bellunopress.it","publisher":{"@id":"https:\/\/www.bellunopress.it\/#organization"},"potentialAction":[{"@type":"SearchAction","target":{"@type":"EntryPoint","urlTemplate":"https:\/\/www.bellunopress.it\/?s={search_term_string}"},"query-input":{"@type":"PropertyValueSpecification","valueRequired":true,"valueName":"search_term_string"}}],"inLanguage":"fr-FR"},{"@type":"Organization","@id":"https:\/\/www.bellunopress.it\/#organization","name":"Bellunopress","url":"https:\/\/www.bellunopress.it\/","logo":{"@type":"ImageObject","inLanguage":"fr-FR","@id":"https:\/\/www.bellunopress.it\/#\/schema\/logo\/image\/","url":"https:\/\/www.bellunopress.it\/wp-content\/uploads\/2011\/05\/cropped-logo-bellunopress-.jpg","contentUrl":"https:\/\/www.bellunopress.it\/wp-content\/uploads\/2011\/05\/cropped-logo-bellunopress-.jpg","width":512,"height":512,"caption":"Bellunopress"},"image":{"@id":"https:\/\/www.bellunopress.it\/#\/schema\/logo\/image\/"},"sameAs":["https:\/\/www.facebook.com\/profile.php?id=100008943462799","https:\/\/x.com\/bellunopress","https:\/\/www.linkedin.com\/hp\/?dnr=JBzUWaJfMUw8vbXJJ2tVW5-I3jZKvC4wsoxE&amp;amp;amp;amp;amp;amp;trk=nav_responsive_tab_home","https:\/\/www.youtube.com\/channel\/UCxL0wu1uN0_3_7hGG0306cw"]},{"@type":"Person","@id":"https:\/\/www.bellunopress.it\/#\/schema\/person\/79bb06722b37ece1c03d3e94beb30d73","name":"r\u00e9daction","image":{"@type":"ImageObject","inLanguage":"fr-FR","@id":"https:\/\/secure.gravatar.com\/avatar\/37d968a2e67a6fd04c169c4bdef102d0bc5d31b2546345219e348575eb80e9a0?s=96&d=mm&r=g","url":"https:\/\/secure.gravatar.com\/avatar\/37d968a2e67a6fd04c169c4bdef102d0bc5d31b2546345219e348575eb80e9a0?s=96&d=mm&r=g","contentUrl":"https:\/\/secure.gravatar.com\/avatar\/37d968a2e67a6fd04c169c4bdef102d0bc5d31b2546345219e348575eb80e9a0?s=96&d=mm&r=g","caption":"redazione"},"sameAs":["http:\/\/www.bellunopress.it","https:\/\/x.com\/bellunopress"],"url":"https:\/\/www.bellunopress.it\/fr\/author\/redazione\/"}]}},"_links":{"self":[{"href":"https:\/\/www.bellunopress.it\/fr\/wp-json\/wp\/v2\/posts\/8921","targetHints":{"allow":["GET"]}}],"collection":[{"href":"https:\/\/www.bellunopress.it\/fr\/wp-json\/wp\/v2\/posts"}],"about":[{"href":"https:\/\/www.bellunopress.it\/fr\/wp-json\/wp\/v2\/types\/post"}],"author":[{"embeddable":true,"href":"https:\/\/www.bellunopress.it\/fr\/wp-json\/wp\/v2\/users\/2"}],"replies":[{"embeddable":true,"href":"https:\/\/www.bellunopress.it\/fr\/wp-json\/wp\/v2\/comments?post=8921"}],"version-history":[{"count":2,"href":"https:\/\/www.bellunopress.it\/fr\/wp-json\/wp\/v2\/posts\/8921\/revisions"}],"predecessor-version":[{"id":8924,"href":"https:\/\/www.bellunopress.it\/fr\/wp-json\/wp\/v2\/posts\/8921\/revisions\/8924"}],"wp:attachment":[{"href":"https:\/\/www.bellunopress.it\/fr\/wp-json\/wp\/v2\/media?parent=8921"}],"wp:term":[{"taxonomy":"category","embeddable":true,"href":"https:\/\/www.bellunopress.it\/fr\/wp-json\/wp\/v2\/categories?post=8921"},{"taxonomy":"post_tag","embeddable":true,"href":"https:\/\/www.bellunopress.it\/fr\/wp-json\/wp\/v2\/tags?post=8921"}],"curies":[{"name":"wp","href":"https:\/\/api.w.org\/{rel}","templated":true}]}}