{"id":8910,"date":"2009-10-14T19:35:43","date_gmt":"2009-10-14T18:35:43","guid":{"rendered":"http:\/\/www.bellunopress.it\/?p=8910"},"modified":"2009-10-15T12:23:09","modified_gmt":"2009-10-15T11:23:09","slug":"il-senatore-fistarol-%e2%80%9cazzerati-i-fondi-all%e2%80%99anas-e-per-la-banda-larga-nelle-aree-svantaggiate%e2%80%9d","status":"publish","type":"post","link":"https:\/\/www.bellunopress.it\/fr\/2009\/10\/14\/il-senatore-fistarol-%e2%80%9cazzerati-i-fondi-all%e2%80%99anas-e-per-la-banda-larga-nelle-aree-svantaggiate%e2%80%9d\/","title":{"rendered":"Il senatore Fistarol: \u201cAzzerati i fondi all\u2019Anas e per la banda larga nelle aree svantaggiate\u201d"},"content":{"rendered":"<figure id=\"attachment_1343\" aria-describedby=\"caption-attachment-1343\" style=\"width: 270px\" class=\"wp-caption alignleft\"><a href=\"http:\/\/www.bellunopress.it\/wp-content\/uploads\/2009\/03\/maurizio-fistarol-270x180.jpg\"><img loading=\"lazy\" decoding=\"async\" class=\"size-medium wp-image-1343\" title=\"maurizio-fistarol-270x180\" src=\"http:\/\/www.bellunopress.it\/wp-content\/uploads\/2009\/03\/maurizio-fistarol-270x180.jpg\" alt=\"Maurizio Fistarol senatore Pd\" width=\"270\" height=\"180\" \/><\/a><figcaption id=\"caption-attachment-1343\" class=\"wp-caption-text\">Maurizio Fistarol senatore Pd<\/figcaption><\/figure>\n<p>La Commissione Lavori pubblici del Senato ha esaminato, per le parti di propria competenza, la Legge Finanziaria 2010 e l\u2019ha approvata con il voto contrario del Partito Democratico. \u201cNelle pieghe della Legge Finanziaria &#8211; ha dichiarato il senatore del Pd, Maurizio Fistarol &#8211; ho verificato, purtroppo, l\u2019assenza di fondi per questioni assai rilevanti per il Paese e anche per i nostri territori\u201d.\u00a0 L\u2019esponente del Pd riporta, quindi, alcuni dati significativi. \u201cPer quanto riguarda la mobilit\u00e0, il governo opera un taglio di 3.352 milioni di euro, pi\u00f9 di 1\/3 rispetto ai fondi assegnati nel 2009. Spiccano, in questo senso, le riduzioni riguardanti le somme da assegnare alle regioni per opere di adeguamento stradale (che passano da 5.512 a 3.130 milioni di euro).\u00a0 \u201cAltro capitolo assai rilevante &#8211; ha continuato Fistarol &#8211; \u00e8 quello che riguarda la mobilit\u00e0 locale (il servizio pubblico degli autobus). Qui si riscontra un taglio di 380 milioni di euro rispetto all\u2019anno precedente, tra i quali spiccano 124 milioni a riduzione delle risorse per i rinnovi contrattuali per il personale e 100 milioni di euro per l\u2019acquisto di veicoli per il miglioramento del servizio. Altro aspetto del tutto ignorato e di grande rilievo per le aree montane riguarda la infrastrutturazione in banda larga (internet veloce): qui scompaiono gli 800 milioni promessi dal governo per le nuove reti tecnologiche nelle aree periferiche del Paese\u201d. \u201cInfine, ed \u00e8 forse la lacuna pi\u00f9 eclatante, nel documento presentato dal governo c\u2019\u00e8 l\u2019azzeramento dei trasferimenti all\u2019Anas per il 2010, e colpisce l\u2019adeguamento della viabilit\u00e0 ordinaria alle necessit\u00e0 di sviluppo e di mobilit\u00e0, nonch\u00e9 la messa in sicurezza e la manutenzione delle strade. Cercheremo &#8211; ha concluso Fistarol -, come Partito Democratico, di limitare i danni con emendamenti nella Commissione Bilancio e in Aula, ma le affermazioni del governo, questa mattina in Commissione Lavori pubblici, non lasciano grandi speranze\u201d.<\/p>","protected":false},"excerpt":{"rendered":"<p>La Commissione Lavori pubblici del Senato ha esaminato, per le parti di propria competenza, la Legge Finanziaria 2010 e l\u2019ha approvata con il voto contrario del Partito Democratico. \u201cNelle pieghe della Legge Finanziaria &#8211; ha dichiarato il senatore del Pd, Maurizio Fistarol &#8211; ho verificato, purtroppo, l\u2019assenza di fondi per questioni assai rilevanti per il [&hellip;]<\/p>\n","protected":false},"author":2,"featured_media":0,"comment_status":"closed","ping_status":"open","sticky":false,"template":"","format":"standard","meta":{"footnotes":""},"categories":[5,26],"tags":[139],"class_list":["post-8910","post","type-post","status-publish","format-standard","category-cronaca","category-prima-pagina","tag-belluno"],"yoast_head":"<!-- This site is optimized with the Yoast SEO plugin v28.4 - https:\/\/yoast.com\/product\/yoast-seo-wordpress\/ -->\n<title>Il senatore Fistarol: \u201cAzzerati i fondi all\u2019Anas e per la banda larga nelle aree svantaggiate\u201d  - Bellunopress - Dolomiti<\/title>\n<meta name=\"robots\" content=\"index, follow, max-snippet:-1, max-image-preview:large, max-video-preview:-1\" \/>\n<link rel=\"canonical\" href=\"https:\/\/www.bellunopress.it\/fr\/2009\/10\/14\/il-senatore-fistarol-\u201cazzerati-i-fondi-all\u2019anas-e-per-la-banda-larga-nelle-aree-svantaggiate\u201d\/\" \/>\n<meta property=\"og:locale\" content=\"fr_FR\" \/>\n<meta property=\"og:type\" content=\"article\" \/>\n<meta property=\"og:title\" content=\"Il senatore Fistarol: \u201cAzzerati i fondi all\u2019Anas e per la banda larga nelle aree svantaggiate\u201d  - Bellunopress - Dolomiti\" \/>\n<meta property=\"og:description\" content=\"La Commissione Lavori pubblici del Senato ha esaminato, per le parti di propria competenza, la Legge Finanziaria 2010 e l\u2019ha approvata con il voto contrario del Partito Democratico. \u201cNelle pieghe della Legge Finanziaria &#8211; ha dichiarato il senatore del Pd, Maurizio Fistarol &#8211; ho verificato, purtroppo, l\u2019assenza di fondi per questioni assai rilevanti per il [&hellip;]\" \/>\n<meta property=\"og:url\" content=\"https:\/\/www.bellunopress.it\/fr\/2009\/10\/14\/il-senatore-fistarol-\u201cazzerati-i-fondi-all\u2019anas-e-per-la-banda-larga-nelle-aree-svantaggiate\u201d\/\" \/>\n<meta property=\"og:site_name\" content=\"Bellunopress - Dolomiti\" \/>\n<meta property=\"article:publisher\" content=\"https:\/\/www.facebook.com\/profile.php?id=100008943462799\" \/>\n<meta property=\"article:published_time\" content=\"2009-10-14T18:35:43+00:00\" \/>\n<meta property=\"article:modified_time\" content=\"2009-10-15T11:23:09+00:00\" \/>\n<meta property=\"og:image\" content=\"http:\/\/www.bellunopress.it\/wp-content\/uploads\/2009\/03\/maurizio-fistarol-270x180.jpg\" \/>\n<meta name=\"author\" content=\"redazione\" \/>\n<meta name=\"twitter:card\" content=\"summary_large_image\" \/>\n<meta name=\"twitter:creator\" content=\"@bellunopress\" \/>\n<meta name=\"twitter:site\" content=\"@bellunopress\" \/>\n<meta name=\"twitter:label1\" content=\"\u00c9crit par\" \/>\n\t<meta name=\"twitter:data1\" content=\"redazione\" \/>\n\t<meta name=\"twitter:label2\" content=\"Dur\u00e9e de lecture estim\u00e9e\" \/>\n\t<meta name=\"twitter:data2\" content=\"2 minutes\" \/>\n<script type=\"application\/ld+json\" class=\"yoast-schema-graph\">{\"@context\":\"https:\\\/\\\/schema.org\",\"@graph\":[{\"@type\":\"Article\",\"@id\":\"https:\\\/\\\/www.bellunopress.it\\\/2009\\\/10\\\/14\\\/il-senatore-fistarol-%e2%80%9cazzerati-i-fondi-all%e2%80%99anas-e-per-la-banda-larga-nelle-aree-svantaggiate%e2%80%9d\\\/#article\",\"isPartOf\":{\"@id\":\"https:\\\/\\\/www.bellunopress.it\\\/2009\\\/10\\\/14\\\/il-senatore-fistarol-%e2%80%9cazzerati-i-fondi-all%e2%80%99anas-e-per-la-banda-larga-nelle-aree-svantaggiate%e2%80%9d\\\/\"},\"author\":{\"name\":\"redazione\",\"@id\":\"https:\\\/\\\/www.bellunopress.it\\\/#\\\/schema\\\/person\\\/79bb06722b37ece1c03d3e94beb30d73\"},\"headline\":\"Il senatore Fistarol: \u201cAzzerati i fondi all\u2019Anas e per la banda larga nelle aree svantaggiate\u201d\",\"datePublished\":\"2009-10-14T18:35:43+00:00\",\"dateModified\":\"2009-10-15T11:23:09+00:00\",\"mainEntityOfPage\":{\"@id\":\"https:\\\/\\\/www.bellunopress.it\\\/2009\\\/10\\\/14\\\/il-senatore-fistarol-%e2%80%9cazzerati-i-fondi-all%e2%80%99anas-e-per-la-banda-larga-nelle-aree-svantaggiate%e2%80%9d\\\/\"},\"wordCount\":328,\"publisher\":{\"@id\":\"https:\\\/\\\/www.bellunopress.it\\\/#organization\"},\"image\":{\"@id\":\"https:\\\/\\\/www.bellunopress.it\\\/2009\\\/10\\\/14\\\/il-senatore-fistarol-%e2%80%9cazzerati-i-fondi-all%e2%80%99anas-e-per-la-banda-larga-nelle-aree-svantaggiate%e2%80%9d\\\/#primaryimage\"},\"thumbnailUrl\":\"http:\\\/\\\/www.bellunopress.it\\\/wp-content\\\/uploads\\\/2009\\\/03\\\/maurizio-fistarol-270x180.jpg\",\"keywords\":[\"Belluno\"],\"articleSection\":[\"Cronaca\\\/Politica\",\"Prima Pagina\"],\"inLanguage\":\"fr-FR\"},{\"@type\":\"WebPage\",\"@id\":\"https:\\\/\\\/www.bellunopress.it\\\/2009\\\/10\\\/14\\\/il-senatore-fistarol-%e2%80%9cazzerati-i-fondi-all%e2%80%99anas-e-per-la-banda-larga-nelle-aree-svantaggiate%e2%80%9d\\\/\",\"url\":\"https:\\\/\\\/www.bellunopress.it\\\/2009\\\/10\\\/14\\\/il-senatore-fistarol-%e2%80%9cazzerati-i-fondi-all%e2%80%99anas-e-per-la-banda-larga-nelle-aree-svantaggiate%e2%80%9d\\\/\",\"name\":\"Il senatore Fistarol: \u201cAzzerati i fondi all\u2019Anas e per la banda larga nelle aree svantaggiate\u201d - Bellunopress - Dolomiti\",\"isPartOf\":{\"@id\":\"https:\\\/\\\/www.bellunopress.it\\\/#website\"},\"primaryImageOfPage\":{\"@id\":\"https:\\\/\\\/www.bellunopress.it\\\/2009\\\/10\\\/14\\\/il-senatore-fistarol-%e2%80%9cazzerati-i-fondi-all%e2%80%99anas-e-per-la-banda-larga-nelle-aree-svantaggiate%e2%80%9d\\\/#primaryimage\"},\"image\":{\"@id\":\"https:\\\/\\\/www.bellunopress.it\\\/2009\\\/10\\\/14\\\/il-senatore-fistarol-%e2%80%9cazzerati-i-fondi-all%e2%80%99anas-e-per-la-banda-larga-nelle-aree-svantaggiate%e2%80%9d\\\/#primaryimage\"},\"thumbnailUrl\":\"http:\\\/\\\/www.bellunopress.it\\\/wp-content\\\/uploads\\\/2009\\\/03\\\/maurizio-fistarol-270x180.jpg\",\"datePublished\":\"2009-10-14T18:35:43+00:00\",\"dateModified\":\"2009-10-15T11:23:09+00:00\",\"breadcrumb\":{\"@id\":\"https:\\\/\\\/www.bellunopress.it\\\/2009\\\/10\\\/14\\\/il-senatore-fistarol-%e2%80%9cazzerati-i-fondi-all%e2%80%99anas-e-per-la-banda-larga-nelle-aree-svantaggiate%e2%80%9d\\\/#breadcrumb\"},\"inLanguage\":\"fr-FR\",\"potentialAction\":[{\"@type\":\"ReadAction\",\"target\":[\"https:\\\/\\\/www.bellunopress.it\\\/2009\\\/10\\\/14\\\/il-senatore-fistarol-%e2%80%9cazzerati-i-fondi-all%e2%80%99anas-e-per-la-banda-larga-nelle-aree-svantaggiate%e2%80%9d\\\/\"]}]},{\"@type\":\"ImageObject\",\"inLanguage\":\"fr-FR\",\"@id\":\"https:\\\/\\\/www.bellunopress.it\\\/2009\\\/10\\\/14\\\/il-senatore-fistarol-%e2%80%9cazzerati-i-fondi-all%e2%80%99anas-e-per-la-banda-larga-nelle-aree-svantaggiate%e2%80%9d\\\/#primaryimage\",\"url\":\"http:\\\/\\\/www.bellunopress.it\\\/wp-content\\\/uploads\\\/2009\\\/03\\\/maurizio-fistarol-270x180.jpg\",\"contentUrl\":\"http:\\\/\\\/www.bellunopress.it\\\/wp-content\\\/uploads\\\/2009\\\/03\\\/maurizio-fistarol-270x180.jpg\"},{\"@type\":\"BreadcrumbList\",\"@id\":\"https:\\\/\\\/www.bellunopress.it\\\/2009\\\/10\\\/14\\\/il-senatore-fistarol-%e2%80%9cazzerati-i-fondi-all%e2%80%99anas-e-per-la-banda-larga-nelle-aree-svantaggiate%e2%80%9d\\\/#breadcrumb\",\"itemListElement\":[{\"@type\":\"ListItem\",\"position\":1,\"name\":\"Home\",\"item\":\"https:\\\/\\\/www.bellunopress.it\\\/\"},{\"@type\":\"ListItem\",\"position\":2,\"name\":\"Il senatore Fistarol: \u201cAzzerati i fondi all\u2019Anas e per la banda larga nelle aree svantaggiate\u201d\"}]},{\"@type\":\"WebSite\",\"@id\":\"https:\\\/\\\/www.bellunopress.it\\\/#website\",\"url\":\"https:\\\/\\\/www.bellunopress.it\\\/\",\"name\":\"Bellunopress - Dolomiti\",\"description\":\"e-mail: redazione@bellunopress.it\",\"publisher\":{\"@id\":\"https:\\\/\\\/www.bellunopress.it\\\/#organization\"},\"potentialAction\":[{\"@type\":\"SearchAction\",\"target\":{\"@type\":\"EntryPoint\",\"urlTemplate\":\"https:\\\/\\\/www.bellunopress.it\\\/?s={search_term_string}\"},\"query-input\":{\"@type\":\"PropertyValueSpecification\",\"valueRequired\":true,\"valueName\":\"search_term_string\"}}],\"inLanguage\":\"fr-FR\"},{\"@type\":\"Organization\",\"@id\":\"https:\\\/\\\/www.bellunopress.it\\\/#organization\",\"name\":\"Bellunopress\",\"url\":\"https:\\\/\\\/www.bellunopress.it\\\/\",\"logo\":{\"@type\":\"ImageObject\",\"inLanguage\":\"fr-FR\",\"@id\":\"https:\\\/\\\/www.bellunopress.it\\\/#\\\/schema\\\/logo\\\/image\\\/\",\"url\":\"https:\\\/\\\/www.bellunopress.it\\\/wp-content\\\/uploads\\\/2011\\\/05\\\/cropped-logo-bellunopress-.jpg\",\"contentUrl\":\"https:\\\/\\\/www.bellunopress.it\\\/wp-content\\\/uploads\\\/2011\\\/05\\\/cropped-logo-bellunopress-.jpg\",\"width\":512,\"height\":512,\"caption\":\"Bellunopress\"},\"image\":{\"@id\":\"https:\\\/\\\/www.bellunopress.it\\\/#\\\/schema\\\/logo\\\/image\\\/\"},\"sameAs\":[\"https:\\\/\\\/www.facebook.com\\\/profile.php?id=100008943462799\",\"https:\\\/\\\/x.com\\\/bellunopress\",\"https:\\\/\\\/www.linkedin.com\\\/hp\\\/?dnr=JBzUWaJfMUw8vbXJJ2tVW5-I3jZKvC4wsoxE&amp;amp;amp;amp;amp;amp;trk=nav_responsive_tab_home\",\"https:\\\/\\\/www.youtube.com\\\/channel\\\/UCxL0wu1uN0_3_7hGG0306cw\"]},{\"@type\":\"Person\",\"@id\":\"https:\\\/\\\/www.bellunopress.it\\\/#\\\/schema\\\/person\\\/79bb06722b37ece1c03d3e94beb30d73\",\"name\":\"redazione\",\"image\":{\"@type\":\"ImageObject\",\"inLanguage\":\"fr-FR\",\"@id\":\"https:\\\/\\\/secure.gravatar.com\\\/avatar\\\/37d968a2e67a6fd04c169c4bdef102d0bc5d31b2546345219e348575eb80e9a0?s=96&d=mm&r=g\",\"url\":\"https:\\\/\\\/secure.gravatar.com\\\/avatar\\\/37d968a2e67a6fd04c169c4bdef102d0bc5d31b2546345219e348575eb80e9a0?s=96&d=mm&r=g\",\"contentUrl\":\"https:\\\/\\\/secure.gravatar.com\\\/avatar\\\/37d968a2e67a6fd04c169c4bdef102d0bc5d31b2546345219e348575eb80e9a0?s=96&d=mm&r=g\",\"caption\":\"redazione\"},\"sameAs\":[\"http:\\\/\\\/www.bellunopress.it\",\"https:\\\/\\\/x.com\\\/bellunopress\"],\"url\":\"https:\\\/\\\/www.bellunopress.it\\\/fr\\\/author\\\/redazione\\\/\"}]}<\/script>\n<!-- \/ Yoast SEO plugin. -->","yoast_head_json":{"title":"Il senatore Fistarol: \u201cAzzerati i fondi all\u2019Anas e per la banda larga nelle aree svantaggiate\u201d  - Bellunopress - Dolomiti","robots":{"index":"index","follow":"follow","max-snippet":"max-snippet:-1","max-image-preview":"max-image-preview:large","max-video-preview":"max-video-preview:-1"},"canonical":"https:\/\/www.bellunopress.it\/fr\/2009\/10\/14\/il-senatore-fistarol-\u201cazzerati-i-fondi-all\u2019anas-e-per-la-banda-larga-nelle-aree-svantaggiate\u201d\/","og_locale":"fr_FR","og_type":"article","og_title":"Il senatore Fistarol: \u201cAzzerati i fondi all\u2019Anas e per la banda larga nelle aree svantaggiate\u201d  - Bellunopress - Dolomiti","og_description":"La Commissione Lavori pubblici del Senato ha esaminato, per le parti di propria competenza, la Legge Finanziaria 2010 e l\u2019ha approvata con il voto contrario del Partito Democratico. \u201cNelle pieghe della Legge Finanziaria &#8211; ha dichiarato il senatore del Pd, Maurizio Fistarol &#8211; ho verificato, purtroppo, l\u2019assenza di fondi per questioni assai rilevanti per il [&hellip;]","og_url":"https:\/\/www.bellunopress.it\/fr\/2009\/10\/14\/il-senatore-fistarol-\u201cazzerati-i-fondi-all\u2019anas-e-per-la-banda-larga-nelle-aree-svantaggiate\u201d\/","og_site_name":"Bellunopress - Dolomiti","article_publisher":"https:\/\/www.facebook.com\/profile.php?id=100008943462799","article_published_time":"2009-10-14T18:35:43+00:00","article_modified_time":"2009-10-15T11:23:09+00:00","og_image":[{"url":"http:\/\/www.bellunopress.it\/wp-content\/uploads\/2009\/03\/maurizio-fistarol-270x180.jpg","type":"","width":"","height":""}],"author":"redazione","twitter_card":"summary_large_image","twitter_creator":"@bellunopress","twitter_site":"@bellunopress","twitter_misc":{"\u00c9crit par":"redazione","Dur\u00e9e de lecture estim\u00e9e":"2 minutes"},"schema":{"@context":"https:\/\/schema.org","@graph":[{"@type":"Article","@id":"https:\/\/www.bellunopress.it\/2009\/10\/14\/il-senatore-fistarol-%e2%80%9cazzerati-i-fondi-all%e2%80%99anas-e-per-la-banda-larga-nelle-aree-svantaggiate%e2%80%9d\/#article","isPartOf":{"@id":"https:\/\/www.bellunopress.it\/2009\/10\/14\/il-senatore-fistarol-%e2%80%9cazzerati-i-fondi-all%e2%80%99anas-e-per-la-banda-larga-nelle-aree-svantaggiate%e2%80%9d\/"},"author":{"name":"redazione","@id":"https:\/\/www.bellunopress.it\/#\/schema\/person\/79bb06722b37ece1c03d3e94beb30d73"},"headline":"Il senatore Fistarol: \u201cAzzerati i fondi all\u2019Anas e per la banda larga nelle aree svantaggiate\u201d","datePublished":"2009-10-14T18:35:43+00:00","dateModified":"2009-10-15T11:23:09+00:00","mainEntityOfPage":{"@id":"https:\/\/www.bellunopress.it\/2009\/10\/14\/il-senatore-fistarol-%e2%80%9cazzerati-i-fondi-all%e2%80%99anas-e-per-la-banda-larga-nelle-aree-svantaggiate%e2%80%9d\/"},"wordCount":328,"publisher":{"@id":"https:\/\/www.bellunopress.it\/#organization"},"image":{"@id":"https:\/\/www.bellunopress.it\/2009\/10\/14\/il-senatore-fistarol-%e2%80%9cazzerati-i-fondi-all%e2%80%99anas-e-per-la-banda-larga-nelle-aree-svantaggiate%e2%80%9d\/#primaryimage"},"thumbnailUrl":"http:\/\/www.bellunopress.it\/wp-content\/uploads\/2009\/03\/maurizio-fistarol-270x180.jpg","keywords":["Belluno"],"articleSection":["Cronaca\/Politica","Prima Pagina"],"inLanguage":"fr-FR"},{"@type":"WebPage","@id":"https:\/\/www.bellunopress.it\/2009\/10\/14\/il-senatore-fistarol-%e2%80%9cazzerati-i-fondi-all%e2%80%99anas-e-per-la-banda-larga-nelle-aree-svantaggiate%e2%80%9d\/","url":"https:\/\/www.bellunopress.it\/2009\/10\/14\/il-senatore-fistarol-%e2%80%9cazzerati-i-fondi-all%e2%80%99anas-e-per-la-banda-larga-nelle-aree-svantaggiate%e2%80%9d\/","name":"Il senatore Fistarol: \u201cAzzerati i fondi all\u2019Anas e per la banda larga nelle aree svantaggiate\u201d - Bellunopress - Dolomiti","isPartOf":{"@id":"https:\/\/www.bellunopress.it\/#website"},"primaryImageOfPage":{"@id":"https:\/\/www.bellunopress.it\/2009\/10\/14\/il-senatore-fistarol-%e2%80%9cazzerati-i-fondi-all%e2%80%99anas-e-per-la-banda-larga-nelle-aree-svantaggiate%e2%80%9d\/#primaryimage"},"image":{"@id":"https:\/\/www.bellunopress.it\/2009\/10\/14\/il-senatore-fistarol-%e2%80%9cazzerati-i-fondi-all%e2%80%99anas-e-per-la-banda-larga-nelle-aree-svantaggiate%e2%80%9d\/#primaryimage"},"thumbnailUrl":"http:\/\/www.bellunopress.it\/wp-content\/uploads\/2009\/03\/maurizio-fistarol-270x180.jpg","datePublished":"2009-10-14T18:35:43+00:00","dateModified":"2009-10-15T11:23:09+00:00","breadcrumb":{"@id":"https:\/\/www.bellunopress.it\/2009\/10\/14\/il-senatore-fistarol-%e2%80%9cazzerati-i-fondi-all%e2%80%99anas-e-per-la-banda-larga-nelle-aree-svantaggiate%e2%80%9d\/#breadcrumb"},"inLanguage":"fr-FR","potentialAction":[{"@type":"ReadAction","target":["https:\/\/www.bellunopress.it\/2009\/10\/14\/il-senatore-fistarol-%e2%80%9cazzerati-i-fondi-all%e2%80%99anas-e-per-la-banda-larga-nelle-aree-svantaggiate%e2%80%9d\/"]}]},{"@type":"ImageObject","inLanguage":"fr-FR","@id":"https:\/\/www.bellunopress.it\/2009\/10\/14\/il-senatore-fistarol-%e2%80%9cazzerati-i-fondi-all%e2%80%99anas-e-per-la-banda-larga-nelle-aree-svantaggiate%e2%80%9d\/#primaryimage","url":"http:\/\/www.bellunopress.it\/wp-content\/uploads\/2009\/03\/maurizio-fistarol-270x180.jpg","contentUrl":"http:\/\/www.bellunopress.it\/wp-content\/uploads\/2009\/03\/maurizio-fistarol-270x180.jpg"},{"@type":"BreadcrumbList","@id":"https:\/\/www.bellunopress.it\/2009\/10\/14\/il-senatore-fistarol-%e2%80%9cazzerati-i-fondi-all%e2%80%99anas-e-per-la-banda-larga-nelle-aree-svantaggiate%e2%80%9d\/#breadcrumb","itemListElement":[{"@type":"ListItem","position":1,"name":"Home","item":"https:\/\/www.bellunopress.it\/"},{"@type":"ListItem","position":2,"name":"Il senatore Fistarol: \u201cAzzerati i fondi all\u2019Anas e per la banda larga nelle aree svantaggiate\u201d"}]},{"@type":"WebSite","@id":"https:\/\/www.bellunopress.it\/#website","url":"https:\/\/www.bellunopress.it\/","name":"Bellunopress - Dolomiti","description":"e-mail: redazione@bellunopress.it","publisher":{"@id":"https:\/\/www.bellunopress.it\/#organization"},"potentialAction":[{"@type":"SearchAction","target":{"@type":"EntryPoint","urlTemplate":"https:\/\/www.bellunopress.it\/?s={search_term_string}"},"query-input":{"@type":"PropertyValueSpecification","valueRequired":true,"valueName":"search_term_string"}}],"inLanguage":"fr-FR"},{"@type":"Organization","@id":"https:\/\/www.bellunopress.it\/#organization","name":"Bellunopress","url":"https:\/\/www.bellunopress.it\/","logo":{"@type":"ImageObject","inLanguage":"fr-FR","@id":"https:\/\/www.bellunopress.it\/#\/schema\/logo\/image\/","url":"https:\/\/www.bellunopress.it\/wp-content\/uploads\/2011\/05\/cropped-logo-bellunopress-.jpg","contentUrl":"https:\/\/www.bellunopress.it\/wp-content\/uploads\/2011\/05\/cropped-logo-bellunopress-.jpg","width":512,"height":512,"caption":"Bellunopress"},"image":{"@id":"https:\/\/www.bellunopress.it\/#\/schema\/logo\/image\/"},"sameAs":["https:\/\/www.facebook.com\/profile.php?id=100008943462799","https:\/\/x.com\/bellunopress","https:\/\/www.linkedin.com\/hp\/?dnr=JBzUWaJfMUw8vbXJJ2tVW5-I3jZKvC4wsoxE&amp;amp;amp;amp;amp;amp;trk=nav_responsive_tab_home","https:\/\/www.youtube.com\/channel\/UCxL0wu1uN0_3_7hGG0306cw"]},{"@type":"Person","@id":"https:\/\/www.bellunopress.it\/#\/schema\/person\/79bb06722b37ece1c03d3e94beb30d73","name":"r\u00e9daction","image":{"@type":"ImageObject","inLanguage":"fr-FR","@id":"https:\/\/secure.gravatar.com\/avatar\/37d968a2e67a6fd04c169c4bdef102d0bc5d31b2546345219e348575eb80e9a0?s=96&d=mm&r=g","url":"https:\/\/secure.gravatar.com\/avatar\/37d968a2e67a6fd04c169c4bdef102d0bc5d31b2546345219e348575eb80e9a0?s=96&d=mm&r=g","contentUrl":"https:\/\/secure.gravatar.com\/avatar\/37d968a2e67a6fd04c169c4bdef102d0bc5d31b2546345219e348575eb80e9a0?s=96&d=mm&r=g","caption":"redazione"},"sameAs":["http:\/\/www.bellunopress.it","https:\/\/x.com\/bellunopress"],"url":"https:\/\/www.bellunopress.it\/fr\/author\/redazione\/"}]}},"_links":{"self":[{"href":"https:\/\/www.bellunopress.it\/fr\/wp-json\/wp\/v2\/posts\/8910","targetHints":{"allow":["GET"]}}],"collection":[{"href":"https:\/\/www.bellunopress.it\/fr\/wp-json\/wp\/v2\/posts"}],"about":[{"href":"https:\/\/www.bellunopress.it\/fr\/wp-json\/wp\/v2\/types\/post"}],"author":[{"embeddable":true,"href":"https:\/\/www.bellunopress.it\/fr\/wp-json\/wp\/v2\/users\/2"}],"replies":[{"embeddable":true,"href":"https:\/\/www.bellunopress.it\/fr\/wp-json\/wp\/v2\/comments?post=8910"}],"version-history":[{"count":2,"href":"https:\/\/www.bellunopress.it\/fr\/wp-json\/wp\/v2\/posts\/8910\/revisions"}],"predecessor-version":[{"id":8927,"href":"https:\/\/www.bellunopress.it\/fr\/wp-json\/wp\/v2\/posts\/8910\/revisions\/8927"}],"wp:attachment":[{"href":"https:\/\/www.bellunopress.it\/fr\/wp-json\/wp\/v2\/media?parent=8910"}],"wp:term":[{"taxonomy":"category","embeddable":true,"href":"https:\/\/www.bellunopress.it\/fr\/wp-json\/wp\/v2\/categories?post=8910"},{"taxonomy":"post_tag","embeddable":true,"href":"https:\/\/www.bellunopress.it\/fr\/wp-json\/wp\/v2\/tags?post=8910"}],"curies":[{"name":"wp","href":"https:\/\/api.w.org\/{rel}","templated":true}]}}