{"id":8900,"date":"2009-10-14T15:21:37","date_gmt":"2009-10-14T14:21:37","guid":{"rendered":"http:\/\/www.bellunopress.it\/?p=8900"},"modified":"2009-10-14T19:01:05","modified_gmt":"2009-10-14T18:01:05","slug":"butterfly-onlus-a-sere-dautunno-dieci-euro-per-relaizzare-un-sogno","status":"publish","type":"post","link":"https:\/\/www.bellunopress.it\/fr\/2009\/10\/14\/butterfly-onlus-a-sere-dautunno-dieci-euro-per-relaizzare-un-sogno\/","title":{"rendered":"Butterfly onlus a &#8220;Sere d&#8217;Autunno&#8221;: Dieci euro per realizzare un sogno"},"content":{"rendered":"<p>Venerd\u00ec scorso, Sere d\u2019Autunno ha avuto il piacere di ospitare Claudio Maneri, fondatore ed attuale presidente della Fondazione Butterfly Onlus. &#8220;Etiopia\u2013 Una goccia d&#8217;acqua per la vita&#8221;, questo il titolo della serata, \u00e8 stato senza dubbio un appuntamento particolarmente emozionante ed apprezzato dal pubblico presente in sala. La carenza d\u2019acqua potabile, soprattutto nei paesi del terzo mondo, \u00e8 un problema di grandissime proporzioni che investe intere popolazioni e riguarda centinaia di milioni di esseri umani. Molto eloquenti le immagini proiettate, che, con l\u2019ausilio di una altrettanto chiara spiegazione e gli approfondimenti tenuti dal competente relatore, hanno permesso al pubblico di venire a conoscenza della gravit\u00e0 della situazione.<br \/>\nNel corso della serata, come da programma, \u00e8 stato presentato il progetto ACQUA, ideato e realizzato da Roberto Sorama\u00e8 e Michele Filaferro in collaborazione con Butterfly Onlus che, grazie alla realizzazione di una coppia di poster in vendita al prezzo di 10 Euro, si propone di raccogliere i fondi necessari alla realizzazione di un nuovo pozzo d\u2019acqua potabile per le sfortunate popolazioni dell\u2019Etiopia. Con molto piacere, la Sezione Agordina ha appreso che tale pozzo sar\u00e0 chiamato POZZO CAI AGORDO. I poster, gi\u00e0 messi in vendita nel corso della serata (oltre 900 Euro gi\u00e0 raccolti) sono attualmente disponibili in tutte le principali edicole e cartolerie dell\u2019Agordino. Alla presente comunicazione alleghiamo l\u2019immagine relativa alla coppia di poster 50 x 70 cm venduti in una elegante confezione tubolare al prezzo di 10 Euro.<a href=\"http:\/\/www.bellunopress.it\/wp-content\/uploads\/2009\/10\/poster-acqua-leggera.jpg\"><img loading=\"lazy\" decoding=\"async\" class=\"alignright size-medium wp-image-8901\" title=\"poster-acqua-leggera\" src=\"http:\/\/www.bellunopress.it\/wp-content\/uploads\/2009\/10\/poster-acqua-leggera.jpg\" alt=\"\" width=\"280\" height=\"198\" \/><\/a><br \/>\nIl giorno seguente, il presidente di Butterfly Onlus ci ha scritto:<br \/>\nGrazie a Voi per tutto quello che avete \u201cinventato\u201d e la serata che avete organizzato\u2026s\u00f2 che l\u2019acqua pulita sta solamente aspettando il suo momento magico per uscire dal nuovo pozzo CAI AGORDO. Un abbraccio. Claudio<br \/>\nVENERDI\u2019 16 OTTOBRE 2009 ORE 20.40 \u2013 LE MONTAGNE DELLA MIA VITA di Franco Miotto<br \/>\n<strong>\u201cLe montagne della mia vita, escursionismo ed alpinismo sulle montagne di casa\u201d<\/strong>. Questa la terza serata in programma venerdi prossimo alle ore 20.40 in Sala Don Tamis ad Agordo. A proporla, mediante l\u2019ausilio di un interessante ciclo di diapositive, la carismatica figura dell\u2019alpinista Franco Miotto.<br \/>\nC\u2019era una volta un cacciatore libero e solitario, che non voleva confini. Inseguiva i camosci sulle montagne, oltre la fine dei sentieri, lungo cenge, canali, su placche e pendii rovinosi. Si appostava a osservarli: li riconosceva tutti, uno ad uno\u2026<br \/>\nE poi, gi\u00e0 avanti negli anni, con forza e disarmante facilit\u00e0, cominci\u00f2 a salire le montagne aprendo vie che nessuno era ancora riuscito a scalare\u2026<br \/>\nNon si fece mai tentare dal miraggio del \u201cluogo lontano\u201d, ne tanto meno dall\u2019impresa sensazionale e dalla fama che ne sarebbe succeduta. Prefer\u00ec dedicarsi anima e corpo alla scoperta \u2013 e per scoperta si intende una vera e propria conoscenza \u201cpalmo a palmo\u201d \u2013 delle montagne di casa a lui cos\u00ec care. Luoghi selvaggi, poco frequentati e poco blasonati. Solo l\u2019uomo, s\u00e9 stesso nella natura\u2026<br \/>\nNascono cos\u00ec i \u201cvi\u00e0z\u201d \u00a0&#8211; i percorsi dei camosci \u2013 passaggi su esili cenge a picco su precipizi scoscesi e smisurati. Nella fatica e con l\u2019umilt\u00e0 necessaria a chi li sappia percorrere, si potr\u00e0 certamente raggiungere il \u201ccuore\u201d della montagna\u2026La vita di Franco Miotto, cacciatore, alpinista, ma soprattutto uomo.<\/p>\n<p>AL VIA SABATO 17 OTTOBRE 2009 LA \u201cCRONOSCALATA PODISTICA LISTOLADE \u2013 RIFUGIO CAPANNA TRIESTE\u201d<br \/>\nIl Rifugio Capanna Trieste propone per sabato 17 ottobre 2009 \u2013 con partenza presso l\u2019Agriturismo Val Corpassa (Listolade di Taibon Agordino) alle ore 16.00 \u2013 la CRONOSCALATA PODISTICA \u201cLISTOLADE \u2013 RIFUGIO CAPANNA TRIESTE\u201d, gara podistica in salita della lunghezza di 5 Km.<br \/>\nLe premiazioni si svolgeranno alle ore 18.30 e, a seguire\u2026pasta party per tutti gli atleti.<br \/>\nDalle ore 20.00\u2026 \u201cPorchetta alla brace, patatine fritte e birra\u201d\u2026<br \/>\nNel corso del pomeriggio, sempre presso il Rifugio Capanna Trieste, esporr\u00e0 le sue opere il pittore naturalista Walter Savio e, dalla serata\u2026musica ballo liscio e divertimento con Oscar.<\/p>","protected":false},"excerpt":{"rendered":"<p>Venerd\u00ec scorso, Sere d\u2019Autunno ha avuto il piacere di ospitare Claudio Maneri, fondatore ed attuale presidente della Fondazione Butterfly Onlus. &#8220;Etiopia\u2013 Una goccia d&#8217;acqua per la vita&#8221;, questo il titolo della serata, \u00e8 stato senza dubbio un appuntamento particolarmente emozionante ed apprezzato dal pubblico presente in sala. La carenza d\u2019acqua potabile, soprattutto nei paesi del [&hellip;]<\/p>\n","protected":false},"author":2,"featured_media":0,"comment_status":"closed","ping_status":"open","sticky":false,"template":"","format":"standard","meta":{"footnotes":""},"categories":[3,38,25],"tags":[139],"class_list":["post-8900","post","type-post","status-publish","format-standard","category-arte-cultura-spettacoli-scienza-archivi","category-natura-ambiente","category-pausa-caffe","tag-belluno"],"yoast_head":"<!-- This site is optimized with the Yoast SEO plugin v28.4 - https:\/\/yoast.com\/product\/yoast-seo-wordpress\/ -->\n<title>Butterfly onlus a &quot;Sere d&#039;Autunno&quot;: Dieci euro per realizzare un sogno - Bellunopress - Dolomiti<\/title>\n<meta name=\"robots\" content=\"index, follow, max-snippet:-1, max-image-preview:large, max-video-preview:-1\" \/>\n<link rel=\"canonical\" href=\"https:\/\/www.bellunopress.it\/fr\/2009\/10\/14\/butterfly-onlus-a-sere-dautunno-dieci-euro-per-relaizzare-un-sogno\/\" \/>\n<meta property=\"og:locale\" content=\"fr_FR\" \/>\n<meta property=\"og:type\" content=\"article\" \/>\n<meta property=\"og:title\" content=\"Butterfly onlus a &quot;Sere d&#039;Autunno&quot;: Dieci euro per realizzare un sogno - Bellunopress - Dolomiti\" \/>\n<meta property=\"og:description\" content=\"Venerd\u00ec scorso, Sere d\u2019Autunno ha avuto il piacere di ospitare Claudio Maneri, fondatore ed attuale presidente della Fondazione Butterfly Onlus. &#8220;Etiopia\u2013 Una goccia d&#8217;acqua per la vita&#8221;, questo il titolo della serata, \u00e8 stato senza dubbio un appuntamento particolarmente emozionante ed apprezzato dal pubblico presente in sala. La carenza d\u2019acqua potabile, soprattutto nei paesi del [&hellip;]\" \/>\n<meta property=\"og:url\" content=\"https:\/\/www.bellunopress.it\/fr\/2009\/10\/14\/butterfly-onlus-a-sere-dautunno-dieci-euro-per-relaizzare-un-sogno\/\" \/>\n<meta property=\"og:site_name\" content=\"Bellunopress - Dolomiti\" \/>\n<meta property=\"article:publisher\" content=\"https:\/\/www.facebook.com\/profile.php?id=100008943462799\" \/>\n<meta property=\"article:published_time\" content=\"2009-10-14T14:21:37+00:00\" \/>\n<meta property=\"article:modified_time\" content=\"2009-10-14T18:01:05+00:00\" \/>\n<meta property=\"og:image\" content=\"http:\/\/www.bellunopress.it\/wp-content\/uploads\/2009\/10\/poster-acqua-leggera.jpg\" \/>\n<meta name=\"author\" content=\"redazione\" \/>\n<meta name=\"twitter:card\" content=\"summary_large_image\" \/>\n<meta name=\"twitter:creator\" content=\"@bellunopress\" \/>\n<meta name=\"twitter:site\" content=\"@bellunopress\" \/>\n<meta name=\"twitter:label1\" content=\"\u00c9crit par\" \/>\n\t<meta name=\"twitter:data1\" content=\"redazione\" \/>\n\t<meta name=\"twitter:label2\" content=\"Dur\u00e9e de lecture estim\u00e9e\" \/>\n\t<meta name=\"twitter:data2\" content=\"3 minutes\" \/>\n<script type=\"application\/ld+json\" class=\"yoast-schema-graph\">{\"@context\":\"https:\\\/\\\/schema.org\",\"@graph\":[{\"@type\":\"Article\",\"@id\":\"https:\\\/\\\/www.bellunopress.it\\\/2009\\\/10\\\/14\\\/butterfly-onlus-a-sere-dautunno-dieci-euro-per-relaizzare-un-sogno\\\/#article\",\"isPartOf\":{\"@id\":\"https:\\\/\\\/www.bellunopress.it\\\/2009\\\/10\\\/14\\\/butterfly-onlus-a-sere-dautunno-dieci-euro-per-relaizzare-un-sogno\\\/\"},\"author\":{\"name\":\"redazione\",\"@id\":\"https:\\\/\\\/www.bellunopress.it\\\/#\\\/schema\\\/person\\\/79bb06722b37ece1c03d3e94beb30d73\"},\"headline\":\"Butterfly onlus a &#8220;Sere d&#8217;Autunno&#8221;: Dieci euro per realizzare un sogno\",\"datePublished\":\"2009-10-14T14:21:37+00:00\",\"dateModified\":\"2009-10-14T18:01:05+00:00\",\"mainEntityOfPage\":{\"@id\":\"https:\\\/\\\/www.bellunopress.it\\\/2009\\\/10\\\/14\\\/butterfly-onlus-a-sere-dautunno-dieci-euro-per-relaizzare-un-sogno\\\/\"},\"wordCount\":636,\"publisher\":{\"@id\":\"https:\\\/\\\/www.bellunopress.it\\\/#organization\"},\"image\":{\"@id\":\"https:\\\/\\\/www.bellunopress.it\\\/2009\\\/10\\\/14\\\/butterfly-onlus-a-sere-dautunno-dieci-euro-per-relaizzare-un-sogno\\\/#primaryimage\"},\"thumbnailUrl\":\"http:\\\/\\\/www.bellunopress.it\\\/wp-content\\\/uploads\\\/2009\\\/10\\\/poster-acqua-leggera.jpg\",\"keywords\":[\"Belluno\"],\"articleSection\":[\"Arte, Cultura, Spettacoli, Scienza\",\"Meteo, natura, ambiente, animali\",\"Pausa Caff\u00e8\"],\"inLanguage\":\"fr-FR\"},{\"@type\":\"WebPage\",\"@id\":\"https:\\\/\\\/www.bellunopress.it\\\/2009\\\/10\\\/14\\\/butterfly-onlus-a-sere-dautunno-dieci-euro-per-relaizzare-un-sogno\\\/\",\"url\":\"https:\\\/\\\/www.bellunopress.it\\\/2009\\\/10\\\/14\\\/butterfly-onlus-a-sere-dautunno-dieci-euro-per-relaizzare-un-sogno\\\/\",\"name\":\"Butterfly onlus a \\\"Sere d'Autunno\\\": Dieci euro per realizzare un sogno - Bellunopress - Dolomiti\",\"isPartOf\":{\"@id\":\"https:\\\/\\\/www.bellunopress.it\\\/#website\"},\"primaryImageOfPage\":{\"@id\":\"https:\\\/\\\/www.bellunopress.it\\\/2009\\\/10\\\/14\\\/butterfly-onlus-a-sere-dautunno-dieci-euro-per-relaizzare-un-sogno\\\/#primaryimage\"},\"image\":{\"@id\":\"https:\\\/\\\/www.bellunopress.it\\\/2009\\\/10\\\/14\\\/butterfly-onlus-a-sere-dautunno-dieci-euro-per-relaizzare-un-sogno\\\/#primaryimage\"},\"thumbnailUrl\":\"http:\\\/\\\/www.bellunopress.it\\\/wp-content\\\/uploads\\\/2009\\\/10\\\/poster-acqua-leggera.jpg\",\"datePublished\":\"2009-10-14T14:21:37+00:00\",\"dateModified\":\"2009-10-14T18:01:05+00:00\",\"breadcrumb\":{\"@id\":\"https:\\\/\\\/www.bellunopress.it\\\/2009\\\/10\\\/14\\\/butterfly-onlus-a-sere-dautunno-dieci-euro-per-relaizzare-un-sogno\\\/#breadcrumb\"},\"inLanguage\":\"fr-FR\",\"potentialAction\":[{\"@type\":\"ReadAction\",\"target\":[\"https:\\\/\\\/www.bellunopress.it\\\/2009\\\/10\\\/14\\\/butterfly-onlus-a-sere-dautunno-dieci-euro-per-relaizzare-un-sogno\\\/\"]}]},{\"@type\":\"ImageObject\",\"inLanguage\":\"fr-FR\",\"@id\":\"https:\\\/\\\/www.bellunopress.it\\\/2009\\\/10\\\/14\\\/butterfly-onlus-a-sere-dautunno-dieci-euro-per-relaizzare-un-sogno\\\/#primaryimage\",\"url\":\"http:\\\/\\\/www.bellunopress.it\\\/wp-content\\\/uploads\\\/2009\\\/10\\\/poster-acqua-leggera.jpg\",\"contentUrl\":\"http:\\\/\\\/www.bellunopress.it\\\/wp-content\\\/uploads\\\/2009\\\/10\\\/poster-acqua-leggera.jpg\"},{\"@type\":\"BreadcrumbList\",\"@id\":\"https:\\\/\\\/www.bellunopress.it\\\/2009\\\/10\\\/14\\\/butterfly-onlus-a-sere-dautunno-dieci-euro-per-relaizzare-un-sogno\\\/#breadcrumb\",\"itemListElement\":[{\"@type\":\"ListItem\",\"position\":1,\"name\":\"Home\",\"item\":\"https:\\\/\\\/www.bellunopress.it\\\/\"},{\"@type\":\"ListItem\",\"position\":2,\"name\":\"Butterfly onlus a &#8220;Sere d&#8217;Autunno&#8221;: Dieci euro per realizzare un sogno\"}]},{\"@type\":\"WebSite\",\"@id\":\"https:\\\/\\\/www.bellunopress.it\\\/#website\",\"url\":\"https:\\\/\\\/www.bellunopress.it\\\/\",\"name\":\"Bellunopress - Dolomiti\",\"description\":\"e-mail: redazione@bellunopress.it\",\"publisher\":{\"@id\":\"https:\\\/\\\/www.bellunopress.it\\\/#organization\"},\"potentialAction\":[{\"@type\":\"SearchAction\",\"target\":{\"@type\":\"EntryPoint\",\"urlTemplate\":\"https:\\\/\\\/www.bellunopress.it\\\/?s={search_term_string}\"},\"query-input\":{\"@type\":\"PropertyValueSpecification\",\"valueRequired\":true,\"valueName\":\"search_term_string\"}}],\"inLanguage\":\"fr-FR\"},{\"@type\":\"Organization\",\"@id\":\"https:\\\/\\\/www.bellunopress.it\\\/#organization\",\"name\":\"Bellunopress\",\"url\":\"https:\\\/\\\/www.bellunopress.it\\\/\",\"logo\":{\"@type\":\"ImageObject\",\"inLanguage\":\"fr-FR\",\"@id\":\"https:\\\/\\\/www.bellunopress.it\\\/#\\\/schema\\\/logo\\\/image\\\/\",\"url\":\"https:\\\/\\\/www.bellunopress.it\\\/wp-content\\\/uploads\\\/2011\\\/05\\\/cropped-logo-bellunopress-.jpg\",\"contentUrl\":\"https:\\\/\\\/www.bellunopress.it\\\/wp-content\\\/uploads\\\/2011\\\/05\\\/cropped-logo-bellunopress-.jpg\",\"width\":512,\"height\":512,\"caption\":\"Bellunopress\"},\"image\":{\"@id\":\"https:\\\/\\\/www.bellunopress.it\\\/#\\\/schema\\\/logo\\\/image\\\/\"},\"sameAs\":[\"https:\\\/\\\/www.facebook.com\\\/profile.php?id=100008943462799\",\"https:\\\/\\\/x.com\\\/bellunopress\",\"https:\\\/\\\/www.linkedin.com\\\/hp\\\/?dnr=JBzUWaJfMUw8vbXJJ2tVW5-I3jZKvC4wsoxE&amp;amp;amp;amp;amp;amp;trk=nav_responsive_tab_home\",\"https:\\\/\\\/www.youtube.com\\\/channel\\\/UCxL0wu1uN0_3_7hGG0306cw\"]},{\"@type\":\"Person\",\"@id\":\"https:\\\/\\\/www.bellunopress.it\\\/#\\\/schema\\\/person\\\/79bb06722b37ece1c03d3e94beb30d73\",\"name\":\"redazione\",\"image\":{\"@type\":\"ImageObject\",\"inLanguage\":\"fr-FR\",\"@id\":\"https:\\\/\\\/secure.gravatar.com\\\/avatar\\\/37d968a2e67a6fd04c169c4bdef102d0bc5d31b2546345219e348575eb80e9a0?s=96&d=mm&r=g\",\"url\":\"https:\\\/\\\/secure.gravatar.com\\\/avatar\\\/37d968a2e67a6fd04c169c4bdef102d0bc5d31b2546345219e348575eb80e9a0?s=96&d=mm&r=g\",\"contentUrl\":\"https:\\\/\\\/secure.gravatar.com\\\/avatar\\\/37d968a2e67a6fd04c169c4bdef102d0bc5d31b2546345219e348575eb80e9a0?s=96&d=mm&r=g\",\"caption\":\"redazione\"},\"sameAs\":[\"http:\\\/\\\/www.bellunopress.it\",\"https:\\\/\\\/x.com\\\/bellunopress\"],\"url\":\"https:\\\/\\\/www.bellunopress.it\\\/fr\\\/author\\\/redazione\\\/\"}]}<\/script>\n<!-- \/ Yoast SEO plugin. -->","yoast_head_json":{"title":"Butterfly onlus a \"Sere d'Autunno\": Dieci euro per realizzare un sogno - Bellunopress - Dolomiti","robots":{"index":"index","follow":"follow","max-snippet":"max-snippet:-1","max-image-preview":"max-image-preview:large","max-video-preview":"max-video-preview:-1"},"canonical":"https:\/\/www.bellunopress.it\/fr\/2009\/10\/14\/butterfly-onlus-a-sere-dautunno-dieci-euro-per-relaizzare-un-sogno\/","og_locale":"fr_FR","og_type":"article","og_title":"Butterfly onlus a \"Sere d'Autunno\": Dieci euro per realizzare un sogno - Bellunopress - Dolomiti","og_description":"Venerd\u00ec scorso, Sere d\u2019Autunno ha avuto il piacere di ospitare Claudio Maneri, fondatore ed attuale presidente della Fondazione Butterfly Onlus. &#8220;Etiopia\u2013 Una goccia d&#8217;acqua per la vita&#8221;, questo il titolo della serata, \u00e8 stato senza dubbio un appuntamento particolarmente emozionante ed apprezzato dal pubblico presente in sala. La carenza d\u2019acqua potabile, soprattutto nei paesi del [&hellip;]","og_url":"https:\/\/www.bellunopress.it\/fr\/2009\/10\/14\/butterfly-onlus-a-sere-dautunno-dieci-euro-per-relaizzare-un-sogno\/","og_site_name":"Bellunopress - Dolomiti","article_publisher":"https:\/\/www.facebook.com\/profile.php?id=100008943462799","article_published_time":"2009-10-14T14:21:37+00:00","article_modified_time":"2009-10-14T18:01:05+00:00","og_image":[{"url":"http:\/\/www.bellunopress.it\/wp-content\/uploads\/2009\/10\/poster-acqua-leggera.jpg","type":"","width":"","height":""}],"author":"redazione","twitter_card":"summary_large_image","twitter_creator":"@bellunopress","twitter_site":"@bellunopress","twitter_misc":{"\u00c9crit par":"redazione","Dur\u00e9e de lecture estim\u00e9e":"3 minutes"},"schema":{"@context":"https:\/\/schema.org","@graph":[{"@type":"Article","@id":"https:\/\/www.bellunopress.it\/2009\/10\/14\/butterfly-onlus-a-sere-dautunno-dieci-euro-per-relaizzare-un-sogno\/#article","isPartOf":{"@id":"https:\/\/www.bellunopress.it\/2009\/10\/14\/butterfly-onlus-a-sere-dautunno-dieci-euro-per-relaizzare-un-sogno\/"},"author":{"name":"redazione","@id":"https:\/\/www.bellunopress.it\/#\/schema\/person\/79bb06722b37ece1c03d3e94beb30d73"},"headline":"Butterfly onlus a &#8220;Sere d&#8217;Autunno&#8221;: Dieci euro per realizzare un sogno","datePublished":"2009-10-14T14:21:37+00:00","dateModified":"2009-10-14T18:01:05+00:00","mainEntityOfPage":{"@id":"https:\/\/www.bellunopress.it\/2009\/10\/14\/butterfly-onlus-a-sere-dautunno-dieci-euro-per-relaizzare-un-sogno\/"},"wordCount":636,"publisher":{"@id":"https:\/\/www.bellunopress.it\/#organization"},"image":{"@id":"https:\/\/www.bellunopress.it\/2009\/10\/14\/butterfly-onlus-a-sere-dautunno-dieci-euro-per-relaizzare-un-sogno\/#primaryimage"},"thumbnailUrl":"http:\/\/www.bellunopress.it\/wp-content\/uploads\/2009\/10\/poster-acqua-leggera.jpg","keywords":["Belluno"],"articleSection":["Arte, Cultura, Spettacoli, Scienza","Meteo, natura, ambiente, animali","Pausa Caff\u00e8"],"inLanguage":"fr-FR"},{"@type":"WebPage","@id":"https:\/\/www.bellunopress.it\/2009\/10\/14\/butterfly-onlus-a-sere-dautunno-dieci-euro-per-relaizzare-un-sogno\/","url":"https:\/\/www.bellunopress.it\/2009\/10\/14\/butterfly-onlus-a-sere-dautunno-dieci-euro-per-relaizzare-un-sogno\/","name":"Butterfly onlus a \"Sere d'Autunno\": Dieci euro per realizzare un sogno - Bellunopress - Dolomiti","isPartOf":{"@id":"https:\/\/www.bellunopress.it\/#website"},"primaryImageOfPage":{"@id":"https:\/\/www.bellunopress.it\/2009\/10\/14\/butterfly-onlus-a-sere-dautunno-dieci-euro-per-relaizzare-un-sogno\/#primaryimage"},"image":{"@id":"https:\/\/www.bellunopress.it\/2009\/10\/14\/butterfly-onlus-a-sere-dautunno-dieci-euro-per-relaizzare-un-sogno\/#primaryimage"},"thumbnailUrl":"http:\/\/www.bellunopress.it\/wp-content\/uploads\/2009\/10\/poster-acqua-leggera.jpg","datePublished":"2009-10-14T14:21:37+00:00","dateModified":"2009-10-14T18:01:05+00:00","breadcrumb":{"@id":"https:\/\/www.bellunopress.it\/2009\/10\/14\/butterfly-onlus-a-sere-dautunno-dieci-euro-per-relaizzare-un-sogno\/#breadcrumb"},"inLanguage":"fr-FR","potentialAction":[{"@type":"ReadAction","target":["https:\/\/www.bellunopress.it\/2009\/10\/14\/butterfly-onlus-a-sere-dautunno-dieci-euro-per-relaizzare-un-sogno\/"]}]},{"@type":"ImageObject","inLanguage":"fr-FR","@id":"https:\/\/www.bellunopress.it\/2009\/10\/14\/butterfly-onlus-a-sere-dautunno-dieci-euro-per-relaizzare-un-sogno\/#primaryimage","url":"http:\/\/www.bellunopress.it\/wp-content\/uploads\/2009\/10\/poster-acqua-leggera.jpg","contentUrl":"http:\/\/www.bellunopress.it\/wp-content\/uploads\/2009\/10\/poster-acqua-leggera.jpg"},{"@type":"BreadcrumbList","@id":"https:\/\/www.bellunopress.it\/2009\/10\/14\/butterfly-onlus-a-sere-dautunno-dieci-euro-per-relaizzare-un-sogno\/#breadcrumb","itemListElement":[{"@type":"ListItem","position":1,"name":"Home","item":"https:\/\/www.bellunopress.it\/"},{"@type":"ListItem","position":2,"name":"Butterfly onlus a &#8220;Sere d&#8217;Autunno&#8221;: Dieci euro per realizzare un sogno"}]},{"@type":"WebSite","@id":"https:\/\/www.bellunopress.it\/#website","url":"https:\/\/www.bellunopress.it\/","name":"Bellunopress - Dolomiti","description":"e-mail: redazione@bellunopress.it","publisher":{"@id":"https:\/\/www.bellunopress.it\/#organization"},"potentialAction":[{"@type":"SearchAction","target":{"@type":"EntryPoint","urlTemplate":"https:\/\/www.bellunopress.it\/?s={search_term_string}"},"query-input":{"@type":"PropertyValueSpecification","valueRequired":true,"valueName":"search_term_string"}}],"inLanguage":"fr-FR"},{"@type":"Organization","@id":"https:\/\/www.bellunopress.it\/#organization","name":"Bellunopress","url":"https:\/\/www.bellunopress.it\/","logo":{"@type":"ImageObject","inLanguage":"fr-FR","@id":"https:\/\/www.bellunopress.it\/#\/schema\/logo\/image\/","url":"https:\/\/www.bellunopress.it\/wp-content\/uploads\/2011\/05\/cropped-logo-bellunopress-.jpg","contentUrl":"https:\/\/www.bellunopress.it\/wp-content\/uploads\/2011\/05\/cropped-logo-bellunopress-.jpg","width":512,"height":512,"caption":"Bellunopress"},"image":{"@id":"https:\/\/www.bellunopress.it\/#\/schema\/logo\/image\/"},"sameAs":["https:\/\/www.facebook.com\/profile.php?id=100008943462799","https:\/\/x.com\/bellunopress","https:\/\/www.linkedin.com\/hp\/?dnr=JBzUWaJfMUw8vbXJJ2tVW5-I3jZKvC4wsoxE&amp;amp;amp;amp;amp;amp;trk=nav_responsive_tab_home","https:\/\/www.youtube.com\/channel\/UCxL0wu1uN0_3_7hGG0306cw"]},{"@type":"Person","@id":"https:\/\/www.bellunopress.it\/#\/schema\/person\/79bb06722b37ece1c03d3e94beb30d73","name":"r\u00e9daction","image":{"@type":"ImageObject","inLanguage":"fr-FR","@id":"https:\/\/secure.gravatar.com\/avatar\/37d968a2e67a6fd04c169c4bdef102d0bc5d31b2546345219e348575eb80e9a0?s=96&d=mm&r=g","url":"https:\/\/secure.gravatar.com\/avatar\/37d968a2e67a6fd04c169c4bdef102d0bc5d31b2546345219e348575eb80e9a0?s=96&d=mm&r=g","contentUrl":"https:\/\/secure.gravatar.com\/avatar\/37d968a2e67a6fd04c169c4bdef102d0bc5d31b2546345219e348575eb80e9a0?s=96&d=mm&r=g","caption":"redazione"},"sameAs":["http:\/\/www.bellunopress.it","https:\/\/x.com\/bellunopress"],"url":"https:\/\/www.bellunopress.it\/fr\/author\/redazione\/"}]}},"_links":{"self":[{"href":"https:\/\/www.bellunopress.it\/fr\/wp-json\/wp\/v2\/posts\/8900","targetHints":{"allow":["GET"]}}],"collection":[{"href":"https:\/\/www.bellunopress.it\/fr\/wp-json\/wp\/v2\/posts"}],"about":[{"href":"https:\/\/www.bellunopress.it\/fr\/wp-json\/wp\/v2\/types\/post"}],"author":[{"embeddable":true,"href":"https:\/\/www.bellunopress.it\/fr\/wp-json\/wp\/v2\/users\/2"}],"replies":[{"embeddable":true,"href":"https:\/\/www.bellunopress.it\/fr\/wp-json\/wp\/v2\/comments?post=8900"}],"version-history":[{"count":2,"href":"https:\/\/www.bellunopress.it\/fr\/wp-json\/wp\/v2\/posts\/8900\/revisions"}],"predecessor-version":[{"id":8908,"href":"https:\/\/www.bellunopress.it\/fr\/wp-json\/wp\/v2\/posts\/8900\/revisions\/8908"}],"wp:attachment":[{"href":"https:\/\/www.bellunopress.it\/fr\/wp-json\/wp\/v2\/media?parent=8900"}],"wp:term":[{"taxonomy":"category","embeddable":true,"href":"https:\/\/www.bellunopress.it\/fr\/wp-json\/wp\/v2\/categories?post=8900"},{"taxonomy":"post_tag","embeddable":true,"href":"https:\/\/www.bellunopress.it\/fr\/wp-json\/wp\/v2\/tags?post=8900"}],"curies":[{"name":"wp","href":"https:\/\/api.w.org\/{rel}","templated":true}]}}