{"id":88996,"date":"2017-09-06T14:42:06","date_gmt":"2017-09-06T12:42:06","guid":{"rendered":"http:\/\/www.bellunopress.it\/?p=88996"},"modified":"2017-09-06T15:58:17","modified_gmt":"2017-09-06T13:58:17","slug":"breve-scossa-di-terremoto-di-magnitudo-3-6-con-epicentro-a-voltago-agordino","status":"publish","type":"post","link":"https:\/\/www.bellunopress.it\/fr\/2017\/09\/06\/breve-scossa-di-terremoto-di-magnitudo-3-6-con-epicentro-a-voltago-agordino\/","title":{"rendered":"Tre scosse di terremoto di magnitudo 3.4 2.6 e 3.1 con epicentro nell&#8217;Agordino"},"content":{"rendered":"<p><a href=\"http:\/\/www.bellunopress.it\/fr\/2011\/09\/13\/lieve-scossa-di-terremoto-nei-comuni-di-alano-di-piave-lentiai-mel-quero-vas-epicentro-in-provincia-di-treviso-con-magnitudo-35-non-sono-stati-rilevati-danni\/terremoto\/\" rel=\"attachment wp-att-30533\"><img loading=\"lazy\" decoding=\"async\" class=\"alignleft size-full wp-image-30533\" src=\"http:\/\/www.bellunopress.it\/wp-content\/uploads\/2011\/09\/terremoto.jpg\" alt=\"\" width=\"145\" height=\"145\" \/><\/a>Tre brevi scosse di terremoto nell&#8217;Agordino. La prima alle ore 14.22 di magnitudo 3.4 nella zona di Voltago Agordino, seguita alle ore 14.26 da un&#8217;altra pi\u00f9 leggera di magnitudo 2.6 localizzata nel Comune di Taibon Agordino e una terza di magnitudo 3,1 alle ore 14.30 ancora a Voltago Agordino.<\/p>\n<p>Al momento non si registrano danni a persone o cose. \u00a0In alcune aziende \u00e8 scattato l&#8217;allarme con immediata evacuazione del personale.<\/p>\n<table id=\"dataTablesEvents\" class=\"table table-condensed table-hover\">\n<thead>\n<tr>\n<th id=\"datath_eqlist\" class=\"text-nowrap\"><a href=\"http:\/\/info.terremoti.ingv.it\/events?starttime=2017-08-30+00%3A00%3A00&amp;endtime=2017-09-06+23%3A59%3A59&amp;last_nd=7&amp;minmag=2&amp;maxmag=10&amp;mindepth=-10&amp;maxdepth=1000&amp;minlat=-90&amp;maxlat=90&amp;minlon=-180&amp;maxlon=180&amp;minversion=100&amp;limit=30&amp;orderby=ot-asc&amp;tdmt_flag=-1&amp;lat=0&amp;lon=0&amp;maxradiuskm=-1&amp;wheretype=area\">Data e Ora\u00a0(<span class=\"visible-sm-inline visible-md-inline visible-lg-inline\">Italia<\/span>)\u00a0<\/a><\/th>\n<th class=\"text-nowrap\"><a href=\"http:\/\/info.terremoti.ingv.it\/events?starttime=2017-08-30+00%3A00%3A00&amp;endtime=2017-09-06+23%3A59%3A59&amp;last_nd=7&amp;minmag=2&amp;maxmag=10&amp;mindepth=-10&amp;maxdepth=1000&amp;minlat=-90&amp;maxlat=90&amp;minlon=-180&amp;maxlon=180&amp;minversion=100&amp;limit=30&amp;orderby=mag-asc&amp;tdmt_flag=-1&amp;lat=0&amp;lon=0&amp;maxradiuskm=-1&amp;wheretype=area\">Mag<span class=\"visible-sm-inline visible-md-inline visible-lg-inline\">nitudo<\/span>\u00a0<\/a><\/th>\n<th class=\"text-nowrap\">Zona<\/th>\n<th class=\"text-nowrap hidden-xs text-right\"><a href=\"http:\/\/info.terremoti.ingv.it\/events?starttime=2017-08-30+00%3A00%3A00&amp;endtime=2017-09-06+23%3A59%3A59&amp;last_nd=7&amp;minmag=2&amp;maxmag=10&amp;mindepth=-10&amp;maxdepth=1000&amp;minlat=-90&amp;maxlat=90&amp;minlon=-180&amp;maxlon=180&amp;minversion=100&amp;limit=30&amp;orderby=depth-asc&amp;tdmt_flag=-1&amp;lat=0&amp;lon=0&amp;maxradiuskm=-1&amp;wheretype=area\">Profondit\u00e0\u00a0<\/a><\/th>\n<th class=\"text-nowrap hidden-xs hidden-sm text-right\">Latitudine<\/th>\n<th class=\"text-nowrap hidden-xs hidden-sm text-right\">Longitudine<\/th>\n<\/tr>\n<\/thead>\n<tbody>\n<tr class=\"mag-threshold-bg-medium\" data-href=\"http:\/\/info.terremoti.ingv.it\/event\/16976111\">\n<td class=\"text-nowrap\"><a href=\"http:\/\/info.terremoti.ingv.it\/event\/16976111\">2017-09-06\u00a014:30:32<\/a><\/td>\n<td class=\"text-center\"><a href=\"http:\/\/info.terremoti.ingv.it\/event\/16976111\">ML\u00a03.1<\/a><\/td>\n<td class=\"\"><a href=\"http:\/\/info.terremoti.ingv.it\/event\/16976111\">1 km W Voltago Agordino (BL)<\/a><\/td>\n<td class=\"hidden-xs text-right\"><a href=\"http:\/\/info.terremoti.ingv.it\/event\/16976111\">10<\/a><\/td>\n<td class=\"hidden-xs hidden-sm text-right\"><a href=\"http:\/\/info.terremoti.ingv.it\/event\/16976111\">46.27<\/a><\/td>\n<td class=\"hidden-xs hidden-sm text-right\"><a href=\"http:\/\/info.terremoti.ingv.it\/event\/16976111\">11.99<\/a><\/td>\n<\/tr>\n<tr class=\"mag-threshold-bg-medium\" data-href=\"http:\/\/info.terremoti.ingv.it\/event\/16976021\">\n<td class=\"text-nowrap\"><a href=\"http:\/\/info.terremoti.ingv.it\/event\/16976021\">2017-09-06\u00a014:26:16<\/a><\/td>\n<td class=\"text-center\"><a href=\"http:\/\/info.terremoti.ingv.it\/event\/16976021\">ML\u00a02.6<\/a><\/td>\n<td class=\"\"><a href=\"http:\/\/info.terremoti.ingv.it\/event\/16976021\">2 km W Taibon Agordino (BL)<\/a><\/td>\n<td class=\"hidden-xs text-right\"><a href=\"http:\/\/info.terremoti.ingv.it\/event\/16976021\">6<\/a><\/td>\n<td class=\"hidden-xs hidden-sm text-right\"><a href=\"http:\/\/info.terremoti.ingv.it\/event\/16976021\">46.31<\/a><\/td>\n<td class=\"hidden-xs hidden-sm text-right\"><a href=\"http:\/\/info.terremoti.ingv.it\/event\/16976021\">11.99<\/a><\/td>\n<\/tr>\n<tr class=\"mag-threshold-bg-medium\" data-href=\"http:\/\/info.terremoti.ingv.it\/event\/16975931\">\n<td class=\"text-nowrap\"><a href=\"http:\/\/info.terremoti.ingv.it\/event\/16975931\">2017-09-06\u00a014:22:29<\/a><\/td>\n<td class=\"text-center\"><a href=\"http:\/\/info.terremoti.ingv.it\/event\/16975931\">Mw\u00a03.4<\/a><\/td>\n<td class=\"\"><a href=\"http:\/\/info.terremoti.ingv.it\/event\/16975931\">2 km W Voltago Agordino (BL)<\/a><\/td>\n<td class=\"hidden-xs text-right\"><a href=\"http:\/\/info.terremoti.ingv.it\/event\/16975931\">9<\/a><\/td>\n<td class=\"hidden-xs hidden-sm text-right\"><a href=\"http:\/\/info.terremoti.ingv.it\/event\/16975931\">46.27<\/a><\/td>\n<td class=\"hidden-xs hidden-sm text-right\"><a href=\"http:\/\/info.terremoti.ingv.it\/event\/16975931\">11.98<\/a><\/td>\n<\/tr>\n<\/tbody>\n<\/table>\n<p>&nbsp;<\/p>\n<p>&nbsp;<\/p>\n<p>Il terremoto \u00e8 stato localizzato da: <strong>Sala Sismica INGV-Roma<\/strong>.<\/p>","protected":false},"excerpt":{"rendered":"<p>Tre brevi scosse di terremoto nell&#8217;Agordino. La prima alle ore 14.22 di magnitudo 3.4 nella zona di Voltago Agordino, seguita alle ore 14.26 da un&#8217;altra pi\u00f9 leggera di magnitudo 2.6 localizzata nel Comune di Taibon Agordino e una terza di magnitudo 3,1 alle ore 14.30 ancora a Voltago Agordino. Al momento non si registrano danni [&hellip;]<\/p>\n","protected":false},"author":2,"featured_media":0,"comment_status":"closed","ping_status":"open","sticky":false,"template":"","format":"standard","meta":{"footnotes":""},"categories":[5,26],"tags":[],"class_list":["post-88996","post","type-post","status-publish","format-standard","category-cronaca","category-prima-pagina"],"yoast_head":"<!-- This site is optimized with the Yoast SEO plugin v28.4 - https:\/\/yoast.com\/product\/yoast-seo-wordpress\/ -->\n<title>Tre scosse di terremoto di magnitudo 3.4 2.6 e 3.1 con epicentro nell&#039;Agordino - Bellunopress - Dolomiti<\/title>\n<meta name=\"robots\" content=\"index, follow, max-snippet:-1, max-image-preview:large, max-video-preview:-1\" \/>\n<link rel=\"canonical\" href=\"https:\/\/www.bellunopress.it\/fr\/2017\/09\/06\/breve-scossa-di-terremoto-di-magnitudo-3-6-con-epicentro-a-voltago-agordino\/\" \/>\n<meta property=\"og:locale\" content=\"fr_FR\" \/>\n<meta property=\"og:type\" content=\"article\" \/>\n<meta property=\"og:title\" content=\"Tre scosse di terremoto di magnitudo 3.4 2.6 e 3.1 con epicentro nell&#039;Agordino - Bellunopress - Dolomiti\" \/>\n<meta property=\"og:description\" content=\"Tre brevi scosse di terremoto nell&#8217;Agordino. La prima alle ore 14.22 di magnitudo 3.4 nella zona di Voltago Agordino, seguita alle ore 14.26 da un&#8217;altra pi\u00f9 leggera di magnitudo 2.6 localizzata nel Comune di Taibon Agordino e una terza di magnitudo 3,1 alle ore 14.30 ancora a Voltago Agordino. Al momento non si registrano danni [&hellip;]\" \/>\n<meta property=\"og:url\" content=\"https:\/\/www.bellunopress.it\/fr\/2017\/09\/06\/breve-scossa-di-terremoto-di-magnitudo-3-6-con-epicentro-a-voltago-agordino\/\" \/>\n<meta property=\"og:site_name\" content=\"Bellunopress - Dolomiti\" \/>\n<meta property=\"article:publisher\" content=\"https:\/\/www.facebook.com\/profile.php?id=100008943462799\" \/>\n<meta property=\"article:published_time\" content=\"2017-09-06T12:42:06+00:00\" \/>\n<meta property=\"article:modified_time\" content=\"2017-09-06T13:58:17+00:00\" \/>\n<meta property=\"og:image\" content=\"http:\/\/www.bellunopress.it\/wp-content\/uploads\/2011\/09\/terremoto.jpg\" \/>\n<meta name=\"author\" content=\"redazione\" \/>\n<meta name=\"twitter:card\" content=\"summary_large_image\" \/>\n<meta name=\"twitter:creator\" content=\"@bellunopress\" \/>\n<meta name=\"twitter:site\" content=\"@bellunopress\" \/>\n<meta name=\"twitter:label1\" content=\"\u00c9crit par\" \/>\n\t<meta name=\"twitter:data1\" content=\"redazione\" \/>\n\t<meta name=\"twitter:label2\" content=\"Dur\u00e9e de lecture estim\u00e9e\" \/>\n\t<meta name=\"twitter:data2\" content=\"1 minute\" \/>\n<script type=\"application\/ld+json\" class=\"yoast-schema-graph\">{\"@context\":\"https:\\\/\\\/schema.org\",\"@graph\":[{\"@type\":\"Article\",\"@id\":\"https:\\\/\\\/www.bellunopress.it\\\/2017\\\/09\\\/06\\\/breve-scossa-di-terremoto-di-magnitudo-3-6-con-epicentro-a-voltago-agordino\\\/#article\",\"isPartOf\":{\"@id\":\"https:\\\/\\\/www.bellunopress.it\\\/2017\\\/09\\\/06\\\/breve-scossa-di-terremoto-di-magnitudo-3-6-con-epicentro-a-voltago-agordino\\\/\"},\"author\":{\"name\":\"redazione\",\"@id\":\"https:\\\/\\\/www.bellunopress.it\\\/#\\\/schema\\\/person\\\/79bb06722b37ece1c03d3e94beb30d73\"},\"headline\":\"Tre scosse di terremoto di magnitudo 3.4 2.6 e 3.1 con epicentro nell&#8217;Agordino\",\"datePublished\":\"2017-09-06T12:42:06+00:00\",\"dateModified\":\"2017-09-06T13:58:17+00:00\",\"mainEntityOfPage\":{\"@id\":\"https:\\\/\\\/www.bellunopress.it\\\/2017\\\/09\\\/06\\\/breve-scossa-di-terremoto-di-magnitudo-3-6-con-epicentro-a-voltago-agordino\\\/\"},\"wordCount\":120,\"publisher\":{\"@id\":\"https:\\\/\\\/www.bellunopress.it\\\/#organization\"},\"image\":{\"@id\":\"https:\\\/\\\/www.bellunopress.it\\\/2017\\\/09\\\/06\\\/breve-scossa-di-terremoto-di-magnitudo-3-6-con-epicentro-a-voltago-agordino\\\/#primaryimage\"},\"thumbnailUrl\":\"http:\\\/\\\/www.bellunopress.it\\\/wp-content\\\/uploads\\\/2011\\\/09\\\/terremoto.jpg\",\"articleSection\":[\"Cronaca\\\/Politica\",\"Prima Pagina\"],\"inLanguage\":\"fr-FR\"},{\"@type\":\"WebPage\",\"@id\":\"https:\\\/\\\/www.bellunopress.it\\\/2017\\\/09\\\/06\\\/breve-scossa-di-terremoto-di-magnitudo-3-6-con-epicentro-a-voltago-agordino\\\/\",\"url\":\"https:\\\/\\\/www.bellunopress.it\\\/2017\\\/09\\\/06\\\/breve-scossa-di-terremoto-di-magnitudo-3-6-con-epicentro-a-voltago-agordino\\\/\",\"name\":\"Tre scosse di terremoto di magnitudo 3.4 2.6 e 3.1 con epicentro nell'Agordino - Bellunopress - Dolomiti\",\"isPartOf\":{\"@id\":\"https:\\\/\\\/www.bellunopress.it\\\/#website\"},\"primaryImageOfPage\":{\"@id\":\"https:\\\/\\\/www.bellunopress.it\\\/2017\\\/09\\\/06\\\/breve-scossa-di-terremoto-di-magnitudo-3-6-con-epicentro-a-voltago-agordino\\\/#primaryimage\"},\"image\":{\"@id\":\"https:\\\/\\\/www.bellunopress.it\\\/2017\\\/09\\\/06\\\/breve-scossa-di-terremoto-di-magnitudo-3-6-con-epicentro-a-voltago-agordino\\\/#primaryimage\"},\"thumbnailUrl\":\"http:\\\/\\\/www.bellunopress.it\\\/wp-content\\\/uploads\\\/2011\\\/09\\\/terremoto.jpg\",\"datePublished\":\"2017-09-06T12:42:06+00:00\",\"dateModified\":\"2017-09-06T13:58:17+00:00\",\"breadcrumb\":{\"@id\":\"https:\\\/\\\/www.bellunopress.it\\\/2017\\\/09\\\/06\\\/breve-scossa-di-terremoto-di-magnitudo-3-6-con-epicentro-a-voltago-agordino\\\/#breadcrumb\"},\"inLanguage\":\"fr-FR\",\"potentialAction\":[{\"@type\":\"ReadAction\",\"target\":[\"https:\\\/\\\/www.bellunopress.it\\\/2017\\\/09\\\/06\\\/breve-scossa-di-terremoto-di-magnitudo-3-6-con-epicentro-a-voltago-agordino\\\/\"]}]},{\"@type\":\"ImageObject\",\"inLanguage\":\"fr-FR\",\"@id\":\"https:\\\/\\\/www.bellunopress.it\\\/2017\\\/09\\\/06\\\/breve-scossa-di-terremoto-di-magnitudo-3-6-con-epicentro-a-voltago-agordino\\\/#primaryimage\",\"url\":\"http:\\\/\\\/www.bellunopress.it\\\/wp-content\\\/uploads\\\/2011\\\/09\\\/terremoto.jpg\",\"contentUrl\":\"http:\\\/\\\/www.bellunopress.it\\\/wp-content\\\/uploads\\\/2011\\\/09\\\/terremoto.jpg\"},{\"@type\":\"BreadcrumbList\",\"@id\":\"https:\\\/\\\/www.bellunopress.it\\\/2017\\\/09\\\/06\\\/breve-scossa-di-terremoto-di-magnitudo-3-6-con-epicentro-a-voltago-agordino\\\/#breadcrumb\",\"itemListElement\":[{\"@type\":\"ListItem\",\"position\":1,\"name\":\"Home\",\"item\":\"https:\\\/\\\/www.bellunopress.it\\\/\"},{\"@type\":\"ListItem\",\"position\":2,\"name\":\"Tre scosse di terremoto di magnitudo 3.4 2.6 e 3.1 con epicentro nell&#8217;Agordino\"}]},{\"@type\":\"WebSite\",\"@id\":\"https:\\\/\\\/www.bellunopress.it\\\/#website\",\"url\":\"https:\\\/\\\/www.bellunopress.it\\\/\",\"name\":\"Bellunopress - Dolomiti\",\"description\":\"e-mail: redazione@bellunopress.it\",\"publisher\":{\"@id\":\"https:\\\/\\\/www.bellunopress.it\\\/#organization\"},\"potentialAction\":[{\"@type\":\"SearchAction\",\"target\":{\"@type\":\"EntryPoint\",\"urlTemplate\":\"https:\\\/\\\/www.bellunopress.it\\\/?s={search_term_string}\"},\"query-input\":{\"@type\":\"PropertyValueSpecification\",\"valueRequired\":true,\"valueName\":\"search_term_string\"}}],\"inLanguage\":\"fr-FR\"},{\"@type\":\"Organization\",\"@id\":\"https:\\\/\\\/www.bellunopress.it\\\/#organization\",\"name\":\"Bellunopress\",\"url\":\"https:\\\/\\\/www.bellunopress.it\\\/\",\"logo\":{\"@type\":\"ImageObject\",\"inLanguage\":\"fr-FR\",\"@id\":\"https:\\\/\\\/www.bellunopress.it\\\/#\\\/schema\\\/logo\\\/image\\\/\",\"url\":\"https:\\\/\\\/www.bellunopress.it\\\/wp-content\\\/uploads\\\/2011\\\/05\\\/cropped-logo-bellunopress-.jpg\",\"contentUrl\":\"https:\\\/\\\/www.bellunopress.it\\\/wp-content\\\/uploads\\\/2011\\\/05\\\/cropped-logo-bellunopress-.jpg\",\"width\":512,\"height\":512,\"caption\":\"Bellunopress\"},\"image\":{\"@id\":\"https:\\\/\\\/www.bellunopress.it\\\/#\\\/schema\\\/logo\\\/image\\\/\"},\"sameAs\":[\"https:\\\/\\\/www.facebook.com\\\/profile.php?id=100008943462799\",\"https:\\\/\\\/x.com\\\/bellunopress\",\"https:\\\/\\\/www.linkedin.com\\\/hp\\\/?dnr=JBzUWaJfMUw8vbXJJ2tVW5-I3jZKvC4wsoxE&amp;amp;amp;amp;amp;amp;trk=nav_responsive_tab_home\",\"https:\\\/\\\/www.youtube.com\\\/channel\\\/UCxL0wu1uN0_3_7hGG0306cw\"]},{\"@type\":\"Person\",\"@id\":\"https:\\\/\\\/www.bellunopress.it\\\/#\\\/schema\\\/person\\\/79bb06722b37ece1c03d3e94beb30d73\",\"name\":\"redazione\",\"image\":{\"@type\":\"ImageObject\",\"inLanguage\":\"fr-FR\",\"@id\":\"https:\\\/\\\/secure.gravatar.com\\\/avatar\\\/37d968a2e67a6fd04c169c4bdef102d0bc5d31b2546345219e348575eb80e9a0?s=96&d=mm&r=g\",\"url\":\"https:\\\/\\\/secure.gravatar.com\\\/avatar\\\/37d968a2e67a6fd04c169c4bdef102d0bc5d31b2546345219e348575eb80e9a0?s=96&d=mm&r=g\",\"contentUrl\":\"https:\\\/\\\/secure.gravatar.com\\\/avatar\\\/37d968a2e67a6fd04c169c4bdef102d0bc5d31b2546345219e348575eb80e9a0?s=96&d=mm&r=g\",\"caption\":\"redazione\"},\"sameAs\":[\"http:\\\/\\\/www.bellunopress.it\",\"https:\\\/\\\/x.com\\\/bellunopress\"],\"url\":\"https:\\\/\\\/www.bellunopress.it\\\/fr\\\/author\\\/redazione\\\/\"}]}<\/script>\n<!-- \/ Yoast SEO plugin. -->","yoast_head_json":{"title":"Tre scosse di terremoto di magnitudo 3.4 2.6 e 3.1 con epicentro nell'Agordino - Bellunopress - Dolomiti","robots":{"index":"index","follow":"follow","max-snippet":"max-snippet:-1","max-image-preview":"max-image-preview:large","max-video-preview":"max-video-preview:-1"},"canonical":"https:\/\/www.bellunopress.it\/fr\/2017\/09\/06\/breve-scossa-di-terremoto-di-magnitudo-3-6-con-epicentro-a-voltago-agordino\/","og_locale":"fr_FR","og_type":"article","og_title":"Tre scosse di terremoto di magnitudo 3.4 2.6 e 3.1 con epicentro nell'Agordino - Bellunopress - Dolomiti","og_description":"Tre brevi scosse di terremoto nell&#8217;Agordino. La prima alle ore 14.22 di magnitudo 3.4 nella zona di Voltago Agordino, seguita alle ore 14.26 da un&#8217;altra pi\u00f9 leggera di magnitudo 2.6 localizzata nel Comune di Taibon Agordino e una terza di magnitudo 3,1 alle ore 14.30 ancora a Voltago Agordino. Al momento non si registrano danni [&hellip;]","og_url":"https:\/\/www.bellunopress.it\/fr\/2017\/09\/06\/breve-scossa-di-terremoto-di-magnitudo-3-6-con-epicentro-a-voltago-agordino\/","og_site_name":"Bellunopress - Dolomiti","article_publisher":"https:\/\/www.facebook.com\/profile.php?id=100008943462799","article_published_time":"2017-09-06T12:42:06+00:00","article_modified_time":"2017-09-06T13:58:17+00:00","og_image":[{"url":"http:\/\/www.bellunopress.it\/wp-content\/uploads\/2011\/09\/terremoto.jpg","type":"","width":"","height":""}],"author":"redazione","twitter_card":"summary_large_image","twitter_creator":"@bellunopress","twitter_site":"@bellunopress","twitter_misc":{"\u00c9crit par":"redazione","Dur\u00e9e de lecture estim\u00e9e":"1 minute"},"schema":{"@context":"https:\/\/schema.org","@graph":[{"@type":"Article","@id":"https:\/\/www.bellunopress.it\/2017\/09\/06\/breve-scossa-di-terremoto-di-magnitudo-3-6-con-epicentro-a-voltago-agordino\/#article","isPartOf":{"@id":"https:\/\/www.bellunopress.it\/2017\/09\/06\/breve-scossa-di-terremoto-di-magnitudo-3-6-con-epicentro-a-voltago-agordino\/"},"author":{"name":"redazione","@id":"https:\/\/www.bellunopress.it\/#\/schema\/person\/79bb06722b37ece1c03d3e94beb30d73"},"headline":"Tre scosse di terremoto di magnitudo 3.4 2.6 e 3.1 con epicentro nell&#8217;Agordino","datePublished":"2017-09-06T12:42:06+00:00","dateModified":"2017-09-06T13:58:17+00:00","mainEntityOfPage":{"@id":"https:\/\/www.bellunopress.it\/2017\/09\/06\/breve-scossa-di-terremoto-di-magnitudo-3-6-con-epicentro-a-voltago-agordino\/"},"wordCount":120,"publisher":{"@id":"https:\/\/www.bellunopress.it\/#organization"},"image":{"@id":"https:\/\/www.bellunopress.it\/2017\/09\/06\/breve-scossa-di-terremoto-di-magnitudo-3-6-con-epicentro-a-voltago-agordino\/#primaryimage"},"thumbnailUrl":"http:\/\/www.bellunopress.it\/wp-content\/uploads\/2011\/09\/terremoto.jpg","articleSection":["Cronaca\/Politica","Prima Pagina"],"inLanguage":"fr-FR"},{"@type":"WebPage","@id":"https:\/\/www.bellunopress.it\/2017\/09\/06\/breve-scossa-di-terremoto-di-magnitudo-3-6-con-epicentro-a-voltago-agordino\/","url":"https:\/\/www.bellunopress.it\/2017\/09\/06\/breve-scossa-di-terremoto-di-magnitudo-3-6-con-epicentro-a-voltago-agordino\/","name":"Tre scosse di terremoto di magnitudo 3.4 2.6 e 3.1 con epicentro nell'Agordino - Bellunopress - Dolomiti","isPartOf":{"@id":"https:\/\/www.bellunopress.it\/#website"},"primaryImageOfPage":{"@id":"https:\/\/www.bellunopress.it\/2017\/09\/06\/breve-scossa-di-terremoto-di-magnitudo-3-6-con-epicentro-a-voltago-agordino\/#primaryimage"},"image":{"@id":"https:\/\/www.bellunopress.it\/2017\/09\/06\/breve-scossa-di-terremoto-di-magnitudo-3-6-con-epicentro-a-voltago-agordino\/#primaryimage"},"thumbnailUrl":"http:\/\/www.bellunopress.it\/wp-content\/uploads\/2011\/09\/terremoto.jpg","datePublished":"2017-09-06T12:42:06+00:00","dateModified":"2017-09-06T13:58:17+00:00","breadcrumb":{"@id":"https:\/\/www.bellunopress.it\/2017\/09\/06\/breve-scossa-di-terremoto-di-magnitudo-3-6-con-epicentro-a-voltago-agordino\/#breadcrumb"},"inLanguage":"fr-FR","potentialAction":[{"@type":"ReadAction","target":["https:\/\/www.bellunopress.it\/2017\/09\/06\/breve-scossa-di-terremoto-di-magnitudo-3-6-con-epicentro-a-voltago-agordino\/"]}]},{"@type":"ImageObject","inLanguage":"fr-FR","@id":"https:\/\/www.bellunopress.it\/2017\/09\/06\/breve-scossa-di-terremoto-di-magnitudo-3-6-con-epicentro-a-voltago-agordino\/#primaryimage","url":"http:\/\/www.bellunopress.it\/wp-content\/uploads\/2011\/09\/terremoto.jpg","contentUrl":"http:\/\/www.bellunopress.it\/wp-content\/uploads\/2011\/09\/terremoto.jpg"},{"@type":"BreadcrumbList","@id":"https:\/\/www.bellunopress.it\/2017\/09\/06\/breve-scossa-di-terremoto-di-magnitudo-3-6-con-epicentro-a-voltago-agordino\/#breadcrumb","itemListElement":[{"@type":"ListItem","position":1,"name":"Home","item":"https:\/\/www.bellunopress.it\/"},{"@type":"ListItem","position":2,"name":"Tre scosse di terremoto di magnitudo 3.4 2.6 e 3.1 con epicentro nell&#8217;Agordino"}]},{"@type":"WebSite","@id":"https:\/\/www.bellunopress.it\/#website","url":"https:\/\/www.bellunopress.it\/","name":"Bellunopress - Dolomiti","description":"e-mail: redazione@bellunopress.it","publisher":{"@id":"https:\/\/www.bellunopress.it\/#organization"},"potentialAction":[{"@type":"SearchAction","target":{"@type":"EntryPoint","urlTemplate":"https:\/\/www.bellunopress.it\/?s={search_term_string}"},"query-input":{"@type":"PropertyValueSpecification","valueRequired":true,"valueName":"search_term_string"}}],"inLanguage":"fr-FR"},{"@type":"Organization","@id":"https:\/\/www.bellunopress.it\/#organization","name":"Bellunopress","url":"https:\/\/www.bellunopress.it\/","logo":{"@type":"ImageObject","inLanguage":"fr-FR","@id":"https:\/\/www.bellunopress.it\/#\/schema\/logo\/image\/","url":"https:\/\/www.bellunopress.it\/wp-content\/uploads\/2011\/05\/cropped-logo-bellunopress-.jpg","contentUrl":"https:\/\/www.bellunopress.it\/wp-content\/uploads\/2011\/05\/cropped-logo-bellunopress-.jpg","width":512,"height":512,"caption":"Bellunopress"},"image":{"@id":"https:\/\/www.bellunopress.it\/#\/schema\/logo\/image\/"},"sameAs":["https:\/\/www.facebook.com\/profile.php?id=100008943462799","https:\/\/x.com\/bellunopress","https:\/\/www.linkedin.com\/hp\/?dnr=JBzUWaJfMUw8vbXJJ2tVW5-I3jZKvC4wsoxE&amp;amp;amp;amp;amp;amp;trk=nav_responsive_tab_home","https:\/\/www.youtube.com\/channel\/UCxL0wu1uN0_3_7hGG0306cw"]},{"@type":"Person","@id":"https:\/\/www.bellunopress.it\/#\/schema\/person\/79bb06722b37ece1c03d3e94beb30d73","name":"r\u00e9daction","image":{"@type":"ImageObject","inLanguage":"fr-FR","@id":"https:\/\/secure.gravatar.com\/avatar\/37d968a2e67a6fd04c169c4bdef102d0bc5d31b2546345219e348575eb80e9a0?s=96&d=mm&r=g","url":"https:\/\/secure.gravatar.com\/avatar\/37d968a2e67a6fd04c169c4bdef102d0bc5d31b2546345219e348575eb80e9a0?s=96&d=mm&r=g","contentUrl":"https:\/\/secure.gravatar.com\/avatar\/37d968a2e67a6fd04c169c4bdef102d0bc5d31b2546345219e348575eb80e9a0?s=96&d=mm&r=g","caption":"redazione"},"sameAs":["http:\/\/www.bellunopress.it","https:\/\/x.com\/bellunopress"],"url":"https:\/\/www.bellunopress.it\/fr\/author\/redazione\/"}]}},"_links":{"self":[{"href":"https:\/\/www.bellunopress.it\/fr\/wp-json\/wp\/v2\/posts\/88996","targetHints":{"allow":["GET"]}}],"collection":[{"href":"https:\/\/www.bellunopress.it\/fr\/wp-json\/wp\/v2\/posts"}],"about":[{"href":"https:\/\/www.bellunopress.it\/fr\/wp-json\/wp\/v2\/types\/post"}],"author":[{"embeddable":true,"href":"https:\/\/www.bellunopress.it\/fr\/wp-json\/wp\/v2\/users\/2"}],"replies":[{"embeddable":true,"href":"https:\/\/www.bellunopress.it\/fr\/wp-json\/wp\/v2\/comments?post=88996"}],"version-history":[{"count":3,"href":"https:\/\/www.bellunopress.it\/fr\/wp-json\/wp\/v2\/posts\/88996\/revisions"}],"predecessor-version":[{"id":88999,"href":"https:\/\/www.bellunopress.it\/fr\/wp-json\/wp\/v2\/posts\/88996\/revisions\/88999"}],"wp:attachment":[{"href":"https:\/\/www.bellunopress.it\/fr\/wp-json\/wp\/v2\/media?parent=88996"}],"wp:term":[{"taxonomy":"category","embeddable":true,"href":"https:\/\/www.bellunopress.it\/fr\/wp-json\/wp\/v2\/categories?post=88996"},{"taxonomy":"post_tag","embeddable":true,"href":"https:\/\/www.bellunopress.it\/fr\/wp-json\/wp\/v2\/tags?post=88996"}],"curies":[{"name":"wp","href":"https:\/\/api.w.org\/{rel}","templated":true}]}}