{"id":88987,"date":"2017-09-06T07:46:38","date_gmt":"2017-09-06T05:46:38","guid":{"rendered":"http:\/\/www.bellunopress.it\/?p=88987"},"modified":"2017-09-06T07:46:39","modified_gmt":"2017-09-06T05:46:39","slug":"concorso-di-progettazione-per-la-riqualificazione-del-piazzale-della-stazione-di-belluno","status":"publish","type":"post","link":"https:\/\/www.bellunopress.it\/fr\/2017\/09\/06\/concorso-di-progettazione-per-la-riqualificazione-del-piazzale-della-stazione-di-belluno\/","title":{"rendered":"Concorso di progettazione per la riqualificazione del piazzale della Stazione di Belluno"},"content":{"rendered":"<p><a href=\"http:\/\/www.bellunopress.it\/fr\/2017\/09\/06\/concorso-di-progettazione-per-la-riqualificazione-del-piazzale-della-stazione-di-belluno\/piazzale-stazione-belluno\/\" rel=\"attachment wp-att-88989\"><img loading=\"lazy\" decoding=\"async\" class=\"alignleft size-full wp-image-88989\" src=\"http:\/\/www.bellunopress.it\/wp-content\/uploads\/2017\/09\/piazzale-stazione-belluno.jpg\" alt=\"\" width=\"350\" height=\"217\" \/><\/a>L&#8217;Amministrazione Comunale di Belluno con la collaborazione della Fondazione Architettura Belluno Dolomiti, bandisce un Concorso di Progettazione a procedura aperta in due gradi per la Riqualificazione del Piazzale della Stazione di Belluno, al fine di acquisire un progetto di elevata qualit\u00e0 architettonica relativo alla riqualificazione del piazzale della Stazione di Belluno. L&#8217;intervento si propone di apportare una maggiore qualit\u00e0 urbana e una maggiore sicurezza dell&#8217;area di progetto, nodo del trasporto pubblico su gomma urbano ed extraurbano, importante nodo intermodale tra trasporto pubblico su gomma e trasporto ferroviario e porta di accesso alla citt\u00e0.<br \/>\nIl concorso sar\u00e0 articolato in due gradi e pi\u00f9 precisamente:<br \/>\n-1\u00b0 grado &#8211; in forma anonima<br \/>\nLa partecipazione al 1\u00b0 grado \u00e8 aperta a tutti i soggetti ammessi di cui all&#8217;art. 6 del bando, fatti salvi i casi di esclusione di cui all&#8217;art. 9.<br \/>\nIn questa fase i partecipanti dovranno elaborare una proposta ideativa che, nel rispetto degli obiettivi, dei costi e delle prestazioni richieste, permetta alla Commissione giudicatrice di scegliere, secondo i criteri di valutazione di cui all&#8217;art. 18, le migliori 5 proposte, selezionate senza formazione di graduatorie, da ammettere al 2\u00b0 grado;<br \/>\n-2\u00b0 grado &#8211; in forma palese<br \/>\nLa partecipazione al 2\u00b0 grado \u00e8 riservata agli autori delle 5 migliori proposte ideative individuate nel 1\u00b0 grado. Le 5 proposte progettuali saranno valutate dalla Commissione giudicatrice, che, applicando i criteri di valutazione di cui all&#8217;art. 25 del bando, formuler\u00e0 la graduatoria, individuando la proposta progettuale vincitrice.<\/p>\n<p><strong>Oggetto<\/strong><br \/>\nOggetto del bando di concorso \u00e8 l&#8217;acquisizione, al termine del secondo grado, di un progetto con livello di approfondimento pari a quello di un &#8220;Progetto di fattibilit\u00e0 tecnico economica&#8221; relativo alla riqualificazione dell&#8217;area &#8220;Piazzale della Stazione, Piazzale Metropolis, via Dante Alighieri&#8221; &#8211; Belluno.<br \/>\nPer una pi\u00f9 dettagliata descrizione degli obiettivi e delle richieste dell&#8217;Ente Banditore si rinvia alla lettura della Scheda progetto che costituisce a tutti gli effetti parte integrante del bando.<br \/>\nLe soluzioni progettuali dovranno approfondire e sviluppare adeguatamente il tema del miglioramento dell&#8217;accessibilit\u00e0 veicolare e pedonale, anche in funzione di una maggiore sicurezza. Dovranno inoltre essere adeguatamente sviluppate la qualit\u00e0 architettonica delle soluzioni proposte e il tema dell&#8217;integrazione del progetto al contesto di riferimento.<br \/>\nIl Comune di Belluno affider\u00e0 al soggetto vincitore, tramite procedura negoziata senza bando, le fasi successive della progettazione definitiva, esecutiva e coordinamento della sicurezza in fase di progettazione e la direzione lavori.<\/p>\n<p><strong>Destinatari<\/strong><br \/>\nSono ammessi a partecipare alla procedura concorsuale i soggetti in possesso dei requisiti indicati all&#8217;art. 6 del bando di concorso.<\/p>\n<p><strong>Premi<\/strong><br \/>\nSaranno riconosciuti i premi nella seguente misura:<br \/>\n&#8211; \u20ac 15.000,00 al primo classificato<br \/>\n&#8211; \u20ac 3.000,00 &#8211; rimborso spese per gli altri 4 partecipanti.<br \/>\nLa Giuria, a suo insindacabile giudizio, potr\u00e0 inoltre attribuire menzioni a cui non corrisponder\u00e0 un riconoscimento economico. Non sono previsti altri premi.<br \/>\nGli importi assegnati sono considerati al netto dei contributi previdenziali e dell&#8217;IVA.<br \/>\nL&#8217;importo corrisposto per il primo premio \u00e8 considerato anticipo sulla prestazione professionale oggetto del successivo affidamento di incarico.<\/p>\n<p><strong>Calendario<\/strong><br \/>\nPubblicazione del bando di concorso<br \/>\n05.09.2017<br \/>\nTermine ultimo per l&#8217;invio dei quesiti<br \/>\n25.09.2017<br \/>\nConsegna degli elaborati \u2013 1\u00b0 grado di concorso<br \/>\n23.10.2017<br \/>\nTermine ultimo per la comunicazione dei soggetti invitati a partecipare al 2\u00b0 grado di concorso<br \/>\n30.10.2017<br \/>\nIncontro workshop obbligatorio per i soggetti invitati a partecipare<br \/>\ntra 02 e 04.11.2017<br \/>\nConsegna degli elaborati e presentazione pubblica dei progetti<br \/>\n27.11.2017<\/p>\n<p><strong>Informazioni<\/strong><br \/>\nLa segreteria del concorso \u00e8 costituita presso: Fondazione Architettura Belluno Dolomiti &#8211; Piazza Duomo n. 37 \u2013 32100 Belluno.<br \/>\nLa segreteria \u00e8 a disposizione per eventuali richieste di chiarimento e informazioni da inoltrare esclusivamente in forma scritta all&#8217;indirizzo concorsostazionebelluno@fabd.it oppure concorsostazionebl@fabd.it<br \/>\nIl bando, tutti gli elaborati e la documentazione di gara sono reperibili al seguente indirizzo <a href=\"http:\/\/www.fabd.it\">www.fabd.it<\/a> \u2013 sito ufficiale di riferimento per il concorso.<\/p>","protected":false},"excerpt":{"rendered":"<p>L&#8217;Amministrazione Comunale di Belluno con la collaborazione della Fondazione Architettura Belluno Dolomiti, bandisce un Concorso di Progettazione a procedura aperta in due gradi per la Riqualificazione del Piazzale della Stazione di Belluno, al fine di acquisire un progetto di elevata qualit\u00e0 architettonica relativo alla riqualificazione del piazzale della Stazione di Belluno. L&#8217;intervento si propone di [&hellip;]<\/p>\n","protected":false},"author":2,"featured_media":0,"comment_status":"closed","ping_status":"open","sticky":false,"template":"","format":"standard","meta":{"footnotes":""},"categories":[36,26,8],"tags":[],"class_list":["post-88987","post","type-post","status-publish","format-standard","category-lavoro-economia","category-prima-pagina","category-societa-istituzioni"],"yoast_head":"<!-- This site is optimized with the Yoast SEO plugin v28.4 - https:\/\/yoast.com\/product\/yoast-seo-wordpress\/ -->\n<title>Concorso di progettazione per la riqualificazione del piazzale della Stazione di Belluno - Bellunopress - Dolomiti<\/title>\n<meta name=\"robots\" content=\"index, follow, max-snippet:-1, max-image-preview:large, max-video-preview:-1\" \/>\n<link rel=\"canonical\" href=\"https:\/\/www.bellunopress.it\/fr\/2017\/09\/06\/concorso-di-progettazione-per-la-riqualificazione-del-piazzale-della-stazione-di-belluno\/\" \/>\n<meta property=\"og:locale\" content=\"fr_FR\" \/>\n<meta property=\"og:type\" content=\"article\" \/>\n<meta property=\"og:title\" content=\"Concorso di progettazione per la riqualificazione del piazzale della Stazione di Belluno - Bellunopress - Dolomiti\" \/>\n<meta property=\"og:description\" content=\"L&#8217;Amministrazione Comunale di Belluno con la collaborazione della Fondazione Architettura Belluno Dolomiti, bandisce un Concorso di Progettazione a procedura aperta in due gradi per la Riqualificazione del Piazzale della Stazione di Belluno, al fine di acquisire un progetto di elevata qualit\u00e0 architettonica relativo alla riqualificazione del piazzale della Stazione di Belluno. L&#8217;intervento si propone di [&hellip;]\" \/>\n<meta property=\"og:url\" content=\"https:\/\/www.bellunopress.it\/fr\/2017\/09\/06\/concorso-di-progettazione-per-la-riqualificazione-del-piazzale-della-stazione-di-belluno\/\" \/>\n<meta property=\"og:site_name\" content=\"Bellunopress - Dolomiti\" \/>\n<meta property=\"article:publisher\" content=\"https:\/\/www.facebook.com\/profile.php?id=100008943462799\" \/>\n<meta property=\"article:published_time\" content=\"2017-09-06T05:46:38+00:00\" \/>\n<meta property=\"article:modified_time\" content=\"2017-09-06T05:46:39+00:00\" \/>\n<meta property=\"og:image\" content=\"http:\/\/www.bellunopress.it\/wp-content\/uploads\/2017\/09\/piazzale-stazione-belluno.jpg\" \/>\n<meta name=\"author\" content=\"redazione\" \/>\n<meta name=\"twitter:card\" content=\"summary_large_image\" \/>\n<meta name=\"twitter:creator\" content=\"@bellunopress\" \/>\n<meta name=\"twitter:site\" content=\"@bellunopress\" \/>\n<meta name=\"twitter:label1\" content=\"\u00c9crit par\" \/>\n\t<meta name=\"twitter:data1\" content=\"redazione\" \/>\n\t<meta name=\"twitter:label2\" content=\"Dur\u00e9e de lecture estim\u00e9e\" \/>\n\t<meta name=\"twitter:data2\" content=\"3 minutes\" \/>\n<script type=\"application\/ld+json\" class=\"yoast-schema-graph\">{\"@context\":\"https:\\\/\\\/schema.org\",\"@graph\":[{\"@type\":\"Article\",\"@id\":\"https:\\\/\\\/www.bellunopress.it\\\/2017\\\/09\\\/06\\\/concorso-di-progettazione-per-la-riqualificazione-del-piazzale-della-stazione-di-belluno\\\/#article\",\"isPartOf\":{\"@id\":\"https:\\\/\\\/www.bellunopress.it\\\/2017\\\/09\\\/06\\\/concorso-di-progettazione-per-la-riqualificazione-del-piazzale-della-stazione-di-belluno\\\/\"},\"author\":{\"name\":\"redazione\",\"@id\":\"https:\\\/\\\/www.bellunopress.it\\\/#\\\/schema\\\/person\\\/79bb06722b37ece1c03d3e94beb30d73\"},\"headline\":\"Concorso di progettazione per la riqualificazione del piazzale della Stazione di Belluno\",\"datePublished\":\"2017-09-06T05:46:38+00:00\",\"dateModified\":\"2017-09-06T05:46:39+00:00\",\"mainEntityOfPage\":{\"@id\":\"https:\\\/\\\/www.bellunopress.it\\\/2017\\\/09\\\/06\\\/concorso-di-progettazione-per-la-riqualificazione-del-piazzale-della-stazione-di-belluno\\\/\"},\"wordCount\":612,\"publisher\":{\"@id\":\"https:\\\/\\\/www.bellunopress.it\\\/#organization\"},\"image\":{\"@id\":\"https:\\\/\\\/www.bellunopress.it\\\/2017\\\/09\\\/06\\\/concorso-di-progettazione-per-la-riqualificazione-del-piazzale-della-stazione-di-belluno\\\/#primaryimage\"},\"thumbnailUrl\":\"http:\\\/\\\/www.bellunopress.it\\\/wp-content\\\/uploads\\\/2017\\\/09\\\/piazzale-stazione-belluno.jpg\",\"articleSection\":[\"Lavoro, Economia, Turismo\",\"Prima Pagina\",\"Societ\u00e0, Associazioni, Istituzioni\"],\"inLanguage\":\"fr-FR\"},{\"@type\":\"WebPage\",\"@id\":\"https:\\\/\\\/www.bellunopress.it\\\/2017\\\/09\\\/06\\\/concorso-di-progettazione-per-la-riqualificazione-del-piazzale-della-stazione-di-belluno\\\/\",\"url\":\"https:\\\/\\\/www.bellunopress.it\\\/2017\\\/09\\\/06\\\/concorso-di-progettazione-per-la-riqualificazione-del-piazzale-della-stazione-di-belluno\\\/\",\"name\":\"Concorso di progettazione per la riqualificazione del piazzale della Stazione di Belluno - Bellunopress - Dolomiti\",\"isPartOf\":{\"@id\":\"https:\\\/\\\/www.bellunopress.it\\\/#website\"},\"primaryImageOfPage\":{\"@id\":\"https:\\\/\\\/www.bellunopress.it\\\/2017\\\/09\\\/06\\\/concorso-di-progettazione-per-la-riqualificazione-del-piazzale-della-stazione-di-belluno\\\/#primaryimage\"},\"image\":{\"@id\":\"https:\\\/\\\/www.bellunopress.it\\\/2017\\\/09\\\/06\\\/concorso-di-progettazione-per-la-riqualificazione-del-piazzale-della-stazione-di-belluno\\\/#primaryimage\"},\"thumbnailUrl\":\"http:\\\/\\\/www.bellunopress.it\\\/wp-content\\\/uploads\\\/2017\\\/09\\\/piazzale-stazione-belluno.jpg\",\"datePublished\":\"2017-09-06T05:46:38+00:00\",\"dateModified\":\"2017-09-06T05:46:39+00:00\",\"breadcrumb\":{\"@id\":\"https:\\\/\\\/www.bellunopress.it\\\/2017\\\/09\\\/06\\\/concorso-di-progettazione-per-la-riqualificazione-del-piazzale-della-stazione-di-belluno\\\/#breadcrumb\"},\"inLanguage\":\"fr-FR\",\"potentialAction\":[{\"@type\":\"ReadAction\",\"target\":[\"https:\\\/\\\/www.bellunopress.it\\\/2017\\\/09\\\/06\\\/concorso-di-progettazione-per-la-riqualificazione-del-piazzale-della-stazione-di-belluno\\\/\"]}]},{\"@type\":\"ImageObject\",\"inLanguage\":\"fr-FR\",\"@id\":\"https:\\\/\\\/www.bellunopress.it\\\/2017\\\/09\\\/06\\\/concorso-di-progettazione-per-la-riqualificazione-del-piazzale-della-stazione-di-belluno\\\/#primaryimage\",\"url\":\"http:\\\/\\\/www.bellunopress.it\\\/wp-content\\\/uploads\\\/2017\\\/09\\\/piazzale-stazione-belluno.jpg\",\"contentUrl\":\"http:\\\/\\\/www.bellunopress.it\\\/wp-content\\\/uploads\\\/2017\\\/09\\\/piazzale-stazione-belluno.jpg\"},{\"@type\":\"BreadcrumbList\",\"@id\":\"https:\\\/\\\/www.bellunopress.it\\\/2017\\\/09\\\/06\\\/concorso-di-progettazione-per-la-riqualificazione-del-piazzale-della-stazione-di-belluno\\\/#breadcrumb\",\"itemListElement\":[{\"@type\":\"ListItem\",\"position\":1,\"name\":\"Home\",\"item\":\"https:\\\/\\\/www.bellunopress.it\\\/\"},{\"@type\":\"ListItem\",\"position\":2,\"name\":\"Concorso di progettazione per la riqualificazione del piazzale della Stazione di Belluno\"}]},{\"@type\":\"WebSite\",\"@id\":\"https:\\\/\\\/www.bellunopress.it\\\/#website\",\"url\":\"https:\\\/\\\/www.bellunopress.it\\\/\",\"name\":\"Bellunopress - Dolomiti\",\"description\":\"e-mail: redazione@bellunopress.it\",\"publisher\":{\"@id\":\"https:\\\/\\\/www.bellunopress.it\\\/#organization\"},\"potentialAction\":[{\"@type\":\"SearchAction\",\"target\":{\"@type\":\"EntryPoint\",\"urlTemplate\":\"https:\\\/\\\/www.bellunopress.it\\\/?s={search_term_string}\"},\"query-input\":{\"@type\":\"PropertyValueSpecification\",\"valueRequired\":true,\"valueName\":\"search_term_string\"}}],\"inLanguage\":\"fr-FR\"},{\"@type\":\"Organization\",\"@id\":\"https:\\\/\\\/www.bellunopress.it\\\/#organization\",\"name\":\"Bellunopress\",\"url\":\"https:\\\/\\\/www.bellunopress.it\\\/\",\"logo\":{\"@type\":\"ImageObject\",\"inLanguage\":\"fr-FR\",\"@id\":\"https:\\\/\\\/www.bellunopress.it\\\/#\\\/schema\\\/logo\\\/image\\\/\",\"url\":\"https:\\\/\\\/www.bellunopress.it\\\/wp-content\\\/uploads\\\/2011\\\/05\\\/cropped-logo-bellunopress-.jpg\",\"contentUrl\":\"https:\\\/\\\/www.bellunopress.it\\\/wp-content\\\/uploads\\\/2011\\\/05\\\/cropped-logo-bellunopress-.jpg\",\"width\":512,\"height\":512,\"caption\":\"Bellunopress\"},\"image\":{\"@id\":\"https:\\\/\\\/www.bellunopress.it\\\/#\\\/schema\\\/logo\\\/image\\\/\"},\"sameAs\":[\"https:\\\/\\\/www.facebook.com\\\/profile.php?id=100008943462799\",\"https:\\\/\\\/x.com\\\/bellunopress\",\"https:\\\/\\\/www.linkedin.com\\\/hp\\\/?dnr=JBzUWaJfMUw8vbXJJ2tVW5-I3jZKvC4wsoxE&amp;amp;amp;amp;amp;amp;trk=nav_responsive_tab_home\",\"https:\\\/\\\/www.youtube.com\\\/channel\\\/UCxL0wu1uN0_3_7hGG0306cw\"]},{\"@type\":\"Person\",\"@id\":\"https:\\\/\\\/www.bellunopress.it\\\/#\\\/schema\\\/person\\\/79bb06722b37ece1c03d3e94beb30d73\",\"name\":\"redazione\",\"image\":{\"@type\":\"ImageObject\",\"inLanguage\":\"fr-FR\",\"@id\":\"https:\\\/\\\/secure.gravatar.com\\\/avatar\\\/37d968a2e67a6fd04c169c4bdef102d0bc5d31b2546345219e348575eb80e9a0?s=96&d=mm&r=g\",\"url\":\"https:\\\/\\\/secure.gravatar.com\\\/avatar\\\/37d968a2e67a6fd04c169c4bdef102d0bc5d31b2546345219e348575eb80e9a0?s=96&d=mm&r=g\",\"contentUrl\":\"https:\\\/\\\/secure.gravatar.com\\\/avatar\\\/37d968a2e67a6fd04c169c4bdef102d0bc5d31b2546345219e348575eb80e9a0?s=96&d=mm&r=g\",\"caption\":\"redazione\"},\"sameAs\":[\"http:\\\/\\\/www.bellunopress.it\",\"https:\\\/\\\/x.com\\\/bellunopress\"],\"url\":\"https:\\\/\\\/www.bellunopress.it\\\/fr\\\/author\\\/redazione\\\/\"}]}<\/script>\n<!-- \/ Yoast SEO plugin. -->","yoast_head_json":{"title":"Concorso di progettazione per la riqualificazione del piazzale della Stazione di Belluno - Bellunopress - Dolomiti","robots":{"index":"index","follow":"follow","max-snippet":"max-snippet:-1","max-image-preview":"max-image-preview:large","max-video-preview":"max-video-preview:-1"},"canonical":"https:\/\/www.bellunopress.it\/fr\/2017\/09\/06\/concorso-di-progettazione-per-la-riqualificazione-del-piazzale-della-stazione-di-belluno\/","og_locale":"fr_FR","og_type":"article","og_title":"Concorso di progettazione per la riqualificazione del piazzale della Stazione di Belluno - Bellunopress - Dolomiti","og_description":"L&#8217;Amministrazione Comunale di Belluno con la collaborazione della Fondazione Architettura Belluno Dolomiti, bandisce un Concorso di Progettazione a procedura aperta in due gradi per la Riqualificazione del Piazzale della Stazione di Belluno, al fine di acquisire un progetto di elevata qualit\u00e0 architettonica relativo alla riqualificazione del piazzale della Stazione di Belluno. L&#8217;intervento si propone di [&hellip;]","og_url":"https:\/\/www.bellunopress.it\/fr\/2017\/09\/06\/concorso-di-progettazione-per-la-riqualificazione-del-piazzale-della-stazione-di-belluno\/","og_site_name":"Bellunopress - Dolomiti","article_publisher":"https:\/\/www.facebook.com\/profile.php?id=100008943462799","article_published_time":"2017-09-06T05:46:38+00:00","article_modified_time":"2017-09-06T05:46:39+00:00","og_image":[{"url":"http:\/\/www.bellunopress.it\/wp-content\/uploads\/2017\/09\/piazzale-stazione-belluno.jpg","type":"","width":"","height":""}],"author":"redazione","twitter_card":"summary_large_image","twitter_creator":"@bellunopress","twitter_site":"@bellunopress","twitter_misc":{"\u00c9crit par":"redazione","Dur\u00e9e de lecture estim\u00e9e":"3 minutes"},"schema":{"@context":"https:\/\/schema.org","@graph":[{"@type":"Article","@id":"https:\/\/www.bellunopress.it\/2017\/09\/06\/concorso-di-progettazione-per-la-riqualificazione-del-piazzale-della-stazione-di-belluno\/#article","isPartOf":{"@id":"https:\/\/www.bellunopress.it\/2017\/09\/06\/concorso-di-progettazione-per-la-riqualificazione-del-piazzale-della-stazione-di-belluno\/"},"author":{"name":"redazione","@id":"https:\/\/www.bellunopress.it\/#\/schema\/person\/79bb06722b37ece1c03d3e94beb30d73"},"headline":"Concorso di progettazione per la riqualificazione del piazzale della Stazione di Belluno","datePublished":"2017-09-06T05:46:38+00:00","dateModified":"2017-09-06T05:46:39+00:00","mainEntityOfPage":{"@id":"https:\/\/www.bellunopress.it\/2017\/09\/06\/concorso-di-progettazione-per-la-riqualificazione-del-piazzale-della-stazione-di-belluno\/"},"wordCount":612,"publisher":{"@id":"https:\/\/www.bellunopress.it\/#organization"},"image":{"@id":"https:\/\/www.bellunopress.it\/2017\/09\/06\/concorso-di-progettazione-per-la-riqualificazione-del-piazzale-della-stazione-di-belluno\/#primaryimage"},"thumbnailUrl":"http:\/\/www.bellunopress.it\/wp-content\/uploads\/2017\/09\/piazzale-stazione-belluno.jpg","articleSection":["Lavoro, Economia, Turismo","Prima Pagina","Societ\u00e0, Associazioni, Istituzioni"],"inLanguage":"fr-FR"},{"@type":"WebPage","@id":"https:\/\/www.bellunopress.it\/2017\/09\/06\/concorso-di-progettazione-per-la-riqualificazione-del-piazzale-della-stazione-di-belluno\/","url":"https:\/\/www.bellunopress.it\/2017\/09\/06\/concorso-di-progettazione-per-la-riqualificazione-del-piazzale-della-stazione-di-belluno\/","name":"Concorso di progettazione per la riqualificazione del piazzale della Stazione di Belluno - Bellunopress - Dolomiti","isPartOf":{"@id":"https:\/\/www.bellunopress.it\/#website"},"primaryImageOfPage":{"@id":"https:\/\/www.bellunopress.it\/2017\/09\/06\/concorso-di-progettazione-per-la-riqualificazione-del-piazzale-della-stazione-di-belluno\/#primaryimage"},"image":{"@id":"https:\/\/www.bellunopress.it\/2017\/09\/06\/concorso-di-progettazione-per-la-riqualificazione-del-piazzale-della-stazione-di-belluno\/#primaryimage"},"thumbnailUrl":"http:\/\/www.bellunopress.it\/wp-content\/uploads\/2017\/09\/piazzale-stazione-belluno.jpg","datePublished":"2017-09-06T05:46:38+00:00","dateModified":"2017-09-06T05:46:39+00:00","breadcrumb":{"@id":"https:\/\/www.bellunopress.it\/2017\/09\/06\/concorso-di-progettazione-per-la-riqualificazione-del-piazzale-della-stazione-di-belluno\/#breadcrumb"},"inLanguage":"fr-FR","potentialAction":[{"@type":"ReadAction","target":["https:\/\/www.bellunopress.it\/2017\/09\/06\/concorso-di-progettazione-per-la-riqualificazione-del-piazzale-della-stazione-di-belluno\/"]}]},{"@type":"ImageObject","inLanguage":"fr-FR","@id":"https:\/\/www.bellunopress.it\/2017\/09\/06\/concorso-di-progettazione-per-la-riqualificazione-del-piazzale-della-stazione-di-belluno\/#primaryimage","url":"http:\/\/www.bellunopress.it\/wp-content\/uploads\/2017\/09\/piazzale-stazione-belluno.jpg","contentUrl":"http:\/\/www.bellunopress.it\/wp-content\/uploads\/2017\/09\/piazzale-stazione-belluno.jpg"},{"@type":"BreadcrumbList","@id":"https:\/\/www.bellunopress.it\/2017\/09\/06\/concorso-di-progettazione-per-la-riqualificazione-del-piazzale-della-stazione-di-belluno\/#breadcrumb","itemListElement":[{"@type":"ListItem","position":1,"name":"Home","item":"https:\/\/www.bellunopress.it\/"},{"@type":"ListItem","position":2,"name":"Concorso di progettazione per la riqualificazione del piazzale della Stazione di Belluno"}]},{"@type":"WebSite","@id":"https:\/\/www.bellunopress.it\/#website","url":"https:\/\/www.bellunopress.it\/","name":"Bellunopress - Dolomiti","description":"e-mail: redazione@bellunopress.it","publisher":{"@id":"https:\/\/www.bellunopress.it\/#organization"},"potentialAction":[{"@type":"SearchAction","target":{"@type":"EntryPoint","urlTemplate":"https:\/\/www.bellunopress.it\/?s={search_term_string}"},"query-input":{"@type":"PropertyValueSpecification","valueRequired":true,"valueName":"search_term_string"}}],"inLanguage":"fr-FR"},{"@type":"Organization","@id":"https:\/\/www.bellunopress.it\/#organization","name":"Bellunopress","url":"https:\/\/www.bellunopress.it\/","logo":{"@type":"ImageObject","inLanguage":"fr-FR","@id":"https:\/\/www.bellunopress.it\/#\/schema\/logo\/image\/","url":"https:\/\/www.bellunopress.it\/wp-content\/uploads\/2011\/05\/cropped-logo-bellunopress-.jpg","contentUrl":"https:\/\/www.bellunopress.it\/wp-content\/uploads\/2011\/05\/cropped-logo-bellunopress-.jpg","width":512,"height":512,"caption":"Bellunopress"},"image":{"@id":"https:\/\/www.bellunopress.it\/#\/schema\/logo\/image\/"},"sameAs":["https:\/\/www.facebook.com\/profile.php?id=100008943462799","https:\/\/x.com\/bellunopress","https:\/\/www.linkedin.com\/hp\/?dnr=JBzUWaJfMUw8vbXJJ2tVW5-I3jZKvC4wsoxE&amp;amp;amp;amp;amp;amp;trk=nav_responsive_tab_home","https:\/\/www.youtube.com\/channel\/UCxL0wu1uN0_3_7hGG0306cw"]},{"@type":"Person","@id":"https:\/\/www.bellunopress.it\/#\/schema\/person\/79bb06722b37ece1c03d3e94beb30d73","name":"r\u00e9daction","image":{"@type":"ImageObject","inLanguage":"fr-FR","@id":"https:\/\/secure.gravatar.com\/avatar\/37d968a2e67a6fd04c169c4bdef102d0bc5d31b2546345219e348575eb80e9a0?s=96&d=mm&r=g","url":"https:\/\/secure.gravatar.com\/avatar\/37d968a2e67a6fd04c169c4bdef102d0bc5d31b2546345219e348575eb80e9a0?s=96&d=mm&r=g","contentUrl":"https:\/\/secure.gravatar.com\/avatar\/37d968a2e67a6fd04c169c4bdef102d0bc5d31b2546345219e348575eb80e9a0?s=96&d=mm&r=g","caption":"redazione"},"sameAs":["http:\/\/www.bellunopress.it","https:\/\/x.com\/bellunopress"],"url":"https:\/\/www.bellunopress.it\/fr\/author\/redazione\/"}]}},"_links":{"self":[{"href":"https:\/\/www.bellunopress.it\/fr\/wp-json\/wp\/v2\/posts\/88987","targetHints":{"allow":["GET"]}}],"collection":[{"href":"https:\/\/www.bellunopress.it\/fr\/wp-json\/wp\/v2\/posts"}],"about":[{"href":"https:\/\/www.bellunopress.it\/fr\/wp-json\/wp\/v2\/types\/post"}],"author":[{"embeddable":true,"href":"https:\/\/www.bellunopress.it\/fr\/wp-json\/wp\/v2\/users\/2"}],"replies":[{"embeddable":true,"href":"https:\/\/www.bellunopress.it\/fr\/wp-json\/wp\/v2\/comments?post=88987"}],"version-history":[{"count":2,"href":"https:\/\/www.bellunopress.it\/fr\/wp-json\/wp\/v2\/posts\/88987\/revisions"}],"predecessor-version":[{"id":88991,"href":"https:\/\/www.bellunopress.it\/fr\/wp-json\/wp\/v2\/posts\/88987\/revisions\/88991"}],"wp:attachment":[{"href":"https:\/\/www.bellunopress.it\/fr\/wp-json\/wp\/v2\/media?parent=88987"}],"wp:term":[{"taxonomy":"category","embeddable":true,"href":"https:\/\/www.bellunopress.it\/fr\/wp-json\/wp\/v2\/categories?post=88987"},{"taxonomy":"post_tag","embeddable":true,"href":"https:\/\/www.bellunopress.it\/fr\/wp-json\/wp\/v2\/tags?post=88987"}],"curies":[{"name":"wp","href":"https:\/\/api.w.org\/{rel}","templated":true}]}}