{"id":8882,"date":"2009-10-13T20:39:32","date_gmt":"2009-10-13T19:39:32","guid":{"rendered":"http:\/\/www.bellunopress.it\/?p=8882"},"modified":"2009-10-14T07:08:26","modified_gmt":"2009-10-14T06:08:26","slug":"convegno-su-stress-e-salute-venerdi-16-ottobre-a-pieve-d%c2%92alpago","status":"publish","type":"post","link":"https:\/\/www.bellunopress.it\/fr\/2009\/10\/13\/convegno-su-stress-e-salute-venerdi-16-ottobre-a-pieve-d%c2%92alpago\/","title":{"rendered":"Convegno su stress e salute venerd\u00ec 16 ottobre a  Pieve d&#8217;Alpago"},"content":{"rendered":"<p>Nell&#8217;ambito del ciclo di incontri &#8220;Chiacchieriamo di&#8230;&#8221;\u00a0 promosso dall&#8217;amministrazione comunale di Pieve d&#8217;Alpago, venerd\u00ec 16 ottobre sar\u00e0 la volta del primo di due appuntamenti dedicati allo stress e alle difficolt\u00e0 di ordine relazionale e comunicativo, specialmente in ambito lavorativo. All&#8217;\u0092appuntamento, gestito da psicologi con formazione nei vari ambiti del tema trattato, porter\u00e0 un prezioso contributo Primo Torresin, segretario provinciale della Cisl, che aprir\u00e0 una vetrina sulla situazione attuale del mondo del lavoro, stretto fra difficolt\u00e0 dei mercati e difficolt\u00e0 individuali. Anche le persone che non sono toccate dalla crisi, infatti, manifestano quello che viene definita &#8220;Sindrome dei sopravvissuti&#8221;, con implicazioni importanti nella salute, non solo psicologica. La stretta relazione fra difficolt\u00e0 psicologiche e la salute generale \u00e8 un po\u0092 il tema conduttore dell\u0092incontro, aperto a tutti, che esaminer\u00e0 aspetti generalmente poco conosciuti poich\u00e8, sia a livello individuale che organizzativo, difficilmente si riconducono le somatizzazioni dello stress alle reali cause. Si scoprir\u00e0 cos\u00ec che il termine &#8220;stress&#8221; usato comunemente, in termini psicologici ha implicazioni molto pi\u00f9 ampie e coinvolge sia i singoli individui, causando costi in termini di salute e monetari, ma anche per l\u0092intera societ\u00e0. Altri contributi saranno orientati a far comprendere come lo stress sia causa dell\u0092insorgenza di molte malattie, legate soprattutto al sistema immunitario, cardiovascolare, dell\u0092apparato intestinale ma che riguardano anche la sfera del sonno e quella sessuale. Infine verr\u00e0 illustrato come l\u0092ambiente relazionale, in tutti gli ambiti di vita, sia motivo di insorgenza di condizioni di stress, se disfunzionale, ma possa essere anche un forte fattore di protezione se caratterizzato da clima cooperativo e supportivo e per questo verranno proposte delle indicazioni di ordine metodologico.<br \/>\nL&#8217;\u0092incontro di venerd\u00ec 16 (ore 20.30 Sala Placido Fabris di Pieve d&#8217;Alpago) anticipa l&#8217;appuntamento della settimana successiva (venerd\u00ec 23) dedicato interamente ai conflitti nel lavoro, che con lo stress sono in relazione causa\/effetto, provocano notevoli difficolt\u00e0 alle persone e anche alle organizzazioni (sono la causa del 48% del turnover volontario) e, soprattutto se cronicizzati, anche costi elevati in termini economici.<\/p>","protected":false},"excerpt":{"rendered":"<p>Nell&#8217;ambito del ciclo di incontri &#8220;Chiacchieriamo di&#8230;&#8221;\u00a0 promosso dall&#8217;amministrazione comunale di Pieve d&#8217;Alpago, venerd\u00ec 16 ottobre sar\u00e0 la volta del primo di due appuntamenti dedicati allo stress e alle difficolt\u00e0 di ordine relazionale e comunicativo, specialmente in ambito lavorativo. All&#8217;\u0092appuntamento, gestito da psicologi con formazione nei vari ambiti del tema trattato, porter\u00e0 un prezioso contributo [&hellip;]<\/p>\n","protected":false},"author":2,"featured_media":0,"comment_status":"closed","ping_status":"open","sticky":false,"template":"","format":"standard","meta":{"footnotes":""},"categories":[27,25],"tags":[],"class_list":["post-8882","post","type-post","status-publish","format-standard","category-appuntamenti","category-pausa-caffe"],"yoast_head":"<!-- This site is optimized with the Yoast SEO plugin v28.4 - https:\/\/yoast.com\/product\/yoast-seo-wordpress\/ -->\n<title>Convegno su stress e salute venerd\u00ec 16 ottobre a Pieve d&#039;Alpago - Bellunopress - Dolomiti<\/title>\n<meta name=\"robots\" content=\"index, follow, max-snippet:-1, max-image-preview:large, max-video-preview:-1\" \/>\n<link rel=\"canonical\" href=\"https:\/\/www.bellunopress.it\/fr\/2009\/10\/13\/convegno-su-stress-e-salute-venerdi-16-ottobre-a-pieve-d\u0092alpago\/\" \/>\n<meta property=\"og:locale\" content=\"fr_FR\" \/>\n<meta property=\"og:type\" content=\"article\" \/>\n<meta property=\"og:title\" content=\"Convegno su stress e salute venerd\u00ec 16 ottobre a Pieve d&#039;Alpago - Bellunopress - Dolomiti\" \/>\n<meta property=\"og:description\" content=\"Nell&#8217;ambito del ciclo di incontri &#8220;Chiacchieriamo di&#8230;&#8221;\u00a0 promosso dall&#8217;amministrazione comunale di Pieve d&#8217;Alpago, venerd\u00ec 16 ottobre sar\u00e0 la volta del primo di due appuntamenti dedicati allo stress e alle difficolt\u00e0 di ordine relazionale e comunicativo, specialmente in ambito lavorativo. All&#8217;\u0092appuntamento, gestito da psicologi con formazione nei vari ambiti del tema trattato, porter\u00e0 un prezioso contributo [&hellip;]\" \/>\n<meta property=\"og:url\" content=\"https:\/\/www.bellunopress.it\/fr\/2009\/10\/13\/convegno-su-stress-e-salute-venerdi-16-ottobre-a-pieve-d\u0092alpago\/\" \/>\n<meta property=\"og:site_name\" content=\"Bellunopress - Dolomiti\" \/>\n<meta property=\"article:publisher\" content=\"https:\/\/www.facebook.com\/profile.php?id=100008943462799\" \/>\n<meta property=\"article:published_time\" content=\"2009-10-13T19:39:32+00:00\" \/>\n<meta property=\"article:modified_time\" content=\"2009-10-14T06:08:26+00:00\" \/>\n<meta property=\"og:image\" content=\"http:\/\/www.bellunopress.it\/wp-content\/uploads\/2012\/07\/logo-bellunopress-250x250-2012.jpg\" \/>\n<meta name=\"author\" content=\"redazione\" \/>\n<meta name=\"twitter:card\" content=\"summary_large_image\" \/>\n<meta name=\"twitter:creator\" content=\"@bellunopress\" \/>\n<meta name=\"twitter:site\" content=\"@bellunopress\" \/>\n<meta name=\"twitter:label1\" content=\"\u00c9crit par\" \/>\n\t<meta name=\"twitter:data1\" content=\"redazione\" \/>\n\t<meta name=\"twitter:label2\" content=\"Dur\u00e9e de lecture estim\u00e9e\" \/>\n\t<meta name=\"twitter:data2\" content=\"2 minutes\" \/>\n<script type=\"application\/ld+json\" class=\"yoast-schema-graph\">{\"@context\":\"https:\\\/\\\/schema.org\",\"@graph\":[{\"@type\":\"Article\",\"@id\":\"https:\\\/\\\/www.bellunopress.it\\\/2009\\\/10\\\/13\\\/convegno-su-stress-e-salute-venerdi-16-ottobre-a-pieve-d%c2%92alpago\\\/#article\",\"isPartOf\":{\"@id\":\"https:\\\/\\\/www.bellunopress.it\\\/2009\\\/10\\\/13\\\/convegno-su-stress-e-salute-venerdi-16-ottobre-a-pieve-d%c2%92alpago\\\/\"},\"author\":{\"name\":\"redazione\",\"@id\":\"https:\\\/\\\/www.bellunopress.it\\\/#\\\/schema\\\/person\\\/79bb06722b37ece1c03d3e94beb30d73\"},\"headline\":\"Convegno su stress e salute venerd\u00ec 16 ottobre a Pieve d&#8217;Alpago\",\"datePublished\":\"2009-10-13T19:39:32+00:00\",\"dateModified\":\"2009-10-14T06:08:26+00:00\",\"mainEntityOfPage\":{\"@id\":\"https:\\\/\\\/www.bellunopress.it\\\/2009\\\/10\\\/13\\\/convegno-su-stress-e-salute-venerdi-16-ottobre-a-pieve-d%c2%92alpago\\\/\"},\"wordCount\":346,\"publisher\":{\"@id\":\"https:\\\/\\\/www.bellunopress.it\\\/#organization\"},\"articleSection\":[\"Appuntamenti, Eventi\",\"Pausa Caff\u00e8\"],\"inLanguage\":\"fr-FR\"},{\"@type\":\"WebPage\",\"@id\":\"https:\\\/\\\/www.bellunopress.it\\\/2009\\\/10\\\/13\\\/convegno-su-stress-e-salute-venerdi-16-ottobre-a-pieve-d%c2%92alpago\\\/\",\"url\":\"https:\\\/\\\/www.bellunopress.it\\\/2009\\\/10\\\/13\\\/convegno-su-stress-e-salute-venerdi-16-ottobre-a-pieve-d%c2%92alpago\\\/\",\"name\":\"Convegno su stress e salute venerd\u00ec 16 ottobre a Pieve d'Alpago - Bellunopress - Dolomiti\",\"isPartOf\":{\"@id\":\"https:\\\/\\\/www.bellunopress.it\\\/#website\"},\"datePublished\":\"2009-10-13T19:39:32+00:00\",\"dateModified\":\"2009-10-14T06:08:26+00:00\",\"breadcrumb\":{\"@id\":\"https:\\\/\\\/www.bellunopress.it\\\/2009\\\/10\\\/13\\\/convegno-su-stress-e-salute-venerdi-16-ottobre-a-pieve-d%c2%92alpago\\\/#breadcrumb\"},\"inLanguage\":\"fr-FR\",\"potentialAction\":[{\"@type\":\"ReadAction\",\"target\":[\"https:\\\/\\\/www.bellunopress.it\\\/2009\\\/10\\\/13\\\/convegno-su-stress-e-salute-venerdi-16-ottobre-a-pieve-d%c2%92alpago\\\/\"]}]},{\"@type\":\"BreadcrumbList\",\"@id\":\"https:\\\/\\\/www.bellunopress.it\\\/2009\\\/10\\\/13\\\/convegno-su-stress-e-salute-venerdi-16-ottobre-a-pieve-d%c2%92alpago\\\/#breadcrumb\",\"itemListElement\":[{\"@type\":\"ListItem\",\"position\":1,\"name\":\"Home\",\"item\":\"https:\\\/\\\/www.bellunopress.it\\\/\"},{\"@type\":\"ListItem\",\"position\":2,\"name\":\"Convegno su stress e salute venerd\u00ec 16 ottobre a Pieve d&#8217;Alpago\"}]},{\"@type\":\"WebSite\",\"@id\":\"https:\\\/\\\/www.bellunopress.it\\\/#website\",\"url\":\"https:\\\/\\\/www.bellunopress.it\\\/\",\"name\":\"Bellunopress - Dolomiti\",\"description\":\"e-mail: redazione@bellunopress.it\",\"publisher\":{\"@id\":\"https:\\\/\\\/www.bellunopress.it\\\/#organization\"},\"potentialAction\":[{\"@type\":\"SearchAction\",\"target\":{\"@type\":\"EntryPoint\",\"urlTemplate\":\"https:\\\/\\\/www.bellunopress.it\\\/?s={search_term_string}\"},\"query-input\":{\"@type\":\"PropertyValueSpecification\",\"valueRequired\":true,\"valueName\":\"search_term_string\"}}],\"inLanguage\":\"fr-FR\"},{\"@type\":\"Organization\",\"@id\":\"https:\\\/\\\/www.bellunopress.it\\\/#organization\",\"name\":\"Bellunopress\",\"url\":\"https:\\\/\\\/www.bellunopress.it\\\/\",\"logo\":{\"@type\":\"ImageObject\",\"inLanguage\":\"fr-FR\",\"@id\":\"https:\\\/\\\/www.bellunopress.it\\\/#\\\/schema\\\/logo\\\/image\\\/\",\"url\":\"https:\\\/\\\/www.bellunopress.it\\\/wp-content\\\/uploads\\\/2011\\\/05\\\/cropped-logo-bellunopress-.jpg\",\"contentUrl\":\"https:\\\/\\\/www.bellunopress.it\\\/wp-content\\\/uploads\\\/2011\\\/05\\\/cropped-logo-bellunopress-.jpg\",\"width\":512,\"height\":512,\"caption\":\"Bellunopress\"},\"image\":{\"@id\":\"https:\\\/\\\/www.bellunopress.it\\\/#\\\/schema\\\/logo\\\/image\\\/\"},\"sameAs\":[\"https:\\\/\\\/www.facebook.com\\\/profile.php?id=100008943462799\",\"https:\\\/\\\/x.com\\\/bellunopress\",\"https:\\\/\\\/www.linkedin.com\\\/hp\\\/?dnr=JBzUWaJfMUw8vbXJJ2tVW5-I3jZKvC4wsoxE&amp;amp;amp;amp;amp;amp;trk=nav_responsive_tab_home\",\"https:\\\/\\\/www.youtube.com\\\/channel\\\/UCxL0wu1uN0_3_7hGG0306cw\"]},{\"@type\":\"Person\",\"@id\":\"https:\\\/\\\/www.bellunopress.it\\\/#\\\/schema\\\/person\\\/79bb06722b37ece1c03d3e94beb30d73\",\"name\":\"redazione\",\"image\":{\"@type\":\"ImageObject\",\"inLanguage\":\"fr-FR\",\"@id\":\"https:\\\/\\\/secure.gravatar.com\\\/avatar\\\/37d968a2e67a6fd04c169c4bdef102d0bc5d31b2546345219e348575eb80e9a0?s=96&d=mm&r=g\",\"url\":\"https:\\\/\\\/secure.gravatar.com\\\/avatar\\\/37d968a2e67a6fd04c169c4bdef102d0bc5d31b2546345219e348575eb80e9a0?s=96&d=mm&r=g\",\"contentUrl\":\"https:\\\/\\\/secure.gravatar.com\\\/avatar\\\/37d968a2e67a6fd04c169c4bdef102d0bc5d31b2546345219e348575eb80e9a0?s=96&d=mm&r=g\",\"caption\":\"redazione\"},\"sameAs\":[\"http:\\\/\\\/www.bellunopress.it\",\"https:\\\/\\\/x.com\\\/bellunopress\"],\"url\":\"https:\\\/\\\/www.bellunopress.it\\\/fr\\\/author\\\/redazione\\\/\"}]}<\/script>\n<!-- \/ Yoast SEO plugin. -->","yoast_head_json":{"title":"Convegno su stress e salute venerd\u00ec 16 ottobre a Pieve d'Alpago - Bellunopress - Dolomiti","robots":{"index":"index","follow":"follow","max-snippet":"max-snippet:-1","max-image-preview":"max-image-preview:large","max-video-preview":"max-video-preview:-1"},"canonical":"https:\/\/www.bellunopress.it\/fr\/2009\/10\/13\/convegno-su-stress-e-salute-venerdi-16-ottobre-a-pieve-d\u0092alpago\/","og_locale":"fr_FR","og_type":"article","og_title":"Convegno su stress e salute venerd\u00ec 16 ottobre a Pieve d'Alpago - Bellunopress - Dolomiti","og_description":"Nell&#8217;ambito del ciclo di incontri &#8220;Chiacchieriamo di&#8230;&#8221;\u00a0 promosso dall&#8217;amministrazione comunale di Pieve d&#8217;Alpago, venerd\u00ec 16 ottobre sar\u00e0 la volta del primo di due appuntamenti dedicati allo stress e alle difficolt\u00e0 di ordine relazionale e comunicativo, specialmente in ambito lavorativo. All&#8217;\u0092appuntamento, gestito da psicologi con formazione nei vari ambiti del tema trattato, porter\u00e0 un prezioso contributo [&hellip;]","og_url":"https:\/\/www.bellunopress.it\/fr\/2009\/10\/13\/convegno-su-stress-e-salute-venerdi-16-ottobre-a-pieve-d\u0092alpago\/","og_site_name":"Bellunopress - Dolomiti","article_publisher":"https:\/\/www.facebook.com\/profile.php?id=100008943462799","article_published_time":"2009-10-13T19:39:32+00:00","article_modified_time":"2009-10-14T06:08:26+00:00","og_image":[{"url":"http:\/\/www.bellunopress.it\/wp-content\/uploads\/2012\/07\/logo-bellunopress-250x250-2012.jpg","type":"","width":"","height":""}],"author":"redazione","twitter_card":"summary_large_image","twitter_creator":"@bellunopress","twitter_site":"@bellunopress","twitter_misc":{"\u00c9crit par":"redazione","Dur\u00e9e de lecture estim\u00e9e":"2 minutes"},"schema":{"@context":"https:\/\/schema.org","@graph":[{"@type":"Article","@id":"https:\/\/www.bellunopress.it\/2009\/10\/13\/convegno-su-stress-e-salute-venerdi-16-ottobre-a-pieve-d%c2%92alpago\/#article","isPartOf":{"@id":"https:\/\/www.bellunopress.it\/2009\/10\/13\/convegno-su-stress-e-salute-venerdi-16-ottobre-a-pieve-d%c2%92alpago\/"},"author":{"name":"redazione","@id":"https:\/\/www.bellunopress.it\/#\/schema\/person\/79bb06722b37ece1c03d3e94beb30d73"},"headline":"Convegno su stress e salute venerd\u00ec 16 ottobre a Pieve d&#8217;Alpago","datePublished":"2009-10-13T19:39:32+00:00","dateModified":"2009-10-14T06:08:26+00:00","mainEntityOfPage":{"@id":"https:\/\/www.bellunopress.it\/2009\/10\/13\/convegno-su-stress-e-salute-venerdi-16-ottobre-a-pieve-d%c2%92alpago\/"},"wordCount":346,"publisher":{"@id":"https:\/\/www.bellunopress.it\/#organization"},"articleSection":["Appuntamenti, Eventi","Pausa Caff\u00e8"],"inLanguage":"fr-FR"},{"@type":"WebPage","@id":"https:\/\/www.bellunopress.it\/2009\/10\/13\/convegno-su-stress-e-salute-venerdi-16-ottobre-a-pieve-d%c2%92alpago\/","url":"https:\/\/www.bellunopress.it\/2009\/10\/13\/convegno-su-stress-e-salute-venerdi-16-ottobre-a-pieve-d%c2%92alpago\/","name":"Convegno su stress e salute venerd\u00ec 16 ottobre a Pieve d'Alpago - Bellunopress - Dolomiti","isPartOf":{"@id":"https:\/\/www.bellunopress.it\/#website"},"datePublished":"2009-10-13T19:39:32+00:00","dateModified":"2009-10-14T06:08:26+00:00","breadcrumb":{"@id":"https:\/\/www.bellunopress.it\/2009\/10\/13\/convegno-su-stress-e-salute-venerdi-16-ottobre-a-pieve-d%c2%92alpago\/#breadcrumb"},"inLanguage":"fr-FR","potentialAction":[{"@type":"ReadAction","target":["https:\/\/www.bellunopress.it\/2009\/10\/13\/convegno-su-stress-e-salute-venerdi-16-ottobre-a-pieve-d%c2%92alpago\/"]}]},{"@type":"BreadcrumbList","@id":"https:\/\/www.bellunopress.it\/2009\/10\/13\/convegno-su-stress-e-salute-venerdi-16-ottobre-a-pieve-d%c2%92alpago\/#breadcrumb","itemListElement":[{"@type":"ListItem","position":1,"name":"Home","item":"https:\/\/www.bellunopress.it\/"},{"@type":"ListItem","position":2,"name":"Convegno su stress e salute venerd\u00ec 16 ottobre a Pieve d&#8217;Alpago"}]},{"@type":"WebSite","@id":"https:\/\/www.bellunopress.it\/#website","url":"https:\/\/www.bellunopress.it\/","name":"Bellunopress - Dolomiti","description":"e-mail: redazione@bellunopress.it","publisher":{"@id":"https:\/\/www.bellunopress.it\/#organization"},"potentialAction":[{"@type":"SearchAction","target":{"@type":"EntryPoint","urlTemplate":"https:\/\/www.bellunopress.it\/?s={search_term_string}"},"query-input":{"@type":"PropertyValueSpecification","valueRequired":true,"valueName":"search_term_string"}}],"inLanguage":"fr-FR"},{"@type":"Organization","@id":"https:\/\/www.bellunopress.it\/#organization","name":"Bellunopress","url":"https:\/\/www.bellunopress.it\/","logo":{"@type":"ImageObject","inLanguage":"fr-FR","@id":"https:\/\/www.bellunopress.it\/#\/schema\/logo\/image\/","url":"https:\/\/www.bellunopress.it\/wp-content\/uploads\/2011\/05\/cropped-logo-bellunopress-.jpg","contentUrl":"https:\/\/www.bellunopress.it\/wp-content\/uploads\/2011\/05\/cropped-logo-bellunopress-.jpg","width":512,"height":512,"caption":"Bellunopress"},"image":{"@id":"https:\/\/www.bellunopress.it\/#\/schema\/logo\/image\/"},"sameAs":["https:\/\/www.facebook.com\/profile.php?id=100008943462799","https:\/\/x.com\/bellunopress","https:\/\/www.linkedin.com\/hp\/?dnr=JBzUWaJfMUw8vbXJJ2tVW5-I3jZKvC4wsoxE&amp;amp;amp;amp;amp;amp;trk=nav_responsive_tab_home","https:\/\/www.youtube.com\/channel\/UCxL0wu1uN0_3_7hGG0306cw"]},{"@type":"Person","@id":"https:\/\/www.bellunopress.it\/#\/schema\/person\/79bb06722b37ece1c03d3e94beb30d73","name":"r\u00e9daction","image":{"@type":"ImageObject","inLanguage":"fr-FR","@id":"https:\/\/secure.gravatar.com\/avatar\/37d968a2e67a6fd04c169c4bdef102d0bc5d31b2546345219e348575eb80e9a0?s=96&d=mm&r=g","url":"https:\/\/secure.gravatar.com\/avatar\/37d968a2e67a6fd04c169c4bdef102d0bc5d31b2546345219e348575eb80e9a0?s=96&d=mm&r=g","contentUrl":"https:\/\/secure.gravatar.com\/avatar\/37d968a2e67a6fd04c169c4bdef102d0bc5d31b2546345219e348575eb80e9a0?s=96&d=mm&r=g","caption":"redazione"},"sameAs":["http:\/\/www.bellunopress.it","https:\/\/x.com\/bellunopress"],"url":"https:\/\/www.bellunopress.it\/fr\/author\/redazione\/"}]}},"_links":{"self":[{"href":"https:\/\/www.bellunopress.it\/fr\/wp-json\/wp\/v2\/posts\/8882","targetHints":{"allow":["GET"]}}],"collection":[{"href":"https:\/\/www.bellunopress.it\/fr\/wp-json\/wp\/v2\/posts"}],"about":[{"href":"https:\/\/www.bellunopress.it\/fr\/wp-json\/wp\/v2\/types\/post"}],"author":[{"embeddable":true,"href":"https:\/\/www.bellunopress.it\/fr\/wp-json\/wp\/v2\/users\/2"}],"replies":[{"embeddable":true,"href":"https:\/\/www.bellunopress.it\/fr\/wp-json\/wp\/v2\/comments?post=8882"}],"version-history":[{"count":3,"href":"https:\/\/www.bellunopress.it\/fr\/wp-json\/wp\/v2\/posts\/8882\/revisions"}],"predecessor-version":[{"id":8891,"href":"https:\/\/www.bellunopress.it\/fr\/wp-json\/wp\/v2\/posts\/8882\/revisions\/8891"}],"wp:attachment":[{"href":"https:\/\/www.bellunopress.it\/fr\/wp-json\/wp\/v2\/media?parent=8882"}],"wp:term":[{"taxonomy":"category","embeddable":true,"href":"https:\/\/www.bellunopress.it\/fr\/wp-json\/wp\/v2\/categories?post=8882"},{"taxonomy":"post_tag","embeddable":true,"href":"https:\/\/www.bellunopress.it\/fr\/wp-json\/wp\/v2\/tags?post=8882"}],"curies":[{"name":"wp","href":"https:\/\/api.w.org\/{rel}","templated":true}]}}