{"id":8880,"date":"2009-10-13T20:34:46","date_gmt":"2009-10-13T19:34:46","guid":{"rendered":"http:\/\/www.bellunopress.it\/?p=8880"},"modified":"2009-10-13T20:34:46","modified_gmt":"2009-10-13T19:34:46","slug":"responsabilita-dazienda-e-prevenzione-incontro-informativo-per-le-imprese-di-confindustria-belluno-dolomiti","status":"publish","type":"post","link":"https:\/\/www.bellunopress.it\/fr\/2009\/10\/13\/responsabilita-dazienda-e-prevenzione-incontro-informativo-per-le-imprese-di-confindustria-belluno-dolomiti\/","title":{"rendered":"Responsabilit\u00e0 d&#8217;azienda e prevenzione: incontro informativo per le imprese di Confindustria Belluno Dolomiti"},"content":{"rendered":"<p><a href=\"http:\/\/www.bellunopress.it\/wp-content\/uploads\/2009\/02\/associaz-industriali.jpg\"><img loading=\"lazy\" decoding=\"async\" class=\"alignleft size-medium wp-image-393\" title=\"associaz-industriali\" src=\"http:\/\/www.bellunopress.it\/wp-content\/uploads\/2009\/02\/associaz-industriali.jpg\" alt=\"\" width=\"241\" height=\"181\" \/><\/a>La normativa D.Lgs 231-2001 sulla responsabilit\u00e0 d\u2019azienda derivante da illeciti penali \u00e8 stata recentemente aggiornata; Confindustria Belluno Dolomiti, per approfondire tutte le novit\u00e0, organizza un incontro informativo rivolto alle imprese associate in programma per gioved\u00ec 15 ottobre alle ore 15.00 presso Palazzo Doglioni Dalmas, sede dell\u2019Associazione in Via San Lucano 32 a Belluno. Gli aggiornamenti ampliano il campo delle responsabilit\u00e0 delle societ\u00e0 e degli enti previsti dal decreto 231. Ora il numero dei reati-presupposto, ovvero quegli illeciti che se commessi da dipendenti o dirigenti procurano ammende pesanti per le aziende che ne traggono vantaggio, supera\u00a0 quota cento. Si tratta di violazioni al diritto di autore, frodi in commercio, contraffazione di marchi e brevetti e agevolazione delle organizzazioni criminali. Oltre trenta nuovi reati che creano preoccupazione e mettono in allarme i meccanismi di controllo delle aziende. Le multe sono pesanti e la normativa prevede che\u00a0 nei casi pi\u00f9 gravi possono essere applicate anche misure accessorie come il divieto a contrattare con la pubblica amministrazione o la definitiva interdizione dell\u2019esercizio dell\u2019attivit\u00e0. Nell\u2019incontro saranno trattate\u00a0 le principali novit\u00e0 intervenute nell\u2019ultimo anno, con le indicazioni per adottare un\u2019adeguata politica di prevenzione in azienda. Per informazioni e adesioni \u00e8 possibile contattare il Servizio Legale di Confindustria Belluno Dolomiti: Daniele Longo tel. 0437\/951222 \u2013 email <a href=\"mailto:legale@assind.bl.it\">legale@assind.bl.it<\/a>.<\/p>","protected":false},"excerpt":{"rendered":"<p>La normativa D.Lgs 231-2001 sulla responsabilit\u00e0 d\u2019azienda derivante da illeciti penali \u00e8 stata recentemente aggiornata; Confindustria Belluno Dolomiti, per approfondire tutte le novit\u00e0, organizza un incontro informativo rivolto alle imprese associate in programma per gioved\u00ec 15 ottobre alle ore 15.00 presso Palazzo Doglioni Dalmas, sede dell\u2019Associazione in Via San Lucano 32 a Belluno. Gli aggiornamenti [&hellip;]<\/p>\n","protected":false},"author":2,"featured_media":0,"comment_status":"closed","ping_status":"open","sticky":false,"template":"","format":"standard","meta":{"footnotes":""},"categories":[27,26],"tags":[139,63],"class_list":["post-8880","post","type-post","status-publish","format-standard","category-appuntamenti","category-prima-pagina","tag-belluno","tag-dolomiti"],"yoast_head":"<!-- This site is optimized with the Yoast SEO plugin v28.4 - https:\/\/yoast.com\/product\/yoast-seo-wordpress\/ -->\n<title>Responsabilit\u00e0 d&#039;azienda e prevenzione: incontro informativo per le imprese di Confindustria Belluno Dolomiti - Bellunopress - Dolomiti<\/title>\n<meta name=\"robots\" content=\"index, follow, max-snippet:-1, max-image-preview:large, max-video-preview:-1\" \/>\n<link rel=\"canonical\" href=\"https:\/\/www.bellunopress.it\/fr\/2009\/10\/13\/responsabilita-dazienda-e-prevenzione-incontro-informativo-per-le-imprese-di-confindustria-belluno-dolomiti\/\" \/>\n<meta property=\"og:locale\" content=\"fr_FR\" \/>\n<meta property=\"og:type\" content=\"article\" \/>\n<meta property=\"og:title\" content=\"Responsabilit\u00e0 d&#039;azienda e prevenzione: incontro informativo per le imprese di Confindustria Belluno Dolomiti - Bellunopress - Dolomiti\" \/>\n<meta property=\"og:description\" content=\"La normativa D.Lgs 231-2001 sulla responsabilit\u00e0 d\u2019azienda derivante da illeciti penali \u00e8 stata recentemente aggiornata; Confindustria Belluno Dolomiti, per approfondire tutte le novit\u00e0, organizza un incontro informativo rivolto alle imprese associate in programma per gioved\u00ec 15 ottobre alle ore 15.00 presso Palazzo Doglioni Dalmas, sede dell\u2019Associazione in Via San Lucano 32 a Belluno. Gli aggiornamenti [&hellip;]\" \/>\n<meta property=\"og:url\" content=\"https:\/\/www.bellunopress.it\/fr\/2009\/10\/13\/responsabilita-dazienda-e-prevenzione-incontro-informativo-per-le-imprese-di-confindustria-belluno-dolomiti\/\" \/>\n<meta property=\"og:site_name\" content=\"Bellunopress - Dolomiti\" \/>\n<meta property=\"article:publisher\" content=\"https:\/\/www.facebook.com\/profile.php?id=100008943462799\" \/>\n<meta property=\"article:published_time\" content=\"2009-10-13T19:34:46+00:00\" \/>\n<meta property=\"og:image\" content=\"http:\/\/www.bellunopress.it\/wp-content\/uploads\/2009\/02\/associaz-industriali.jpg\" \/>\n<meta name=\"author\" content=\"redazione\" \/>\n<meta name=\"twitter:card\" content=\"summary_large_image\" \/>\n<meta name=\"twitter:creator\" content=\"@bellunopress\" \/>\n<meta name=\"twitter:site\" content=\"@bellunopress\" \/>\n<meta name=\"twitter:label1\" content=\"\u00c9crit par\" \/>\n\t<meta name=\"twitter:data1\" content=\"redazione\" \/>\n\t<meta name=\"twitter:label2\" content=\"Dur\u00e9e de lecture estim\u00e9e\" \/>\n\t<meta name=\"twitter:data2\" content=\"1 minute\" \/>\n<script type=\"application\/ld+json\" class=\"yoast-schema-graph\">{\"@context\":\"https:\\\/\\\/schema.org\",\"@graph\":[{\"@type\":\"Article\",\"@id\":\"https:\\\/\\\/www.bellunopress.it\\\/2009\\\/10\\\/13\\\/responsabilita-dazienda-e-prevenzione-incontro-informativo-per-le-imprese-di-confindustria-belluno-dolomiti\\\/#article\",\"isPartOf\":{\"@id\":\"https:\\\/\\\/www.bellunopress.it\\\/2009\\\/10\\\/13\\\/responsabilita-dazienda-e-prevenzione-incontro-informativo-per-le-imprese-di-confindustria-belluno-dolomiti\\\/\"},\"author\":{\"name\":\"redazione\",\"@id\":\"https:\\\/\\\/www.bellunopress.it\\\/#\\\/schema\\\/person\\\/79bb06722b37ece1c03d3e94beb30d73\"},\"headline\":\"Responsabilit\u00e0 d&#8217;azienda e prevenzione: incontro informativo per le imprese di Confindustria Belluno Dolomiti\",\"datePublished\":\"2009-10-13T19:34:46+00:00\",\"mainEntityOfPage\":{\"@id\":\"https:\\\/\\\/www.bellunopress.it\\\/2009\\\/10\\\/13\\\/responsabilita-dazienda-e-prevenzione-incontro-informativo-per-le-imprese-di-confindustria-belluno-dolomiti\\\/\"},\"wordCount\":227,\"publisher\":{\"@id\":\"https:\\\/\\\/www.bellunopress.it\\\/#organization\"},\"image\":{\"@id\":\"https:\\\/\\\/www.bellunopress.it\\\/2009\\\/10\\\/13\\\/responsabilita-dazienda-e-prevenzione-incontro-informativo-per-le-imprese-di-confindustria-belluno-dolomiti\\\/#primaryimage\"},\"thumbnailUrl\":\"http:\\\/\\\/www.bellunopress.it\\\/wp-content\\\/uploads\\\/2009\\\/02\\\/associaz-industriali.jpg\",\"keywords\":[\"Belluno\",\"Dolomiti\"],\"articleSection\":[\"Appuntamenti, Eventi\",\"Prima Pagina\"],\"inLanguage\":\"fr-FR\"},{\"@type\":\"WebPage\",\"@id\":\"https:\\\/\\\/www.bellunopress.it\\\/2009\\\/10\\\/13\\\/responsabilita-dazienda-e-prevenzione-incontro-informativo-per-le-imprese-di-confindustria-belluno-dolomiti\\\/\",\"url\":\"https:\\\/\\\/www.bellunopress.it\\\/2009\\\/10\\\/13\\\/responsabilita-dazienda-e-prevenzione-incontro-informativo-per-le-imprese-di-confindustria-belluno-dolomiti\\\/\",\"name\":\"Responsabilit\u00e0 d'azienda e prevenzione: incontro informativo per le imprese di Confindustria Belluno Dolomiti - Bellunopress - Dolomiti\",\"isPartOf\":{\"@id\":\"https:\\\/\\\/www.bellunopress.it\\\/#website\"},\"primaryImageOfPage\":{\"@id\":\"https:\\\/\\\/www.bellunopress.it\\\/2009\\\/10\\\/13\\\/responsabilita-dazienda-e-prevenzione-incontro-informativo-per-le-imprese-di-confindustria-belluno-dolomiti\\\/#primaryimage\"},\"image\":{\"@id\":\"https:\\\/\\\/www.bellunopress.it\\\/2009\\\/10\\\/13\\\/responsabilita-dazienda-e-prevenzione-incontro-informativo-per-le-imprese-di-confindustria-belluno-dolomiti\\\/#primaryimage\"},\"thumbnailUrl\":\"http:\\\/\\\/www.bellunopress.it\\\/wp-content\\\/uploads\\\/2009\\\/02\\\/associaz-industriali.jpg\",\"datePublished\":\"2009-10-13T19:34:46+00:00\",\"breadcrumb\":{\"@id\":\"https:\\\/\\\/www.bellunopress.it\\\/2009\\\/10\\\/13\\\/responsabilita-dazienda-e-prevenzione-incontro-informativo-per-le-imprese-di-confindustria-belluno-dolomiti\\\/#breadcrumb\"},\"inLanguage\":\"fr-FR\",\"potentialAction\":[{\"@type\":\"ReadAction\",\"target\":[\"https:\\\/\\\/www.bellunopress.it\\\/2009\\\/10\\\/13\\\/responsabilita-dazienda-e-prevenzione-incontro-informativo-per-le-imprese-di-confindustria-belluno-dolomiti\\\/\"]}]},{\"@type\":\"ImageObject\",\"inLanguage\":\"fr-FR\",\"@id\":\"https:\\\/\\\/www.bellunopress.it\\\/2009\\\/10\\\/13\\\/responsabilita-dazienda-e-prevenzione-incontro-informativo-per-le-imprese-di-confindustria-belluno-dolomiti\\\/#primaryimage\",\"url\":\"http:\\\/\\\/www.bellunopress.it\\\/wp-content\\\/uploads\\\/2009\\\/02\\\/associaz-industriali.jpg\",\"contentUrl\":\"http:\\\/\\\/www.bellunopress.it\\\/wp-content\\\/uploads\\\/2009\\\/02\\\/associaz-industriali.jpg\"},{\"@type\":\"BreadcrumbList\",\"@id\":\"https:\\\/\\\/www.bellunopress.it\\\/2009\\\/10\\\/13\\\/responsabilita-dazienda-e-prevenzione-incontro-informativo-per-le-imprese-di-confindustria-belluno-dolomiti\\\/#breadcrumb\",\"itemListElement\":[{\"@type\":\"ListItem\",\"position\":1,\"name\":\"Home\",\"item\":\"https:\\\/\\\/www.bellunopress.it\\\/\"},{\"@type\":\"ListItem\",\"position\":2,\"name\":\"Responsabilit\u00e0 d&#8217;azienda e prevenzione: incontro informativo per le imprese di Confindustria Belluno Dolomiti\"}]},{\"@type\":\"WebSite\",\"@id\":\"https:\\\/\\\/www.bellunopress.it\\\/#website\",\"url\":\"https:\\\/\\\/www.bellunopress.it\\\/\",\"name\":\"Bellunopress - Dolomiti\",\"description\":\"e-mail: redazione@bellunopress.it\",\"publisher\":{\"@id\":\"https:\\\/\\\/www.bellunopress.it\\\/#organization\"},\"potentialAction\":[{\"@type\":\"SearchAction\",\"target\":{\"@type\":\"EntryPoint\",\"urlTemplate\":\"https:\\\/\\\/www.bellunopress.it\\\/?s={search_term_string}\"},\"query-input\":{\"@type\":\"PropertyValueSpecification\",\"valueRequired\":true,\"valueName\":\"search_term_string\"}}],\"inLanguage\":\"fr-FR\"},{\"@type\":\"Organization\",\"@id\":\"https:\\\/\\\/www.bellunopress.it\\\/#organization\",\"name\":\"Bellunopress\",\"url\":\"https:\\\/\\\/www.bellunopress.it\\\/\",\"logo\":{\"@type\":\"ImageObject\",\"inLanguage\":\"fr-FR\",\"@id\":\"https:\\\/\\\/www.bellunopress.it\\\/#\\\/schema\\\/logo\\\/image\\\/\",\"url\":\"https:\\\/\\\/www.bellunopress.it\\\/wp-content\\\/uploads\\\/2011\\\/05\\\/cropped-logo-bellunopress-.jpg\",\"contentUrl\":\"https:\\\/\\\/www.bellunopress.it\\\/wp-content\\\/uploads\\\/2011\\\/05\\\/cropped-logo-bellunopress-.jpg\",\"width\":512,\"height\":512,\"caption\":\"Bellunopress\"},\"image\":{\"@id\":\"https:\\\/\\\/www.bellunopress.it\\\/#\\\/schema\\\/logo\\\/image\\\/\"},\"sameAs\":[\"https:\\\/\\\/www.facebook.com\\\/profile.php?id=100008943462799\",\"https:\\\/\\\/x.com\\\/bellunopress\",\"https:\\\/\\\/www.linkedin.com\\\/hp\\\/?dnr=JBzUWaJfMUw8vbXJJ2tVW5-I3jZKvC4wsoxE&amp;amp;amp;amp;amp;amp;trk=nav_responsive_tab_home\",\"https:\\\/\\\/www.youtube.com\\\/channel\\\/UCxL0wu1uN0_3_7hGG0306cw\"]},{\"@type\":\"Person\",\"@id\":\"https:\\\/\\\/www.bellunopress.it\\\/#\\\/schema\\\/person\\\/79bb06722b37ece1c03d3e94beb30d73\",\"name\":\"redazione\",\"image\":{\"@type\":\"ImageObject\",\"inLanguage\":\"fr-FR\",\"@id\":\"https:\\\/\\\/secure.gravatar.com\\\/avatar\\\/37d968a2e67a6fd04c169c4bdef102d0bc5d31b2546345219e348575eb80e9a0?s=96&d=mm&r=g\",\"url\":\"https:\\\/\\\/secure.gravatar.com\\\/avatar\\\/37d968a2e67a6fd04c169c4bdef102d0bc5d31b2546345219e348575eb80e9a0?s=96&d=mm&r=g\",\"contentUrl\":\"https:\\\/\\\/secure.gravatar.com\\\/avatar\\\/37d968a2e67a6fd04c169c4bdef102d0bc5d31b2546345219e348575eb80e9a0?s=96&d=mm&r=g\",\"caption\":\"redazione\"},\"sameAs\":[\"http:\\\/\\\/www.bellunopress.it\",\"https:\\\/\\\/x.com\\\/bellunopress\"],\"url\":\"https:\\\/\\\/www.bellunopress.it\\\/fr\\\/author\\\/redazione\\\/\"}]}<\/script>\n<!-- \/ Yoast SEO plugin. -->","yoast_head_json":{"title":"Responsabilit\u00e0 d'azienda e prevenzione: incontro informativo per le imprese di Confindustria Belluno Dolomiti - Bellunopress - Dolomiti","robots":{"index":"index","follow":"follow","max-snippet":"max-snippet:-1","max-image-preview":"max-image-preview:large","max-video-preview":"max-video-preview:-1"},"canonical":"https:\/\/www.bellunopress.it\/fr\/2009\/10\/13\/responsabilita-dazienda-e-prevenzione-incontro-informativo-per-le-imprese-di-confindustria-belluno-dolomiti\/","og_locale":"fr_FR","og_type":"article","og_title":"Responsabilit\u00e0 d'azienda e prevenzione: incontro informativo per le imprese di Confindustria Belluno Dolomiti - Bellunopress - Dolomiti","og_description":"La normativa D.Lgs 231-2001 sulla responsabilit\u00e0 d\u2019azienda derivante da illeciti penali \u00e8 stata recentemente aggiornata; Confindustria Belluno Dolomiti, per approfondire tutte le novit\u00e0, organizza un incontro informativo rivolto alle imprese associate in programma per gioved\u00ec 15 ottobre alle ore 15.00 presso Palazzo Doglioni Dalmas, sede dell\u2019Associazione in Via San Lucano 32 a Belluno. Gli aggiornamenti [&hellip;]","og_url":"https:\/\/www.bellunopress.it\/fr\/2009\/10\/13\/responsabilita-dazienda-e-prevenzione-incontro-informativo-per-le-imprese-di-confindustria-belluno-dolomiti\/","og_site_name":"Bellunopress - Dolomiti","article_publisher":"https:\/\/www.facebook.com\/profile.php?id=100008943462799","article_published_time":"2009-10-13T19:34:46+00:00","og_image":[{"url":"http:\/\/www.bellunopress.it\/wp-content\/uploads\/2009\/02\/associaz-industriali.jpg","type":"","width":"","height":""}],"author":"redazione","twitter_card":"summary_large_image","twitter_creator":"@bellunopress","twitter_site":"@bellunopress","twitter_misc":{"\u00c9crit par":"redazione","Dur\u00e9e de lecture estim\u00e9e":"1 minute"},"schema":{"@context":"https:\/\/schema.org","@graph":[{"@type":"Article","@id":"https:\/\/www.bellunopress.it\/2009\/10\/13\/responsabilita-dazienda-e-prevenzione-incontro-informativo-per-le-imprese-di-confindustria-belluno-dolomiti\/#article","isPartOf":{"@id":"https:\/\/www.bellunopress.it\/2009\/10\/13\/responsabilita-dazienda-e-prevenzione-incontro-informativo-per-le-imprese-di-confindustria-belluno-dolomiti\/"},"author":{"name":"redazione","@id":"https:\/\/www.bellunopress.it\/#\/schema\/person\/79bb06722b37ece1c03d3e94beb30d73"},"headline":"Responsabilit\u00e0 d&#8217;azienda e prevenzione: incontro informativo per le imprese di Confindustria Belluno Dolomiti","datePublished":"2009-10-13T19:34:46+00:00","mainEntityOfPage":{"@id":"https:\/\/www.bellunopress.it\/2009\/10\/13\/responsabilita-dazienda-e-prevenzione-incontro-informativo-per-le-imprese-di-confindustria-belluno-dolomiti\/"},"wordCount":227,"publisher":{"@id":"https:\/\/www.bellunopress.it\/#organization"},"image":{"@id":"https:\/\/www.bellunopress.it\/2009\/10\/13\/responsabilita-dazienda-e-prevenzione-incontro-informativo-per-le-imprese-di-confindustria-belluno-dolomiti\/#primaryimage"},"thumbnailUrl":"http:\/\/www.bellunopress.it\/wp-content\/uploads\/2009\/02\/associaz-industriali.jpg","keywords":["Belluno","Dolomiti"],"articleSection":["Appuntamenti, Eventi","Prima Pagina"],"inLanguage":"fr-FR"},{"@type":"WebPage","@id":"https:\/\/www.bellunopress.it\/2009\/10\/13\/responsabilita-dazienda-e-prevenzione-incontro-informativo-per-le-imprese-di-confindustria-belluno-dolomiti\/","url":"https:\/\/www.bellunopress.it\/2009\/10\/13\/responsabilita-dazienda-e-prevenzione-incontro-informativo-per-le-imprese-di-confindustria-belluno-dolomiti\/","name":"Responsabilit\u00e0 d'azienda e prevenzione: incontro informativo per le imprese di Confindustria Belluno Dolomiti - Bellunopress - Dolomiti","isPartOf":{"@id":"https:\/\/www.bellunopress.it\/#website"},"primaryImageOfPage":{"@id":"https:\/\/www.bellunopress.it\/2009\/10\/13\/responsabilita-dazienda-e-prevenzione-incontro-informativo-per-le-imprese-di-confindustria-belluno-dolomiti\/#primaryimage"},"image":{"@id":"https:\/\/www.bellunopress.it\/2009\/10\/13\/responsabilita-dazienda-e-prevenzione-incontro-informativo-per-le-imprese-di-confindustria-belluno-dolomiti\/#primaryimage"},"thumbnailUrl":"http:\/\/www.bellunopress.it\/wp-content\/uploads\/2009\/02\/associaz-industriali.jpg","datePublished":"2009-10-13T19:34:46+00:00","breadcrumb":{"@id":"https:\/\/www.bellunopress.it\/2009\/10\/13\/responsabilita-dazienda-e-prevenzione-incontro-informativo-per-le-imprese-di-confindustria-belluno-dolomiti\/#breadcrumb"},"inLanguage":"fr-FR","potentialAction":[{"@type":"ReadAction","target":["https:\/\/www.bellunopress.it\/2009\/10\/13\/responsabilita-dazienda-e-prevenzione-incontro-informativo-per-le-imprese-di-confindustria-belluno-dolomiti\/"]}]},{"@type":"ImageObject","inLanguage":"fr-FR","@id":"https:\/\/www.bellunopress.it\/2009\/10\/13\/responsabilita-dazienda-e-prevenzione-incontro-informativo-per-le-imprese-di-confindustria-belluno-dolomiti\/#primaryimage","url":"http:\/\/www.bellunopress.it\/wp-content\/uploads\/2009\/02\/associaz-industriali.jpg","contentUrl":"http:\/\/www.bellunopress.it\/wp-content\/uploads\/2009\/02\/associaz-industriali.jpg"},{"@type":"BreadcrumbList","@id":"https:\/\/www.bellunopress.it\/2009\/10\/13\/responsabilita-dazienda-e-prevenzione-incontro-informativo-per-le-imprese-di-confindustria-belluno-dolomiti\/#breadcrumb","itemListElement":[{"@type":"ListItem","position":1,"name":"Home","item":"https:\/\/www.bellunopress.it\/"},{"@type":"ListItem","position":2,"name":"Responsabilit\u00e0 d&#8217;azienda e prevenzione: incontro informativo per le imprese di Confindustria Belluno Dolomiti"}]},{"@type":"WebSite","@id":"https:\/\/www.bellunopress.it\/#website","url":"https:\/\/www.bellunopress.it\/","name":"Bellunopress - Dolomiti","description":"e-mail: redazione@bellunopress.it","publisher":{"@id":"https:\/\/www.bellunopress.it\/#organization"},"potentialAction":[{"@type":"SearchAction","target":{"@type":"EntryPoint","urlTemplate":"https:\/\/www.bellunopress.it\/?s={search_term_string}"},"query-input":{"@type":"PropertyValueSpecification","valueRequired":true,"valueName":"search_term_string"}}],"inLanguage":"fr-FR"},{"@type":"Organization","@id":"https:\/\/www.bellunopress.it\/#organization","name":"Bellunopress","url":"https:\/\/www.bellunopress.it\/","logo":{"@type":"ImageObject","inLanguage":"fr-FR","@id":"https:\/\/www.bellunopress.it\/#\/schema\/logo\/image\/","url":"https:\/\/www.bellunopress.it\/wp-content\/uploads\/2011\/05\/cropped-logo-bellunopress-.jpg","contentUrl":"https:\/\/www.bellunopress.it\/wp-content\/uploads\/2011\/05\/cropped-logo-bellunopress-.jpg","width":512,"height":512,"caption":"Bellunopress"},"image":{"@id":"https:\/\/www.bellunopress.it\/#\/schema\/logo\/image\/"},"sameAs":["https:\/\/www.facebook.com\/profile.php?id=100008943462799","https:\/\/x.com\/bellunopress","https:\/\/www.linkedin.com\/hp\/?dnr=JBzUWaJfMUw8vbXJJ2tVW5-I3jZKvC4wsoxE&amp;amp;amp;amp;amp;amp;trk=nav_responsive_tab_home","https:\/\/www.youtube.com\/channel\/UCxL0wu1uN0_3_7hGG0306cw"]},{"@type":"Person","@id":"https:\/\/www.bellunopress.it\/#\/schema\/person\/79bb06722b37ece1c03d3e94beb30d73","name":"r\u00e9daction","image":{"@type":"ImageObject","inLanguage":"fr-FR","@id":"https:\/\/secure.gravatar.com\/avatar\/37d968a2e67a6fd04c169c4bdef102d0bc5d31b2546345219e348575eb80e9a0?s=96&d=mm&r=g","url":"https:\/\/secure.gravatar.com\/avatar\/37d968a2e67a6fd04c169c4bdef102d0bc5d31b2546345219e348575eb80e9a0?s=96&d=mm&r=g","contentUrl":"https:\/\/secure.gravatar.com\/avatar\/37d968a2e67a6fd04c169c4bdef102d0bc5d31b2546345219e348575eb80e9a0?s=96&d=mm&r=g","caption":"redazione"},"sameAs":["http:\/\/www.bellunopress.it","https:\/\/x.com\/bellunopress"],"url":"https:\/\/www.bellunopress.it\/fr\/author\/redazione\/"}]}},"_links":{"self":[{"href":"https:\/\/www.bellunopress.it\/fr\/wp-json\/wp\/v2\/posts\/8880","targetHints":{"allow":["GET"]}}],"collection":[{"href":"https:\/\/www.bellunopress.it\/fr\/wp-json\/wp\/v2\/posts"}],"about":[{"href":"https:\/\/www.bellunopress.it\/fr\/wp-json\/wp\/v2\/types\/post"}],"author":[{"embeddable":true,"href":"https:\/\/www.bellunopress.it\/fr\/wp-json\/wp\/v2\/users\/2"}],"replies":[{"embeddable":true,"href":"https:\/\/www.bellunopress.it\/fr\/wp-json\/wp\/v2\/comments?post=8880"}],"version-history":[{"count":1,"href":"https:\/\/www.bellunopress.it\/fr\/wp-json\/wp\/v2\/posts\/8880\/revisions"}],"predecessor-version":[{"id":8881,"href":"https:\/\/www.bellunopress.it\/fr\/wp-json\/wp\/v2\/posts\/8880\/revisions\/8881"}],"wp:attachment":[{"href":"https:\/\/www.bellunopress.it\/fr\/wp-json\/wp\/v2\/media?parent=8880"}],"wp:term":[{"taxonomy":"category","embeddable":true,"href":"https:\/\/www.bellunopress.it\/fr\/wp-json\/wp\/v2\/categories?post=8880"},{"taxonomy":"post_tag","embeddable":true,"href":"https:\/\/www.bellunopress.it\/fr\/wp-json\/wp\/v2\/tags?post=8880"}],"curies":[{"name":"wp","href":"https:\/\/api.w.org\/{rel}","templated":true}]}}