{"id":8875,"date":"2009-10-13T20:18:36","date_gmt":"2009-10-13T19:18:36","guid":{"rendered":"http:\/\/www.bellunopress.it\/?p=8875"},"modified":"2009-10-13T20:18:36","modified_gmt":"2009-10-13T19:18:36","slug":"manzato-e-de-bona-al-columbus-day-chiedono-sostegno-per-la-candidatura-olimpica-di-venezia","status":"publish","type":"post","link":"https:\/\/www.bellunopress.it\/fr\/2009\/10\/13\/manzato-e-de-bona-al-columbus-day-chiedono-sostegno-per-la-candidatura-olimpica-di-venezia\/","title":{"rendered":"Manzato e De Bona al Columbus day chiedono sostegno per la candidatura olimpica di Venezia"},"content":{"rendered":"<p><a href=\"http:\/\/www.bellunopress.it\/wp-content\/uploads\/2009\/10\/de-bona-tremaglia-manzato.jpg\"><img loading=\"lazy\" decoding=\"async\" class=\"alignleft size-medium wp-image-8876\" title=\"de-bona-tremaglia-manzato\" src=\"http:\/\/www.bellunopress.it\/wp-content\/uploads\/2009\/10\/de-bona-tremaglia-manzato.jpg\" alt=\"\" width=\"290\" height=\"218\" \/><\/a>Una enorme bandiera con il Leone alato di San Marco, di propriet\u00e0 di una signora veneziana che abita a New York e salutata dalla folla festante, ha aperto la strada ai due carri del Veneto che hanno aperto la sfilata del Columbus Day dopo quelli delle istituzioni newyorkesi, nella V\u00aa Avenue della Grande Mela. Il primo carro era dedicato all\u2019amore tragicamente pi\u00f9 famoso della storia, quello tra Giulietta e Romeo, con il balcone del palazzo veronese della giovane Capuleti e figuranti in costume. Il secondo presentava invece le bellezze del Veneto, dalle Ville a Venezia, alle Dolomiti. E\u2019 stato questo il momento culminante della partecipazione regionale alla festa che gli Stati Uniti d\u2019America dedicano alla scoperta del nuovo continente, durante la quale \u00e8 stata realizzata una serie di eventi per valorizzare la proposta turistica della prima regione italiana nell\u2019economia dell\u2019ospitalit\u00e0. A rappresentare il Veneto erano a New York il vicepresidente della Giunta Franco Manzato e l\u2019assessore ai flussi migratori Oscar De Bona, che ieri sera hanno partecipato alla serata di gala offerta al Cipriani dall\u2019Associazione dei veneti a New York, presieduta da Alvise Casellati. Nella Grande Mela vivono quasi 12 mila persone di origine veneta e a loro Manzato e De Bona hanno rivolto l\u2019invito a sostenere e far sostenere negli USA la candidatura di Venezia a sede dei Giochi Olimpici del 2020. All\u2019incontro erano presenti anche il ministro Ignazio La Russa e l\u2019ex ministro per gli italiani all\u2019estero Mirko Tremaglia.<br \/>\nOltre ad animare con il leone marciano la tradizionale sfilata del Columbus Day, il Veneto ha allestito sin dalla scorsa settimana un ampio spazio promozionale nella Vanderbilt Hall della Grand Central Station di New York, dove transitano quotidianamente circa 700 mila persone. Qui \u00e8 stato dato risalto, in particolare, al sistema Venezia e al sistema Verona con le loro offerte d\u2019accoglienza, oltre che al Veneto dell\u2019arte, della cultura e dell\u2019enogastronomia.<\/p>","protected":false},"excerpt":{"rendered":"<p>Una enorme bandiera con il Leone alato di San Marco, di propriet\u00e0 di una signora veneziana che abita a New York e salutata dalla folla festante, ha aperto la strada ai due carri del Veneto che hanno aperto la sfilata del Columbus Day dopo quelli delle istituzioni newyorkesi, nella V\u00aa Avenue della Grande Mela. Il [&hellip;]<\/p>\n","protected":false},"author":2,"featured_media":0,"comment_status":"closed","ping_status":"open","sticky":false,"template":"","format":"standard","meta":{"footnotes":""},"categories":[5],"tags":[139,63],"class_list":["post-8875","post","type-post","status-publish","format-standard","category-cronaca","tag-belluno","tag-dolomiti"],"yoast_head":"<!-- This site is optimized with the Yoast SEO plugin v28.4 - https:\/\/yoast.com\/product\/yoast-seo-wordpress\/ -->\n<title>Manzato e De Bona al Columbus day chiedono sostegno per la candidatura olimpica di Venezia - Bellunopress - Dolomiti<\/title>\n<meta name=\"robots\" content=\"index, follow, max-snippet:-1, max-image-preview:large, max-video-preview:-1\" \/>\n<link rel=\"canonical\" href=\"https:\/\/www.bellunopress.it\/fr\/2009\/10\/13\/manzato-e-de-bona-al-columbus-day-chiedono-sostegno-per-la-candidatura-olimpica-di-venezia\/\" \/>\n<meta property=\"og:locale\" content=\"fr_FR\" \/>\n<meta property=\"og:type\" content=\"article\" \/>\n<meta property=\"og:title\" content=\"Manzato e De Bona al Columbus day chiedono sostegno per la candidatura olimpica di Venezia - Bellunopress - Dolomiti\" \/>\n<meta property=\"og:description\" content=\"Una enorme bandiera con il Leone alato di San Marco, di propriet\u00e0 di una signora veneziana che abita a New York e salutata dalla folla festante, ha aperto la strada ai due carri del Veneto che hanno aperto la sfilata del Columbus Day dopo quelli delle istituzioni newyorkesi, nella V\u00aa Avenue della Grande Mela. Il [&hellip;]\" \/>\n<meta property=\"og:url\" content=\"https:\/\/www.bellunopress.it\/fr\/2009\/10\/13\/manzato-e-de-bona-al-columbus-day-chiedono-sostegno-per-la-candidatura-olimpica-di-venezia\/\" \/>\n<meta property=\"og:site_name\" content=\"Bellunopress - Dolomiti\" \/>\n<meta property=\"article:publisher\" content=\"https:\/\/www.facebook.com\/profile.php?id=100008943462799\" \/>\n<meta property=\"article:published_time\" content=\"2009-10-13T19:18:36+00:00\" \/>\n<meta property=\"og:image\" content=\"http:\/\/www.bellunopress.it\/wp-content\/uploads\/2009\/10\/de-bona-tremaglia-manzato.jpg\" \/>\n<meta name=\"author\" content=\"redazione\" \/>\n<meta name=\"twitter:card\" content=\"summary_large_image\" \/>\n<meta name=\"twitter:creator\" content=\"@bellunopress\" \/>\n<meta name=\"twitter:site\" content=\"@bellunopress\" \/>\n<meta name=\"twitter:label1\" content=\"\u00c9crit par\" \/>\n\t<meta name=\"twitter:data1\" content=\"redazione\" \/>\n\t<meta name=\"twitter:label2\" content=\"Dur\u00e9e de lecture estim\u00e9e\" \/>\n\t<meta name=\"twitter:data2\" content=\"2 minutes\" \/>\n<script type=\"application\/ld+json\" class=\"yoast-schema-graph\">{\"@context\":\"https:\\\/\\\/schema.org\",\"@graph\":[{\"@type\":\"Article\",\"@id\":\"https:\\\/\\\/www.bellunopress.it\\\/2009\\\/10\\\/13\\\/manzato-e-de-bona-al-columbus-day-chiedono-sostegno-per-la-candidatura-olimpica-di-venezia\\\/#article\",\"isPartOf\":{\"@id\":\"https:\\\/\\\/www.bellunopress.it\\\/2009\\\/10\\\/13\\\/manzato-e-de-bona-al-columbus-day-chiedono-sostegno-per-la-candidatura-olimpica-di-venezia\\\/\"},\"author\":{\"name\":\"redazione\",\"@id\":\"https:\\\/\\\/www.bellunopress.it\\\/#\\\/schema\\\/person\\\/79bb06722b37ece1c03d3e94beb30d73\"},\"headline\":\"Manzato e De Bona al Columbus day chiedono sostegno per la candidatura olimpica di Venezia\",\"datePublished\":\"2009-10-13T19:18:36+00:00\",\"mainEntityOfPage\":{\"@id\":\"https:\\\/\\\/www.bellunopress.it\\\/2009\\\/10\\\/13\\\/manzato-e-de-bona-al-columbus-day-chiedono-sostegno-per-la-candidatura-olimpica-di-venezia\\\/\"},\"wordCount\":334,\"publisher\":{\"@id\":\"https:\\\/\\\/www.bellunopress.it\\\/#organization\"},\"image\":{\"@id\":\"https:\\\/\\\/www.bellunopress.it\\\/2009\\\/10\\\/13\\\/manzato-e-de-bona-al-columbus-day-chiedono-sostegno-per-la-candidatura-olimpica-di-venezia\\\/#primaryimage\"},\"thumbnailUrl\":\"http:\\\/\\\/www.bellunopress.it\\\/wp-content\\\/uploads\\\/2009\\\/10\\\/de-bona-tremaglia-manzato.jpg\",\"keywords\":[\"Belluno\",\"Dolomiti\"],\"articleSection\":[\"Cronaca\\\/Politica\"],\"inLanguage\":\"fr-FR\"},{\"@type\":\"WebPage\",\"@id\":\"https:\\\/\\\/www.bellunopress.it\\\/2009\\\/10\\\/13\\\/manzato-e-de-bona-al-columbus-day-chiedono-sostegno-per-la-candidatura-olimpica-di-venezia\\\/\",\"url\":\"https:\\\/\\\/www.bellunopress.it\\\/2009\\\/10\\\/13\\\/manzato-e-de-bona-al-columbus-day-chiedono-sostegno-per-la-candidatura-olimpica-di-venezia\\\/\",\"name\":\"Manzato e De Bona al Columbus day chiedono sostegno per la candidatura olimpica di Venezia - Bellunopress - Dolomiti\",\"isPartOf\":{\"@id\":\"https:\\\/\\\/www.bellunopress.it\\\/#website\"},\"primaryImageOfPage\":{\"@id\":\"https:\\\/\\\/www.bellunopress.it\\\/2009\\\/10\\\/13\\\/manzato-e-de-bona-al-columbus-day-chiedono-sostegno-per-la-candidatura-olimpica-di-venezia\\\/#primaryimage\"},\"image\":{\"@id\":\"https:\\\/\\\/www.bellunopress.it\\\/2009\\\/10\\\/13\\\/manzato-e-de-bona-al-columbus-day-chiedono-sostegno-per-la-candidatura-olimpica-di-venezia\\\/#primaryimage\"},\"thumbnailUrl\":\"http:\\\/\\\/www.bellunopress.it\\\/wp-content\\\/uploads\\\/2009\\\/10\\\/de-bona-tremaglia-manzato.jpg\",\"datePublished\":\"2009-10-13T19:18:36+00:00\",\"breadcrumb\":{\"@id\":\"https:\\\/\\\/www.bellunopress.it\\\/2009\\\/10\\\/13\\\/manzato-e-de-bona-al-columbus-day-chiedono-sostegno-per-la-candidatura-olimpica-di-venezia\\\/#breadcrumb\"},\"inLanguage\":\"fr-FR\",\"potentialAction\":[{\"@type\":\"ReadAction\",\"target\":[\"https:\\\/\\\/www.bellunopress.it\\\/2009\\\/10\\\/13\\\/manzato-e-de-bona-al-columbus-day-chiedono-sostegno-per-la-candidatura-olimpica-di-venezia\\\/\"]}]},{\"@type\":\"ImageObject\",\"inLanguage\":\"fr-FR\",\"@id\":\"https:\\\/\\\/www.bellunopress.it\\\/2009\\\/10\\\/13\\\/manzato-e-de-bona-al-columbus-day-chiedono-sostegno-per-la-candidatura-olimpica-di-venezia\\\/#primaryimage\",\"url\":\"http:\\\/\\\/www.bellunopress.it\\\/wp-content\\\/uploads\\\/2009\\\/10\\\/de-bona-tremaglia-manzato.jpg\",\"contentUrl\":\"http:\\\/\\\/www.bellunopress.it\\\/wp-content\\\/uploads\\\/2009\\\/10\\\/de-bona-tremaglia-manzato.jpg\"},{\"@type\":\"BreadcrumbList\",\"@id\":\"https:\\\/\\\/www.bellunopress.it\\\/2009\\\/10\\\/13\\\/manzato-e-de-bona-al-columbus-day-chiedono-sostegno-per-la-candidatura-olimpica-di-venezia\\\/#breadcrumb\",\"itemListElement\":[{\"@type\":\"ListItem\",\"position\":1,\"name\":\"Home\",\"item\":\"https:\\\/\\\/www.bellunopress.it\\\/\"},{\"@type\":\"ListItem\",\"position\":2,\"name\":\"Manzato e De Bona al Columbus day chiedono sostegno per la candidatura olimpica di Venezia\"}]},{\"@type\":\"WebSite\",\"@id\":\"https:\\\/\\\/www.bellunopress.it\\\/#website\",\"url\":\"https:\\\/\\\/www.bellunopress.it\\\/\",\"name\":\"Bellunopress - Dolomiti\",\"description\":\"e-mail: redazione@bellunopress.it\",\"publisher\":{\"@id\":\"https:\\\/\\\/www.bellunopress.it\\\/#organization\"},\"potentialAction\":[{\"@type\":\"SearchAction\",\"target\":{\"@type\":\"EntryPoint\",\"urlTemplate\":\"https:\\\/\\\/www.bellunopress.it\\\/?s={search_term_string}\"},\"query-input\":{\"@type\":\"PropertyValueSpecification\",\"valueRequired\":true,\"valueName\":\"search_term_string\"}}],\"inLanguage\":\"fr-FR\"},{\"@type\":\"Organization\",\"@id\":\"https:\\\/\\\/www.bellunopress.it\\\/#organization\",\"name\":\"Bellunopress\",\"url\":\"https:\\\/\\\/www.bellunopress.it\\\/\",\"logo\":{\"@type\":\"ImageObject\",\"inLanguage\":\"fr-FR\",\"@id\":\"https:\\\/\\\/www.bellunopress.it\\\/#\\\/schema\\\/logo\\\/image\\\/\",\"url\":\"https:\\\/\\\/www.bellunopress.it\\\/wp-content\\\/uploads\\\/2011\\\/05\\\/cropped-logo-bellunopress-.jpg\",\"contentUrl\":\"https:\\\/\\\/www.bellunopress.it\\\/wp-content\\\/uploads\\\/2011\\\/05\\\/cropped-logo-bellunopress-.jpg\",\"width\":512,\"height\":512,\"caption\":\"Bellunopress\"},\"image\":{\"@id\":\"https:\\\/\\\/www.bellunopress.it\\\/#\\\/schema\\\/logo\\\/image\\\/\"},\"sameAs\":[\"https:\\\/\\\/www.facebook.com\\\/profile.php?id=100008943462799\",\"https:\\\/\\\/x.com\\\/bellunopress\",\"https:\\\/\\\/www.linkedin.com\\\/hp\\\/?dnr=JBzUWaJfMUw8vbXJJ2tVW5-I3jZKvC4wsoxE&amp;amp;amp;amp;amp;amp;trk=nav_responsive_tab_home\",\"https:\\\/\\\/www.youtube.com\\\/channel\\\/UCxL0wu1uN0_3_7hGG0306cw\"]},{\"@type\":\"Person\",\"@id\":\"https:\\\/\\\/www.bellunopress.it\\\/#\\\/schema\\\/person\\\/79bb06722b37ece1c03d3e94beb30d73\",\"name\":\"redazione\",\"image\":{\"@type\":\"ImageObject\",\"inLanguage\":\"fr-FR\",\"@id\":\"https:\\\/\\\/secure.gravatar.com\\\/avatar\\\/37d968a2e67a6fd04c169c4bdef102d0bc5d31b2546345219e348575eb80e9a0?s=96&d=mm&r=g\",\"url\":\"https:\\\/\\\/secure.gravatar.com\\\/avatar\\\/37d968a2e67a6fd04c169c4bdef102d0bc5d31b2546345219e348575eb80e9a0?s=96&d=mm&r=g\",\"contentUrl\":\"https:\\\/\\\/secure.gravatar.com\\\/avatar\\\/37d968a2e67a6fd04c169c4bdef102d0bc5d31b2546345219e348575eb80e9a0?s=96&d=mm&r=g\",\"caption\":\"redazione\"},\"sameAs\":[\"http:\\\/\\\/www.bellunopress.it\",\"https:\\\/\\\/x.com\\\/bellunopress\"],\"url\":\"https:\\\/\\\/www.bellunopress.it\\\/fr\\\/author\\\/redazione\\\/\"}]}<\/script>\n<!-- \/ Yoast SEO plugin. -->","yoast_head_json":{"title":"Manzato e De Bona al Columbus day chiedono sostegno per la candidatura olimpica di Venezia - Bellunopress - Dolomiti","robots":{"index":"index","follow":"follow","max-snippet":"max-snippet:-1","max-image-preview":"max-image-preview:large","max-video-preview":"max-video-preview:-1"},"canonical":"https:\/\/www.bellunopress.it\/fr\/2009\/10\/13\/manzato-e-de-bona-al-columbus-day-chiedono-sostegno-per-la-candidatura-olimpica-di-venezia\/","og_locale":"fr_FR","og_type":"article","og_title":"Manzato e De Bona al Columbus day chiedono sostegno per la candidatura olimpica di Venezia - Bellunopress - Dolomiti","og_description":"Una enorme bandiera con il Leone alato di San Marco, di propriet\u00e0 di una signora veneziana che abita a New York e salutata dalla folla festante, ha aperto la strada ai due carri del Veneto che hanno aperto la sfilata del Columbus Day dopo quelli delle istituzioni newyorkesi, nella V\u00aa Avenue della Grande Mela. Il [&hellip;]","og_url":"https:\/\/www.bellunopress.it\/fr\/2009\/10\/13\/manzato-e-de-bona-al-columbus-day-chiedono-sostegno-per-la-candidatura-olimpica-di-venezia\/","og_site_name":"Bellunopress - Dolomiti","article_publisher":"https:\/\/www.facebook.com\/profile.php?id=100008943462799","article_published_time":"2009-10-13T19:18:36+00:00","og_image":[{"url":"http:\/\/www.bellunopress.it\/wp-content\/uploads\/2009\/10\/de-bona-tremaglia-manzato.jpg","type":"","width":"","height":""}],"author":"redazione","twitter_card":"summary_large_image","twitter_creator":"@bellunopress","twitter_site":"@bellunopress","twitter_misc":{"\u00c9crit par":"redazione","Dur\u00e9e de lecture estim\u00e9e":"2 minutes"},"schema":{"@context":"https:\/\/schema.org","@graph":[{"@type":"Article","@id":"https:\/\/www.bellunopress.it\/2009\/10\/13\/manzato-e-de-bona-al-columbus-day-chiedono-sostegno-per-la-candidatura-olimpica-di-venezia\/#article","isPartOf":{"@id":"https:\/\/www.bellunopress.it\/2009\/10\/13\/manzato-e-de-bona-al-columbus-day-chiedono-sostegno-per-la-candidatura-olimpica-di-venezia\/"},"author":{"name":"redazione","@id":"https:\/\/www.bellunopress.it\/#\/schema\/person\/79bb06722b37ece1c03d3e94beb30d73"},"headline":"Manzato e De Bona al Columbus day chiedono sostegno per la candidatura olimpica di Venezia","datePublished":"2009-10-13T19:18:36+00:00","mainEntityOfPage":{"@id":"https:\/\/www.bellunopress.it\/2009\/10\/13\/manzato-e-de-bona-al-columbus-day-chiedono-sostegno-per-la-candidatura-olimpica-di-venezia\/"},"wordCount":334,"publisher":{"@id":"https:\/\/www.bellunopress.it\/#organization"},"image":{"@id":"https:\/\/www.bellunopress.it\/2009\/10\/13\/manzato-e-de-bona-al-columbus-day-chiedono-sostegno-per-la-candidatura-olimpica-di-venezia\/#primaryimage"},"thumbnailUrl":"http:\/\/www.bellunopress.it\/wp-content\/uploads\/2009\/10\/de-bona-tremaglia-manzato.jpg","keywords":["Belluno","Dolomiti"],"articleSection":["Cronaca\/Politica"],"inLanguage":"fr-FR"},{"@type":"WebPage","@id":"https:\/\/www.bellunopress.it\/2009\/10\/13\/manzato-e-de-bona-al-columbus-day-chiedono-sostegno-per-la-candidatura-olimpica-di-venezia\/","url":"https:\/\/www.bellunopress.it\/2009\/10\/13\/manzato-e-de-bona-al-columbus-day-chiedono-sostegno-per-la-candidatura-olimpica-di-venezia\/","name":"Manzato e De Bona al Columbus day chiedono sostegno per la candidatura olimpica di Venezia - Bellunopress - Dolomiti","isPartOf":{"@id":"https:\/\/www.bellunopress.it\/#website"},"primaryImageOfPage":{"@id":"https:\/\/www.bellunopress.it\/2009\/10\/13\/manzato-e-de-bona-al-columbus-day-chiedono-sostegno-per-la-candidatura-olimpica-di-venezia\/#primaryimage"},"image":{"@id":"https:\/\/www.bellunopress.it\/2009\/10\/13\/manzato-e-de-bona-al-columbus-day-chiedono-sostegno-per-la-candidatura-olimpica-di-venezia\/#primaryimage"},"thumbnailUrl":"http:\/\/www.bellunopress.it\/wp-content\/uploads\/2009\/10\/de-bona-tremaglia-manzato.jpg","datePublished":"2009-10-13T19:18:36+00:00","breadcrumb":{"@id":"https:\/\/www.bellunopress.it\/2009\/10\/13\/manzato-e-de-bona-al-columbus-day-chiedono-sostegno-per-la-candidatura-olimpica-di-venezia\/#breadcrumb"},"inLanguage":"fr-FR","potentialAction":[{"@type":"ReadAction","target":["https:\/\/www.bellunopress.it\/2009\/10\/13\/manzato-e-de-bona-al-columbus-day-chiedono-sostegno-per-la-candidatura-olimpica-di-venezia\/"]}]},{"@type":"ImageObject","inLanguage":"fr-FR","@id":"https:\/\/www.bellunopress.it\/2009\/10\/13\/manzato-e-de-bona-al-columbus-day-chiedono-sostegno-per-la-candidatura-olimpica-di-venezia\/#primaryimage","url":"http:\/\/www.bellunopress.it\/wp-content\/uploads\/2009\/10\/de-bona-tremaglia-manzato.jpg","contentUrl":"http:\/\/www.bellunopress.it\/wp-content\/uploads\/2009\/10\/de-bona-tremaglia-manzato.jpg"},{"@type":"BreadcrumbList","@id":"https:\/\/www.bellunopress.it\/2009\/10\/13\/manzato-e-de-bona-al-columbus-day-chiedono-sostegno-per-la-candidatura-olimpica-di-venezia\/#breadcrumb","itemListElement":[{"@type":"ListItem","position":1,"name":"Home","item":"https:\/\/www.bellunopress.it\/"},{"@type":"ListItem","position":2,"name":"Manzato e De Bona al Columbus day chiedono sostegno per la candidatura olimpica di Venezia"}]},{"@type":"WebSite","@id":"https:\/\/www.bellunopress.it\/#website","url":"https:\/\/www.bellunopress.it\/","name":"Bellunopress - Dolomiti","description":"e-mail: redazione@bellunopress.it","publisher":{"@id":"https:\/\/www.bellunopress.it\/#organization"},"potentialAction":[{"@type":"SearchAction","target":{"@type":"EntryPoint","urlTemplate":"https:\/\/www.bellunopress.it\/?s={search_term_string}"},"query-input":{"@type":"PropertyValueSpecification","valueRequired":true,"valueName":"search_term_string"}}],"inLanguage":"fr-FR"},{"@type":"Organization","@id":"https:\/\/www.bellunopress.it\/#organization","name":"Bellunopress","url":"https:\/\/www.bellunopress.it\/","logo":{"@type":"ImageObject","inLanguage":"fr-FR","@id":"https:\/\/www.bellunopress.it\/#\/schema\/logo\/image\/","url":"https:\/\/www.bellunopress.it\/wp-content\/uploads\/2011\/05\/cropped-logo-bellunopress-.jpg","contentUrl":"https:\/\/www.bellunopress.it\/wp-content\/uploads\/2011\/05\/cropped-logo-bellunopress-.jpg","width":512,"height":512,"caption":"Bellunopress"},"image":{"@id":"https:\/\/www.bellunopress.it\/#\/schema\/logo\/image\/"},"sameAs":["https:\/\/www.facebook.com\/profile.php?id=100008943462799","https:\/\/x.com\/bellunopress","https:\/\/www.linkedin.com\/hp\/?dnr=JBzUWaJfMUw8vbXJJ2tVW5-I3jZKvC4wsoxE&amp;amp;amp;amp;amp;amp;trk=nav_responsive_tab_home","https:\/\/www.youtube.com\/channel\/UCxL0wu1uN0_3_7hGG0306cw"]},{"@type":"Person","@id":"https:\/\/www.bellunopress.it\/#\/schema\/person\/79bb06722b37ece1c03d3e94beb30d73","name":"r\u00e9daction","image":{"@type":"ImageObject","inLanguage":"fr-FR","@id":"https:\/\/secure.gravatar.com\/avatar\/37d968a2e67a6fd04c169c4bdef102d0bc5d31b2546345219e348575eb80e9a0?s=96&d=mm&r=g","url":"https:\/\/secure.gravatar.com\/avatar\/37d968a2e67a6fd04c169c4bdef102d0bc5d31b2546345219e348575eb80e9a0?s=96&d=mm&r=g","contentUrl":"https:\/\/secure.gravatar.com\/avatar\/37d968a2e67a6fd04c169c4bdef102d0bc5d31b2546345219e348575eb80e9a0?s=96&d=mm&r=g","caption":"redazione"},"sameAs":["http:\/\/www.bellunopress.it","https:\/\/x.com\/bellunopress"],"url":"https:\/\/www.bellunopress.it\/fr\/author\/redazione\/"}]}},"_links":{"self":[{"href":"https:\/\/www.bellunopress.it\/fr\/wp-json\/wp\/v2\/posts\/8875","targetHints":{"allow":["GET"]}}],"collection":[{"href":"https:\/\/www.bellunopress.it\/fr\/wp-json\/wp\/v2\/posts"}],"about":[{"href":"https:\/\/www.bellunopress.it\/fr\/wp-json\/wp\/v2\/types\/post"}],"author":[{"embeddable":true,"href":"https:\/\/www.bellunopress.it\/fr\/wp-json\/wp\/v2\/users\/2"}],"replies":[{"embeddable":true,"href":"https:\/\/www.bellunopress.it\/fr\/wp-json\/wp\/v2\/comments?post=8875"}],"version-history":[{"count":1,"href":"https:\/\/www.bellunopress.it\/fr\/wp-json\/wp\/v2\/posts\/8875\/revisions"}],"predecessor-version":[{"id":8877,"href":"https:\/\/www.bellunopress.it\/fr\/wp-json\/wp\/v2\/posts\/8875\/revisions\/8877"}],"wp:attachment":[{"href":"https:\/\/www.bellunopress.it\/fr\/wp-json\/wp\/v2\/media?parent=8875"}],"wp:term":[{"taxonomy":"category","embeddable":true,"href":"https:\/\/www.bellunopress.it\/fr\/wp-json\/wp\/v2\/categories?post=8875"},{"taxonomy":"post_tag","embeddable":true,"href":"https:\/\/www.bellunopress.it\/fr\/wp-json\/wp\/v2\/tags?post=8875"}],"curies":[{"name":"wp","href":"https:\/\/api.w.org\/{rel}","templated":true}]}}