{"id":8863,"date":"2009-10-12T19:39:06","date_gmt":"2009-10-12T18:39:06","guid":{"rendered":"http:\/\/www.bellunopress.it\/?p=8863"},"modified":"2009-10-12T19:39:06","modified_gmt":"2009-10-12T18:39:06","slug":"trofeo-kiwi-sport-sabato-a-belluno-il-gran-finale","status":"publish","type":"post","link":"https:\/\/www.bellunopress.it\/fr\/2009\/10\/12\/trofeo-kiwi-sport-sabato-a-belluno-il-gran-finale\/","title":{"rendered":"Trofeo Kiwi sport: sabato a Belluno il gran finale"},"content":{"rendered":"<p>Si concluder\u00e0 sabato prossimo, 17 ottobre, il Trofeo Kiwi Sport, manifestazione dedicata alle categorie Esordienti (nati negli anni compresi tra il 1998 e il 2003), Ragazzi (\u009296-\u009297) e Cadetti (\u009294-\u009295). Il circuito, che premier\u00e0 la societ\u00e0 che al termine delle tre prove avr\u00e0 totalizzato il maggior numero di presenze, vivr\u00e0 il suo atto finale allo stadio polisportivo di Belluno. Questo il programma delle gare che sono proposte dal Gs La Piave 2000 e dall\u0092Atletica Ana Feltre e che inizieranno alle 15.30 per concludersi alle 18:<br \/>\nEsordienti B\/FM:\u00a0 (lungo &#8211; percorso &#8211; 600)<br \/>\nEsordienti A\/FM:\u00a0 (50 &#8211; alto &#8211; 600)<br \/>\nRagazzi\/e: 60 &#8211; peso &#8211; 4&#215;100 &#8211; 3&#215;800<br \/>\nCadetti\/e: 80 &#8211; asta &#8211; alto -giavellotto &#8211; 4&#215;100 &#8211; 3&#215;1000<br \/>\nGli atleti delle categorie Ragazzi e Cadetti potranno prendere parte a 2 gare, pi\u00f9 una staffetta o a 1 gara pi\u00f9 2 staffette.<br \/>\nCI saranno anche le seguenti gare: AJPS Am\/FM: 300 \u0096 400 &#8211; lungo &#8211; asta &#8211; disco &#8211; giavellotto &#8211; 4&#215;100<br \/>\nDopo le prime due prove, disputate a Belluno a maggio e a Villa di Villa di Mel in luglio, questa \u00e8 la classifica: 1. Gs La Piave punti 76; 2. Atletica Longarone 30; 3. Athletic club Belluno, Ana Atletica Feltre e Gs Quantin 16; 6. BellunoAtletica e Us Cesio 12; 8. Astra Quero 8; 9. Atletica Pedrobba 4; 10. Lasen Tortellini Rana e Atletica Ponzano 3; 12. Atletica Vedelago 1.<\/p>","protected":false},"excerpt":{"rendered":"<p>Si concluder\u00e0 sabato prossimo, 17 ottobre, il Trofeo Kiwi Sport, manifestazione dedicata alle categorie Esordienti (nati negli anni compresi tra il 1998 e il 2003), Ragazzi (\u009296-\u009297) e Cadetti (\u009294-\u009295). Il circuito, che premier\u00e0 la societ\u00e0 che al termine delle tre prove avr\u00e0 totalizzato il maggior numero di presenze, vivr\u00e0 il suo atto finale allo [&hellip;]<\/p>\n","protected":false},"author":2,"featured_media":0,"comment_status":"closed","ping_status":"open","sticky":false,"template":"","format":"standard","meta":{"footnotes":""},"categories":[4],"tags":[139,302],"class_list":["post-8863","post","type-post","status-publish","format-standard","category-sport","tag-belluno","tag-feltre"],"yoast_head":"<!-- This site is optimized with the Yoast SEO plugin v28.4 - https:\/\/yoast.com\/product\/yoast-seo-wordpress\/ -->\n<title>Trofeo Kiwi sport: sabato a Belluno il gran finale - Bellunopress - Dolomiti<\/title>\n<meta name=\"robots\" content=\"index, follow, max-snippet:-1, max-image-preview:large, max-video-preview:-1\" \/>\n<link rel=\"canonical\" href=\"https:\/\/www.bellunopress.it\/fr\/2009\/10\/12\/trofeo-kiwi-sport-sabato-a-belluno-il-gran-finale\/\" \/>\n<meta property=\"og:locale\" content=\"fr_FR\" \/>\n<meta property=\"og:type\" content=\"article\" \/>\n<meta property=\"og:title\" content=\"Trofeo Kiwi sport: sabato a Belluno il gran finale - Bellunopress - Dolomiti\" \/>\n<meta property=\"og:description\" content=\"Si concluder\u00e0 sabato prossimo, 17 ottobre, il Trofeo Kiwi Sport, manifestazione dedicata alle categorie Esordienti (nati negli anni compresi tra il 1998 e il 2003), Ragazzi (\u009296-\u009297) e Cadetti (\u009294-\u009295). Il circuito, che premier\u00e0 la societ\u00e0 che al termine delle tre prove avr\u00e0 totalizzato il maggior numero di presenze, vivr\u00e0 il suo atto finale allo [&hellip;]\" \/>\n<meta property=\"og:url\" content=\"https:\/\/www.bellunopress.it\/fr\/2009\/10\/12\/trofeo-kiwi-sport-sabato-a-belluno-il-gran-finale\/\" \/>\n<meta property=\"og:site_name\" content=\"Bellunopress - Dolomiti\" \/>\n<meta property=\"article:publisher\" content=\"https:\/\/www.facebook.com\/profile.php?id=100008943462799\" \/>\n<meta property=\"article:published_time\" content=\"2009-10-12T18:39:06+00:00\" \/>\n<meta property=\"og:image\" content=\"http:\/\/www.bellunopress.it\/wp-content\/uploads\/2012\/07\/logo-bellunopress-250x250-2012.jpg\" \/>\n<meta name=\"author\" content=\"redazione\" \/>\n<meta name=\"twitter:card\" content=\"summary_large_image\" \/>\n<meta name=\"twitter:creator\" content=\"@bellunopress\" \/>\n<meta name=\"twitter:site\" content=\"@bellunopress\" \/>\n<meta name=\"twitter:label1\" content=\"\u00c9crit par\" \/>\n\t<meta name=\"twitter:data1\" content=\"redazione\" \/>\n\t<meta name=\"twitter:label2\" content=\"Dur\u00e9e de lecture estim\u00e9e\" \/>\n\t<meta name=\"twitter:data2\" content=\"1 minute\" \/>\n<script type=\"application\/ld+json\" class=\"yoast-schema-graph\">{\"@context\":\"https:\\\/\\\/schema.org\",\"@graph\":[{\"@type\":\"Article\",\"@id\":\"https:\\\/\\\/www.bellunopress.it\\\/2009\\\/10\\\/12\\\/trofeo-kiwi-sport-sabato-a-belluno-il-gran-finale\\\/#article\",\"isPartOf\":{\"@id\":\"https:\\\/\\\/www.bellunopress.it\\\/2009\\\/10\\\/12\\\/trofeo-kiwi-sport-sabato-a-belluno-il-gran-finale\\\/\"},\"author\":{\"name\":\"redazione\",\"@id\":\"https:\\\/\\\/www.bellunopress.it\\\/#\\\/schema\\\/person\\\/79bb06722b37ece1c03d3e94beb30d73\"},\"headline\":\"Trofeo Kiwi sport: sabato a Belluno il gran finale\",\"datePublished\":\"2009-10-12T18:39:06+00:00\",\"mainEntityOfPage\":{\"@id\":\"https:\\\/\\\/www.bellunopress.it\\\/2009\\\/10\\\/12\\\/trofeo-kiwi-sport-sabato-a-belluno-il-gran-finale\\\/\"},\"wordCount\":213,\"publisher\":{\"@id\":\"https:\\\/\\\/www.bellunopress.it\\\/#organization\"},\"keywords\":[\"Belluno\",\"Feltre\"],\"articleSection\":[\"Sport, tempo libero\"],\"inLanguage\":\"fr-FR\"},{\"@type\":\"WebPage\",\"@id\":\"https:\\\/\\\/www.bellunopress.it\\\/2009\\\/10\\\/12\\\/trofeo-kiwi-sport-sabato-a-belluno-il-gran-finale\\\/\",\"url\":\"https:\\\/\\\/www.bellunopress.it\\\/2009\\\/10\\\/12\\\/trofeo-kiwi-sport-sabato-a-belluno-il-gran-finale\\\/\",\"name\":\"Trofeo Kiwi sport: sabato a Belluno il gran finale - Bellunopress - Dolomiti\",\"isPartOf\":{\"@id\":\"https:\\\/\\\/www.bellunopress.it\\\/#website\"},\"datePublished\":\"2009-10-12T18:39:06+00:00\",\"breadcrumb\":{\"@id\":\"https:\\\/\\\/www.bellunopress.it\\\/2009\\\/10\\\/12\\\/trofeo-kiwi-sport-sabato-a-belluno-il-gran-finale\\\/#breadcrumb\"},\"inLanguage\":\"fr-FR\",\"potentialAction\":[{\"@type\":\"ReadAction\",\"target\":[\"https:\\\/\\\/www.bellunopress.it\\\/2009\\\/10\\\/12\\\/trofeo-kiwi-sport-sabato-a-belluno-il-gran-finale\\\/\"]}]},{\"@type\":\"BreadcrumbList\",\"@id\":\"https:\\\/\\\/www.bellunopress.it\\\/2009\\\/10\\\/12\\\/trofeo-kiwi-sport-sabato-a-belluno-il-gran-finale\\\/#breadcrumb\",\"itemListElement\":[{\"@type\":\"ListItem\",\"position\":1,\"name\":\"Home\",\"item\":\"https:\\\/\\\/www.bellunopress.it\\\/\"},{\"@type\":\"ListItem\",\"position\":2,\"name\":\"Trofeo Kiwi sport: sabato a Belluno il gran finale\"}]},{\"@type\":\"WebSite\",\"@id\":\"https:\\\/\\\/www.bellunopress.it\\\/#website\",\"url\":\"https:\\\/\\\/www.bellunopress.it\\\/\",\"name\":\"Bellunopress - Dolomiti\",\"description\":\"e-mail: redazione@bellunopress.it\",\"publisher\":{\"@id\":\"https:\\\/\\\/www.bellunopress.it\\\/#organization\"},\"potentialAction\":[{\"@type\":\"SearchAction\",\"target\":{\"@type\":\"EntryPoint\",\"urlTemplate\":\"https:\\\/\\\/www.bellunopress.it\\\/?s={search_term_string}\"},\"query-input\":{\"@type\":\"PropertyValueSpecification\",\"valueRequired\":true,\"valueName\":\"search_term_string\"}}],\"inLanguage\":\"fr-FR\"},{\"@type\":\"Organization\",\"@id\":\"https:\\\/\\\/www.bellunopress.it\\\/#organization\",\"name\":\"Bellunopress\",\"url\":\"https:\\\/\\\/www.bellunopress.it\\\/\",\"logo\":{\"@type\":\"ImageObject\",\"inLanguage\":\"fr-FR\",\"@id\":\"https:\\\/\\\/www.bellunopress.it\\\/#\\\/schema\\\/logo\\\/image\\\/\",\"url\":\"https:\\\/\\\/www.bellunopress.it\\\/wp-content\\\/uploads\\\/2011\\\/05\\\/cropped-logo-bellunopress-.jpg\",\"contentUrl\":\"https:\\\/\\\/www.bellunopress.it\\\/wp-content\\\/uploads\\\/2011\\\/05\\\/cropped-logo-bellunopress-.jpg\",\"width\":512,\"height\":512,\"caption\":\"Bellunopress\"},\"image\":{\"@id\":\"https:\\\/\\\/www.bellunopress.it\\\/#\\\/schema\\\/logo\\\/image\\\/\"},\"sameAs\":[\"https:\\\/\\\/www.facebook.com\\\/profile.php?id=100008943462799\",\"https:\\\/\\\/x.com\\\/bellunopress\",\"https:\\\/\\\/www.linkedin.com\\\/hp\\\/?dnr=JBzUWaJfMUw8vbXJJ2tVW5-I3jZKvC4wsoxE&amp;amp;amp;amp;amp;amp;trk=nav_responsive_tab_home\",\"https:\\\/\\\/www.youtube.com\\\/channel\\\/UCxL0wu1uN0_3_7hGG0306cw\"]},{\"@type\":\"Person\",\"@id\":\"https:\\\/\\\/www.bellunopress.it\\\/#\\\/schema\\\/person\\\/79bb06722b37ece1c03d3e94beb30d73\",\"name\":\"redazione\",\"image\":{\"@type\":\"ImageObject\",\"inLanguage\":\"fr-FR\",\"@id\":\"https:\\\/\\\/secure.gravatar.com\\\/avatar\\\/37d968a2e67a6fd04c169c4bdef102d0bc5d31b2546345219e348575eb80e9a0?s=96&d=mm&r=g\",\"url\":\"https:\\\/\\\/secure.gravatar.com\\\/avatar\\\/37d968a2e67a6fd04c169c4bdef102d0bc5d31b2546345219e348575eb80e9a0?s=96&d=mm&r=g\",\"contentUrl\":\"https:\\\/\\\/secure.gravatar.com\\\/avatar\\\/37d968a2e67a6fd04c169c4bdef102d0bc5d31b2546345219e348575eb80e9a0?s=96&d=mm&r=g\",\"caption\":\"redazione\"},\"sameAs\":[\"http:\\\/\\\/www.bellunopress.it\",\"https:\\\/\\\/x.com\\\/bellunopress\"],\"url\":\"https:\\\/\\\/www.bellunopress.it\\\/fr\\\/author\\\/redazione\\\/\"}]}<\/script>\n<!-- \/ Yoast SEO plugin. -->","yoast_head_json":{"title":"Trofeo Kiwi sport: sabato a Belluno il gran finale - Bellunopress - Dolomiti","robots":{"index":"index","follow":"follow","max-snippet":"max-snippet:-1","max-image-preview":"max-image-preview:large","max-video-preview":"max-video-preview:-1"},"canonical":"https:\/\/www.bellunopress.it\/fr\/2009\/10\/12\/trofeo-kiwi-sport-sabato-a-belluno-il-gran-finale\/","og_locale":"fr_FR","og_type":"article","og_title":"Trofeo Kiwi sport: sabato a Belluno il gran finale - Bellunopress - Dolomiti","og_description":"Si concluder\u00e0 sabato prossimo, 17 ottobre, il Trofeo Kiwi Sport, manifestazione dedicata alle categorie Esordienti (nati negli anni compresi tra il 1998 e il 2003), Ragazzi (\u009296-\u009297) e Cadetti (\u009294-\u009295). Il circuito, che premier\u00e0 la societ\u00e0 che al termine delle tre prove avr\u00e0 totalizzato il maggior numero di presenze, vivr\u00e0 il suo atto finale allo [&hellip;]","og_url":"https:\/\/www.bellunopress.it\/fr\/2009\/10\/12\/trofeo-kiwi-sport-sabato-a-belluno-il-gran-finale\/","og_site_name":"Bellunopress - Dolomiti","article_publisher":"https:\/\/www.facebook.com\/profile.php?id=100008943462799","article_published_time":"2009-10-12T18:39:06+00:00","og_image":[{"url":"http:\/\/www.bellunopress.it\/wp-content\/uploads\/2012\/07\/logo-bellunopress-250x250-2012.jpg","type":"","width":"","height":""}],"author":"redazione","twitter_card":"summary_large_image","twitter_creator":"@bellunopress","twitter_site":"@bellunopress","twitter_misc":{"\u00c9crit par":"redazione","Dur\u00e9e de lecture estim\u00e9e":"1 minute"},"schema":{"@context":"https:\/\/schema.org","@graph":[{"@type":"Article","@id":"https:\/\/www.bellunopress.it\/2009\/10\/12\/trofeo-kiwi-sport-sabato-a-belluno-il-gran-finale\/#article","isPartOf":{"@id":"https:\/\/www.bellunopress.it\/2009\/10\/12\/trofeo-kiwi-sport-sabato-a-belluno-il-gran-finale\/"},"author":{"name":"redazione","@id":"https:\/\/www.bellunopress.it\/#\/schema\/person\/79bb06722b37ece1c03d3e94beb30d73"},"headline":"Trofeo Kiwi sport: sabato a Belluno il gran finale","datePublished":"2009-10-12T18:39:06+00:00","mainEntityOfPage":{"@id":"https:\/\/www.bellunopress.it\/2009\/10\/12\/trofeo-kiwi-sport-sabato-a-belluno-il-gran-finale\/"},"wordCount":213,"publisher":{"@id":"https:\/\/www.bellunopress.it\/#organization"},"keywords":["Belluno","Feltre"],"articleSection":["Sport, tempo libero"],"inLanguage":"fr-FR"},{"@type":"WebPage","@id":"https:\/\/www.bellunopress.it\/2009\/10\/12\/trofeo-kiwi-sport-sabato-a-belluno-il-gran-finale\/","url":"https:\/\/www.bellunopress.it\/2009\/10\/12\/trofeo-kiwi-sport-sabato-a-belluno-il-gran-finale\/","name":"Trofeo Kiwi sport: sabato a Belluno il gran finale - Bellunopress - Dolomiti","isPartOf":{"@id":"https:\/\/www.bellunopress.it\/#website"},"datePublished":"2009-10-12T18:39:06+00:00","breadcrumb":{"@id":"https:\/\/www.bellunopress.it\/2009\/10\/12\/trofeo-kiwi-sport-sabato-a-belluno-il-gran-finale\/#breadcrumb"},"inLanguage":"fr-FR","potentialAction":[{"@type":"ReadAction","target":["https:\/\/www.bellunopress.it\/2009\/10\/12\/trofeo-kiwi-sport-sabato-a-belluno-il-gran-finale\/"]}]},{"@type":"BreadcrumbList","@id":"https:\/\/www.bellunopress.it\/2009\/10\/12\/trofeo-kiwi-sport-sabato-a-belluno-il-gran-finale\/#breadcrumb","itemListElement":[{"@type":"ListItem","position":1,"name":"Home","item":"https:\/\/www.bellunopress.it\/"},{"@type":"ListItem","position":2,"name":"Trofeo Kiwi sport: sabato a Belluno il gran finale"}]},{"@type":"WebSite","@id":"https:\/\/www.bellunopress.it\/#website","url":"https:\/\/www.bellunopress.it\/","name":"Bellunopress - Dolomiti","description":"e-mail: redazione@bellunopress.it","publisher":{"@id":"https:\/\/www.bellunopress.it\/#organization"},"potentialAction":[{"@type":"SearchAction","target":{"@type":"EntryPoint","urlTemplate":"https:\/\/www.bellunopress.it\/?s={search_term_string}"},"query-input":{"@type":"PropertyValueSpecification","valueRequired":true,"valueName":"search_term_string"}}],"inLanguage":"fr-FR"},{"@type":"Organization","@id":"https:\/\/www.bellunopress.it\/#organization","name":"Bellunopress","url":"https:\/\/www.bellunopress.it\/","logo":{"@type":"ImageObject","inLanguage":"fr-FR","@id":"https:\/\/www.bellunopress.it\/#\/schema\/logo\/image\/","url":"https:\/\/www.bellunopress.it\/wp-content\/uploads\/2011\/05\/cropped-logo-bellunopress-.jpg","contentUrl":"https:\/\/www.bellunopress.it\/wp-content\/uploads\/2011\/05\/cropped-logo-bellunopress-.jpg","width":512,"height":512,"caption":"Bellunopress"},"image":{"@id":"https:\/\/www.bellunopress.it\/#\/schema\/logo\/image\/"},"sameAs":["https:\/\/www.facebook.com\/profile.php?id=100008943462799","https:\/\/x.com\/bellunopress","https:\/\/www.linkedin.com\/hp\/?dnr=JBzUWaJfMUw8vbXJJ2tVW5-I3jZKvC4wsoxE&amp;amp;amp;amp;amp;amp;trk=nav_responsive_tab_home","https:\/\/www.youtube.com\/channel\/UCxL0wu1uN0_3_7hGG0306cw"]},{"@type":"Person","@id":"https:\/\/www.bellunopress.it\/#\/schema\/person\/79bb06722b37ece1c03d3e94beb30d73","name":"r\u00e9daction","image":{"@type":"ImageObject","inLanguage":"fr-FR","@id":"https:\/\/secure.gravatar.com\/avatar\/37d968a2e67a6fd04c169c4bdef102d0bc5d31b2546345219e348575eb80e9a0?s=96&d=mm&r=g","url":"https:\/\/secure.gravatar.com\/avatar\/37d968a2e67a6fd04c169c4bdef102d0bc5d31b2546345219e348575eb80e9a0?s=96&d=mm&r=g","contentUrl":"https:\/\/secure.gravatar.com\/avatar\/37d968a2e67a6fd04c169c4bdef102d0bc5d31b2546345219e348575eb80e9a0?s=96&d=mm&r=g","caption":"redazione"},"sameAs":["http:\/\/www.bellunopress.it","https:\/\/x.com\/bellunopress"],"url":"https:\/\/www.bellunopress.it\/fr\/author\/redazione\/"}]}},"_links":{"self":[{"href":"https:\/\/www.bellunopress.it\/fr\/wp-json\/wp\/v2\/posts\/8863","targetHints":{"allow":["GET"]}}],"collection":[{"href":"https:\/\/www.bellunopress.it\/fr\/wp-json\/wp\/v2\/posts"}],"about":[{"href":"https:\/\/www.bellunopress.it\/fr\/wp-json\/wp\/v2\/types\/post"}],"author":[{"embeddable":true,"href":"https:\/\/www.bellunopress.it\/fr\/wp-json\/wp\/v2\/users\/2"}],"replies":[{"embeddable":true,"href":"https:\/\/www.bellunopress.it\/fr\/wp-json\/wp\/v2\/comments?post=8863"}],"version-history":[{"count":1,"href":"https:\/\/www.bellunopress.it\/fr\/wp-json\/wp\/v2\/posts\/8863\/revisions"}],"predecessor-version":[{"id":8864,"href":"https:\/\/www.bellunopress.it\/fr\/wp-json\/wp\/v2\/posts\/8863\/revisions\/8864"}],"wp:attachment":[{"href":"https:\/\/www.bellunopress.it\/fr\/wp-json\/wp\/v2\/media?parent=8863"}],"wp:term":[{"taxonomy":"category","embeddable":true,"href":"https:\/\/www.bellunopress.it\/fr\/wp-json\/wp\/v2\/categories?post=8863"},{"taxonomy":"post_tag","embeddable":true,"href":"https:\/\/www.bellunopress.it\/fr\/wp-json\/wp\/v2\/tags?post=8863"}],"curies":[{"name":"wp","href":"https:\/\/api.w.org\/{rel}","templated":true}]}}