{"id":8849,"date":"2009-10-12T16:46:49","date_gmt":"2009-10-12T15:46:49","guid":{"rendered":"http:\/\/www.bellunopress.it\/?p=8849"},"modified":"2009-10-12T16:46:49","modified_gmt":"2009-10-12T15:46:49","slug":"%e2%80%9cthe-day-after-l%e2%80%99azienda-dopo-la-crisi-un-nuovo-modo-di-fare-impresa%e2%80%9dvenerdi-16-ottobre-ore-1500-alla-nogherazza","status":"publish","type":"post","link":"https:\/\/www.bellunopress.it\/fr\/2009\/10\/12\/%e2%80%9cthe-day-after-l%e2%80%99azienda-dopo-la-crisi-un-nuovo-modo-di-fare-impresa%e2%80%9dvenerdi-16-ottobre-ore-1500-alla-nogherazza\/","title":{"rendered":"\u201cThe day after. L\u2019azienda dopo la crisi. Un nuovo modo di fare impresa\u201dVenerd\u00ec 16 ottobre ore 15.00 alla Nogherazza"},"content":{"rendered":"<p><a href=\"http:\/\/www.bellunopress.it\/wp-content\/uploads\/2009\/05\/nogherazza2.jpg\"><img loading=\"lazy\" decoding=\"async\" class=\"alignleft size-medium wp-image-3889\" title=\"nogherazza ristorante\" src=\"http:\/\/www.bellunopress.it\/wp-content\/uploads\/2009\/05\/nogherazza2.jpg\" alt=\"\" width=\"241\" height=\"181\" \/><\/a>Frena la discesa del settore. Come esce dalla crisi l&#8217;industria metalmeccanica? Ne discutono le imprese della Sezione Industrie Metalmeccaniche di Confindustria Belluno Dolomiti guidate da Angelo Caneve (foto nella pagina iniziale), nel corso dell&#8217;assemblea dal titolo \u201cThe day after. L\u2019azienda dopo la crisi. Un nuovo modo di fare impresa\u201d in programma per venerd\u00ec 16 ottobre alle ore 15.00 presso il Centro Congressi \u201cLa Nogherazza\u201d a Castion di Belluno. Organizzato grazie al sostegno di Alpiq e Banca di Cividale, l\u2019evento sar\u00e0 aperto alla partecipazione del pubblico. La crisi economica che ha caratterizzato i primi mesi del 2009 ha toccato tutte le imprese manifatturiere bellunesi che operano sui mercati mondiali, ma da qualche settimana si riscontra un rallentamento della discesa: nelle imprese qualcosa si muove, arrivano nuovi ordinativi. Gli imprenditori bellunesi pensano gi\u00e0 a come agire dopo la crisi, scrollandosi di dosso le difficolt\u00e0 degli ultimi tempi e progettando un nuovo modo di fare impresa, con competenze sempre pi\u00f9 eccellenti, centralit\u00e0 e qualit\u00e0 della forza lavoro, presenza internazionale, capacit\u00e0 di personalizzare il prodotto rendendolo innovativo, unico, efficace, soddisfacendo le esigenze del consumatore. All&#8217;assemblea interverranno:<br \/>\nAldo Bonomi fondatore del Consorzio A.A.STER e profondo conoscitore di Distretti e della realt\u00e0 industriale del nordest; Roberto Ditri Amministratore Delegato Magneti Marelli; Bruno Bell\u00f2 Presidente Clivet S.p.A.; Enrico Triches Amministratore Delegato Triches Enrico&amp;Diego s.r.l; Angelo Caneve Presidente della Sezione Industrie Metalmeccaniche di Confindustria Belluno Dolomiti.<br \/>\nModerer\u00e0 il dibattito il giornalista Marino Massaro, capo redattore de Il Sole 24 Ore Nordest.<\/p>","protected":false},"excerpt":{"rendered":"<p>Frena la discesa del settore. Come esce dalla crisi l&#8217;industria metalmeccanica? Ne discutono le imprese della Sezione Industrie Metalmeccaniche di Confindustria Belluno Dolomiti guidate da Angelo Caneve (foto nella pagina iniziale), nel corso dell&#8217;assemblea dal titolo \u201cThe day after. L\u2019azienda dopo la crisi. Un nuovo modo di fare impresa\u201d in programma per venerd\u00ec 16 ottobre [&hellip;]<\/p>\n","protected":false},"author":2,"featured_media":0,"comment_status":"closed","ping_status":"open","sticky":false,"template":"","format":"standard","meta":{"footnotes":""},"categories":[27,36,26],"tags":[139,63],"class_list":["post-8849","post","type-post","status-publish","format-standard","category-appuntamenti","category-lavoro-economia","category-prima-pagina","tag-belluno","tag-dolomiti"],"yoast_head":"<!-- This site is optimized with the Yoast SEO plugin v28.4 - https:\/\/yoast.com\/product\/yoast-seo-wordpress\/ -->\n<title>\u201cThe day after. L\u2019azienda dopo la crisi. Un nuovo modo di fare impresa\u201dVenerd\u00ec 16 ottobre ore 15.00 alla Nogherazza  - Bellunopress - Dolomiti<\/title>\n<meta name=\"robots\" content=\"index, follow, max-snippet:-1, max-image-preview:large, max-video-preview:-1\" \/>\n<link rel=\"canonical\" href=\"https:\/\/www.bellunopress.it\/fr\/2009\/10\/12\/\u201cthe-day-after-l\u2019azienda-dopo-la-crisi-un-nuovo-modo-di-fare-impresa\u201dvenerdi-16-ottobre-ore-1500-alla-nogherazza\/\" \/>\n<meta property=\"og:locale\" content=\"fr_FR\" \/>\n<meta property=\"og:type\" content=\"article\" \/>\n<meta property=\"og:title\" content=\"\u201cThe day after. L\u2019azienda dopo la crisi. Un nuovo modo di fare impresa\u201dVenerd\u00ec 16 ottobre ore 15.00 alla Nogherazza  - Bellunopress - Dolomiti\" \/>\n<meta property=\"og:description\" content=\"Frena la discesa del settore. Come esce dalla crisi l&#8217;industria metalmeccanica? Ne discutono le imprese della Sezione Industrie Metalmeccaniche di Confindustria Belluno Dolomiti guidate da Angelo Caneve (foto nella pagina iniziale), nel corso dell&#8217;assemblea dal titolo \u201cThe day after. L\u2019azienda dopo la crisi. Un nuovo modo di fare impresa\u201d in programma per venerd\u00ec 16 ottobre [&hellip;]\" \/>\n<meta property=\"og:url\" content=\"https:\/\/www.bellunopress.it\/fr\/2009\/10\/12\/\u201cthe-day-after-l\u2019azienda-dopo-la-crisi-un-nuovo-modo-di-fare-impresa\u201dvenerdi-16-ottobre-ore-1500-alla-nogherazza\/\" \/>\n<meta property=\"og:site_name\" content=\"Bellunopress - Dolomiti\" \/>\n<meta property=\"article:publisher\" content=\"https:\/\/www.facebook.com\/profile.php?id=100008943462799\" \/>\n<meta property=\"article:published_time\" content=\"2009-10-12T15:46:49+00:00\" \/>\n<meta property=\"og:image\" content=\"http:\/\/www.bellunopress.it\/wp-content\/uploads\/2009\/05\/nogherazza2.jpg\" \/>\n<meta name=\"author\" content=\"redazione\" \/>\n<meta name=\"twitter:card\" content=\"summary_large_image\" \/>\n<meta name=\"twitter:creator\" content=\"@bellunopress\" \/>\n<meta name=\"twitter:site\" content=\"@bellunopress\" \/>\n<meta name=\"twitter:label1\" content=\"\u00c9crit par\" \/>\n\t<meta name=\"twitter:data1\" content=\"redazione\" \/>\n\t<meta name=\"twitter:label2\" content=\"Dur\u00e9e de lecture estim\u00e9e\" \/>\n\t<meta name=\"twitter:data2\" content=\"1 minute\" \/>\n<script type=\"application\/ld+json\" class=\"yoast-schema-graph\">{\"@context\":\"https:\\\/\\\/schema.org\",\"@graph\":[{\"@type\":\"Article\",\"@id\":\"https:\\\/\\\/www.bellunopress.it\\\/2009\\\/10\\\/12\\\/%e2%80%9cthe-day-after-l%e2%80%99azienda-dopo-la-crisi-un-nuovo-modo-di-fare-impresa%e2%80%9dvenerdi-16-ottobre-ore-1500-alla-nogherazza\\\/#article\",\"isPartOf\":{\"@id\":\"https:\\\/\\\/www.bellunopress.it\\\/2009\\\/10\\\/12\\\/%e2%80%9cthe-day-after-l%e2%80%99azienda-dopo-la-crisi-un-nuovo-modo-di-fare-impresa%e2%80%9dvenerdi-16-ottobre-ore-1500-alla-nogherazza\\\/\"},\"author\":{\"name\":\"redazione\",\"@id\":\"https:\\\/\\\/www.bellunopress.it\\\/#\\\/schema\\\/person\\\/79bb06722b37ece1c03d3e94beb30d73\"},\"headline\":\"\u201cThe day after. L\u2019azienda dopo la crisi. Un nuovo modo di fare impresa\u201dVenerd\u00ec 16 ottobre ore 15.00 alla Nogherazza\",\"datePublished\":\"2009-10-12T15:46:49+00:00\",\"mainEntityOfPage\":{\"@id\":\"https:\\\/\\\/www.bellunopress.it\\\/2009\\\/10\\\/12\\\/%e2%80%9cthe-day-after-l%e2%80%99azienda-dopo-la-crisi-un-nuovo-modo-di-fare-impresa%e2%80%9dvenerdi-16-ottobre-ore-1500-alla-nogherazza\\\/\"},\"wordCount\":271,\"publisher\":{\"@id\":\"https:\\\/\\\/www.bellunopress.it\\\/#organization\"},\"image\":{\"@id\":\"https:\\\/\\\/www.bellunopress.it\\\/2009\\\/10\\\/12\\\/%e2%80%9cthe-day-after-l%e2%80%99azienda-dopo-la-crisi-un-nuovo-modo-di-fare-impresa%e2%80%9dvenerdi-16-ottobre-ore-1500-alla-nogherazza\\\/#primaryimage\"},\"thumbnailUrl\":\"http:\\\/\\\/www.bellunopress.it\\\/wp-content\\\/uploads\\\/2009\\\/05\\\/nogherazza2.jpg\",\"keywords\":[\"Belluno\",\"Dolomiti\"],\"articleSection\":[\"Appuntamenti, Eventi\",\"Lavoro, Economia, Turismo\",\"Prima Pagina\"],\"inLanguage\":\"fr-FR\"},{\"@type\":\"WebPage\",\"@id\":\"https:\\\/\\\/www.bellunopress.it\\\/2009\\\/10\\\/12\\\/%e2%80%9cthe-day-after-l%e2%80%99azienda-dopo-la-crisi-un-nuovo-modo-di-fare-impresa%e2%80%9dvenerdi-16-ottobre-ore-1500-alla-nogherazza\\\/\",\"url\":\"https:\\\/\\\/www.bellunopress.it\\\/2009\\\/10\\\/12\\\/%e2%80%9cthe-day-after-l%e2%80%99azienda-dopo-la-crisi-un-nuovo-modo-di-fare-impresa%e2%80%9dvenerdi-16-ottobre-ore-1500-alla-nogherazza\\\/\",\"name\":\"\u201cThe day after. L\u2019azienda dopo la crisi. Un nuovo modo di fare impresa\u201dVenerd\u00ec 16 ottobre ore 15.00 alla Nogherazza - Bellunopress - Dolomiti\",\"isPartOf\":{\"@id\":\"https:\\\/\\\/www.bellunopress.it\\\/#website\"},\"primaryImageOfPage\":{\"@id\":\"https:\\\/\\\/www.bellunopress.it\\\/2009\\\/10\\\/12\\\/%e2%80%9cthe-day-after-l%e2%80%99azienda-dopo-la-crisi-un-nuovo-modo-di-fare-impresa%e2%80%9dvenerdi-16-ottobre-ore-1500-alla-nogherazza\\\/#primaryimage\"},\"image\":{\"@id\":\"https:\\\/\\\/www.bellunopress.it\\\/2009\\\/10\\\/12\\\/%e2%80%9cthe-day-after-l%e2%80%99azienda-dopo-la-crisi-un-nuovo-modo-di-fare-impresa%e2%80%9dvenerdi-16-ottobre-ore-1500-alla-nogherazza\\\/#primaryimage\"},\"thumbnailUrl\":\"http:\\\/\\\/www.bellunopress.it\\\/wp-content\\\/uploads\\\/2009\\\/05\\\/nogherazza2.jpg\",\"datePublished\":\"2009-10-12T15:46:49+00:00\",\"breadcrumb\":{\"@id\":\"https:\\\/\\\/www.bellunopress.it\\\/2009\\\/10\\\/12\\\/%e2%80%9cthe-day-after-l%e2%80%99azienda-dopo-la-crisi-un-nuovo-modo-di-fare-impresa%e2%80%9dvenerdi-16-ottobre-ore-1500-alla-nogherazza\\\/#breadcrumb\"},\"inLanguage\":\"fr-FR\",\"potentialAction\":[{\"@type\":\"ReadAction\",\"target\":[\"https:\\\/\\\/www.bellunopress.it\\\/2009\\\/10\\\/12\\\/%e2%80%9cthe-day-after-l%e2%80%99azienda-dopo-la-crisi-un-nuovo-modo-di-fare-impresa%e2%80%9dvenerdi-16-ottobre-ore-1500-alla-nogherazza\\\/\"]}]},{\"@type\":\"ImageObject\",\"inLanguage\":\"fr-FR\",\"@id\":\"https:\\\/\\\/www.bellunopress.it\\\/2009\\\/10\\\/12\\\/%e2%80%9cthe-day-after-l%e2%80%99azienda-dopo-la-crisi-un-nuovo-modo-di-fare-impresa%e2%80%9dvenerdi-16-ottobre-ore-1500-alla-nogherazza\\\/#primaryimage\",\"url\":\"http:\\\/\\\/www.bellunopress.it\\\/wp-content\\\/uploads\\\/2009\\\/05\\\/nogherazza2.jpg\",\"contentUrl\":\"http:\\\/\\\/www.bellunopress.it\\\/wp-content\\\/uploads\\\/2009\\\/05\\\/nogherazza2.jpg\"},{\"@type\":\"BreadcrumbList\",\"@id\":\"https:\\\/\\\/www.bellunopress.it\\\/2009\\\/10\\\/12\\\/%e2%80%9cthe-day-after-l%e2%80%99azienda-dopo-la-crisi-un-nuovo-modo-di-fare-impresa%e2%80%9dvenerdi-16-ottobre-ore-1500-alla-nogherazza\\\/#breadcrumb\",\"itemListElement\":[{\"@type\":\"ListItem\",\"position\":1,\"name\":\"Home\",\"item\":\"https:\\\/\\\/www.bellunopress.it\\\/\"},{\"@type\":\"ListItem\",\"position\":2,\"name\":\"\u201cThe day after. L\u2019azienda dopo la crisi. Un nuovo modo di fare impresa\u201dVenerd\u00ec 16 ottobre ore 15.00 alla Nogherazza\"}]},{\"@type\":\"WebSite\",\"@id\":\"https:\\\/\\\/www.bellunopress.it\\\/#website\",\"url\":\"https:\\\/\\\/www.bellunopress.it\\\/\",\"name\":\"Bellunopress - Dolomiti\",\"description\":\"e-mail: redazione@bellunopress.it\",\"publisher\":{\"@id\":\"https:\\\/\\\/www.bellunopress.it\\\/#organization\"},\"potentialAction\":[{\"@type\":\"SearchAction\",\"target\":{\"@type\":\"EntryPoint\",\"urlTemplate\":\"https:\\\/\\\/www.bellunopress.it\\\/?s={search_term_string}\"},\"query-input\":{\"@type\":\"PropertyValueSpecification\",\"valueRequired\":true,\"valueName\":\"search_term_string\"}}],\"inLanguage\":\"fr-FR\"},{\"@type\":\"Organization\",\"@id\":\"https:\\\/\\\/www.bellunopress.it\\\/#organization\",\"name\":\"Bellunopress\",\"url\":\"https:\\\/\\\/www.bellunopress.it\\\/\",\"logo\":{\"@type\":\"ImageObject\",\"inLanguage\":\"fr-FR\",\"@id\":\"https:\\\/\\\/www.bellunopress.it\\\/#\\\/schema\\\/logo\\\/image\\\/\",\"url\":\"https:\\\/\\\/www.bellunopress.it\\\/wp-content\\\/uploads\\\/2011\\\/05\\\/cropped-logo-bellunopress-.jpg\",\"contentUrl\":\"https:\\\/\\\/www.bellunopress.it\\\/wp-content\\\/uploads\\\/2011\\\/05\\\/cropped-logo-bellunopress-.jpg\",\"width\":512,\"height\":512,\"caption\":\"Bellunopress\"},\"image\":{\"@id\":\"https:\\\/\\\/www.bellunopress.it\\\/#\\\/schema\\\/logo\\\/image\\\/\"},\"sameAs\":[\"https:\\\/\\\/www.facebook.com\\\/profile.php?id=100008943462799\",\"https:\\\/\\\/x.com\\\/bellunopress\",\"https:\\\/\\\/www.linkedin.com\\\/hp\\\/?dnr=JBzUWaJfMUw8vbXJJ2tVW5-I3jZKvC4wsoxE&amp;amp;amp;amp;amp;amp;trk=nav_responsive_tab_home\",\"https:\\\/\\\/www.youtube.com\\\/channel\\\/UCxL0wu1uN0_3_7hGG0306cw\"]},{\"@type\":\"Person\",\"@id\":\"https:\\\/\\\/www.bellunopress.it\\\/#\\\/schema\\\/person\\\/79bb06722b37ece1c03d3e94beb30d73\",\"name\":\"redazione\",\"image\":{\"@type\":\"ImageObject\",\"inLanguage\":\"fr-FR\",\"@id\":\"https:\\\/\\\/secure.gravatar.com\\\/avatar\\\/37d968a2e67a6fd04c169c4bdef102d0bc5d31b2546345219e348575eb80e9a0?s=96&d=mm&r=g\",\"url\":\"https:\\\/\\\/secure.gravatar.com\\\/avatar\\\/37d968a2e67a6fd04c169c4bdef102d0bc5d31b2546345219e348575eb80e9a0?s=96&d=mm&r=g\",\"contentUrl\":\"https:\\\/\\\/secure.gravatar.com\\\/avatar\\\/37d968a2e67a6fd04c169c4bdef102d0bc5d31b2546345219e348575eb80e9a0?s=96&d=mm&r=g\",\"caption\":\"redazione\"},\"sameAs\":[\"http:\\\/\\\/www.bellunopress.it\",\"https:\\\/\\\/x.com\\\/bellunopress\"],\"url\":\"https:\\\/\\\/www.bellunopress.it\\\/fr\\\/author\\\/redazione\\\/\"}]}<\/script>\n<!-- \/ Yoast SEO plugin. -->","yoast_head_json":{"title":"\u201cThe day after. L\u2019azienda dopo la crisi. Un nuovo modo di fare impresa\u201dVenerd\u00ec 16 ottobre ore 15.00 alla Nogherazza  - Bellunopress - Dolomiti","robots":{"index":"index","follow":"follow","max-snippet":"max-snippet:-1","max-image-preview":"max-image-preview:large","max-video-preview":"max-video-preview:-1"},"canonical":"https:\/\/www.bellunopress.it\/fr\/2009\/10\/12\/\u201cthe-day-after-l\u2019azienda-dopo-la-crisi-un-nuovo-modo-di-fare-impresa\u201dvenerdi-16-ottobre-ore-1500-alla-nogherazza\/","og_locale":"fr_FR","og_type":"article","og_title":"\u201cThe day after. L\u2019azienda dopo la crisi. Un nuovo modo di fare impresa\u201dVenerd\u00ec 16 ottobre ore 15.00 alla Nogherazza  - Bellunopress - Dolomiti","og_description":"Frena la discesa del settore. Come esce dalla crisi l&#8217;industria metalmeccanica? Ne discutono le imprese della Sezione Industrie Metalmeccaniche di Confindustria Belluno Dolomiti guidate da Angelo Caneve (foto nella pagina iniziale), nel corso dell&#8217;assemblea dal titolo \u201cThe day after. L\u2019azienda dopo la crisi. Un nuovo modo di fare impresa\u201d in programma per venerd\u00ec 16 ottobre [&hellip;]","og_url":"https:\/\/www.bellunopress.it\/fr\/2009\/10\/12\/\u201cthe-day-after-l\u2019azienda-dopo-la-crisi-un-nuovo-modo-di-fare-impresa\u201dvenerdi-16-ottobre-ore-1500-alla-nogherazza\/","og_site_name":"Bellunopress - Dolomiti","article_publisher":"https:\/\/www.facebook.com\/profile.php?id=100008943462799","article_published_time":"2009-10-12T15:46:49+00:00","og_image":[{"url":"http:\/\/www.bellunopress.it\/wp-content\/uploads\/2009\/05\/nogherazza2.jpg","type":"","width":"","height":""}],"author":"redazione","twitter_card":"summary_large_image","twitter_creator":"@bellunopress","twitter_site":"@bellunopress","twitter_misc":{"\u00c9crit par":"redazione","Dur\u00e9e de lecture estim\u00e9e":"1 minute"},"schema":{"@context":"https:\/\/schema.org","@graph":[{"@type":"Article","@id":"https:\/\/www.bellunopress.it\/2009\/10\/12\/%e2%80%9cthe-day-after-l%e2%80%99azienda-dopo-la-crisi-un-nuovo-modo-di-fare-impresa%e2%80%9dvenerdi-16-ottobre-ore-1500-alla-nogherazza\/#article","isPartOf":{"@id":"https:\/\/www.bellunopress.it\/2009\/10\/12\/%e2%80%9cthe-day-after-l%e2%80%99azienda-dopo-la-crisi-un-nuovo-modo-di-fare-impresa%e2%80%9dvenerdi-16-ottobre-ore-1500-alla-nogherazza\/"},"author":{"name":"redazione","@id":"https:\/\/www.bellunopress.it\/#\/schema\/person\/79bb06722b37ece1c03d3e94beb30d73"},"headline":"\u201cThe day after. L\u2019azienda dopo la crisi. Un nuovo modo di fare impresa\u201dVenerd\u00ec 16 ottobre ore 15.00 alla Nogherazza","datePublished":"2009-10-12T15:46:49+00:00","mainEntityOfPage":{"@id":"https:\/\/www.bellunopress.it\/2009\/10\/12\/%e2%80%9cthe-day-after-l%e2%80%99azienda-dopo-la-crisi-un-nuovo-modo-di-fare-impresa%e2%80%9dvenerdi-16-ottobre-ore-1500-alla-nogherazza\/"},"wordCount":271,"publisher":{"@id":"https:\/\/www.bellunopress.it\/#organization"},"image":{"@id":"https:\/\/www.bellunopress.it\/2009\/10\/12\/%e2%80%9cthe-day-after-l%e2%80%99azienda-dopo-la-crisi-un-nuovo-modo-di-fare-impresa%e2%80%9dvenerdi-16-ottobre-ore-1500-alla-nogherazza\/#primaryimage"},"thumbnailUrl":"http:\/\/www.bellunopress.it\/wp-content\/uploads\/2009\/05\/nogherazza2.jpg","keywords":["Belluno","Dolomiti"],"articleSection":["Appuntamenti, Eventi","Lavoro, Economia, Turismo","Prima Pagina"],"inLanguage":"fr-FR"},{"@type":"WebPage","@id":"https:\/\/www.bellunopress.it\/2009\/10\/12\/%e2%80%9cthe-day-after-l%e2%80%99azienda-dopo-la-crisi-un-nuovo-modo-di-fare-impresa%e2%80%9dvenerdi-16-ottobre-ore-1500-alla-nogherazza\/","url":"https:\/\/www.bellunopress.it\/2009\/10\/12\/%e2%80%9cthe-day-after-l%e2%80%99azienda-dopo-la-crisi-un-nuovo-modo-di-fare-impresa%e2%80%9dvenerdi-16-ottobre-ore-1500-alla-nogherazza\/","name":"\u201cThe day after. L\u2019azienda dopo la crisi. Un nuovo modo di fare impresa\u201dVenerd\u00ec 16 ottobre ore 15.00 alla Nogherazza - Bellunopress - Dolomiti","isPartOf":{"@id":"https:\/\/www.bellunopress.it\/#website"},"primaryImageOfPage":{"@id":"https:\/\/www.bellunopress.it\/2009\/10\/12\/%e2%80%9cthe-day-after-l%e2%80%99azienda-dopo-la-crisi-un-nuovo-modo-di-fare-impresa%e2%80%9dvenerdi-16-ottobre-ore-1500-alla-nogherazza\/#primaryimage"},"image":{"@id":"https:\/\/www.bellunopress.it\/2009\/10\/12\/%e2%80%9cthe-day-after-l%e2%80%99azienda-dopo-la-crisi-un-nuovo-modo-di-fare-impresa%e2%80%9dvenerdi-16-ottobre-ore-1500-alla-nogherazza\/#primaryimage"},"thumbnailUrl":"http:\/\/www.bellunopress.it\/wp-content\/uploads\/2009\/05\/nogherazza2.jpg","datePublished":"2009-10-12T15:46:49+00:00","breadcrumb":{"@id":"https:\/\/www.bellunopress.it\/2009\/10\/12\/%e2%80%9cthe-day-after-l%e2%80%99azienda-dopo-la-crisi-un-nuovo-modo-di-fare-impresa%e2%80%9dvenerdi-16-ottobre-ore-1500-alla-nogherazza\/#breadcrumb"},"inLanguage":"fr-FR","potentialAction":[{"@type":"ReadAction","target":["https:\/\/www.bellunopress.it\/2009\/10\/12\/%e2%80%9cthe-day-after-l%e2%80%99azienda-dopo-la-crisi-un-nuovo-modo-di-fare-impresa%e2%80%9dvenerdi-16-ottobre-ore-1500-alla-nogherazza\/"]}]},{"@type":"ImageObject","inLanguage":"fr-FR","@id":"https:\/\/www.bellunopress.it\/2009\/10\/12\/%e2%80%9cthe-day-after-l%e2%80%99azienda-dopo-la-crisi-un-nuovo-modo-di-fare-impresa%e2%80%9dvenerdi-16-ottobre-ore-1500-alla-nogherazza\/#primaryimage","url":"http:\/\/www.bellunopress.it\/wp-content\/uploads\/2009\/05\/nogherazza2.jpg","contentUrl":"http:\/\/www.bellunopress.it\/wp-content\/uploads\/2009\/05\/nogherazza2.jpg"},{"@type":"BreadcrumbList","@id":"https:\/\/www.bellunopress.it\/2009\/10\/12\/%e2%80%9cthe-day-after-l%e2%80%99azienda-dopo-la-crisi-un-nuovo-modo-di-fare-impresa%e2%80%9dvenerdi-16-ottobre-ore-1500-alla-nogherazza\/#breadcrumb","itemListElement":[{"@type":"ListItem","position":1,"name":"Home","item":"https:\/\/www.bellunopress.it\/"},{"@type":"ListItem","position":2,"name":"\u201cThe day after. L\u2019azienda dopo la crisi. Un nuovo modo di fare impresa\u201dVenerd\u00ec 16 ottobre ore 15.00 alla Nogherazza"}]},{"@type":"WebSite","@id":"https:\/\/www.bellunopress.it\/#website","url":"https:\/\/www.bellunopress.it\/","name":"Bellunopress - Dolomiti","description":"e-mail: redazione@bellunopress.it","publisher":{"@id":"https:\/\/www.bellunopress.it\/#organization"},"potentialAction":[{"@type":"SearchAction","target":{"@type":"EntryPoint","urlTemplate":"https:\/\/www.bellunopress.it\/?s={search_term_string}"},"query-input":{"@type":"PropertyValueSpecification","valueRequired":true,"valueName":"search_term_string"}}],"inLanguage":"fr-FR"},{"@type":"Organization","@id":"https:\/\/www.bellunopress.it\/#organization","name":"Bellunopress","url":"https:\/\/www.bellunopress.it\/","logo":{"@type":"ImageObject","inLanguage":"fr-FR","@id":"https:\/\/www.bellunopress.it\/#\/schema\/logo\/image\/","url":"https:\/\/www.bellunopress.it\/wp-content\/uploads\/2011\/05\/cropped-logo-bellunopress-.jpg","contentUrl":"https:\/\/www.bellunopress.it\/wp-content\/uploads\/2011\/05\/cropped-logo-bellunopress-.jpg","width":512,"height":512,"caption":"Bellunopress"},"image":{"@id":"https:\/\/www.bellunopress.it\/#\/schema\/logo\/image\/"},"sameAs":["https:\/\/www.facebook.com\/profile.php?id=100008943462799","https:\/\/x.com\/bellunopress","https:\/\/www.linkedin.com\/hp\/?dnr=JBzUWaJfMUw8vbXJJ2tVW5-I3jZKvC4wsoxE&amp;amp;amp;amp;amp;amp;trk=nav_responsive_tab_home","https:\/\/www.youtube.com\/channel\/UCxL0wu1uN0_3_7hGG0306cw"]},{"@type":"Person","@id":"https:\/\/www.bellunopress.it\/#\/schema\/person\/79bb06722b37ece1c03d3e94beb30d73","name":"r\u00e9daction","image":{"@type":"ImageObject","inLanguage":"fr-FR","@id":"https:\/\/secure.gravatar.com\/avatar\/37d968a2e67a6fd04c169c4bdef102d0bc5d31b2546345219e348575eb80e9a0?s=96&d=mm&r=g","url":"https:\/\/secure.gravatar.com\/avatar\/37d968a2e67a6fd04c169c4bdef102d0bc5d31b2546345219e348575eb80e9a0?s=96&d=mm&r=g","contentUrl":"https:\/\/secure.gravatar.com\/avatar\/37d968a2e67a6fd04c169c4bdef102d0bc5d31b2546345219e348575eb80e9a0?s=96&d=mm&r=g","caption":"redazione"},"sameAs":["http:\/\/www.bellunopress.it","https:\/\/x.com\/bellunopress"],"url":"https:\/\/www.bellunopress.it\/fr\/author\/redazione\/"}]}},"_links":{"self":[{"href":"https:\/\/www.bellunopress.it\/fr\/wp-json\/wp\/v2\/posts\/8849","targetHints":{"allow":["GET"]}}],"collection":[{"href":"https:\/\/www.bellunopress.it\/fr\/wp-json\/wp\/v2\/posts"}],"about":[{"href":"https:\/\/www.bellunopress.it\/fr\/wp-json\/wp\/v2\/types\/post"}],"author":[{"embeddable":true,"href":"https:\/\/www.bellunopress.it\/fr\/wp-json\/wp\/v2\/users\/2"}],"replies":[{"embeddable":true,"href":"https:\/\/www.bellunopress.it\/fr\/wp-json\/wp\/v2\/comments?post=8849"}],"version-history":[{"count":1,"href":"https:\/\/www.bellunopress.it\/fr\/wp-json\/wp\/v2\/posts\/8849\/revisions"}],"predecessor-version":[{"id":8850,"href":"https:\/\/www.bellunopress.it\/fr\/wp-json\/wp\/v2\/posts\/8849\/revisions\/8850"}],"wp:attachment":[{"href":"https:\/\/www.bellunopress.it\/fr\/wp-json\/wp\/v2\/media?parent=8849"}],"wp:term":[{"taxonomy":"category","embeddable":true,"href":"https:\/\/www.bellunopress.it\/fr\/wp-json\/wp\/v2\/categories?post=8849"},{"taxonomy":"post_tag","embeddable":true,"href":"https:\/\/www.bellunopress.it\/fr\/wp-json\/wp\/v2\/tags?post=8849"}],"curies":[{"name":"wp","href":"https:\/\/api.w.org\/{rel}","templated":true}]}}