{"id":8839,"date":"2009-10-11T20:45:38","date_gmt":"2009-10-11T19:45:38","guid":{"rendered":"http:\/\/www.bellunopress.it\/?p=8839"},"modified":"2009-10-11T20:45:38","modified_gmt":"2009-10-11T19:45:38","slug":"mozione-bersani-costruire-insieme-il-futuro-dei-bellunesi","status":"publish","type":"post","link":"https:\/\/www.bellunopress.it\/fr\/2009\/10\/11\/mozione-bersani-costruire-insieme-il-futuro-dei-bellunesi\/","title":{"rendered":"Mozione Bersani: costruire insieme il futuro dei bellunesi"},"content":{"rendered":"<p>La Mozione Bersani del Partito Democratico Bellunese richiama l&#8217;\u0092attenzione di tutti i cittadini su alcuni temi cruciali per il futuro della nostra provincia:<br \/>\nIl lavoro. In provincia di Belluno le multinazionali comprano e vendono aziende vive, mettendo tra parentesi gli uomini e le donne che col loro lavoro le hanno rese grandi e competitive. Nella selva dei tanti contratti e nel nome di una disinvolta (inumana) flessibilit\u00e0, il lavoratore \u00e8 usato, comprato, venduto, scambiato come la merce che produce. Se una azienda non rinnova il contratto a 100 lavoratori e li riassume con contratti a termine per il PDB non ha assunto 100 nuovi lavoratori, ma li ha solo sfruttati togliendo loro dignit\u00e0 e rispetto, speranza e futuro.<br \/>\nLa salute.\u00a0 Oggi la cura e la assistenza degli anziani, dei deboli, dei diversamente abili \u00e8 stata trasferita alle famiglie: \u00e8 stata subdolamente privatizzata e dismessa dal pubblico. A questo e al disegno, ormai chiaro, di togliere ai cittadini della provincia di Belluno\u00a0 la sicurezza di essere curati in luoghi prossimi ai loro paesi e alle loro citt\u00e0 il PD Bellunese si oppone con tutte le proprie forze. La pianura non \u00e8 il luogo di cura per i cittadini della montagna e la salute non \u00e8 un privilegio.<br \/>\nLa scuola. Nella provincia di Belluno sono sparite oltre 100 cattedre e aumentano le pluriclassi. La colpa della Provincia \u00e8 di essere di montagna: eppure studenti capaci e meritevoli Belluno e dintorni ne ha sempre avuti. A loro si toglie, non si d\u00e0. La scuola in montagna costa: non la si migliora con tagli indiscriminati e con finte riforme che dovrebbero portare il nome del Ministro Tremonti (e non Gelmini). Il PDB vuole una scuola dotata di risorse adeguate e larga autonomia.<br \/>\nLa montagna. La provincia di Belluno non \u00e8 il parco giochi del fine settimana per chi abita in pianura. Dobbiamo salvaguardare i paesi di montagna e tutelare la gente che vi abita. Il PD Bellunese vuole che siano riconosciute ed assicurate alla provincia di Belluno le sue specificit\u00e0 e ampie forme di autonomia e di autogoverno.<br \/>\nPer portare avanti queste battaglie il PD Bellunese, nella componente che si riconosce nel progetto Bersani, vuole un partito unito, organizzato, aperto all\u0092innovazione, al dialogo, al confronto. Vuole un partito con una forte identit\u00e0 e fatto di persone che si pongono al servizio del bene comune, e non delle proprie ambizioni, e di persone che non intendono fare della politica una professione, ma che alla politica desiderano prestare le proprie qualit\u00e0 umane e le proprie competenze professionali con spirito di servizio.<br \/>\nIl 25 ottobre, alle primarie del Pd, questi saranno i candidati bellunesi che sosterranno Pierluigi Bersani e Rosanna Filippin nella corsa per la segreteria regionale: Claudia Bettiol, Valerio Tabacchi, Maria Antonia Ciotti, Luciano Dal Molin, Danila Tirabeni, Renato Bressan, Maria Teresa Cassol, Christian De Pellegrin, Simonetta Buttignon, Marco Reato e Monica Savio. I candidati bellunesi che invece sosterranno Pierluigi Bersani nella corsa per la segreteria nazionale sono Marco Perale, Dolores Bortolas, Pierpaolo Genova e Roberta De Battista.<\/p>","protected":false},"excerpt":{"rendered":"<p>La Mozione Bersani del Partito Democratico Bellunese richiama l&#8217;\u0092attenzione di tutti i cittadini su alcuni temi cruciali per il futuro della nostra provincia: Il lavoro. In provincia di Belluno le multinazionali comprano e vendono aziende vive, mettendo tra parentesi gli uomini e le donne che col loro lavoro le hanno rese grandi e competitive. Nella [&hellip;]<\/p>\n","protected":false},"author":2,"featured_media":0,"comment_status":"closed","ping_status":"open","sticky":false,"template":"","format":"standard","meta":{"footnotes":""},"categories":[5,26],"tags":[139],"class_list":["post-8839","post","type-post","status-publish","format-standard","category-cronaca","category-prima-pagina","tag-belluno"],"yoast_head":"<!-- This site is optimized with the Yoast SEO plugin v28.4 - https:\/\/yoast.com\/product\/yoast-seo-wordpress\/ -->\n<title>Mozione Bersani: costruire insieme il futuro dei bellunesi - Bellunopress - Dolomiti<\/title>\n<meta name=\"robots\" content=\"index, follow, max-snippet:-1, max-image-preview:large, max-video-preview:-1\" \/>\n<link rel=\"canonical\" href=\"https:\/\/www.bellunopress.it\/fr\/2009\/10\/11\/mozione-bersani-costruire-insieme-il-futuro-dei-bellunesi\/\" \/>\n<meta property=\"og:locale\" content=\"fr_FR\" \/>\n<meta property=\"og:type\" content=\"article\" \/>\n<meta property=\"og:title\" content=\"Mozione Bersani: costruire insieme il futuro dei bellunesi - Bellunopress - Dolomiti\" \/>\n<meta property=\"og:description\" content=\"La Mozione Bersani del Partito Democratico Bellunese richiama l&#8217;\u0092attenzione di tutti i cittadini su alcuni temi cruciali per il futuro della nostra provincia: Il lavoro. In provincia di Belluno le multinazionali comprano e vendono aziende vive, mettendo tra parentesi gli uomini e le donne che col loro lavoro le hanno rese grandi e competitive. Nella [&hellip;]\" \/>\n<meta property=\"og:url\" content=\"https:\/\/www.bellunopress.it\/fr\/2009\/10\/11\/mozione-bersani-costruire-insieme-il-futuro-dei-bellunesi\/\" \/>\n<meta property=\"og:site_name\" content=\"Bellunopress - Dolomiti\" \/>\n<meta property=\"article:publisher\" content=\"https:\/\/www.facebook.com\/profile.php?id=100008943462799\" \/>\n<meta property=\"article:published_time\" content=\"2009-10-11T19:45:38+00:00\" \/>\n<meta property=\"og:image\" content=\"http:\/\/www.bellunopress.it\/wp-content\/uploads\/2012\/07\/logo-bellunopress-250x250-2012.jpg\" \/>\n<meta name=\"author\" content=\"redazione\" \/>\n<meta name=\"twitter:card\" content=\"summary_large_image\" \/>\n<meta name=\"twitter:creator\" content=\"@bellunopress\" \/>\n<meta name=\"twitter:site\" content=\"@bellunopress\" \/>\n<meta name=\"twitter:label1\" content=\"\u00c9crit par\" \/>\n\t<meta name=\"twitter:data1\" content=\"redazione\" \/>\n\t<meta name=\"twitter:label2\" content=\"Dur\u00e9e de lecture estim\u00e9e\" \/>\n\t<meta name=\"twitter:data2\" content=\"2 minutes\" \/>\n<script type=\"application\/ld+json\" class=\"yoast-schema-graph\">{\"@context\":\"https:\\\/\\\/schema.org\",\"@graph\":[{\"@type\":\"Article\",\"@id\":\"https:\\\/\\\/www.bellunopress.it\\\/2009\\\/10\\\/11\\\/mozione-bersani-costruire-insieme-il-futuro-dei-bellunesi\\\/#article\",\"isPartOf\":{\"@id\":\"https:\\\/\\\/www.bellunopress.it\\\/2009\\\/10\\\/11\\\/mozione-bersani-costruire-insieme-il-futuro-dei-bellunesi\\\/\"},\"author\":{\"name\":\"redazione\",\"@id\":\"https:\\\/\\\/www.bellunopress.it\\\/#\\\/schema\\\/person\\\/79bb06722b37ece1c03d3e94beb30d73\"},\"headline\":\"Mozione Bersani: costruire insieme il futuro dei bellunesi\",\"datePublished\":\"2009-10-11T19:45:38+00:00\",\"mainEntityOfPage\":{\"@id\":\"https:\\\/\\\/www.bellunopress.it\\\/2009\\\/10\\\/11\\\/mozione-bersani-costruire-insieme-il-futuro-dei-bellunesi\\\/\"},\"wordCount\":501,\"publisher\":{\"@id\":\"https:\\\/\\\/www.bellunopress.it\\\/#organization\"},\"keywords\":[\"Belluno\"],\"articleSection\":[\"Cronaca\\\/Politica\",\"Prima Pagina\"],\"inLanguage\":\"fr-FR\"},{\"@type\":\"WebPage\",\"@id\":\"https:\\\/\\\/www.bellunopress.it\\\/2009\\\/10\\\/11\\\/mozione-bersani-costruire-insieme-il-futuro-dei-bellunesi\\\/\",\"url\":\"https:\\\/\\\/www.bellunopress.it\\\/2009\\\/10\\\/11\\\/mozione-bersani-costruire-insieme-il-futuro-dei-bellunesi\\\/\",\"name\":\"Mozione Bersani: costruire insieme il futuro dei bellunesi - Bellunopress - Dolomiti\",\"isPartOf\":{\"@id\":\"https:\\\/\\\/www.bellunopress.it\\\/#website\"},\"datePublished\":\"2009-10-11T19:45:38+00:00\",\"breadcrumb\":{\"@id\":\"https:\\\/\\\/www.bellunopress.it\\\/2009\\\/10\\\/11\\\/mozione-bersani-costruire-insieme-il-futuro-dei-bellunesi\\\/#breadcrumb\"},\"inLanguage\":\"fr-FR\",\"potentialAction\":[{\"@type\":\"ReadAction\",\"target\":[\"https:\\\/\\\/www.bellunopress.it\\\/2009\\\/10\\\/11\\\/mozione-bersani-costruire-insieme-il-futuro-dei-bellunesi\\\/\"]}]},{\"@type\":\"BreadcrumbList\",\"@id\":\"https:\\\/\\\/www.bellunopress.it\\\/2009\\\/10\\\/11\\\/mozione-bersani-costruire-insieme-il-futuro-dei-bellunesi\\\/#breadcrumb\",\"itemListElement\":[{\"@type\":\"ListItem\",\"position\":1,\"name\":\"Home\",\"item\":\"https:\\\/\\\/www.bellunopress.it\\\/\"},{\"@type\":\"ListItem\",\"position\":2,\"name\":\"Mozione Bersani: costruire insieme il futuro dei bellunesi\"}]},{\"@type\":\"WebSite\",\"@id\":\"https:\\\/\\\/www.bellunopress.it\\\/#website\",\"url\":\"https:\\\/\\\/www.bellunopress.it\\\/\",\"name\":\"Bellunopress - Dolomiti\",\"description\":\"e-mail: redazione@bellunopress.it\",\"publisher\":{\"@id\":\"https:\\\/\\\/www.bellunopress.it\\\/#organization\"},\"potentialAction\":[{\"@type\":\"SearchAction\",\"target\":{\"@type\":\"EntryPoint\",\"urlTemplate\":\"https:\\\/\\\/www.bellunopress.it\\\/?s={search_term_string}\"},\"query-input\":{\"@type\":\"PropertyValueSpecification\",\"valueRequired\":true,\"valueName\":\"search_term_string\"}}],\"inLanguage\":\"fr-FR\"},{\"@type\":\"Organization\",\"@id\":\"https:\\\/\\\/www.bellunopress.it\\\/#organization\",\"name\":\"Bellunopress\",\"url\":\"https:\\\/\\\/www.bellunopress.it\\\/\",\"logo\":{\"@type\":\"ImageObject\",\"inLanguage\":\"fr-FR\",\"@id\":\"https:\\\/\\\/www.bellunopress.it\\\/#\\\/schema\\\/logo\\\/image\\\/\",\"url\":\"https:\\\/\\\/www.bellunopress.it\\\/wp-content\\\/uploads\\\/2011\\\/05\\\/cropped-logo-bellunopress-.jpg\",\"contentUrl\":\"https:\\\/\\\/www.bellunopress.it\\\/wp-content\\\/uploads\\\/2011\\\/05\\\/cropped-logo-bellunopress-.jpg\",\"width\":512,\"height\":512,\"caption\":\"Bellunopress\"},\"image\":{\"@id\":\"https:\\\/\\\/www.bellunopress.it\\\/#\\\/schema\\\/logo\\\/image\\\/\"},\"sameAs\":[\"https:\\\/\\\/www.facebook.com\\\/profile.php?id=100008943462799\",\"https:\\\/\\\/x.com\\\/bellunopress\",\"https:\\\/\\\/www.linkedin.com\\\/hp\\\/?dnr=JBzUWaJfMUw8vbXJJ2tVW5-I3jZKvC4wsoxE&amp;amp;amp;amp;amp;amp;trk=nav_responsive_tab_home\",\"https:\\\/\\\/www.youtube.com\\\/channel\\\/UCxL0wu1uN0_3_7hGG0306cw\"]},{\"@type\":\"Person\",\"@id\":\"https:\\\/\\\/www.bellunopress.it\\\/#\\\/schema\\\/person\\\/79bb06722b37ece1c03d3e94beb30d73\",\"name\":\"redazione\",\"image\":{\"@type\":\"ImageObject\",\"inLanguage\":\"fr-FR\",\"@id\":\"https:\\\/\\\/secure.gravatar.com\\\/avatar\\\/37d968a2e67a6fd04c169c4bdef102d0bc5d31b2546345219e348575eb80e9a0?s=96&d=mm&r=g\",\"url\":\"https:\\\/\\\/secure.gravatar.com\\\/avatar\\\/37d968a2e67a6fd04c169c4bdef102d0bc5d31b2546345219e348575eb80e9a0?s=96&d=mm&r=g\",\"contentUrl\":\"https:\\\/\\\/secure.gravatar.com\\\/avatar\\\/37d968a2e67a6fd04c169c4bdef102d0bc5d31b2546345219e348575eb80e9a0?s=96&d=mm&r=g\",\"caption\":\"redazione\"},\"sameAs\":[\"http:\\\/\\\/www.bellunopress.it\",\"https:\\\/\\\/x.com\\\/bellunopress\"],\"url\":\"https:\\\/\\\/www.bellunopress.it\\\/fr\\\/author\\\/redazione\\\/\"}]}<\/script>\n<!-- \/ Yoast SEO plugin. -->","yoast_head_json":{"title":"Mozione Bersani: costruire insieme il futuro dei bellunesi - Bellunopress - Dolomiti","robots":{"index":"index","follow":"follow","max-snippet":"max-snippet:-1","max-image-preview":"max-image-preview:large","max-video-preview":"max-video-preview:-1"},"canonical":"https:\/\/www.bellunopress.it\/fr\/2009\/10\/11\/mozione-bersani-costruire-insieme-il-futuro-dei-bellunesi\/","og_locale":"fr_FR","og_type":"article","og_title":"Mozione Bersani: costruire insieme il futuro dei bellunesi - Bellunopress - Dolomiti","og_description":"La Mozione Bersani del Partito Democratico Bellunese richiama l&#8217;\u0092attenzione di tutti i cittadini su alcuni temi cruciali per il futuro della nostra provincia: Il lavoro. In provincia di Belluno le multinazionali comprano e vendono aziende vive, mettendo tra parentesi gli uomini e le donne che col loro lavoro le hanno rese grandi e competitive. Nella [&hellip;]","og_url":"https:\/\/www.bellunopress.it\/fr\/2009\/10\/11\/mozione-bersani-costruire-insieme-il-futuro-dei-bellunesi\/","og_site_name":"Bellunopress - Dolomiti","article_publisher":"https:\/\/www.facebook.com\/profile.php?id=100008943462799","article_published_time":"2009-10-11T19:45:38+00:00","og_image":[{"url":"http:\/\/www.bellunopress.it\/wp-content\/uploads\/2012\/07\/logo-bellunopress-250x250-2012.jpg","type":"","width":"","height":""}],"author":"redazione","twitter_card":"summary_large_image","twitter_creator":"@bellunopress","twitter_site":"@bellunopress","twitter_misc":{"\u00c9crit par":"redazione","Dur\u00e9e de lecture estim\u00e9e":"2 minutes"},"schema":{"@context":"https:\/\/schema.org","@graph":[{"@type":"Article","@id":"https:\/\/www.bellunopress.it\/2009\/10\/11\/mozione-bersani-costruire-insieme-il-futuro-dei-bellunesi\/#article","isPartOf":{"@id":"https:\/\/www.bellunopress.it\/2009\/10\/11\/mozione-bersani-costruire-insieme-il-futuro-dei-bellunesi\/"},"author":{"name":"redazione","@id":"https:\/\/www.bellunopress.it\/#\/schema\/person\/79bb06722b37ece1c03d3e94beb30d73"},"headline":"Mozione Bersani: costruire insieme il futuro dei bellunesi","datePublished":"2009-10-11T19:45:38+00:00","mainEntityOfPage":{"@id":"https:\/\/www.bellunopress.it\/2009\/10\/11\/mozione-bersani-costruire-insieme-il-futuro-dei-bellunesi\/"},"wordCount":501,"publisher":{"@id":"https:\/\/www.bellunopress.it\/#organization"},"keywords":["Belluno"],"articleSection":["Cronaca\/Politica","Prima Pagina"],"inLanguage":"fr-FR"},{"@type":"WebPage","@id":"https:\/\/www.bellunopress.it\/2009\/10\/11\/mozione-bersani-costruire-insieme-il-futuro-dei-bellunesi\/","url":"https:\/\/www.bellunopress.it\/2009\/10\/11\/mozione-bersani-costruire-insieme-il-futuro-dei-bellunesi\/","name":"Mozione Bersani: costruire insieme il futuro dei bellunesi - Bellunopress - Dolomiti","isPartOf":{"@id":"https:\/\/www.bellunopress.it\/#website"},"datePublished":"2009-10-11T19:45:38+00:00","breadcrumb":{"@id":"https:\/\/www.bellunopress.it\/2009\/10\/11\/mozione-bersani-costruire-insieme-il-futuro-dei-bellunesi\/#breadcrumb"},"inLanguage":"fr-FR","potentialAction":[{"@type":"ReadAction","target":["https:\/\/www.bellunopress.it\/2009\/10\/11\/mozione-bersani-costruire-insieme-il-futuro-dei-bellunesi\/"]}]},{"@type":"BreadcrumbList","@id":"https:\/\/www.bellunopress.it\/2009\/10\/11\/mozione-bersani-costruire-insieme-il-futuro-dei-bellunesi\/#breadcrumb","itemListElement":[{"@type":"ListItem","position":1,"name":"Home","item":"https:\/\/www.bellunopress.it\/"},{"@type":"ListItem","position":2,"name":"Mozione Bersani: costruire insieme il futuro dei bellunesi"}]},{"@type":"WebSite","@id":"https:\/\/www.bellunopress.it\/#website","url":"https:\/\/www.bellunopress.it\/","name":"Bellunopress - Dolomiti","description":"e-mail: redazione@bellunopress.it","publisher":{"@id":"https:\/\/www.bellunopress.it\/#organization"},"potentialAction":[{"@type":"SearchAction","target":{"@type":"EntryPoint","urlTemplate":"https:\/\/www.bellunopress.it\/?s={search_term_string}"},"query-input":{"@type":"PropertyValueSpecification","valueRequired":true,"valueName":"search_term_string"}}],"inLanguage":"fr-FR"},{"@type":"Organization","@id":"https:\/\/www.bellunopress.it\/#organization","name":"Bellunopress","url":"https:\/\/www.bellunopress.it\/","logo":{"@type":"ImageObject","inLanguage":"fr-FR","@id":"https:\/\/www.bellunopress.it\/#\/schema\/logo\/image\/","url":"https:\/\/www.bellunopress.it\/wp-content\/uploads\/2011\/05\/cropped-logo-bellunopress-.jpg","contentUrl":"https:\/\/www.bellunopress.it\/wp-content\/uploads\/2011\/05\/cropped-logo-bellunopress-.jpg","width":512,"height":512,"caption":"Bellunopress"},"image":{"@id":"https:\/\/www.bellunopress.it\/#\/schema\/logo\/image\/"},"sameAs":["https:\/\/www.facebook.com\/profile.php?id=100008943462799","https:\/\/x.com\/bellunopress","https:\/\/www.linkedin.com\/hp\/?dnr=JBzUWaJfMUw8vbXJJ2tVW5-I3jZKvC4wsoxE&amp;amp;amp;amp;amp;amp;trk=nav_responsive_tab_home","https:\/\/www.youtube.com\/channel\/UCxL0wu1uN0_3_7hGG0306cw"]},{"@type":"Person","@id":"https:\/\/www.bellunopress.it\/#\/schema\/person\/79bb06722b37ece1c03d3e94beb30d73","name":"r\u00e9daction","image":{"@type":"ImageObject","inLanguage":"fr-FR","@id":"https:\/\/secure.gravatar.com\/avatar\/37d968a2e67a6fd04c169c4bdef102d0bc5d31b2546345219e348575eb80e9a0?s=96&d=mm&r=g","url":"https:\/\/secure.gravatar.com\/avatar\/37d968a2e67a6fd04c169c4bdef102d0bc5d31b2546345219e348575eb80e9a0?s=96&d=mm&r=g","contentUrl":"https:\/\/secure.gravatar.com\/avatar\/37d968a2e67a6fd04c169c4bdef102d0bc5d31b2546345219e348575eb80e9a0?s=96&d=mm&r=g","caption":"redazione"},"sameAs":["http:\/\/www.bellunopress.it","https:\/\/x.com\/bellunopress"],"url":"https:\/\/www.bellunopress.it\/fr\/author\/redazione\/"}]}},"_links":{"self":[{"href":"https:\/\/www.bellunopress.it\/fr\/wp-json\/wp\/v2\/posts\/8839","targetHints":{"allow":["GET"]}}],"collection":[{"href":"https:\/\/www.bellunopress.it\/fr\/wp-json\/wp\/v2\/posts"}],"about":[{"href":"https:\/\/www.bellunopress.it\/fr\/wp-json\/wp\/v2\/types\/post"}],"author":[{"embeddable":true,"href":"https:\/\/www.bellunopress.it\/fr\/wp-json\/wp\/v2\/users\/2"}],"replies":[{"embeddable":true,"href":"https:\/\/www.bellunopress.it\/fr\/wp-json\/wp\/v2\/comments?post=8839"}],"version-history":[{"count":1,"href":"https:\/\/www.bellunopress.it\/fr\/wp-json\/wp\/v2\/posts\/8839\/revisions"}],"predecessor-version":[{"id":8840,"href":"https:\/\/www.bellunopress.it\/fr\/wp-json\/wp\/v2\/posts\/8839\/revisions\/8840"}],"wp:attachment":[{"href":"https:\/\/www.bellunopress.it\/fr\/wp-json\/wp\/v2\/media?parent=8839"}],"wp:term":[{"taxonomy":"category","embeddable":true,"href":"https:\/\/www.bellunopress.it\/fr\/wp-json\/wp\/v2\/categories?post=8839"},{"taxonomy":"post_tag","embeddable":true,"href":"https:\/\/www.bellunopress.it\/fr\/wp-json\/wp\/v2\/tags?post=8839"}],"curies":[{"name":"wp","href":"https:\/\/api.w.org\/{rel}","templated":true}]}}