{"id":8837,"date":"2009-10-11T20:37:29","date_gmt":"2009-10-11T19:37:29","guid":{"rendered":"http:\/\/www.bellunopress.it\/?p=8837"},"modified":"2009-10-11T20:37:29","modified_gmt":"2009-10-11T19:37:29","slug":"la-lotta-per-lacqua","status":"publish","type":"post","link":"https:\/\/www.bellunopress.it\/fr\/2009\/10\/11\/la-lotta-per-lacqua\/","title":{"rendered":"La lotta per l&#8217;acqua"},"content":{"rendered":"<p>Di recente si \u00e8 accesa una gran lotta per la conquista di attivit\u00e0 economiche d&#8217;importanza vitale per la stessa sopravvivenza umana, quindi inevitabilmente oltremodo remunerative, come ad esempio quella della gestione dell&#8217;acqua. Da entrambe le parti in lizza ogni giorno si spiegano forze vieppi\u00f9 consistenti. Comincia per\u00f2 a farsi strada la percezione che i cittadini ancora una volta siano rimasti esclusi dai giochi. Infatti, se si presta attenzione, ci si accorge che nei fatti la lotta sta avvenendo tra PRIVATI e STATALI.<br \/>\nLa maggioranza della popolazione, i cittadini, gli esseri umani, continuano ad avere un&#8217;unica scelta: decidere se essere clienti di aziende private o fruitori di un servizio che in effetti, senza una loro partecipazione concreta, quotidiana, reale, quindi pure retribuita di conseguenza, non pu\u00f2 essere affatto definito &#8220;pubblico&#8221;. A contrastare lo strapotere economico dei privati ancora una volta non \u00e8 infatti una cittadinanza conscia dei suoi diritti repubblicani ma la solita privilegiata casta di statali d&#8217;epoca monarchica, i quali non fan altro che cercare di riconquistare le posizioni perdute, i sontuosi fasti del passato.<\/p>\n<p>L&#8217;acqua statale non \u00e8 pubblica.<br \/>\nSia allo scopo di rintuzzare pi\u00f9 facilmente i privati, sia allo scopo di realizzare, pur con gran ritardo, l&#8217;ideale di una gestione collettiva, implicito nell&#8217;ordinamento politico di una res publica, i cittadini devono prendere coscienza della distanza esistente tra una gestione in mano ai soliti statali ed una partecipativa gestione democratica. Nulla valendo il placebo di una promessa di partecipazione dall&#8217;esterno nel mero ambito pianificatorio, considerato che la gestione materiale, operativa, per intenderci le mansioni retribuite insieme ai connessi poteri, verrebbero ancora date in esclusiva agli statali.<\/p>\n<p>L&#8217;acqua statale non \u00e8 pubblica.<br \/>\nLe mille associazioni e gruppi politici impegnati in questa lotta hanno il primario dovere di rimarcare questa differenza, solo cos\u00ec potendo essi fare il reale interesse del cittadino. L&#8217;acqua \u00e8 gi\u00e0 stata in mano agli statali, come tante altre risorse e servizi. Ancora oggi noi cittadini, noi esseri umani, ovunque nel mondo, ci tocca soffrire per i massicci, pesanti guai che le oligarchie statali hanno causato in decenni di indebita permanenza nei ruoli che invece erano e sono di propriet\u00e0 collettiva. Ancora oggi non riusciamo a liberarci di loro n\u00e8 di quel putrido mondo politico che proprio su di loro fa pi\u00f9 affidamento.<br \/>\nNon possiamo tornare ad una gestione statale. Poich\u00e9 essa \u00e8 basata sull&#8217;esclusione dei cittadini, sulla loro estromissione da attivit\u00e0 che pure competono loro e li riguardano direttamente. Sulla loro continua colonizzazione, nei pensieri e nelle azioni. Dobbiamo farci coraggio. Invece di procedere per tutta la vita arrancando su proposte incomplete, che pi\u00f9 che farci andare avanti ci rigettano indietro, dobbiamo imparare a concepire proposte meditate e per questo complete, organiche, e pure creative e geniali, degne del nostro essere umani. Basta con la superficialit\u00e0 indotta da decenni di politica populista. Noi umani siamo ben di pi\u00f9 di quello che oggi ci concediamo di essere.<br \/>\nAcqua pubblica? Certamente! Non ai privati n\u00e8 agli statali.<br \/>\nBens\u00ec a Cittadini che si alternino nei ruoli della Funzione Pubblica.<br \/>\nDanilo D&#8217;Antonio<br \/>\nL&#8217;acqua statale non \u00e8 pubblica<br \/>\n<a href=\"http:\/\/www.hyperlinker.com\/ars\/acqua_statale.htm\">http:\/\/www.hyperlinker.com\/ars\/acqua_statale.htm<\/a><\/p>","protected":false},"excerpt":{"rendered":"<p>Di recente si \u00e8 accesa una gran lotta per la conquista di attivit\u00e0 economiche d&#8217;importanza vitale per la stessa sopravvivenza umana, quindi inevitabilmente oltremodo remunerative, come ad esempio quella della gestione dell&#8217;acqua. Da entrambe le parti in lizza ogni giorno si spiegano forze vieppi\u00f9 consistenti. Comincia per\u00f2 a farsi strada la percezione che i cittadini [&hellip;]<\/p>\n","protected":false},"author":2,"featured_media":0,"comment_status":"closed","ping_status":"open","sticky":false,"template":"","format":"standard","meta":{"footnotes":""},"categories":[1],"tags":[],"class_list":["post-8837","post","type-post","status-publish","format-standard","category-leo"],"yoast_head":"<!-- This site is optimized with the Yoast SEO plugin v28.4 - https:\/\/yoast.com\/product\/yoast-seo-wordpress\/ -->\n<title>La lotta per l&#039;acqua - Bellunopress - Dolomiti<\/title>\n<meta name=\"robots\" content=\"index, follow, max-snippet:-1, max-image-preview:large, max-video-preview:-1\" \/>\n<link rel=\"canonical\" href=\"https:\/\/www.bellunopress.it\/fr\/2009\/10\/11\/la-lotta-per-lacqua\/\" \/>\n<meta property=\"og:locale\" content=\"fr_FR\" \/>\n<meta property=\"og:type\" content=\"article\" \/>\n<meta property=\"og:title\" content=\"La lotta per l&#039;acqua - Bellunopress - Dolomiti\" \/>\n<meta property=\"og:description\" content=\"Di recente si \u00e8 accesa una gran lotta per la conquista di attivit\u00e0 economiche d&#8217;importanza vitale per la stessa sopravvivenza umana, quindi inevitabilmente oltremodo remunerative, come ad esempio quella della gestione dell&#8217;acqua. Da entrambe le parti in lizza ogni giorno si spiegano forze vieppi\u00f9 consistenti. Comincia per\u00f2 a farsi strada la percezione che i cittadini [&hellip;]\" \/>\n<meta property=\"og:url\" content=\"https:\/\/www.bellunopress.it\/fr\/2009\/10\/11\/la-lotta-per-lacqua\/\" \/>\n<meta property=\"og:site_name\" content=\"Bellunopress - Dolomiti\" \/>\n<meta property=\"article:publisher\" content=\"https:\/\/www.facebook.com\/profile.php?id=100008943462799\" \/>\n<meta property=\"article:published_time\" content=\"2009-10-11T19:37:29+00:00\" \/>\n<meta property=\"og:image\" content=\"http:\/\/www.bellunopress.it\/wp-content\/uploads\/2012\/07\/logo-bellunopress-250x250-2012.jpg\" \/>\n<meta name=\"author\" content=\"redazione\" \/>\n<meta name=\"twitter:card\" content=\"summary_large_image\" \/>\n<meta name=\"twitter:creator\" content=\"@bellunopress\" \/>\n<meta name=\"twitter:site\" content=\"@bellunopress\" \/>\n<meta name=\"twitter:label1\" content=\"\u00c9crit par\" \/>\n\t<meta name=\"twitter:data1\" content=\"redazione\" \/>\n\t<meta name=\"twitter:label2\" content=\"Dur\u00e9e de lecture estim\u00e9e\" \/>\n\t<meta name=\"twitter:data2\" content=\"3 minutes\" \/>\n<script type=\"application\/ld+json\" class=\"yoast-schema-graph\">{\"@context\":\"https:\\\/\\\/schema.org\",\"@graph\":[{\"@type\":\"Article\",\"@id\":\"https:\\\/\\\/www.bellunopress.it\\\/2009\\\/10\\\/11\\\/la-lotta-per-lacqua\\\/#article\",\"isPartOf\":{\"@id\":\"https:\\\/\\\/www.bellunopress.it\\\/2009\\\/10\\\/11\\\/la-lotta-per-lacqua\\\/\"},\"author\":{\"name\":\"redazione\",\"@id\":\"https:\\\/\\\/www.bellunopress.it\\\/#\\\/schema\\\/person\\\/79bb06722b37ece1c03d3e94beb30d73\"},\"headline\":\"La lotta per l&#8217;acqua\",\"datePublished\":\"2009-10-11T19:37:29+00:00\",\"mainEntityOfPage\":{\"@id\":\"https:\\\/\\\/www.bellunopress.it\\\/2009\\\/10\\\/11\\\/la-lotta-per-lacqua\\\/\"},\"wordCount\":525,\"publisher\":{\"@id\":\"https:\\\/\\\/www.bellunopress.it\\\/#organization\"},\"articleSection\":[\"Lettere Opinioni\"],\"inLanguage\":\"fr-FR\"},{\"@type\":\"WebPage\",\"@id\":\"https:\\\/\\\/www.bellunopress.it\\\/2009\\\/10\\\/11\\\/la-lotta-per-lacqua\\\/\",\"url\":\"https:\\\/\\\/www.bellunopress.it\\\/2009\\\/10\\\/11\\\/la-lotta-per-lacqua\\\/\",\"name\":\"La lotta per l'acqua - Bellunopress - Dolomiti\",\"isPartOf\":{\"@id\":\"https:\\\/\\\/www.bellunopress.it\\\/#website\"},\"datePublished\":\"2009-10-11T19:37:29+00:00\",\"breadcrumb\":{\"@id\":\"https:\\\/\\\/www.bellunopress.it\\\/2009\\\/10\\\/11\\\/la-lotta-per-lacqua\\\/#breadcrumb\"},\"inLanguage\":\"fr-FR\",\"potentialAction\":[{\"@type\":\"ReadAction\",\"target\":[\"https:\\\/\\\/www.bellunopress.it\\\/2009\\\/10\\\/11\\\/la-lotta-per-lacqua\\\/\"]}]},{\"@type\":\"BreadcrumbList\",\"@id\":\"https:\\\/\\\/www.bellunopress.it\\\/2009\\\/10\\\/11\\\/la-lotta-per-lacqua\\\/#breadcrumb\",\"itemListElement\":[{\"@type\":\"ListItem\",\"position\":1,\"name\":\"Home\",\"item\":\"https:\\\/\\\/www.bellunopress.it\\\/\"},{\"@type\":\"ListItem\",\"position\":2,\"name\":\"La lotta per l&#8217;acqua\"}]},{\"@type\":\"WebSite\",\"@id\":\"https:\\\/\\\/www.bellunopress.it\\\/#website\",\"url\":\"https:\\\/\\\/www.bellunopress.it\\\/\",\"name\":\"Bellunopress - Dolomiti\",\"description\":\"e-mail: redazione@bellunopress.it\",\"publisher\":{\"@id\":\"https:\\\/\\\/www.bellunopress.it\\\/#organization\"},\"potentialAction\":[{\"@type\":\"SearchAction\",\"target\":{\"@type\":\"EntryPoint\",\"urlTemplate\":\"https:\\\/\\\/www.bellunopress.it\\\/?s={search_term_string}\"},\"query-input\":{\"@type\":\"PropertyValueSpecification\",\"valueRequired\":true,\"valueName\":\"search_term_string\"}}],\"inLanguage\":\"fr-FR\"},{\"@type\":\"Organization\",\"@id\":\"https:\\\/\\\/www.bellunopress.it\\\/#organization\",\"name\":\"Bellunopress\",\"url\":\"https:\\\/\\\/www.bellunopress.it\\\/\",\"logo\":{\"@type\":\"ImageObject\",\"inLanguage\":\"fr-FR\",\"@id\":\"https:\\\/\\\/www.bellunopress.it\\\/#\\\/schema\\\/logo\\\/image\\\/\",\"url\":\"https:\\\/\\\/www.bellunopress.it\\\/wp-content\\\/uploads\\\/2011\\\/05\\\/cropped-logo-bellunopress-.jpg\",\"contentUrl\":\"https:\\\/\\\/www.bellunopress.it\\\/wp-content\\\/uploads\\\/2011\\\/05\\\/cropped-logo-bellunopress-.jpg\",\"width\":512,\"height\":512,\"caption\":\"Bellunopress\"},\"image\":{\"@id\":\"https:\\\/\\\/www.bellunopress.it\\\/#\\\/schema\\\/logo\\\/image\\\/\"},\"sameAs\":[\"https:\\\/\\\/www.facebook.com\\\/profile.php?id=100008943462799\",\"https:\\\/\\\/x.com\\\/bellunopress\",\"https:\\\/\\\/www.linkedin.com\\\/hp\\\/?dnr=JBzUWaJfMUw8vbXJJ2tVW5-I3jZKvC4wsoxE&amp;amp;amp;amp;amp;amp;trk=nav_responsive_tab_home\",\"https:\\\/\\\/www.youtube.com\\\/channel\\\/UCxL0wu1uN0_3_7hGG0306cw\"]},{\"@type\":\"Person\",\"@id\":\"https:\\\/\\\/www.bellunopress.it\\\/#\\\/schema\\\/person\\\/79bb06722b37ece1c03d3e94beb30d73\",\"name\":\"redazione\",\"image\":{\"@type\":\"ImageObject\",\"inLanguage\":\"fr-FR\",\"@id\":\"https:\\\/\\\/secure.gravatar.com\\\/avatar\\\/37d968a2e67a6fd04c169c4bdef102d0bc5d31b2546345219e348575eb80e9a0?s=96&d=mm&r=g\",\"url\":\"https:\\\/\\\/secure.gravatar.com\\\/avatar\\\/37d968a2e67a6fd04c169c4bdef102d0bc5d31b2546345219e348575eb80e9a0?s=96&d=mm&r=g\",\"contentUrl\":\"https:\\\/\\\/secure.gravatar.com\\\/avatar\\\/37d968a2e67a6fd04c169c4bdef102d0bc5d31b2546345219e348575eb80e9a0?s=96&d=mm&r=g\",\"caption\":\"redazione\"},\"sameAs\":[\"http:\\\/\\\/www.bellunopress.it\",\"https:\\\/\\\/x.com\\\/bellunopress\"],\"url\":\"https:\\\/\\\/www.bellunopress.it\\\/fr\\\/author\\\/redazione\\\/\"}]}<\/script>\n<!-- \/ Yoast SEO plugin. -->","yoast_head_json":{"title":"La lotta per l'acqua - Bellunopress - Dolomiti","robots":{"index":"index","follow":"follow","max-snippet":"max-snippet:-1","max-image-preview":"max-image-preview:large","max-video-preview":"max-video-preview:-1"},"canonical":"https:\/\/www.bellunopress.it\/fr\/2009\/10\/11\/la-lotta-per-lacqua\/","og_locale":"fr_FR","og_type":"article","og_title":"La lotta per l'acqua - Bellunopress - Dolomiti","og_description":"Di recente si \u00e8 accesa una gran lotta per la conquista di attivit\u00e0 economiche d&#8217;importanza vitale per la stessa sopravvivenza umana, quindi inevitabilmente oltremodo remunerative, come ad esempio quella della gestione dell&#8217;acqua. Da entrambe le parti in lizza ogni giorno si spiegano forze vieppi\u00f9 consistenti. Comincia per\u00f2 a farsi strada la percezione che i cittadini [&hellip;]","og_url":"https:\/\/www.bellunopress.it\/fr\/2009\/10\/11\/la-lotta-per-lacqua\/","og_site_name":"Bellunopress - Dolomiti","article_publisher":"https:\/\/www.facebook.com\/profile.php?id=100008943462799","article_published_time":"2009-10-11T19:37:29+00:00","og_image":[{"url":"http:\/\/www.bellunopress.it\/wp-content\/uploads\/2012\/07\/logo-bellunopress-250x250-2012.jpg","type":"","width":"","height":""}],"author":"redazione","twitter_card":"summary_large_image","twitter_creator":"@bellunopress","twitter_site":"@bellunopress","twitter_misc":{"\u00c9crit par":"redazione","Dur\u00e9e de lecture estim\u00e9e":"3 minutes"},"schema":{"@context":"https:\/\/schema.org","@graph":[{"@type":"Article","@id":"https:\/\/www.bellunopress.it\/2009\/10\/11\/la-lotta-per-lacqua\/#article","isPartOf":{"@id":"https:\/\/www.bellunopress.it\/2009\/10\/11\/la-lotta-per-lacqua\/"},"author":{"name":"redazione","@id":"https:\/\/www.bellunopress.it\/#\/schema\/person\/79bb06722b37ece1c03d3e94beb30d73"},"headline":"La lotta per l&#8217;acqua","datePublished":"2009-10-11T19:37:29+00:00","mainEntityOfPage":{"@id":"https:\/\/www.bellunopress.it\/2009\/10\/11\/la-lotta-per-lacqua\/"},"wordCount":525,"publisher":{"@id":"https:\/\/www.bellunopress.it\/#organization"},"articleSection":["Lettere Opinioni"],"inLanguage":"fr-FR"},{"@type":"WebPage","@id":"https:\/\/www.bellunopress.it\/2009\/10\/11\/la-lotta-per-lacqua\/","url":"https:\/\/www.bellunopress.it\/2009\/10\/11\/la-lotta-per-lacqua\/","name":"La lotta per l'acqua - Bellunopress - Dolomiti","isPartOf":{"@id":"https:\/\/www.bellunopress.it\/#website"},"datePublished":"2009-10-11T19:37:29+00:00","breadcrumb":{"@id":"https:\/\/www.bellunopress.it\/2009\/10\/11\/la-lotta-per-lacqua\/#breadcrumb"},"inLanguage":"fr-FR","potentialAction":[{"@type":"ReadAction","target":["https:\/\/www.bellunopress.it\/2009\/10\/11\/la-lotta-per-lacqua\/"]}]},{"@type":"BreadcrumbList","@id":"https:\/\/www.bellunopress.it\/2009\/10\/11\/la-lotta-per-lacqua\/#breadcrumb","itemListElement":[{"@type":"ListItem","position":1,"name":"Home","item":"https:\/\/www.bellunopress.it\/"},{"@type":"ListItem","position":2,"name":"La lotta per l&#8217;acqua"}]},{"@type":"WebSite","@id":"https:\/\/www.bellunopress.it\/#website","url":"https:\/\/www.bellunopress.it\/","name":"Bellunopress - Dolomiti","description":"e-mail: redazione@bellunopress.it","publisher":{"@id":"https:\/\/www.bellunopress.it\/#organization"},"potentialAction":[{"@type":"SearchAction","target":{"@type":"EntryPoint","urlTemplate":"https:\/\/www.bellunopress.it\/?s={search_term_string}"},"query-input":{"@type":"PropertyValueSpecification","valueRequired":true,"valueName":"search_term_string"}}],"inLanguage":"fr-FR"},{"@type":"Organization","@id":"https:\/\/www.bellunopress.it\/#organization","name":"Bellunopress","url":"https:\/\/www.bellunopress.it\/","logo":{"@type":"ImageObject","inLanguage":"fr-FR","@id":"https:\/\/www.bellunopress.it\/#\/schema\/logo\/image\/","url":"https:\/\/www.bellunopress.it\/wp-content\/uploads\/2011\/05\/cropped-logo-bellunopress-.jpg","contentUrl":"https:\/\/www.bellunopress.it\/wp-content\/uploads\/2011\/05\/cropped-logo-bellunopress-.jpg","width":512,"height":512,"caption":"Bellunopress"},"image":{"@id":"https:\/\/www.bellunopress.it\/#\/schema\/logo\/image\/"},"sameAs":["https:\/\/www.facebook.com\/profile.php?id=100008943462799","https:\/\/x.com\/bellunopress","https:\/\/www.linkedin.com\/hp\/?dnr=JBzUWaJfMUw8vbXJJ2tVW5-I3jZKvC4wsoxE&amp;amp;amp;amp;amp;amp;trk=nav_responsive_tab_home","https:\/\/www.youtube.com\/channel\/UCxL0wu1uN0_3_7hGG0306cw"]},{"@type":"Person","@id":"https:\/\/www.bellunopress.it\/#\/schema\/person\/79bb06722b37ece1c03d3e94beb30d73","name":"r\u00e9daction","image":{"@type":"ImageObject","inLanguage":"fr-FR","@id":"https:\/\/secure.gravatar.com\/avatar\/37d968a2e67a6fd04c169c4bdef102d0bc5d31b2546345219e348575eb80e9a0?s=96&d=mm&r=g","url":"https:\/\/secure.gravatar.com\/avatar\/37d968a2e67a6fd04c169c4bdef102d0bc5d31b2546345219e348575eb80e9a0?s=96&d=mm&r=g","contentUrl":"https:\/\/secure.gravatar.com\/avatar\/37d968a2e67a6fd04c169c4bdef102d0bc5d31b2546345219e348575eb80e9a0?s=96&d=mm&r=g","caption":"redazione"},"sameAs":["http:\/\/www.bellunopress.it","https:\/\/x.com\/bellunopress"],"url":"https:\/\/www.bellunopress.it\/fr\/author\/redazione\/"}]}},"_links":{"self":[{"href":"https:\/\/www.bellunopress.it\/fr\/wp-json\/wp\/v2\/posts\/8837","targetHints":{"allow":["GET"]}}],"collection":[{"href":"https:\/\/www.bellunopress.it\/fr\/wp-json\/wp\/v2\/posts"}],"about":[{"href":"https:\/\/www.bellunopress.it\/fr\/wp-json\/wp\/v2\/types\/post"}],"author":[{"embeddable":true,"href":"https:\/\/www.bellunopress.it\/fr\/wp-json\/wp\/v2\/users\/2"}],"replies":[{"embeddable":true,"href":"https:\/\/www.bellunopress.it\/fr\/wp-json\/wp\/v2\/comments?post=8837"}],"version-history":[{"count":1,"href":"https:\/\/www.bellunopress.it\/fr\/wp-json\/wp\/v2\/posts\/8837\/revisions"}],"predecessor-version":[{"id":8838,"href":"https:\/\/www.bellunopress.it\/fr\/wp-json\/wp\/v2\/posts\/8837\/revisions\/8838"}],"wp:attachment":[{"href":"https:\/\/www.bellunopress.it\/fr\/wp-json\/wp\/v2\/media?parent=8837"}],"wp:term":[{"taxonomy":"category","embeddable":true,"href":"https:\/\/www.bellunopress.it\/fr\/wp-json\/wp\/v2\/categories?post=8837"},{"taxonomy":"post_tag","embeddable":true,"href":"https:\/\/www.bellunopress.it\/fr\/wp-json\/wp\/v2\/tags?post=8837"}],"curies":[{"name":"wp","href":"https:\/\/api.w.org\/{rel}","templated":true}]}}