{"id":8826,"date":"2009-10-10T13:47:00","date_gmt":"2009-10-10T12:47:00","guid":{"rendered":"http:\/\/www.bellunopress.it\/?p=8826"},"modified":"2009-10-10T13:47:00","modified_gmt":"2009-10-10T12:47:00","slug":"riprende-lo-%e2%80%9cspazio-studio%e2%80%9d-allo-spazio-giovani-da-martedi-13-ottobre-il-martedi-e-il-giovedi-dalle-15-alle-18","status":"publish","type":"post","link":"https:\/\/www.bellunopress.it\/fr\/2009\/10\/10\/riprende-lo-%e2%80%9cspazio-studio%e2%80%9d-allo-spazio-giovani-da-martedi-13-ottobre-il-martedi-e-il-giovedi-dalle-15-alle-18\/","title":{"rendered":"Riprende lo \u201cSpazio Studio\u201d allo Spazio Giovani: da marted\u00ec 13 ottobre, il marted\u00ec e il gioved\u00ec, dalle 15 alle 18"},"content":{"rendered":"<figure id=\"attachment_8827\" aria-describedby=\"caption-attachment-8827\" style=\"width: 241px\" class=\"wp-caption alignleft\"><a href=\"http:\/\/www.bellunopress.it\/wp-content\/uploads\/2009\/10\/spazio-giovani.jpg\"><img loading=\"lazy\" decoding=\"async\" class=\"size-medium wp-image-8827\" title=\"spazio-giovani\" src=\"http:\/\/www.bellunopress.it\/wp-content\/uploads\/2009\/10\/spazio-giovani.jpg\" alt=\"Spazio Giovani a Borgo Pr\u00e0\" width=\"241\" height=\"181\" \/><\/a><figcaption id=\"caption-attachment-8827\" class=\"wp-caption-text\">Spazio Giovani a Borgo Pr\u00e0<\/figcaption><\/figure>\n<p>A poche settimane dall&#8217;avvio dell&#8217;anno scolastico, riparte allo Spazio Giovani di Borgo Pr\u00e0\u00a0 lo \u201cSpazio Studio\u201d, l\u2019attivit\u00e0 di approfondimento dello studio, rivolta a tutti gli studenti delle scuole superiori. Questo servizio, voluto fortemente anche quest\u2019anno dall\u2019Assessorato alle Politiche Giovanili del Comune di Belluno, \u00e8 diventato ormai un punto di riferimento per gli studenti delle scuole cittadine che si rivolgono a questo servizio, certi di trovare docenti preparati e disponibili a dare un aiuto per superare i passaggi pi\u00f9 difficili nello studio quotidiano. Quest&#8217;anno i docenti sono tre e si dedicheranno alle materie di Italiano, Latino, Greco, Matematica, Fisica, Chimica e Biologia. L&#8217;esperienza, giunta al quinto anno di attivit\u00e0, riscuote molto successo tra i genitori e tra gli studenti, grazie anche al fatto che i risultati non mancano: quasi sempre i\u00a0 ragazzi che frequentano con costanza e impegno lo \u201cSpazio Studio\u201d riescono a migliorare i voti scolastici e il rendimento a scuola. \u201cRitengo si tratti di un&#8217;iniziativa importante e concreta \u2013 ha sottolineato l&#8217;assessore alle Politiche Giovanili Marco Da Rin Zanco \u2013 per supportare studenti e famiglie in un settore cos\u00ec importante e decisivo per la vita dei ragazzi, quale \u00e8 la scuola e la fase dell&#8217;apprendimento. Aiutare in questo i pi\u00f9 giovani \u00e8 un piccolo investimento per favorire la loro crescita culturale e per aggiungere serenit\u00e0 all&#8217;attivit\u00e0 dello studio\u201d. Il servizio \u00e8 attivo nelle giornate di marted\u00ec e gioved\u00ec dalle 15.00 alle 18.00, inizier\u00e0 marted\u00ec 13 ottobre e proseguir\u00e0 fino alla fine di maggio 2010. La partecipazione \u00e8 gratuita e libera: per usufruire dello \u201cSpazio Studio\u201d basta presentarsi allo Spazio Giovani nei giorni di svolgimento, alle 15. Per informazioni, rivolgersi allo Spazio Giovani di Via S. Antonio, chiamando lo 0437 30905, il marted\u00ec, gioved\u00ec, venerd\u00ec e sabato, dalle 15 alle 19 (email: <a href=\"mailto:spazio.giovani@tin.it\">spazio.giovani@tin.it<\/a> \u2013 sito Internet: <a href=\"http:\/\/www.spaziogiovani.info\">www.spaziogiovani.info<\/a>).<\/p>","protected":false},"excerpt":{"rendered":"<p>A poche settimane dall&#8217;avvio dell&#8217;anno scolastico, riparte allo Spazio Giovani di Borgo Pr\u00e0\u00a0 lo \u201cSpazio Studio\u201d, l\u2019attivit\u00e0 di approfondimento dello studio, rivolta a tutti gli studenti delle scuole superiori. Questo servizio, voluto fortemente anche quest\u2019anno dall\u2019Assessorato alle Politiche Giovanili del Comune di Belluno, \u00e8 diventato ormai un punto di riferimento per gli studenti delle scuole [&hellip;]<\/p>\n","protected":false},"author":2,"featured_media":0,"comment_status":"closed","ping_status":"open","sticky":false,"template":"","format":"standard","meta":{"footnotes":""},"categories":[26,15],"tags":[139],"class_list":["post-8826","post","type-post","status-publish","format-standard","category-prima-pagina","category-scuola","tag-belluno"],"yoast_head":"<!-- This site is optimized with the Yoast SEO plugin v28.4 - https:\/\/yoast.com\/product\/yoast-seo-wordpress\/ -->\n<title>Riprende lo \u201cSpazio Studio\u201d allo Spazio Giovani: da marted\u00ec 13 ottobre, il marted\u00ec e il gioved\u00ec, dalle 15 alle 18 - Bellunopress - Dolomiti<\/title>\n<meta name=\"robots\" content=\"index, follow, max-snippet:-1, max-image-preview:large, max-video-preview:-1\" \/>\n<link rel=\"canonical\" href=\"https:\/\/www.bellunopress.it\/fr\/2009\/10\/10\/riprende-lo-\u201cspazio-studio\u201d-allo-spazio-giovani-da-martedi-13-ottobre-il-martedi-e-il-giovedi-dalle-15-alle-18\/\" \/>\n<meta property=\"og:locale\" content=\"fr_FR\" \/>\n<meta property=\"og:type\" content=\"article\" \/>\n<meta property=\"og:title\" content=\"Riprende lo \u201cSpazio Studio\u201d allo Spazio Giovani: da marted\u00ec 13 ottobre, il marted\u00ec e il gioved\u00ec, dalle 15 alle 18 - Bellunopress - Dolomiti\" \/>\n<meta property=\"og:description\" content=\"A poche settimane dall&#8217;avvio dell&#8217;anno scolastico, riparte allo Spazio Giovani di Borgo Pr\u00e0\u00a0 lo \u201cSpazio Studio\u201d, l\u2019attivit\u00e0 di approfondimento dello studio, rivolta a tutti gli studenti delle scuole superiori. Questo servizio, voluto fortemente anche quest\u2019anno dall\u2019Assessorato alle Politiche Giovanili del Comune di Belluno, \u00e8 diventato ormai un punto di riferimento per gli studenti delle scuole [&hellip;]\" \/>\n<meta property=\"og:url\" content=\"https:\/\/www.bellunopress.it\/fr\/2009\/10\/10\/riprende-lo-\u201cspazio-studio\u201d-allo-spazio-giovani-da-martedi-13-ottobre-il-martedi-e-il-giovedi-dalle-15-alle-18\/\" \/>\n<meta property=\"og:site_name\" content=\"Bellunopress - Dolomiti\" \/>\n<meta property=\"article:publisher\" content=\"https:\/\/www.facebook.com\/profile.php?id=100008943462799\" \/>\n<meta property=\"article:published_time\" content=\"2009-10-10T12:47:00+00:00\" \/>\n<meta property=\"og:image\" content=\"http:\/\/www.bellunopress.it\/wp-content\/uploads\/2009\/10\/spazio-giovani.jpg\" \/>\n<meta name=\"author\" content=\"redazione\" \/>\n<meta name=\"twitter:card\" content=\"summary_large_image\" \/>\n<meta name=\"twitter:creator\" content=\"@bellunopress\" \/>\n<meta name=\"twitter:site\" content=\"@bellunopress\" \/>\n<meta name=\"twitter:label1\" content=\"\u00c9crit par\" \/>\n\t<meta name=\"twitter:data1\" content=\"redazione\" \/>\n\t<meta name=\"twitter:label2\" content=\"Dur\u00e9e de lecture estim\u00e9e\" \/>\n\t<meta name=\"twitter:data2\" content=\"2 minutes\" \/>\n<script type=\"application\/ld+json\" class=\"yoast-schema-graph\">{\"@context\":\"https:\\\/\\\/schema.org\",\"@graph\":[{\"@type\":\"Article\",\"@id\":\"https:\\\/\\\/www.bellunopress.it\\\/2009\\\/10\\\/10\\\/riprende-lo-%e2%80%9cspazio-studio%e2%80%9d-allo-spazio-giovani-da-martedi-13-ottobre-il-martedi-e-il-giovedi-dalle-15-alle-18\\\/#article\",\"isPartOf\":{\"@id\":\"https:\\\/\\\/www.bellunopress.it\\\/2009\\\/10\\\/10\\\/riprende-lo-%e2%80%9cspazio-studio%e2%80%9d-allo-spazio-giovani-da-martedi-13-ottobre-il-martedi-e-il-giovedi-dalle-15-alle-18\\\/\"},\"author\":{\"name\":\"redazione\",\"@id\":\"https:\\\/\\\/www.bellunopress.it\\\/#\\\/schema\\\/person\\\/79bb06722b37ece1c03d3e94beb30d73\"},\"headline\":\"Riprende lo \u201cSpazio Studio\u201d allo Spazio Giovani: da marted\u00ec 13 ottobre, il marted\u00ec e il gioved\u00ec, dalle 15 alle 18\",\"datePublished\":\"2009-10-10T12:47:00+00:00\",\"mainEntityOfPage\":{\"@id\":\"https:\\\/\\\/www.bellunopress.it\\\/2009\\\/10\\\/10\\\/riprende-lo-%e2%80%9cspazio-studio%e2%80%9d-allo-spazio-giovani-da-martedi-13-ottobre-il-martedi-e-il-giovedi-dalle-15-alle-18\\\/\"},\"wordCount\":326,\"publisher\":{\"@id\":\"https:\\\/\\\/www.bellunopress.it\\\/#organization\"},\"image\":{\"@id\":\"https:\\\/\\\/www.bellunopress.it\\\/2009\\\/10\\\/10\\\/riprende-lo-%e2%80%9cspazio-studio%e2%80%9d-allo-spazio-giovani-da-martedi-13-ottobre-il-martedi-e-il-giovedi-dalle-15-alle-18\\\/#primaryimage\"},\"thumbnailUrl\":\"http:\\\/\\\/www.bellunopress.it\\\/wp-content\\\/uploads\\\/2009\\\/10\\\/spazio-giovani.jpg\",\"keywords\":[\"Belluno\"],\"articleSection\":[\"Prima Pagina\",\"Scuola\"],\"inLanguage\":\"fr-FR\"},{\"@type\":\"WebPage\",\"@id\":\"https:\\\/\\\/www.bellunopress.it\\\/2009\\\/10\\\/10\\\/riprende-lo-%e2%80%9cspazio-studio%e2%80%9d-allo-spazio-giovani-da-martedi-13-ottobre-il-martedi-e-il-giovedi-dalle-15-alle-18\\\/\",\"url\":\"https:\\\/\\\/www.bellunopress.it\\\/2009\\\/10\\\/10\\\/riprende-lo-%e2%80%9cspazio-studio%e2%80%9d-allo-spazio-giovani-da-martedi-13-ottobre-il-martedi-e-il-giovedi-dalle-15-alle-18\\\/\",\"name\":\"Riprende lo \u201cSpazio Studio\u201d allo Spazio Giovani: da marted\u00ec 13 ottobre, il marted\u00ec e il gioved\u00ec, dalle 15 alle 18 - Bellunopress - Dolomiti\",\"isPartOf\":{\"@id\":\"https:\\\/\\\/www.bellunopress.it\\\/#website\"},\"primaryImageOfPage\":{\"@id\":\"https:\\\/\\\/www.bellunopress.it\\\/2009\\\/10\\\/10\\\/riprende-lo-%e2%80%9cspazio-studio%e2%80%9d-allo-spazio-giovani-da-martedi-13-ottobre-il-martedi-e-il-giovedi-dalle-15-alle-18\\\/#primaryimage\"},\"image\":{\"@id\":\"https:\\\/\\\/www.bellunopress.it\\\/2009\\\/10\\\/10\\\/riprende-lo-%e2%80%9cspazio-studio%e2%80%9d-allo-spazio-giovani-da-martedi-13-ottobre-il-martedi-e-il-giovedi-dalle-15-alle-18\\\/#primaryimage\"},\"thumbnailUrl\":\"http:\\\/\\\/www.bellunopress.it\\\/wp-content\\\/uploads\\\/2009\\\/10\\\/spazio-giovani.jpg\",\"datePublished\":\"2009-10-10T12:47:00+00:00\",\"breadcrumb\":{\"@id\":\"https:\\\/\\\/www.bellunopress.it\\\/2009\\\/10\\\/10\\\/riprende-lo-%e2%80%9cspazio-studio%e2%80%9d-allo-spazio-giovani-da-martedi-13-ottobre-il-martedi-e-il-giovedi-dalle-15-alle-18\\\/#breadcrumb\"},\"inLanguage\":\"fr-FR\",\"potentialAction\":[{\"@type\":\"ReadAction\",\"target\":[\"https:\\\/\\\/www.bellunopress.it\\\/2009\\\/10\\\/10\\\/riprende-lo-%e2%80%9cspazio-studio%e2%80%9d-allo-spazio-giovani-da-martedi-13-ottobre-il-martedi-e-il-giovedi-dalle-15-alle-18\\\/\"]}]},{\"@type\":\"ImageObject\",\"inLanguage\":\"fr-FR\",\"@id\":\"https:\\\/\\\/www.bellunopress.it\\\/2009\\\/10\\\/10\\\/riprende-lo-%e2%80%9cspazio-studio%e2%80%9d-allo-spazio-giovani-da-martedi-13-ottobre-il-martedi-e-il-giovedi-dalle-15-alle-18\\\/#primaryimage\",\"url\":\"http:\\\/\\\/www.bellunopress.it\\\/wp-content\\\/uploads\\\/2009\\\/10\\\/spazio-giovani.jpg\",\"contentUrl\":\"http:\\\/\\\/www.bellunopress.it\\\/wp-content\\\/uploads\\\/2009\\\/10\\\/spazio-giovani.jpg\"},{\"@type\":\"BreadcrumbList\",\"@id\":\"https:\\\/\\\/www.bellunopress.it\\\/2009\\\/10\\\/10\\\/riprende-lo-%e2%80%9cspazio-studio%e2%80%9d-allo-spazio-giovani-da-martedi-13-ottobre-il-martedi-e-il-giovedi-dalle-15-alle-18\\\/#breadcrumb\",\"itemListElement\":[{\"@type\":\"ListItem\",\"position\":1,\"name\":\"Home\",\"item\":\"https:\\\/\\\/www.bellunopress.it\\\/\"},{\"@type\":\"ListItem\",\"position\":2,\"name\":\"Riprende lo \u201cSpazio Studio\u201d allo Spazio Giovani: da marted\u00ec 13 ottobre, il marted\u00ec e il gioved\u00ec, dalle 15 alle 18\"}]},{\"@type\":\"WebSite\",\"@id\":\"https:\\\/\\\/www.bellunopress.it\\\/#website\",\"url\":\"https:\\\/\\\/www.bellunopress.it\\\/\",\"name\":\"Bellunopress - Dolomiti\",\"description\":\"e-mail: redazione@bellunopress.it\",\"publisher\":{\"@id\":\"https:\\\/\\\/www.bellunopress.it\\\/#organization\"},\"potentialAction\":[{\"@type\":\"SearchAction\",\"target\":{\"@type\":\"EntryPoint\",\"urlTemplate\":\"https:\\\/\\\/www.bellunopress.it\\\/?s={search_term_string}\"},\"query-input\":{\"@type\":\"PropertyValueSpecification\",\"valueRequired\":true,\"valueName\":\"search_term_string\"}}],\"inLanguage\":\"fr-FR\"},{\"@type\":\"Organization\",\"@id\":\"https:\\\/\\\/www.bellunopress.it\\\/#organization\",\"name\":\"Bellunopress\",\"url\":\"https:\\\/\\\/www.bellunopress.it\\\/\",\"logo\":{\"@type\":\"ImageObject\",\"inLanguage\":\"fr-FR\",\"@id\":\"https:\\\/\\\/www.bellunopress.it\\\/#\\\/schema\\\/logo\\\/image\\\/\",\"url\":\"https:\\\/\\\/www.bellunopress.it\\\/wp-content\\\/uploads\\\/2011\\\/05\\\/cropped-logo-bellunopress-.jpg\",\"contentUrl\":\"https:\\\/\\\/www.bellunopress.it\\\/wp-content\\\/uploads\\\/2011\\\/05\\\/cropped-logo-bellunopress-.jpg\",\"width\":512,\"height\":512,\"caption\":\"Bellunopress\"},\"image\":{\"@id\":\"https:\\\/\\\/www.bellunopress.it\\\/#\\\/schema\\\/logo\\\/image\\\/\"},\"sameAs\":[\"https:\\\/\\\/www.facebook.com\\\/profile.php?id=100008943462799\",\"https:\\\/\\\/x.com\\\/bellunopress\",\"https:\\\/\\\/www.linkedin.com\\\/hp\\\/?dnr=JBzUWaJfMUw8vbXJJ2tVW5-I3jZKvC4wsoxE&amp;amp;amp;amp;amp;amp;trk=nav_responsive_tab_home\",\"https:\\\/\\\/www.youtube.com\\\/channel\\\/UCxL0wu1uN0_3_7hGG0306cw\"]},{\"@type\":\"Person\",\"@id\":\"https:\\\/\\\/www.bellunopress.it\\\/#\\\/schema\\\/person\\\/79bb06722b37ece1c03d3e94beb30d73\",\"name\":\"redazione\",\"image\":{\"@type\":\"ImageObject\",\"inLanguage\":\"fr-FR\",\"@id\":\"https:\\\/\\\/secure.gravatar.com\\\/avatar\\\/37d968a2e67a6fd04c169c4bdef102d0bc5d31b2546345219e348575eb80e9a0?s=96&d=mm&r=g\",\"url\":\"https:\\\/\\\/secure.gravatar.com\\\/avatar\\\/37d968a2e67a6fd04c169c4bdef102d0bc5d31b2546345219e348575eb80e9a0?s=96&d=mm&r=g\",\"contentUrl\":\"https:\\\/\\\/secure.gravatar.com\\\/avatar\\\/37d968a2e67a6fd04c169c4bdef102d0bc5d31b2546345219e348575eb80e9a0?s=96&d=mm&r=g\",\"caption\":\"redazione\"},\"sameAs\":[\"http:\\\/\\\/www.bellunopress.it\",\"https:\\\/\\\/x.com\\\/bellunopress\"],\"url\":\"https:\\\/\\\/www.bellunopress.it\\\/fr\\\/author\\\/redazione\\\/\"}]}<\/script>\n<!-- \/ Yoast SEO plugin. -->","yoast_head_json":{"title":"Riprende lo \u201cSpazio Studio\u201d allo Spazio Giovani: da marted\u00ec 13 ottobre, il marted\u00ec e il gioved\u00ec, dalle 15 alle 18 - Bellunopress - Dolomiti","robots":{"index":"index","follow":"follow","max-snippet":"max-snippet:-1","max-image-preview":"max-image-preview:large","max-video-preview":"max-video-preview:-1"},"canonical":"https:\/\/www.bellunopress.it\/fr\/2009\/10\/10\/riprende-lo-\u201cspazio-studio\u201d-allo-spazio-giovani-da-martedi-13-ottobre-il-martedi-e-il-giovedi-dalle-15-alle-18\/","og_locale":"fr_FR","og_type":"article","og_title":"Riprende lo \u201cSpazio Studio\u201d allo Spazio Giovani: da marted\u00ec 13 ottobre, il marted\u00ec e il gioved\u00ec, dalle 15 alle 18 - Bellunopress - Dolomiti","og_description":"A poche settimane dall&#8217;avvio dell&#8217;anno scolastico, riparte allo Spazio Giovani di Borgo Pr\u00e0\u00a0 lo \u201cSpazio Studio\u201d, l\u2019attivit\u00e0 di approfondimento dello studio, rivolta a tutti gli studenti delle scuole superiori. Questo servizio, voluto fortemente anche quest\u2019anno dall\u2019Assessorato alle Politiche Giovanili del Comune di Belluno, \u00e8 diventato ormai un punto di riferimento per gli studenti delle scuole [&hellip;]","og_url":"https:\/\/www.bellunopress.it\/fr\/2009\/10\/10\/riprende-lo-\u201cspazio-studio\u201d-allo-spazio-giovani-da-martedi-13-ottobre-il-martedi-e-il-giovedi-dalle-15-alle-18\/","og_site_name":"Bellunopress - Dolomiti","article_publisher":"https:\/\/www.facebook.com\/profile.php?id=100008943462799","article_published_time":"2009-10-10T12:47:00+00:00","og_image":[{"url":"http:\/\/www.bellunopress.it\/wp-content\/uploads\/2009\/10\/spazio-giovani.jpg","type":"","width":"","height":""}],"author":"redazione","twitter_card":"summary_large_image","twitter_creator":"@bellunopress","twitter_site":"@bellunopress","twitter_misc":{"\u00c9crit par":"redazione","Dur\u00e9e de lecture estim\u00e9e":"2 minutes"},"schema":{"@context":"https:\/\/schema.org","@graph":[{"@type":"Article","@id":"https:\/\/www.bellunopress.it\/2009\/10\/10\/riprende-lo-%e2%80%9cspazio-studio%e2%80%9d-allo-spazio-giovani-da-martedi-13-ottobre-il-martedi-e-il-giovedi-dalle-15-alle-18\/#article","isPartOf":{"@id":"https:\/\/www.bellunopress.it\/2009\/10\/10\/riprende-lo-%e2%80%9cspazio-studio%e2%80%9d-allo-spazio-giovani-da-martedi-13-ottobre-il-martedi-e-il-giovedi-dalle-15-alle-18\/"},"author":{"name":"redazione","@id":"https:\/\/www.bellunopress.it\/#\/schema\/person\/79bb06722b37ece1c03d3e94beb30d73"},"headline":"Riprende lo \u201cSpazio Studio\u201d allo Spazio Giovani: da marted\u00ec 13 ottobre, il marted\u00ec e il gioved\u00ec, dalle 15 alle 18","datePublished":"2009-10-10T12:47:00+00:00","mainEntityOfPage":{"@id":"https:\/\/www.bellunopress.it\/2009\/10\/10\/riprende-lo-%e2%80%9cspazio-studio%e2%80%9d-allo-spazio-giovani-da-martedi-13-ottobre-il-martedi-e-il-giovedi-dalle-15-alle-18\/"},"wordCount":326,"publisher":{"@id":"https:\/\/www.bellunopress.it\/#organization"},"image":{"@id":"https:\/\/www.bellunopress.it\/2009\/10\/10\/riprende-lo-%e2%80%9cspazio-studio%e2%80%9d-allo-spazio-giovani-da-martedi-13-ottobre-il-martedi-e-il-giovedi-dalle-15-alle-18\/#primaryimage"},"thumbnailUrl":"http:\/\/www.bellunopress.it\/wp-content\/uploads\/2009\/10\/spazio-giovani.jpg","keywords":["Belluno"],"articleSection":["Prima Pagina","Scuola"],"inLanguage":"fr-FR"},{"@type":"WebPage","@id":"https:\/\/www.bellunopress.it\/2009\/10\/10\/riprende-lo-%e2%80%9cspazio-studio%e2%80%9d-allo-spazio-giovani-da-martedi-13-ottobre-il-martedi-e-il-giovedi-dalle-15-alle-18\/","url":"https:\/\/www.bellunopress.it\/2009\/10\/10\/riprende-lo-%e2%80%9cspazio-studio%e2%80%9d-allo-spazio-giovani-da-martedi-13-ottobre-il-martedi-e-il-giovedi-dalle-15-alle-18\/","name":"Riprende lo \u201cSpazio Studio\u201d allo Spazio Giovani: da marted\u00ec 13 ottobre, il marted\u00ec e il gioved\u00ec, dalle 15 alle 18 - Bellunopress - Dolomiti","isPartOf":{"@id":"https:\/\/www.bellunopress.it\/#website"},"primaryImageOfPage":{"@id":"https:\/\/www.bellunopress.it\/2009\/10\/10\/riprende-lo-%e2%80%9cspazio-studio%e2%80%9d-allo-spazio-giovani-da-martedi-13-ottobre-il-martedi-e-il-giovedi-dalle-15-alle-18\/#primaryimage"},"image":{"@id":"https:\/\/www.bellunopress.it\/2009\/10\/10\/riprende-lo-%e2%80%9cspazio-studio%e2%80%9d-allo-spazio-giovani-da-martedi-13-ottobre-il-martedi-e-il-giovedi-dalle-15-alle-18\/#primaryimage"},"thumbnailUrl":"http:\/\/www.bellunopress.it\/wp-content\/uploads\/2009\/10\/spazio-giovani.jpg","datePublished":"2009-10-10T12:47:00+00:00","breadcrumb":{"@id":"https:\/\/www.bellunopress.it\/2009\/10\/10\/riprende-lo-%e2%80%9cspazio-studio%e2%80%9d-allo-spazio-giovani-da-martedi-13-ottobre-il-martedi-e-il-giovedi-dalle-15-alle-18\/#breadcrumb"},"inLanguage":"fr-FR","potentialAction":[{"@type":"ReadAction","target":["https:\/\/www.bellunopress.it\/2009\/10\/10\/riprende-lo-%e2%80%9cspazio-studio%e2%80%9d-allo-spazio-giovani-da-martedi-13-ottobre-il-martedi-e-il-giovedi-dalle-15-alle-18\/"]}]},{"@type":"ImageObject","inLanguage":"fr-FR","@id":"https:\/\/www.bellunopress.it\/2009\/10\/10\/riprende-lo-%e2%80%9cspazio-studio%e2%80%9d-allo-spazio-giovani-da-martedi-13-ottobre-il-martedi-e-il-giovedi-dalle-15-alle-18\/#primaryimage","url":"http:\/\/www.bellunopress.it\/wp-content\/uploads\/2009\/10\/spazio-giovani.jpg","contentUrl":"http:\/\/www.bellunopress.it\/wp-content\/uploads\/2009\/10\/spazio-giovani.jpg"},{"@type":"BreadcrumbList","@id":"https:\/\/www.bellunopress.it\/2009\/10\/10\/riprende-lo-%e2%80%9cspazio-studio%e2%80%9d-allo-spazio-giovani-da-martedi-13-ottobre-il-martedi-e-il-giovedi-dalle-15-alle-18\/#breadcrumb","itemListElement":[{"@type":"ListItem","position":1,"name":"Home","item":"https:\/\/www.bellunopress.it\/"},{"@type":"ListItem","position":2,"name":"Riprende lo \u201cSpazio Studio\u201d allo Spazio Giovani: da marted\u00ec 13 ottobre, il marted\u00ec e il gioved\u00ec, dalle 15 alle 18"}]},{"@type":"WebSite","@id":"https:\/\/www.bellunopress.it\/#website","url":"https:\/\/www.bellunopress.it\/","name":"Bellunopress - Dolomiti","description":"e-mail: redazione@bellunopress.it","publisher":{"@id":"https:\/\/www.bellunopress.it\/#organization"},"potentialAction":[{"@type":"SearchAction","target":{"@type":"EntryPoint","urlTemplate":"https:\/\/www.bellunopress.it\/?s={search_term_string}"},"query-input":{"@type":"PropertyValueSpecification","valueRequired":true,"valueName":"search_term_string"}}],"inLanguage":"fr-FR"},{"@type":"Organization","@id":"https:\/\/www.bellunopress.it\/#organization","name":"Bellunopress","url":"https:\/\/www.bellunopress.it\/","logo":{"@type":"ImageObject","inLanguage":"fr-FR","@id":"https:\/\/www.bellunopress.it\/#\/schema\/logo\/image\/","url":"https:\/\/www.bellunopress.it\/wp-content\/uploads\/2011\/05\/cropped-logo-bellunopress-.jpg","contentUrl":"https:\/\/www.bellunopress.it\/wp-content\/uploads\/2011\/05\/cropped-logo-bellunopress-.jpg","width":512,"height":512,"caption":"Bellunopress"},"image":{"@id":"https:\/\/www.bellunopress.it\/#\/schema\/logo\/image\/"},"sameAs":["https:\/\/www.facebook.com\/profile.php?id=100008943462799","https:\/\/x.com\/bellunopress","https:\/\/www.linkedin.com\/hp\/?dnr=JBzUWaJfMUw8vbXJJ2tVW5-I3jZKvC4wsoxE&amp;amp;amp;amp;amp;amp;trk=nav_responsive_tab_home","https:\/\/www.youtube.com\/channel\/UCxL0wu1uN0_3_7hGG0306cw"]},{"@type":"Person","@id":"https:\/\/www.bellunopress.it\/#\/schema\/person\/79bb06722b37ece1c03d3e94beb30d73","name":"r\u00e9daction","image":{"@type":"ImageObject","inLanguage":"fr-FR","@id":"https:\/\/secure.gravatar.com\/avatar\/37d968a2e67a6fd04c169c4bdef102d0bc5d31b2546345219e348575eb80e9a0?s=96&d=mm&r=g","url":"https:\/\/secure.gravatar.com\/avatar\/37d968a2e67a6fd04c169c4bdef102d0bc5d31b2546345219e348575eb80e9a0?s=96&d=mm&r=g","contentUrl":"https:\/\/secure.gravatar.com\/avatar\/37d968a2e67a6fd04c169c4bdef102d0bc5d31b2546345219e348575eb80e9a0?s=96&d=mm&r=g","caption":"redazione"},"sameAs":["http:\/\/www.bellunopress.it","https:\/\/x.com\/bellunopress"],"url":"https:\/\/www.bellunopress.it\/fr\/author\/redazione\/"}]}},"_links":{"self":[{"href":"https:\/\/www.bellunopress.it\/fr\/wp-json\/wp\/v2\/posts\/8826","targetHints":{"allow":["GET"]}}],"collection":[{"href":"https:\/\/www.bellunopress.it\/fr\/wp-json\/wp\/v2\/posts"}],"about":[{"href":"https:\/\/www.bellunopress.it\/fr\/wp-json\/wp\/v2\/types\/post"}],"author":[{"embeddable":true,"href":"https:\/\/www.bellunopress.it\/fr\/wp-json\/wp\/v2\/users\/2"}],"replies":[{"embeddable":true,"href":"https:\/\/www.bellunopress.it\/fr\/wp-json\/wp\/v2\/comments?post=8826"}],"version-history":[{"count":1,"href":"https:\/\/www.bellunopress.it\/fr\/wp-json\/wp\/v2\/posts\/8826\/revisions"}],"predecessor-version":[{"id":8829,"href":"https:\/\/www.bellunopress.it\/fr\/wp-json\/wp\/v2\/posts\/8826\/revisions\/8829"}],"wp:attachment":[{"href":"https:\/\/www.bellunopress.it\/fr\/wp-json\/wp\/v2\/media?parent=8826"}],"wp:term":[{"taxonomy":"category","embeddable":true,"href":"https:\/\/www.bellunopress.it\/fr\/wp-json\/wp\/v2\/categories?post=8826"},{"taxonomy":"post_tag","embeddable":true,"href":"https:\/\/www.bellunopress.it\/fr\/wp-json\/wp\/v2\/tags?post=8826"}],"curies":[{"name":"wp","href":"https:\/\/api.w.org\/{rel}","templated":true}]}}