{"id":8822,"date":"2009-10-10T13:02:54","date_gmt":"2009-10-10T12:02:54","guid":{"rendered":"http:\/\/www.bellunopress.it\/?p=8822"},"modified":"2009-10-10T13:02:54","modified_gmt":"2009-10-10T12:02:54","slug":"in-mostra-a-istanbul-libro-antico-del-medico-bellunese-andrea-alpago","status":"publish","type":"post","link":"https:\/\/www.bellunopress.it\/fr\/2009\/10\/10\/in-mostra-a-istanbul-libro-antico-del-medico-bellunese-andrea-alpago\/","title":{"rendered":"In mostra a Istanbul libro antico del medico bellunese Andrea Alpago"},"content":{"rendered":"<figure id=\"attachment_8823\" aria-describedby=\"caption-attachment-8823\" style=\"width: 290px\" class=\"wp-caption alignleft\"><a href=\"http:\/\/www.bellunopress.it\/wp-content\/uploads\/2009\/10\/istanbul-035.jpg\"><img loading=\"lazy\" decoding=\"async\" class=\"size-medium wp-image-8823\" title=\"istanbul-035\" src=\"http:\/\/www.bellunopress.it\/wp-content\/uploads\/2009\/10\/istanbul-035.jpg\" alt=\"la Moschea blu di Istanbul\" width=\"290\" height=\"193\" \/><\/a><figcaption id=\"caption-attachment-8823\" class=\"wp-caption-text\">la Moschea blu di Istanbul<\/figcaption><\/figure>\n<p>E\u2019 attualmente in corso a Istanbul, presso il Museo di Arte turca e islamica nel centralissimo quartiere di Sultanhamet, proprio di fronte alla famosa Moschea blu, la mostra bibliografica \u201cPlurality in unity\u201d. L\u2019esposizione, promossa dal Ministero per la Cultura della Turchia, con la collaborazione del Museo, presenta per la prima volta al pubblico molti capolavori dell\u2019arte della miniatura orientale, codici, manoscritti e volumi antichi a stampa, atlanti e disegni, portolani e tessuti che riflettono un lungo periodo storico che va dal XII al XIX secolo. Obiettivo della mostra \u00e8 valorizzare oggetti d\u2019arte della cultura islamica, cristiana ed ebraica, facendo conoscere le molteplici relazioni culturali e scientifiche, intercorse tra Occidente e Oriente. Si tratta di una delle molteplici iniziative del governo turco per favorire gli scambi con i paesi europei e avvalorare la propria domanda di ingresso nella Comunit\u00e0 europea. Tra le preziosit\u00e0 esposte, provenienti dal Museo di Santa Sofia, dal palazzo di Topkapi, dal Museo etnografico di Ankara, dalla Biblioteca universitaria di Instanbul e da istituzioni internazionali quali la British library o la Biblioteh\u00e9que nationale de France, si trova anche la riproduzione digitale (realizzata dalla ditta Paolo Mauro) dell\u2019opera del bellunese Andrea Alpago \u201cAvicennae Arabum medicorum principis, Canon medicin\u00e6. Quo uniuersa medendi scientia pulcherrima, &amp; breui methodo planissime explicatur. Eiusdem De viribus cordis. De remouendis nocumentis in regimine sanitatis. De syrupo acetoso. Cantica. &#8211; Venetijs : industria ac sumptibus Iuntarum, 1608 (Venetijs: apud Iuntas, 1608). &#8211; [52], 982 p.\u201d la cui copia originale \u00e8 conservata presso la Biblioteca civica di Belluno. La richiesta di collaborazione era stata avanzata dai curatori della mostra tramite l\u2019ambasciata turca in Italia, interessata alla riproduzione del volume perch\u00e9 rappresenta un esempio concreto di uno dei molti casi di incroci culturali tra i due mondi. L\u2019umanista e medico bellunese Andrea Alpago (Belluno 1460 \u2013 Padova 1522) tradusse, infatti, dall\u2019arabo al latino una delle pi\u00f9 importanti opere del celebre medico, filosofo, matematico e fisico persiano Avicenna. uestL\u2019opera dell\u2019Alpago ebbe grande fortuna, divenendo testo fondamentale per la preparazione professionale dei medici e veicolo della diffusione della cultura scientifica araba in occidente, tanto da essere studiato in diverse facolt\u00e0 di medicina europee, addirittura fino ai primi decenni del 1800.<\/p>\n","protected":false},"excerpt":{"rendered":"<p>E\u2019 attualmente in corso a Istanbul, presso il Museo di Arte turca e islamica nel centralissimo quartiere di Sultanhamet, proprio di fronte alla famosa Moschea blu, la mostra bibliografica \u201cPlurality in unity\u201d. L\u2019esposizione, promossa dal Ministero per la Cultura della Turchia, con la collaborazione del Museo, presenta per la prima volta al pubblico molti capolavori [&hellip;]<\/p>\n","protected":false},"author":2,"featured_media":0,"comment_status":"closed","ping_status":"open","sticky":false,"template":"","format":"standard","meta":{"footnotes":""},"categories":[3,26],"tags":[139],"class_list":["post-8822","post","type-post","status-publish","format-standard","category-arte-cultura-spettacoli-scienza-archivi","category-prima-pagina","tag-belluno"],"yoast_head":"<!-- This site is optimized with the Yoast SEO plugin v28.4 - https:\/\/yoast.com\/product\/yoast-seo-wordpress\/ -->\n<title>In mostra a Istanbul libro antico del medico bellunese Andrea Alpago  - Bellunopress - Dolomiti<\/title>\n<meta name=\"robots\" content=\"index, follow, max-snippet:-1, max-image-preview:large, max-video-preview:-1\" \/>\n<link rel=\"canonical\" href=\"https:\/\/www.bellunopress.it\/fr\/2009\/10\/10\/in-mostra-a-istanbul-libro-antico-del-medico-bellunese-andrea-alpago\/\" \/>\n<meta property=\"og:locale\" content=\"fr_FR\" \/>\n<meta property=\"og:type\" content=\"article\" \/>\n<meta property=\"og:title\" content=\"In mostra a Istanbul libro antico del medico bellunese Andrea Alpago  - Bellunopress - Dolomiti\" \/>\n<meta property=\"og:description\" content=\"E\u2019 attualmente in corso a Istanbul, presso il Museo di Arte turca e islamica nel centralissimo quartiere di Sultanhamet, proprio di fronte alla famosa Moschea blu, la mostra bibliografica \u201cPlurality in unity\u201d. L\u2019esposizione, promossa dal Ministero per la Cultura della Turchia, con la collaborazione del Museo, presenta per la prima volta al pubblico molti capolavori [&hellip;]\" \/>\n<meta property=\"og:url\" content=\"https:\/\/www.bellunopress.it\/fr\/2009\/10\/10\/in-mostra-a-istanbul-libro-antico-del-medico-bellunese-andrea-alpago\/\" \/>\n<meta property=\"og:site_name\" content=\"Bellunopress - Dolomiti\" \/>\n<meta property=\"article:publisher\" content=\"https:\/\/www.facebook.com\/profile.php?id=100008943462799\" \/>\n<meta property=\"article:published_time\" content=\"2009-10-10T12:02:54+00:00\" \/>\n<meta property=\"og:image\" content=\"http:\/\/www.bellunopress.it\/wp-content\/uploads\/2009\/10\/istanbul-035.jpg\" \/>\n<meta name=\"author\" content=\"redazione\" \/>\n<meta name=\"twitter:card\" content=\"summary_large_image\" \/>\n<meta name=\"twitter:creator\" content=\"@bellunopress\" \/>\n<meta name=\"twitter:site\" content=\"@bellunopress\" \/>\n<meta name=\"twitter:label1\" content=\"\u00c9crit par\" \/>\n\t<meta name=\"twitter:data1\" content=\"redazione\" \/>\n\t<meta name=\"twitter:label2\" content=\"Dur\u00e9e de lecture estim\u00e9e\" \/>\n\t<meta name=\"twitter:data2\" content=\"2 minutes\" \/>\n<script type=\"application\/ld+json\" class=\"yoast-schema-graph\">{\"@context\":\"https:\\\/\\\/schema.org\",\"@graph\":[{\"@type\":\"Article\",\"@id\":\"https:\\\/\\\/www.bellunopress.it\\\/2009\\\/10\\\/10\\\/in-mostra-a-istanbul-libro-antico-del-medico-bellunese-andrea-alpago\\\/#article\",\"isPartOf\":{\"@id\":\"https:\\\/\\\/www.bellunopress.it\\\/2009\\\/10\\\/10\\\/in-mostra-a-istanbul-libro-antico-del-medico-bellunese-andrea-alpago\\\/\"},\"author\":{\"name\":\"redazione\",\"@id\":\"https:\\\/\\\/www.bellunopress.it\\\/#\\\/schema\\\/person\\\/79bb06722b37ece1c03d3e94beb30d73\"},\"headline\":\"In mostra a Istanbul libro antico del medico bellunese Andrea Alpago\",\"datePublished\":\"2009-10-10T12:02:54+00:00\",\"mainEntityOfPage\":{\"@id\":\"https:\\\/\\\/www.bellunopress.it\\\/2009\\\/10\\\/10\\\/in-mostra-a-istanbul-libro-antico-del-medico-bellunese-andrea-alpago\\\/\"},\"wordCount\":383,\"publisher\":{\"@id\":\"https:\\\/\\\/www.bellunopress.it\\\/#organization\"},\"image\":{\"@id\":\"https:\\\/\\\/www.bellunopress.it\\\/2009\\\/10\\\/10\\\/in-mostra-a-istanbul-libro-antico-del-medico-bellunese-andrea-alpago\\\/#primaryimage\"},\"thumbnailUrl\":\"http:\\\/\\\/www.bellunopress.it\\\/wp-content\\\/uploads\\\/2009\\\/10\\\/istanbul-035.jpg\",\"keywords\":[\"Belluno\"],\"articleSection\":[\"Arte, Cultura, Spettacoli, Scienza\",\"Prima Pagina\"],\"inLanguage\":\"fr-FR\"},{\"@type\":\"WebPage\",\"@id\":\"https:\\\/\\\/www.bellunopress.it\\\/2009\\\/10\\\/10\\\/in-mostra-a-istanbul-libro-antico-del-medico-bellunese-andrea-alpago\\\/\",\"url\":\"https:\\\/\\\/www.bellunopress.it\\\/2009\\\/10\\\/10\\\/in-mostra-a-istanbul-libro-antico-del-medico-bellunese-andrea-alpago\\\/\",\"name\":\"In mostra a Istanbul libro antico del medico bellunese Andrea Alpago - Bellunopress - Dolomiti\",\"isPartOf\":{\"@id\":\"https:\\\/\\\/www.bellunopress.it\\\/#website\"},\"primaryImageOfPage\":{\"@id\":\"https:\\\/\\\/www.bellunopress.it\\\/2009\\\/10\\\/10\\\/in-mostra-a-istanbul-libro-antico-del-medico-bellunese-andrea-alpago\\\/#primaryimage\"},\"image\":{\"@id\":\"https:\\\/\\\/www.bellunopress.it\\\/2009\\\/10\\\/10\\\/in-mostra-a-istanbul-libro-antico-del-medico-bellunese-andrea-alpago\\\/#primaryimage\"},\"thumbnailUrl\":\"http:\\\/\\\/www.bellunopress.it\\\/wp-content\\\/uploads\\\/2009\\\/10\\\/istanbul-035.jpg\",\"datePublished\":\"2009-10-10T12:02:54+00:00\",\"breadcrumb\":{\"@id\":\"https:\\\/\\\/www.bellunopress.it\\\/2009\\\/10\\\/10\\\/in-mostra-a-istanbul-libro-antico-del-medico-bellunese-andrea-alpago\\\/#breadcrumb\"},\"inLanguage\":\"fr-FR\",\"potentialAction\":[{\"@type\":\"ReadAction\",\"target\":[\"https:\\\/\\\/www.bellunopress.it\\\/2009\\\/10\\\/10\\\/in-mostra-a-istanbul-libro-antico-del-medico-bellunese-andrea-alpago\\\/\"]}]},{\"@type\":\"ImageObject\",\"inLanguage\":\"fr-FR\",\"@id\":\"https:\\\/\\\/www.bellunopress.it\\\/2009\\\/10\\\/10\\\/in-mostra-a-istanbul-libro-antico-del-medico-bellunese-andrea-alpago\\\/#primaryimage\",\"url\":\"http:\\\/\\\/www.bellunopress.it\\\/wp-content\\\/uploads\\\/2009\\\/10\\\/istanbul-035.jpg\",\"contentUrl\":\"http:\\\/\\\/www.bellunopress.it\\\/wp-content\\\/uploads\\\/2009\\\/10\\\/istanbul-035.jpg\"},{\"@type\":\"BreadcrumbList\",\"@id\":\"https:\\\/\\\/www.bellunopress.it\\\/2009\\\/10\\\/10\\\/in-mostra-a-istanbul-libro-antico-del-medico-bellunese-andrea-alpago\\\/#breadcrumb\",\"itemListElement\":[{\"@type\":\"ListItem\",\"position\":1,\"name\":\"Home\",\"item\":\"https:\\\/\\\/www.bellunopress.it\\\/\"},{\"@type\":\"ListItem\",\"position\":2,\"name\":\"In mostra a Istanbul libro antico del medico bellunese Andrea Alpago\"}]},{\"@type\":\"WebSite\",\"@id\":\"https:\\\/\\\/www.bellunopress.it\\\/#website\",\"url\":\"https:\\\/\\\/www.bellunopress.it\\\/\",\"name\":\"Bellunopress - Dolomiti\",\"description\":\"e-mail: redazione@bellunopress.it\",\"publisher\":{\"@id\":\"https:\\\/\\\/www.bellunopress.it\\\/#organization\"},\"potentialAction\":[{\"@type\":\"SearchAction\",\"target\":{\"@type\":\"EntryPoint\",\"urlTemplate\":\"https:\\\/\\\/www.bellunopress.it\\\/?s={search_term_string}\"},\"query-input\":{\"@type\":\"PropertyValueSpecification\",\"valueRequired\":true,\"valueName\":\"search_term_string\"}}],\"inLanguage\":\"fr-FR\"},{\"@type\":\"Organization\",\"@id\":\"https:\\\/\\\/www.bellunopress.it\\\/#organization\",\"name\":\"Bellunopress\",\"url\":\"https:\\\/\\\/www.bellunopress.it\\\/\",\"logo\":{\"@type\":\"ImageObject\",\"inLanguage\":\"fr-FR\",\"@id\":\"https:\\\/\\\/www.bellunopress.it\\\/#\\\/schema\\\/logo\\\/image\\\/\",\"url\":\"https:\\\/\\\/www.bellunopress.it\\\/wp-content\\\/uploads\\\/2011\\\/05\\\/cropped-logo-bellunopress-.jpg\",\"contentUrl\":\"https:\\\/\\\/www.bellunopress.it\\\/wp-content\\\/uploads\\\/2011\\\/05\\\/cropped-logo-bellunopress-.jpg\",\"width\":512,\"height\":512,\"caption\":\"Bellunopress\"},\"image\":{\"@id\":\"https:\\\/\\\/www.bellunopress.it\\\/#\\\/schema\\\/logo\\\/image\\\/\"},\"sameAs\":[\"https:\\\/\\\/www.facebook.com\\\/profile.php?id=100008943462799\",\"https:\\\/\\\/x.com\\\/bellunopress\",\"https:\\\/\\\/www.linkedin.com\\\/hp\\\/?dnr=JBzUWaJfMUw8vbXJJ2tVW5-I3jZKvC4wsoxE&amp;amp;amp;amp;amp;amp;trk=nav_responsive_tab_home\",\"https:\\\/\\\/www.youtube.com\\\/channel\\\/UCxL0wu1uN0_3_7hGG0306cw\"]},{\"@type\":\"Person\",\"@id\":\"https:\\\/\\\/www.bellunopress.it\\\/#\\\/schema\\\/person\\\/79bb06722b37ece1c03d3e94beb30d73\",\"name\":\"redazione\",\"image\":{\"@type\":\"ImageObject\",\"inLanguage\":\"fr-FR\",\"@id\":\"https:\\\/\\\/secure.gravatar.com\\\/avatar\\\/37d968a2e67a6fd04c169c4bdef102d0bc5d31b2546345219e348575eb80e9a0?s=96&d=mm&r=g\",\"url\":\"https:\\\/\\\/secure.gravatar.com\\\/avatar\\\/37d968a2e67a6fd04c169c4bdef102d0bc5d31b2546345219e348575eb80e9a0?s=96&d=mm&r=g\",\"contentUrl\":\"https:\\\/\\\/secure.gravatar.com\\\/avatar\\\/37d968a2e67a6fd04c169c4bdef102d0bc5d31b2546345219e348575eb80e9a0?s=96&d=mm&r=g\",\"caption\":\"redazione\"},\"sameAs\":[\"http:\\\/\\\/www.bellunopress.it\",\"https:\\\/\\\/x.com\\\/bellunopress\"],\"url\":\"https:\\\/\\\/www.bellunopress.it\\\/fr\\\/author\\\/redazione\\\/\"}]}<\/script>\n<!-- \/ Yoast SEO plugin. -->","yoast_head_json":{"title":"In mostra a Istanbul libro antico del medico bellunese Andrea Alpago  - Bellunopress - Dolomiti","robots":{"index":"index","follow":"follow","max-snippet":"max-snippet:-1","max-image-preview":"max-image-preview:large","max-video-preview":"max-video-preview:-1"},"canonical":"https:\/\/www.bellunopress.it\/fr\/2009\/10\/10\/in-mostra-a-istanbul-libro-antico-del-medico-bellunese-andrea-alpago\/","og_locale":"fr_FR","og_type":"article","og_title":"In mostra a Istanbul libro antico del medico bellunese Andrea Alpago  - Bellunopress - Dolomiti","og_description":"E\u2019 attualmente in corso a Istanbul, presso il Museo di Arte turca e islamica nel centralissimo quartiere di Sultanhamet, proprio di fronte alla famosa Moschea blu, la mostra bibliografica \u201cPlurality in unity\u201d. L\u2019esposizione, promossa dal Ministero per la Cultura della Turchia, con la collaborazione del Museo, presenta per la prima volta al pubblico molti capolavori [&hellip;]","og_url":"https:\/\/www.bellunopress.it\/fr\/2009\/10\/10\/in-mostra-a-istanbul-libro-antico-del-medico-bellunese-andrea-alpago\/","og_site_name":"Bellunopress - Dolomiti","article_publisher":"https:\/\/www.facebook.com\/profile.php?id=100008943462799","article_published_time":"2009-10-10T12:02:54+00:00","og_image":[{"url":"http:\/\/www.bellunopress.it\/wp-content\/uploads\/2009\/10\/istanbul-035.jpg","type":"","width":"","height":""}],"author":"redazione","twitter_card":"summary_large_image","twitter_creator":"@bellunopress","twitter_site":"@bellunopress","twitter_misc":{"\u00c9crit par":"redazione","Dur\u00e9e de lecture estim\u00e9e":"2 minutes"},"schema":{"@context":"https:\/\/schema.org","@graph":[{"@type":"Article","@id":"https:\/\/www.bellunopress.it\/2009\/10\/10\/in-mostra-a-istanbul-libro-antico-del-medico-bellunese-andrea-alpago\/#article","isPartOf":{"@id":"https:\/\/www.bellunopress.it\/2009\/10\/10\/in-mostra-a-istanbul-libro-antico-del-medico-bellunese-andrea-alpago\/"},"author":{"name":"redazione","@id":"https:\/\/www.bellunopress.it\/#\/schema\/person\/79bb06722b37ece1c03d3e94beb30d73"},"headline":"In mostra a Istanbul libro antico del medico bellunese Andrea Alpago","datePublished":"2009-10-10T12:02:54+00:00","mainEntityOfPage":{"@id":"https:\/\/www.bellunopress.it\/2009\/10\/10\/in-mostra-a-istanbul-libro-antico-del-medico-bellunese-andrea-alpago\/"},"wordCount":383,"publisher":{"@id":"https:\/\/www.bellunopress.it\/#organization"},"image":{"@id":"https:\/\/www.bellunopress.it\/2009\/10\/10\/in-mostra-a-istanbul-libro-antico-del-medico-bellunese-andrea-alpago\/#primaryimage"},"thumbnailUrl":"http:\/\/www.bellunopress.it\/wp-content\/uploads\/2009\/10\/istanbul-035.jpg","keywords":["Belluno"],"articleSection":["Arte, Cultura, Spettacoli, Scienza","Prima Pagina"],"inLanguage":"fr-FR"},{"@type":"WebPage","@id":"https:\/\/www.bellunopress.it\/2009\/10\/10\/in-mostra-a-istanbul-libro-antico-del-medico-bellunese-andrea-alpago\/","url":"https:\/\/www.bellunopress.it\/2009\/10\/10\/in-mostra-a-istanbul-libro-antico-del-medico-bellunese-andrea-alpago\/","name":"In mostra a Istanbul libro antico del medico bellunese Andrea Alpago - Bellunopress - Dolomiti","isPartOf":{"@id":"https:\/\/www.bellunopress.it\/#website"},"primaryImageOfPage":{"@id":"https:\/\/www.bellunopress.it\/2009\/10\/10\/in-mostra-a-istanbul-libro-antico-del-medico-bellunese-andrea-alpago\/#primaryimage"},"image":{"@id":"https:\/\/www.bellunopress.it\/2009\/10\/10\/in-mostra-a-istanbul-libro-antico-del-medico-bellunese-andrea-alpago\/#primaryimage"},"thumbnailUrl":"http:\/\/www.bellunopress.it\/wp-content\/uploads\/2009\/10\/istanbul-035.jpg","datePublished":"2009-10-10T12:02:54+00:00","breadcrumb":{"@id":"https:\/\/www.bellunopress.it\/2009\/10\/10\/in-mostra-a-istanbul-libro-antico-del-medico-bellunese-andrea-alpago\/#breadcrumb"},"inLanguage":"fr-FR","potentialAction":[{"@type":"ReadAction","target":["https:\/\/www.bellunopress.it\/2009\/10\/10\/in-mostra-a-istanbul-libro-antico-del-medico-bellunese-andrea-alpago\/"]}]},{"@type":"ImageObject","inLanguage":"fr-FR","@id":"https:\/\/www.bellunopress.it\/2009\/10\/10\/in-mostra-a-istanbul-libro-antico-del-medico-bellunese-andrea-alpago\/#primaryimage","url":"http:\/\/www.bellunopress.it\/wp-content\/uploads\/2009\/10\/istanbul-035.jpg","contentUrl":"http:\/\/www.bellunopress.it\/wp-content\/uploads\/2009\/10\/istanbul-035.jpg"},{"@type":"BreadcrumbList","@id":"https:\/\/www.bellunopress.it\/2009\/10\/10\/in-mostra-a-istanbul-libro-antico-del-medico-bellunese-andrea-alpago\/#breadcrumb","itemListElement":[{"@type":"ListItem","position":1,"name":"Home","item":"https:\/\/www.bellunopress.it\/"},{"@type":"ListItem","position":2,"name":"In mostra a Istanbul libro antico del medico bellunese Andrea Alpago"}]},{"@type":"WebSite","@id":"https:\/\/www.bellunopress.it\/#website","url":"https:\/\/www.bellunopress.it\/","name":"Bellunopress - Dolomiti","description":"e-mail: redazione@bellunopress.it","publisher":{"@id":"https:\/\/www.bellunopress.it\/#organization"},"potentialAction":[{"@type":"SearchAction","target":{"@type":"EntryPoint","urlTemplate":"https:\/\/www.bellunopress.it\/?s={search_term_string}"},"query-input":{"@type":"PropertyValueSpecification","valueRequired":true,"valueName":"search_term_string"}}],"inLanguage":"fr-FR"},{"@type":"Organization","@id":"https:\/\/www.bellunopress.it\/#organization","name":"Bellunopress","url":"https:\/\/www.bellunopress.it\/","logo":{"@type":"ImageObject","inLanguage":"fr-FR","@id":"https:\/\/www.bellunopress.it\/#\/schema\/logo\/image\/","url":"https:\/\/www.bellunopress.it\/wp-content\/uploads\/2011\/05\/cropped-logo-bellunopress-.jpg","contentUrl":"https:\/\/www.bellunopress.it\/wp-content\/uploads\/2011\/05\/cropped-logo-bellunopress-.jpg","width":512,"height":512,"caption":"Bellunopress"},"image":{"@id":"https:\/\/www.bellunopress.it\/#\/schema\/logo\/image\/"},"sameAs":["https:\/\/www.facebook.com\/profile.php?id=100008943462799","https:\/\/x.com\/bellunopress","https:\/\/www.linkedin.com\/hp\/?dnr=JBzUWaJfMUw8vbXJJ2tVW5-I3jZKvC4wsoxE&amp;amp;amp;amp;amp;amp;trk=nav_responsive_tab_home","https:\/\/www.youtube.com\/channel\/UCxL0wu1uN0_3_7hGG0306cw"]},{"@type":"Person","@id":"https:\/\/www.bellunopress.it\/#\/schema\/person\/79bb06722b37ece1c03d3e94beb30d73","name":"r\u00e9daction","image":{"@type":"ImageObject","inLanguage":"fr-FR","@id":"https:\/\/secure.gravatar.com\/avatar\/37d968a2e67a6fd04c169c4bdef102d0bc5d31b2546345219e348575eb80e9a0?s=96&d=mm&r=g","url":"https:\/\/secure.gravatar.com\/avatar\/37d968a2e67a6fd04c169c4bdef102d0bc5d31b2546345219e348575eb80e9a0?s=96&d=mm&r=g","contentUrl":"https:\/\/secure.gravatar.com\/avatar\/37d968a2e67a6fd04c169c4bdef102d0bc5d31b2546345219e348575eb80e9a0?s=96&d=mm&r=g","caption":"redazione"},"sameAs":["http:\/\/www.bellunopress.it","https:\/\/x.com\/bellunopress"],"url":"https:\/\/www.bellunopress.it\/fr\/author\/redazione\/"}]}},"_links":{"self":[{"href":"https:\/\/www.bellunopress.it\/fr\/wp-json\/wp\/v2\/posts\/8822","targetHints":{"allow":["GET"]}}],"collection":[{"href":"https:\/\/www.bellunopress.it\/fr\/wp-json\/wp\/v2\/posts"}],"about":[{"href":"https:\/\/www.bellunopress.it\/fr\/wp-json\/wp\/v2\/types\/post"}],"author":[{"embeddable":true,"href":"https:\/\/www.bellunopress.it\/fr\/wp-json\/wp\/v2\/users\/2"}],"replies":[{"embeddable":true,"href":"https:\/\/www.bellunopress.it\/fr\/wp-json\/wp\/v2\/comments?post=8822"}],"version-history":[{"count":1,"href":"https:\/\/www.bellunopress.it\/fr\/wp-json\/wp\/v2\/posts\/8822\/revisions"}],"predecessor-version":[{"id":8825,"href":"https:\/\/www.bellunopress.it\/fr\/wp-json\/wp\/v2\/posts\/8822\/revisions\/8825"}],"wp:attachment":[{"href":"https:\/\/www.bellunopress.it\/fr\/wp-json\/wp\/v2\/media?parent=8822"}],"wp:term":[{"taxonomy":"category","embeddable":true,"href":"https:\/\/www.bellunopress.it\/fr\/wp-json\/wp\/v2\/categories?post=8822"},{"taxonomy":"post_tag","embeddable":true,"href":"https:\/\/www.bellunopress.it\/fr\/wp-json\/wp\/v2\/tags?post=8822"}],"curies":[{"name":"wp","href":"https:\/\/api.w.org\/{rel}","templated":true}]}}