{"id":8818,"date":"2009-10-10T09:06:45","date_gmt":"2009-10-10T08:06:45","guid":{"rendered":"http:\/\/www.bellunopress.it\/?p=8818"},"modified":"2009-10-10T09:06:45","modified_gmt":"2009-10-10T08:06:45","slug":"le-associazioni-di-belluno-e-pordenone-rinnovano-l%e2%80%99accordo-per-i-servizi-energetici","status":"publish","type":"post","link":"https:\/\/www.bellunopress.it\/fr\/2009\/10\/10\/le-associazioni-di-belluno-e-pordenone-rinnovano-l%e2%80%99accordo-per-i-servizi-energetici\/","title":{"rendered":"Le Associazioni di Belluno e Pordenone rinnovano l\u2019accordo per i servizi energetici"},"content":{"rendered":"<figure id=\"attachment_5281\" aria-describedby=\"caption-attachment-5281\" style=\"width: 180px\" class=\"wp-caption alignleft\"><a href=\"http:\/\/www.bellunopress.it\/wp-content\/uploads\/2009\/06\/valentino-vascellari-pres-assindustria-270x180.jpg\"><img loading=\"lazy\" decoding=\"async\" class=\"size-medium wp-image-5281\" title=\"valentino-vascellari-pres-assindustria-270x180\" src=\"http:\/\/www.bellunopress.it\/wp-content\/uploads\/2009\/06\/valentino-vascellari-pres-assindustria-270x180.jpg\" alt=\"Valentino Vascellari presidente Confindustria Belluno Dolomiti\" width=\"180\" height=\"270\" \/><\/a><figcaption id=\"caption-attachment-5281\" class=\"wp-caption-text\">Valentino Vascellari presidente Confindustria Belluno Dolomiti<\/figcaption><\/figure>\n<p>Confindustria Belluno Dolomiti e Unindustria Pordenone hanno rinnovato l\u2019accordo di collaborazione nell\u2019ambito dei servizi agli Associati inerenti i temi dell\u2019energia elettrica e del gas naturale, fino al 30 settembre 2010. L\u2019accordo, siglato in occasione dell\u2019incontro del Club dei 15, il network della associazioni provinciali di Confindustria ove \u00e8 pi\u00f9 alta l\u2019incidenza del manifatturiero nella formazione del Pil, tenutosi a Como l\u20191 e il 2 ottobre scorsi, ha l\u2019obiettivo di mettere in rete le competenze delle due Associazioni e la crescita professionale dei reciproci organici. L\u2019accordo era stato sottoscritto per la prima volta il 7 ottobre 2008 e, in questi dodici mesi, ha consentito alle Associazioni di Belluno e Pordenone di ottimizzare le forniture di energia elettrica e gas naturale, offrendo alle rispettive Aziende associate servizi pi\u00f9 ampi e mirati. Il commento di Valentino Vascellari, Presidente di Confindustria Belluno Dolomiti: &#8220;A un anno dalla firma dell&#8217;accordo sulla fornitura di energia con l&#8217;Associazione Industriali di Pordenone abbiamo avuto risultati pi\u00f9 che positivi nello sviluppo di un percorso di apertura e di collaborazione, e lo riproponiamo perch\u00e9 altri ne usufruiscano&#8221;. Attraverso questa collaborazione Pordenone Energia, societ\u00e0 consortile promossa da Unione Industriali Pordenone, offre anche agli associati di Confindustria Belluno Dolomiti, cos\u00ec come gi\u00e0 per quelli di Unindustria Pordenone, servizi ed attivit\u00e0 relativi all\u2019approvvigionamento di energia elettrica e gas naturale. Si occupa, in particolare, della negoziazione, della stipula e del coordinamento dei contratti di fornitura in nome e per conto dei consorziati stessi e di ogni altro servizio complementare per la gestione ottimale dei contratti energetici. In termini di assistenza e consulenza, il Consorzio rappresenta il riferimento principale per ogni aspetto della fornitura, grazie a contratti innovativi e verificati legalmente, alla valutazione costante dell&#8217;andamento nel tempo della competitivit\u00e0 dei contratti e alla negoziazione di condizioni accessorie quali, a titolo esemplificativo, dilazioni dei pagamenti ed esclusione degli oneri di recepimento del protocollo di Kyoto. Le Aziende, pur potendosi fornire direttamente nel mercato libero, hanno trovato pi\u00f9 conveniente avvalersi di un ufficio acquisti esterno di massima fiducia ed efficacia come \u00e8 quello di Pordenone Energia che permette di disporre del miglior risultato d\u2019acquisto, senza dover correre rischi e seguirne la gestione, sfruttando le economie di scala. Tale accordo rientra nell\u2019ambito di quelle attivit\u00e0 di razionalizzazione e ottimizzazione di costi che Confindustria a livello nazionale sta portando avanti, secondo le linee guida della presidente Marcegaglia. Si conferma in tal modo la volont\u00e0 di proseguire sulla strada di un pi\u00f9 ampio processo di modernizzazione delle organizzazioni confindustriali per un miglioramento costante dei servizi ed una maggiore soddisfazione del cliente.<\/p>","protected":false},"excerpt":{"rendered":"<p>Confindustria Belluno Dolomiti e Unindustria Pordenone hanno rinnovato l\u2019accordo di collaborazione nell\u2019ambito dei servizi agli Associati inerenti i temi dell\u2019energia elettrica e del gas naturale, fino al 30 settembre 2010. L\u2019accordo, siglato in occasione dell\u2019incontro del Club dei 15, il network della associazioni provinciali di Confindustria ove \u00e8 pi\u00f9 alta l\u2019incidenza del manifatturiero nella formazione [&hellip;]<\/p>\n","protected":false},"author":2,"featured_media":0,"comment_status":"closed","ping_status":"open","sticky":false,"template":"","format":"standard","meta":{"footnotes":""},"categories":[36,26],"tags":[139,63],"class_list":["post-8818","post","type-post","status-publish","format-standard","category-lavoro-economia","category-prima-pagina","tag-belluno","tag-dolomiti"],"yoast_head":"<!-- This site is optimized with the Yoast SEO plugin v28.4 - https:\/\/yoast.com\/product\/yoast-seo-wordpress\/ -->\n<title>Le Associazioni di Belluno e Pordenone rinnovano l\u2019accordo per i servizi energetici - Bellunopress - Dolomiti<\/title>\n<meta name=\"robots\" content=\"index, follow, max-snippet:-1, max-image-preview:large, max-video-preview:-1\" \/>\n<link rel=\"canonical\" href=\"https:\/\/www.bellunopress.it\/fr\/2009\/10\/10\/le-associazioni-di-belluno-e-pordenone-rinnovano-l\u2019accordo-per-i-servizi-energetici\/\" \/>\n<meta property=\"og:locale\" content=\"fr_FR\" \/>\n<meta property=\"og:type\" content=\"article\" \/>\n<meta property=\"og:title\" content=\"Le Associazioni di Belluno e Pordenone rinnovano l\u2019accordo per i servizi energetici - Bellunopress - Dolomiti\" \/>\n<meta property=\"og:description\" content=\"Confindustria Belluno Dolomiti e Unindustria Pordenone hanno rinnovato l\u2019accordo di collaborazione nell\u2019ambito dei servizi agli Associati inerenti i temi dell\u2019energia elettrica e del gas naturale, fino al 30 settembre 2010. L\u2019accordo, siglato in occasione dell\u2019incontro del Club dei 15, il network della associazioni provinciali di Confindustria ove \u00e8 pi\u00f9 alta l\u2019incidenza del manifatturiero nella formazione [&hellip;]\" \/>\n<meta property=\"og:url\" content=\"https:\/\/www.bellunopress.it\/fr\/2009\/10\/10\/le-associazioni-di-belluno-e-pordenone-rinnovano-l\u2019accordo-per-i-servizi-energetici\/\" \/>\n<meta property=\"og:site_name\" content=\"Bellunopress - Dolomiti\" \/>\n<meta property=\"article:publisher\" content=\"https:\/\/www.facebook.com\/profile.php?id=100008943462799\" \/>\n<meta property=\"article:published_time\" content=\"2009-10-10T08:06:45+00:00\" \/>\n<meta property=\"og:image\" content=\"http:\/\/www.bellunopress.it\/wp-content\/uploads\/2009\/06\/valentino-vascellari-pres-assindustria-270x180.jpg\" \/>\n<meta name=\"author\" content=\"redazione\" \/>\n<meta name=\"twitter:card\" content=\"summary_large_image\" \/>\n<meta name=\"twitter:creator\" content=\"@bellunopress\" \/>\n<meta name=\"twitter:site\" content=\"@bellunopress\" \/>\n<meta name=\"twitter:label1\" content=\"\u00c9crit par\" \/>\n\t<meta name=\"twitter:data1\" content=\"redazione\" \/>\n\t<meta name=\"twitter:label2\" content=\"Dur\u00e9e de lecture estim\u00e9e\" \/>\n\t<meta name=\"twitter:data2\" content=\"2 minutes\" \/>\n<script type=\"application\/ld+json\" class=\"yoast-schema-graph\">{\"@context\":\"https:\\\/\\\/schema.org\",\"@graph\":[{\"@type\":\"Article\",\"@id\":\"https:\\\/\\\/www.bellunopress.it\\\/2009\\\/10\\\/10\\\/le-associazioni-di-belluno-e-pordenone-rinnovano-l%e2%80%99accordo-per-i-servizi-energetici\\\/#article\",\"isPartOf\":{\"@id\":\"https:\\\/\\\/www.bellunopress.it\\\/2009\\\/10\\\/10\\\/le-associazioni-di-belluno-e-pordenone-rinnovano-l%e2%80%99accordo-per-i-servizi-energetici\\\/\"},\"author\":{\"name\":\"redazione\",\"@id\":\"https:\\\/\\\/www.bellunopress.it\\\/#\\\/schema\\\/person\\\/79bb06722b37ece1c03d3e94beb30d73\"},\"headline\":\"Le Associazioni di Belluno e Pordenone rinnovano l\u2019accordo per i servizi energetici\",\"datePublished\":\"2009-10-10T08:06:45+00:00\",\"mainEntityOfPage\":{\"@id\":\"https:\\\/\\\/www.bellunopress.it\\\/2009\\\/10\\\/10\\\/le-associazioni-di-belluno-e-pordenone-rinnovano-l%e2%80%99accordo-per-i-servizi-energetici\\\/\"},\"wordCount\":454,\"publisher\":{\"@id\":\"https:\\\/\\\/www.bellunopress.it\\\/#organization\"},\"image\":{\"@id\":\"https:\\\/\\\/www.bellunopress.it\\\/2009\\\/10\\\/10\\\/le-associazioni-di-belluno-e-pordenone-rinnovano-l%e2%80%99accordo-per-i-servizi-energetici\\\/#primaryimage\"},\"thumbnailUrl\":\"http:\\\/\\\/www.bellunopress.it\\\/wp-content\\\/uploads\\\/2009\\\/06\\\/valentino-vascellari-pres-assindustria-270x180.jpg\",\"keywords\":[\"Belluno\",\"Dolomiti\"],\"articleSection\":[\"Lavoro, Economia, Turismo\",\"Prima Pagina\"],\"inLanguage\":\"fr-FR\"},{\"@type\":\"WebPage\",\"@id\":\"https:\\\/\\\/www.bellunopress.it\\\/2009\\\/10\\\/10\\\/le-associazioni-di-belluno-e-pordenone-rinnovano-l%e2%80%99accordo-per-i-servizi-energetici\\\/\",\"url\":\"https:\\\/\\\/www.bellunopress.it\\\/2009\\\/10\\\/10\\\/le-associazioni-di-belluno-e-pordenone-rinnovano-l%e2%80%99accordo-per-i-servizi-energetici\\\/\",\"name\":\"Le Associazioni di Belluno e Pordenone rinnovano l\u2019accordo per i servizi energetici - Bellunopress - Dolomiti\",\"isPartOf\":{\"@id\":\"https:\\\/\\\/www.bellunopress.it\\\/#website\"},\"primaryImageOfPage\":{\"@id\":\"https:\\\/\\\/www.bellunopress.it\\\/2009\\\/10\\\/10\\\/le-associazioni-di-belluno-e-pordenone-rinnovano-l%e2%80%99accordo-per-i-servizi-energetici\\\/#primaryimage\"},\"image\":{\"@id\":\"https:\\\/\\\/www.bellunopress.it\\\/2009\\\/10\\\/10\\\/le-associazioni-di-belluno-e-pordenone-rinnovano-l%e2%80%99accordo-per-i-servizi-energetici\\\/#primaryimage\"},\"thumbnailUrl\":\"http:\\\/\\\/www.bellunopress.it\\\/wp-content\\\/uploads\\\/2009\\\/06\\\/valentino-vascellari-pres-assindustria-270x180.jpg\",\"datePublished\":\"2009-10-10T08:06:45+00:00\",\"breadcrumb\":{\"@id\":\"https:\\\/\\\/www.bellunopress.it\\\/2009\\\/10\\\/10\\\/le-associazioni-di-belluno-e-pordenone-rinnovano-l%e2%80%99accordo-per-i-servizi-energetici\\\/#breadcrumb\"},\"inLanguage\":\"fr-FR\",\"potentialAction\":[{\"@type\":\"ReadAction\",\"target\":[\"https:\\\/\\\/www.bellunopress.it\\\/2009\\\/10\\\/10\\\/le-associazioni-di-belluno-e-pordenone-rinnovano-l%e2%80%99accordo-per-i-servizi-energetici\\\/\"]}]},{\"@type\":\"ImageObject\",\"inLanguage\":\"fr-FR\",\"@id\":\"https:\\\/\\\/www.bellunopress.it\\\/2009\\\/10\\\/10\\\/le-associazioni-di-belluno-e-pordenone-rinnovano-l%e2%80%99accordo-per-i-servizi-energetici\\\/#primaryimage\",\"url\":\"http:\\\/\\\/www.bellunopress.it\\\/wp-content\\\/uploads\\\/2009\\\/06\\\/valentino-vascellari-pres-assindustria-270x180.jpg\",\"contentUrl\":\"http:\\\/\\\/www.bellunopress.it\\\/wp-content\\\/uploads\\\/2009\\\/06\\\/valentino-vascellari-pres-assindustria-270x180.jpg\"},{\"@type\":\"BreadcrumbList\",\"@id\":\"https:\\\/\\\/www.bellunopress.it\\\/2009\\\/10\\\/10\\\/le-associazioni-di-belluno-e-pordenone-rinnovano-l%e2%80%99accordo-per-i-servizi-energetici\\\/#breadcrumb\",\"itemListElement\":[{\"@type\":\"ListItem\",\"position\":1,\"name\":\"Home\",\"item\":\"https:\\\/\\\/www.bellunopress.it\\\/\"},{\"@type\":\"ListItem\",\"position\":2,\"name\":\"Le Associazioni di Belluno e Pordenone rinnovano l\u2019accordo per i servizi energetici\"}]},{\"@type\":\"WebSite\",\"@id\":\"https:\\\/\\\/www.bellunopress.it\\\/#website\",\"url\":\"https:\\\/\\\/www.bellunopress.it\\\/\",\"name\":\"Bellunopress - Dolomiti\",\"description\":\"e-mail: redazione@bellunopress.it\",\"publisher\":{\"@id\":\"https:\\\/\\\/www.bellunopress.it\\\/#organization\"},\"potentialAction\":[{\"@type\":\"SearchAction\",\"target\":{\"@type\":\"EntryPoint\",\"urlTemplate\":\"https:\\\/\\\/www.bellunopress.it\\\/?s={search_term_string}\"},\"query-input\":{\"@type\":\"PropertyValueSpecification\",\"valueRequired\":true,\"valueName\":\"search_term_string\"}}],\"inLanguage\":\"fr-FR\"},{\"@type\":\"Organization\",\"@id\":\"https:\\\/\\\/www.bellunopress.it\\\/#organization\",\"name\":\"Bellunopress\",\"url\":\"https:\\\/\\\/www.bellunopress.it\\\/\",\"logo\":{\"@type\":\"ImageObject\",\"inLanguage\":\"fr-FR\",\"@id\":\"https:\\\/\\\/www.bellunopress.it\\\/#\\\/schema\\\/logo\\\/image\\\/\",\"url\":\"https:\\\/\\\/www.bellunopress.it\\\/wp-content\\\/uploads\\\/2011\\\/05\\\/cropped-logo-bellunopress-.jpg\",\"contentUrl\":\"https:\\\/\\\/www.bellunopress.it\\\/wp-content\\\/uploads\\\/2011\\\/05\\\/cropped-logo-bellunopress-.jpg\",\"width\":512,\"height\":512,\"caption\":\"Bellunopress\"},\"image\":{\"@id\":\"https:\\\/\\\/www.bellunopress.it\\\/#\\\/schema\\\/logo\\\/image\\\/\"},\"sameAs\":[\"https:\\\/\\\/www.facebook.com\\\/profile.php?id=100008943462799\",\"https:\\\/\\\/x.com\\\/bellunopress\",\"https:\\\/\\\/www.linkedin.com\\\/hp\\\/?dnr=JBzUWaJfMUw8vbXJJ2tVW5-I3jZKvC4wsoxE&amp;amp;amp;amp;amp;amp;trk=nav_responsive_tab_home\",\"https:\\\/\\\/www.youtube.com\\\/channel\\\/UCxL0wu1uN0_3_7hGG0306cw\"]},{\"@type\":\"Person\",\"@id\":\"https:\\\/\\\/www.bellunopress.it\\\/#\\\/schema\\\/person\\\/79bb06722b37ece1c03d3e94beb30d73\",\"name\":\"redazione\",\"image\":{\"@type\":\"ImageObject\",\"inLanguage\":\"fr-FR\",\"@id\":\"https:\\\/\\\/secure.gravatar.com\\\/avatar\\\/37d968a2e67a6fd04c169c4bdef102d0bc5d31b2546345219e348575eb80e9a0?s=96&d=mm&r=g\",\"url\":\"https:\\\/\\\/secure.gravatar.com\\\/avatar\\\/37d968a2e67a6fd04c169c4bdef102d0bc5d31b2546345219e348575eb80e9a0?s=96&d=mm&r=g\",\"contentUrl\":\"https:\\\/\\\/secure.gravatar.com\\\/avatar\\\/37d968a2e67a6fd04c169c4bdef102d0bc5d31b2546345219e348575eb80e9a0?s=96&d=mm&r=g\",\"caption\":\"redazione\"},\"sameAs\":[\"http:\\\/\\\/www.bellunopress.it\",\"https:\\\/\\\/x.com\\\/bellunopress\"],\"url\":\"https:\\\/\\\/www.bellunopress.it\\\/fr\\\/author\\\/redazione\\\/\"}]}<\/script>\n<!-- \/ Yoast SEO plugin. -->","yoast_head_json":{"title":"Le Associazioni di Belluno e Pordenone rinnovano l\u2019accordo per i servizi energetici - Bellunopress - Dolomiti","robots":{"index":"index","follow":"follow","max-snippet":"max-snippet:-1","max-image-preview":"max-image-preview:large","max-video-preview":"max-video-preview:-1"},"canonical":"https:\/\/www.bellunopress.it\/fr\/2009\/10\/10\/le-associazioni-di-belluno-e-pordenone-rinnovano-l\u2019accordo-per-i-servizi-energetici\/","og_locale":"fr_FR","og_type":"article","og_title":"Le Associazioni di Belluno e Pordenone rinnovano l\u2019accordo per i servizi energetici - Bellunopress - Dolomiti","og_description":"Confindustria Belluno Dolomiti e Unindustria Pordenone hanno rinnovato l\u2019accordo di collaborazione nell\u2019ambito dei servizi agli Associati inerenti i temi dell\u2019energia elettrica e del gas naturale, fino al 30 settembre 2010. L\u2019accordo, siglato in occasione dell\u2019incontro del Club dei 15, il network della associazioni provinciali di Confindustria ove \u00e8 pi\u00f9 alta l\u2019incidenza del manifatturiero nella formazione [&hellip;]","og_url":"https:\/\/www.bellunopress.it\/fr\/2009\/10\/10\/le-associazioni-di-belluno-e-pordenone-rinnovano-l\u2019accordo-per-i-servizi-energetici\/","og_site_name":"Bellunopress - Dolomiti","article_publisher":"https:\/\/www.facebook.com\/profile.php?id=100008943462799","article_published_time":"2009-10-10T08:06:45+00:00","og_image":[{"url":"http:\/\/www.bellunopress.it\/wp-content\/uploads\/2009\/06\/valentino-vascellari-pres-assindustria-270x180.jpg","type":"","width":"","height":""}],"author":"redazione","twitter_card":"summary_large_image","twitter_creator":"@bellunopress","twitter_site":"@bellunopress","twitter_misc":{"\u00c9crit par":"redazione","Dur\u00e9e de lecture estim\u00e9e":"2 minutes"},"schema":{"@context":"https:\/\/schema.org","@graph":[{"@type":"Article","@id":"https:\/\/www.bellunopress.it\/2009\/10\/10\/le-associazioni-di-belluno-e-pordenone-rinnovano-l%e2%80%99accordo-per-i-servizi-energetici\/#article","isPartOf":{"@id":"https:\/\/www.bellunopress.it\/2009\/10\/10\/le-associazioni-di-belluno-e-pordenone-rinnovano-l%e2%80%99accordo-per-i-servizi-energetici\/"},"author":{"name":"redazione","@id":"https:\/\/www.bellunopress.it\/#\/schema\/person\/79bb06722b37ece1c03d3e94beb30d73"},"headline":"Le Associazioni di Belluno e Pordenone rinnovano l\u2019accordo per i servizi energetici","datePublished":"2009-10-10T08:06:45+00:00","mainEntityOfPage":{"@id":"https:\/\/www.bellunopress.it\/2009\/10\/10\/le-associazioni-di-belluno-e-pordenone-rinnovano-l%e2%80%99accordo-per-i-servizi-energetici\/"},"wordCount":454,"publisher":{"@id":"https:\/\/www.bellunopress.it\/#organization"},"image":{"@id":"https:\/\/www.bellunopress.it\/2009\/10\/10\/le-associazioni-di-belluno-e-pordenone-rinnovano-l%e2%80%99accordo-per-i-servizi-energetici\/#primaryimage"},"thumbnailUrl":"http:\/\/www.bellunopress.it\/wp-content\/uploads\/2009\/06\/valentino-vascellari-pres-assindustria-270x180.jpg","keywords":["Belluno","Dolomiti"],"articleSection":["Lavoro, Economia, Turismo","Prima Pagina"],"inLanguage":"fr-FR"},{"@type":"WebPage","@id":"https:\/\/www.bellunopress.it\/2009\/10\/10\/le-associazioni-di-belluno-e-pordenone-rinnovano-l%e2%80%99accordo-per-i-servizi-energetici\/","url":"https:\/\/www.bellunopress.it\/2009\/10\/10\/le-associazioni-di-belluno-e-pordenone-rinnovano-l%e2%80%99accordo-per-i-servizi-energetici\/","name":"Le Associazioni di Belluno e Pordenone rinnovano l\u2019accordo per i servizi energetici - Bellunopress - Dolomiti","isPartOf":{"@id":"https:\/\/www.bellunopress.it\/#website"},"primaryImageOfPage":{"@id":"https:\/\/www.bellunopress.it\/2009\/10\/10\/le-associazioni-di-belluno-e-pordenone-rinnovano-l%e2%80%99accordo-per-i-servizi-energetici\/#primaryimage"},"image":{"@id":"https:\/\/www.bellunopress.it\/2009\/10\/10\/le-associazioni-di-belluno-e-pordenone-rinnovano-l%e2%80%99accordo-per-i-servizi-energetici\/#primaryimage"},"thumbnailUrl":"http:\/\/www.bellunopress.it\/wp-content\/uploads\/2009\/06\/valentino-vascellari-pres-assindustria-270x180.jpg","datePublished":"2009-10-10T08:06:45+00:00","breadcrumb":{"@id":"https:\/\/www.bellunopress.it\/2009\/10\/10\/le-associazioni-di-belluno-e-pordenone-rinnovano-l%e2%80%99accordo-per-i-servizi-energetici\/#breadcrumb"},"inLanguage":"fr-FR","potentialAction":[{"@type":"ReadAction","target":["https:\/\/www.bellunopress.it\/2009\/10\/10\/le-associazioni-di-belluno-e-pordenone-rinnovano-l%e2%80%99accordo-per-i-servizi-energetici\/"]}]},{"@type":"ImageObject","inLanguage":"fr-FR","@id":"https:\/\/www.bellunopress.it\/2009\/10\/10\/le-associazioni-di-belluno-e-pordenone-rinnovano-l%e2%80%99accordo-per-i-servizi-energetici\/#primaryimage","url":"http:\/\/www.bellunopress.it\/wp-content\/uploads\/2009\/06\/valentino-vascellari-pres-assindustria-270x180.jpg","contentUrl":"http:\/\/www.bellunopress.it\/wp-content\/uploads\/2009\/06\/valentino-vascellari-pres-assindustria-270x180.jpg"},{"@type":"BreadcrumbList","@id":"https:\/\/www.bellunopress.it\/2009\/10\/10\/le-associazioni-di-belluno-e-pordenone-rinnovano-l%e2%80%99accordo-per-i-servizi-energetici\/#breadcrumb","itemListElement":[{"@type":"ListItem","position":1,"name":"Home","item":"https:\/\/www.bellunopress.it\/"},{"@type":"ListItem","position":2,"name":"Le Associazioni di Belluno e Pordenone rinnovano l\u2019accordo per i servizi energetici"}]},{"@type":"WebSite","@id":"https:\/\/www.bellunopress.it\/#website","url":"https:\/\/www.bellunopress.it\/","name":"Bellunopress - Dolomiti","description":"e-mail: redazione@bellunopress.it","publisher":{"@id":"https:\/\/www.bellunopress.it\/#organization"},"potentialAction":[{"@type":"SearchAction","target":{"@type":"EntryPoint","urlTemplate":"https:\/\/www.bellunopress.it\/?s={search_term_string}"},"query-input":{"@type":"PropertyValueSpecification","valueRequired":true,"valueName":"search_term_string"}}],"inLanguage":"fr-FR"},{"@type":"Organization","@id":"https:\/\/www.bellunopress.it\/#organization","name":"Bellunopress","url":"https:\/\/www.bellunopress.it\/","logo":{"@type":"ImageObject","inLanguage":"fr-FR","@id":"https:\/\/www.bellunopress.it\/#\/schema\/logo\/image\/","url":"https:\/\/www.bellunopress.it\/wp-content\/uploads\/2011\/05\/cropped-logo-bellunopress-.jpg","contentUrl":"https:\/\/www.bellunopress.it\/wp-content\/uploads\/2011\/05\/cropped-logo-bellunopress-.jpg","width":512,"height":512,"caption":"Bellunopress"},"image":{"@id":"https:\/\/www.bellunopress.it\/#\/schema\/logo\/image\/"},"sameAs":["https:\/\/www.facebook.com\/profile.php?id=100008943462799","https:\/\/x.com\/bellunopress","https:\/\/www.linkedin.com\/hp\/?dnr=JBzUWaJfMUw8vbXJJ2tVW5-I3jZKvC4wsoxE&amp;amp;amp;amp;amp;amp;trk=nav_responsive_tab_home","https:\/\/www.youtube.com\/channel\/UCxL0wu1uN0_3_7hGG0306cw"]},{"@type":"Person","@id":"https:\/\/www.bellunopress.it\/#\/schema\/person\/79bb06722b37ece1c03d3e94beb30d73","name":"r\u00e9daction","image":{"@type":"ImageObject","inLanguage":"fr-FR","@id":"https:\/\/secure.gravatar.com\/avatar\/37d968a2e67a6fd04c169c4bdef102d0bc5d31b2546345219e348575eb80e9a0?s=96&d=mm&r=g","url":"https:\/\/secure.gravatar.com\/avatar\/37d968a2e67a6fd04c169c4bdef102d0bc5d31b2546345219e348575eb80e9a0?s=96&d=mm&r=g","contentUrl":"https:\/\/secure.gravatar.com\/avatar\/37d968a2e67a6fd04c169c4bdef102d0bc5d31b2546345219e348575eb80e9a0?s=96&d=mm&r=g","caption":"redazione"},"sameAs":["http:\/\/www.bellunopress.it","https:\/\/x.com\/bellunopress"],"url":"https:\/\/www.bellunopress.it\/fr\/author\/redazione\/"}]}},"_links":{"self":[{"href":"https:\/\/www.bellunopress.it\/fr\/wp-json\/wp\/v2\/posts\/8818","targetHints":{"allow":["GET"]}}],"collection":[{"href":"https:\/\/www.bellunopress.it\/fr\/wp-json\/wp\/v2\/posts"}],"about":[{"href":"https:\/\/www.bellunopress.it\/fr\/wp-json\/wp\/v2\/types\/post"}],"author":[{"embeddable":true,"href":"https:\/\/www.bellunopress.it\/fr\/wp-json\/wp\/v2\/users\/2"}],"replies":[{"embeddable":true,"href":"https:\/\/www.bellunopress.it\/fr\/wp-json\/wp\/v2\/comments?post=8818"}],"version-history":[{"count":1,"href":"https:\/\/www.bellunopress.it\/fr\/wp-json\/wp\/v2\/posts\/8818\/revisions"}],"predecessor-version":[{"id":8819,"href":"https:\/\/www.bellunopress.it\/fr\/wp-json\/wp\/v2\/posts\/8818\/revisions\/8819"}],"wp:attachment":[{"href":"https:\/\/www.bellunopress.it\/fr\/wp-json\/wp\/v2\/media?parent=8818"}],"wp:term":[{"taxonomy":"category","embeddable":true,"href":"https:\/\/www.bellunopress.it\/fr\/wp-json\/wp\/v2\/categories?post=8818"},{"taxonomy":"post_tag","embeddable":true,"href":"https:\/\/www.bellunopress.it\/fr\/wp-json\/wp\/v2\/tags?post=8818"}],"curies":[{"name":"wp","href":"https:\/\/api.w.org\/{rel}","templated":true}]}}