{"id":8816,"date":"2009-10-10T09:00:21","date_gmt":"2009-10-10T08:00:21","guid":{"rendered":"http:\/\/www.bellunopress.it\/?p=8816"},"modified":"2009-10-10T09:00:21","modified_gmt":"2009-10-10T08:00:21","slug":"domani-si-inaugura-il-guado-sul-rio-frari","status":"publish","type":"post","link":"https:\/\/www.bellunopress.it\/fr\/2009\/10\/10\/domani-si-inaugura-il-guado-sul-rio-frari\/","title":{"rendered":"Domani si inaugura il guado sul Rio Frari"},"content":{"rendered":"<p>Grande festa domani, domenica 11 ottobre, in occasione della inaugurazione del guado sul Rio Frari realizzato dalla Comunit\u00e0 Montana Bellunese. Infatti, con partenza dalla Villa Montalban e traguardo al campo sportivo di Fortogna, a Longarone, prender\u00e0 il via una gara ciclistica non competitiva di circa 8 chilometri. Il tragitto si sviluppa lungo la strada ciclo pedonale Safforze-Nuova Erto, prosegue sulla strada romana di Polpet, guada il Rio Frari e, dopo la rivierasca sul Piave, arriva al campo sportivo di Fortogna. Il ritrovo a Villa Montalban \u00e8 fissato per le ore 10.00, con partenza alle ore 10.30. Ci si potr\u00e0 iscrivere anche prima della gara. Al termine della pedalata, ci sar\u00e0 il ristoro presso il Campo sportivo di Fortogna, con la consegna dei gadget e l&#8217;estrazione di premi. Alla ciclistica non competitiva parteciper\u00e0 anche il Sindaco di Belluno, Antonio Prade, con una \u201cbicicletta blu\u201d regalata a suo tempo al Comune di Belluno dall&#8217;Associazione Nazionale delle Citt\u00e0 Ciclabili, presieduta dal noto giornalista sportivo Marino Bartoletti.\u00a0 Si tratta di una bicicletta personalizzata che ricorda l&#8217;impegno del Comune di Belluno sui temi ambientali. \u201cVado volentieri a prendere un po&#8217; di aria buona\u201d \u2013 ha detto ironicamente il Sindaco. \u201cRespirer\u00f2 a fondo come si deve fare sempre nei momenti di massimo sforzo. A proposito di ambiente e dintorni, voglio ricordare che stiamo attendendo i risultati del rapporto sull&#8217;Ecosistema Urbano elaborato da Legambiente. Dovrebbe essere reso noto a giorni. Da due anni la Citt\u00e0 di Belluno \u00e8 in testa alla classifica pi\u00f9 ambita d&#8217;Italia, e sono curioso di vedere come va quest&#8217;anno. Il dossier che abbiamo spedito mesi fa alla sede di Legambiente, a Roma, \u00e8 la fotografia di una Citt\u00e0 dalla mille virt\u00f9. Staremo a vedere\u201d.<\/p>","protected":false},"excerpt":{"rendered":"<p>Grande festa domani, domenica 11 ottobre, in occasione della inaugurazione del guado sul Rio Frari realizzato dalla Comunit\u00e0 Montana Bellunese. Infatti, con partenza dalla Villa Montalban e traguardo al campo sportivo di Fortogna, a Longarone, prender\u00e0 il via una gara ciclistica non competitiva di circa 8 chilometri. Il tragitto si sviluppa lungo la strada ciclo [&hellip;]<\/p>\n","protected":false},"author":2,"featured_media":0,"comment_status":"closed","ping_status":"open","sticky":false,"template":"","format":"standard","meta":{"footnotes":""},"categories":[27,25],"tags":[139],"class_list":["post-8816","post","type-post","status-publish","format-standard","category-appuntamenti","category-pausa-caffe","tag-belluno"],"yoast_head":"<!-- This site is optimized with the Yoast SEO plugin v28.4 - https:\/\/yoast.com\/product\/yoast-seo-wordpress\/ -->\n<title>Domani si inaugura il guado sul Rio Frari - Bellunopress - Dolomiti<\/title>\n<meta name=\"robots\" content=\"index, follow, max-snippet:-1, max-image-preview:large, max-video-preview:-1\" \/>\n<link rel=\"canonical\" href=\"https:\/\/www.bellunopress.it\/fr\/2009\/10\/10\/domani-si-inaugura-il-guado-sul-rio-frari\/\" \/>\n<meta property=\"og:locale\" content=\"fr_FR\" \/>\n<meta property=\"og:type\" content=\"article\" \/>\n<meta property=\"og:title\" content=\"Domani si inaugura il guado sul Rio Frari - Bellunopress - Dolomiti\" \/>\n<meta property=\"og:description\" content=\"Grande festa domani, domenica 11 ottobre, in occasione della inaugurazione del guado sul Rio Frari realizzato dalla Comunit\u00e0 Montana Bellunese. Infatti, con partenza dalla Villa Montalban e traguardo al campo sportivo di Fortogna, a Longarone, prender\u00e0 il via una gara ciclistica non competitiva di circa 8 chilometri. Il tragitto si sviluppa lungo la strada ciclo [&hellip;]\" \/>\n<meta property=\"og:url\" content=\"https:\/\/www.bellunopress.it\/fr\/2009\/10\/10\/domani-si-inaugura-il-guado-sul-rio-frari\/\" \/>\n<meta property=\"og:site_name\" content=\"Bellunopress - Dolomiti\" \/>\n<meta property=\"article:publisher\" content=\"https:\/\/www.facebook.com\/profile.php?id=100008943462799\" \/>\n<meta property=\"article:published_time\" content=\"2009-10-10T08:00:21+00:00\" \/>\n<meta property=\"og:image\" content=\"http:\/\/www.bellunopress.it\/wp-content\/uploads\/2012\/07\/logo-bellunopress-250x250-2012.jpg\" \/>\n<meta name=\"author\" content=\"redazione\" \/>\n<meta name=\"twitter:card\" content=\"summary_large_image\" \/>\n<meta name=\"twitter:creator\" content=\"@bellunopress\" \/>\n<meta name=\"twitter:site\" content=\"@bellunopress\" \/>\n<meta name=\"twitter:label1\" content=\"\u00c9crit par\" \/>\n\t<meta name=\"twitter:data1\" content=\"redazione\" \/>\n\t<meta name=\"twitter:label2\" content=\"Dur\u00e9e de lecture estim\u00e9e\" \/>\n\t<meta name=\"twitter:data2\" content=\"1 minute\" \/>\n<script type=\"application\/ld+json\" class=\"yoast-schema-graph\">{\"@context\":\"https:\\\/\\\/schema.org\",\"@graph\":[{\"@type\":\"Article\",\"@id\":\"https:\\\/\\\/www.bellunopress.it\\\/2009\\\/10\\\/10\\\/domani-si-inaugura-il-guado-sul-rio-frari\\\/#article\",\"isPartOf\":{\"@id\":\"https:\\\/\\\/www.bellunopress.it\\\/2009\\\/10\\\/10\\\/domani-si-inaugura-il-guado-sul-rio-frari\\\/\"},\"author\":{\"name\":\"redazione\",\"@id\":\"https:\\\/\\\/www.bellunopress.it\\\/#\\\/schema\\\/person\\\/79bb06722b37ece1c03d3e94beb30d73\"},\"headline\":\"Domani si inaugura il guado sul Rio Frari\",\"datePublished\":\"2009-10-10T08:00:21+00:00\",\"mainEntityOfPage\":{\"@id\":\"https:\\\/\\\/www.bellunopress.it\\\/2009\\\/10\\\/10\\\/domani-si-inaugura-il-guado-sul-rio-frari\\\/\"},\"wordCount\":287,\"publisher\":{\"@id\":\"https:\\\/\\\/www.bellunopress.it\\\/#organization\"},\"keywords\":[\"Belluno\"],\"articleSection\":[\"Appuntamenti, Eventi\",\"Pausa Caff\u00e8\"],\"inLanguage\":\"fr-FR\"},{\"@type\":\"WebPage\",\"@id\":\"https:\\\/\\\/www.bellunopress.it\\\/2009\\\/10\\\/10\\\/domani-si-inaugura-il-guado-sul-rio-frari\\\/\",\"url\":\"https:\\\/\\\/www.bellunopress.it\\\/2009\\\/10\\\/10\\\/domani-si-inaugura-il-guado-sul-rio-frari\\\/\",\"name\":\"Domani si inaugura il guado sul Rio Frari - Bellunopress - Dolomiti\",\"isPartOf\":{\"@id\":\"https:\\\/\\\/www.bellunopress.it\\\/#website\"},\"datePublished\":\"2009-10-10T08:00:21+00:00\",\"breadcrumb\":{\"@id\":\"https:\\\/\\\/www.bellunopress.it\\\/2009\\\/10\\\/10\\\/domani-si-inaugura-il-guado-sul-rio-frari\\\/#breadcrumb\"},\"inLanguage\":\"fr-FR\",\"potentialAction\":[{\"@type\":\"ReadAction\",\"target\":[\"https:\\\/\\\/www.bellunopress.it\\\/2009\\\/10\\\/10\\\/domani-si-inaugura-il-guado-sul-rio-frari\\\/\"]}]},{\"@type\":\"BreadcrumbList\",\"@id\":\"https:\\\/\\\/www.bellunopress.it\\\/2009\\\/10\\\/10\\\/domani-si-inaugura-il-guado-sul-rio-frari\\\/#breadcrumb\",\"itemListElement\":[{\"@type\":\"ListItem\",\"position\":1,\"name\":\"Home\",\"item\":\"https:\\\/\\\/www.bellunopress.it\\\/\"},{\"@type\":\"ListItem\",\"position\":2,\"name\":\"Domani si inaugura il guado sul Rio Frari\"}]},{\"@type\":\"WebSite\",\"@id\":\"https:\\\/\\\/www.bellunopress.it\\\/#website\",\"url\":\"https:\\\/\\\/www.bellunopress.it\\\/\",\"name\":\"Bellunopress - Dolomiti\",\"description\":\"e-mail: redazione@bellunopress.it\",\"publisher\":{\"@id\":\"https:\\\/\\\/www.bellunopress.it\\\/#organization\"},\"potentialAction\":[{\"@type\":\"SearchAction\",\"target\":{\"@type\":\"EntryPoint\",\"urlTemplate\":\"https:\\\/\\\/www.bellunopress.it\\\/?s={search_term_string}\"},\"query-input\":{\"@type\":\"PropertyValueSpecification\",\"valueRequired\":true,\"valueName\":\"search_term_string\"}}],\"inLanguage\":\"fr-FR\"},{\"@type\":\"Organization\",\"@id\":\"https:\\\/\\\/www.bellunopress.it\\\/#organization\",\"name\":\"Bellunopress\",\"url\":\"https:\\\/\\\/www.bellunopress.it\\\/\",\"logo\":{\"@type\":\"ImageObject\",\"inLanguage\":\"fr-FR\",\"@id\":\"https:\\\/\\\/www.bellunopress.it\\\/#\\\/schema\\\/logo\\\/image\\\/\",\"url\":\"https:\\\/\\\/www.bellunopress.it\\\/wp-content\\\/uploads\\\/2011\\\/05\\\/cropped-logo-bellunopress-.jpg\",\"contentUrl\":\"https:\\\/\\\/www.bellunopress.it\\\/wp-content\\\/uploads\\\/2011\\\/05\\\/cropped-logo-bellunopress-.jpg\",\"width\":512,\"height\":512,\"caption\":\"Bellunopress\"},\"image\":{\"@id\":\"https:\\\/\\\/www.bellunopress.it\\\/#\\\/schema\\\/logo\\\/image\\\/\"},\"sameAs\":[\"https:\\\/\\\/www.facebook.com\\\/profile.php?id=100008943462799\",\"https:\\\/\\\/x.com\\\/bellunopress\",\"https:\\\/\\\/www.linkedin.com\\\/hp\\\/?dnr=JBzUWaJfMUw8vbXJJ2tVW5-I3jZKvC4wsoxE&amp;amp;amp;amp;amp;amp;trk=nav_responsive_tab_home\",\"https:\\\/\\\/www.youtube.com\\\/channel\\\/UCxL0wu1uN0_3_7hGG0306cw\"]},{\"@type\":\"Person\",\"@id\":\"https:\\\/\\\/www.bellunopress.it\\\/#\\\/schema\\\/person\\\/79bb06722b37ece1c03d3e94beb30d73\",\"name\":\"redazione\",\"image\":{\"@type\":\"ImageObject\",\"inLanguage\":\"fr-FR\",\"@id\":\"https:\\\/\\\/secure.gravatar.com\\\/avatar\\\/37d968a2e67a6fd04c169c4bdef102d0bc5d31b2546345219e348575eb80e9a0?s=96&d=mm&r=g\",\"url\":\"https:\\\/\\\/secure.gravatar.com\\\/avatar\\\/37d968a2e67a6fd04c169c4bdef102d0bc5d31b2546345219e348575eb80e9a0?s=96&d=mm&r=g\",\"contentUrl\":\"https:\\\/\\\/secure.gravatar.com\\\/avatar\\\/37d968a2e67a6fd04c169c4bdef102d0bc5d31b2546345219e348575eb80e9a0?s=96&d=mm&r=g\",\"caption\":\"redazione\"},\"sameAs\":[\"http:\\\/\\\/www.bellunopress.it\",\"https:\\\/\\\/x.com\\\/bellunopress\"],\"url\":\"https:\\\/\\\/www.bellunopress.it\\\/fr\\\/author\\\/redazione\\\/\"}]}<\/script>\n<!-- \/ Yoast SEO plugin. -->","yoast_head_json":{"title":"Domani si inaugura il guado sul Rio Frari - Bellunopress - Dolomiti","robots":{"index":"index","follow":"follow","max-snippet":"max-snippet:-1","max-image-preview":"max-image-preview:large","max-video-preview":"max-video-preview:-1"},"canonical":"https:\/\/www.bellunopress.it\/fr\/2009\/10\/10\/domani-si-inaugura-il-guado-sul-rio-frari\/","og_locale":"fr_FR","og_type":"article","og_title":"Domani si inaugura il guado sul Rio Frari - Bellunopress - Dolomiti","og_description":"Grande festa domani, domenica 11 ottobre, in occasione della inaugurazione del guado sul Rio Frari realizzato dalla Comunit\u00e0 Montana Bellunese. Infatti, con partenza dalla Villa Montalban e traguardo al campo sportivo di Fortogna, a Longarone, prender\u00e0 il via una gara ciclistica non competitiva di circa 8 chilometri. Il tragitto si sviluppa lungo la strada ciclo [&hellip;]","og_url":"https:\/\/www.bellunopress.it\/fr\/2009\/10\/10\/domani-si-inaugura-il-guado-sul-rio-frari\/","og_site_name":"Bellunopress - Dolomiti","article_publisher":"https:\/\/www.facebook.com\/profile.php?id=100008943462799","article_published_time":"2009-10-10T08:00:21+00:00","og_image":[{"url":"http:\/\/www.bellunopress.it\/wp-content\/uploads\/2012\/07\/logo-bellunopress-250x250-2012.jpg","type":"","width":"","height":""}],"author":"redazione","twitter_card":"summary_large_image","twitter_creator":"@bellunopress","twitter_site":"@bellunopress","twitter_misc":{"\u00c9crit par":"redazione","Dur\u00e9e de lecture estim\u00e9e":"1 minute"},"schema":{"@context":"https:\/\/schema.org","@graph":[{"@type":"Article","@id":"https:\/\/www.bellunopress.it\/2009\/10\/10\/domani-si-inaugura-il-guado-sul-rio-frari\/#article","isPartOf":{"@id":"https:\/\/www.bellunopress.it\/2009\/10\/10\/domani-si-inaugura-il-guado-sul-rio-frari\/"},"author":{"name":"redazione","@id":"https:\/\/www.bellunopress.it\/#\/schema\/person\/79bb06722b37ece1c03d3e94beb30d73"},"headline":"Domani si inaugura il guado sul Rio Frari","datePublished":"2009-10-10T08:00:21+00:00","mainEntityOfPage":{"@id":"https:\/\/www.bellunopress.it\/2009\/10\/10\/domani-si-inaugura-il-guado-sul-rio-frari\/"},"wordCount":287,"publisher":{"@id":"https:\/\/www.bellunopress.it\/#organization"},"keywords":["Belluno"],"articleSection":["Appuntamenti, Eventi","Pausa Caff\u00e8"],"inLanguage":"fr-FR"},{"@type":"WebPage","@id":"https:\/\/www.bellunopress.it\/2009\/10\/10\/domani-si-inaugura-il-guado-sul-rio-frari\/","url":"https:\/\/www.bellunopress.it\/2009\/10\/10\/domani-si-inaugura-il-guado-sul-rio-frari\/","name":"Domani si inaugura il guado sul Rio Frari - Bellunopress - Dolomiti","isPartOf":{"@id":"https:\/\/www.bellunopress.it\/#website"},"datePublished":"2009-10-10T08:00:21+00:00","breadcrumb":{"@id":"https:\/\/www.bellunopress.it\/2009\/10\/10\/domani-si-inaugura-il-guado-sul-rio-frari\/#breadcrumb"},"inLanguage":"fr-FR","potentialAction":[{"@type":"ReadAction","target":["https:\/\/www.bellunopress.it\/2009\/10\/10\/domani-si-inaugura-il-guado-sul-rio-frari\/"]}]},{"@type":"BreadcrumbList","@id":"https:\/\/www.bellunopress.it\/2009\/10\/10\/domani-si-inaugura-il-guado-sul-rio-frari\/#breadcrumb","itemListElement":[{"@type":"ListItem","position":1,"name":"Home","item":"https:\/\/www.bellunopress.it\/"},{"@type":"ListItem","position":2,"name":"Domani si inaugura il guado sul Rio Frari"}]},{"@type":"WebSite","@id":"https:\/\/www.bellunopress.it\/#website","url":"https:\/\/www.bellunopress.it\/","name":"Bellunopress - Dolomiti","description":"e-mail: redazione@bellunopress.it","publisher":{"@id":"https:\/\/www.bellunopress.it\/#organization"},"potentialAction":[{"@type":"SearchAction","target":{"@type":"EntryPoint","urlTemplate":"https:\/\/www.bellunopress.it\/?s={search_term_string}"},"query-input":{"@type":"PropertyValueSpecification","valueRequired":true,"valueName":"search_term_string"}}],"inLanguage":"fr-FR"},{"@type":"Organization","@id":"https:\/\/www.bellunopress.it\/#organization","name":"Bellunopress","url":"https:\/\/www.bellunopress.it\/","logo":{"@type":"ImageObject","inLanguage":"fr-FR","@id":"https:\/\/www.bellunopress.it\/#\/schema\/logo\/image\/","url":"https:\/\/www.bellunopress.it\/wp-content\/uploads\/2011\/05\/cropped-logo-bellunopress-.jpg","contentUrl":"https:\/\/www.bellunopress.it\/wp-content\/uploads\/2011\/05\/cropped-logo-bellunopress-.jpg","width":512,"height":512,"caption":"Bellunopress"},"image":{"@id":"https:\/\/www.bellunopress.it\/#\/schema\/logo\/image\/"},"sameAs":["https:\/\/www.facebook.com\/profile.php?id=100008943462799","https:\/\/x.com\/bellunopress","https:\/\/www.linkedin.com\/hp\/?dnr=JBzUWaJfMUw8vbXJJ2tVW5-I3jZKvC4wsoxE&amp;amp;amp;amp;amp;amp;trk=nav_responsive_tab_home","https:\/\/www.youtube.com\/channel\/UCxL0wu1uN0_3_7hGG0306cw"]},{"@type":"Person","@id":"https:\/\/www.bellunopress.it\/#\/schema\/person\/79bb06722b37ece1c03d3e94beb30d73","name":"r\u00e9daction","image":{"@type":"ImageObject","inLanguage":"fr-FR","@id":"https:\/\/secure.gravatar.com\/avatar\/37d968a2e67a6fd04c169c4bdef102d0bc5d31b2546345219e348575eb80e9a0?s=96&d=mm&r=g","url":"https:\/\/secure.gravatar.com\/avatar\/37d968a2e67a6fd04c169c4bdef102d0bc5d31b2546345219e348575eb80e9a0?s=96&d=mm&r=g","contentUrl":"https:\/\/secure.gravatar.com\/avatar\/37d968a2e67a6fd04c169c4bdef102d0bc5d31b2546345219e348575eb80e9a0?s=96&d=mm&r=g","caption":"redazione"},"sameAs":["http:\/\/www.bellunopress.it","https:\/\/x.com\/bellunopress"],"url":"https:\/\/www.bellunopress.it\/fr\/author\/redazione\/"}]}},"_links":{"self":[{"href":"https:\/\/www.bellunopress.it\/fr\/wp-json\/wp\/v2\/posts\/8816","targetHints":{"allow":["GET"]}}],"collection":[{"href":"https:\/\/www.bellunopress.it\/fr\/wp-json\/wp\/v2\/posts"}],"about":[{"href":"https:\/\/www.bellunopress.it\/fr\/wp-json\/wp\/v2\/types\/post"}],"author":[{"embeddable":true,"href":"https:\/\/www.bellunopress.it\/fr\/wp-json\/wp\/v2\/users\/2"}],"replies":[{"embeddable":true,"href":"https:\/\/www.bellunopress.it\/fr\/wp-json\/wp\/v2\/comments?post=8816"}],"version-history":[{"count":1,"href":"https:\/\/www.bellunopress.it\/fr\/wp-json\/wp\/v2\/posts\/8816\/revisions"}],"predecessor-version":[{"id":8817,"href":"https:\/\/www.bellunopress.it\/fr\/wp-json\/wp\/v2\/posts\/8816\/revisions\/8817"}],"wp:attachment":[{"href":"https:\/\/www.bellunopress.it\/fr\/wp-json\/wp\/v2\/media?parent=8816"}],"wp:term":[{"taxonomy":"category","embeddable":true,"href":"https:\/\/www.bellunopress.it\/fr\/wp-json\/wp\/v2\/categories?post=8816"},{"taxonomy":"post_tag","embeddable":true,"href":"https:\/\/www.bellunopress.it\/fr\/wp-json\/wp\/v2\/tags?post=8816"}],"curies":[{"name":"wp","href":"https:\/\/api.w.org\/{rel}","templated":true}]}}