{"id":8812,"date":"2009-10-10T08:49:16","date_gmt":"2009-10-10T07:49:16","guid":{"rendered":"http:\/\/www.bellunopress.it\/?p=8812"},"modified":"2009-10-10T08:49:16","modified_gmt":"2009-10-10T07:49:16","slug":"dal-parco-nazionale-dolomiti-bellunesi-80000-euro-al-cai","status":"publish","type":"post","link":"https:\/\/www.bellunopress.it\/fr\/2009\/10\/10\/dal-parco-nazionale-dolomiti-bellunesi-80000-euro-al-cai\/","title":{"rendered":"Dal Parco Nazionale Dolomiti Bellunesi 80.000 euro al Cai"},"content":{"rendered":"<figure id=\"attachment_4335\" aria-describedby=\"caption-attachment-4335\" style=\"width: 90px\" class=\"wp-caption alignleft\"><a href=\"http:\/\/www.bellunopress.it\/wp-content\/uploads\/2009\/06\/guido-de-zordo.jpg\"><img loading=\"lazy\" decoding=\"async\" class=\"size-medium wp-image-4335\" title=\"guido-de-zordo\" src=\"http:\/\/www.bellunopress.it\/wp-content\/uploads\/2009\/06\/guido-de-zordo.jpg\" alt=\"il presidente del Parco Nazionale delle Dolomiti Bellunesi Guido De Zordo\" width=\"90\" height=\"90\" \/><\/a><figcaption id=\"caption-attachment-4335\" class=\"wp-caption-text\">il presidente del Parco Nazionale delle Dolomiti Bellunesi Guido De Zordo<\/figcaption><\/figure>\n<p>Le eccezionali nevicate dello scorso inverno hanno causato gravi danni alle strutture in quota. Strade forestali, sentieri, bivacchi e rifugi sono stati messi a dura prova e, in molti casi, seriamente danneggiati dal peso della copertura nevosa o dalla cadute di slavine. Per riparare i danni il Parco Nazionale Dolomiti Bellunesi ha chiesto al Ministero dell\u2019Ambiente, la scorsa primavera, un contributo straordinario, stimando in almeno 400.000 euro i danni complessivi alle strutture che si trovano nel territorio dell\u2019area protetta. Il Ministero ha concesso uno stanziamento di 100.000 \u20ac, il cui utilizzo \u00e8 stato definito nei giorni scorsi dal Consiglio Direttivo dell\u2019Ente Parco. In particolare l\u2019Ente ha stabilito di assegnare met\u00e0 del contributo ministeriale, pari a 50.000 euro, al cofinanziamento degli interventi di riparazione di strutture di propriet\u00e0 o in gestione al CAI. Cos\u00ec 5.000 euro andranno al CAI di Longarone per ripristinare il sentiero 527 tra Pont de la Costa Granda e Casera Caneva; 15.000 euro sono destinati alla sezione CAI di Feltre, per sistemare la copertura del rifugio Dal Piaz. Identici importi di 15.000 euro ciascuno sono stati assegnati alle sezioni CAI di Belluno e Oderzo, per la riparazione, rispettivamente, della copertura del rifugio Bianchet e del rifugio Pramperet.<br \/>\nQuesti interventi sulle strutture CAI vanno ad aggiungersi a quelli, gi\u00e0 realizzati dal Parco nel corso della primavera, di sistemazione di strade forestali, in particolare quella che conduce al rifugio Dal Piaz e a malga Vette Grandi, sulle Vette Feltrine per un importo di 35.000 \u20ac. Al cofinanziamento di 50.000 euro va aggiunto un ulteriore stanziamento del Parco, di 30.000 euro,\u00a0 per il rifacimento della segnaletica verticale della rete sentieristica CAI all\u2019interno del Parco. I 30.000 euro saranno utilizzati per sostituire le vecchie frecce e tabelle segnaletiche dei sentieri che, nell\u2019occasione, saranno anche \u201cpersonalizzate\u201d con il logo del Parco. Il Presidente del Parco, Guido De Zordo, ha sottolineato come il cofinanziamento degli interventi di riparazione di sentieri e rifugi rappresenti \u201cun segno concreto della costruttiva collaborazione instaurata tra Ente Parco e Club Alpino Italiano, allo scopo di assicurare a turisti ed escursionisti la buona efficienza della rete sentieristica e dei rifugi, due elementi fondamentali per garantire una fruizione sicura della montagna\u201d. Il Direttore del Parco, Nino Martino, ha invece evidenziato l\u2019importanza della collaborazione con il CAI per realizzare il progetto di rifacimento delle tabelle: \u201cgrazie alla esperienza e alla collaborazione del CAI \u2013 ha dichiarato il Direttore &#8211; potremo personalizzare tutta la segnaletica interna all\u2019area protetta; questo consentir\u00e0 al Parco di presentarsi al turista con una forte immagine coordinata: tutte le frecce e le tabelle CAI avranno il logo del Parco; cos\u00ec l\u2019escursionista potr\u00e0 rendersi conto, mentre procede su qualsiasi sentiero, di trovarsi all\u2019interno dell\u2019area protetta. La speranza di tutti \u00e8 che questa iniziativa possa continuare nei prossimi anni, sempre che i finanziamenti statali e regionali a favore dell\u2019Ente Parco lo consentano\u201d.<\/p>","protected":false},"excerpt":{"rendered":"<p>Le eccezionali nevicate dello scorso inverno hanno causato gravi danni alle strutture in quota. Strade forestali, sentieri, bivacchi e rifugi sono stati messi a dura prova e, in molti casi, seriamente danneggiati dal peso della copertura nevosa o dalla cadute di slavine. Per riparare i danni il Parco Nazionale Dolomiti Bellunesi ha chiesto al Ministero [&hellip;]<\/p>\n","protected":false},"author":2,"featured_media":0,"comment_status":"closed","ping_status":"open","sticky":false,"template":"","format":"standard","meta":{"footnotes":""},"categories":[38,26],"tags":[139,63,302],"class_list":["post-8812","post","type-post","status-publish","format-standard","category-natura-ambiente","category-prima-pagina","tag-belluno","tag-dolomiti","tag-feltre"],"yoast_head":"<!-- This site is optimized with the Yoast SEO plugin v28.4 - https:\/\/yoast.com\/product\/yoast-seo-wordpress\/ -->\n<title>Dal Parco Nazionale Dolomiti Bellunesi 80.000 euro al Cai - Bellunopress - Dolomiti<\/title>\n<meta name=\"robots\" content=\"index, follow, max-snippet:-1, max-image-preview:large, max-video-preview:-1\" \/>\n<link rel=\"canonical\" href=\"https:\/\/www.bellunopress.it\/fr\/2009\/10\/10\/dal-parco-nazionale-dolomiti-bellunesi-80000-euro-al-cai\/\" \/>\n<meta property=\"og:locale\" content=\"fr_FR\" \/>\n<meta property=\"og:type\" content=\"article\" \/>\n<meta property=\"og:title\" content=\"Dal Parco Nazionale Dolomiti Bellunesi 80.000 euro al Cai - Bellunopress - Dolomiti\" \/>\n<meta property=\"og:description\" content=\"Le eccezionali nevicate dello scorso inverno hanno causato gravi danni alle strutture in quota. Strade forestali, sentieri, bivacchi e rifugi sono stati messi a dura prova e, in molti casi, seriamente danneggiati dal peso della copertura nevosa o dalla cadute di slavine. Per riparare i danni il Parco Nazionale Dolomiti Bellunesi ha chiesto al Ministero [&hellip;]\" \/>\n<meta property=\"og:url\" content=\"https:\/\/www.bellunopress.it\/fr\/2009\/10\/10\/dal-parco-nazionale-dolomiti-bellunesi-80000-euro-al-cai\/\" \/>\n<meta property=\"og:site_name\" content=\"Bellunopress - Dolomiti\" \/>\n<meta property=\"article:publisher\" content=\"https:\/\/www.facebook.com\/profile.php?id=100008943462799\" \/>\n<meta property=\"article:published_time\" content=\"2009-10-10T07:49:16+00:00\" \/>\n<meta property=\"og:image\" content=\"http:\/\/www.bellunopress.it\/wp-content\/uploads\/2009\/06\/guido-de-zordo.jpg\" \/>\n<meta name=\"author\" content=\"redazione\" \/>\n<meta name=\"twitter:card\" content=\"summary_large_image\" \/>\n<meta name=\"twitter:creator\" content=\"@bellunopress\" \/>\n<meta name=\"twitter:site\" content=\"@bellunopress\" \/>\n<meta name=\"twitter:label1\" content=\"\u00c9crit par\" \/>\n\t<meta name=\"twitter:data1\" content=\"redazione\" \/>\n\t<meta name=\"twitter:label2\" content=\"Dur\u00e9e de lecture estim\u00e9e\" \/>\n\t<meta name=\"twitter:data2\" content=\"2 minutes\" \/>\n<script type=\"application\/ld+json\" class=\"yoast-schema-graph\">{\"@context\":\"https:\\\/\\\/schema.org\",\"@graph\":[{\"@type\":\"Article\",\"@id\":\"https:\\\/\\\/www.bellunopress.it\\\/2009\\\/10\\\/10\\\/dal-parco-nazionale-dolomiti-bellunesi-80000-euro-al-cai\\\/#article\",\"isPartOf\":{\"@id\":\"https:\\\/\\\/www.bellunopress.it\\\/2009\\\/10\\\/10\\\/dal-parco-nazionale-dolomiti-bellunesi-80000-euro-al-cai\\\/\"},\"author\":{\"name\":\"redazione\",\"@id\":\"https:\\\/\\\/www.bellunopress.it\\\/#\\\/schema\\\/person\\\/79bb06722b37ece1c03d3e94beb30d73\"},\"headline\":\"Dal Parco Nazionale Dolomiti Bellunesi 80.000 euro al Cai\",\"datePublished\":\"2009-10-10T07:49:16+00:00\",\"mainEntityOfPage\":{\"@id\":\"https:\\\/\\\/www.bellunopress.it\\\/2009\\\/10\\\/10\\\/dal-parco-nazionale-dolomiti-bellunesi-80000-euro-al-cai\\\/\"},\"wordCount\":495,\"publisher\":{\"@id\":\"https:\\\/\\\/www.bellunopress.it\\\/#organization\"},\"image\":{\"@id\":\"https:\\\/\\\/www.bellunopress.it\\\/2009\\\/10\\\/10\\\/dal-parco-nazionale-dolomiti-bellunesi-80000-euro-al-cai\\\/#primaryimage\"},\"thumbnailUrl\":\"http:\\\/\\\/www.bellunopress.it\\\/wp-content\\\/uploads\\\/2009\\\/06\\\/guido-de-zordo.jpg\",\"keywords\":[\"Belluno\",\"Dolomiti\",\"Feltre\"],\"articleSection\":[\"Meteo, natura, ambiente, animali\",\"Prima Pagina\"],\"inLanguage\":\"fr-FR\"},{\"@type\":\"WebPage\",\"@id\":\"https:\\\/\\\/www.bellunopress.it\\\/2009\\\/10\\\/10\\\/dal-parco-nazionale-dolomiti-bellunesi-80000-euro-al-cai\\\/\",\"url\":\"https:\\\/\\\/www.bellunopress.it\\\/2009\\\/10\\\/10\\\/dal-parco-nazionale-dolomiti-bellunesi-80000-euro-al-cai\\\/\",\"name\":\"Dal Parco Nazionale Dolomiti Bellunesi 80.000 euro al Cai - Bellunopress - Dolomiti\",\"isPartOf\":{\"@id\":\"https:\\\/\\\/www.bellunopress.it\\\/#website\"},\"primaryImageOfPage\":{\"@id\":\"https:\\\/\\\/www.bellunopress.it\\\/2009\\\/10\\\/10\\\/dal-parco-nazionale-dolomiti-bellunesi-80000-euro-al-cai\\\/#primaryimage\"},\"image\":{\"@id\":\"https:\\\/\\\/www.bellunopress.it\\\/2009\\\/10\\\/10\\\/dal-parco-nazionale-dolomiti-bellunesi-80000-euro-al-cai\\\/#primaryimage\"},\"thumbnailUrl\":\"http:\\\/\\\/www.bellunopress.it\\\/wp-content\\\/uploads\\\/2009\\\/06\\\/guido-de-zordo.jpg\",\"datePublished\":\"2009-10-10T07:49:16+00:00\",\"breadcrumb\":{\"@id\":\"https:\\\/\\\/www.bellunopress.it\\\/2009\\\/10\\\/10\\\/dal-parco-nazionale-dolomiti-bellunesi-80000-euro-al-cai\\\/#breadcrumb\"},\"inLanguage\":\"fr-FR\",\"potentialAction\":[{\"@type\":\"ReadAction\",\"target\":[\"https:\\\/\\\/www.bellunopress.it\\\/2009\\\/10\\\/10\\\/dal-parco-nazionale-dolomiti-bellunesi-80000-euro-al-cai\\\/\"]}]},{\"@type\":\"ImageObject\",\"inLanguage\":\"fr-FR\",\"@id\":\"https:\\\/\\\/www.bellunopress.it\\\/2009\\\/10\\\/10\\\/dal-parco-nazionale-dolomiti-bellunesi-80000-euro-al-cai\\\/#primaryimage\",\"url\":\"http:\\\/\\\/www.bellunopress.it\\\/wp-content\\\/uploads\\\/2009\\\/06\\\/guido-de-zordo.jpg\",\"contentUrl\":\"http:\\\/\\\/www.bellunopress.it\\\/wp-content\\\/uploads\\\/2009\\\/06\\\/guido-de-zordo.jpg\"},{\"@type\":\"BreadcrumbList\",\"@id\":\"https:\\\/\\\/www.bellunopress.it\\\/2009\\\/10\\\/10\\\/dal-parco-nazionale-dolomiti-bellunesi-80000-euro-al-cai\\\/#breadcrumb\",\"itemListElement\":[{\"@type\":\"ListItem\",\"position\":1,\"name\":\"Home\",\"item\":\"https:\\\/\\\/www.bellunopress.it\\\/\"},{\"@type\":\"ListItem\",\"position\":2,\"name\":\"Dal Parco Nazionale Dolomiti Bellunesi 80.000 euro al Cai\"}]},{\"@type\":\"WebSite\",\"@id\":\"https:\\\/\\\/www.bellunopress.it\\\/#website\",\"url\":\"https:\\\/\\\/www.bellunopress.it\\\/\",\"name\":\"Bellunopress - Dolomiti\",\"description\":\"e-mail: redazione@bellunopress.it\",\"publisher\":{\"@id\":\"https:\\\/\\\/www.bellunopress.it\\\/#organization\"},\"potentialAction\":[{\"@type\":\"SearchAction\",\"target\":{\"@type\":\"EntryPoint\",\"urlTemplate\":\"https:\\\/\\\/www.bellunopress.it\\\/?s={search_term_string}\"},\"query-input\":{\"@type\":\"PropertyValueSpecification\",\"valueRequired\":true,\"valueName\":\"search_term_string\"}}],\"inLanguage\":\"fr-FR\"},{\"@type\":\"Organization\",\"@id\":\"https:\\\/\\\/www.bellunopress.it\\\/#organization\",\"name\":\"Bellunopress\",\"url\":\"https:\\\/\\\/www.bellunopress.it\\\/\",\"logo\":{\"@type\":\"ImageObject\",\"inLanguage\":\"fr-FR\",\"@id\":\"https:\\\/\\\/www.bellunopress.it\\\/#\\\/schema\\\/logo\\\/image\\\/\",\"url\":\"https:\\\/\\\/www.bellunopress.it\\\/wp-content\\\/uploads\\\/2011\\\/05\\\/cropped-logo-bellunopress-.jpg\",\"contentUrl\":\"https:\\\/\\\/www.bellunopress.it\\\/wp-content\\\/uploads\\\/2011\\\/05\\\/cropped-logo-bellunopress-.jpg\",\"width\":512,\"height\":512,\"caption\":\"Bellunopress\"},\"image\":{\"@id\":\"https:\\\/\\\/www.bellunopress.it\\\/#\\\/schema\\\/logo\\\/image\\\/\"},\"sameAs\":[\"https:\\\/\\\/www.facebook.com\\\/profile.php?id=100008943462799\",\"https:\\\/\\\/x.com\\\/bellunopress\",\"https:\\\/\\\/www.linkedin.com\\\/hp\\\/?dnr=JBzUWaJfMUw8vbXJJ2tVW5-I3jZKvC4wsoxE&amp;amp;amp;amp;amp;amp;trk=nav_responsive_tab_home\",\"https:\\\/\\\/www.youtube.com\\\/channel\\\/UCxL0wu1uN0_3_7hGG0306cw\"]},{\"@type\":\"Person\",\"@id\":\"https:\\\/\\\/www.bellunopress.it\\\/#\\\/schema\\\/person\\\/79bb06722b37ece1c03d3e94beb30d73\",\"name\":\"redazione\",\"image\":{\"@type\":\"ImageObject\",\"inLanguage\":\"fr-FR\",\"@id\":\"https:\\\/\\\/secure.gravatar.com\\\/avatar\\\/37d968a2e67a6fd04c169c4bdef102d0bc5d31b2546345219e348575eb80e9a0?s=96&d=mm&r=g\",\"url\":\"https:\\\/\\\/secure.gravatar.com\\\/avatar\\\/37d968a2e67a6fd04c169c4bdef102d0bc5d31b2546345219e348575eb80e9a0?s=96&d=mm&r=g\",\"contentUrl\":\"https:\\\/\\\/secure.gravatar.com\\\/avatar\\\/37d968a2e67a6fd04c169c4bdef102d0bc5d31b2546345219e348575eb80e9a0?s=96&d=mm&r=g\",\"caption\":\"redazione\"},\"sameAs\":[\"http:\\\/\\\/www.bellunopress.it\",\"https:\\\/\\\/x.com\\\/bellunopress\"],\"url\":\"https:\\\/\\\/www.bellunopress.it\\\/fr\\\/author\\\/redazione\\\/\"}]}<\/script>\n<!-- \/ Yoast SEO plugin. -->","yoast_head_json":{"title":"Dal Parco Nazionale Dolomiti Bellunesi 80.000 euro al Cai - Bellunopress - Dolomiti","robots":{"index":"index","follow":"follow","max-snippet":"max-snippet:-1","max-image-preview":"max-image-preview:large","max-video-preview":"max-video-preview:-1"},"canonical":"https:\/\/www.bellunopress.it\/fr\/2009\/10\/10\/dal-parco-nazionale-dolomiti-bellunesi-80000-euro-al-cai\/","og_locale":"fr_FR","og_type":"article","og_title":"Dal Parco Nazionale Dolomiti Bellunesi 80.000 euro al Cai - Bellunopress - Dolomiti","og_description":"Le eccezionali nevicate dello scorso inverno hanno causato gravi danni alle strutture in quota. Strade forestali, sentieri, bivacchi e rifugi sono stati messi a dura prova e, in molti casi, seriamente danneggiati dal peso della copertura nevosa o dalla cadute di slavine. Per riparare i danni il Parco Nazionale Dolomiti Bellunesi ha chiesto al Ministero [&hellip;]","og_url":"https:\/\/www.bellunopress.it\/fr\/2009\/10\/10\/dal-parco-nazionale-dolomiti-bellunesi-80000-euro-al-cai\/","og_site_name":"Bellunopress - Dolomiti","article_publisher":"https:\/\/www.facebook.com\/profile.php?id=100008943462799","article_published_time":"2009-10-10T07:49:16+00:00","og_image":[{"url":"http:\/\/www.bellunopress.it\/wp-content\/uploads\/2009\/06\/guido-de-zordo.jpg","type":"","width":"","height":""}],"author":"redazione","twitter_card":"summary_large_image","twitter_creator":"@bellunopress","twitter_site":"@bellunopress","twitter_misc":{"\u00c9crit par":"redazione","Dur\u00e9e de lecture estim\u00e9e":"2 minutes"},"schema":{"@context":"https:\/\/schema.org","@graph":[{"@type":"Article","@id":"https:\/\/www.bellunopress.it\/2009\/10\/10\/dal-parco-nazionale-dolomiti-bellunesi-80000-euro-al-cai\/#article","isPartOf":{"@id":"https:\/\/www.bellunopress.it\/2009\/10\/10\/dal-parco-nazionale-dolomiti-bellunesi-80000-euro-al-cai\/"},"author":{"name":"redazione","@id":"https:\/\/www.bellunopress.it\/#\/schema\/person\/79bb06722b37ece1c03d3e94beb30d73"},"headline":"Dal Parco Nazionale Dolomiti Bellunesi 80.000 euro al Cai","datePublished":"2009-10-10T07:49:16+00:00","mainEntityOfPage":{"@id":"https:\/\/www.bellunopress.it\/2009\/10\/10\/dal-parco-nazionale-dolomiti-bellunesi-80000-euro-al-cai\/"},"wordCount":495,"publisher":{"@id":"https:\/\/www.bellunopress.it\/#organization"},"image":{"@id":"https:\/\/www.bellunopress.it\/2009\/10\/10\/dal-parco-nazionale-dolomiti-bellunesi-80000-euro-al-cai\/#primaryimage"},"thumbnailUrl":"http:\/\/www.bellunopress.it\/wp-content\/uploads\/2009\/06\/guido-de-zordo.jpg","keywords":["Belluno","Dolomiti","Feltre"],"articleSection":["Meteo, natura, ambiente, animali","Prima Pagina"],"inLanguage":"fr-FR"},{"@type":"WebPage","@id":"https:\/\/www.bellunopress.it\/2009\/10\/10\/dal-parco-nazionale-dolomiti-bellunesi-80000-euro-al-cai\/","url":"https:\/\/www.bellunopress.it\/2009\/10\/10\/dal-parco-nazionale-dolomiti-bellunesi-80000-euro-al-cai\/","name":"Dal Parco Nazionale Dolomiti Bellunesi 80.000 euro al Cai - Bellunopress - Dolomiti","isPartOf":{"@id":"https:\/\/www.bellunopress.it\/#website"},"primaryImageOfPage":{"@id":"https:\/\/www.bellunopress.it\/2009\/10\/10\/dal-parco-nazionale-dolomiti-bellunesi-80000-euro-al-cai\/#primaryimage"},"image":{"@id":"https:\/\/www.bellunopress.it\/2009\/10\/10\/dal-parco-nazionale-dolomiti-bellunesi-80000-euro-al-cai\/#primaryimage"},"thumbnailUrl":"http:\/\/www.bellunopress.it\/wp-content\/uploads\/2009\/06\/guido-de-zordo.jpg","datePublished":"2009-10-10T07:49:16+00:00","breadcrumb":{"@id":"https:\/\/www.bellunopress.it\/2009\/10\/10\/dal-parco-nazionale-dolomiti-bellunesi-80000-euro-al-cai\/#breadcrumb"},"inLanguage":"fr-FR","potentialAction":[{"@type":"ReadAction","target":["https:\/\/www.bellunopress.it\/2009\/10\/10\/dal-parco-nazionale-dolomiti-bellunesi-80000-euro-al-cai\/"]}]},{"@type":"ImageObject","inLanguage":"fr-FR","@id":"https:\/\/www.bellunopress.it\/2009\/10\/10\/dal-parco-nazionale-dolomiti-bellunesi-80000-euro-al-cai\/#primaryimage","url":"http:\/\/www.bellunopress.it\/wp-content\/uploads\/2009\/06\/guido-de-zordo.jpg","contentUrl":"http:\/\/www.bellunopress.it\/wp-content\/uploads\/2009\/06\/guido-de-zordo.jpg"},{"@type":"BreadcrumbList","@id":"https:\/\/www.bellunopress.it\/2009\/10\/10\/dal-parco-nazionale-dolomiti-bellunesi-80000-euro-al-cai\/#breadcrumb","itemListElement":[{"@type":"ListItem","position":1,"name":"Home","item":"https:\/\/www.bellunopress.it\/"},{"@type":"ListItem","position":2,"name":"Dal Parco Nazionale Dolomiti Bellunesi 80.000 euro al Cai"}]},{"@type":"WebSite","@id":"https:\/\/www.bellunopress.it\/#website","url":"https:\/\/www.bellunopress.it\/","name":"Bellunopress - Dolomiti","description":"e-mail: redazione@bellunopress.it","publisher":{"@id":"https:\/\/www.bellunopress.it\/#organization"},"potentialAction":[{"@type":"SearchAction","target":{"@type":"EntryPoint","urlTemplate":"https:\/\/www.bellunopress.it\/?s={search_term_string}"},"query-input":{"@type":"PropertyValueSpecification","valueRequired":true,"valueName":"search_term_string"}}],"inLanguage":"fr-FR"},{"@type":"Organization","@id":"https:\/\/www.bellunopress.it\/#organization","name":"Bellunopress","url":"https:\/\/www.bellunopress.it\/","logo":{"@type":"ImageObject","inLanguage":"fr-FR","@id":"https:\/\/www.bellunopress.it\/#\/schema\/logo\/image\/","url":"https:\/\/www.bellunopress.it\/wp-content\/uploads\/2011\/05\/cropped-logo-bellunopress-.jpg","contentUrl":"https:\/\/www.bellunopress.it\/wp-content\/uploads\/2011\/05\/cropped-logo-bellunopress-.jpg","width":512,"height":512,"caption":"Bellunopress"},"image":{"@id":"https:\/\/www.bellunopress.it\/#\/schema\/logo\/image\/"},"sameAs":["https:\/\/www.facebook.com\/profile.php?id=100008943462799","https:\/\/x.com\/bellunopress","https:\/\/www.linkedin.com\/hp\/?dnr=JBzUWaJfMUw8vbXJJ2tVW5-I3jZKvC4wsoxE&amp;amp;amp;amp;amp;amp;trk=nav_responsive_tab_home","https:\/\/www.youtube.com\/channel\/UCxL0wu1uN0_3_7hGG0306cw"]},{"@type":"Person","@id":"https:\/\/www.bellunopress.it\/#\/schema\/person\/79bb06722b37ece1c03d3e94beb30d73","name":"r\u00e9daction","image":{"@type":"ImageObject","inLanguage":"fr-FR","@id":"https:\/\/secure.gravatar.com\/avatar\/37d968a2e67a6fd04c169c4bdef102d0bc5d31b2546345219e348575eb80e9a0?s=96&d=mm&r=g","url":"https:\/\/secure.gravatar.com\/avatar\/37d968a2e67a6fd04c169c4bdef102d0bc5d31b2546345219e348575eb80e9a0?s=96&d=mm&r=g","contentUrl":"https:\/\/secure.gravatar.com\/avatar\/37d968a2e67a6fd04c169c4bdef102d0bc5d31b2546345219e348575eb80e9a0?s=96&d=mm&r=g","caption":"redazione"},"sameAs":["http:\/\/www.bellunopress.it","https:\/\/x.com\/bellunopress"],"url":"https:\/\/www.bellunopress.it\/fr\/author\/redazione\/"}]}},"_links":{"self":[{"href":"https:\/\/www.bellunopress.it\/fr\/wp-json\/wp\/v2\/posts\/8812","targetHints":{"allow":["GET"]}}],"collection":[{"href":"https:\/\/www.bellunopress.it\/fr\/wp-json\/wp\/v2\/posts"}],"about":[{"href":"https:\/\/www.bellunopress.it\/fr\/wp-json\/wp\/v2\/types\/post"}],"author":[{"embeddable":true,"href":"https:\/\/www.bellunopress.it\/fr\/wp-json\/wp\/v2\/users\/2"}],"replies":[{"embeddable":true,"href":"https:\/\/www.bellunopress.it\/fr\/wp-json\/wp\/v2\/comments?post=8812"}],"version-history":[{"count":1,"href":"https:\/\/www.bellunopress.it\/fr\/wp-json\/wp\/v2\/posts\/8812\/revisions"}],"predecessor-version":[{"id":8813,"href":"https:\/\/www.bellunopress.it\/fr\/wp-json\/wp\/v2\/posts\/8812\/revisions\/8813"}],"wp:attachment":[{"href":"https:\/\/www.bellunopress.it\/fr\/wp-json\/wp\/v2\/media?parent=8812"}],"wp:term":[{"taxonomy":"category","embeddable":true,"href":"https:\/\/www.bellunopress.it\/fr\/wp-json\/wp\/v2\/categories?post=8812"},{"taxonomy":"post_tag","embeddable":true,"href":"https:\/\/www.bellunopress.it\/fr\/wp-json\/wp\/v2\/tags?post=8812"}],"curies":[{"name":"wp","href":"https:\/\/api.w.org\/{rel}","templated":true}]}}