{"id":8810,"date":"2009-10-10T08:44:18","date_gmt":"2009-10-10T07:44:18","guid":{"rendered":"http:\/\/www.bellunopress.it\/?p=8810"},"modified":"2009-10-10T08:44:18","modified_gmt":"2009-10-10T07:44:18","slug":"gli-appuntamenti-di-fine-settimana-a-ponte-nelle-alpi","status":"publish","type":"post","link":"https:\/\/www.bellunopress.it\/fr\/2009\/10\/10\/gli-appuntamenti-di-fine-settimana-a-ponte-nelle-alpi\/","title":{"rendered":"Gli appuntamenti di fine settimana a Ponte nelle Alpi"},"content":{"rendered":"<p>All\u2019interno della manifestazione organizzata dal Comune di Ponte nelle Alpi per la valorizzazione territoriale e la diffusione della conoscenza dell\u2019Ecomuseo, il prossimo fine settimana vedr\u00e0 diversi eventi sul territorio comunale.<br \/>\n<strong>Sabato 10 ottobre<br \/>\n<\/strong>alle ore 14.30 a Piaia: \u201cFunghi e colori d\u2019autunno sui Coi de Pera\u201d, passeggiata naturalistica guidata a cura dell\u2019Associazione Micologica \u201cBresadola\u201de di Giorgio Zampieri del C.R.C. \u2013 il ritrovo \u00e8 alla piazzetta di Piaia, la facile camminata \u00e8 aperta a tutti;<br \/>\nalle ore 20.30 alla Biblioteca Civica di Ponte nelle Alpi in Via Mangiarotti ci sar\u00e0 la proiezione del film-documentario \u201cTerra Madre\u201d di Ermanno Olmi (2006). L\u2019ingresso costa \u20ac 3,50 ed \u00e8 necessario prenotare al numero 0437 99214. Il regista, maestro del cinema mondiale, propone il proprio punto di vista sul grande tema del cibo e sulle implicazioni economiche, ecologiche, sociali ad esso correlate.Olmi esalta il mondo contadino mostrando la sua maniera di vivere la terra e la natura in maniera corretta. Il contadino vive dei prodotti della terra, trae un suo guadagno da questo lavoro ma al contempo \u00e8 legato all\u2019ambiente da sentimenti di amore e rispetto. Questo mondo rischia di essere schiacciato dalle leggi del profitto e dall\u2019intervento delle grandi imprese. Il regista costruisce un documentario, un film d&#8217;inchiesta limpidamente autoriale, che fa i conti con il destino del pianeta. Una poetica riconoscibile e riconducibile a tutta la sua opera precedente ma sorprendente per la sua unicit\u00e0 formale nel panorama del genere documentario. La manifestazione \u00e8 organizzata da Comune di Ponte nelle Alpi in collaborazione con la locale Pro Loco<br \/>\n<strong>Domenica 11 ottobre<\/strong> alle ore 10.00 con ritrovo e partenza da Villa Montalban in loc. Fiammoi \u201cAlle pendici del Monte Serva\u201d, ciclistica non competitiva della lunghezza di 8 km circa da Villa Montalban al campo sportivo di Fortogna, passando per la ciclabile Safforze-Nuova Erto, la strada romana a Polpet, Pian di Vedoia, guado sul Rio Frari, strada rivierasca del Piave. La manifestazione, organizzata dai Comuni di Belluno, Ponte nelle Alpi e Longarone, con la collaborazione di Pro loco, di svariate associazioni di volontariato e di diversi sponsor, intende offrire il proprio ricavato in favore dell\u2019Associazione Primavera di Belluno che opera con bambini disabili. Il costo del biglietto \u00e8 di \u20ac 5 se acquistato in prevendita o di \u20ac 6 il giorno della manifestazione. Il biglietto comprende anche buono pasta, gadget e buono sconto per l\u2019entrata alla piscina di Longarone. La manifestazione si svolge in occasione dell\u2019inaugurazione del nuovo guado realizzato sul Rio Frari dalla Comunit\u00e0 Montana Belluno-Ponte nelle Alpi. I punti di prevendita dei biglietti sono: Informagiovani di Belluno, Kiwi sports Belluno, Pro Loco Ponte nelle Alpi, Cartoleria Yle a Polpet, Due Ruote Sport a Ponte nelle Alpi, Pro Loco di Longarone, Alex bar e Jessy Pub a Fortogna. Ulteriori informazioni telefonando a Sportello Informagiovani (tel. 0437 913255), Pro Loco Ponte nelle Alpi (tel. 0437 981792), Pro Loco Longarone (tel. 0437 770119).<\/p>","protected":false},"excerpt":{"rendered":"<p>All\u2019interno della manifestazione organizzata dal Comune di Ponte nelle Alpi per la valorizzazione territoriale e la diffusione della conoscenza dell\u2019Ecomuseo, il prossimo fine settimana vedr\u00e0 diversi eventi sul territorio comunale. Sabato 10 ottobre alle ore 14.30 a Piaia: \u201cFunghi e colori d\u2019autunno sui Coi de Pera\u201d, passeggiata naturalistica guidata a cura dell\u2019Associazione Micologica \u201cBresadola\u201de di [&hellip;]<\/p>\n","protected":false},"author":2,"featured_media":0,"comment_status":"closed","ping_status":"open","sticky":false,"template":"","format":"standard","meta":{"footnotes":""},"categories":[27,25],"tags":[139],"class_list":["post-8810","post","type-post","status-publish","format-standard","category-appuntamenti","category-pausa-caffe","tag-belluno"],"yoast_head":"<!-- This site is optimized with the Yoast SEO plugin v28.4 - https:\/\/yoast.com\/product\/yoast-seo-wordpress\/ -->\n<title>Gli appuntamenti di fine settimana a Ponte nelle Alpi - Bellunopress - Dolomiti<\/title>\n<meta name=\"robots\" content=\"index, follow, max-snippet:-1, max-image-preview:large, max-video-preview:-1\" \/>\n<link rel=\"canonical\" href=\"https:\/\/www.bellunopress.it\/fr\/2009\/10\/10\/gli-appuntamenti-di-fine-settimana-a-ponte-nelle-alpi\/\" \/>\n<meta property=\"og:locale\" content=\"fr_FR\" \/>\n<meta property=\"og:type\" content=\"article\" \/>\n<meta property=\"og:title\" content=\"Gli appuntamenti di fine settimana a Ponte nelle Alpi - Bellunopress - Dolomiti\" \/>\n<meta property=\"og:description\" content=\"All\u2019interno della manifestazione organizzata dal Comune di Ponte nelle Alpi per la valorizzazione territoriale e la diffusione della conoscenza dell\u2019Ecomuseo, il prossimo fine settimana vedr\u00e0 diversi eventi sul territorio comunale. Sabato 10 ottobre alle ore 14.30 a Piaia: \u201cFunghi e colori d\u2019autunno sui Coi de Pera\u201d, passeggiata naturalistica guidata a cura dell\u2019Associazione Micologica \u201cBresadola\u201de di [&hellip;]\" \/>\n<meta property=\"og:url\" content=\"https:\/\/www.bellunopress.it\/fr\/2009\/10\/10\/gli-appuntamenti-di-fine-settimana-a-ponte-nelle-alpi\/\" \/>\n<meta property=\"og:site_name\" content=\"Bellunopress - Dolomiti\" \/>\n<meta property=\"article:publisher\" content=\"https:\/\/www.facebook.com\/profile.php?id=100008943462799\" \/>\n<meta property=\"article:published_time\" content=\"2009-10-10T07:44:18+00:00\" \/>\n<meta property=\"og:image\" content=\"http:\/\/www.bellunopress.it\/wp-content\/uploads\/2012\/07\/logo-bellunopress-250x250-2012.jpg\" \/>\n<meta name=\"author\" content=\"redazione\" \/>\n<meta name=\"twitter:card\" content=\"summary_large_image\" \/>\n<meta name=\"twitter:creator\" content=\"@bellunopress\" \/>\n<meta name=\"twitter:site\" content=\"@bellunopress\" \/>\n<meta name=\"twitter:label1\" content=\"\u00c9crit par\" \/>\n\t<meta name=\"twitter:data1\" content=\"redazione\" \/>\n\t<meta name=\"twitter:label2\" content=\"Dur\u00e9e de lecture estim\u00e9e\" \/>\n\t<meta name=\"twitter:data2\" content=\"2 minutes\" \/>\n<script type=\"application\/ld+json\" class=\"yoast-schema-graph\">{\"@context\":\"https:\\\/\\\/schema.org\",\"@graph\":[{\"@type\":\"Article\",\"@id\":\"https:\\\/\\\/www.bellunopress.it\\\/2009\\\/10\\\/10\\\/gli-appuntamenti-di-fine-settimana-a-ponte-nelle-alpi\\\/#article\",\"isPartOf\":{\"@id\":\"https:\\\/\\\/www.bellunopress.it\\\/2009\\\/10\\\/10\\\/gli-appuntamenti-di-fine-settimana-a-ponte-nelle-alpi\\\/\"},\"author\":{\"name\":\"redazione\",\"@id\":\"https:\\\/\\\/www.bellunopress.it\\\/#\\\/schema\\\/person\\\/79bb06722b37ece1c03d3e94beb30d73\"},\"headline\":\"Gli appuntamenti di fine settimana a Ponte nelle Alpi\",\"datePublished\":\"2009-10-10T07:44:18+00:00\",\"mainEntityOfPage\":{\"@id\":\"https:\\\/\\\/www.bellunopress.it\\\/2009\\\/10\\\/10\\\/gli-appuntamenti-di-fine-settimana-a-ponte-nelle-alpi\\\/\"},\"wordCount\":473,\"publisher\":{\"@id\":\"https:\\\/\\\/www.bellunopress.it\\\/#organization\"},\"keywords\":[\"Belluno\"],\"articleSection\":[\"Appuntamenti, Eventi\",\"Pausa Caff\u00e8\"],\"inLanguage\":\"fr-FR\"},{\"@type\":\"WebPage\",\"@id\":\"https:\\\/\\\/www.bellunopress.it\\\/2009\\\/10\\\/10\\\/gli-appuntamenti-di-fine-settimana-a-ponte-nelle-alpi\\\/\",\"url\":\"https:\\\/\\\/www.bellunopress.it\\\/2009\\\/10\\\/10\\\/gli-appuntamenti-di-fine-settimana-a-ponte-nelle-alpi\\\/\",\"name\":\"Gli appuntamenti di fine settimana a Ponte nelle Alpi - Bellunopress - Dolomiti\",\"isPartOf\":{\"@id\":\"https:\\\/\\\/www.bellunopress.it\\\/#website\"},\"datePublished\":\"2009-10-10T07:44:18+00:00\",\"breadcrumb\":{\"@id\":\"https:\\\/\\\/www.bellunopress.it\\\/2009\\\/10\\\/10\\\/gli-appuntamenti-di-fine-settimana-a-ponte-nelle-alpi\\\/#breadcrumb\"},\"inLanguage\":\"fr-FR\",\"potentialAction\":[{\"@type\":\"ReadAction\",\"target\":[\"https:\\\/\\\/www.bellunopress.it\\\/2009\\\/10\\\/10\\\/gli-appuntamenti-di-fine-settimana-a-ponte-nelle-alpi\\\/\"]}]},{\"@type\":\"BreadcrumbList\",\"@id\":\"https:\\\/\\\/www.bellunopress.it\\\/2009\\\/10\\\/10\\\/gli-appuntamenti-di-fine-settimana-a-ponte-nelle-alpi\\\/#breadcrumb\",\"itemListElement\":[{\"@type\":\"ListItem\",\"position\":1,\"name\":\"Home\",\"item\":\"https:\\\/\\\/www.bellunopress.it\\\/\"},{\"@type\":\"ListItem\",\"position\":2,\"name\":\"Gli appuntamenti di fine settimana a Ponte nelle Alpi\"}]},{\"@type\":\"WebSite\",\"@id\":\"https:\\\/\\\/www.bellunopress.it\\\/#website\",\"url\":\"https:\\\/\\\/www.bellunopress.it\\\/\",\"name\":\"Bellunopress - Dolomiti\",\"description\":\"e-mail: redazione@bellunopress.it\",\"publisher\":{\"@id\":\"https:\\\/\\\/www.bellunopress.it\\\/#organization\"},\"potentialAction\":[{\"@type\":\"SearchAction\",\"target\":{\"@type\":\"EntryPoint\",\"urlTemplate\":\"https:\\\/\\\/www.bellunopress.it\\\/?s={search_term_string}\"},\"query-input\":{\"@type\":\"PropertyValueSpecification\",\"valueRequired\":true,\"valueName\":\"search_term_string\"}}],\"inLanguage\":\"fr-FR\"},{\"@type\":\"Organization\",\"@id\":\"https:\\\/\\\/www.bellunopress.it\\\/#organization\",\"name\":\"Bellunopress\",\"url\":\"https:\\\/\\\/www.bellunopress.it\\\/\",\"logo\":{\"@type\":\"ImageObject\",\"inLanguage\":\"fr-FR\",\"@id\":\"https:\\\/\\\/www.bellunopress.it\\\/#\\\/schema\\\/logo\\\/image\\\/\",\"url\":\"https:\\\/\\\/www.bellunopress.it\\\/wp-content\\\/uploads\\\/2011\\\/05\\\/cropped-logo-bellunopress-.jpg\",\"contentUrl\":\"https:\\\/\\\/www.bellunopress.it\\\/wp-content\\\/uploads\\\/2011\\\/05\\\/cropped-logo-bellunopress-.jpg\",\"width\":512,\"height\":512,\"caption\":\"Bellunopress\"},\"image\":{\"@id\":\"https:\\\/\\\/www.bellunopress.it\\\/#\\\/schema\\\/logo\\\/image\\\/\"},\"sameAs\":[\"https:\\\/\\\/www.facebook.com\\\/profile.php?id=100008943462799\",\"https:\\\/\\\/x.com\\\/bellunopress\",\"https:\\\/\\\/www.linkedin.com\\\/hp\\\/?dnr=JBzUWaJfMUw8vbXJJ2tVW5-I3jZKvC4wsoxE&amp;amp;amp;amp;amp;amp;trk=nav_responsive_tab_home\",\"https:\\\/\\\/www.youtube.com\\\/channel\\\/UCxL0wu1uN0_3_7hGG0306cw\"]},{\"@type\":\"Person\",\"@id\":\"https:\\\/\\\/www.bellunopress.it\\\/#\\\/schema\\\/person\\\/79bb06722b37ece1c03d3e94beb30d73\",\"name\":\"redazione\",\"image\":{\"@type\":\"ImageObject\",\"inLanguage\":\"fr-FR\",\"@id\":\"https:\\\/\\\/secure.gravatar.com\\\/avatar\\\/37d968a2e67a6fd04c169c4bdef102d0bc5d31b2546345219e348575eb80e9a0?s=96&d=mm&r=g\",\"url\":\"https:\\\/\\\/secure.gravatar.com\\\/avatar\\\/37d968a2e67a6fd04c169c4bdef102d0bc5d31b2546345219e348575eb80e9a0?s=96&d=mm&r=g\",\"contentUrl\":\"https:\\\/\\\/secure.gravatar.com\\\/avatar\\\/37d968a2e67a6fd04c169c4bdef102d0bc5d31b2546345219e348575eb80e9a0?s=96&d=mm&r=g\",\"caption\":\"redazione\"},\"sameAs\":[\"http:\\\/\\\/www.bellunopress.it\",\"https:\\\/\\\/x.com\\\/bellunopress\"],\"url\":\"https:\\\/\\\/www.bellunopress.it\\\/fr\\\/author\\\/redazione\\\/\"}]}<\/script>\n<!-- \/ Yoast SEO plugin. -->","yoast_head_json":{"title":"Gli appuntamenti di fine settimana a Ponte nelle Alpi - Bellunopress - Dolomiti","robots":{"index":"index","follow":"follow","max-snippet":"max-snippet:-1","max-image-preview":"max-image-preview:large","max-video-preview":"max-video-preview:-1"},"canonical":"https:\/\/www.bellunopress.it\/fr\/2009\/10\/10\/gli-appuntamenti-di-fine-settimana-a-ponte-nelle-alpi\/","og_locale":"fr_FR","og_type":"article","og_title":"Gli appuntamenti di fine settimana a Ponte nelle Alpi - Bellunopress - Dolomiti","og_description":"All\u2019interno della manifestazione organizzata dal Comune di Ponte nelle Alpi per la valorizzazione territoriale e la diffusione della conoscenza dell\u2019Ecomuseo, il prossimo fine settimana vedr\u00e0 diversi eventi sul territorio comunale. Sabato 10 ottobre alle ore 14.30 a Piaia: \u201cFunghi e colori d\u2019autunno sui Coi de Pera\u201d, passeggiata naturalistica guidata a cura dell\u2019Associazione Micologica \u201cBresadola\u201de di [&hellip;]","og_url":"https:\/\/www.bellunopress.it\/fr\/2009\/10\/10\/gli-appuntamenti-di-fine-settimana-a-ponte-nelle-alpi\/","og_site_name":"Bellunopress - Dolomiti","article_publisher":"https:\/\/www.facebook.com\/profile.php?id=100008943462799","article_published_time":"2009-10-10T07:44:18+00:00","og_image":[{"url":"http:\/\/www.bellunopress.it\/wp-content\/uploads\/2012\/07\/logo-bellunopress-250x250-2012.jpg","type":"","width":"","height":""}],"author":"redazione","twitter_card":"summary_large_image","twitter_creator":"@bellunopress","twitter_site":"@bellunopress","twitter_misc":{"\u00c9crit par":"redazione","Dur\u00e9e de lecture estim\u00e9e":"2 minutes"},"schema":{"@context":"https:\/\/schema.org","@graph":[{"@type":"Article","@id":"https:\/\/www.bellunopress.it\/2009\/10\/10\/gli-appuntamenti-di-fine-settimana-a-ponte-nelle-alpi\/#article","isPartOf":{"@id":"https:\/\/www.bellunopress.it\/2009\/10\/10\/gli-appuntamenti-di-fine-settimana-a-ponte-nelle-alpi\/"},"author":{"name":"redazione","@id":"https:\/\/www.bellunopress.it\/#\/schema\/person\/79bb06722b37ece1c03d3e94beb30d73"},"headline":"Gli appuntamenti di fine settimana a Ponte nelle Alpi","datePublished":"2009-10-10T07:44:18+00:00","mainEntityOfPage":{"@id":"https:\/\/www.bellunopress.it\/2009\/10\/10\/gli-appuntamenti-di-fine-settimana-a-ponte-nelle-alpi\/"},"wordCount":473,"publisher":{"@id":"https:\/\/www.bellunopress.it\/#organization"},"keywords":["Belluno"],"articleSection":["Appuntamenti, Eventi","Pausa Caff\u00e8"],"inLanguage":"fr-FR"},{"@type":"WebPage","@id":"https:\/\/www.bellunopress.it\/2009\/10\/10\/gli-appuntamenti-di-fine-settimana-a-ponte-nelle-alpi\/","url":"https:\/\/www.bellunopress.it\/2009\/10\/10\/gli-appuntamenti-di-fine-settimana-a-ponte-nelle-alpi\/","name":"Gli appuntamenti di fine settimana a Ponte nelle Alpi - Bellunopress - Dolomiti","isPartOf":{"@id":"https:\/\/www.bellunopress.it\/#website"},"datePublished":"2009-10-10T07:44:18+00:00","breadcrumb":{"@id":"https:\/\/www.bellunopress.it\/2009\/10\/10\/gli-appuntamenti-di-fine-settimana-a-ponte-nelle-alpi\/#breadcrumb"},"inLanguage":"fr-FR","potentialAction":[{"@type":"ReadAction","target":["https:\/\/www.bellunopress.it\/2009\/10\/10\/gli-appuntamenti-di-fine-settimana-a-ponte-nelle-alpi\/"]}]},{"@type":"BreadcrumbList","@id":"https:\/\/www.bellunopress.it\/2009\/10\/10\/gli-appuntamenti-di-fine-settimana-a-ponte-nelle-alpi\/#breadcrumb","itemListElement":[{"@type":"ListItem","position":1,"name":"Home","item":"https:\/\/www.bellunopress.it\/"},{"@type":"ListItem","position":2,"name":"Gli appuntamenti di fine settimana a Ponte nelle Alpi"}]},{"@type":"WebSite","@id":"https:\/\/www.bellunopress.it\/#website","url":"https:\/\/www.bellunopress.it\/","name":"Bellunopress - Dolomiti","description":"e-mail: redazione@bellunopress.it","publisher":{"@id":"https:\/\/www.bellunopress.it\/#organization"},"potentialAction":[{"@type":"SearchAction","target":{"@type":"EntryPoint","urlTemplate":"https:\/\/www.bellunopress.it\/?s={search_term_string}"},"query-input":{"@type":"PropertyValueSpecification","valueRequired":true,"valueName":"search_term_string"}}],"inLanguage":"fr-FR"},{"@type":"Organization","@id":"https:\/\/www.bellunopress.it\/#organization","name":"Bellunopress","url":"https:\/\/www.bellunopress.it\/","logo":{"@type":"ImageObject","inLanguage":"fr-FR","@id":"https:\/\/www.bellunopress.it\/#\/schema\/logo\/image\/","url":"https:\/\/www.bellunopress.it\/wp-content\/uploads\/2011\/05\/cropped-logo-bellunopress-.jpg","contentUrl":"https:\/\/www.bellunopress.it\/wp-content\/uploads\/2011\/05\/cropped-logo-bellunopress-.jpg","width":512,"height":512,"caption":"Bellunopress"},"image":{"@id":"https:\/\/www.bellunopress.it\/#\/schema\/logo\/image\/"},"sameAs":["https:\/\/www.facebook.com\/profile.php?id=100008943462799","https:\/\/x.com\/bellunopress","https:\/\/www.linkedin.com\/hp\/?dnr=JBzUWaJfMUw8vbXJJ2tVW5-I3jZKvC4wsoxE&amp;amp;amp;amp;amp;amp;trk=nav_responsive_tab_home","https:\/\/www.youtube.com\/channel\/UCxL0wu1uN0_3_7hGG0306cw"]},{"@type":"Person","@id":"https:\/\/www.bellunopress.it\/#\/schema\/person\/79bb06722b37ece1c03d3e94beb30d73","name":"r\u00e9daction","image":{"@type":"ImageObject","inLanguage":"fr-FR","@id":"https:\/\/secure.gravatar.com\/avatar\/37d968a2e67a6fd04c169c4bdef102d0bc5d31b2546345219e348575eb80e9a0?s=96&d=mm&r=g","url":"https:\/\/secure.gravatar.com\/avatar\/37d968a2e67a6fd04c169c4bdef102d0bc5d31b2546345219e348575eb80e9a0?s=96&d=mm&r=g","contentUrl":"https:\/\/secure.gravatar.com\/avatar\/37d968a2e67a6fd04c169c4bdef102d0bc5d31b2546345219e348575eb80e9a0?s=96&d=mm&r=g","caption":"redazione"},"sameAs":["http:\/\/www.bellunopress.it","https:\/\/x.com\/bellunopress"],"url":"https:\/\/www.bellunopress.it\/fr\/author\/redazione\/"}]}},"_links":{"self":[{"href":"https:\/\/www.bellunopress.it\/fr\/wp-json\/wp\/v2\/posts\/8810","targetHints":{"allow":["GET"]}}],"collection":[{"href":"https:\/\/www.bellunopress.it\/fr\/wp-json\/wp\/v2\/posts"}],"about":[{"href":"https:\/\/www.bellunopress.it\/fr\/wp-json\/wp\/v2\/types\/post"}],"author":[{"embeddable":true,"href":"https:\/\/www.bellunopress.it\/fr\/wp-json\/wp\/v2\/users\/2"}],"replies":[{"embeddable":true,"href":"https:\/\/www.bellunopress.it\/fr\/wp-json\/wp\/v2\/comments?post=8810"}],"version-history":[{"count":1,"href":"https:\/\/www.bellunopress.it\/fr\/wp-json\/wp\/v2\/posts\/8810\/revisions"}],"predecessor-version":[{"id":8811,"href":"https:\/\/www.bellunopress.it\/fr\/wp-json\/wp\/v2\/posts\/8810\/revisions\/8811"}],"wp:attachment":[{"href":"https:\/\/www.bellunopress.it\/fr\/wp-json\/wp\/v2\/media?parent=8810"}],"wp:term":[{"taxonomy":"category","embeddable":true,"href":"https:\/\/www.bellunopress.it\/fr\/wp-json\/wp\/v2\/categories?post=8810"},{"taxonomy":"post_tag","embeddable":true,"href":"https:\/\/www.bellunopress.it\/fr\/wp-json\/wp\/v2\/tags?post=8810"}],"curies":[{"name":"wp","href":"https:\/\/api.w.org\/{rel}","templated":true}]}}