{"id":8804,"date":"2009-10-09T23:46:10","date_gmt":"2009-10-09T22:46:10","guid":{"rendered":"http:\/\/www.bellunopress.it\/?p=8804"},"modified":"2009-10-09T23:46:10","modified_gmt":"2009-10-09T22:46:10","slug":"giacomo-deon-collaboratore-fisso-a-geo-geo-rai-3","status":"publish","type":"post","link":"https:\/\/www.bellunopress.it\/fr\/2009\/10\/09\/giacomo-deon-collaboratore-fisso-a-geo-geo-rai-3\/","title":{"rendered":"Giacomo Deon collaboratore fisso a Geo &#038; Geo Rai 3"},"content":{"rendered":"<figure id=\"attachment_8806\" aria-describedby=\"caption-attachment-8806\" style=\"width: 290px\" class=\"wp-caption alignleft\"><a href=\"http:\/\/www.bellunopress.it\/wp-content\/uploads\/2009\/10\/giacomo-deon-pasticcere.jpg\"><img loading=\"lazy\" decoding=\"async\" class=\"size-medium wp-image-8806\" title=\"giacomo-deon-pasticcere\" src=\"http:\/\/www.bellunopress.it\/wp-content\/uploads\/2009\/10\/giacomo-deon-pasticcere.jpg\" alt=\"Giacomo Deon\" width=\"290\" height=\"260\" \/><\/a><figcaption id=\"caption-attachment-8806\" class=\"wp-caption-text\">Giacomo Deon<\/figcaption><\/figure>\n<p>Il pasticcere bellunese, Giacomo Deon, presidente nazionale di Confartigianato Alimentazione collaboratore fisso a Geo &amp; Geo, la trasmissione in onda su Rai Tre tutti i pomeriggi (dal luned\u00ec al venerd\u00ec) a partire dalle ore 17.00. Deon \u00e8 in tv tutti i luned\u00ec pomeriggio, in uno spazio dedicato alla cucina con prodotti artigianali. \u201cAl momento \u00e8 privilegiata la pasticceria \u2013 dice il presidente nazionale di Confartigianato Alimentazione, Giacomo Deon \u2013 pi\u00f9 avanti ci sar\u00e0 attenzione verso piatti delle varie regioni italiane che, per\u00f2, abbiano come base prodotti artigianali: dalla pasta alla pasticceria, dalla lavorazione della carne alle marmellate\u201d. &#8220;L\u2019impegno non \u00e8 poco \u2013 commenta Giacomo Deon \u2013 perch\u00e9 \u00e8 esteso fino a tutto maggio 2010; ma \u00e8 davvero stimolante per la ricerca\u00a0 di vecchie ricette o prodotti da riscoprire e rilanciare\u201d. La presenza in tv di Giacomo Deon non \u00e8 certo nuova: questo \u00e8 il quarto anno consecutivo di presenza fissa a Geo &amp; Geo, dopo qualche anno di esperienza a Mediaset. L\u2019appuntamento, dunque, \u00e8 per luned\u00ec 12 su Rai Tre quando \u2013 in diretta &#8211; Giacomo Deon presenter\u00e0, tra le basi della pasticceria, il pan di spagna.<\/p>","protected":false},"excerpt":{"rendered":"<p>Il pasticcere bellunese, Giacomo Deon, presidente nazionale di Confartigianato Alimentazione collaboratore fisso a Geo &amp; Geo, la trasmissione in onda su Rai Tre tutti i pomeriggi (dal luned\u00ec al venerd\u00ec) a partire dalle ore 17.00. Deon \u00e8 in tv tutti i luned\u00ec pomeriggio, in uno spazio dedicato alla cucina con prodotti artigianali. \u201cAl momento \u00e8 [&hellip;]<\/p>\n","protected":false},"author":2,"featured_media":0,"comment_status":"closed","ping_status":"open","sticky":false,"template":"","format":"standard","meta":{"footnotes":""},"categories":[26,8],"tags":[139],"class_list":["post-8804","post","type-post","status-publish","format-standard","category-prima-pagina","category-societa-istituzioni","tag-belluno"],"yoast_head":"<!-- This site is optimized with the Yoast SEO plugin v28.4 - https:\/\/yoast.com\/product\/yoast-seo-wordpress\/ -->\n<title>Giacomo Deon collaboratore fisso a Geo &amp; Geo Rai 3 - Bellunopress - Dolomiti<\/title>\n<meta name=\"robots\" content=\"index, follow, max-snippet:-1, max-image-preview:large, max-video-preview:-1\" \/>\n<link rel=\"canonical\" href=\"https:\/\/www.bellunopress.it\/fr\/2009\/10\/09\/giacomo-deon-collaboratore-fisso-a-geo-geo-rai-3\/\" \/>\n<meta property=\"og:locale\" content=\"fr_FR\" \/>\n<meta property=\"og:type\" content=\"article\" \/>\n<meta property=\"og:title\" content=\"Giacomo Deon collaboratore fisso a Geo &amp; Geo Rai 3 - Bellunopress - Dolomiti\" \/>\n<meta property=\"og:description\" content=\"Il pasticcere bellunese, Giacomo Deon, presidente nazionale di Confartigianato Alimentazione collaboratore fisso a Geo &amp; Geo, la trasmissione in onda su Rai Tre tutti i pomeriggi (dal luned\u00ec al venerd\u00ec) a partire dalle ore 17.00. Deon \u00e8 in tv tutti i luned\u00ec pomeriggio, in uno spazio dedicato alla cucina con prodotti artigianali. \u201cAl momento \u00e8 [&hellip;]\" \/>\n<meta property=\"og:url\" content=\"https:\/\/www.bellunopress.it\/fr\/2009\/10\/09\/giacomo-deon-collaboratore-fisso-a-geo-geo-rai-3\/\" \/>\n<meta property=\"og:site_name\" content=\"Bellunopress - Dolomiti\" \/>\n<meta property=\"article:publisher\" content=\"https:\/\/www.facebook.com\/profile.php?id=100008943462799\" \/>\n<meta property=\"article:published_time\" content=\"2009-10-09T22:46:10+00:00\" \/>\n<meta property=\"og:image\" content=\"http:\/\/www.bellunopress.it\/wp-content\/uploads\/2009\/10\/giacomo-deon-pasticcere.jpg\" \/>\n<meta name=\"author\" content=\"redazione\" \/>\n<meta name=\"twitter:card\" content=\"summary_large_image\" \/>\n<meta name=\"twitter:creator\" content=\"@bellunopress\" \/>\n<meta name=\"twitter:site\" content=\"@bellunopress\" \/>\n<meta name=\"twitter:label1\" content=\"\u00c9crit par\" \/>\n\t<meta name=\"twitter:data1\" content=\"redazione\" \/>\n\t<meta name=\"twitter:label2\" content=\"Dur\u00e9e de lecture estim\u00e9e\" \/>\n\t<meta name=\"twitter:data2\" content=\"1 minute\" \/>\n<script type=\"application\/ld+json\" class=\"yoast-schema-graph\">{\"@context\":\"https:\\\/\\\/schema.org\",\"@graph\":[{\"@type\":\"Article\",\"@id\":\"https:\\\/\\\/www.bellunopress.it\\\/2009\\\/10\\\/09\\\/giacomo-deon-collaboratore-fisso-a-geo-geo-rai-3\\\/#article\",\"isPartOf\":{\"@id\":\"https:\\\/\\\/www.bellunopress.it\\\/2009\\\/10\\\/09\\\/giacomo-deon-collaboratore-fisso-a-geo-geo-rai-3\\\/\"},\"author\":{\"name\":\"redazione\",\"@id\":\"https:\\\/\\\/www.bellunopress.it\\\/#\\\/schema\\\/person\\\/79bb06722b37ece1c03d3e94beb30d73\"},\"headline\":\"Giacomo Deon collaboratore fisso a Geo &#038; Geo Rai 3\",\"datePublished\":\"2009-10-09T22:46:10+00:00\",\"mainEntityOfPage\":{\"@id\":\"https:\\\/\\\/www.bellunopress.it\\\/2009\\\/10\\\/09\\\/giacomo-deon-collaboratore-fisso-a-geo-geo-rai-3\\\/\"},\"wordCount\":191,\"publisher\":{\"@id\":\"https:\\\/\\\/www.bellunopress.it\\\/#organization\"},\"image\":{\"@id\":\"https:\\\/\\\/www.bellunopress.it\\\/2009\\\/10\\\/09\\\/giacomo-deon-collaboratore-fisso-a-geo-geo-rai-3\\\/#primaryimage\"},\"thumbnailUrl\":\"http:\\\/\\\/www.bellunopress.it\\\/wp-content\\\/uploads\\\/2009\\\/10\\\/giacomo-deon-pasticcere.jpg\",\"keywords\":[\"Belluno\"],\"articleSection\":[\"Prima Pagina\",\"Societ\u00e0, Associazioni, Istituzioni\"],\"inLanguage\":\"fr-FR\"},{\"@type\":\"WebPage\",\"@id\":\"https:\\\/\\\/www.bellunopress.it\\\/2009\\\/10\\\/09\\\/giacomo-deon-collaboratore-fisso-a-geo-geo-rai-3\\\/\",\"url\":\"https:\\\/\\\/www.bellunopress.it\\\/2009\\\/10\\\/09\\\/giacomo-deon-collaboratore-fisso-a-geo-geo-rai-3\\\/\",\"name\":\"Giacomo Deon collaboratore fisso a Geo & Geo Rai 3 - Bellunopress - Dolomiti\",\"isPartOf\":{\"@id\":\"https:\\\/\\\/www.bellunopress.it\\\/#website\"},\"primaryImageOfPage\":{\"@id\":\"https:\\\/\\\/www.bellunopress.it\\\/2009\\\/10\\\/09\\\/giacomo-deon-collaboratore-fisso-a-geo-geo-rai-3\\\/#primaryimage\"},\"image\":{\"@id\":\"https:\\\/\\\/www.bellunopress.it\\\/2009\\\/10\\\/09\\\/giacomo-deon-collaboratore-fisso-a-geo-geo-rai-3\\\/#primaryimage\"},\"thumbnailUrl\":\"http:\\\/\\\/www.bellunopress.it\\\/wp-content\\\/uploads\\\/2009\\\/10\\\/giacomo-deon-pasticcere.jpg\",\"datePublished\":\"2009-10-09T22:46:10+00:00\",\"breadcrumb\":{\"@id\":\"https:\\\/\\\/www.bellunopress.it\\\/2009\\\/10\\\/09\\\/giacomo-deon-collaboratore-fisso-a-geo-geo-rai-3\\\/#breadcrumb\"},\"inLanguage\":\"fr-FR\",\"potentialAction\":[{\"@type\":\"ReadAction\",\"target\":[\"https:\\\/\\\/www.bellunopress.it\\\/2009\\\/10\\\/09\\\/giacomo-deon-collaboratore-fisso-a-geo-geo-rai-3\\\/\"]}]},{\"@type\":\"ImageObject\",\"inLanguage\":\"fr-FR\",\"@id\":\"https:\\\/\\\/www.bellunopress.it\\\/2009\\\/10\\\/09\\\/giacomo-deon-collaboratore-fisso-a-geo-geo-rai-3\\\/#primaryimage\",\"url\":\"http:\\\/\\\/www.bellunopress.it\\\/wp-content\\\/uploads\\\/2009\\\/10\\\/giacomo-deon-pasticcere.jpg\",\"contentUrl\":\"http:\\\/\\\/www.bellunopress.it\\\/wp-content\\\/uploads\\\/2009\\\/10\\\/giacomo-deon-pasticcere.jpg\"},{\"@type\":\"BreadcrumbList\",\"@id\":\"https:\\\/\\\/www.bellunopress.it\\\/2009\\\/10\\\/09\\\/giacomo-deon-collaboratore-fisso-a-geo-geo-rai-3\\\/#breadcrumb\",\"itemListElement\":[{\"@type\":\"ListItem\",\"position\":1,\"name\":\"Home\",\"item\":\"https:\\\/\\\/www.bellunopress.it\\\/\"},{\"@type\":\"ListItem\",\"position\":2,\"name\":\"Giacomo Deon collaboratore fisso a Geo &#038; Geo Rai 3\"}]},{\"@type\":\"WebSite\",\"@id\":\"https:\\\/\\\/www.bellunopress.it\\\/#website\",\"url\":\"https:\\\/\\\/www.bellunopress.it\\\/\",\"name\":\"Bellunopress - Dolomiti\",\"description\":\"e-mail: redazione@bellunopress.it\",\"publisher\":{\"@id\":\"https:\\\/\\\/www.bellunopress.it\\\/#organization\"},\"potentialAction\":[{\"@type\":\"SearchAction\",\"target\":{\"@type\":\"EntryPoint\",\"urlTemplate\":\"https:\\\/\\\/www.bellunopress.it\\\/?s={search_term_string}\"},\"query-input\":{\"@type\":\"PropertyValueSpecification\",\"valueRequired\":true,\"valueName\":\"search_term_string\"}}],\"inLanguage\":\"fr-FR\"},{\"@type\":\"Organization\",\"@id\":\"https:\\\/\\\/www.bellunopress.it\\\/#organization\",\"name\":\"Bellunopress\",\"url\":\"https:\\\/\\\/www.bellunopress.it\\\/\",\"logo\":{\"@type\":\"ImageObject\",\"inLanguage\":\"fr-FR\",\"@id\":\"https:\\\/\\\/www.bellunopress.it\\\/#\\\/schema\\\/logo\\\/image\\\/\",\"url\":\"https:\\\/\\\/www.bellunopress.it\\\/wp-content\\\/uploads\\\/2011\\\/05\\\/cropped-logo-bellunopress-.jpg\",\"contentUrl\":\"https:\\\/\\\/www.bellunopress.it\\\/wp-content\\\/uploads\\\/2011\\\/05\\\/cropped-logo-bellunopress-.jpg\",\"width\":512,\"height\":512,\"caption\":\"Bellunopress\"},\"image\":{\"@id\":\"https:\\\/\\\/www.bellunopress.it\\\/#\\\/schema\\\/logo\\\/image\\\/\"},\"sameAs\":[\"https:\\\/\\\/www.facebook.com\\\/profile.php?id=100008943462799\",\"https:\\\/\\\/x.com\\\/bellunopress\",\"https:\\\/\\\/www.linkedin.com\\\/hp\\\/?dnr=JBzUWaJfMUw8vbXJJ2tVW5-I3jZKvC4wsoxE&amp;amp;amp;amp;amp;amp;trk=nav_responsive_tab_home\",\"https:\\\/\\\/www.youtube.com\\\/channel\\\/UCxL0wu1uN0_3_7hGG0306cw\"]},{\"@type\":\"Person\",\"@id\":\"https:\\\/\\\/www.bellunopress.it\\\/#\\\/schema\\\/person\\\/79bb06722b37ece1c03d3e94beb30d73\",\"name\":\"redazione\",\"image\":{\"@type\":\"ImageObject\",\"inLanguage\":\"fr-FR\",\"@id\":\"https:\\\/\\\/secure.gravatar.com\\\/avatar\\\/37d968a2e67a6fd04c169c4bdef102d0bc5d31b2546345219e348575eb80e9a0?s=96&d=mm&r=g\",\"url\":\"https:\\\/\\\/secure.gravatar.com\\\/avatar\\\/37d968a2e67a6fd04c169c4bdef102d0bc5d31b2546345219e348575eb80e9a0?s=96&d=mm&r=g\",\"contentUrl\":\"https:\\\/\\\/secure.gravatar.com\\\/avatar\\\/37d968a2e67a6fd04c169c4bdef102d0bc5d31b2546345219e348575eb80e9a0?s=96&d=mm&r=g\",\"caption\":\"redazione\"},\"sameAs\":[\"http:\\\/\\\/www.bellunopress.it\",\"https:\\\/\\\/x.com\\\/bellunopress\"],\"url\":\"https:\\\/\\\/www.bellunopress.it\\\/fr\\\/author\\\/redazione\\\/\"}]}<\/script>\n<!-- \/ Yoast SEO plugin. -->","yoast_head_json":{"title":"Giacomo Deon collaboratore fisso a Geo & Geo Rai 3 - Bellunopress - Dolomiti","robots":{"index":"index","follow":"follow","max-snippet":"max-snippet:-1","max-image-preview":"max-image-preview:large","max-video-preview":"max-video-preview:-1"},"canonical":"https:\/\/www.bellunopress.it\/fr\/2009\/10\/09\/giacomo-deon-collaboratore-fisso-a-geo-geo-rai-3\/","og_locale":"fr_FR","og_type":"article","og_title":"Giacomo Deon collaboratore fisso a Geo & Geo Rai 3 - Bellunopress - Dolomiti","og_description":"Il pasticcere bellunese, Giacomo Deon, presidente nazionale di Confartigianato Alimentazione collaboratore fisso a Geo &amp; Geo, la trasmissione in onda su Rai Tre tutti i pomeriggi (dal luned\u00ec al venerd\u00ec) a partire dalle ore 17.00. Deon \u00e8 in tv tutti i luned\u00ec pomeriggio, in uno spazio dedicato alla cucina con prodotti artigianali. \u201cAl momento \u00e8 [&hellip;]","og_url":"https:\/\/www.bellunopress.it\/fr\/2009\/10\/09\/giacomo-deon-collaboratore-fisso-a-geo-geo-rai-3\/","og_site_name":"Bellunopress - Dolomiti","article_publisher":"https:\/\/www.facebook.com\/profile.php?id=100008943462799","article_published_time":"2009-10-09T22:46:10+00:00","og_image":[{"url":"http:\/\/www.bellunopress.it\/wp-content\/uploads\/2009\/10\/giacomo-deon-pasticcere.jpg","type":"","width":"","height":""}],"author":"redazione","twitter_card":"summary_large_image","twitter_creator":"@bellunopress","twitter_site":"@bellunopress","twitter_misc":{"\u00c9crit par":"redazione","Dur\u00e9e de lecture estim\u00e9e":"1 minute"},"schema":{"@context":"https:\/\/schema.org","@graph":[{"@type":"Article","@id":"https:\/\/www.bellunopress.it\/2009\/10\/09\/giacomo-deon-collaboratore-fisso-a-geo-geo-rai-3\/#article","isPartOf":{"@id":"https:\/\/www.bellunopress.it\/2009\/10\/09\/giacomo-deon-collaboratore-fisso-a-geo-geo-rai-3\/"},"author":{"name":"redazione","@id":"https:\/\/www.bellunopress.it\/#\/schema\/person\/79bb06722b37ece1c03d3e94beb30d73"},"headline":"Giacomo Deon collaboratore fisso a Geo &#038; Geo Rai 3","datePublished":"2009-10-09T22:46:10+00:00","mainEntityOfPage":{"@id":"https:\/\/www.bellunopress.it\/2009\/10\/09\/giacomo-deon-collaboratore-fisso-a-geo-geo-rai-3\/"},"wordCount":191,"publisher":{"@id":"https:\/\/www.bellunopress.it\/#organization"},"image":{"@id":"https:\/\/www.bellunopress.it\/2009\/10\/09\/giacomo-deon-collaboratore-fisso-a-geo-geo-rai-3\/#primaryimage"},"thumbnailUrl":"http:\/\/www.bellunopress.it\/wp-content\/uploads\/2009\/10\/giacomo-deon-pasticcere.jpg","keywords":["Belluno"],"articleSection":["Prima Pagina","Societ\u00e0, Associazioni, Istituzioni"],"inLanguage":"fr-FR"},{"@type":"WebPage","@id":"https:\/\/www.bellunopress.it\/2009\/10\/09\/giacomo-deon-collaboratore-fisso-a-geo-geo-rai-3\/","url":"https:\/\/www.bellunopress.it\/2009\/10\/09\/giacomo-deon-collaboratore-fisso-a-geo-geo-rai-3\/","name":"Giacomo Deon collaboratore fisso a Geo & Geo Rai 3 - Bellunopress - Dolomiti","isPartOf":{"@id":"https:\/\/www.bellunopress.it\/#website"},"primaryImageOfPage":{"@id":"https:\/\/www.bellunopress.it\/2009\/10\/09\/giacomo-deon-collaboratore-fisso-a-geo-geo-rai-3\/#primaryimage"},"image":{"@id":"https:\/\/www.bellunopress.it\/2009\/10\/09\/giacomo-deon-collaboratore-fisso-a-geo-geo-rai-3\/#primaryimage"},"thumbnailUrl":"http:\/\/www.bellunopress.it\/wp-content\/uploads\/2009\/10\/giacomo-deon-pasticcere.jpg","datePublished":"2009-10-09T22:46:10+00:00","breadcrumb":{"@id":"https:\/\/www.bellunopress.it\/2009\/10\/09\/giacomo-deon-collaboratore-fisso-a-geo-geo-rai-3\/#breadcrumb"},"inLanguage":"fr-FR","potentialAction":[{"@type":"ReadAction","target":["https:\/\/www.bellunopress.it\/2009\/10\/09\/giacomo-deon-collaboratore-fisso-a-geo-geo-rai-3\/"]}]},{"@type":"ImageObject","inLanguage":"fr-FR","@id":"https:\/\/www.bellunopress.it\/2009\/10\/09\/giacomo-deon-collaboratore-fisso-a-geo-geo-rai-3\/#primaryimage","url":"http:\/\/www.bellunopress.it\/wp-content\/uploads\/2009\/10\/giacomo-deon-pasticcere.jpg","contentUrl":"http:\/\/www.bellunopress.it\/wp-content\/uploads\/2009\/10\/giacomo-deon-pasticcere.jpg"},{"@type":"BreadcrumbList","@id":"https:\/\/www.bellunopress.it\/2009\/10\/09\/giacomo-deon-collaboratore-fisso-a-geo-geo-rai-3\/#breadcrumb","itemListElement":[{"@type":"ListItem","position":1,"name":"Home","item":"https:\/\/www.bellunopress.it\/"},{"@type":"ListItem","position":2,"name":"Giacomo Deon collaboratore fisso a Geo &#038; Geo Rai 3"}]},{"@type":"WebSite","@id":"https:\/\/www.bellunopress.it\/#website","url":"https:\/\/www.bellunopress.it\/","name":"Bellunopress - Dolomiti","description":"e-mail: redazione@bellunopress.it","publisher":{"@id":"https:\/\/www.bellunopress.it\/#organization"},"potentialAction":[{"@type":"SearchAction","target":{"@type":"EntryPoint","urlTemplate":"https:\/\/www.bellunopress.it\/?s={search_term_string}"},"query-input":{"@type":"PropertyValueSpecification","valueRequired":true,"valueName":"search_term_string"}}],"inLanguage":"fr-FR"},{"@type":"Organization","@id":"https:\/\/www.bellunopress.it\/#organization","name":"Bellunopress","url":"https:\/\/www.bellunopress.it\/","logo":{"@type":"ImageObject","inLanguage":"fr-FR","@id":"https:\/\/www.bellunopress.it\/#\/schema\/logo\/image\/","url":"https:\/\/www.bellunopress.it\/wp-content\/uploads\/2011\/05\/cropped-logo-bellunopress-.jpg","contentUrl":"https:\/\/www.bellunopress.it\/wp-content\/uploads\/2011\/05\/cropped-logo-bellunopress-.jpg","width":512,"height":512,"caption":"Bellunopress"},"image":{"@id":"https:\/\/www.bellunopress.it\/#\/schema\/logo\/image\/"},"sameAs":["https:\/\/www.facebook.com\/profile.php?id=100008943462799","https:\/\/x.com\/bellunopress","https:\/\/www.linkedin.com\/hp\/?dnr=JBzUWaJfMUw8vbXJJ2tVW5-I3jZKvC4wsoxE&amp;amp;amp;amp;amp;amp;trk=nav_responsive_tab_home","https:\/\/www.youtube.com\/channel\/UCxL0wu1uN0_3_7hGG0306cw"]},{"@type":"Person","@id":"https:\/\/www.bellunopress.it\/#\/schema\/person\/79bb06722b37ece1c03d3e94beb30d73","name":"r\u00e9daction","image":{"@type":"ImageObject","inLanguage":"fr-FR","@id":"https:\/\/secure.gravatar.com\/avatar\/37d968a2e67a6fd04c169c4bdef102d0bc5d31b2546345219e348575eb80e9a0?s=96&d=mm&r=g","url":"https:\/\/secure.gravatar.com\/avatar\/37d968a2e67a6fd04c169c4bdef102d0bc5d31b2546345219e348575eb80e9a0?s=96&d=mm&r=g","contentUrl":"https:\/\/secure.gravatar.com\/avatar\/37d968a2e67a6fd04c169c4bdef102d0bc5d31b2546345219e348575eb80e9a0?s=96&d=mm&r=g","caption":"redazione"},"sameAs":["http:\/\/www.bellunopress.it","https:\/\/x.com\/bellunopress"],"url":"https:\/\/www.bellunopress.it\/fr\/author\/redazione\/"}]}},"_links":{"self":[{"href":"https:\/\/www.bellunopress.it\/fr\/wp-json\/wp\/v2\/posts\/8804","targetHints":{"allow":["GET"]}}],"collection":[{"href":"https:\/\/www.bellunopress.it\/fr\/wp-json\/wp\/v2\/posts"}],"about":[{"href":"https:\/\/www.bellunopress.it\/fr\/wp-json\/wp\/v2\/types\/post"}],"author":[{"embeddable":true,"href":"https:\/\/www.bellunopress.it\/fr\/wp-json\/wp\/v2\/users\/2"}],"replies":[{"embeddable":true,"href":"https:\/\/www.bellunopress.it\/fr\/wp-json\/wp\/v2\/comments?post=8804"}],"version-history":[{"count":1,"href":"https:\/\/www.bellunopress.it\/fr\/wp-json\/wp\/v2\/posts\/8804\/revisions"}],"predecessor-version":[{"id":8807,"href":"https:\/\/www.bellunopress.it\/fr\/wp-json\/wp\/v2\/posts\/8804\/revisions\/8807"}],"wp:attachment":[{"href":"https:\/\/www.bellunopress.it\/fr\/wp-json\/wp\/v2\/media?parent=8804"}],"wp:term":[{"taxonomy":"category","embeddable":true,"href":"https:\/\/www.bellunopress.it\/fr\/wp-json\/wp\/v2\/categories?post=8804"},{"taxonomy":"post_tag","embeddable":true,"href":"https:\/\/www.bellunopress.it\/fr\/wp-json\/wp\/v2\/tags?post=8804"}],"curies":[{"name":"wp","href":"https:\/\/api.w.org\/{rel}","templated":true}]}}