{"id":8800,"date":"2009-10-09T23:32:30","date_gmt":"2009-10-09T22:32:30","guid":{"rendered":"http:\/\/www.bellunopress.it\/?p=8800"},"modified":"2009-10-09T23:32:30","modified_gmt":"2009-10-09T22:32:30","slug":"catalogo-mostra-fotografica-donne-lavoro","status":"publish","type":"post","link":"https:\/\/www.bellunopress.it\/fr\/2009\/10\/09\/catalogo-mostra-fotografica-donne-lavoro\/","title":{"rendered":"Catalogo mostra fotografica Donne &#038; Lavoro"},"content":{"rendered":"<p><a href=\"http:\/\/www.bellunopress.it\/wp-content\/uploads\/2009\/10\/africa-donne-lavoro.jpg\"><img loading=\"lazy\" decoding=\"async\" class=\"alignleft size-medium wp-image-8801\" title=\"africa-donne-lavoro\" src=\"http:\/\/www.bellunopress.it\/wp-content\/uploads\/2009\/10\/africa-donne-lavoro.jpg\" alt=\"\" width=\"280\" height=\"156\" \/><\/a>La mostra fotografica \u0093Donne &amp; Lavoro, voluta da Iole Cisnetto, presidente dell&#8217;Associazione Amici di Cortina, \u00e8 stata presentata a Roma in occasione della Conferenza Internazionale sulla violenza contro le donne, un\u0092iniziativa della Presidenza italiana del G8 promossa dal Dipartimento per le Pari Opportunit\u00e0 della Presidenza del Consiglio dei Ministri in collaborazione con il Ministero degli Affari Esteri,tenutosi a settembre. La mostra presenta bellissime immagini scattate da Carlo e Maurizio Riccardi, che ritraggono frammenti di vita quotidiana, lavoro e emozioni di donne italiane di ieri e di oggi, di donne africane, con un commovente omaggio ai cento anni compiuti dal Nobel Rita Levi Montalcini e ai cento anni dell\u0092&#8217;8 marzo. Il catalogo \u00e8 stato distribuito alle donne protagoniste del G8 romano, per l\u0092occasione tradotto anche in inglese, con la presentazione e il contributo di numerose figure femminili italiane, protagoniste della vita culturale, sociale e politica degli ultimi decenni. Tra queste spiccano i nomi di Rita Levi Montalcini, Margherita Hack, Emma Bonino, Isabella Rauti, Fiamma Nirenstein, Daniela Santanch\u00e9, Irene Pivetti, Renata Polverini, Raffaella Curiel e molte altre. Tra le donne che sono state chiamate a esprimere una riflessione sul lavoro femminile, sulla parit\u00e0 dei diritti e delle opportunit\u00e0, anche la bellunese Tatiana Pais Becher, Assessore alla Cultura di Auronzo di Cadore, ideatrice dell\u0092evento umanitario Le Dolomiti Abbracciano l&#8217;Africa\u0094 organizzato dal Comune di Auronzo di Cadore e dal gruppo Onlus Insieme Si Pu\u00f2: Una delle pi\u00f9 importanti conquiste femminili della societ\u00e0 odierna \u00e8 la capacit\u00e0 di saper conciliare il tempo del lavoro con quello della famiglia. La mia carica di amministratore pubblico mi ha permesso di coniugare con equilibrio il ruolo di madre di tre bimbi con l\u0092impegno volto alla realizzazione del bene comune della comunit\u00e0 cadorina in cui sono nata. Come donna e madre ho la consapevolezza di dover contribuire alla creazione di un mondo migliore per i miei figli e per tutti i bambini del mondo: \u00e8 proprio questo senso di responsabilit\u00e0 che mi ha ispirata nell\u0092ideare e organizzare l\u0092evento umanitario G8\u00a0Le Dolomiti Abbracciano l&#8217;Africa,\u00a0 una grande catena umana di 6000 uomini, donne e bambini attorno alle Tre Cime di Lavaredo, montagne simbolo delle Dolomiti Patrimonio dell\u0092Umanit\u00e0. Da sanguinoso teatro della Grande Guerra le Tre Cime sono ora divenute luogo d\u0092incontro simbolico tra Africa e Europa, emblema di pace, giustizia, uguaglianza per i Paesi del Sud del Mondo.<\/p>","protected":false},"excerpt":{"rendered":"<p>La mostra fotografica \u0093Donne &amp; Lavoro, voluta da Iole Cisnetto, presidente dell&#8217;Associazione Amici di Cortina, \u00e8 stata presentata a Roma in occasione della Conferenza Internazionale sulla violenza contro le donne, un\u0092iniziativa della Presidenza italiana del G8 promossa dal Dipartimento per le Pari Opportunit\u00e0 della Presidenza del Consiglio dei Ministri in collaborazione con il Ministero degli [&hellip;]<\/p>\n","protected":false},"author":2,"featured_media":0,"comment_status":"closed","ping_status":"open","sticky":false,"template":"","format":"standard","meta":{"footnotes":""},"categories":[3,25],"tags":[139,151,63],"class_list":["post-8800","post","type-post","status-publish","format-standard","category-arte-cultura-spettacoli-scienza-archivi","category-pausa-caffe","tag-belluno","tag-cadore","tag-dolomiti"],"yoast_head":"<!-- This site is optimized with the Yoast SEO plugin v28.4 - https:\/\/yoast.com\/product\/yoast-seo-wordpress\/ -->\n<title>Catalogo mostra fotografica Donne &amp; Lavoro - Bellunopress - Dolomiti<\/title>\n<meta name=\"robots\" content=\"index, follow, max-snippet:-1, max-image-preview:large, max-video-preview:-1\" \/>\n<link rel=\"canonical\" href=\"https:\/\/www.bellunopress.it\/fr\/2009\/10\/09\/catalogo-mostra-fotografica-donne-lavoro\/\" \/>\n<meta property=\"og:locale\" content=\"fr_FR\" \/>\n<meta property=\"og:type\" content=\"article\" \/>\n<meta property=\"og:title\" content=\"Catalogo mostra fotografica Donne &amp; Lavoro - Bellunopress - Dolomiti\" \/>\n<meta property=\"og:description\" content=\"La mostra fotografica \u0093Donne &amp; Lavoro, voluta da Iole Cisnetto, presidente dell&#8217;Associazione Amici di Cortina, \u00e8 stata presentata a Roma in occasione della Conferenza Internazionale sulla violenza contro le donne, un\u0092iniziativa della Presidenza italiana del G8 promossa dal Dipartimento per le Pari Opportunit\u00e0 della Presidenza del Consiglio dei Ministri in collaborazione con il Ministero degli [&hellip;]\" \/>\n<meta property=\"og:url\" content=\"https:\/\/www.bellunopress.it\/fr\/2009\/10\/09\/catalogo-mostra-fotografica-donne-lavoro\/\" \/>\n<meta property=\"og:site_name\" content=\"Bellunopress - Dolomiti\" \/>\n<meta property=\"article:publisher\" content=\"https:\/\/www.facebook.com\/profile.php?id=100008943462799\" \/>\n<meta property=\"article:published_time\" content=\"2009-10-09T22:32:30+00:00\" \/>\n<meta property=\"og:image\" content=\"http:\/\/www.bellunopress.it\/wp-content\/uploads\/2009\/10\/africa-donne-lavoro.jpg\" \/>\n<meta name=\"author\" content=\"redazione\" \/>\n<meta name=\"twitter:card\" content=\"summary_large_image\" \/>\n<meta name=\"twitter:creator\" content=\"@bellunopress\" \/>\n<meta name=\"twitter:site\" content=\"@bellunopress\" \/>\n<meta name=\"twitter:label1\" content=\"\u00c9crit par\" \/>\n\t<meta name=\"twitter:data1\" content=\"redazione\" \/>\n\t<meta name=\"twitter:label2\" content=\"Dur\u00e9e de lecture estim\u00e9e\" \/>\n\t<meta name=\"twitter:data2\" content=\"2 minutes\" \/>\n<script type=\"application\/ld+json\" class=\"yoast-schema-graph\">{\"@context\":\"https:\\\/\\\/schema.org\",\"@graph\":[{\"@type\":\"Article\",\"@id\":\"https:\\\/\\\/www.bellunopress.it\\\/2009\\\/10\\\/09\\\/catalogo-mostra-fotografica-donne-lavoro\\\/#article\",\"isPartOf\":{\"@id\":\"https:\\\/\\\/www.bellunopress.it\\\/2009\\\/10\\\/09\\\/catalogo-mostra-fotografica-donne-lavoro\\\/\"},\"author\":{\"name\":\"redazione\",\"@id\":\"https:\\\/\\\/www.bellunopress.it\\\/#\\\/schema\\\/person\\\/79bb06722b37ece1c03d3e94beb30d73\"},\"headline\":\"Catalogo mostra fotografica Donne &#038; Lavoro\",\"datePublished\":\"2009-10-09T22:32:30+00:00\",\"mainEntityOfPage\":{\"@id\":\"https:\\\/\\\/www.bellunopress.it\\\/2009\\\/10\\\/09\\\/catalogo-mostra-fotografica-donne-lavoro\\\/\"},\"wordCount\":400,\"publisher\":{\"@id\":\"https:\\\/\\\/www.bellunopress.it\\\/#organization\"},\"image\":{\"@id\":\"https:\\\/\\\/www.bellunopress.it\\\/2009\\\/10\\\/09\\\/catalogo-mostra-fotografica-donne-lavoro\\\/#primaryimage\"},\"thumbnailUrl\":\"http:\\\/\\\/www.bellunopress.it\\\/wp-content\\\/uploads\\\/2009\\\/10\\\/africa-donne-lavoro.jpg\",\"keywords\":[\"Belluno\",\"Cadore\",\"Dolomiti\"],\"articleSection\":[\"Arte, Cultura, Spettacoli, Scienza\",\"Pausa Caff\u00e8\"],\"inLanguage\":\"fr-FR\"},{\"@type\":\"WebPage\",\"@id\":\"https:\\\/\\\/www.bellunopress.it\\\/2009\\\/10\\\/09\\\/catalogo-mostra-fotografica-donne-lavoro\\\/\",\"url\":\"https:\\\/\\\/www.bellunopress.it\\\/2009\\\/10\\\/09\\\/catalogo-mostra-fotografica-donne-lavoro\\\/\",\"name\":\"Catalogo mostra fotografica Donne & Lavoro - Bellunopress - Dolomiti\",\"isPartOf\":{\"@id\":\"https:\\\/\\\/www.bellunopress.it\\\/#website\"},\"primaryImageOfPage\":{\"@id\":\"https:\\\/\\\/www.bellunopress.it\\\/2009\\\/10\\\/09\\\/catalogo-mostra-fotografica-donne-lavoro\\\/#primaryimage\"},\"image\":{\"@id\":\"https:\\\/\\\/www.bellunopress.it\\\/2009\\\/10\\\/09\\\/catalogo-mostra-fotografica-donne-lavoro\\\/#primaryimage\"},\"thumbnailUrl\":\"http:\\\/\\\/www.bellunopress.it\\\/wp-content\\\/uploads\\\/2009\\\/10\\\/africa-donne-lavoro.jpg\",\"datePublished\":\"2009-10-09T22:32:30+00:00\",\"breadcrumb\":{\"@id\":\"https:\\\/\\\/www.bellunopress.it\\\/2009\\\/10\\\/09\\\/catalogo-mostra-fotografica-donne-lavoro\\\/#breadcrumb\"},\"inLanguage\":\"fr-FR\",\"potentialAction\":[{\"@type\":\"ReadAction\",\"target\":[\"https:\\\/\\\/www.bellunopress.it\\\/2009\\\/10\\\/09\\\/catalogo-mostra-fotografica-donne-lavoro\\\/\"]}]},{\"@type\":\"ImageObject\",\"inLanguage\":\"fr-FR\",\"@id\":\"https:\\\/\\\/www.bellunopress.it\\\/2009\\\/10\\\/09\\\/catalogo-mostra-fotografica-donne-lavoro\\\/#primaryimage\",\"url\":\"http:\\\/\\\/www.bellunopress.it\\\/wp-content\\\/uploads\\\/2009\\\/10\\\/africa-donne-lavoro.jpg\",\"contentUrl\":\"http:\\\/\\\/www.bellunopress.it\\\/wp-content\\\/uploads\\\/2009\\\/10\\\/africa-donne-lavoro.jpg\"},{\"@type\":\"BreadcrumbList\",\"@id\":\"https:\\\/\\\/www.bellunopress.it\\\/2009\\\/10\\\/09\\\/catalogo-mostra-fotografica-donne-lavoro\\\/#breadcrumb\",\"itemListElement\":[{\"@type\":\"ListItem\",\"position\":1,\"name\":\"Home\",\"item\":\"https:\\\/\\\/www.bellunopress.it\\\/\"},{\"@type\":\"ListItem\",\"position\":2,\"name\":\"Catalogo mostra fotografica Donne &#038; Lavoro\"}]},{\"@type\":\"WebSite\",\"@id\":\"https:\\\/\\\/www.bellunopress.it\\\/#website\",\"url\":\"https:\\\/\\\/www.bellunopress.it\\\/\",\"name\":\"Bellunopress - Dolomiti\",\"description\":\"e-mail: redazione@bellunopress.it\",\"publisher\":{\"@id\":\"https:\\\/\\\/www.bellunopress.it\\\/#organization\"},\"potentialAction\":[{\"@type\":\"SearchAction\",\"target\":{\"@type\":\"EntryPoint\",\"urlTemplate\":\"https:\\\/\\\/www.bellunopress.it\\\/?s={search_term_string}\"},\"query-input\":{\"@type\":\"PropertyValueSpecification\",\"valueRequired\":true,\"valueName\":\"search_term_string\"}}],\"inLanguage\":\"fr-FR\"},{\"@type\":\"Organization\",\"@id\":\"https:\\\/\\\/www.bellunopress.it\\\/#organization\",\"name\":\"Bellunopress\",\"url\":\"https:\\\/\\\/www.bellunopress.it\\\/\",\"logo\":{\"@type\":\"ImageObject\",\"inLanguage\":\"fr-FR\",\"@id\":\"https:\\\/\\\/www.bellunopress.it\\\/#\\\/schema\\\/logo\\\/image\\\/\",\"url\":\"https:\\\/\\\/www.bellunopress.it\\\/wp-content\\\/uploads\\\/2011\\\/05\\\/cropped-logo-bellunopress-.jpg\",\"contentUrl\":\"https:\\\/\\\/www.bellunopress.it\\\/wp-content\\\/uploads\\\/2011\\\/05\\\/cropped-logo-bellunopress-.jpg\",\"width\":512,\"height\":512,\"caption\":\"Bellunopress\"},\"image\":{\"@id\":\"https:\\\/\\\/www.bellunopress.it\\\/#\\\/schema\\\/logo\\\/image\\\/\"},\"sameAs\":[\"https:\\\/\\\/www.facebook.com\\\/profile.php?id=100008943462799\",\"https:\\\/\\\/x.com\\\/bellunopress\",\"https:\\\/\\\/www.linkedin.com\\\/hp\\\/?dnr=JBzUWaJfMUw8vbXJJ2tVW5-I3jZKvC4wsoxE&amp;amp;amp;amp;amp;amp;trk=nav_responsive_tab_home\",\"https:\\\/\\\/www.youtube.com\\\/channel\\\/UCxL0wu1uN0_3_7hGG0306cw\"]},{\"@type\":\"Person\",\"@id\":\"https:\\\/\\\/www.bellunopress.it\\\/#\\\/schema\\\/person\\\/79bb06722b37ece1c03d3e94beb30d73\",\"name\":\"redazione\",\"image\":{\"@type\":\"ImageObject\",\"inLanguage\":\"fr-FR\",\"@id\":\"https:\\\/\\\/secure.gravatar.com\\\/avatar\\\/37d968a2e67a6fd04c169c4bdef102d0bc5d31b2546345219e348575eb80e9a0?s=96&d=mm&r=g\",\"url\":\"https:\\\/\\\/secure.gravatar.com\\\/avatar\\\/37d968a2e67a6fd04c169c4bdef102d0bc5d31b2546345219e348575eb80e9a0?s=96&d=mm&r=g\",\"contentUrl\":\"https:\\\/\\\/secure.gravatar.com\\\/avatar\\\/37d968a2e67a6fd04c169c4bdef102d0bc5d31b2546345219e348575eb80e9a0?s=96&d=mm&r=g\",\"caption\":\"redazione\"},\"sameAs\":[\"http:\\\/\\\/www.bellunopress.it\",\"https:\\\/\\\/x.com\\\/bellunopress\"],\"url\":\"https:\\\/\\\/www.bellunopress.it\\\/fr\\\/author\\\/redazione\\\/\"}]}<\/script>\n<!-- \/ Yoast SEO plugin. -->","yoast_head_json":{"title":"Catalogo mostra fotografica Donne & Lavoro - Bellunopress - Dolomiti","robots":{"index":"index","follow":"follow","max-snippet":"max-snippet:-1","max-image-preview":"max-image-preview:large","max-video-preview":"max-video-preview:-1"},"canonical":"https:\/\/www.bellunopress.it\/fr\/2009\/10\/09\/catalogo-mostra-fotografica-donne-lavoro\/","og_locale":"fr_FR","og_type":"article","og_title":"Catalogo mostra fotografica Donne & Lavoro - Bellunopress - Dolomiti","og_description":"La mostra fotografica \u0093Donne &amp; Lavoro, voluta da Iole Cisnetto, presidente dell&#8217;Associazione Amici di Cortina, \u00e8 stata presentata a Roma in occasione della Conferenza Internazionale sulla violenza contro le donne, un\u0092iniziativa della Presidenza italiana del G8 promossa dal Dipartimento per le Pari Opportunit\u00e0 della Presidenza del Consiglio dei Ministri in collaborazione con il Ministero degli [&hellip;]","og_url":"https:\/\/www.bellunopress.it\/fr\/2009\/10\/09\/catalogo-mostra-fotografica-donne-lavoro\/","og_site_name":"Bellunopress - Dolomiti","article_publisher":"https:\/\/www.facebook.com\/profile.php?id=100008943462799","article_published_time":"2009-10-09T22:32:30+00:00","og_image":[{"url":"http:\/\/www.bellunopress.it\/wp-content\/uploads\/2009\/10\/africa-donne-lavoro.jpg","type":"","width":"","height":""}],"author":"redazione","twitter_card":"summary_large_image","twitter_creator":"@bellunopress","twitter_site":"@bellunopress","twitter_misc":{"\u00c9crit par":"redazione","Dur\u00e9e de lecture estim\u00e9e":"2 minutes"},"schema":{"@context":"https:\/\/schema.org","@graph":[{"@type":"Article","@id":"https:\/\/www.bellunopress.it\/2009\/10\/09\/catalogo-mostra-fotografica-donne-lavoro\/#article","isPartOf":{"@id":"https:\/\/www.bellunopress.it\/2009\/10\/09\/catalogo-mostra-fotografica-donne-lavoro\/"},"author":{"name":"redazione","@id":"https:\/\/www.bellunopress.it\/#\/schema\/person\/79bb06722b37ece1c03d3e94beb30d73"},"headline":"Catalogo mostra fotografica Donne &#038; Lavoro","datePublished":"2009-10-09T22:32:30+00:00","mainEntityOfPage":{"@id":"https:\/\/www.bellunopress.it\/2009\/10\/09\/catalogo-mostra-fotografica-donne-lavoro\/"},"wordCount":400,"publisher":{"@id":"https:\/\/www.bellunopress.it\/#organization"},"image":{"@id":"https:\/\/www.bellunopress.it\/2009\/10\/09\/catalogo-mostra-fotografica-donne-lavoro\/#primaryimage"},"thumbnailUrl":"http:\/\/www.bellunopress.it\/wp-content\/uploads\/2009\/10\/africa-donne-lavoro.jpg","keywords":["Belluno","Cadore","Dolomiti"],"articleSection":["Arte, Cultura, Spettacoli, Scienza","Pausa Caff\u00e8"],"inLanguage":"fr-FR"},{"@type":"WebPage","@id":"https:\/\/www.bellunopress.it\/2009\/10\/09\/catalogo-mostra-fotografica-donne-lavoro\/","url":"https:\/\/www.bellunopress.it\/2009\/10\/09\/catalogo-mostra-fotografica-donne-lavoro\/","name":"Catalogo mostra fotografica Donne & Lavoro - Bellunopress - Dolomiti","isPartOf":{"@id":"https:\/\/www.bellunopress.it\/#website"},"primaryImageOfPage":{"@id":"https:\/\/www.bellunopress.it\/2009\/10\/09\/catalogo-mostra-fotografica-donne-lavoro\/#primaryimage"},"image":{"@id":"https:\/\/www.bellunopress.it\/2009\/10\/09\/catalogo-mostra-fotografica-donne-lavoro\/#primaryimage"},"thumbnailUrl":"http:\/\/www.bellunopress.it\/wp-content\/uploads\/2009\/10\/africa-donne-lavoro.jpg","datePublished":"2009-10-09T22:32:30+00:00","breadcrumb":{"@id":"https:\/\/www.bellunopress.it\/2009\/10\/09\/catalogo-mostra-fotografica-donne-lavoro\/#breadcrumb"},"inLanguage":"fr-FR","potentialAction":[{"@type":"ReadAction","target":["https:\/\/www.bellunopress.it\/2009\/10\/09\/catalogo-mostra-fotografica-donne-lavoro\/"]}]},{"@type":"ImageObject","inLanguage":"fr-FR","@id":"https:\/\/www.bellunopress.it\/2009\/10\/09\/catalogo-mostra-fotografica-donne-lavoro\/#primaryimage","url":"http:\/\/www.bellunopress.it\/wp-content\/uploads\/2009\/10\/africa-donne-lavoro.jpg","contentUrl":"http:\/\/www.bellunopress.it\/wp-content\/uploads\/2009\/10\/africa-donne-lavoro.jpg"},{"@type":"BreadcrumbList","@id":"https:\/\/www.bellunopress.it\/2009\/10\/09\/catalogo-mostra-fotografica-donne-lavoro\/#breadcrumb","itemListElement":[{"@type":"ListItem","position":1,"name":"Home","item":"https:\/\/www.bellunopress.it\/"},{"@type":"ListItem","position":2,"name":"Catalogo mostra fotografica Donne &#038; Lavoro"}]},{"@type":"WebSite","@id":"https:\/\/www.bellunopress.it\/#website","url":"https:\/\/www.bellunopress.it\/","name":"Bellunopress - Dolomiti","description":"e-mail: redazione@bellunopress.it","publisher":{"@id":"https:\/\/www.bellunopress.it\/#organization"},"potentialAction":[{"@type":"SearchAction","target":{"@type":"EntryPoint","urlTemplate":"https:\/\/www.bellunopress.it\/?s={search_term_string}"},"query-input":{"@type":"PropertyValueSpecification","valueRequired":true,"valueName":"search_term_string"}}],"inLanguage":"fr-FR"},{"@type":"Organization","@id":"https:\/\/www.bellunopress.it\/#organization","name":"Bellunopress","url":"https:\/\/www.bellunopress.it\/","logo":{"@type":"ImageObject","inLanguage":"fr-FR","@id":"https:\/\/www.bellunopress.it\/#\/schema\/logo\/image\/","url":"https:\/\/www.bellunopress.it\/wp-content\/uploads\/2011\/05\/cropped-logo-bellunopress-.jpg","contentUrl":"https:\/\/www.bellunopress.it\/wp-content\/uploads\/2011\/05\/cropped-logo-bellunopress-.jpg","width":512,"height":512,"caption":"Bellunopress"},"image":{"@id":"https:\/\/www.bellunopress.it\/#\/schema\/logo\/image\/"},"sameAs":["https:\/\/www.facebook.com\/profile.php?id=100008943462799","https:\/\/x.com\/bellunopress","https:\/\/www.linkedin.com\/hp\/?dnr=JBzUWaJfMUw8vbXJJ2tVW5-I3jZKvC4wsoxE&amp;amp;amp;amp;amp;amp;trk=nav_responsive_tab_home","https:\/\/www.youtube.com\/channel\/UCxL0wu1uN0_3_7hGG0306cw"]},{"@type":"Person","@id":"https:\/\/www.bellunopress.it\/#\/schema\/person\/79bb06722b37ece1c03d3e94beb30d73","name":"r\u00e9daction","image":{"@type":"ImageObject","inLanguage":"fr-FR","@id":"https:\/\/secure.gravatar.com\/avatar\/37d968a2e67a6fd04c169c4bdef102d0bc5d31b2546345219e348575eb80e9a0?s=96&d=mm&r=g","url":"https:\/\/secure.gravatar.com\/avatar\/37d968a2e67a6fd04c169c4bdef102d0bc5d31b2546345219e348575eb80e9a0?s=96&d=mm&r=g","contentUrl":"https:\/\/secure.gravatar.com\/avatar\/37d968a2e67a6fd04c169c4bdef102d0bc5d31b2546345219e348575eb80e9a0?s=96&d=mm&r=g","caption":"redazione"},"sameAs":["http:\/\/www.bellunopress.it","https:\/\/x.com\/bellunopress"],"url":"https:\/\/www.bellunopress.it\/fr\/author\/redazione\/"}]}},"_links":{"self":[{"href":"https:\/\/www.bellunopress.it\/fr\/wp-json\/wp\/v2\/posts\/8800","targetHints":{"allow":["GET"]}}],"collection":[{"href":"https:\/\/www.bellunopress.it\/fr\/wp-json\/wp\/v2\/posts"}],"about":[{"href":"https:\/\/www.bellunopress.it\/fr\/wp-json\/wp\/v2\/types\/post"}],"author":[{"embeddable":true,"href":"https:\/\/www.bellunopress.it\/fr\/wp-json\/wp\/v2\/users\/2"}],"replies":[{"embeddable":true,"href":"https:\/\/www.bellunopress.it\/fr\/wp-json\/wp\/v2\/comments?post=8800"}],"version-history":[{"count":1,"href":"https:\/\/www.bellunopress.it\/fr\/wp-json\/wp\/v2\/posts\/8800\/revisions"}],"predecessor-version":[{"id":8802,"href":"https:\/\/www.bellunopress.it\/fr\/wp-json\/wp\/v2\/posts\/8800\/revisions\/8802"}],"wp:attachment":[{"href":"https:\/\/www.bellunopress.it\/fr\/wp-json\/wp\/v2\/media?parent=8800"}],"wp:term":[{"taxonomy":"category","embeddable":true,"href":"https:\/\/www.bellunopress.it\/fr\/wp-json\/wp\/v2\/categories?post=8800"},{"taxonomy":"post_tag","embeddable":true,"href":"https:\/\/www.bellunopress.it\/fr\/wp-json\/wp\/v2\/tags?post=8800"}],"curies":[{"name":"wp","href":"https:\/\/api.w.org\/{rel}","templated":true}]}}