{"id":8795,"date":"2009-10-09T23:15:27","date_gmt":"2009-10-09T22:15:27","guid":{"rendered":"http:\/\/www.bellunopress.it\/?p=8795"},"modified":"2009-10-09T23:15:27","modified_gmt":"2009-10-09T22:15:27","slug":"crisi-ideal-standard-causin-convoca-la-iii-commissione-regionale-lavoro","status":"publish","type":"post","link":"https:\/\/www.bellunopress.it\/fr\/2009\/10\/09\/crisi-ideal-standard-causin-convoca-la-iii-commissione-regionale-lavoro\/","title":{"rendered":"Crisi Ideal Standard: Causin convoca la III Commissione regionale lavoro"},"content":{"rendered":"<p><a href=\"http:\/\/www.bellunopress.it\/wp-content\/uploads\/2009\/10\/causin.jpg\"><img loading=\"lazy\" decoding=\"async\" class=\"alignleft size-medium wp-image-8796\" title=\"causin\" src=\"http:\/\/www.bellunopress.it\/wp-content\/uploads\/2009\/10\/causin.jpg\" alt=\"\" width=\"130\" height=\"130\" \/><\/a>\u201cGi\u00e0 domani chieder\u00f2 un\u2019audizione alla III Commissione consiliare regionale (Lavoro) di cui faccio parte a cui parteciperanno i lavoratori e i rappresentanti della propriet\u00e0 e assieme all\u2019europarlamentare Debora Serracchiani stiamo preparando una lettera congiunta da inviare ai vertici dell\u2019azienda per segnalare la gravit\u00e0 della situazione e trovare una soluzione per salvare i posti di lavoro\u201d. Cos\u00ec il consigliere regionale e candidato alla segreteria regionale del Pd per la mozione Franceschini, Andrea Causin, che ieri mattina (venerd\u00ec 9) a Trichiana, ha incontrato una delegazione dei lavoratori dell\u2019Ideal Standard. \u201cIo penso che le istituzioni debbano farsi carico di questa situazione con forza e decisione. Ci vuole un patto bipartisan che rilanci una strategia industriale per la provincia di Belluno. Non dimentichiamo che molte aziende locali hanno beneficiato della legge Vajont e proprio per questo l\u2019incidenza del manifatturiero qui \u00e8 pi\u00f9 alta. Societ\u00e0 che oggi delocalizzano all\u2019estero. Sono due le aree in cui la Regione dovrebbe investire: il Porto di Marghera e la provincia di Belluno creando le condizioni economiche favorevoli per nuovi insediamenti\u201d.\u00a0 Il consigliere regionale, nel corso della mattinata, ha visitato il nuovo Polo scolastico di Agordo. Nel pomeriggio, accompagnato dal senatore del Pd Maurizio Fistarol, ha incontrato gli organi di informazione al Centro Giovanni XXIII di Belluno dove ha parlato di green economy come uno dei filoni da seguire per affrontare la recessione. \u201cC\u2019\u00e8 la percezione che la crisi stia avendo in provincia di Belluno un impatto occupazionale molto pi\u00f9 forte che in altre realt\u00e0. A questo punto servono delle scelte. Belluno deve guidare la rivoluzione verde anche per le ricadute positive che questo tipo di economia offre in ambito turistico, ambientale e di qualit\u00e0 della vita, per i risvolti occupazionali oltre che di risparmio energetico. I margini di sviluppo sono notevoli e le istituzioni devono farsi carico di promuovere iniziative che vanno in questa direzione. Lo Stato, invece di puntare sulle centrali nucleari, dovrebbe dare degli incentivi alle imprese che investono in questo settore\u201d. Nel pomeriggio, Andrea Causin, ha preso parte alle manifestazioni commemorative per il 46\u00b0 anniversario della tragedia del Vajont.<\/p>","protected":false},"excerpt":{"rendered":"<p>\u201cGi\u00e0 domani chieder\u00f2 un\u2019audizione alla III Commissione consiliare regionale (Lavoro) di cui faccio parte a cui parteciperanno i lavoratori e i rappresentanti della propriet\u00e0 e assieme all\u2019europarlamentare Debora Serracchiani stiamo preparando una lettera congiunta da inviare ai vertici dell\u2019azienda per segnalare la gravit\u00e0 della situazione e trovare una soluzione per salvare i posti di lavoro\u201d. [&hellip;]<\/p>\n","protected":false},"author":2,"featured_media":0,"comment_status":"closed","ping_status":"open","sticky":false,"template":"","format":"standard","meta":{"footnotes":""},"categories":[5,26],"tags":[139],"class_list":["post-8795","post","type-post","status-publish","format-standard","category-cronaca","category-prima-pagina","tag-belluno"],"yoast_head":"<!-- This site is optimized with the Yoast SEO plugin v28.4 - https:\/\/yoast.com\/product\/yoast-seo-wordpress\/ -->\n<title>Crisi Ideal Standard: Causin convoca la III Commissione regionale lavoro - Bellunopress - Dolomiti<\/title>\n<meta name=\"robots\" content=\"index, follow, max-snippet:-1, max-image-preview:large, max-video-preview:-1\" \/>\n<link rel=\"canonical\" href=\"https:\/\/www.bellunopress.it\/fr\/2009\/10\/09\/crisi-ideal-standard-causin-convoca-la-iii-commissione-regionale-lavoro\/\" \/>\n<meta property=\"og:locale\" content=\"fr_FR\" \/>\n<meta property=\"og:type\" content=\"article\" \/>\n<meta property=\"og:title\" content=\"Crisi Ideal Standard: Causin convoca la III Commissione regionale lavoro - Bellunopress - Dolomiti\" \/>\n<meta property=\"og:description\" content=\"\u201cGi\u00e0 domani chieder\u00f2 un\u2019audizione alla III Commissione consiliare regionale (Lavoro) di cui faccio parte a cui parteciperanno i lavoratori e i rappresentanti della propriet\u00e0 e assieme all\u2019europarlamentare Debora Serracchiani stiamo preparando una lettera congiunta da inviare ai vertici dell\u2019azienda per segnalare la gravit\u00e0 della situazione e trovare una soluzione per salvare i posti di lavoro\u201d. [&hellip;]\" \/>\n<meta property=\"og:url\" content=\"https:\/\/www.bellunopress.it\/fr\/2009\/10\/09\/crisi-ideal-standard-causin-convoca-la-iii-commissione-regionale-lavoro\/\" \/>\n<meta property=\"og:site_name\" content=\"Bellunopress - Dolomiti\" \/>\n<meta property=\"article:publisher\" content=\"https:\/\/www.facebook.com\/profile.php?id=100008943462799\" \/>\n<meta property=\"article:published_time\" content=\"2009-10-09T22:15:27+00:00\" \/>\n<meta property=\"og:image\" content=\"http:\/\/www.bellunopress.it\/wp-content\/uploads\/2009\/10\/causin.jpg\" \/>\n<meta name=\"author\" content=\"redazione\" \/>\n<meta name=\"twitter:card\" content=\"summary_large_image\" \/>\n<meta name=\"twitter:creator\" content=\"@bellunopress\" \/>\n<meta name=\"twitter:site\" content=\"@bellunopress\" \/>\n<meta name=\"twitter:label1\" content=\"\u00c9crit par\" \/>\n\t<meta name=\"twitter:data1\" content=\"redazione\" \/>\n\t<meta name=\"twitter:label2\" content=\"Dur\u00e9e de lecture estim\u00e9e\" \/>\n\t<meta name=\"twitter:data2\" content=\"2 minutes\" \/>\n<script type=\"application\/ld+json\" class=\"yoast-schema-graph\">{\"@context\":\"https:\\\/\\\/schema.org\",\"@graph\":[{\"@type\":\"Article\",\"@id\":\"https:\\\/\\\/www.bellunopress.it\\\/2009\\\/10\\\/09\\\/crisi-ideal-standard-causin-convoca-la-iii-commissione-regionale-lavoro\\\/#article\",\"isPartOf\":{\"@id\":\"https:\\\/\\\/www.bellunopress.it\\\/2009\\\/10\\\/09\\\/crisi-ideal-standard-causin-convoca-la-iii-commissione-regionale-lavoro\\\/\"},\"author\":{\"name\":\"redazione\",\"@id\":\"https:\\\/\\\/www.bellunopress.it\\\/#\\\/schema\\\/person\\\/79bb06722b37ece1c03d3e94beb30d73\"},\"headline\":\"Crisi Ideal Standard: Causin convoca la III Commissione regionale lavoro\",\"datePublished\":\"2009-10-09T22:15:27+00:00\",\"mainEntityOfPage\":{\"@id\":\"https:\\\/\\\/www.bellunopress.it\\\/2009\\\/10\\\/09\\\/crisi-ideal-standard-causin-convoca-la-iii-commissione-regionale-lavoro\\\/\"},\"wordCount\":356,\"publisher\":{\"@id\":\"https:\\\/\\\/www.bellunopress.it\\\/#organization\"},\"image\":{\"@id\":\"https:\\\/\\\/www.bellunopress.it\\\/2009\\\/10\\\/09\\\/crisi-ideal-standard-causin-convoca-la-iii-commissione-regionale-lavoro\\\/#primaryimage\"},\"thumbnailUrl\":\"http:\\\/\\\/www.bellunopress.it\\\/wp-content\\\/uploads\\\/2009\\\/10\\\/causin.jpg\",\"keywords\":[\"Belluno\"],\"articleSection\":[\"Cronaca\\\/Politica\",\"Prima Pagina\"],\"inLanguage\":\"fr-FR\"},{\"@type\":\"WebPage\",\"@id\":\"https:\\\/\\\/www.bellunopress.it\\\/2009\\\/10\\\/09\\\/crisi-ideal-standard-causin-convoca-la-iii-commissione-regionale-lavoro\\\/\",\"url\":\"https:\\\/\\\/www.bellunopress.it\\\/2009\\\/10\\\/09\\\/crisi-ideal-standard-causin-convoca-la-iii-commissione-regionale-lavoro\\\/\",\"name\":\"Crisi Ideal Standard: Causin convoca la III Commissione regionale lavoro - Bellunopress - Dolomiti\",\"isPartOf\":{\"@id\":\"https:\\\/\\\/www.bellunopress.it\\\/#website\"},\"primaryImageOfPage\":{\"@id\":\"https:\\\/\\\/www.bellunopress.it\\\/2009\\\/10\\\/09\\\/crisi-ideal-standard-causin-convoca-la-iii-commissione-regionale-lavoro\\\/#primaryimage\"},\"image\":{\"@id\":\"https:\\\/\\\/www.bellunopress.it\\\/2009\\\/10\\\/09\\\/crisi-ideal-standard-causin-convoca-la-iii-commissione-regionale-lavoro\\\/#primaryimage\"},\"thumbnailUrl\":\"http:\\\/\\\/www.bellunopress.it\\\/wp-content\\\/uploads\\\/2009\\\/10\\\/causin.jpg\",\"datePublished\":\"2009-10-09T22:15:27+00:00\",\"breadcrumb\":{\"@id\":\"https:\\\/\\\/www.bellunopress.it\\\/2009\\\/10\\\/09\\\/crisi-ideal-standard-causin-convoca-la-iii-commissione-regionale-lavoro\\\/#breadcrumb\"},\"inLanguage\":\"fr-FR\",\"potentialAction\":[{\"@type\":\"ReadAction\",\"target\":[\"https:\\\/\\\/www.bellunopress.it\\\/2009\\\/10\\\/09\\\/crisi-ideal-standard-causin-convoca-la-iii-commissione-regionale-lavoro\\\/\"]}]},{\"@type\":\"ImageObject\",\"inLanguage\":\"fr-FR\",\"@id\":\"https:\\\/\\\/www.bellunopress.it\\\/2009\\\/10\\\/09\\\/crisi-ideal-standard-causin-convoca-la-iii-commissione-regionale-lavoro\\\/#primaryimage\",\"url\":\"http:\\\/\\\/www.bellunopress.it\\\/wp-content\\\/uploads\\\/2009\\\/10\\\/causin.jpg\",\"contentUrl\":\"http:\\\/\\\/www.bellunopress.it\\\/wp-content\\\/uploads\\\/2009\\\/10\\\/causin.jpg\"},{\"@type\":\"BreadcrumbList\",\"@id\":\"https:\\\/\\\/www.bellunopress.it\\\/2009\\\/10\\\/09\\\/crisi-ideal-standard-causin-convoca-la-iii-commissione-regionale-lavoro\\\/#breadcrumb\",\"itemListElement\":[{\"@type\":\"ListItem\",\"position\":1,\"name\":\"Home\",\"item\":\"https:\\\/\\\/www.bellunopress.it\\\/\"},{\"@type\":\"ListItem\",\"position\":2,\"name\":\"Crisi Ideal Standard: Causin convoca la III Commissione regionale lavoro\"}]},{\"@type\":\"WebSite\",\"@id\":\"https:\\\/\\\/www.bellunopress.it\\\/#website\",\"url\":\"https:\\\/\\\/www.bellunopress.it\\\/\",\"name\":\"Bellunopress - Dolomiti\",\"description\":\"e-mail: redazione@bellunopress.it\",\"publisher\":{\"@id\":\"https:\\\/\\\/www.bellunopress.it\\\/#organization\"},\"potentialAction\":[{\"@type\":\"SearchAction\",\"target\":{\"@type\":\"EntryPoint\",\"urlTemplate\":\"https:\\\/\\\/www.bellunopress.it\\\/?s={search_term_string}\"},\"query-input\":{\"@type\":\"PropertyValueSpecification\",\"valueRequired\":true,\"valueName\":\"search_term_string\"}}],\"inLanguage\":\"fr-FR\"},{\"@type\":\"Organization\",\"@id\":\"https:\\\/\\\/www.bellunopress.it\\\/#organization\",\"name\":\"Bellunopress\",\"url\":\"https:\\\/\\\/www.bellunopress.it\\\/\",\"logo\":{\"@type\":\"ImageObject\",\"inLanguage\":\"fr-FR\",\"@id\":\"https:\\\/\\\/www.bellunopress.it\\\/#\\\/schema\\\/logo\\\/image\\\/\",\"url\":\"https:\\\/\\\/www.bellunopress.it\\\/wp-content\\\/uploads\\\/2011\\\/05\\\/cropped-logo-bellunopress-.jpg\",\"contentUrl\":\"https:\\\/\\\/www.bellunopress.it\\\/wp-content\\\/uploads\\\/2011\\\/05\\\/cropped-logo-bellunopress-.jpg\",\"width\":512,\"height\":512,\"caption\":\"Bellunopress\"},\"image\":{\"@id\":\"https:\\\/\\\/www.bellunopress.it\\\/#\\\/schema\\\/logo\\\/image\\\/\"},\"sameAs\":[\"https:\\\/\\\/www.facebook.com\\\/profile.php?id=100008943462799\",\"https:\\\/\\\/x.com\\\/bellunopress\",\"https:\\\/\\\/www.linkedin.com\\\/hp\\\/?dnr=JBzUWaJfMUw8vbXJJ2tVW5-I3jZKvC4wsoxE&amp;amp;amp;amp;amp;amp;trk=nav_responsive_tab_home\",\"https:\\\/\\\/www.youtube.com\\\/channel\\\/UCxL0wu1uN0_3_7hGG0306cw\"]},{\"@type\":\"Person\",\"@id\":\"https:\\\/\\\/www.bellunopress.it\\\/#\\\/schema\\\/person\\\/79bb06722b37ece1c03d3e94beb30d73\",\"name\":\"redazione\",\"image\":{\"@type\":\"ImageObject\",\"inLanguage\":\"fr-FR\",\"@id\":\"https:\\\/\\\/secure.gravatar.com\\\/avatar\\\/37d968a2e67a6fd04c169c4bdef102d0bc5d31b2546345219e348575eb80e9a0?s=96&d=mm&r=g\",\"url\":\"https:\\\/\\\/secure.gravatar.com\\\/avatar\\\/37d968a2e67a6fd04c169c4bdef102d0bc5d31b2546345219e348575eb80e9a0?s=96&d=mm&r=g\",\"contentUrl\":\"https:\\\/\\\/secure.gravatar.com\\\/avatar\\\/37d968a2e67a6fd04c169c4bdef102d0bc5d31b2546345219e348575eb80e9a0?s=96&d=mm&r=g\",\"caption\":\"redazione\"},\"sameAs\":[\"http:\\\/\\\/www.bellunopress.it\",\"https:\\\/\\\/x.com\\\/bellunopress\"],\"url\":\"https:\\\/\\\/www.bellunopress.it\\\/fr\\\/author\\\/redazione\\\/\"}]}<\/script>\n<!-- \/ Yoast SEO plugin. -->","yoast_head_json":{"title":"Crisi Ideal Standard: Causin convoca la III Commissione regionale lavoro - Bellunopress - Dolomiti","robots":{"index":"index","follow":"follow","max-snippet":"max-snippet:-1","max-image-preview":"max-image-preview:large","max-video-preview":"max-video-preview:-1"},"canonical":"https:\/\/www.bellunopress.it\/fr\/2009\/10\/09\/crisi-ideal-standard-causin-convoca-la-iii-commissione-regionale-lavoro\/","og_locale":"fr_FR","og_type":"article","og_title":"Crisi Ideal Standard: Causin convoca la III Commissione regionale lavoro - Bellunopress - Dolomiti","og_description":"\u201cGi\u00e0 domani chieder\u00f2 un\u2019audizione alla III Commissione consiliare regionale (Lavoro) di cui faccio parte a cui parteciperanno i lavoratori e i rappresentanti della propriet\u00e0 e assieme all\u2019europarlamentare Debora Serracchiani stiamo preparando una lettera congiunta da inviare ai vertici dell\u2019azienda per segnalare la gravit\u00e0 della situazione e trovare una soluzione per salvare i posti di lavoro\u201d. [&hellip;]","og_url":"https:\/\/www.bellunopress.it\/fr\/2009\/10\/09\/crisi-ideal-standard-causin-convoca-la-iii-commissione-regionale-lavoro\/","og_site_name":"Bellunopress - Dolomiti","article_publisher":"https:\/\/www.facebook.com\/profile.php?id=100008943462799","article_published_time":"2009-10-09T22:15:27+00:00","og_image":[{"url":"http:\/\/www.bellunopress.it\/wp-content\/uploads\/2009\/10\/causin.jpg","type":"","width":"","height":""}],"author":"redazione","twitter_card":"summary_large_image","twitter_creator":"@bellunopress","twitter_site":"@bellunopress","twitter_misc":{"\u00c9crit par":"redazione","Dur\u00e9e de lecture estim\u00e9e":"2 minutes"},"schema":{"@context":"https:\/\/schema.org","@graph":[{"@type":"Article","@id":"https:\/\/www.bellunopress.it\/2009\/10\/09\/crisi-ideal-standard-causin-convoca-la-iii-commissione-regionale-lavoro\/#article","isPartOf":{"@id":"https:\/\/www.bellunopress.it\/2009\/10\/09\/crisi-ideal-standard-causin-convoca-la-iii-commissione-regionale-lavoro\/"},"author":{"name":"redazione","@id":"https:\/\/www.bellunopress.it\/#\/schema\/person\/79bb06722b37ece1c03d3e94beb30d73"},"headline":"Crisi Ideal Standard: Causin convoca la III Commissione regionale lavoro","datePublished":"2009-10-09T22:15:27+00:00","mainEntityOfPage":{"@id":"https:\/\/www.bellunopress.it\/2009\/10\/09\/crisi-ideal-standard-causin-convoca-la-iii-commissione-regionale-lavoro\/"},"wordCount":356,"publisher":{"@id":"https:\/\/www.bellunopress.it\/#organization"},"image":{"@id":"https:\/\/www.bellunopress.it\/2009\/10\/09\/crisi-ideal-standard-causin-convoca-la-iii-commissione-regionale-lavoro\/#primaryimage"},"thumbnailUrl":"http:\/\/www.bellunopress.it\/wp-content\/uploads\/2009\/10\/causin.jpg","keywords":["Belluno"],"articleSection":["Cronaca\/Politica","Prima Pagina"],"inLanguage":"fr-FR"},{"@type":"WebPage","@id":"https:\/\/www.bellunopress.it\/2009\/10\/09\/crisi-ideal-standard-causin-convoca-la-iii-commissione-regionale-lavoro\/","url":"https:\/\/www.bellunopress.it\/2009\/10\/09\/crisi-ideal-standard-causin-convoca-la-iii-commissione-regionale-lavoro\/","name":"Crisi Ideal Standard: Causin convoca la III Commissione regionale lavoro - Bellunopress - Dolomiti","isPartOf":{"@id":"https:\/\/www.bellunopress.it\/#website"},"primaryImageOfPage":{"@id":"https:\/\/www.bellunopress.it\/2009\/10\/09\/crisi-ideal-standard-causin-convoca-la-iii-commissione-regionale-lavoro\/#primaryimage"},"image":{"@id":"https:\/\/www.bellunopress.it\/2009\/10\/09\/crisi-ideal-standard-causin-convoca-la-iii-commissione-regionale-lavoro\/#primaryimage"},"thumbnailUrl":"http:\/\/www.bellunopress.it\/wp-content\/uploads\/2009\/10\/causin.jpg","datePublished":"2009-10-09T22:15:27+00:00","breadcrumb":{"@id":"https:\/\/www.bellunopress.it\/2009\/10\/09\/crisi-ideal-standard-causin-convoca-la-iii-commissione-regionale-lavoro\/#breadcrumb"},"inLanguage":"fr-FR","potentialAction":[{"@type":"ReadAction","target":["https:\/\/www.bellunopress.it\/2009\/10\/09\/crisi-ideal-standard-causin-convoca-la-iii-commissione-regionale-lavoro\/"]}]},{"@type":"ImageObject","inLanguage":"fr-FR","@id":"https:\/\/www.bellunopress.it\/2009\/10\/09\/crisi-ideal-standard-causin-convoca-la-iii-commissione-regionale-lavoro\/#primaryimage","url":"http:\/\/www.bellunopress.it\/wp-content\/uploads\/2009\/10\/causin.jpg","contentUrl":"http:\/\/www.bellunopress.it\/wp-content\/uploads\/2009\/10\/causin.jpg"},{"@type":"BreadcrumbList","@id":"https:\/\/www.bellunopress.it\/2009\/10\/09\/crisi-ideal-standard-causin-convoca-la-iii-commissione-regionale-lavoro\/#breadcrumb","itemListElement":[{"@type":"ListItem","position":1,"name":"Home","item":"https:\/\/www.bellunopress.it\/"},{"@type":"ListItem","position":2,"name":"Crisi Ideal Standard: Causin convoca la III Commissione regionale lavoro"}]},{"@type":"WebSite","@id":"https:\/\/www.bellunopress.it\/#website","url":"https:\/\/www.bellunopress.it\/","name":"Bellunopress - Dolomiti","description":"e-mail: redazione@bellunopress.it","publisher":{"@id":"https:\/\/www.bellunopress.it\/#organization"},"potentialAction":[{"@type":"SearchAction","target":{"@type":"EntryPoint","urlTemplate":"https:\/\/www.bellunopress.it\/?s={search_term_string}"},"query-input":{"@type":"PropertyValueSpecification","valueRequired":true,"valueName":"search_term_string"}}],"inLanguage":"fr-FR"},{"@type":"Organization","@id":"https:\/\/www.bellunopress.it\/#organization","name":"Bellunopress","url":"https:\/\/www.bellunopress.it\/","logo":{"@type":"ImageObject","inLanguage":"fr-FR","@id":"https:\/\/www.bellunopress.it\/#\/schema\/logo\/image\/","url":"https:\/\/www.bellunopress.it\/wp-content\/uploads\/2011\/05\/cropped-logo-bellunopress-.jpg","contentUrl":"https:\/\/www.bellunopress.it\/wp-content\/uploads\/2011\/05\/cropped-logo-bellunopress-.jpg","width":512,"height":512,"caption":"Bellunopress"},"image":{"@id":"https:\/\/www.bellunopress.it\/#\/schema\/logo\/image\/"},"sameAs":["https:\/\/www.facebook.com\/profile.php?id=100008943462799","https:\/\/x.com\/bellunopress","https:\/\/www.linkedin.com\/hp\/?dnr=JBzUWaJfMUw8vbXJJ2tVW5-I3jZKvC4wsoxE&amp;amp;amp;amp;amp;amp;trk=nav_responsive_tab_home","https:\/\/www.youtube.com\/channel\/UCxL0wu1uN0_3_7hGG0306cw"]},{"@type":"Person","@id":"https:\/\/www.bellunopress.it\/#\/schema\/person\/79bb06722b37ece1c03d3e94beb30d73","name":"r\u00e9daction","image":{"@type":"ImageObject","inLanguage":"fr-FR","@id":"https:\/\/secure.gravatar.com\/avatar\/37d968a2e67a6fd04c169c4bdef102d0bc5d31b2546345219e348575eb80e9a0?s=96&d=mm&r=g","url":"https:\/\/secure.gravatar.com\/avatar\/37d968a2e67a6fd04c169c4bdef102d0bc5d31b2546345219e348575eb80e9a0?s=96&d=mm&r=g","contentUrl":"https:\/\/secure.gravatar.com\/avatar\/37d968a2e67a6fd04c169c4bdef102d0bc5d31b2546345219e348575eb80e9a0?s=96&d=mm&r=g","caption":"redazione"},"sameAs":["http:\/\/www.bellunopress.it","https:\/\/x.com\/bellunopress"],"url":"https:\/\/www.bellunopress.it\/fr\/author\/redazione\/"}]}},"_links":{"self":[{"href":"https:\/\/www.bellunopress.it\/fr\/wp-json\/wp\/v2\/posts\/8795","targetHints":{"allow":["GET"]}}],"collection":[{"href":"https:\/\/www.bellunopress.it\/fr\/wp-json\/wp\/v2\/posts"}],"about":[{"href":"https:\/\/www.bellunopress.it\/fr\/wp-json\/wp\/v2\/types\/post"}],"author":[{"embeddable":true,"href":"https:\/\/www.bellunopress.it\/fr\/wp-json\/wp\/v2\/users\/2"}],"replies":[{"embeddable":true,"href":"https:\/\/www.bellunopress.it\/fr\/wp-json\/wp\/v2\/comments?post=8795"}],"version-history":[{"count":1,"href":"https:\/\/www.bellunopress.it\/fr\/wp-json\/wp\/v2\/posts\/8795\/revisions"}],"predecessor-version":[{"id":8797,"href":"https:\/\/www.bellunopress.it\/fr\/wp-json\/wp\/v2\/posts\/8795\/revisions\/8797"}],"wp:attachment":[{"href":"https:\/\/www.bellunopress.it\/fr\/wp-json\/wp\/v2\/media?parent=8795"}],"wp:term":[{"taxonomy":"category","embeddable":true,"href":"https:\/\/www.bellunopress.it\/fr\/wp-json\/wp\/v2\/categories?post=8795"},{"taxonomy":"post_tag","embeddable":true,"href":"https:\/\/www.bellunopress.it\/fr\/wp-json\/wp\/v2\/tags?post=8795"}],"curies":[{"name":"wp","href":"https:\/\/api.w.org\/{rel}","templated":true}]}}