{"id":8790,"date":"2009-10-09T17:43:53","date_gmt":"2009-10-09T16:43:53","guid":{"rendered":"http:\/\/www.bellunopress.it\/?p=8790"},"modified":"2009-10-09T17:44:36","modified_gmt":"2009-10-09T16:44:36","slug":"non-sulla-nostra-pelle-gli-studenti-in-piazza-contro-i-tagli-delle-gelmini-alla-scuola","status":"publish","type":"post","link":"https:\/\/www.bellunopress.it\/fr\/2009\/10\/09\/non-sulla-nostra-pelle-gli-studenti-in-piazza-contro-i-tagli-delle-gelmini-alla-scuola\/","title":{"rendered":"Non sulla nostra pelle! Gli studenti in piazza contro i tagli delle Gelmini alla Scuola"},"content":{"rendered":"<p>Mobilitazione studentesca con corteo dalla Stazione a piazza Duomo questa <a href=\"http:\/\/www.bellunopress.it\/wp-content\/uploads\/2009\/10\/studenti-in-piazza.jpg\"><img loading=\"lazy\" decoding=\"async\" class=\"alignleft size-medium wp-image-8792\" title=\"studenti-in-piazza\" src=\"http:\/\/www.bellunopress.it\/wp-content\/uploads\/2009\/10\/studenti-in-piazza.jpg\" alt=\"\" width=\"290\" height=\"217\" \/><\/a>mattina (venerd\u00ec 9) a Belluno. La manifestazione, proclamata a livello nazionale, \u00e8 stata organizzata localmente dalla \u201cRete degli studenti medi Belluno\u201d (anche su Facebook e al sito <a href=\"http:\/\/www.retedeglistudenti.it\">www.retedeglistudenti.it<\/a>). Piuttosto contenuta, per la verit\u00e0, la partecipazione, al corteo c&#8217;erano 2-300 studenti\u00a0 provenienti dalla Istituti superiori della citt\u00e0, che poi si sono dispersi lasciando una cinquantina di attivisti in piazza Duomo davanti alla Prefettura. Varie le ragioni della protesta \u201csiamo studenti che vivono in una scuola peggiorata e indebolita dai tagli dell&#8217;anno scorso. La nostra \u00e8 una scuola pi\u00f9 insicura e precaria. Una scuola che ci d\u00e0 sempre meno senza opportunit\u00e0 per il futuro\u201d recita il volantino. E ancora \u201cUna scuola di qualit\u00e0: senza gli euri non si fa\u201d, alludendo ai tagli apportati negli ultimi anni. \u201cLa Gelmini dice di volere pi\u00f9 qualit\u00e0, pi\u00f9 diritto allo studio, e insegnanti e studenti pi\u00f9 preparati\u201d dicono gli studenti \u201cper\u00f2 i soldi per fare tutto questo non ci sono. Le scuole sono sempre pi\u00f9 insicure e le lezioni sempre uguali e improduttive. Ci paghiamo i libri, i corsi di recupero, le gite, le attivit\u00e0 integrative e ilo ministro Gelmini propone di ridurre ancora le ore in tutte le scuole secondarie, di aumentare gli alunni per classe e di ridurre del 30% inglese e laboratori negli istituti tecnici e di cancellare gli istituti professionali\u201d.<\/p>","protected":false},"excerpt":{"rendered":"<p>Mobilitazione studentesca con corteo dalla Stazione a piazza Duomo questa mattina (venerd\u00ec 9) a Belluno. La manifestazione, proclamata a livello nazionale, \u00e8 stata organizzata localmente dalla \u201cRete degli studenti medi Belluno\u201d (anche su Facebook e al sito www.retedeglistudenti.it). Piuttosto contenuta, per la verit\u00e0, la partecipazione, al corteo c&#8217;erano 2-300 studenti\u00a0 provenienti dalla Istituti superiori della [&hellip;]<\/p>\n","protected":false},"author":2,"featured_media":0,"comment_status":"closed","ping_status":"open","sticky":false,"template":"","format":"standard","meta":{"footnotes":""},"categories":[5,15],"tags":[139],"class_list":["post-8790","post","type-post","status-publish","format-standard","category-cronaca","category-scuola","tag-belluno"],"yoast_head":"<!-- This site is optimized with the Yoast SEO plugin v28.4 - https:\/\/yoast.com\/product\/yoast-seo-wordpress\/ -->\n<title>Non sulla nostra pelle! Gli studenti in piazza contro i tagli delle Gelmini alla Scuola - Bellunopress - Dolomiti<\/title>\n<meta name=\"robots\" content=\"index, follow, max-snippet:-1, max-image-preview:large, max-video-preview:-1\" \/>\n<link rel=\"canonical\" href=\"https:\/\/www.bellunopress.it\/fr\/2009\/10\/09\/non-sulla-nostra-pelle-gli-studenti-in-piazza-contro-i-tagli-delle-gelmini-alla-scuola\/\" \/>\n<meta property=\"og:locale\" content=\"fr_FR\" \/>\n<meta property=\"og:type\" content=\"article\" \/>\n<meta property=\"og:title\" content=\"Non sulla nostra pelle! Gli studenti in piazza contro i tagli delle Gelmini alla Scuola - Bellunopress - Dolomiti\" \/>\n<meta property=\"og:description\" content=\"Mobilitazione studentesca con corteo dalla Stazione a piazza Duomo questa mattina (venerd\u00ec 9) a Belluno. La manifestazione, proclamata a livello nazionale, \u00e8 stata organizzata localmente dalla \u201cRete degli studenti medi Belluno\u201d (anche su Facebook e al sito www.retedeglistudenti.it). Piuttosto contenuta, per la verit\u00e0, la partecipazione, al corteo c&#8217;erano 2-300 studenti\u00a0 provenienti dalla Istituti superiori della [&hellip;]\" \/>\n<meta property=\"og:url\" content=\"https:\/\/www.bellunopress.it\/fr\/2009\/10\/09\/non-sulla-nostra-pelle-gli-studenti-in-piazza-contro-i-tagli-delle-gelmini-alla-scuola\/\" \/>\n<meta property=\"og:site_name\" content=\"Bellunopress - Dolomiti\" \/>\n<meta property=\"article:publisher\" content=\"https:\/\/www.facebook.com\/profile.php?id=100008943462799\" \/>\n<meta property=\"article:published_time\" content=\"2009-10-09T16:43:53+00:00\" \/>\n<meta property=\"article:modified_time\" content=\"2009-10-09T16:44:36+00:00\" \/>\n<meta property=\"og:image\" content=\"http:\/\/www.bellunopress.it\/wp-content\/uploads\/2009\/10\/studenti-in-piazza.jpg\" \/>\n<meta name=\"author\" content=\"redazione\" \/>\n<meta name=\"twitter:card\" content=\"summary_large_image\" \/>\n<meta name=\"twitter:creator\" content=\"@bellunopress\" \/>\n<meta name=\"twitter:site\" content=\"@bellunopress\" \/>\n<meta name=\"twitter:label1\" content=\"\u00c9crit par\" \/>\n\t<meta name=\"twitter:data1\" content=\"redazione\" \/>\n\t<meta name=\"twitter:label2\" content=\"Dur\u00e9e de lecture estim\u00e9e\" \/>\n\t<meta name=\"twitter:data2\" content=\"1 minute\" \/>\n<script type=\"application\/ld+json\" class=\"yoast-schema-graph\">{\"@context\":\"https:\\\/\\\/schema.org\",\"@graph\":[{\"@type\":\"Article\",\"@id\":\"https:\\\/\\\/www.bellunopress.it\\\/2009\\\/10\\\/09\\\/non-sulla-nostra-pelle-gli-studenti-in-piazza-contro-i-tagli-delle-gelmini-alla-scuola\\\/#article\",\"isPartOf\":{\"@id\":\"https:\\\/\\\/www.bellunopress.it\\\/2009\\\/10\\\/09\\\/non-sulla-nostra-pelle-gli-studenti-in-piazza-contro-i-tagli-delle-gelmini-alla-scuola\\\/\"},\"author\":{\"name\":\"redazione\",\"@id\":\"https:\\\/\\\/www.bellunopress.it\\\/#\\\/schema\\\/person\\\/79bb06722b37ece1c03d3e94beb30d73\"},\"headline\":\"Non sulla nostra pelle! Gli studenti in piazza contro i tagli delle Gelmini alla Scuola\",\"datePublished\":\"2009-10-09T16:43:53+00:00\",\"dateModified\":\"2009-10-09T16:44:36+00:00\",\"mainEntityOfPage\":{\"@id\":\"https:\\\/\\\/www.bellunopress.it\\\/2009\\\/10\\\/09\\\/non-sulla-nostra-pelle-gli-studenti-in-piazza-contro-i-tagli-delle-gelmini-alla-scuola\\\/\"},\"wordCount\":243,\"publisher\":{\"@id\":\"https:\\\/\\\/www.bellunopress.it\\\/#organization\"},\"image\":{\"@id\":\"https:\\\/\\\/www.bellunopress.it\\\/2009\\\/10\\\/09\\\/non-sulla-nostra-pelle-gli-studenti-in-piazza-contro-i-tagli-delle-gelmini-alla-scuola\\\/#primaryimage\"},\"thumbnailUrl\":\"http:\\\/\\\/www.bellunopress.it\\\/wp-content\\\/uploads\\\/2009\\\/10\\\/studenti-in-piazza.jpg\",\"keywords\":[\"Belluno\"],\"articleSection\":[\"Cronaca\\\/Politica\",\"Scuola\"],\"inLanguage\":\"fr-FR\"},{\"@type\":\"WebPage\",\"@id\":\"https:\\\/\\\/www.bellunopress.it\\\/2009\\\/10\\\/09\\\/non-sulla-nostra-pelle-gli-studenti-in-piazza-contro-i-tagli-delle-gelmini-alla-scuola\\\/\",\"url\":\"https:\\\/\\\/www.bellunopress.it\\\/2009\\\/10\\\/09\\\/non-sulla-nostra-pelle-gli-studenti-in-piazza-contro-i-tagli-delle-gelmini-alla-scuola\\\/\",\"name\":\"Non sulla nostra pelle! Gli studenti in piazza contro i tagli delle Gelmini alla Scuola - Bellunopress - Dolomiti\",\"isPartOf\":{\"@id\":\"https:\\\/\\\/www.bellunopress.it\\\/#website\"},\"primaryImageOfPage\":{\"@id\":\"https:\\\/\\\/www.bellunopress.it\\\/2009\\\/10\\\/09\\\/non-sulla-nostra-pelle-gli-studenti-in-piazza-contro-i-tagli-delle-gelmini-alla-scuola\\\/#primaryimage\"},\"image\":{\"@id\":\"https:\\\/\\\/www.bellunopress.it\\\/2009\\\/10\\\/09\\\/non-sulla-nostra-pelle-gli-studenti-in-piazza-contro-i-tagli-delle-gelmini-alla-scuola\\\/#primaryimage\"},\"thumbnailUrl\":\"http:\\\/\\\/www.bellunopress.it\\\/wp-content\\\/uploads\\\/2009\\\/10\\\/studenti-in-piazza.jpg\",\"datePublished\":\"2009-10-09T16:43:53+00:00\",\"dateModified\":\"2009-10-09T16:44:36+00:00\",\"breadcrumb\":{\"@id\":\"https:\\\/\\\/www.bellunopress.it\\\/2009\\\/10\\\/09\\\/non-sulla-nostra-pelle-gli-studenti-in-piazza-contro-i-tagli-delle-gelmini-alla-scuola\\\/#breadcrumb\"},\"inLanguage\":\"fr-FR\",\"potentialAction\":[{\"@type\":\"ReadAction\",\"target\":[\"https:\\\/\\\/www.bellunopress.it\\\/2009\\\/10\\\/09\\\/non-sulla-nostra-pelle-gli-studenti-in-piazza-contro-i-tagli-delle-gelmini-alla-scuola\\\/\"]}]},{\"@type\":\"ImageObject\",\"inLanguage\":\"fr-FR\",\"@id\":\"https:\\\/\\\/www.bellunopress.it\\\/2009\\\/10\\\/09\\\/non-sulla-nostra-pelle-gli-studenti-in-piazza-contro-i-tagli-delle-gelmini-alla-scuola\\\/#primaryimage\",\"url\":\"http:\\\/\\\/www.bellunopress.it\\\/wp-content\\\/uploads\\\/2009\\\/10\\\/studenti-in-piazza.jpg\",\"contentUrl\":\"http:\\\/\\\/www.bellunopress.it\\\/wp-content\\\/uploads\\\/2009\\\/10\\\/studenti-in-piazza.jpg\"},{\"@type\":\"BreadcrumbList\",\"@id\":\"https:\\\/\\\/www.bellunopress.it\\\/2009\\\/10\\\/09\\\/non-sulla-nostra-pelle-gli-studenti-in-piazza-contro-i-tagli-delle-gelmini-alla-scuola\\\/#breadcrumb\",\"itemListElement\":[{\"@type\":\"ListItem\",\"position\":1,\"name\":\"Home\",\"item\":\"https:\\\/\\\/www.bellunopress.it\\\/\"},{\"@type\":\"ListItem\",\"position\":2,\"name\":\"Non sulla nostra pelle! Gli studenti in piazza contro i tagli delle Gelmini alla Scuola\"}]},{\"@type\":\"WebSite\",\"@id\":\"https:\\\/\\\/www.bellunopress.it\\\/#website\",\"url\":\"https:\\\/\\\/www.bellunopress.it\\\/\",\"name\":\"Bellunopress - Dolomiti\",\"description\":\"e-mail: redazione@bellunopress.it\",\"publisher\":{\"@id\":\"https:\\\/\\\/www.bellunopress.it\\\/#organization\"},\"potentialAction\":[{\"@type\":\"SearchAction\",\"target\":{\"@type\":\"EntryPoint\",\"urlTemplate\":\"https:\\\/\\\/www.bellunopress.it\\\/?s={search_term_string}\"},\"query-input\":{\"@type\":\"PropertyValueSpecification\",\"valueRequired\":true,\"valueName\":\"search_term_string\"}}],\"inLanguage\":\"fr-FR\"},{\"@type\":\"Organization\",\"@id\":\"https:\\\/\\\/www.bellunopress.it\\\/#organization\",\"name\":\"Bellunopress\",\"url\":\"https:\\\/\\\/www.bellunopress.it\\\/\",\"logo\":{\"@type\":\"ImageObject\",\"inLanguage\":\"fr-FR\",\"@id\":\"https:\\\/\\\/www.bellunopress.it\\\/#\\\/schema\\\/logo\\\/image\\\/\",\"url\":\"https:\\\/\\\/www.bellunopress.it\\\/wp-content\\\/uploads\\\/2011\\\/05\\\/cropped-logo-bellunopress-.jpg\",\"contentUrl\":\"https:\\\/\\\/www.bellunopress.it\\\/wp-content\\\/uploads\\\/2011\\\/05\\\/cropped-logo-bellunopress-.jpg\",\"width\":512,\"height\":512,\"caption\":\"Bellunopress\"},\"image\":{\"@id\":\"https:\\\/\\\/www.bellunopress.it\\\/#\\\/schema\\\/logo\\\/image\\\/\"},\"sameAs\":[\"https:\\\/\\\/www.facebook.com\\\/profile.php?id=100008943462799\",\"https:\\\/\\\/x.com\\\/bellunopress\",\"https:\\\/\\\/www.linkedin.com\\\/hp\\\/?dnr=JBzUWaJfMUw8vbXJJ2tVW5-I3jZKvC4wsoxE&amp;amp;amp;amp;amp;amp;trk=nav_responsive_tab_home\",\"https:\\\/\\\/www.youtube.com\\\/channel\\\/UCxL0wu1uN0_3_7hGG0306cw\"]},{\"@type\":\"Person\",\"@id\":\"https:\\\/\\\/www.bellunopress.it\\\/#\\\/schema\\\/person\\\/79bb06722b37ece1c03d3e94beb30d73\",\"name\":\"redazione\",\"image\":{\"@type\":\"ImageObject\",\"inLanguage\":\"fr-FR\",\"@id\":\"https:\\\/\\\/secure.gravatar.com\\\/avatar\\\/37d968a2e67a6fd04c169c4bdef102d0bc5d31b2546345219e348575eb80e9a0?s=96&d=mm&r=g\",\"url\":\"https:\\\/\\\/secure.gravatar.com\\\/avatar\\\/37d968a2e67a6fd04c169c4bdef102d0bc5d31b2546345219e348575eb80e9a0?s=96&d=mm&r=g\",\"contentUrl\":\"https:\\\/\\\/secure.gravatar.com\\\/avatar\\\/37d968a2e67a6fd04c169c4bdef102d0bc5d31b2546345219e348575eb80e9a0?s=96&d=mm&r=g\",\"caption\":\"redazione\"},\"sameAs\":[\"http:\\\/\\\/www.bellunopress.it\",\"https:\\\/\\\/x.com\\\/bellunopress\"],\"url\":\"https:\\\/\\\/www.bellunopress.it\\\/fr\\\/author\\\/redazione\\\/\"}]}<\/script>\n<!-- \/ Yoast SEO plugin. -->","yoast_head_json":{"title":"Non sulla nostra pelle! Gli studenti in piazza contro i tagli delle Gelmini alla Scuola - Bellunopress - Dolomiti","robots":{"index":"index","follow":"follow","max-snippet":"max-snippet:-1","max-image-preview":"max-image-preview:large","max-video-preview":"max-video-preview:-1"},"canonical":"https:\/\/www.bellunopress.it\/fr\/2009\/10\/09\/non-sulla-nostra-pelle-gli-studenti-in-piazza-contro-i-tagli-delle-gelmini-alla-scuola\/","og_locale":"fr_FR","og_type":"article","og_title":"Non sulla nostra pelle! Gli studenti in piazza contro i tagli delle Gelmini alla Scuola - Bellunopress - Dolomiti","og_description":"Mobilitazione studentesca con corteo dalla Stazione a piazza Duomo questa mattina (venerd\u00ec 9) a Belluno. La manifestazione, proclamata a livello nazionale, \u00e8 stata organizzata localmente dalla \u201cRete degli studenti medi Belluno\u201d (anche su Facebook e al sito www.retedeglistudenti.it). Piuttosto contenuta, per la verit\u00e0, la partecipazione, al corteo c&#8217;erano 2-300 studenti\u00a0 provenienti dalla Istituti superiori della [&hellip;]","og_url":"https:\/\/www.bellunopress.it\/fr\/2009\/10\/09\/non-sulla-nostra-pelle-gli-studenti-in-piazza-contro-i-tagli-delle-gelmini-alla-scuola\/","og_site_name":"Bellunopress - Dolomiti","article_publisher":"https:\/\/www.facebook.com\/profile.php?id=100008943462799","article_published_time":"2009-10-09T16:43:53+00:00","article_modified_time":"2009-10-09T16:44:36+00:00","og_image":[{"url":"http:\/\/www.bellunopress.it\/wp-content\/uploads\/2009\/10\/studenti-in-piazza.jpg","type":"","width":"","height":""}],"author":"redazione","twitter_card":"summary_large_image","twitter_creator":"@bellunopress","twitter_site":"@bellunopress","twitter_misc":{"\u00c9crit par":"redazione","Dur\u00e9e de lecture estim\u00e9e":"1 minute"},"schema":{"@context":"https:\/\/schema.org","@graph":[{"@type":"Article","@id":"https:\/\/www.bellunopress.it\/2009\/10\/09\/non-sulla-nostra-pelle-gli-studenti-in-piazza-contro-i-tagli-delle-gelmini-alla-scuola\/#article","isPartOf":{"@id":"https:\/\/www.bellunopress.it\/2009\/10\/09\/non-sulla-nostra-pelle-gli-studenti-in-piazza-contro-i-tagli-delle-gelmini-alla-scuola\/"},"author":{"name":"redazione","@id":"https:\/\/www.bellunopress.it\/#\/schema\/person\/79bb06722b37ece1c03d3e94beb30d73"},"headline":"Non sulla nostra pelle! Gli studenti in piazza contro i tagli delle Gelmini alla Scuola","datePublished":"2009-10-09T16:43:53+00:00","dateModified":"2009-10-09T16:44:36+00:00","mainEntityOfPage":{"@id":"https:\/\/www.bellunopress.it\/2009\/10\/09\/non-sulla-nostra-pelle-gli-studenti-in-piazza-contro-i-tagli-delle-gelmini-alla-scuola\/"},"wordCount":243,"publisher":{"@id":"https:\/\/www.bellunopress.it\/#organization"},"image":{"@id":"https:\/\/www.bellunopress.it\/2009\/10\/09\/non-sulla-nostra-pelle-gli-studenti-in-piazza-contro-i-tagli-delle-gelmini-alla-scuola\/#primaryimage"},"thumbnailUrl":"http:\/\/www.bellunopress.it\/wp-content\/uploads\/2009\/10\/studenti-in-piazza.jpg","keywords":["Belluno"],"articleSection":["Cronaca\/Politica","Scuola"],"inLanguage":"fr-FR"},{"@type":"WebPage","@id":"https:\/\/www.bellunopress.it\/2009\/10\/09\/non-sulla-nostra-pelle-gli-studenti-in-piazza-contro-i-tagli-delle-gelmini-alla-scuola\/","url":"https:\/\/www.bellunopress.it\/2009\/10\/09\/non-sulla-nostra-pelle-gli-studenti-in-piazza-contro-i-tagli-delle-gelmini-alla-scuola\/","name":"Non sulla nostra pelle! Gli studenti in piazza contro i tagli delle Gelmini alla Scuola - Bellunopress - Dolomiti","isPartOf":{"@id":"https:\/\/www.bellunopress.it\/#website"},"primaryImageOfPage":{"@id":"https:\/\/www.bellunopress.it\/2009\/10\/09\/non-sulla-nostra-pelle-gli-studenti-in-piazza-contro-i-tagli-delle-gelmini-alla-scuola\/#primaryimage"},"image":{"@id":"https:\/\/www.bellunopress.it\/2009\/10\/09\/non-sulla-nostra-pelle-gli-studenti-in-piazza-contro-i-tagli-delle-gelmini-alla-scuola\/#primaryimage"},"thumbnailUrl":"http:\/\/www.bellunopress.it\/wp-content\/uploads\/2009\/10\/studenti-in-piazza.jpg","datePublished":"2009-10-09T16:43:53+00:00","dateModified":"2009-10-09T16:44:36+00:00","breadcrumb":{"@id":"https:\/\/www.bellunopress.it\/2009\/10\/09\/non-sulla-nostra-pelle-gli-studenti-in-piazza-contro-i-tagli-delle-gelmini-alla-scuola\/#breadcrumb"},"inLanguage":"fr-FR","potentialAction":[{"@type":"ReadAction","target":["https:\/\/www.bellunopress.it\/2009\/10\/09\/non-sulla-nostra-pelle-gli-studenti-in-piazza-contro-i-tagli-delle-gelmini-alla-scuola\/"]}]},{"@type":"ImageObject","inLanguage":"fr-FR","@id":"https:\/\/www.bellunopress.it\/2009\/10\/09\/non-sulla-nostra-pelle-gli-studenti-in-piazza-contro-i-tagli-delle-gelmini-alla-scuola\/#primaryimage","url":"http:\/\/www.bellunopress.it\/wp-content\/uploads\/2009\/10\/studenti-in-piazza.jpg","contentUrl":"http:\/\/www.bellunopress.it\/wp-content\/uploads\/2009\/10\/studenti-in-piazza.jpg"},{"@type":"BreadcrumbList","@id":"https:\/\/www.bellunopress.it\/2009\/10\/09\/non-sulla-nostra-pelle-gli-studenti-in-piazza-contro-i-tagli-delle-gelmini-alla-scuola\/#breadcrumb","itemListElement":[{"@type":"ListItem","position":1,"name":"Home","item":"https:\/\/www.bellunopress.it\/"},{"@type":"ListItem","position":2,"name":"Non sulla nostra pelle! Gli studenti in piazza contro i tagli delle Gelmini alla Scuola"}]},{"@type":"WebSite","@id":"https:\/\/www.bellunopress.it\/#website","url":"https:\/\/www.bellunopress.it\/","name":"Bellunopress - Dolomiti","description":"e-mail: redazione@bellunopress.it","publisher":{"@id":"https:\/\/www.bellunopress.it\/#organization"},"potentialAction":[{"@type":"SearchAction","target":{"@type":"EntryPoint","urlTemplate":"https:\/\/www.bellunopress.it\/?s={search_term_string}"},"query-input":{"@type":"PropertyValueSpecification","valueRequired":true,"valueName":"search_term_string"}}],"inLanguage":"fr-FR"},{"@type":"Organization","@id":"https:\/\/www.bellunopress.it\/#organization","name":"Bellunopress","url":"https:\/\/www.bellunopress.it\/","logo":{"@type":"ImageObject","inLanguage":"fr-FR","@id":"https:\/\/www.bellunopress.it\/#\/schema\/logo\/image\/","url":"https:\/\/www.bellunopress.it\/wp-content\/uploads\/2011\/05\/cropped-logo-bellunopress-.jpg","contentUrl":"https:\/\/www.bellunopress.it\/wp-content\/uploads\/2011\/05\/cropped-logo-bellunopress-.jpg","width":512,"height":512,"caption":"Bellunopress"},"image":{"@id":"https:\/\/www.bellunopress.it\/#\/schema\/logo\/image\/"},"sameAs":["https:\/\/www.facebook.com\/profile.php?id=100008943462799","https:\/\/x.com\/bellunopress","https:\/\/www.linkedin.com\/hp\/?dnr=JBzUWaJfMUw8vbXJJ2tVW5-I3jZKvC4wsoxE&amp;amp;amp;amp;amp;amp;trk=nav_responsive_tab_home","https:\/\/www.youtube.com\/channel\/UCxL0wu1uN0_3_7hGG0306cw"]},{"@type":"Person","@id":"https:\/\/www.bellunopress.it\/#\/schema\/person\/79bb06722b37ece1c03d3e94beb30d73","name":"r\u00e9daction","image":{"@type":"ImageObject","inLanguage":"fr-FR","@id":"https:\/\/secure.gravatar.com\/avatar\/37d968a2e67a6fd04c169c4bdef102d0bc5d31b2546345219e348575eb80e9a0?s=96&d=mm&r=g","url":"https:\/\/secure.gravatar.com\/avatar\/37d968a2e67a6fd04c169c4bdef102d0bc5d31b2546345219e348575eb80e9a0?s=96&d=mm&r=g","contentUrl":"https:\/\/secure.gravatar.com\/avatar\/37d968a2e67a6fd04c169c4bdef102d0bc5d31b2546345219e348575eb80e9a0?s=96&d=mm&r=g","caption":"redazione"},"sameAs":["http:\/\/www.bellunopress.it","https:\/\/x.com\/bellunopress"],"url":"https:\/\/www.bellunopress.it\/fr\/author\/redazione\/"}]}},"_links":{"self":[{"href":"https:\/\/www.bellunopress.it\/fr\/wp-json\/wp\/v2\/posts\/8790","targetHints":{"allow":["GET"]}}],"collection":[{"href":"https:\/\/www.bellunopress.it\/fr\/wp-json\/wp\/v2\/posts"}],"about":[{"href":"https:\/\/www.bellunopress.it\/fr\/wp-json\/wp\/v2\/types\/post"}],"author":[{"embeddable":true,"href":"https:\/\/www.bellunopress.it\/fr\/wp-json\/wp\/v2\/users\/2"}],"replies":[{"embeddable":true,"href":"https:\/\/www.bellunopress.it\/fr\/wp-json\/wp\/v2\/comments?post=8790"}],"version-history":[{"count":2,"href":"https:\/\/www.bellunopress.it\/fr\/wp-json\/wp\/v2\/posts\/8790\/revisions"}],"predecessor-version":[{"id":8794,"href":"https:\/\/www.bellunopress.it\/fr\/wp-json\/wp\/v2\/posts\/8790\/revisions\/8794"}],"wp:attachment":[{"href":"https:\/\/www.bellunopress.it\/fr\/wp-json\/wp\/v2\/media?parent=8790"}],"wp:term":[{"taxonomy":"category","embeddable":true,"href":"https:\/\/www.bellunopress.it\/fr\/wp-json\/wp\/v2\/categories?post=8790"},{"taxonomy":"post_tag","embeddable":true,"href":"https:\/\/www.bellunopress.it\/fr\/wp-json\/wp\/v2\/tags?post=8790"}],"curies":[{"name":"wp","href":"https:\/\/api.w.org\/{rel}","templated":true}]}}