{"id":87828,"date":"2017-07-19T15:37:25","date_gmt":"2017-07-19T13:37:25","guid":{"rendered":"http:\/\/www.bellunopress.it\/?p=87828"},"modified":"2017-07-19T15:37:25","modified_gmt":"2017-07-19T13:37:25","slug":"vaccini-decreto-lorenzin-zaia-ricorreremo-anche-contro-la-legge-di-conversione-qualora-venisse-approvata-in-veneto-tutte-le-soglie-superiori-a-quelle-indicate-dalloms","status":"publish","type":"post","link":"https:\/\/www.bellunopress.it\/fr\/2017\/07\/19\/vaccini-decreto-lorenzin-zaia-ricorreremo-anche-contro-la-legge-di-conversione-qualora-venisse-approvata-in-veneto-tutte-le-soglie-superiori-a-quelle-indicate-dalloms\/","title":{"rendered":"Vaccini, Decreto Lorenzin. Zaia: &#8220;ricorreremo anche contro la legge di conversione qualora venisse approvata. In veneto tutte le soglie superiori a quelle indicate dall&#8217;Oms&#8221;"},"content":{"rendered":"<p><a href=\"http:\/\/www.bellunopress.it\/fr\/2013\/04\/07\/zaia-a-vinitaly-si-a-macroregione-ma-milano-non-pensi-di-sfilare-la-partita-dellagroalimentare-a-verona-con-lexpo\/zaia-2\/\" rel=\"attachment wp-att-48299\"><img loading=\"lazy\" decoding=\"async\" class=\"alignleft size-full wp-image-48299\" src=\"http:\/\/www.bellunopress.it\/wp-content\/uploads\/2013\/04\/Zaia.jpg\" alt=\"\" width=\"192\" height=\"292\" \/><\/a>Venezia, 19 luglio 2017 &#8211;\u00a0\u201cIl Veneto \u00e8 favorevole ai vaccini, che per\u00f2 vanno diffusi con la corretta e capillare informazione e non con coercizioni che, in quanto tali, potrebbero avere addirittura l\u2019effetto contrario a quello desiderato. Non siamo irresponsabili, come ci si vuole dipingere, siamo supportati dai dati della nostra anagrafe vaccinale informatizzata (l\u2019unica in Italia), dalle soglie regionali indicate dall\u2019Organizzazione Mondiale della Sanit\u00e0, dall\u2019aumento delle adesioni da parte delle giovani coppie, che in Veneto apprezzano di essere informate e di trovare risposte scientifiche ai loro comprensibili dubbi. Cos\u00ec facendo abbiamo tutte le soglie superiori a quelle indicate dall\u2019Oms\u201d.<\/p>\n<p>Con queste parole, il Presidente del Veneto ha confermato, parlando ai giornalisti nel corso del punto stampa seguito alla riunione della Giunta, il ricorso contro il Dl Lorenzin che introduce l\u2019obbligatoriet\u00e0 per una ampio numero di vaccinazioni, gi\u00e0 presentato, annunciando che \u201cricorreremo anche contro la legge di conversione qualora venisse approvata\u201d.<\/p>\n<p>\u201cCon la nostra legge regionale del 2007, definita e approvata con il pieno consenso del Governo di allora \u2013 ha detto il Governatore \u2013 abbiamo rivoluzionato l\u2019approccio alla diffusione della cultura della vaccinazione e abbiamo ottenuto risultati lusinghieri, che oggi indicano una copertura complessiva in Veneto del 92,6% per il morbillo e del 94,5% per la polio nelle persone tra due e diciotto anni. E\u2019 anche per difendere la bont\u00e0 della nostra legge che ricorriamo contro un provvedimento che rischia di essere considerato odioso dalle coppie che chiedono e cercano informazione per decidere. Noi la diamo, sia a livello ospedaliero che territoriale. Puntiamo sul dialogo, arrivando a concordare con i genitori percorsi vaccinali personalizzati, e stiamo avendo ragione, tanto che tutte le nostre coperture sono superiori a quelle indicate dall\u2019Oms, che suddivide gli obbiettivi a livello nazionale e regionale, da raggiungere entro il 2020\u201d.<\/p>\n<p>Per tutti i vaccini considerati, l\u2019Organizzazione Mondiale della Sanit\u00e0 prevede, per il 2020, soglie nazionali al 90% e soglie regionali all\u201980%.<\/p>\n<p>La legge veneta del 2007, indica come soglia minima per garantire la sicurezza di coorte l\u201985% della copertura (soglia di allarme), 5 punti pi\u00f9 dell\u2019Oms, e tutte le diverse vaccinazioni, rispetto ai nati nel 2014, risultano ben superiori sia alla soglia regionale che a quella internazionale, andando da un minimo dell\u201989,2% per rosolia, parotite e morbillo, a oltre il 90%, come per tetano (92%), difterite (92%), polio (92%), epatite B (91,4%), pertosse 92%, hib emofilo (91,2%), morbillo (89,2%), varicella (86,8%), Meningococco C (91,7%). Non sono ancora disponibili rilevamenti sul meningococco B perch\u00e9 di nuova attivazione.<\/p>\n<p>\u201cTutti dati \u2013 ha tenuto a evidenziare il Presidente \u2013 certificati e informatizzati, cosa che nessun\u2019altra Regione in Italia pu\u00f2 vantare. Come minimo, prima di introdurre un obbligo, sarebbe necessario che tutti in Italia avessero un sistema di rilevazione come questo. L\u2019avevamo chiesto, ma ci \u00e8 stato risposto che non era necessario. Ora mi chiedo: viste le alte percentuali esibite dal veneto, accertate in via informatica e quindi sicure, come sono state accertate alcune percentuali vantate da altri territori? Forsa sulla fiducia?\u201d.<\/p>\n<p>A supporto della tesi del Veneto, il Governatore ha anche ricordato che \u201ccon una recente delibera di organizzazione delle attivit\u00e0 vaccinali abbiamo previsto l\u2019esclusione di un bimbo non vaccinato in quelle strutture nelle quali la copertura minima di sicurezza non sia raggiunta (la cosiddetta \u201ccopertura di gregge\u201d), tutelando cos\u00ec come e meglio dell\u2019obbligo gli interessi di salute della collettivit\u00e0\u201d.<\/p>","protected":false},"excerpt":{"rendered":"<p>Venezia, 19 luglio 2017 &#8211;\u00a0\u201cIl Veneto \u00e8 favorevole ai vaccini, che per\u00f2 vanno diffusi con la corretta e capillare informazione e non con coercizioni che, in quanto tali, potrebbero avere addirittura l\u2019effetto contrario a quello desiderato. Non siamo irresponsabili, come ci si vuole dipingere, siamo supportati dai dati della nostra anagrafe vaccinale informatizzata (l\u2019unica in [&hellip;]<\/p>\n","protected":false},"author":2,"featured_media":0,"comment_status":"closed","ping_status":"open","sticky":false,"template":"","format":"standard","meta":{"footnotes":""},"categories":[5,26,17],"tags":[],"class_list":["post-87828","post","type-post","status-publish","format-standard","category-cronaca","category-prima-pagina","category-sanita"],"yoast_head":"<!-- This site is optimized with the Yoast SEO plugin v28.4 - https:\/\/yoast.com\/product\/yoast-seo-wordpress\/ -->\n<title>Vaccini, Decreto Lorenzin. Zaia: &quot;ricorreremo anche contro la legge di conversione qualora venisse approvata. In veneto tutte le soglie superiori a quelle indicate dall&#039;Oms&quot; - Bellunopress - Dolomiti<\/title>\n<meta name=\"robots\" content=\"index, follow, max-snippet:-1, max-image-preview:large, max-video-preview:-1\" \/>\n<link rel=\"canonical\" href=\"https:\/\/www.bellunopress.it\/fr\/2017\/07\/19\/vaccini-decreto-lorenzin-zaia-ricorreremo-anche-contro-la-legge-di-conversione-qualora-venisse-approvata-in-veneto-tutte-le-soglie-superiori-a-quelle-indicate-dalloms\/\" \/>\n<meta property=\"og:locale\" content=\"fr_FR\" \/>\n<meta property=\"og:type\" content=\"article\" \/>\n<meta property=\"og:title\" content=\"Vaccini, Decreto Lorenzin. Zaia: &quot;ricorreremo anche contro la legge di conversione qualora venisse approvata. In veneto tutte le soglie superiori a quelle indicate dall&#039;Oms&quot; - Bellunopress - Dolomiti\" \/>\n<meta property=\"og:description\" content=\"Venezia, 19 luglio 2017 &#8211;\u00a0\u201cIl Veneto \u00e8 favorevole ai vaccini, che per\u00f2 vanno diffusi con la corretta e capillare informazione e non con coercizioni che, in quanto tali, potrebbero avere addirittura l\u2019effetto contrario a quello desiderato. Non siamo irresponsabili, come ci si vuole dipingere, siamo supportati dai dati della nostra anagrafe vaccinale informatizzata (l\u2019unica in [&hellip;]\" \/>\n<meta property=\"og:url\" content=\"https:\/\/www.bellunopress.it\/fr\/2017\/07\/19\/vaccini-decreto-lorenzin-zaia-ricorreremo-anche-contro-la-legge-di-conversione-qualora-venisse-approvata-in-veneto-tutte-le-soglie-superiori-a-quelle-indicate-dalloms\/\" \/>\n<meta property=\"og:site_name\" content=\"Bellunopress - Dolomiti\" \/>\n<meta property=\"article:publisher\" content=\"https:\/\/www.facebook.com\/profile.php?id=100008943462799\" \/>\n<meta property=\"article:published_time\" content=\"2017-07-19T13:37:25+00:00\" \/>\n<meta property=\"og:image\" content=\"http:\/\/www.bellunopress.it\/wp-content\/uploads\/2013\/04\/Zaia.jpg\" \/>\n<meta name=\"author\" content=\"redazione\" \/>\n<meta name=\"twitter:card\" content=\"summary_large_image\" \/>\n<meta name=\"twitter:creator\" content=\"@bellunopress\" \/>\n<meta name=\"twitter:site\" content=\"@bellunopress\" \/>\n<meta name=\"twitter:label1\" content=\"\u00c9crit par\" \/>\n\t<meta name=\"twitter:data1\" content=\"redazione\" \/>\n\t<meta name=\"twitter:label2\" content=\"Dur\u00e9e de lecture estim\u00e9e\" \/>\n\t<meta name=\"twitter:data2\" content=\"3 minutes\" \/>\n<script type=\"application\/ld+json\" class=\"yoast-schema-graph\">{\"@context\":\"https:\\\/\\\/schema.org\",\"@graph\":[{\"@type\":\"Article\",\"@id\":\"https:\\\/\\\/www.bellunopress.it\\\/2017\\\/07\\\/19\\\/vaccini-decreto-lorenzin-zaia-ricorreremo-anche-contro-la-legge-di-conversione-qualora-venisse-approvata-in-veneto-tutte-le-soglie-superiori-a-quelle-indicate-dalloms\\\/#article\",\"isPartOf\":{\"@id\":\"https:\\\/\\\/www.bellunopress.it\\\/2017\\\/07\\\/19\\\/vaccini-decreto-lorenzin-zaia-ricorreremo-anche-contro-la-legge-di-conversione-qualora-venisse-approvata-in-veneto-tutte-le-soglie-superiori-a-quelle-indicate-dalloms\\\/\"},\"author\":{\"name\":\"redazione\",\"@id\":\"https:\\\/\\\/www.bellunopress.it\\\/#\\\/schema\\\/person\\\/79bb06722b37ece1c03d3e94beb30d73\"},\"headline\":\"Vaccini, Decreto Lorenzin. Zaia: &#8220;ricorreremo anche contro la legge di conversione qualora venisse approvata. In veneto tutte le soglie superiori a quelle indicate dall&#8217;Oms&#8221;\",\"datePublished\":\"2017-07-19T13:37:25+00:00\",\"mainEntityOfPage\":{\"@id\":\"https:\\\/\\\/www.bellunopress.it\\\/2017\\\/07\\\/19\\\/vaccini-decreto-lorenzin-zaia-ricorreremo-anche-contro-la-legge-di-conversione-qualora-venisse-approvata-in-veneto-tutte-le-soglie-superiori-a-quelle-indicate-dalloms\\\/\"},\"wordCount\":564,\"publisher\":{\"@id\":\"https:\\\/\\\/www.bellunopress.it\\\/#organization\"},\"image\":{\"@id\":\"https:\\\/\\\/www.bellunopress.it\\\/2017\\\/07\\\/19\\\/vaccini-decreto-lorenzin-zaia-ricorreremo-anche-contro-la-legge-di-conversione-qualora-venisse-approvata-in-veneto-tutte-le-soglie-superiori-a-quelle-indicate-dalloms\\\/#primaryimage\"},\"thumbnailUrl\":\"http:\\\/\\\/www.bellunopress.it\\\/wp-content\\\/uploads\\\/2013\\\/04\\\/Zaia.jpg\",\"articleSection\":[\"Cronaca\\\/Politica\",\"Prima Pagina\",\"Sanit\u00e0 Medicina\"],\"inLanguage\":\"fr-FR\"},{\"@type\":\"WebPage\",\"@id\":\"https:\\\/\\\/www.bellunopress.it\\\/2017\\\/07\\\/19\\\/vaccini-decreto-lorenzin-zaia-ricorreremo-anche-contro-la-legge-di-conversione-qualora-venisse-approvata-in-veneto-tutte-le-soglie-superiori-a-quelle-indicate-dalloms\\\/\",\"url\":\"https:\\\/\\\/www.bellunopress.it\\\/2017\\\/07\\\/19\\\/vaccini-decreto-lorenzin-zaia-ricorreremo-anche-contro-la-legge-di-conversione-qualora-venisse-approvata-in-veneto-tutte-le-soglie-superiori-a-quelle-indicate-dalloms\\\/\",\"name\":\"Vaccini, Decreto Lorenzin. Zaia: \\\"ricorreremo anche contro la legge di conversione qualora venisse approvata. In veneto tutte le soglie superiori a quelle indicate dall'Oms\\\" - Bellunopress - Dolomiti\",\"isPartOf\":{\"@id\":\"https:\\\/\\\/www.bellunopress.it\\\/#website\"},\"primaryImageOfPage\":{\"@id\":\"https:\\\/\\\/www.bellunopress.it\\\/2017\\\/07\\\/19\\\/vaccini-decreto-lorenzin-zaia-ricorreremo-anche-contro-la-legge-di-conversione-qualora-venisse-approvata-in-veneto-tutte-le-soglie-superiori-a-quelle-indicate-dalloms\\\/#primaryimage\"},\"image\":{\"@id\":\"https:\\\/\\\/www.bellunopress.it\\\/2017\\\/07\\\/19\\\/vaccini-decreto-lorenzin-zaia-ricorreremo-anche-contro-la-legge-di-conversione-qualora-venisse-approvata-in-veneto-tutte-le-soglie-superiori-a-quelle-indicate-dalloms\\\/#primaryimage\"},\"thumbnailUrl\":\"http:\\\/\\\/www.bellunopress.it\\\/wp-content\\\/uploads\\\/2013\\\/04\\\/Zaia.jpg\",\"datePublished\":\"2017-07-19T13:37:25+00:00\",\"breadcrumb\":{\"@id\":\"https:\\\/\\\/www.bellunopress.it\\\/2017\\\/07\\\/19\\\/vaccini-decreto-lorenzin-zaia-ricorreremo-anche-contro-la-legge-di-conversione-qualora-venisse-approvata-in-veneto-tutte-le-soglie-superiori-a-quelle-indicate-dalloms\\\/#breadcrumb\"},\"inLanguage\":\"fr-FR\",\"potentialAction\":[{\"@type\":\"ReadAction\",\"target\":[\"https:\\\/\\\/www.bellunopress.it\\\/2017\\\/07\\\/19\\\/vaccini-decreto-lorenzin-zaia-ricorreremo-anche-contro-la-legge-di-conversione-qualora-venisse-approvata-in-veneto-tutte-le-soglie-superiori-a-quelle-indicate-dalloms\\\/\"]}]},{\"@type\":\"ImageObject\",\"inLanguage\":\"fr-FR\",\"@id\":\"https:\\\/\\\/www.bellunopress.it\\\/2017\\\/07\\\/19\\\/vaccini-decreto-lorenzin-zaia-ricorreremo-anche-contro-la-legge-di-conversione-qualora-venisse-approvata-in-veneto-tutte-le-soglie-superiori-a-quelle-indicate-dalloms\\\/#primaryimage\",\"url\":\"http:\\\/\\\/www.bellunopress.it\\\/wp-content\\\/uploads\\\/2013\\\/04\\\/Zaia.jpg\",\"contentUrl\":\"http:\\\/\\\/www.bellunopress.it\\\/wp-content\\\/uploads\\\/2013\\\/04\\\/Zaia.jpg\"},{\"@type\":\"BreadcrumbList\",\"@id\":\"https:\\\/\\\/www.bellunopress.it\\\/2017\\\/07\\\/19\\\/vaccini-decreto-lorenzin-zaia-ricorreremo-anche-contro-la-legge-di-conversione-qualora-venisse-approvata-in-veneto-tutte-le-soglie-superiori-a-quelle-indicate-dalloms\\\/#breadcrumb\",\"itemListElement\":[{\"@type\":\"ListItem\",\"position\":1,\"name\":\"Home\",\"item\":\"https:\\\/\\\/www.bellunopress.it\\\/\"},{\"@type\":\"ListItem\",\"position\":2,\"name\":\"Vaccini, Decreto Lorenzin. Zaia: &#8220;ricorreremo anche contro la legge di conversione qualora venisse approvata. In veneto tutte le soglie superiori a quelle indicate dall&#8217;Oms&#8221;\"}]},{\"@type\":\"WebSite\",\"@id\":\"https:\\\/\\\/www.bellunopress.it\\\/#website\",\"url\":\"https:\\\/\\\/www.bellunopress.it\\\/\",\"name\":\"Bellunopress - Dolomiti\",\"description\":\"e-mail: redazione@bellunopress.it\",\"publisher\":{\"@id\":\"https:\\\/\\\/www.bellunopress.it\\\/#organization\"},\"potentialAction\":[{\"@type\":\"SearchAction\",\"target\":{\"@type\":\"EntryPoint\",\"urlTemplate\":\"https:\\\/\\\/www.bellunopress.it\\\/?s={search_term_string}\"},\"query-input\":{\"@type\":\"PropertyValueSpecification\",\"valueRequired\":true,\"valueName\":\"search_term_string\"}}],\"inLanguage\":\"fr-FR\"},{\"@type\":\"Organization\",\"@id\":\"https:\\\/\\\/www.bellunopress.it\\\/#organization\",\"name\":\"Bellunopress\",\"url\":\"https:\\\/\\\/www.bellunopress.it\\\/\",\"logo\":{\"@type\":\"ImageObject\",\"inLanguage\":\"fr-FR\",\"@id\":\"https:\\\/\\\/www.bellunopress.it\\\/#\\\/schema\\\/logo\\\/image\\\/\",\"url\":\"https:\\\/\\\/www.bellunopress.it\\\/wp-content\\\/uploads\\\/2011\\\/05\\\/cropped-logo-bellunopress-.jpg\",\"contentUrl\":\"https:\\\/\\\/www.bellunopress.it\\\/wp-content\\\/uploads\\\/2011\\\/05\\\/cropped-logo-bellunopress-.jpg\",\"width\":512,\"height\":512,\"caption\":\"Bellunopress\"},\"image\":{\"@id\":\"https:\\\/\\\/www.bellunopress.it\\\/#\\\/schema\\\/logo\\\/image\\\/\"},\"sameAs\":[\"https:\\\/\\\/www.facebook.com\\\/profile.php?id=100008943462799\",\"https:\\\/\\\/x.com\\\/bellunopress\",\"https:\\\/\\\/www.linkedin.com\\\/hp\\\/?dnr=JBzUWaJfMUw8vbXJJ2tVW5-I3jZKvC4wsoxE&amp;amp;amp;amp;amp;amp;trk=nav_responsive_tab_home\",\"https:\\\/\\\/www.youtube.com\\\/channel\\\/UCxL0wu1uN0_3_7hGG0306cw\"]},{\"@type\":\"Person\",\"@id\":\"https:\\\/\\\/www.bellunopress.it\\\/#\\\/schema\\\/person\\\/79bb06722b37ece1c03d3e94beb30d73\",\"name\":\"redazione\",\"image\":{\"@type\":\"ImageObject\",\"inLanguage\":\"fr-FR\",\"@id\":\"https:\\\/\\\/secure.gravatar.com\\\/avatar\\\/37d968a2e67a6fd04c169c4bdef102d0bc5d31b2546345219e348575eb80e9a0?s=96&d=mm&r=g\",\"url\":\"https:\\\/\\\/secure.gravatar.com\\\/avatar\\\/37d968a2e67a6fd04c169c4bdef102d0bc5d31b2546345219e348575eb80e9a0?s=96&d=mm&r=g\",\"contentUrl\":\"https:\\\/\\\/secure.gravatar.com\\\/avatar\\\/37d968a2e67a6fd04c169c4bdef102d0bc5d31b2546345219e348575eb80e9a0?s=96&d=mm&r=g\",\"caption\":\"redazione\"},\"sameAs\":[\"http:\\\/\\\/www.bellunopress.it\",\"https:\\\/\\\/x.com\\\/bellunopress\"],\"url\":\"https:\\\/\\\/www.bellunopress.it\\\/fr\\\/author\\\/redazione\\\/\"}]}<\/script>\n<!-- \/ Yoast SEO plugin. -->","yoast_head_json":{"title":"Vaccini, Decreto Lorenzin. Zaia: \"ricorreremo anche contro la legge di conversione qualora venisse approvata. In veneto tutte le soglie superiori a quelle indicate dall'Oms\" - Bellunopress - Dolomiti","robots":{"index":"index","follow":"follow","max-snippet":"max-snippet:-1","max-image-preview":"max-image-preview:large","max-video-preview":"max-video-preview:-1"},"canonical":"https:\/\/www.bellunopress.it\/fr\/2017\/07\/19\/vaccini-decreto-lorenzin-zaia-ricorreremo-anche-contro-la-legge-di-conversione-qualora-venisse-approvata-in-veneto-tutte-le-soglie-superiori-a-quelle-indicate-dalloms\/","og_locale":"fr_FR","og_type":"article","og_title":"Vaccini, Decreto Lorenzin. Zaia: \"ricorreremo anche contro la legge di conversione qualora venisse approvata. In veneto tutte le soglie superiori a quelle indicate dall'Oms\" - Bellunopress - Dolomiti","og_description":"Venezia, 19 luglio 2017 &#8211;\u00a0\u201cIl Veneto \u00e8 favorevole ai vaccini, che per\u00f2 vanno diffusi con la corretta e capillare informazione e non con coercizioni che, in quanto tali, potrebbero avere addirittura l\u2019effetto contrario a quello desiderato. Non siamo irresponsabili, come ci si vuole dipingere, siamo supportati dai dati della nostra anagrafe vaccinale informatizzata (l\u2019unica in [&hellip;]","og_url":"https:\/\/www.bellunopress.it\/fr\/2017\/07\/19\/vaccini-decreto-lorenzin-zaia-ricorreremo-anche-contro-la-legge-di-conversione-qualora-venisse-approvata-in-veneto-tutte-le-soglie-superiori-a-quelle-indicate-dalloms\/","og_site_name":"Bellunopress - Dolomiti","article_publisher":"https:\/\/www.facebook.com\/profile.php?id=100008943462799","article_published_time":"2017-07-19T13:37:25+00:00","og_image":[{"url":"http:\/\/www.bellunopress.it\/wp-content\/uploads\/2013\/04\/Zaia.jpg","type":"","width":"","height":""}],"author":"redazione","twitter_card":"summary_large_image","twitter_creator":"@bellunopress","twitter_site":"@bellunopress","twitter_misc":{"\u00c9crit par":"redazione","Dur\u00e9e de lecture estim\u00e9e":"3 minutes"},"schema":{"@context":"https:\/\/schema.org","@graph":[{"@type":"Article","@id":"https:\/\/www.bellunopress.it\/2017\/07\/19\/vaccini-decreto-lorenzin-zaia-ricorreremo-anche-contro-la-legge-di-conversione-qualora-venisse-approvata-in-veneto-tutte-le-soglie-superiori-a-quelle-indicate-dalloms\/#article","isPartOf":{"@id":"https:\/\/www.bellunopress.it\/2017\/07\/19\/vaccini-decreto-lorenzin-zaia-ricorreremo-anche-contro-la-legge-di-conversione-qualora-venisse-approvata-in-veneto-tutte-le-soglie-superiori-a-quelle-indicate-dalloms\/"},"author":{"name":"redazione","@id":"https:\/\/www.bellunopress.it\/#\/schema\/person\/79bb06722b37ece1c03d3e94beb30d73"},"headline":"Vaccini, Decreto Lorenzin. Zaia: &#8220;ricorreremo anche contro la legge di conversione qualora venisse approvata. In veneto tutte le soglie superiori a quelle indicate dall&#8217;Oms&#8221;","datePublished":"2017-07-19T13:37:25+00:00","mainEntityOfPage":{"@id":"https:\/\/www.bellunopress.it\/2017\/07\/19\/vaccini-decreto-lorenzin-zaia-ricorreremo-anche-contro-la-legge-di-conversione-qualora-venisse-approvata-in-veneto-tutte-le-soglie-superiori-a-quelle-indicate-dalloms\/"},"wordCount":564,"publisher":{"@id":"https:\/\/www.bellunopress.it\/#organization"},"image":{"@id":"https:\/\/www.bellunopress.it\/2017\/07\/19\/vaccini-decreto-lorenzin-zaia-ricorreremo-anche-contro-la-legge-di-conversione-qualora-venisse-approvata-in-veneto-tutte-le-soglie-superiori-a-quelle-indicate-dalloms\/#primaryimage"},"thumbnailUrl":"http:\/\/www.bellunopress.it\/wp-content\/uploads\/2013\/04\/Zaia.jpg","articleSection":["Cronaca\/Politica","Prima Pagina","Sanit\u00e0 Medicina"],"inLanguage":"fr-FR"},{"@type":"WebPage","@id":"https:\/\/www.bellunopress.it\/2017\/07\/19\/vaccini-decreto-lorenzin-zaia-ricorreremo-anche-contro-la-legge-di-conversione-qualora-venisse-approvata-in-veneto-tutte-le-soglie-superiori-a-quelle-indicate-dalloms\/","url":"https:\/\/www.bellunopress.it\/2017\/07\/19\/vaccini-decreto-lorenzin-zaia-ricorreremo-anche-contro-la-legge-di-conversione-qualora-venisse-approvata-in-veneto-tutte-le-soglie-superiori-a-quelle-indicate-dalloms\/","name":"Vaccini, Decreto Lorenzin. Zaia: \"ricorreremo anche contro la legge di conversione qualora venisse approvata. In veneto tutte le soglie superiori a quelle indicate dall'Oms\" - Bellunopress - Dolomiti","isPartOf":{"@id":"https:\/\/www.bellunopress.it\/#website"},"primaryImageOfPage":{"@id":"https:\/\/www.bellunopress.it\/2017\/07\/19\/vaccini-decreto-lorenzin-zaia-ricorreremo-anche-contro-la-legge-di-conversione-qualora-venisse-approvata-in-veneto-tutte-le-soglie-superiori-a-quelle-indicate-dalloms\/#primaryimage"},"image":{"@id":"https:\/\/www.bellunopress.it\/2017\/07\/19\/vaccini-decreto-lorenzin-zaia-ricorreremo-anche-contro-la-legge-di-conversione-qualora-venisse-approvata-in-veneto-tutte-le-soglie-superiori-a-quelle-indicate-dalloms\/#primaryimage"},"thumbnailUrl":"http:\/\/www.bellunopress.it\/wp-content\/uploads\/2013\/04\/Zaia.jpg","datePublished":"2017-07-19T13:37:25+00:00","breadcrumb":{"@id":"https:\/\/www.bellunopress.it\/2017\/07\/19\/vaccini-decreto-lorenzin-zaia-ricorreremo-anche-contro-la-legge-di-conversione-qualora-venisse-approvata-in-veneto-tutte-le-soglie-superiori-a-quelle-indicate-dalloms\/#breadcrumb"},"inLanguage":"fr-FR","potentialAction":[{"@type":"ReadAction","target":["https:\/\/www.bellunopress.it\/2017\/07\/19\/vaccini-decreto-lorenzin-zaia-ricorreremo-anche-contro-la-legge-di-conversione-qualora-venisse-approvata-in-veneto-tutte-le-soglie-superiori-a-quelle-indicate-dalloms\/"]}]},{"@type":"ImageObject","inLanguage":"fr-FR","@id":"https:\/\/www.bellunopress.it\/2017\/07\/19\/vaccini-decreto-lorenzin-zaia-ricorreremo-anche-contro-la-legge-di-conversione-qualora-venisse-approvata-in-veneto-tutte-le-soglie-superiori-a-quelle-indicate-dalloms\/#primaryimage","url":"http:\/\/www.bellunopress.it\/wp-content\/uploads\/2013\/04\/Zaia.jpg","contentUrl":"http:\/\/www.bellunopress.it\/wp-content\/uploads\/2013\/04\/Zaia.jpg"},{"@type":"BreadcrumbList","@id":"https:\/\/www.bellunopress.it\/2017\/07\/19\/vaccini-decreto-lorenzin-zaia-ricorreremo-anche-contro-la-legge-di-conversione-qualora-venisse-approvata-in-veneto-tutte-le-soglie-superiori-a-quelle-indicate-dalloms\/#breadcrumb","itemListElement":[{"@type":"ListItem","position":1,"name":"Home","item":"https:\/\/www.bellunopress.it\/"},{"@type":"ListItem","position":2,"name":"Vaccini, Decreto Lorenzin. Zaia: &#8220;ricorreremo anche contro la legge di conversione qualora venisse approvata. In veneto tutte le soglie superiori a quelle indicate dall&#8217;Oms&#8221;"}]},{"@type":"WebSite","@id":"https:\/\/www.bellunopress.it\/#website","url":"https:\/\/www.bellunopress.it\/","name":"Bellunopress - Dolomiti","description":"e-mail: redazione@bellunopress.it","publisher":{"@id":"https:\/\/www.bellunopress.it\/#organization"},"potentialAction":[{"@type":"SearchAction","target":{"@type":"EntryPoint","urlTemplate":"https:\/\/www.bellunopress.it\/?s={search_term_string}"},"query-input":{"@type":"PropertyValueSpecification","valueRequired":true,"valueName":"search_term_string"}}],"inLanguage":"fr-FR"},{"@type":"Organization","@id":"https:\/\/www.bellunopress.it\/#organization","name":"Bellunopress","url":"https:\/\/www.bellunopress.it\/","logo":{"@type":"ImageObject","inLanguage":"fr-FR","@id":"https:\/\/www.bellunopress.it\/#\/schema\/logo\/image\/","url":"https:\/\/www.bellunopress.it\/wp-content\/uploads\/2011\/05\/cropped-logo-bellunopress-.jpg","contentUrl":"https:\/\/www.bellunopress.it\/wp-content\/uploads\/2011\/05\/cropped-logo-bellunopress-.jpg","width":512,"height":512,"caption":"Bellunopress"},"image":{"@id":"https:\/\/www.bellunopress.it\/#\/schema\/logo\/image\/"},"sameAs":["https:\/\/www.facebook.com\/profile.php?id=100008943462799","https:\/\/x.com\/bellunopress","https:\/\/www.linkedin.com\/hp\/?dnr=JBzUWaJfMUw8vbXJJ2tVW5-I3jZKvC4wsoxE&amp;amp;amp;amp;amp;amp;trk=nav_responsive_tab_home","https:\/\/www.youtube.com\/channel\/UCxL0wu1uN0_3_7hGG0306cw"]},{"@type":"Person","@id":"https:\/\/www.bellunopress.it\/#\/schema\/person\/79bb06722b37ece1c03d3e94beb30d73","name":"r\u00e9daction","image":{"@type":"ImageObject","inLanguage":"fr-FR","@id":"https:\/\/secure.gravatar.com\/avatar\/37d968a2e67a6fd04c169c4bdef102d0bc5d31b2546345219e348575eb80e9a0?s=96&d=mm&r=g","url":"https:\/\/secure.gravatar.com\/avatar\/37d968a2e67a6fd04c169c4bdef102d0bc5d31b2546345219e348575eb80e9a0?s=96&d=mm&r=g","contentUrl":"https:\/\/secure.gravatar.com\/avatar\/37d968a2e67a6fd04c169c4bdef102d0bc5d31b2546345219e348575eb80e9a0?s=96&d=mm&r=g","caption":"redazione"},"sameAs":["http:\/\/www.bellunopress.it","https:\/\/x.com\/bellunopress"],"url":"https:\/\/www.bellunopress.it\/fr\/author\/redazione\/"}]}},"_links":{"self":[{"href":"https:\/\/www.bellunopress.it\/fr\/wp-json\/wp\/v2\/posts\/87828","targetHints":{"allow":["GET"]}}],"collection":[{"href":"https:\/\/www.bellunopress.it\/fr\/wp-json\/wp\/v2\/posts"}],"about":[{"href":"https:\/\/www.bellunopress.it\/fr\/wp-json\/wp\/v2\/types\/post"}],"author":[{"embeddable":true,"href":"https:\/\/www.bellunopress.it\/fr\/wp-json\/wp\/v2\/users\/2"}],"replies":[{"embeddable":true,"href":"https:\/\/www.bellunopress.it\/fr\/wp-json\/wp\/v2\/comments?post=87828"}],"version-history":[{"count":1,"href":"https:\/\/www.bellunopress.it\/fr\/wp-json\/wp\/v2\/posts\/87828\/revisions"}],"predecessor-version":[{"id":87829,"href":"https:\/\/www.bellunopress.it\/fr\/wp-json\/wp\/v2\/posts\/87828\/revisions\/87829"}],"wp:attachment":[{"href":"https:\/\/www.bellunopress.it\/fr\/wp-json\/wp\/v2\/media?parent=87828"}],"wp:term":[{"taxonomy":"category","embeddable":true,"href":"https:\/\/www.bellunopress.it\/fr\/wp-json\/wp\/v2\/categories?post=87828"},{"taxonomy":"post_tag","embeddable":true,"href":"https:\/\/www.bellunopress.it\/fr\/wp-json\/wp\/v2\/tags?post=87828"}],"curies":[{"name":"wp","href":"https:\/\/api.w.org\/{rel}","templated":true}]}}