{"id":87819,"date":"2017-07-19T14:35:14","date_gmt":"2017-07-19T12:35:14","guid":{"rendered":"http:\/\/www.bellunopress.it\/?p=87819"},"modified":"2017-07-19T14:35:46","modified_gmt":"2017-07-19T12:35:46","slug":"una-cafe-race-firmata-ducati-in-vetrina-alla-tecnosport-di-belluno","status":"publish","type":"post","link":"https:\/\/www.bellunopress.it\/fr\/2017\/07\/19\/una-cafe-race-firmata-ducati-in-vetrina-alla-tecnosport-di-belluno\/","title":{"rendered":"Una Caf\u00e8 Racer firmata Ducati, in vetrina alla Tecnosport di Belluno"},"content":{"rendered":"<p><a href=\"http:\/\/www.bellunopress.it\/fr\/2017\/07\/19\/una-cafe-race-firmata-ducati-in-vetrina-alla-tecnosport-di-belluno\/ducati-scrambler-cafe-racer-2\/\" rel=\"attachment wp-att-87820\"><img loading=\"lazy\" decoding=\"async\" class=\"alignleft size-full wp-image-87820\" src=\"http:\/\/www.bellunopress.it\/wp-content\/uploads\/2017\/07\/ducati-scrambler-cafe-racer.jpg\" alt=\"\" width=\"300\" height=\"174\" \/><\/a>E&#8217; arrivata la nuova Ducati Scrambler Caf\u00e8 Racer alla concessionaria Tecnosport di Belluno con sede in via Vittorio Veneto n.258.<br \/>\nNon poteva mancare nella famiglia Scrambler la versione Caf\u00e8 Racer. La Ducati, infatti, sempre sensibile alle tendenze del mercato, ha realizzato questo modello che affianca i precedenti cinque: la Full Throttle, l&#8217;Icon, la Classic e SixtyTwo col 18 pollici anteriore, la Desert Sled col 19&#8243; Sled e la Desert.<br \/>\nRispetto alle consorelle Scrambler, la Caf\u00e8 Racer presenta alcune modifiche estetiche. Il codino \u00e8 nuovo, pi\u00f9 rastremato, il faro anteriore \u00e8 montato pi\u00f9 basso e anche la sella \u00e8 nuova e leggermente rialzata. La posizione di guida, inoltre, risulta pi\u00f9 distesa grazie ai due semi manubri sportivi. La colorazione \u00e8 unica, Black Coffee con motore e telaio nero e ruote oro.<br \/>\nIl motore \u00e8 il collaudato desmo bicilindrico 803 cc da 75 cavalli a 8.250 giri, con una coppia di 68 Nm a 5.750 giri Euro 4. La modifica all&#8217;acceleratore ha reso pi\u00f9 docile la risposta nel chiudi-apri. Differenze importanti, invece, nella ciclistica. La ruota anteriore monta un Pirelli Diablo Rosso II 120\/70-17. Mentre quella posteriore ha un notevole 180\/55-17.<br \/>\nIl risultato \u00e8 quello di una nuova ergonomia, con un bel carico sull&#8217;avantreno attenuato dall&#8217;angolazione dei semi-manubri che evita l&#8217;affaticamento dei polsi.<\/p>","protected":false},"excerpt":{"rendered":"<p>E&#8217; arrivata la nuova Ducati Scrambler Caf\u00e8 Racer alla concessionaria Tecnosport di Belluno con sede in via Vittorio Veneto n.258. Non poteva mancare nella famiglia Scrambler la versione Caf\u00e8 Racer. La Ducati, infatti, sempre sensibile alle tendenze del mercato, ha realizzato questo modello che affianca i precedenti cinque: la Full Throttle, l&#8217;Icon, la Classic e [&hellip;]<\/p>\n","protected":false},"author":2,"featured_media":0,"comment_status":"closed","ping_status":"open","sticky":false,"template":"","format":"standard","meta":{"footnotes":""},"categories":[26,50],"tags":[],"class_list":["post-87819","post","type-post","status-publish","format-standard","category-prima-pagina","category-pubbliredazionali"],"yoast_head":"<!-- This site is optimized with the Yoast SEO plugin v28.4 - https:\/\/yoast.com\/product\/yoast-seo-wordpress\/ -->\n<title>Una Caf\u00e8 Racer firmata Ducati, in vetrina alla Tecnosport di Belluno - Bellunopress - Dolomiti<\/title>\n<meta name=\"robots\" content=\"index, follow, max-snippet:-1, max-image-preview:large, max-video-preview:-1\" \/>\n<link rel=\"canonical\" href=\"https:\/\/www.bellunopress.it\/fr\/2017\/07\/19\/una-cafe-race-firmata-ducati-in-vetrina-alla-tecnosport-di-belluno\/\" \/>\n<meta property=\"og:locale\" content=\"fr_FR\" \/>\n<meta property=\"og:type\" content=\"article\" \/>\n<meta property=\"og:title\" content=\"Una Caf\u00e8 Racer firmata Ducati, in vetrina alla Tecnosport di Belluno - Bellunopress - Dolomiti\" \/>\n<meta property=\"og:description\" content=\"E&#8217; arrivata la nuova Ducati Scrambler Caf\u00e8 Racer alla concessionaria Tecnosport di Belluno con sede in via Vittorio Veneto n.258. Non poteva mancare nella famiglia Scrambler la versione Caf\u00e8 Racer. La Ducati, infatti, sempre sensibile alle tendenze del mercato, ha realizzato questo modello che affianca i precedenti cinque: la Full Throttle, l&#8217;Icon, la Classic e [&hellip;]\" \/>\n<meta property=\"og:url\" content=\"https:\/\/www.bellunopress.it\/fr\/2017\/07\/19\/una-cafe-race-firmata-ducati-in-vetrina-alla-tecnosport-di-belluno\/\" \/>\n<meta property=\"og:site_name\" content=\"Bellunopress - Dolomiti\" \/>\n<meta property=\"article:publisher\" content=\"https:\/\/www.facebook.com\/profile.php?id=100008943462799\" \/>\n<meta property=\"article:published_time\" content=\"2017-07-19T12:35:14+00:00\" \/>\n<meta property=\"article:modified_time\" content=\"2017-07-19T12:35:46+00:00\" \/>\n<meta property=\"og:image\" content=\"http:\/\/www.bellunopress.it\/wp-content\/uploads\/2017\/07\/ducati-scrambler-cafe-racer.jpg\" \/>\n<meta name=\"author\" content=\"redazione\" \/>\n<meta name=\"twitter:card\" content=\"summary_large_image\" \/>\n<meta name=\"twitter:creator\" content=\"@bellunopress\" \/>\n<meta name=\"twitter:site\" content=\"@bellunopress\" \/>\n<meta name=\"twitter:label1\" content=\"Written by\" \/>\n\t<meta name=\"twitter:data1\" content=\"redazione\" \/>\n\t<meta name=\"twitter:label2\" content=\"Est. reading time\" \/>\n\t<meta name=\"twitter:data2\" content=\"1 minute\" \/>\n<script type=\"application\/ld+json\" class=\"yoast-schema-graph\">{\"@context\":\"https:\\\/\\\/schema.org\",\"@graph\":[{\"@type\":\"Article\",\"@id\":\"https:\\\/\\\/www.bellunopress.it\\\/2017\\\/07\\\/19\\\/una-cafe-race-firmata-ducati-in-vetrina-alla-tecnosport-di-belluno\\\/#article\",\"isPartOf\":{\"@id\":\"https:\\\/\\\/www.bellunopress.it\\\/2017\\\/07\\\/19\\\/una-cafe-race-firmata-ducati-in-vetrina-alla-tecnosport-di-belluno\\\/\"},\"author\":{\"name\":\"redazione\",\"@id\":\"https:\\\/\\\/www.bellunopress.it\\\/#\\\/schema\\\/person\\\/79bb06722b37ece1c03d3e94beb30d73\"},\"headline\":\"Una Caf\u00e8 Racer firmata Ducati, in vetrina alla Tecnosport di Belluno\",\"datePublished\":\"2017-07-19T12:35:14+00:00\",\"dateModified\":\"2017-07-19T12:35:46+00:00\",\"mainEntityOfPage\":{\"@id\":\"https:\\\/\\\/www.bellunopress.it\\\/2017\\\/07\\\/19\\\/una-cafe-race-firmata-ducati-in-vetrina-alla-tecnosport-di-belluno\\\/\"},\"wordCount\":213,\"publisher\":{\"@id\":\"https:\\\/\\\/www.bellunopress.it\\\/#organization\"},\"image\":{\"@id\":\"https:\\\/\\\/www.bellunopress.it\\\/2017\\\/07\\\/19\\\/una-cafe-race-firmata-ducati-in-vetrina-alla-tecnosport-di-belluno\\\/#primaryimage\"},\"thumbnailUrl\":\"http:\\\/\\\/www.bellunopress.it\\\/wp-content\\\/uploads\\\/2017\\\/07\\\/ducati-scrambler-cafe-racer.jpg\",\"articleSection\":[\"Prima Pagina\",\"Pubbliredazionali\"],\"inLanguage\":\"fr-FR\"},{\"@type\":\"WebPage\",\"@id\":\"https:\\\/\\\/www.bellunopress.it\\\/2017\\\/07\\\/19\\\/una-cafe-race-firmata-ducati-in-vetrina-alla-tecnosport-di-belluno\\\/\",\"url\":\"https:\\\/\\\/www.bellunopress.it\\\/2017\\\/07\\\/19\\\/una-cafe-race-firmata-ducati-in-vetrina-alla-tecnosport-di-belluno\\\/\",\"name\":\"Una Caf\u00e8 Racer firmata Ducati, in vetrina alla Tecnosport di Belluno - Bellunopress - Dolomiti\",\"isPartOf\":{\"@id\":\"https:\\\/\\\/www.bellunopress.it\\\/#website\"},\"primaryImageOfPage\":{\"@id\":\"https:\\\/\\\/www.bellunopress.it\\\/2017\\\/07\\\/19\\\/una-cafe-race-firmata-ducati-in-vetrina-alla-tecnosport-di-belluno\\\/#primaryimage\"},\"image\":{\"@id\":\"https:\\\/\\\/www.bellunopress.it\\\/2017\\\/07\\\/19\\\/una-cafe-race-firmata-ducati-in-vetrina-alla-tecnosport-di-belluno\\\/#primaryimage\"},\"thumbnailUrl\":\"http:\\\/\\\/www.bellunopress.it\\\/wp-content\\\/uploads\\\/2017\\\/07\\\/ducati-scrambler-cafe-racer.jpg\",\"datePublished\":\"2017-07-19T12:35:14+00:00\",\"dateModified\":\"2017-07-19T12:35:46+00:00\",\"breadcrumb\":{\"@id\":\"https:\\\/\\\/www.bellunopress.it\\\/2017\\\/07\\\/19\\\/una-cafe-race-firmata-ducati-in-vetrina-alla-tecnosport-di-belluno\\\/#breadcrumb\"},\"inLanguage\":\"fr-FR\",\"potentialAction\":[{\"@type\":\"ReadAction\",\"target\":[\"https:\\\/\\\/www.bellunopress.it\\\/2017\\\/07\\\/19\\\/una-cafe-race-firmata-ducati-in-vetrina-alla-tecnosport-di-belluno\\\/\"]}]},{\"@type\":\"ImageObject\",\"inLanguage\":\"fr-FR\",\"@id\":\"https:\\\/\\\/www.bellunopress.it\\\/2017\\\/07\\\/19\\\/una-cafe-race-firmata-ducati-in-vetrina-alla-tecnosport-di-belluno\\\/#primaryimage\",\"url\":\"http:\\\/\\\/www.bellunopress.it\\\/wp-content\\\/uploads\\\/2017\\\/07\\\/ducati-scrambler-cafe-racer.jpg\",\"contentUrl\":\"http:\\\/\\\/www.bellunopress.it\\\/wp-content\\\/uploads\\\/2017\\\/07\\\/ducati-scrambler-cafe-racer.jpg\"},{\"@type\":\"BreadcrumbList\",\"@id\":\"https:\\\/\\\/www.bellunopress.it\\\/2017\\\/07\\\/19\\\/una-cafe-race-firmata-ducati-in-vetrina-alla-tecnosport-di-belluno\\\/#breadcrumb\",\"itemListElement\":[{\"@type\":\"ListItem\",\"position\":1,\"name\":\"Home\",\"item\":\"https:\\\/\\\/www.bellunopress.it\\\/\"},{\"@type\":\"ListItem\",\"position\":2,\"name\":\"Una Caf\u00e8 Racer firmata Ducati, in vetrina alla Tecnosport di Belluno\"}]},{\"@type\":\"WebSite\",\"@id\":\"https:\\\/\\\/www.bellunopress.it\\\/#website\",\"url\":\"https:\\\/\\\/www.bellunopress.it\\\/\",\"name\":\"Bellunopress - Dolomiti\",\"description\":\"e-mail: redazione@bellunopress.it\",\"publisher\":{\"@id\":\"https:\\\/\\\/www.bellunopress.it\\\/#organization\"},\"potentialAction\":[{\"@type\":\"SearchAction\",\"target\":{\"@type\":\"EntryPoint\",\"urlTemplate\":\"https:\\\/\\\/www.bellunopress.it\\\/?s={search_term_string}\"},\"query-input\":{\"@type\":\"PropertyValueSpecification\",\"valueRequired\":true,\"valueName\":\"search_term_string\"}}],\"inLanguage\":\"fr-FR\"},{\"@type\":\"Organization\",\"@id\":\"https:\\\/\\\/www.bellunopress.it\\\/#organization\",\"name\":\"Bellunopress\",\"url\":\"https:\\\/\\\/www.bellunopress.it\\\/\",\"logo\":{\"@type\":\"ImageObject\",\"inLanguage\":\"fr-FR\",\"@id\":\"https:\\\/\\\/www.bellunopress.it\\\/#\\\/schema\\\/logo\\\/image\\\/\",\"url\":\"https:\\\/\\\/www.bellunopress.it\\\/wp-content\\\/uploads\\\/2011\\\/05\\\/cropped-logo-bellunopress-.jpg\",\"contentUrl\":\"https:\\\/\\\/www.bellunopress.it\\\/wp-content\\\/uploads\\\/2011\\\/05\\\/cropped-logo-bellunopress-.jpg\",\"width\":512,\"height\":512,\"caption\":\"Bellunopress\"},\"image\":{\"@id\":\"https:\\\/\\\/www.bellunopress.it\\\/#\\\/schema\\\/logo\\\/image\\\/\"},\"sameAs\":[\"https:\\\/\\\/www.facebook.com\\\/profile.php?id=100008943462799\",\"https:\\\/\\\/x.com\\\/bellunopress\",\"https:\\\/\\\/www.linkedin.com\\\/hp\\\/?dnr=JBzUWaJfMUw8vbXJJ2tVW5-I3jZKvC4wsoxE&amp;amp;amp;amp;amp;amp;trk=nav_responsive_tab_home\",\"https:\\\/\\\/www.youtube.com\\\/channel\\\/UCxL0wu1uN0_3_7hGG0306cw\"]},{\"@type\":\"Person\",\"@id\":\"https:\\\/\\\/www.bellunopress.it\\\/#\\\/schema\\\/person\\\/79bb06722b37ece1c03d3e94beb30d73\",\"name\":\"redazione\",\"image\":{\"@type\":\"ImageObject\",\"inLanguage\":\"fr-FR\",\"@id\":\"https:\\\/\\\/secure.gravatar.com\\\/avatar\\\/37d968a2e67a6fd04c169c4bdef102d0bc5d31b2546345219e348575eb80e9a0?s=96&d=mm&r=g\",\"url\":\"https:\\\/\\\/secure.gravatar.com\\\/avatar\\\/37d968a2e67a6fd04c169c4bdef102d0bc5d31b2546345219e348575eb80e9a0?s=96&d=mm&r=g\",\"contentUrl\":\"https:\\\/\\\/secure.gravatar.com\\\/avatar\\\/37d968a2e67a6fd04c169c4bdef102d0bc5d31b2546345219e348575eb80e9a0?s=96&d=mm&r=g\",\"caption\":\"redazione\"},\"sameAs\":[\"http:\\\/\\\/www.bellunopress.it\",\"https:\\\/\\\/x.com\\\/bellunopress\"],\"url\":\"https:\\\/\\\/www.bellunopress.it\\\/fr\\\/author\\\/redazione\\\/\"}]}<\/script>\n<!-- \/ Yoast SEO plugin. -->","yoast_head_json":{"title":"Una Caf\u00e8 Racer firmata Ducati, in vetrina alla Tecnosport di Belluno - Bellunopress - Dolomiti","robots":{"index":"index","follow":"follow","max-snippet":"max-snippet:-1","max-image-preview":"max-image-preview:large","max-video-preview":"max-video-preview:-1"},"canonical":"https:\/\/www.bellunopress.it\/fr\/2017\/07\/19\/una-cafe-race-firmata-ducati-in-vetrina-alla-tecnosport-di-belluno\/","og_locale":"fr_FR","og_type":"article","og_title":"Una Caf\u00e8 Racer firmata Ducati, in vetrina alla Tecnosport di Belluno - Bellunopress - Dolomiti","og_description":"E&#8217; arrivata la nuova Ducati Scrambler Caf\u00e8 Racer alla concessionaria Tecnosport di Belluno con sede in via Vittorio Veneto n.258. Non poteva mancare nella famiglia Scrambler la versione Caf\u00e8 Racer. La Ducati, infatti, sempre sensibile alle tendenze del mercato, ha realizzato questo modello che affianca i precedenti cinque: la Full Throttle, l&#8217;Icon, la Classic e [&hellip;]","og_url":"https:\/\/www.bellunopress.it\/fr\/2017\/07\/19\/una-cafe-race-firmata-ducati-in-vetrina-alla-tecnosport-di-belluno\/","og_site_name":"Bellunopress - Dolomiti","article_publisher":"https:\/\/www.facebook.com\/profile.php?id=100008943462799","article_published_time":"2017-07-19T12:35:14+00:00","article_modified_time":"2017-07-19T12:35:46+00:00","og_image":[{"url":"http:\/\/www.bellunopress.it\/wp-content\/uploads\/2017\/07\/ducati-scrambler-cafe-racer.jpg","type":"","width":"","height":""}],"author":"redazione","twitter_card":"summary_large_image","twitter_creator":"@bellunopress","twitter_site":"@bellunopress","twitter_misc":{"Written by":"redazione","Est. reading time":"1 minute"},"schema":{"@context":"https:\/\/schema.org","@graph":[{"@type":"Article","@id":"https:\/\/www.bellunopress.it\/2017\/07\/19\/una-cafe-race-firmata-ducati-in-vetrina-alla-tecnosport-di-belluno\/#article","isPartOf":{"@id":"https:\/\/www.bellunopress.it\/2017\/07\/19\/una-cafe-race-firmata-ducati-in-vetrina-alla-tecnosport-di-belluno\/"},"author":{"name":"redazione","@id":"https:\/\/www.bellunopress.it\/#\/schema\/person\/79bb06722b37ece1c03d3e94beb30d73"},"headline":"Una Caf\u00e8 Racer firmata Ducati, in vetrina alla Tecnosport di Belluno","datePublished":"2017-07-19T12:35:14+00:00","dateModified":"2017-07-19T12:35:46+00:00","mainEntityOfPage":{"@id":"https:\/\/www.bellunopress.it\/2017\/07\/19\/una-cafe-race-firmata-ducati-in-vetrina-alla-tecnosport-di-belluno\/"},"wordCount":213,"publisher":{"@id":"https:\/\/www.bellunopress.it\/#organization"},"image":{"@id":"https:\/\/www.bellunopress.it\/2017\/07\/19\/una-cafe-race-firmata-ducati-in-vetrina-alla-tecnosport-di-belluno\/#primaryimage"},"thumbnailUrl":"http:\/\/www.bellunopress.it\/wp-content\/uploads\/2017\/07\/ducati-scrambler-cafe-racer.jpg","articleSection":["Prima Pagina","Pubbliredazionali"],"inLanguage":"fr-FR"},{"@type":"WebPage","@id":"https:\/\/www.bellunopress.it\/2017\/07\/19\/una-cafe-race-firmata-ducati-in-vetrina-alla-tecnosport-di-belluno\/","url":"https:\/\/www.bellunopress.it\/2017\/07\/19\/una-cafe-race-firmata-ducati-in-vetrina-alla-tecnosport-di-belluno\/","name":"Una Caf\u00e8 Racer firmata Ducati, in vetrina alla Tecnosport di Belluno - Bellunopress - Dolomiti","isPartOf":{"@id":"https:\/\/www.bellunopress.it\/#website"},"primaryImageOfPage":{"@id":"https:\/\/www.bellunopress.it\/2017\/07\/19\/una-cafe-race-firmata-ducati-in-vetrina-alla-tecnosport-di-belluno\/#primaryimage"},"image":{"@id":"https:\/\/www.bellunopress.it\/2017\/07\/19\/una-cafe-race-firmata-ducati-in-vetrina-alla-tecnosport-di-belluno\/#primaryimage"},"thumbnailUrl":"http:\/\/www.bellunopress.it\/wp-content\/uploads\/2017\/07\/ducati-scrambler-cafe-racer.jpg","datePublished":"2017-07-19T12:35:14+00:00","dateModified":"2017-07-19T12:35:46+00:00","breadcrumb":{"@id":"https:\/\/www.bellunopress.it\/2017\/07\/19\/una-cafe-race-firmata-ducati-in-vetrina-alla-tecnosport-di-belluno\/#breadcrumb"},"inLanguage":"fr-FR","potentialAction":[{"@type":"ReadAction","target":["https:\/\/www.bellunopress.it\/2017\/07\/19\/una-cafe-race-firmata-ducati-in-vetrina-alla-tecnosport-di-belluno\/"]}]},{"@type":"ImageObject","inLanguage":"fr-FR","@id":"https:\/\/www.bellunopress.it\/2017\/07\/19\/una-cafe-race-firmata-ducati-in-vetrina-alla-tecnosport-di-belluno\/#primaryimage","url":"http:\/\/www.bellunopress.it\/wp-content\/uploads\/2017\/07\/ducati-scrambler-cafe-racer.jpg","contentUrl":"http:\/\/www.bellunopress.it\/wp-content\/uploads\/2017\/07\/ducati-scrambler-cafe-racer.jpg"},{"@type":"BreadcrumbList","@id":"https:\/\/www.bellunopress.it\/2017\/07\/19\/una-cafe-race-firmata-ducati-in-vetrina-alla-tecnosport-di-belluno\/#breadcrumb","itemListElement":[{"@type":"ListItem","position":1,"name":"Home","item":"https:\/\/www.bellunopress.it\/"},{"@type":"ListItem","position":2,"name":"Una Caf\u00e8 Racer firmata Ducati, in vetrina alla Tecnosport di Belluno"}]},{"@type":"WebSite","@id":"https:\/\/www.bellunopress.it\/#website","url":"https:\/\/www.bellunopress.it\/","name":"Bellunopress - Dolomiti","description":"e-mail: redazione@bellunopress.it","publisher":{"@id":"https:\/\/www.bellunopress.it\/#organization"},"potentialAction":[{"@type":"SearchAction","target":{"@type":"EntryPoint","urlTemplate":"https:\/\/www.bellunopress.it\/?s={search_term_string}"},"query-input":{"@type":"PropertyValueSpecification","valueRequired":true,"valueName":"search_term_string"}}],"inLanguage":"fr-FR"},{"@type":"Organization","@id":"https:\/\/www.bellunopress.it\/#organization","name":"Bellunopress","url":"https:\/\/www.bellunopress.it\/","logo":{"@type":"ImageObject","inLanguage":"fr-FR","@id":"https:\/\/www.bellunopress.it\/#\/schema\/logo\/image\/","url":"https:\/\/www.bellunopress.it\/wp-content\/uploads\/2011\/05\/cropped-logo-bellunopress-.jpg","contentUrl":"https:\/\/www.bellunopress.it\/wp-content\/uploads\/2011\/05\/cropped-logo-bellunopress-.jpg","width":512,"height":512,"caption":"Bellunopress"},"image":{"@id":"https:\/\/www.bellunopress.it\/#\/schema\/logo\/image\/"},"sameAs":["https:\/\/www.facebook.com\/profile.php?id=100008943462799","https:\/\/x.com\/bellunopress","https:\/\/www.linkedin.com\/hp\/?dnr=JBzUWaJfMUw8vbXJJ2tVW5-I3jZKvC4wsoxE&amp;amp;amp;amp;amp;amp;trk=nav_responsive_tab_home","https:\/\/www.youtube.com\/channel\/UCxL0wu1uN0_3_7hGG0306cw"]},{"@type":"Person","@id":"https:\/\/www.bellunopress.it\/#\/schema\/person\/79bb06722b37ece1c03d3e94beb30d73","name":"r\u00e9daction","image":{"@type":"ImageObject","inLanguage":"fr-FR","@id":"https:\/\/secure.gravatar.com\/avatar\/37d968a2e67a6fd04c169c4bdef102d0bc5d31b2546345219e348575eb80e9a0?s=96&d=mm&r=g","url":"https:\/\/secure.gravatar.com\/avatar\/37d968a2e67a6fd04c169c4bdef102d0bc5d31b2546345219e348575eb80e9a0?s=96&d=mm&r=g","contentUrl":"https:\/\/secure.gravatar.com\/avatar\/37d968a2e67a6fd04c169c4bdef102d0bc5d31b2546345219e348575eb80e9a0?s=96&d=mm&r=g","caption":"redazione"},"sameAs":["http:\/\/www.bellunopress.it","https:\/\/x.com\/bellunopress"],"url":"https:\/\/www.bellunopress.it\/fr\/author\/redazione\/"}]}},"_links":{"self":[{"href":"https:\/\/www.bellunopress.it\/fr\/wp-json\/wp\/v2\/posts\/87819","targetHints":{"allow":["GET"]}}],"collection":[{"href":"https:\/\/www.bellunopress.it\/fr\/wp-json\/wp\/v2\/posts"}],"about":[{"href":"https:\/\/www.bellunopress.it\/fr\/wp-json\/wp\/v2\/types\/post"}],"author":[{"embeddable":true,"href":"https:\/\/www.bellunopress.it\/fr\/wp-json\/wp\/v2\/users\/2"}],"replies":[{"embeddable":true,"href":"https:\/\/www.bellunopress.it\/fr\/wp-json\/wp\/v2\/comments?post=87819"}],"version-history":[{"count":3,"href":"https:\/\/www.bellunopress.it\/fr\/wp-json\/wp\/v2\/posts\/87819\/revisions"}],"predecessor-version":[{"id":87823,"href":"https:\/\/www.bellunopress.it\/fr\/wp-json\/wp\/v2\/posts\/87819\/revisions\/87823"}],"wp:attachment":[{"href":"https:\/\/www.bellunopress.it\/fr\/wp-json\/wp\/v2\/media?parent=87819"}],"wp:term":[{"taxonomy":"category","embeddable":true,"href":"https:\/\/www.bellunopress.it\/fr\/wp-json\/wp\/v2\/categories?post=87819"},{"taxonomy":"post_tag","embeddable":true,"href":"https:\/\/www.bellunopress.it\/fr\/wp-json\/wp\/v2\/tags?post=87819"}],"curies":[{"name":"wp","href":"https:\/\/api.w.org\/{rel}","templated":true}]}}