{"id":87805,"date":"2017-07-18T18:27:23","date_gmt":"2017-07-18T16:27:23","guid":{"rendered":"http:\/\/www.bellunopress.it\/?p=87805"},"modified":"2017-07-18T18:27:23","modified_gmt":"2017-07-18T16:27:23","slug":"il-treno-per-intercettare-i-flussi-di-claudia-scarzanella-presidente-di-confartigianato-belluno","status":"publish","type":"post","link":"https:\/\/www.bellunopress.it\/fr\/2017\/07\/18\/il-treno-per-intercettare-i-flussi-di-claudia-scarzanella-presidente-di-confartigianato-belluno\/","title":{"rendered":"Il treno per intercettare i flussi \u00a0*\u00a0di Claudia Scarzanella, presidente di Confartigianato Belluno"},"content":{"rendered":"<figure id=\"attachment_87680\" aria-describedby=\"caption-attachment-87680\" style=\"width: 300px\" class=\"wp-caption alignleft\"><a href=\"http:\/\/www.bellunopress.it\/fr\/2017\/07\/13\/confartigianato-belluno-cambio-al-vertice-claudia-scarzanella-subentra-a-giacomo-deon-e-la-prima-donna-a-presiedere-lassociazione\/scarzanella-claudia_presidente-confartigianato-belluno\/\" rel=\"attachment wp-att-87680\"><img loading=\"lazy\" decoding=\"async\" class=\"size-full wp-image-87680\" src=\"http:\/\/www.bellunopress.it\/wp-content\/uploads\/2017\/07\/Scarzanella-Claudia_presidente-Confartigianato-Belluno.jpg\" alt=\"\" width=\"300\" height=\"205\" \/><\/a><figcaption id=\"caption-attachment-87680\" class=\"wp-caption-text\">Claudia Scarzanella<\/figcaption><\/figure>\n<p>Oltre alle molteplici opportunit\u00e0 che il treno delle Dolomiti porter\u00e0 al nostro territorio, di cui abbiamo letto sui quotidiani in questi giorni, c&#8217;\u00e8 la previsione che riguarda l&#8217;inserimento nei flussi: quelli turistici, quelli economici e quelli sociali.<\/p>\n<p>\u00c8 importante, per ovvi motivi, essere dentro questi flussi e perci\u00f2 serve il nostro massimo impegno perch\u00e9 si creino le condizioni pi\u00f9 favorevoli. Il treno delle Dolomiti, in quanto grande progetto e servizio alla mobilit\u00e0, permetter\u00e0 alle terre alte la creazione di una situazione inedita che metter\u00e0 le basi per un legame pi\u00f9 stretto con la pianura e in particolare con Venezia. Quante volte ci siamo detti che intercettare, anche in minima parte, i flussi turistici che fanno capo a Venezia (oltre 20 milioni di persone) consentirebbe un incremento considerevole di presenze nel nostro territorio.<\/p>\n<p>Il treno delle Dolomiti, dentro il grande attrattore corso turistico costituito dalle Dolomiti, riassume in s\u00e9 alcune importanti pre-condizioni : \u00e8 una modalit\u00e0 comoda, economica, eco sostenibile che, come detto sopra, crea le condizioni pi\u00f9 favorevoli per intercettare quei flussi di cui il bellunese abbisogna. Se quanto detto corrisponde alle nostre esigenze, noi bellunesi dovremo avere a cuore il progetto fugando tutti i pericoli che aspetti secondari o di dettaglio possano minarlo alle radici.<\/p>\n<p>Parlarne \u00e8 doveroso, ma sempre con un occhio ai tempi: dieci anni da quando il progetto sar\u00e0 approvato.<\/p>\n<p>Claudia Scarzanella &#8211; presidente di Confartigianato Belluno<\/p>","protected":false},"excerpt":{"rendered":"<p>Oltre alle molteplici opportunit\u00e0 che il treno delle Dolomiti porter\u00e0 al nostro territorio, di cui abbiamo letto sui quotidiani in questi giorni, c&#8217;\u00e8 la previsione che riguarda l&#8217;inserimento nei flussi: quelli turistici, quelli economici e quelli sociali. \u00c8 importante, per ovvi motivi, essere dentro questi flussi e perci\u00f2 serve il nostro massimo impegno perch\u00e9 si [&hellip;]<\/p>\n","protected":false},"author":2,"featured_media":0,"comment_status":"closed","ping_status":"open","sticky":false,"template":"","format":"standard","meta":{"footnotes":""},"categories":[36,26],"tags":[],"class_list":["post-87805","post","type-post","status-publish","format-standard","category-lavoro-economia","category-prima-pagina"],"yoast_head":"<!-- This site is optimized with the Yoast SEO plugin v28.4 - https:\/\/yoast.com\/product\/yoast-seo-wordpress\/ -->\n<title>Il treno per intercettare i flussi \u00a0*\u00a0di Claudia Scarzanella, presidente di Confartigianato Belluno - Bellunopress - Dolomiti<\/title>\n<meta name=\"robots\" content=\"index, follow, max-snippet:-1, max-image-preview:large, max-video-preview:-1\" \/>\n<link rel=\"canonical\" href=\"https:\/\/www.bellunopress.it\/fr\/2017\/07\/18\/il-treno-per-intercettare-i-flussi-di-claudia-scarzanella-presidente-di-confartigianato-belluno\/\" \/>\n<meta property=\"og:locale\" content=\"fr_FR\" \/>\n<meta property=\"og:type\" content=\"article\" \/>\n<meta property=\"og:title\" content=\"Il treno per intercettare i flussi \u00a0*\u00a0di Claudia Scarzanella, presidente di Confartigianato Belluno - Bellunopress - Dolomiti\" \/>\n<meta property=\"og:description\" content=\"Oltre alle molteplici opportunit\u00e0 che il treno delle Dolomiti porter\u00e0 al nostro territorio, di cui abbiamo letto sui quotidiani in questi giorni, c&#8217;\u00e8 la previsione che riguarda l&#8217;inserimento nei flussi: quelli turistici, quelli economici e quelli sociali. \u00c8 importante, per ovvi motivi, essere dentro questi flussi e perci\u00f2 serve il nostro massimo impegno perch\u00e9 si [&hellip;]\" \/>\n<meta property=\"og:url\" content=\"https:\/\/www.bellunopress.it\/fr\/2017\/07\/18\/il-treno-per-intercettare-i-flussi-di-claudia-scarzanella-presidente-di-confartigianato-belluno\/\" \/>\n<meta property=\"og:site_name\" content=\"Bellunopress - Dolomiti\" \/>\n<meta property=\"article:publisher\" content=\"https:\/\/www.facebook.com\/profile.php?id=100008943462799\" \/>\n<meta property=\"article:published_time\" content=\"2017-07-18T16:27:23+00:00\" \/>\n<meta property=\"og:image\" content=\"http:\/\/www.bellunopress.it\/wp-content\/uploads\/2017\/07\/Scarzanella-Claudia_presidente-Confartigianato-Belluno.jpg\" \/>\n<meta name=\"author\" content=\"redazione\" \/>\n<meta name=\"twitter:card\" content=\"summary_large_image\" \/>\n<meta name=\"twitter:creator\" content=\"@bellunopress\" \/>\n<meta name=\"twitter:site\" content=\"@bellunopress\" \/>\n<meta name=\"twitter:label1\" content=\"\u00c9crit par\" \/>\n\t<meta name=\"twitter:data1\" content=\"redazione\" \/>\n\t<meta name=\"twitter:label2\" content=\"Dur\u00e9e de lecture estim\u00e9e\" \/>\n\t<meta name=\"twitter:data2\" content=\"1 minute\" \/>\n<script type=\"application\/ld+json\" class=\"yoast-schema-graph\">{\"@context\":\"https:\\\/\\\/schema.org\",\"@graph\":[{\"@type\":\"Article\",\"@id\":\"https:\\\/\\\/www.bellunopress.it\\\/2017\\\/07\\\/18\\\/il-treno-per-intercettare-i-flussi-di-claudia-scarzanella-presidente-di-confartigianato-belluno\\\/#article\",\"isPartOf\":{\"@id\":\"https:\\\/\\\/www.bellunopress.it\\\/2017\\\/07\\\/18\\\/il-treno-per-intercettare-i-flussi-di-claudia-scarzanella-presidente-di-confartigianato-belluno\\\/\"},\"author\":{\"name\":\"redazione\",\"@id\":\"https:\\\/\\\/www.bellunopress.it\\\/#\\\/schema\\\/person\\\/79bb06722b37ece1c03d3e94beb30d73\"},\"headline\":\"Il treno per intercettare i flussi \u00a0*\u00a0di Claudia Scarzanella, presidente di Confartigianato Belluno\",\"datePublished\":\"2017-07-18T16:27:23+00:00\",\"mainEntityOfPage\":{\"@id\":\"https:\\\/\\\/www.bellunopress.it\\\/2017\\\/07\\\/18\\\/il-treno-per-intercettare-i-flussi-di-claudia-scarzanella-presidente-di-confartigianato-belluno\\\/\"},\"wordCount\":249,\"publisher\":{\"@id\":\"https:\\\/\\\/www.bellunopress.it\\\/#organization\"},\"image\":{\"@id\":\"https:\\\/\\\/www.bellunopress.it\\\/2017\\\/07\\\/18\\\/il-treno-per-intercettare-i-flussi-di-claudia-scarzanella-presidente-di-confartigianato-belluno\\\/#primaryimage\"},\"thumbnailUrl\":\"http:\\\/\\\/www.bellunopress.it\\\/wp-content\\\/uploads\\\/2017\\\/07\\\/Scarzanella-Claudia_presidente-Confartigianato-Belluno.jpg\",\"articleSection\":[\"Lavoro, Economia, Turismo\",\"Prima Pagina\"],\"inLanguage\":\"fr-FR\"},{\"@type\":\"WebPage\",\"@id\":\"https:\\\/\\\/www.bellunopress.it\\\/2017\\\/07\\\/18\\\/il-treno-per-intercettare-i-flussi-di-claudia-scarzanella-presidente-di-confartigianato-belluno\\\/\",\"url\":\"https:\\\/\\\/www.bellunopress.it\\\/2017\\\/07\\\/18\\\/il-treno-per-intercettare-i-flussi-di-claudia-scarzanella-presidente-di-confartigianato-belluno\\\/\",\"name\":\"Il treno per intercettare i flussi \u00a0*\u00a0di Claudia Scarzanella, presidente di Confartigianato Belluno - Bellunopress - Dolomiti\",\"isPartOf\":{\"@id\":\"https:\\\/\\\/www.bellunopress.it\\\/#website\"},\"primaryImageOfPage\":{\"@id\":\"https:\\\/\\\/www.bellunopress.it\\\/2017\\\/07\\\/18\\\/il-treno-per-intercettare-i-flussi-di-claudia-scarzanella-presidente-di-confartigianato-belluno\\\/#primaryimage\"},\"image\":{\"@id\":\"https:\\\/\\\/www.bellunopress.it\\\/2017\\\/07\\\/18\\\/il-treno-per-intercettare-i-flussi-di-claudia-scarzanella-presidente-di-confartigianato-belluno\\\/#primaryimage\"},\"thumbnailUrl\":\"http:\\\/\\\/www.bellunopress.it\\\/wp-content\\\/uploads\\\/2017\\\/07\\\/Scarzanella-Claudia_presidente-Confartigianato-Belluno.jpg\",\"datePublished\":\"2017-07-18T16:27:23+00:00\",\"breadcrumb\":{\"@id\":\"https:\\\/\\\/www.bellunopress.it\\\/2017\\\/07\\\/18\\\/il-treno-per-intercettare-i-flussi-di-claudia-scarzanella-presidente-di-confartigianato-belluno\\\/#breadcrumb\"},\"inLanguage\":\"fr-FR\",\"potentialAction\":[{\"@type\":\"ReadAction\",\"target\":[\"https:\\\/\\\/www.bellunopress.it\\\/2017\\\/07\\\/18\\\/il-treno-per-intercettare-i-flussi-di-claudia-scarzanella-presidente-di-confartigianato-belluno\\\/\"]}]},{\"@type\":\"ImageObject\",\"inLanguage\":\"fr-FR\",\"@id\":\"https:\\\/\\\/www.bellunopress.it\\\/2017\\\/07\\\/18\\\/il-treno-per-intercettare-i-flussi-di-claudia-scarzanella-presidente-di-confartigianato-belluno\\\/#primaryimage\",\"url\":\"http:\\\/\\\/www.bellunopress.it\\\/wp-content\\\/uploads\\\/2017\\\/07\\\/Scarzanella-Claudia_presidente-Confartigianato-Belluno.jpg\",\"contentUrl\":\"http:\\\/\\\/www.bellunopress.it\\\/wp-content\\\/uploads\\\/2017\\\/07\\\/Scarzanella-Claudia_presidente-Confartigianato-Belluno.jpg\"},{\"@type\":\"BreadcrumbList\",\"@id\":\"https:\\\/\\\/www.bellunopress.it\\\/2017\\\/07\\\/18\\\/il-treno-per-intercettare-i-flussi-di-claudia-scarzanella-presidente-di-confartigianato-belluno\\\/#breadcrumb\",\"itemListElement\":[{\"@type\":\"ListItem\",\"position\":1,\"name\":\"Home\",\"item\":\"https:\\\/\\\/www.bellunopress.it\\\/\"},{\"@type\":\"ListItem\",\"position\":2,\"name\":\"Il treno per intercettare i flussi \u00a0*\u00a0di Claudia Scarzanella, presidente di Confartigianato Belluno\"}]},{\"@type\":\"WebSite\",\"@id\":\"https:\\\/\\\/www.bellunopress.it\\\/#website\",\"url\":\"https:\\\/\\\/www.bellunopress.it\\\/\",\"name\":\"Bellunopress - Dolomiti\",\"description\":\"e-mail: redazione@bellunopress.it\",\"publisher\":{\"@id\":\"https:\\\/\\\/www.bellunopress.it\\\/#organization\"},\"potentialAction\":[{\"@type\":\"SearchAction\",\"target\":{\"@type\":\"EntryPoint\",\"urlTemplate\":\"https:\\\/\\\/www.bellunopress.it\\\/?s={search_term_string}\"},\"query-input\":{\"@type\":\"PropertyValueSpecification\",\"valueRequired\":true,\"valueName\":\"search_term_string\"}}],\"inLanguage\":\"fr-FR\"},{\"@type\":\"Organization\",\"@id\":\"https:\\\/\\\/www.bellunopress.it\\\/#organization\",\"name\":\"Bellunopress\",\"url\":\"https:\\\/\\\/www.bellunopress.it\\\/\",\"logo\":{\"@type\":\"ImageObject\",\"inLanguage\":\"fr-FR\",\"@id\":\"https:\\\/\\\/www.bellunopress.it\\\/#\\\/schema\\\/logo\\\/image\\\/\",\"url\":\"https:\\\/\\\/www.bellunopress.it\\\/wp-content\\\/uploads\\\/2011\\\/05\\\/cropped-logo-bellunopress-.jpg\",\"contentUrl\":\"https:\\\/\\\/www.bellunopress.it\\\/wp-content\\\/uploads\\\/2011\\\/05\\\/cropped-logo-bellunopress-.jpg\",\"width\":512,\"height\":512,\"caption\":\"Bellunopress\"},\"image\":{\"@id\":\"https:\\\/\\\/www.bellunopress.it\\\/#\\\/schema\\\/logo\\\/image\\\/\"},\"sameAs\":[\"https:\\\/\\\/www.facebook.com\\\/profile.php?id=100008943462799\",\"https:\\\/\\\/x.com\\\/bellunopress\",\"https:\\\/\\\/www.linkedin.com\\\/hp\\\/?dnr=JBzUWaJfMUw8vbXJJ2tVW5-I3jZKvC4wsoxE&amp;amp;amp;amp;amp;amp;trk=nav_responsive_tab_home\",\"https:\\\/\\\/www.youtube.com\\\/channel\\\/UCxL0wu1uN0_3_7hGG0306cw\"]},{\"@type\":\"Person\",\"@id\":\"https:\\\/\\\/www.bellunopress.it\\\/#\\\/schema\\\/person\\\/79bb06722b37ece1c03d3e94beb30d73\",\"name\":\"redazione\",\"image\":{\"@type\":\"ImageObject\",\"inLanguage\":\"fr-FR\",\"@id\":\"https:\\\/\\\/secure.gravatar.com\\\/avatar\\\/37d968a2e67a6fd04c169c4bdef102d0bc5d31b2546345219e348575eb80e9a0?s=96&d=mm&r=g\",\"url\":\"https:\\\/\\\/secure.gravatar.com\\\/avatar\\\/37d968a2e67a6fd04c169c4bdef102d0bc5d31b2546345219e348575eb80e9a0?s=96&d=mm&r=g\",\"contentUrl\":\"https:\\\/\\\/secure.gravatar.com\\\/avatar\\\/37d968a2e67a6fd04c169c4bdef102d0bc5d31b2546345219e348575eb80e9a0?s=96&d=mm&r=g\",\"caption\":\"redazione\"},\"sameAs\":[\"http:\\\/\\\/www.bellunopress.it\",\"https:\\\/\\\/x.com\\\/bellunopress\"],\"url\":\"https:\\\/\\\/www.bellunopress.it\\\/fr\\\/author\\\/redazione\\\/\"}]}<\/script>\n<!-- \/ Yoast SEO plugin. -->","yoast_head_json":{"title":"Il treno per intercettare i flussi \u00a0*\u00a0di Claudia Scarzanella, presidente di Confartigianato Belluno - Bellunopress - Dolomiti","robots":{"index":"index","follow":"follow","max-snippet":"max-snippet:-1","max-image-preview":"max-image-preview:large","max-video-preview":"max-video-preview:-1"},"canonical":"https:\/\/www.bellunopress.it\/fr\/2017\/07\/18\/il-treno-per-intercettare-i-flussi-di-claudia-scarzanella-presidente-di-confartigianato-belluno\/","og_locale":"fr_FR","og_type":"article","og_title":"Il treno per intercettare i flussi \u00a0*\u00a0di Claudia Scarzanella, presidente di Confartigianato Belluno - Bellunopress - Dolomiti","og_description":"Oltre alle molteplici opportunit\u00e0 che il treno delle Dolomiti porter\u00e0 al nostro territorio, di cui abbiamo letto sui quotidiani in questi giorni, c&#8217;\u00e8 la previsione che riguarda l&#8217;inserimento nei flussi: quelli turistici, quelli economici e quelli sociali. \u00c8 importante, per ovvi motivi, essere dentro questi flussi e perci\u00f2 serve il nostro massimo impegno perch\u00e9 si [&hellip;]","og_url":"https:\/\/www.bellunopress.it\/fr\/2017\/07\/18\/il-treno-per-intercettare-i-flussi-di-claudia-scarzanella-presidente-di-confartigianato-belluno\/","og_site_name":"Bellunopress - Dolomiti","article_publisher":"https:\/\/www.facebook.com\/profile.php?id=100008943462799","article_published_time":"2017-07-18T16:27:23+00:00","og_image":[{"url":"http:\/\/www.bellunopress.it\/wp-content\/uploads\/2017\/07\/Scarzanella-Claudia_presidente-Confartigianato-Belluno.jpg","type":"","width":"","height":""}],"author":"redazione","twitter_card":"summary_large_image","twitter_creator":"@bellunopress","twitter_site":"@bellunopress","twitter_misc":{"\u00c9crit par":"redazione","Dur\u00e9e de lecture estim\u00e9e":"1 minute"},"schema":{"@context":"https:\/\/schema.org","@graph":[{"@type":"Article","@id":"https:\/\/www.bellunopress.it\/2017\/07\/18\/il-treno-per-intercettare-i-flussi-di-claudia-scarzanella-presidente-di-confartigianato-belluno\/#article","isPartOf":{"@id":"https:\/\/www.bellunopress.it\/2017\/07\/18\/il-treno-per-intercettare-i-flussi-di-claudia-scarzanella-presidente-di-confartigianato-belluno\/"},"author":{"name":"redazione","@id":"https:\/\/www.bellunopress.it\/#\/schema\/person\/79bb06722b37ece1c03d3e94beb30d73"},"headline":"Il treno per intercettare i flussi \u00a0*\u00a0di Claudia Scarzanella, presidente di Confartigianato Belluno","datePublished":"2017-07-18T16:27:23+00:00","mainEntityOfPage":{"@id":"https:\/\/www.bellunopress.it\/2017\/07\/18\/il-treno-per-intercettare-i-flussi-di-claudia-scarzanella-presidente-di-confartigianato-belluno\/"},"wordCount":249,"publisher":{"@id":"https:\/\/www.bellunopress.it\/#organization"},"image":{"@id":"https:\/\/www.bellunopress.it\/2017\/07\/18\/il-treno-per-intercettare-i-flussi-di-claudia-scarzanella-presidente-di-confartigianato-belluno\/#primaryimage"},"thumbnailUrl":"http:\/\/www.bellunopress.it\/wp-content\/uploads\/2017\/07\/Scarzanella-Claudia_presidente-Confartigianato-Belluno.jpg","articleSection":["Lavoro, Economia, Turismo","Prima Pagina"],"inLanguage":"fr-FR"},{"@type":"WebPage","@id":"https:\/\/www.bellunopress.it\/2017\/07\/18\/il-treno-per-intercettare-i-flussi-di-claudia-scarzanella-presidente-di-confartigianato-belluno\/","url":"https:\/\/www.bellunopress.it\/2017\/07\/18\/il-treno-per-intercettare-i-flussi-di-claudia-scarzanella-presidente-di-confartigianato-belluno\/","name":"Il treno per intercettare i flussi \u00a0*\u00a0di Claudia Scarzanella, presidente di Confartigianato Belluno - Bellunopress - Dolomiti","isPartOf":{"@id":"https:\/\/www.bellunopress.it\/#website"},"primaryImageOfPage":{"@id":"https:\/\/www.bellunopress.it\/2017\/07\/18\/il-treno-per-intercettare-i-flussi-di-claudia-scarzanella-presidente-di-confartigianato-belluno\/#primaryimage"},"image":{"@id":"https:\/\/www.bellunopress.it\/2017\/07\/18\/il-treno-per-intercettare-i-flussi-di-claudia-scarzanella-presidente-di-confartigianato-belluno\/#primaryimage"},"thumbnailUrl":"http:\/\/www.bellunopress.it\/wp-content\/uploads\/2017\/07\/Scarzanella-Claudia_presidente-Confartigianato-Belluno.jpg","datePublished":"2017-07-18T16:27:23+00:00","breadcrumb":{"@id":"https:\/\/www.bellunopress.it\/2017\/07\/18\/il-treno-per-intercettare-i-flussi-di-claudia-scarzanella-presidente-di-confartigianato-belluno\/#breadcrumb"},"inLanguage":"fr-FR","potentialAction":[{"@type":"ReadAction","target":["https:\/\/www.bellunopress.it\/2017\/07\/18\/il-treno-per-intercettare-i-flussi-di-claudia-scarzanella-presidente-di-confartigianato-belluno\/"]}]},{"@type":"ImageObject","inLanguage":"fr-FR","@id":"https:\/\/www.bellunopress.it\/2017\/07\/18\/il-treno-per-intercettare-i-flussi-di-claudia-scarzanella-presidente-di-confartigianato-belluno\/#primaryimage","url":"http:\/\/www.bellunopress.it\/wp-content\/uploads\/2017\/07\/Scarzanella-Claudia_presidente-Confartigianato-Belluno.jpg","contentUrl":"http:\/\/www.bellunopress.it\/wp-content\/uploads\/2017\/07\/Scarzanella-Claudia_presidente-Confartigianato-Belluno.jpg"},{"@type":"BreadcrumbList","@id":"https:\/\/www.bellunopress.it\/2017\/07\/18\/il-treno-per-intercettare-i-flussi-di-claudia-scarzanella-presidente-di-confartigianato-belluno\/#breadcrumb","itemListElement":[{"@type":"ListItem","position":1,"name":"Home","item":"https:\/\/www.bellunopress.it\/"},{"@type":"ListItem","position":2,"name":"Il treno per intercettare i flussi \u00a0*\u00a0di Claudia Scarzanella, presidente di Confartigianato Belluno"}]},{"@type":"WebSite","@id":"https:\/\/www.bellunopress.it\/#website","url":"https:\/\/www.bellunopress.it\/","name":"Bellunopress - Dolomiti","description":"e-mail: redazione@bellunopress.it","publisher":{"@id":"https:\/\/www.bellunopress.it\/#organization"},"potentialAction":[{"@type":"SearchAction","target":{"@type":"EntryPoint","urlTemplate":"https:\/\/www.bellunopress.it\/?s={search_term_string}"},"query-input":{"@type":"PropertyValueSpecification","valueRequired":true,"valueName":"search_term_string"}}],"inLanguage":"fr-FR"},{"@type":"Organization","@id":"https:\/\/www.bellunopress.it\/#organization","name":"Bellunopress","url":"https:\/\/www.bellunopress.it\/","logo":{"@type":"ImageObject","inLanguage":"fr-FR","@id":"https:\/\/www.bellunopress.it\/#\/schema\/logo\/image\/","url":"https:\/\/www.bellunopress.it\/wp-content\/uploads\/2011\/05\/cropped-logo-bellunopress-.jpg","contentUrl":"https:\/\/www.bellunopress.it\/wp-content\/uploads\/2011\/05\/cropped-logo-bellunopress-.jpg","width":512,"height":512,"caption":"Bellunopress"},"image":{"@id":"https:\/\/www.bellunopress.it\/#\/schema\/logo\/image\/"},"sameAs":["https:\/\/www.facebook.com\/profile.php?id=100008943462799","https:\/\/x.com\/bellunopress","https:\/\/www.linkedin.com\/hp\/?dnr=JBzUWaJfMUw8vbXJJ2tVW5-I3jZKvC4wsoxE&amp;amp;amp;amp;amp;amp;trk=nav_responsive_tab_home","https:\/\/www.youtube.com\/channel\/UCxL0wu1uN0_3_7hGG0306cw"]},{"@type":"Person","@id":"https:\/\/www.bellunopress.it\/#\/schema\/person\/79bb06722b37ece1c03d3e94beb30d73","name":"r\u00e9daction","image":{"@type":"ImageObject","inLanguage":"fr-FR","@id":"https:\/\/secure.gravatar.com\/avatar\/37d968a2e67a6fd04c169c4bdef102d0bc5d31b2546345219e348575eb80e9a0?s=96&d=mm&r=g","url":"https:\/\/secure.gravatar.com\/avatar\/37d968a2e67a6fd04c169c4bdef102d0bc5d31b2546345219e348575eb80e9a0?s=96&d=mm&r=g","contentUrl":"https:\/\/secure.gravatar.com\/avatar\/37d968a2e67a6fd04c169c4bdef102d0bc5d31b2546345219e348575eb80e9a0?s=96&d=mm&r=g","caption":"redazione"},"sameAs":["http:\/\/www.bellunopress.it","https:\/\/x.com\/bellunopress"],"url":"https:\/\/www.bellunopress.it\/fr\/author\/redazione\/"}]}},"_links":{"self":[{"href":"https:\/\/www.bellunopress.it\/fr\/wp-json\/wp\/v2\/posts\/87805","targetHints":{"allow":["GET"]}}],"collection":[{"href":"https:\/\/www.bellunopress.it\/fr\/wp-json\/wp\/v2\/posts"}],"about":[{"href":"https:\/\/www.bellunopress.it\/fr\/wp-json\/wp\/v2\/types\/post"}],"author":[{"embeddable":true,"href":"https:\/\/www.bellunopress.it\/fr\/wp-json\/wp\/v2\/users\/2"}],"replies":[{"embeddable":true,"href":"https:\/\/www.bellunopress.it\/fr\/wp-json\/wp\/v2\/comments?post=87805"}],"version-history":[{"count":1,"href":"https:\/\/www.bellunopress.it\/fr\/wp-json\/wp\/v2\/posts\/87805\/revisions"}],"predecessor-version":[{"id":87806,"href":"https:\/\/www.bellunopress.it\/fr\/wp-json\/wp\/v2\/posts\/87805\/revisions\/87806"}],"wp:attachment":[{"href":"https:\/\/www.bellunopress.it\/fr\/wp-json\/wp\/v2\/media?parent=87805"}],"wp:term":[{"taxonomy":"category","embeddable":true,"href":"https:\/\/www.bellunopress.it\/fr\/wp-json\/wp\/v2\/categories?post=87805"},{"taxonomy":"post_tag","embeddable":true,"href":"https:\/\/www.bellunopress.it\/fr\/wp-json\/wp\/v2\/tags?post=87805"}],"curies":[{"name":"wp","href":"https:\/\/api.w.org\/{rel}","templated":true}]}}