{"id":87801,"date":"2017-07-18T18:15:35","date_gmt":"2017-07-18T16:15:35","guid":{"rendered":"http:\/\/www.bellunopress.it\/?p=87801"},"modified":"2017-07-18T18:15:35","modified_gmt":"2017-07-18T16:15:35","slug":"venerdi-alle-14-45-le-auto-storiche-della-coppa-doro-delle-dolomiti-sfilano-in-piazza-dei-martiri-a-belluno","status":"publish","type":"post","link":"https:\/\/www.bellunopress.it\/fr\/2017\/07\/18\/venerdi-alle-14-45-le-auto-storiche-della-coppa-doro-delle-dolomiti-sfilano-in-piazza-dei-martiri-a-belluno\/","title":{"rendered":"Venerd\u00ec alle 14.45 le auto storiche della Coppa d&#8217;Oro delle Dolomiti sfilano in piazza dei Martiri a Belluno"},"content":{"rendered":"<p>E\u2019 un\u2019edizione \u201cdi ferro\u201d quella che, da gioved\u00ec 20 a domenica 23 luglio, vivr\u00e0 la Coppa d\u2019Oro delle Dolomiti. La prestigiosissima kermesse per auto storiche del cui marchio \u00e8 titolare l\u2019Automobile Club Belluno, torna a deliziare gli appassionati con la sua preziosa, colorita e rombante carovana settant\u2019anni dopo la prima edizione. La Coppa d\u2019Oro delle Dolomiti \u00e8 un classico appuntamento motoristico-mondano che unisce alla suggestione dei percorsi dolomitici il fascino di pezzi unici da collezione, di valore talvolta inestimabile.<\/p>\n<p><a href=\"http:\/\/www.bellunopress.it\/fr\/2017\/07\/14\/coppa-doro-delle-dolomiti-2017-piu-di-100-equipaggi-al-via-per-celebrare-i-70-anni\/coppa-doro-delle-dolomiti-2\/\" rel=\"attachment wp-att-87701\"><img loading=\"lazy\" decoding=\"async\" class=\"alignleft size-full wp-image-87701\" src=\"http:\/\/www.bellunopress.it\/wp-content\/uploads\/2017\/07\/Coppa-dOro-delle-Dolomiti.jpg\" alt=\"\" width=\"300\" height=\"200\" \/><\/a>La Coppa d\u2019Oro delle Dolomiti \u00e8 assieme a Mille Miglia e Targa Florio uno dei tre Grandi Eventi di Regolarit\u00e0 Classica nel Calendario Internazionale ACI Sport \/FIA ed \u00e8 la seconda prova del Primo Campionato Italiano Grandi Eventi Regolarit\u00e0 che comprende anche Targa Florio Classica e Gran Premio Nuvolari. L\u2019edizione dei settant\u2019anni si aprir\u00e0 gioved\u00ec con l\u2019arrivo a Cortina d\u2019Ampezzo degli oltre 100 equipaggi provenienti da oltre 15 Paesi del Mondo, in gara con auto costruite tra il 1919 e il 1961. E\u2019 prevista anche una categoria speciale vetture realizzate tra il 1962 e il 1967, di particolare interesse storico o sportivo.<\/p>\n<p>Da venerd\u00ec a sabato le auto storiche, che saranno seguite da 10 Ferrari moderne, affronteranno un percorso il cui tracciato, nel primo giorno di gara, cio\u00e8 venerd\u00ec 21 luglio, ricalcher\u00e0 il tradizionale percorso delle prime edizioni, quelle dal 1947 al 1956, lungo 303,800 km; nel secondo giorno, un percorso che \u00e8 un autentico \u201dfestival di passi dolomitici\u201d. La presenza delle 10 Ferrari ha un significato: anche il Cavallino rampante quest\u2019anno celebra i suoi primi settant\u2019anni.<\/p>\n<p><a href=\"http:\/\/www.bellunopress.it\/fr\/2016\/07\/23\/coppa-doro-delle-dolomiti-2016-moceri-al-comando-delle-prove-finali-passaggio-piazza-dei-martiri\/coppa-doro-2016-belluno\/\" rel=\"attachment wp-att-79396\"><img loading=\"lazy\" decoding=\"async\" class=\"alignleft size-full wp-image-79396\" src=\"http:\/\/www.bellunopress.it\/wp-content\/uploads\/2016\/07\/coppa-doro-2016-belluno.jpg\" alt=\"\" width=\"300\" height=\"200\" \/><\/a>La tappa di venerd\u00ec 21, per celebrare il traguardo dei settant\u2019anni, avr\u00e0 il suo clou attorno alle ore 14.45 con il passaggio pomeridiano a Belluno, in Piazza Martiri, il \u201csalotto\u201d della citt\u00e0, con sosta davanti a Palazzo Capellari della Colomba, Sede dell\u2019Automobile Club fondatore della corsa. Gli equipaggi avranno la possibilit\u00e0 di farsi immortalare davanti al pannello del pittore Luigi Vardanega, nell\u2019atrio del Palazzo, proprio ai piedi dello scalone del Segusino: vi \u00e8 raffigurato il percorso storico della Coppa d\u2019Oro delle Dolomiti e trascritti i piazzamenti delle edizioni storiche.<\/p>\n<p>Nel 1947 la Coppa delle Dolomiti (questo in nome originario) nacque per volont\u00e0 dell\u2019allora presidente dell\u2019Automobile Club Belluno, Ferruccio Gidoni. Fino al 1956 se ne disputarono dieci edizioni, che ebbero come testimonial d\u2019eccezione Tazio Nuvolari. Fin dal suo debutto la corsa si segnal\u00f2 per l\u2019unicit\u00e0 del tracciato e il fascino degli spettacolari paesaggi delle Dolomiti che le facevano da cornice. Sono solo due i piloti che hanno conquistato il Trofeo della Coppa d\u2019Oro, con la riproduzione del cippo chilometrico della SS 48 di Cortina: Salvatore Ammendola (per il triennio 1950-1952) e Giulio Cabianca (1953-1955). Per regolamento, infatti, il trofeo sarebbe stato definitivamente assegnato a quel pilota che in tre edizioni consecutive avesse il tempo complessivo migliore.<\/p>\n<p><a href=\"http:\/\/www.bellunopress.it\/fr\/2017\/07\/18\/venerdi-alle-14-45-le-auto-storiche-della-coppa-doro-delle-dolomiti-sfilano-in-piazza-dei-martiri-a-belluno\/ferruccio-gidoni-alla-coppa-delle-dolomiti-1947-alla-guida-della-fiat-1100-il-figlio-berto\/\" rel=\"attachment wp-att-87802\"><img loading=\"lazy\" decoding=\"async\" class=\"alignleft size-full wp-image-87802\" src=\"http:\/\/www.bellunopress.it\/wp-content\/uploads\/2017\/07\/Ferruccio-Gidoni-alla-Coppa-delle-Dolomiti-1947-Alla-guida-della-Fiat-1100-il-figlio-Berto.jpg\" alt=\"\" width=\"300\" height=\"185\" \/><\/a><\/p>\n<p>In quella prima edizione del 1947 furono ben 10 i piloti bellunesi, tra cui spiccavano i cugini Alberto (\u201cBerto\u201d) e Guido Gidoni, Egidio Gorza e il feltrino Massimo Ferrazzi. Merita una menzione \u201cBerto\u201d Gidoni: si classific\u00f2 terzo assoluto con una gara superba, tanto da meritare i complimenti del decano dei giornalisti d\u2019automobilismo dell\u2019epoca, l\u2019ing. Giovanni Canestrini, presente a Cortina, che era stato uno degli ideatori di Mille Miglia. \u201cBerto\u201d fu superato dall\u2019Alfa Romeo 6C 2500\/256 ante guerra di Salvatore Ammendola e da Piero Dusio, fondatore della Cisitalia, alla guida di una 202 MM, forse la pi\u00f9 bella macchina italiana di tutti i tempi. (Nella foto in bianco e nero: Ferruccio Gidoni alla partenza della Coppa delle Dolomiti con alla guida della Fiat 1100 il figlio Berto. A Cortina d&#8217;Ampezzo il 20 luglio 1947).<\/p>","protected":false},"excerpt":{"rendered":"<p>E\u2019 un\u2019edizione \u201cdi ferro\u201d quella che, da gioved\u00ec 20 a domenica 23 luglio, vivr\u00e0 la Coppa d\u2019Oro delle Dolomiti. La prestigiosissima kermesse per auto storiche del cui marchio \u00e8 titolare l\u2019Automobile Club Belluno, torna a deliziare gli appassionati con la sua preziosa, colorita e rombante carovana settant\u2019anni dopo la prima edizione. La Coppa d\u2019Oro delle [&hellip;]<\/p>\n","protected":false},"author":2,"featured_media":0,"comment_status":"closed","ping_status":"open","sticky":false,"template":"","format":"standard","meta":{"footnotes":""},"categories":[27,25,4],"tags":[3262],"class_list":["post-87801","post","type-post","status-publish","format-standard","category-appuntamenti","category-pausa-caffe","category-sport","tag-coppa-doro-delle-dolomiti-2017"],"yoast_head":"<!-- This site is optimized with the Yoast SEO plugin v28.4 - https:\/\/yoast.com\/product\/yoast-seo-wordpress\/ -->\n<title>Venerd\u00ec alle 14.45 le auto storiche della Coppa d&#039;Oro delle Dolomiti sfilano in piazza dei Martiri a Belluno - Bellunopress - Dolomiti<\/title>\n<meta name=\"robots\" content=\"index, follow, max-snippet:-1, max-image-preview:large, max-video-preview:-1\" \/>\n<link rel=\"canonical\" href=\"https:\/\/www.bellunopress.it\/fr\/2017\/07\/18\/venerdi-alle-14-45-le-auto-storiche-della-coppa-doro-delle-dolomiti-sfilano-in-piazza-dei-martiri-a-belluno\/\" \/>\n<meta property=\"og:locale\" content=\"fr_FR\" \/>\n<meta property=\"og:type\" content=\"article\" \/>\n<meta property=\"og:title\" content=\"Venerd\u00ec alle 14.45 le auto storiche della Coppa d&#039;Oro delle Dolomiti sfilano in piazza dei Martiri a Belluno - Bellunopress - Dolomiti\" \/>\n<meta property=\"og:description\" content=\"E\u2019 un\u2019edizione \u201cdi ferro\u201d quella che, da gioved\u00ec 20 a domenica 23 luglio, vivr\u00e0 la Coppa d\u2019Oro delle Dolomiti. La prestigiosissima kermesse per auto storiche del cui marchio \u00e8 titolare l\u2019Automobile Club Belluno, torna a deliziare gli appassionati con la sua preziosa, colorita e rombante carovana settant\u2019anni dopo la prima edizione. La Coppa d\u2019Oro delle [&hellip;]\" \/>\n<meta property=\"og:url\" content=\"https:\/\/www.bellunopress.it\/fr\/2017\/07\/18\/venerdi-alle-14-45-le-auto-storiche-della-coppa-doro-delle-dolomiti-sfilano-in-piazza-dei-martiri-a-belluno\/\" \/>\n<meta property=\"og:site_name\" content=\"Bellunopress - Dolomiti\" \/>\n<meta property=\"article:publisher\" content=\"https:\/\/www.facebook.com\/profile.php?id=100008943462799\" \/>\n<meta property=\"article:published_time\" content=\"2017-07-18T16:15:35+00:00\" \/>\n<meta property=\"og:image\" content=\"http:\/\/www.bellunopress.it\/wp-content\/uploads\/2017\/07\/Coppa-dOro-delle-Dolomiti.jpg\" \/>\n<meta name=\"author\" content=\"redazione\" \/>\n<meta name=\"twitter:card\" content=\"summary_large_image\" \/>\n<meta name=\"twitter:creator\" content=\"@bellunopress\" \/>\n<meta name=\"twitter:site\" content=\"@bellunopress\" \/>\n<meta name=\"twitter:label1\" content=\"\u00c9crit par\" \/>\n\t<meta name=\"twitter:data1\" content=\"redazione\" \/>\n\t<meta name=\"twitter:label2\" content=\"Dur\u00e9e de lecture estim\u00e9e\" \/>\n\t<meta name=\"twitter:data2\" content=\"3 minutes\" \/>\n<script type=\"application\/ld+json\" class=\"yoast-schema-graph\">{\"@context\":\"https:\\\/\\\/schema.org\",\"@graph\":[{\"@type\":\"Article\",\"@id\":\"https:\\\/\\\/www.bellunopress.it\\\/2017\\\/07\\\/18\\\/venerdi-alle-14-45-le-auto-storiche-della-coppa-doro-delle-dolomiti-sfilano-in-piazza-dei-martiri-a-belluno\\\/#article\",\"isPartOf\":{\"@id\":\"https:\\\/\\\/www.bellunopress.it\\\/2017\\\/07\\\/18\\\/venerdi-alle-14-45-le-auto-storiche-della-coppa-doro-delle-dolomiti-sfilano-in-piazza-dei-martiri-a-belluno\\\/\"},\"author\":{\"name\":\"redazione\",\"@id\":\"https:\\\/\\\/www.bellunopress.it\\\/#\\\/schema\\\/person\\\/79bb06722b37ece1c03d3e94beb30d73\"},\"headline\":\"Venerd\u00ec alle 14.45 le auto storiche della Coppa d&#8217;Oro delle Dolomiti sfilano in piazza dei Martiri a Belluno\",\"datePublished\":\"2017-07-18T16:15:35+00:00\",\"mainEntityOfPage\":{\"@id\":\"https:\\\/\\\/www.bellunopress.it\\\/2017\\\/07\\\/18\\\/venerdi-alle-14-45-le-auto-storiche-della-coppa-doro-delle-dolomiti-sfilano-in-piazza-dei-martiri-a-belluno\\\/\"},\"wordCount\":606,\"publisher\":{\"@id\":\"https:\\\/\\\/www.bellunopress.it\\\/#organization\"},\"image\":{\"@id\":\"https:\\\/\\\/www.bellunopress.it\\\/2017\\\/07\\\/18\\\/venerdi-alle-14-45-le-auto-storiche-della-coppa-doro-delle-dolomiti-sfilano-in-piazza-dei-martiri-a-belluno\\\/#primaryimage\"},\"thumbnailUrl\":\"http:\\\/\\\/www.bellunopress.it\\\/wp-content\\\/uploads\\\/2017\\\/07\\\/Coppa-dOro-delle-Dolomiti.jpg\",\"keywords\":[\"Coppa d'Oro delle Dolomiti 2017\"],\"articleSection\":[\"Appuntamenti, Eventi\",\"Pausa Caff\u00e8\",\"Sport, tempo libero\"],\"inLanguage\":\"fr-FR\"},{\"@type\":\"WebPage\",\"@id\":\"https:\\\/\\\/www.bellunopress.it\\\/2017\\\/07\\\/18\\\/venerdi-alle-14-45-le-auto-storiche-della-coppa-doro-delle-dolomiti-sfilano-in-piazza-dei-martiri-a-belluno\\\/\",\"url\":\"https:\\\/\\\/www.bellunopress.it\\\/2017\\\/07\\\/18\\\/venerdi-alle-14-45-le-auto-storiche-della-coppa-doro-delle-dolomiti-sfilano-in-piazza-dei-martiri-a-belluno\\\/\",\"name\":\"Venerd\u00ec alle 14.45 le auto storiche della Coppa d'Oro delle Dolomiti sfilano in piazza dei Martiri a Belluno - Bellunopress - Dolomiti\",\"isPartOf\":{\"@id\":\"https:\\\/\\\/www.bellunopress.it\\\/#website\"},\"primaryImageOfPage\":{\"@id\":\"https:\\\/\\\/www.bellunopress.it\\\/2017\\\/07\\\/18\\\/venerdi-alle-14-45-le-auto-storiche-della-coppa-doro-delle-dolomiti-sfilano-in-piazza-dei-martiri-a-belluno\\\/#primaryimage\"},\"image\":{\"@id\":\"https:\\\/\\\/www.bellunopress.it\\\/2017\\\/07\\\/18\\\/venerdi-alle-14-45-le-auto-storiche-della-coppa-doro-delle-dolomiti-sfilano-in-piazza-dei-martiri-a-belluno\\\/#primaryimage\"},\"thumbnailUrl\":\"http:\\\/\\\/www.bellunopress.it\\\/wp-content\\\/uploads\\\/2017\\\/07\\\/Coppa-dOro-delle-Dolomiti.jpg\",\"datePublished\":\"2017-07-18T16:15:35+00:00\",\"breadcrumb\":{\"@id\":\"https:\\\/\\\/www.bellunopress.it\\\/2017\\\/07\\\/18\\\/venerdi-alle-14-45-le-auto-storiche-della-coppa-doro-delle-dolomiti-sfilano-in-piazza-dei-martiri-a-belluno\\\/#breadcrumb\"},\"inLanguage\":\"fr-FR\",\"potentialAction\":[{\"@type\":\"ReadAction\",\"target\":[\"https:\\\/\\\/www.bellunopress.it\\\/2017\\\/07\\\/18\\\/venerdi-alle-14-45-le-auto-storiche-della-coppa-doro-delle-dolomiti-sfilano-in-piazza-dei-martiri-a-belluno\\\/\"]}]},{\"@type\":\"ImageObject\",\"inLanguage\":\"fr-FR\",\"@id\":\"https:\\\/\\\/www.bellunopress.it\\\/2017\\\/07\\\/18\\\/venerdi-alle-14-45-le-auto-storiche-della-coppa-doro-delle-dolomiti-sfilano-in-piazza-dei-martiri-a-belluno\\\/#primaryimage\",\"url\":\"http:\\\/\\\/www.bellunopress.it\\\/wp-content\\\/uploads\\\/2017\\\/07\\\/Coppa-dOro-delle-Dolomiti.jpg\",\"contentUrl\":\"http:\\\/\\\/www.bellunopress.it\\\/wp-content\\\/uploads\\\/2017\\\/07\\\/Coppa-dOro-delle-Dolomiti.jpg\"},{\"@type\":\"BreadcrumbList\",\"@id\":\"https:\\\/\\\/www.bellunopress.it\\\/2017\\\/07\\\/18\\\/venerdi-alle-14-45-le-auto-storiche-della-coppa-doro-delle-dolomiti-sfilano-in-piazza-dei-martiri-a-belluno\\\/#breadcrumb\",\"itemListElement\":[{\"@type\":\"ListItem\",\"position\":1,\"name\":\"Home\",\"item\":\"https:\\\/\\\/www.bellunopress.it\\\/\"},{\"@type\":\"ListItem\",\"position\":2,\"name\":\"Venerd\u00ec alle 14.45 le auto storiche della Coppa d&#8217;Oro delle Dolomiti sfilano in piazza dei Martiri a Belluno\"}]},{\"@type\":\"WebSite\",\"@id\":\"https:\\\/\\\/www.bellunopress.it\\\/#website\",\"url\":\"https:\\\/\\\/www.bellunopress.it\\\/\",\"name\":\"Bellunopress - Dolomiti\",\"description\":\"e-mail: redazione@bellunopress.it\",\"publisher\":{\"@id\":\"https:\\\/\\\/www.bellunopress.it\\\/#organization\"},\"potentialAction\":[{\"@type\":\"SearchAction\",\"target\":{\"@type\":\"EntryPoint\",\"urlTemplate\":\"https:\\\/\\\/www.bellunopress.it\\\/?s={search_term_string}\"},\"query-input\":{\"@type\":\"PropertyValueSpecification\",\"valueRequired\":true,\"valueName\":\"search_term_string\"}}],\"inLanguage\":\"fr-FR\"},{\"@type\":\"Organization\",\"@id\":\"https:\\\/\\\/www.bellunopress.it\\\/#organization\",\"name\":\"Bellunopress\",\"url\":\"https:\\\/\\\/www.bellunopress.it\\\/\",\"logo\":{\"@type\":\"ImageObject\",\"inLanguage\":\"fr-FR\",\"@id\":\"https:\\\/\\\/www.bellunopress.it\\\/#\\\/schema\\\/logo\\\/image\\\/\",\"url\":\"https:\\\/\\\/www.bellunopress.it\\\/wp-content\\\/uploads\\\/2011\\\/05\\\/cropped-logo-bellunopress-.jpg\",\"contentUrl\":\"https:\\\/\\\/www.bellunopress.it\\\/wp-content\\\/uploads\\\/2011\\\/05\\\/cropped-logo-bellunopress-.jpg\",\"width\":512,\"height\":512,\"caption\":\"Bellunopress\"},\"image\":{\"@id\":\"https:\\\/\\\/www.bellunopress.it\\\/#\\\/schema\\\/logo\\\/image\\\/\"},\"sameAs\":[\"https:\\\/\\\/www.facebook.com\\\/profile.php?id=100008943462799\",\"https:\\\/\\\/x.com\\\/bellunopress\",\"https:\\\/\\\/www.linkedin.com\\\/hp\\\/?dnr=JBzUWaJfMUw8vbXJJ2tVW5-I3jZKvC4wsoxE&amp;amp;amp;amp;amp;amp;trk=nav_responsive_tab_home\",\"https:\\\/\\\/www.youtube.com\\\/channel\\\/UCxL0wu1uN0_3_7hGG0306cw\"]},{\"@type\":\"Person\",\"@id\":\"https:\\\/\\\/www.bellunopress.it\\\/#\\\/schema\\\/person\\\/79bb06722b37ece1c03d3e94beb30d73\",\"name\":\"redazione\",\"image\":{\"@type\":\"ImageObject\",\"inLanguage\":\"fr-FR\",\"@id\":\"https:\\\/\\\/secure.gravatar.com\\\/avatar\\\/37d968a2e67a6fd04c169c4bdef102d0bc5d31b2546345219e348575eb80e9a0?s=96&d=mm&r=g\",\"url\":\"https:\\\/\\\/secure.gravatar.com\\\/avatar\\\/37d968a2e67a6fd04c169c4bdef102d0bc5d31b2546345219e348575eb80e9a0?s=96&d=mm&r=g\",\"contentUrl\":\"https:\\\/\\\/secure.gravatar.com\\\/avatar\\\/37d968a2e67a6fd04c169c4bdef102d0bc5d31b2546345219e348575eb80e9a0?s=96&d=mm&r=g\",\"caption\":\"redazione\"},\"sameAs\":[\"http:\\\/\\\/www.bellunopress.it\",\"https:\\\/\\\/x.com\\\/bellunopress\"],\"url\":\"https:\\\/\\\/www.bellunopress.it\\\/fr\\\/author\\\/redazione\\\/\"}]}<\/script>\n<!-- \/ Yoast SEO plugin. -->","yoast_head_json":{"title":"Venerd\u00ec alle 14.45 le auto storiche della Coppa d'Oro delle Dolomiti sfilano in piazza dei Martiri a Belluno - Bellunopress - Dolomiti","robots":{"index":"index","follow":"follow","max-snippet":"max-snippet:-1","max-image-preview":"max-image-preview:large","max-video-preview":"max-video-preview:-1"},"canonical":"https:\/\/www.bellunopress.it\/fr\/2017\/07\/18\/venerdi-alle-14-45-le-auto-storiche-della-coppa-doro-delle-dolomiti-sfilano-in-piazza-dei-martiri-a-belluno\/","og_locale":"fr_FR","og_type":"article","og_title":"Venerd\u00ec alle 14.45 le auto storiche della Coppa d'Oro delle Dolomiti sfilano in piazza dei Martiri a Belluno - Bellunopress - Dolomiti","og_description":"E\u2019 un\u2019edizione \u201cdi ferro\u201d quella che, da gioved\u00ec 20 a domenica 23 luglio, vivr\u00e0 la Coppa d\u2019Oro delle Dolomiti. La prestigiosissima kermesse per auto storiche del cui marchio \u00e8 titolare l\u2019Automobile Club Belluno, torna a deliziare gli appassionati con la sua preziosa, colorita e rombante carovana settant\u2019anni dopo la prima edizione. La Coppa d\u2019Oro delle [&hellip;]","og_url":"https:\/\/www.bellunopress.it\/fr\/2017\/07\/18\/venerdi-alle-14-45-le-auto-storiche-della-coppa-doro-delle-dolomiti-sfilano-in-piazza-dei-martiri-a-belluno\/","og_site_name":"Bellunopress - Dolomiti","article_publisher":"https:\/\/www.facebook.com\/profile.php?id=100008943462799","article_published_time":"2017-07-18T16:15:35+00:00","og_image":[{"url":"http:\/\/www.bellunopress.it\/wp-content\/uploads\/2017\/07\/Coppa-dOro-delle-Dolomiti.jpg","type":"","width":"","height":""}],"author":"redazione","twitter_card":"summary_large_image","twitter_creator":"@bellunopress","twitter_site":"@bellunopress","twitter_misc":{"\u00c9crit par":"redazione","Dur\u00e9e de lecture estim\u00e9e":"3 minutes"},"schema":{"@context":"https:\/\/schema.org","@graph":[{"@type":"Article","@id":"https:\/\/www.bellunopress.it\/2017\/07\/18\/venerdi-alle-14-45-le-auto-storiche-della-coppa-doro-delle-dolomiti-sfilano-in-piazza-dei-martiri-a-belluno\/#article","isPartOf":{"@id":"https:\/\/www.bellunopress.it\/2017\/07\/18\/venerdi-alle-14-45-le-auto-storiche-della-coppa-doro-delle-dolomiti-sfilano-in-piazza-dei-martiri-a-belluno\/"},"author":{"name":"redazione","@id":"https:\/\/www.bellunopress.it\/#\/schema\/person\/79bb06722b37ece1c03d3e94beb30d73"},"headline":"Venerd\u00ec alle 14.45 le auto storiche della Coppa d&#8217;Oro delle Dolomiti sfilano in piazza dei Martiri a Belluno","datePublished":"2017-07-18T16:15:35+00:00","mainEntityOfPage":{"@id":"https:\/\/www.bellunopress.it\/2017\/07\/18\/venerdi-alle-14-45-le-auto-storiche-della-coppa-doro-delle-dolomiti-sfilano-in-piazza-dei-martiri-a-belluno\/"},"wordCount":606,"publisher":{"@id":"https:\/\/www.bellunopress.it\/#organization"},"image":{"@id":"https:\/\/www.bellunopress.it\/2017\/07\/18\/venerdi-alle-14-45-le-auto-storiche-della-coppa-doro-delle-dolomiti-sfilano-in-piazza-dei-martiri-a-belluno\/#primaryimage"},"thumbnailUrl":"http:\/\/www.bellunopress.it\/wp-content\/uploads\/2017\/07\/Coppa-dOro-delle-Dolomiti.jpg","keywords":["Coppa d'Oro delle Dolomiti 2017"],"articleSection":["Appuntamenti, Eventi","Pausa Caff\u00e8","Sport, tempo libero"],"inLanguage":"fr-FR"},{"@type":"WebPage","@id":"https:\/\/www.bellunopress.it\/2017\/07\/18\/venerdi-alle-14-45-le-auto-storiche-della-coppa-doro-delle-dolomiti-sfilano-in-piazza-dei-martiri-a-belluno\/","url":"https:\/\/www.bellunopress.it\/2017\/07\/18\/venerdi-alle-14-45-le-auto-storiche-della-coppa-doro-delle-dolomiti-sfilano-in-piazza-dei-martiri-a-belluno\/","name":"Venerd\u00ec alle 14.45 le auto storiche della Coppa d'Oro delle Dolomiti sfilano in piazza dei Martiri a Belluno - Bellunopress - Dolomiti","isPartOf":{"@id":"https:\/\/www.bellunopress.it\/#website"},"primaryImageOfPage":{"@id":"https:\/\/www.bellunopress.it\/2017\/07\/18\/venerdi-alle-14-45-le-auto-storiche-della-coppa-doro-delle-dolomiti-sfilano-in-piazza-dei-martiri-a-belluno\/#primaryimage"},"image":{"@id":"https:\/\/www.bellunopress.it\/2017\/07\/18\/venerdi-alle-14-45-le-auto-storiche-della-coppa-doro-delle-dolomiti-sfilano-in-piazza-dei-martiri-a-belluno\/#primaryimage"},"thumbnailUrl":"http:\/\/www.bellunopress.it\/wp-content\/uploads\/2017\/07\/Coppa-dOro-delle-Dolomiti.jpg","datePublished":"2017-07-18T16:15:35+00:00","breadcrumb":{"@id":"https:\/\/www.bellunopress.it\/2017\/07\/18\/venerdi-alle-14-45-le-auto-storiche-della-coppa-doro-delle-dolomiti-sfilano-in-piazza-dei-martiri-a-belluno\/#breadcrumb"},"inLanguage":"fr-FR","potentialAction":[{"@type":"ReadAction","target":["https:\/\/www.bellunopress.it\/2017\/07\/18\/venerdi-alle-14-45-le-auto-storiche-della-coppa-doro-delle-dolomiti-sfilano-in-piazza-dei-martiri-a-belluno\/"]}]},{"@type":"ImageObject","inLanguage":"fr-FR","@id":"https:\/\/www.bellunopress.it\/2017\/07\/18\/venerdi-alle-14-45-le-auto-storiche-della-coppa-doro-delle-dolomiti-sfilano-in-piazza-dei-martiri-a-belluno\/#primaryimage","url":"http:\/\/www.bellunopress.it\/wp-content\/uploads\/2017\/07\/Coppa-dOro-delle-Dolomiti.jpg","contentUrl":"http:\/\/www.bellunopress.it\/wp-content\/uploads\/2017\/07\/Coppa-dOro-delle-Dolomiti.jpg"},{"@type":"BreadcrumbList","@id":"https:\/\/www.bellunopress.it\/2017\/07\/18\/venerdi-alle-14-45-le-auto-storiche-della-coppa-doro-delle-dolomiti-sfilano-in-piazza-dei-martiri-a-belluno\/#breadcrumb","itemListElement":[{"@type":"ListItem","position":1,"name":"Home","item":"https:\/\/www.bellunopress.it\/"},{"@type":"ListItem","position":2,"name":"Venerd\u00ec alle 14.45 le auto storiche della Coppa d&#8217;Oro delle Dolomiti sfilano in piazza dei Martiri a Belluno"}]},{"@type":"WebSite","@id":"https:\/\/www.bellunopress.it\/#website","url":"https:\/\/www.bellunopress.it\/","name":"Bellunopress - Dolomiti","description":"e-mail: redazione@bellunopress.it","publisher":{"@id":"https:\/\/www.bellunopress.it\/#organization"},"potentialAction":[{"@type":"SearchAction","target":{"@type":"EntryPoint","urlTemplate":"https:\/\/www.bellunopress.it\/?s={search_term_string}"},"query-input":{"@type":"PropertyValueSpecification","valueRequired":true,"valueName":"search_term_string"}}],"inLanguage":"fr-FR"},{"@type":"Organization","@id":"https:\/\/www.bellunopress.it\/#organization","name":"Bellunopress","url":"https:\/\/www.bellunopress.it\/","logo":{"@type":"ImageObject","inLanguage":"fr-FR","@id":"https:\/\/www.bellunopress.it\/#\/schema\/logo\/image\/","url":"https:\/\/www.bellunopress.it\/wp-content\/uploads\/2011\/05\/cropped-logo-bellunopress-.jpg","contentUrl":"https:\/\/www.bellunopress.it\/wp-content\/uploads\/2011\/05\/cropped-logo-bellunopress-.jpg","width":512,"height":512,"caption":"Bellunopress"},"image":{"@id":"https:\/\/www.bellunopress.it\/#\/schema\/logo\/image\/"},"sameAs":["https:\/\/www.facebook.com\/profile.php?id=100008943462799","https:\/\/x.com\/bellunopress","https:\/\/www.linkedin.com\/hp\/?dnr=JBzUWaJfMUw8vbXJJ2tVW5-I3jZKvC4wsoxE&amp;amp;amp;amp;amp;amp;trk=nav_responsive_tab_home","https:\/\/www.youtube.com\/channel\/UCxL0wu1uN0_3_7hGG0306cw"]},{"@type":"Person","@id":"https:\/\/www.bellunopress.it\/#\/schema\/person\/79bb06722b37ece1c03d3e94beb30d73","name":"r\u00e9daction","image":{"@type":"ImageObject","inLanguage":"fr-FR","@id":"https:\/\/secure.gravatar.com\/avatar\/37d968a2e67a6fd04c169c4bdef102d0bc5d31b2546345219e348575eb80e9a0?s=96&d=mm&r=g","url":"https:\/\/secure.gravatar.com\/avatar\/37d968a2e67a6fd04c169c4bdef102d0bc5d31b2546345219e348575eb80e9a0?s=96&d=mm&r=g","contentUrl":"https:\/\/secure.gravatar.com\/avatar\/37d968a2e67a6fd04c169c4bdef102d0bc5d31b2546345219e348575eb80e9a0?s=96&d=mm&r=g","caption":"redazione"},"sameAs":["http:\/\/www.bellunopress.it","https:\/\/x.com\/bellunopress"],"url":"https:\/\/www.bellunopress.it\/fr\/author\/redazione\/"}]}},"_links":{"self":[{"href":"https:\/\/www.bellunopress.it\/fr\/wp-json\/wp\/v2\/posts\/87801","targetHints":{"allow":["GET"]}}],"collection":[{"href":"https:\/\/www.bellunopress.it\/fr\/wp-json\/wp\/v2\/posts"}],"about":[{"href":"https:\/\/www.bellunopress.it\/fr\/wp-json\/wp\/v2\/types\/post"}],"author":[{"embeddable":true,"href":"https:\/\/www.bellunopress.it\/fr\/wp-json\/wp\/v2\/users\/2"}],"replies":[{"embeddable":true,"href":"https:\/\/www.bellunopress.it\/fr\/wp-json\/wp\/v2\/comments?post=87801"}],"version-history":[{"count":2,"href":"https:\/\/www.bellunopress.it\/fr\/wp-json\/wp\/v2\/posts\/87801\/revisions"}],"predecessor-version":[{"id":87804,"href":"https:\/\/www.bellunopress.it\/fr\/wp-json\/wp\/v2\/posts\/87801\/revisions\/87804"}],"wp:attachment":[{"href":"https:\/\/www.bellunopress.it\/fr\/wp-json\/wp\/v2\/media?parent=87801"}],"wp:term":[{"taxonomy":"category","embeddable":true,"href":"https:\/\/www.bellunopress.it\/fr\/wp-json\/wp\/v2\/categories?post=87801"},{"taxonomy":"post_tag","embeddable":true,"href":"https:\/\/www.bellunopress.it\/fr\/wp-json\/wp\/v2\/tags?post=87801"}],"curies":[{"name":"wp","href":"https:\/\/api.w.org\/{rel}","templated":true}]}}