{"id":8779,"date":"2009-10-09T12:01:31","date_gmt":"2009-10-09T11:01:31","guid":{"rendered":"http:\/\/www.bellunopress.it\/?p=8779"},"modified":"2009-10-09T12:01:31","modified_gmt":"2009-10-09T11:01:31","slug":"tib-a-feltre-stagione-di-teatro-per-le-scuole-e-le-famiglie-allauditorium-canossiano","status":"publish","type":"post","link":"https:\/\/www.bellunopress.it\/fr\/2009\/10\/09\/tib-a-feltre-stagione-di-teatro-per-le-scuole-e-le-famiglie-allauditorium-canossiano\/","title":{"rendered":"Tib a Feltre: Stagione di Teatro per le scuole e le famiglie all&#8217;Auditorium canossiano"},"content":{"rendered":"<p>Stettacoli per le scuole: marted\u00ec 10 novembre: &#8220;Cappuccetto rosso d\u00e0 i numeri&#8221;, spettacolo per le scuole primarie. M ercoled\u00ec 11 novembre: &#8220;La storia di Pierino e il lupo&#8221;, da Pierino e il Lupo di Sergej Prokofiev, spettacolo per le scuole dell\u2019infanzia<br \/>\nVenerd\u00ec 26 febbraio<br \/>\nFIRMA(men)TO GALILEO<br \/>\nscuole secondarie di primo e di secondo grado<\/p>\n<p>FAMIGLIE A TEATRO<\/p>\n<p>sabato 21 novembre<br \/>\nO QUANTI BELLI COLORI<br \/>\nliberamente tratto da Cappuccetto Rosso Verde Giallo Blu e Bianco di Bruno Munari<\/p>\n<p>INFO E PRENOTAZIONI 0437-950555<br \/>\ndal marted\u00ec al venerd\u00ec, dalle 10:30 alle 12:30 e dalle 15:30 alle 17:30.<br \/>\n* Spettacoli per le Scuole. Ingresso alunni euro 5,00, insegnanti accompagnatori gratuito.<br \/>\n* Famiglie a Teatro. Intero euro 8,00 \u2013 Ridotto euro 5,00<\/p>\n<p>Scuole primarie<\/p>\n<p>marted\u00ec 10 novembre 2009 ore 10:00<\/p>\n<p>CAPPUCCETTO ROSSO D\u00c0 I NUMERI<\/p>\n<p>le fiabe servono alla matematica come la matematica serve alle fiabe<br \/>\nGianni Rodari<\/p>\n<p>Avreste mai pensato che nelle fiabe si nasconda la matematica?<br \/>\nNello spettacolo una magica maestra aiuter\u00e0 un ragazzo che ha paura dei numeri a giocare con essi, e a rintracciarli persino nella storia di Cappuccetto Rosso!<br \/>\nUna fiaba classica che viene ripercorsa integralmente nello spettacolo; un itinerario di iniziazione, quello del nostro protagonista, che grazie a Cappuccetto Rosso verr\u00e0 iniziato alla matematica e imparer\u00e0 a sconfiggere le sue numeriche paure, acquisendo fiducia in se stesso!<br \/>\nDa sempre l\u2019uomo si \u00e8 posto domande e ha cercato soluzioni, sviluppando nel corso del tempo il pensiero matematico come strumento di risoluzione dei problemi. Eppure per molti il mondo dei numeri non \u00e8 un luogo dove trovare risposte a portata di mano. Spesso \u00e8 un mondo che assomiglia ad un bosco spaventoso e pieno di insidie, da cui non si sa come uscire.<br \/>\nGrazie alla fiaba di Cappuccetto scopriremo quanto \u00e8 semplice e naturale usare i numeri, riconoscere gli insiemi, visualizzare le frazioni, e trovare, anche grazie alla matematica, la soluzione per sconfiggere il lupo!<br \/>\nE l\u2019autostima andr\u00e0 alle stelle!<\/p>\n<p>Scuole dell\u2019infanzia<\/p>\n<p>mercoled\u00ec 11 novembre ore 10:00<\/p>\n<p>LA STORIA DI PIERINO E IL LUPO<br \/>\nda Pierino e il Lupo di Sergej Prokofiev<\/p>\n<p>rumore di poca gente \/ un paese azzurro nel cielo<br \/>\nLorenzo<\/p>\n<p>Questa \u00e8 una storia semplice, immediata, vivace\u2026 \u00c8 una storia che vogliamo raccontare con freschezza e delicatezza, non con le parole dei grandi ma con le grandi parole che sanno partorire i pi\u00f9 piccoli\u2026 (Lorenzo insegna).<br \/>\nIl fascino della composizione di Prokofiev sta nella felice intuizione di far raccontare la storia con la musica, di fare di ogni strumento dell\u2019orchestra un personaggio. Per questo noi, da attori, vi raccontiamo questa storia con i nostri strumenti: la parola e il corpo, la danza e le immagini. Mentre la partitura musicale corre libera, nella straordinaria esecuzione di Claudio Abbado, mentre ad ogni replica ci abbandoniamo assieme a voi al piacere dell\u2019ascolto, nelle zone di racconto gi\u00e0 insite nell\u2019opera, interveniamo con il nostro modo di raccontare, che assomiglia a quello antico dei cantastorie o cuntastorie, e che risiede soprattutto nella voglia di cuntare, di donare, di rendervi partecipi e persino protagonisti\u2026 insieme a Pierino, l\u2019oca, il gatto, il nonno, l\u2019uccellino\u2026 E i cacciatori? Beh quello spetta proprio a voi&#8230;<\/p>\n<p>Scuole secondarie di primo e di secondo grado<\/p>\n<p>venerd\u00ec 26 febbraio 2010 ore 10:00<\/p>\n<p>FIRMA(men)TO GALILEO<\/p>\n<p>Dietro una firma una persona, una identit\u00e0: in questo caso, quella di Galileo Galilei.<br \/>\nUn testo vibrante, tratto da differenti scritti galileiani quali carteggi, epistole, che trasfondono l\u2019emozione profonda dell\u2019uomo laddove si palesa attraverso il suo pensiero pi\u00f9 intimo.<br \/>\nLa corrispondenza con Suor Celeste, sua figlia, il rapporto con il mondo femminile e con i suoi interlocutori scientifici, il rapporto con il potere attestato da parole atte a nascondere e a rivelare allo stesso tempo, compongono il profilo complesso e a tratti sorprendente di colui che seppe scardinare alle radici \u201cil sapere\u201d fino ad allora consolidato. Una ricerca quella di Galileo, che, attraverso un nuovo metodo di indagine, svela, smaschera presupposti, traccia nuove traiettorie per l\u2019umanit\u00e0, coinvolgendo ambiti diversi quali la scienza, la filosofia, la teologia.<br \/>\nDietro c\u2019\u00e8 l\u2019uomo, con i suoi dubbi, le sue paure, le sue meschinit\u00e0.<br \/>\nGalileo nello spettacolo si racconta attraverso un refolo di parole che consuma pensiero e si traduce in diagramma, linee, forme, disegni (i suoi originali) proiettati sul grande fondale bianco a comporre il firma(men)to Galileo.<br \/>\nUna forma di teatro civile che, a partire dall\u2019esperienza di Galileo, in un disinvolto contesto scenico inizi \u2018900, sapr\u00e0 porre interrogativi, suscitare riflessioni sull\u2019ancora aperto, complesso dibattito circa i rapporti tra scienza e societ\u00e0.<\/p>\n<p>Spettacolo realizzato in collaborazione con l\u2019Universit\u00e0 degli Studi di Padova-Dipartimento di Astronomia, nell\u2019ambito del progetto I mondi di Galileo della Regione del Veneto.<\/p>\n<p>Famiglie a Teatro<\/p>\n<p>sabato 21 novembre ore 17:30<\/p>\n<p>O QUANTI BELLI COLORI<br \/>\nliberamente tratto da Cappuccetto Rosso Verde Giallo Blu e Bianco di Bruno Munari<\/p>\n<p>Un attore-imbonitore, Giullare e Cantastorie\u2026 un tavolo lungo lungo lungo\u2026 un mucchio di oggetti, un libro di incredibile e fantastica visione, una storia nota a chiunque, una pentola piena di colori, un mestolone di legno&#8230; Tempo di cottura 60 minuti ed ecco pronto lo spettacolo. L&#8217;unica premura, servire ben caldo.<br \/>\nBruno Munari anni or sono prende una delle storie pi\u00f9 semplici e popolari che esistano, Cappuccetto Rosso e, con la sua inesauribile fantasia, pensa di dare al cappuccio una serie di colori diversi dal classico Rosso, cos\u00ec Cappuccetto diventa Verde, Giallo, Blu e anche Bianco.<br \/>\nOgni volta che il cappuccio cambia colore cambiano anche i connotati della celebre storia. Nel Verde sono le rane che aiutano Cappuccetto Verde a salvarsi dalle fauci del Lupo. Nella versione Gialla il bosco \u00e8 una metropoli contemporanea intasata di traffico e rumori, il Lupo \u00e8 un tassista e sono i canarini ad aiutare Cappuccetto Giallo a raggiungere la casa della Nonna. Il bosco del Blu diventa Mare, la Nonna abita su un&#8217;isolotto nelle cui acque si muove il terribile Squalo\\Lupo. Nel Bianco tutto \u00e8 coperto di neve; alberi, case, strade, tutto, non si vede altro che bianco, ed \u00e8 forse proprio in questa storia che Munari raggiunge un picco poetico grazie anche alla collaborazione nella stesura del famoso musicista americano Jhon Cage, autore di quel celebre brano musicale che oramai \u00e8 parte della storia della musica moderna, Silenzio, brano in cui non si sente assolutamente nulla. Lo spettacolo \u00e8 giocato da un personaggio che assume in se le caratteristiche di pi\u00f9 figure; il bagatto delle carte, il giullare delle corti, l&#8217;imbonitore delle fiere, \u00e8 lui, solo lui a condurre la narrazione e il viaggio attraverso i colori delle storie.<br \/>\nSopra un tavolo lunghissimo figure strane, derivate dalla nostra quotidianit\u00e0, prendono vita e diventano imprevedibili personaggi delle varie storie. Proprio cos\u00ec, ad ogni colore e ad ogni versione del racconto \u00e8 stato avvicinato un materiale; legno per il Verde, metallo per il Giallo, plastica per il Blu, stoffa per il Bianco.<br \/>\n\u00c8 con queste materie che l&#8217;attore gioca, supportato da una scenografia musicale espressamente scritta per lo spettacolo, ne conduce il racconto, ne interpreta i ruoli, le voci, gli ambienti, conducendoci in un viaggio all&#8217;insegna della creativit\u00e0 e della semplicit\u00e0.<\/p>\n<p>Laboratori scolastici a cura di Tib Teatro<br \/>\nvalidi per tutte le Scuole della Provincia<\/p>\n<p>STORIE DI PAESI LONTANI Incontri con altre culture<br \/>\nscuole primarie e scuole secondarie di primo grado \u2013 12 ore<\/p>\n<p>Attraverso il linguaggio del teatro, mimico, gestuale e verbale, partendo dalle storie tradizionali appartenenti alla cultura di paesi diversi, il laboratorio intende promuovere e favorire l\u2019integrazione in classe di bambini e ragazzi di altre culture. Colori, abitudini, usanze si mescoleranno e gli alunni saranno stimolati a scoprire punti di incontro e differenze che permetteranno di creare storie meticcie.<\/p>\n<p>IL CORPO DELLE EMOZIONI Teatro per la prevenzione al disagio giovanile<br \/>\nscuole secondarie di secondo grado \u2013 20 ore<\/p>\n<p>Questo laboratorio nasce dall\u2019esigenza di rendere il teatro fruibile nella sua veste utile a prevenire le problematiche giovanili oltre che in quella creativa, quale percorso di scoperta, consapevolezza ed accettazione del s\u00e9 e del mondo circostante. Queste caratteristiche portano a dare corpo alle emozioni, alle volte offuscate dai condizionamenti o confuse, e quindi di difficile gestione. Tutto il materiale prodotto verr\u00e0 rielaborato in modo da conservare il corpo emotivo di ognuno e creare un corpo poetico di gruppo.<\/p>\n<p>ASCOLTIAMOCI: IO MI ASCOLTO\u2026 IO TI ASCOLTO\u2026 TU\u2026 Laboratorio di teatro<br \/>\nscuole dell&#8217;infanzia e scuole primarie \u2013 26 ore<\/p>\n<p>L\u2019ascolto non \u00e8 solo un fatto uditivo, ma qualcosa di pi\u00f9 profondo, intimamente connesso con il rispetto dell\u2019altro, con il valore della comunicazione: ogni bambino si scoprir\u00e0 non solo attore, ma anche autore di un percorso teatrale che appartiene al gruppo, valorizzando l\u2019apporto creativo di ognuno.<\/p>\n<p>STORIE IN SCATOLA Laboratorio di scrittura e manipolazione<br \/>\nscuole primarie e scuole secondarie di primo grado \u2013 10 ore<\/p>\n<p>Da una sola parola si pu\u00f2 dipanare un pensiero, che pu\u00f2 divenire scoperta, ascolto, viaggio: storia. I ragazzi, tramite esercizi di scrittura creativa, saranno stimolati ad inventare storie che andranno a comporre piccoli manufatti personalizzati.<\/p>\n<p>EDUCAZIONE ALLA LETTURA Leggere&#8230; immaginare e comprendere<br \/>\nscuole primarie, scuole secondarie di primo e di grado \u2013 9 ore<\/p>\n<p>Favorire un lettura ad alta voce, che non sia monotonale ma che si preoccupi di considerare il riconoscimento delle pause, l\u2019analisi grammaticale e lessicale, l\u2019utilizzo corretto della punteggiatura, garantisce una migliore comprensione e di conseguenza un apprendimento pi\u00f9 veloce ottimizzando i tempi stessi di studio.<\/p>\n<p>I suddetti laboratori sono inseriti nel piano dell&#8217;offerta formativa di Provincia Spettacolo.<\/p>\n<p>Tib Teatro<br \/>\npiazzale Marconi, 2\/b \u2013 32100 Belluno<br \/>\ninfo@tibteatro.it &#8211; Tel. 00 39 0437-950555 Fax 00 39 0437-956176<\/p>","protected":false},"excerpt":{"rendered":"<p>Stettacoli per le scuole: marted\u00ec 10 novembre: &#8220;Cappuccetto rosso d\u00e0 i numeri&#8221;, spettacolo per le scuole primarie. M ercoled\u00ec 11 novembre: &#8220;La storia di Pierino e il lupo&#8221;, da Pierino e il Lupo di Sergej Prokofiev, spettacolo per le scuole dell\u2019infanzia Venerd\u00ec 26 febbraio FIRMA(men)TO GALILEO scuole secondarie di primo e di secondo grado FAMIGLIE [&hellip;]<\/p>\n","protected":false},"author":2,"featured_media":0,"comment_status":"closed","ping_status":"open","sticky":false,"template":"","format":"standard","meta":{"footnotes":""},"categories":[3,25],"tags":[139,302],"class_list":["post-8779","post","type-post","status-publish","format-standard","category-arte-cultura-spettacoli-scienza-archivi","category-pausa-caffe","tag-belluno","tag-feltre"],"yoast_head":"<!-- This site is optimized with the Yoast SEO plugin v28.4 - https:\/\/yoast.com\/product\/yoast-seo-wordpress\/ -->\n<title>Tib a Feltre: Stagione di Teatro per le scuole e le famiglie all&#039;Auditorium canossiano - Bellunopress - Dolomiti<\/title>\n<meta name=\"robots\" content=\"index, follow, max-snippet:-1, max-image-preview:large, max-video-preview:-1\" \/>\n<link rel=\"canonical\" href=\"https:\/\/www.bellunopress.it\/fr\/2009\/10\/09\/tib-a-feltre-stagione-di-teatro-per-le-scuole-e-le-famiglie-allauditorium-canossiano\/\" \/>\n<meta property=\"og:locale\" content=\"fr_FR\" \/>\n<meta property=\"og:type\" content=\"article\" \/>\n<meta property=\"og:title\" content=\"Tib a Feltre: Stagione di Teatro per le scuole e le famiglie all&#039;Auditorium canossiano - Bellunopress - Dolomiti\" \/>\n<meta property=\"og:description\" content=\"Stettacoli per le scuole: marted\u00ec 10 novembre: &#8220;Cappuccetto rosso d\u00e0 i numeri&#8221;, spettacolo per le scuole primarie. M ercoled\u00ec 11 novembre: &#8220;La storia di Pierino e il lupo&#8221;, da Pierino e il Lupo di Sergej Prokofiev, spettacolo per le scuole dell\u2019infanzia Venerd\u00ec 26 febbraio FIRMA(men)TO GALILEO scuole secondarie di primo e di secondo grado FAMIGLIE [&hellip;]\" \/>\n<meta property=\"og:url\" content=\"https:\/\/www.bellunopress.it\/fr\/2009\/10\/09\/tib-a-feltre-stagione-di-teatro-per-le-scuole-e-le-famiglie-allauditorium-canossiano\/\" \/>\n<meta property=\"og:site_name\" content=\"Bellunopress - Dolomiti\" \/>\n<meta property=\"article:publisher\" content=\"https:\/\/www.facebook.com\/profile.php?id=100008943462799\" \/>\n<meta property=\"article:published_time\" content=\"2009-10-09T11:01:31+00:00\" \/>\n<meta property=\"og:image\" content=\"http:\/\/www.bellunopress.it\/wp-content\/uploads\/2012\/07\/logo-bellunopress-250x250-2012.jpg\" \/>\n<meta name=\"author\" content=\"redazione\" \/>\n<meta name=\"twitter:card\" content=\"summary_large_image\" \/>\n<meta name=\"twitter:creator\" content=\"@bellunopress\" \/>\n<meta name=\"twitter:site\" content=\"@bellunopress\" \/>\n<meta name=\"twitter:label1\" content=\"\u00c9crit par\" \/>\n\t<meta name=\"twitter:data1\" content=\"redazione\" \/>\n\t<meta name=\"twitter:label2\" content=\"Dur\u00e9e de lecture estim\u00e9e\" \/>\n\t<meta name=\"twitter:data2\" content=\"8 minutes\" \/>\n<script type=\"application\/ld+json\" class=\"yoast-schema-graph\">{\"@context\":\"https:\\\/\\\/schema.org\",\"@graph\":[{\"@type\":\"Article\",\"@id\":\"https:\\\/\\\/www.bellunopress.it\\\/2009\\\/10\\\/09\\\/tib-a-feltre-stagione-di-teatro-per-le-scuole-e-le-famiglie-allauditorium-canossiano\\\/#article\",\"isPartOf\":{\"@id\":\"https:\\\/\\\/www.bellunopress.it\\\/2009\\\/10\\\/09\\\/tib-a-feltre-stagione-di-teatro-per-le-scuole-e-le-famiglie-allauditorium-canossiano\\\/\"},\"author\":{\"name\":\"redazione\",\"@id\":\"https:\\\/\\\/www.bellunopress.it\\\/#\\\/schema\\\/person\\\/79bb06722b37ece1c03d3e94beb30d73\"},\"headline\":\"Tib a Feltre: Stagione di Teatro per le scuole e le famiglie all&#8217;Auditorium canossiano\",\"datePublished\":\"2009-10-09T11:01:31+00:00\",\"mainEntityOfPage\":{\"@id\":\"https:\\\/\\\/www.bellunopress.it\\\/2009\\\/10\\\/09\\\/tib-a-feltre-stagione-di-teatro-per-le-scuole-e-le-famiglie-allauditorium-canossiano\\\/\"},\"wordCount\":1561,\"publisher\":{\"@id\":\"https:\\\/\\\/www.bellunopress.it\\\/#organization\"},\"keywords\":[\"Belluno\",\"Feltre\"],\"articleSection\":[\"Arte, Cultura, Spettacoli, Scienza\",\"Pausa Caff\u00e8\"],\"inLanguage\":\"fr-FR\"},{\"@type\":\"WebPage\",\"@id\":\"https:\\\/\\\/www.bellunopress.it\\\/2009\\\/10\\\/09\\\/tib-a-feltre-stagione-di-teatro-per-le-scuole-e-le-famiglie-allauditorium-canossiano\\\/\",\"url\":\"https:\\\/\\\/www.bellunopress.it\\\/2009\\\/10\\\/09\\\/tib-a-feltre-stagione-di-teatro-per-le-scuole-e-le-famiglie-allauditorium-canossiano\\\/\",\"name\":\"Tib a Feltre: Stagione di Teatro per le scuole e le famiglie all'Auditorium canossiano - Bellunopress - Dolomiti\",\"isPartOf\":{\"@id\":\"https:\\\/\\\/www.bellunopress.it\\\/#website\"},\"datePublished\":\"2009-10-09T11:01:31+00:00\",\"breadcrumb\":{\"@id\":\"https:\\\/\\\/www.bellunopress.it\\\/2009\\\/10\\\/09\\\/tib-a-feltre-stagione-di-teatro-per-le-scuole-e-le-famiglie-allauditorium-canossiano\\\/#breadcrumb\"},\"inLanguage\":\"fr-FR\",\"potentialAction\":[{\"@type\":\"ReadAction\",\"target\":[\"https:\\\/\\\/www.bellunopress.it\\\/2009\\\/10\\\/09\\\/tib-a-feltre-stagione-di-teatro-per-le-scuole-e-le-famiglie-allauditorium-canossiano\\\/\"]}]},{\"@type\":\"BreadcrumbList\",\"@id\":\"https:\\\/\\\/www.bellunopress.it\\\/2009\\\/10\\\/09\\\/tib-a-feltre-stagione-di-teatro-per-le-scuole-e-le-famiglie-allauditorium-canossiano\\\/#breadcrumb\",\"itemListElement\":[{\"@type\":\"ListItem\",\"position\":1,\"name\":\"Home\",\"item\":\"https:\\\/\\\/www.bellunopress.it\\\/\"},{\"@type\":\"ListItem\",\"position\":2,\"name\":\"Tib a Feltre: Stagione di Teatro per le scuole e le famiglie all&#8217;Auditorium canossiano\"}]},{\"@type\":\"WebSite\",\"@id\":\"https:\\\/\\\/www.bellunopress.it\\\/#website\",\"url\":\"https:\\\/\\\/www.bellunopress.it\\\/\",\"name\":\"Bellunopress - Dolomiti\",\"description\":\"e-mail: redazione@bellunopress.it\",\"publisher\":{\"@id\":\"https:\\\/\\\/www.bellunopress.it\\\/#organization\"},\"potentialAction\":[{\"@type\":\"SearchAction\",\"target\":{\"@type\":\"EntryPoint\",\"urlTemplate\":\"https:\\\/\\\/www.bellunopress.it\\\/?s={search_term_string}\"},\"query-input\":{\"@type\":\"PropertyValueSpecification\",\"valueRequired\":true,\"valueName\":\"search_term_string\"}}],\"inLanguage\":\"fr-FR\"},{\"@type\":\"Organization\",\"@id\":\"https:\\\/\\\/www.bellunopress.it\\\/#organization\",\"name\":\"Bellunopress\",\"url\":\"https:\\\/\\\/www.bellunopress.it\\\/\",\"logo\":{\"@type\":\"ImageObject\",\"inLanguage\":\"fr-FR\",\"@id\":\"https:\\\/\\\/www.bellunopress.it\\\/#\\\/schema\\\/logo\\\/image\\\/\",\"url\":\"https:\\\/\\\/www.bellunopress.it\\\/wp-content\\\/uploads\\\/2011\\\/05\\\/cropped-logo-bellunopress-.jpg\",\"contentUrl\":\"https:\\\/\\\/www.bellunopress.it\\\/wp-content\\\/uploads\\\/2011\\\/05\\\/cropped-logo-bellunopress-.jpg\",\"width\":512,\"height\":512,\"caption\":\"Bellunopress\"},\"image\":{\"@id\":\"https:\\\/\\\/www.bellunopress.it\\\/#\\\/schema\\\/logo\\\/image\\\/\"},\"sameAs\":[\"https:\\\/\\\/www.facebook.com\\\/profile.php?id=100008943462799\",\"https:\\\/\\\/x.com\\\/bellunopress\",\"https:\\\/\\\/www.linkedin.com\\\/hp\\\/?dnr=JBzUWaJfMUw8vbXJJ2tVW5-I3jZKvC4wsoxE&amp;amp;amp;amp;amp;amp;trk=nav_responsive_tab_home\",\"https:\\\/\\\/www.youtube.com\\\/channel\\\/UCxL0wu1uN0_3_7hGG0306cw\"]},{\"@type\":\"Person\",\"@id\":\"https:\\\/\\\/www.bellunopress.it\\\/#\\\/schema\\\/person\\\/79bb06722b37ece1c03d3e94beb30d73\",\"name\":\"redazione\",\"image\":{\"@type\":\"ImageObject\",\"inLanguage\":\"fr-FR\",\"@id\":\"https:\\\/\\\/secure.gravatar.com\\\/avatar\\\/37d968a2e67a6fd04c169c4bdef102d0bc5d31b2546345219e348575eb80e9a0?s=96&d=mm&r=g\",\"url\":\"https:\\\/\\\/secure.gravatar.com\\\/avatar\\\/37d968a2e67a6fd04c169c4bdef102d0bc5d31b2546345219e348575eb80e9a0?s=96&d=mm&r=g\",\"contentUrl\":\"https:\\\/\\\/secure.gravatar.com\\\/avatar\\\/37d968a2e67a6fd04c169c4bdef102d0bc5d31b2546345219e348575eb80e9a0?s=96&d=mm&r=g\",\"caption\":\"redazione\"},\"sameAs\":[\"http:\\\/\\\/www.bellunopress.it\",\"https:\\\/\\\/x.com\\\/bellunopress\"],\"url\":\"https:\\\/\\\/www.bellunopress.it\\\/fr\\\/author\\\/redazione\\\/\"}]}<\/script>\n<!-- \/ Yoast SEO plugin. -->","yoast_head_json":{"title":"Tib a Feltre: Stagione di Teatro per le scuole e le famiglie all'Auditorium canossiano - Bellunopress - Dolomiti","robots":{"index":"index","follow":"follow","max-snippet":"max-snippet:-1","max-image-preview":"max-image-preview:large","max-video-preview":"max-video-preview:-1"},"canonical":"https:\/\/www.bellunopress.it\/fr\/2009\/10\/09\/tib-a-feltre-stagione-di-teatro-per-le-scuole-e-le-famiglie-allauditorium-canossiano\/","og_locale":"fr_FR","og_type":"article","og_title":"Tib a Feltre: Stagione di Teatro per le scuole e le famiglie all'Auditorium canossiano - Bellunopress - Dolomiti","og_description":"Stettacoli per le scuole: marted\u00ec 10 novembre: &#8220;Cappuccetto rosso d\u00e0 i numeri&#8221;, spettacolo per le scuole primarie. M ercoled\u00ec 11 novembre: &#8220;La storia di Pierino e il lupo&#8221;, da Pierino e il Lupo di Sergej Prokofiev, spettacolo per le scuole dell\u2019infanzia Venerd\u00ec 26 febbraio FIRMA(men)TO GALILEO scuole secondarie di primo e di secondo grado FAMIGLIE [&hellip;]","og_url":"https:\/\/www.bellunopress.it\/fr\/2009\/10\/09\/tib-a-feltre-stagione-di-teatro-per-le-scuole-e-le-famiglie-allauditorium-canossiano\/","og_site_name":"Bellunopress - Dolomiti","article_publisher":"https:\/\/www.facebook.com\/profile.php?id=100008943462799","article_published_time":"2009-10-09T11:01:31+00:00","og_image":[{"url":"http:\/\/www.bellunopress.it\/wp-content\/uploads\/2012\/07\/logo-bellunopress-250x250-2012.jpg","type":"","width":"","height":""}],"author":"redazione","twitter_card":"summary_large_image","twitter_creator":"@bellunopress","twitter_site":"@bellunopress","twitter_misc":{"\u00c9crit par":"redazione","Dur\u00e9e de lecture estim\u00e9e":"8 minutes"},"schema":{"@context":"https:\/\/schema.org","@graph":[{"@type":"Article","@id":"https:\/\/www.bellunopress.it\/2009\/10\/09\/tib-a-feltre-stagione-di-teatro-per-le-scuole-e-le-famiglie-allauditorium-canossiano\/#article","isPartOf":{"@id":"https:\/\/www.bellunopress.it\/2009\/10\/09\/tib-a-feltre-stagione-di-teatro-per-le-scuole-e-le-famiglie-allauditorium-canossiano\/"},"author":{"name":"redazione","@id":"https:\/\/www.bellunopress.it\/#\/schema\/person\/79bb06722b37ece1c03d3e94beb30d73"},"headline":"Tib a Feltre: Stagione di Teatro per le scuole e le famiglie all&#8217;Auditorium canossiano","datePublished":"2009-10-09T11:01:31+00:00","mainEntityOfPage":{"@id":"https:\/\/www.bellunopress.it\/2009\/10\/09\/tib-a-feltre-stagione-di-teatro-per-le-scuole-e-le-famiglie-allauditorium-canossiano\/"},"wordCount":1561,"publisher":{"@id":"https:\/\/www.bellunopress.it\/#organization"},"keywords":["Belluno","Feltre"],"articleSection":["Arte, Cultura, Spettacoli, Scienza","Pausa Caff\u00e8"],"inLanguage":"fr-FR"},{"@type":"WebPage","@id":"https:\/\/www.bellunopress.it\/2009\/10\/09\/tib-a-feltre-stagione-di-teatro-per-le-scuole-e-le-famiglie-allauditorium-canossiano\/","url":"https:\/\/www.bellunopress.it\/2009\/10\/09\/tib-a-feltre-stagione-di-teatro-per-le-scuole-e-le-famiglie-allauditorium-canossiano\/","name":"Tib a Feltre: Stagione di Teatro per le scuole e le famiglie all'Auditorium canossiano - Bellunopress - Dolomiti","isPartOf":{"@id":"https:\/\/www.bellunopress.it\/#website"},"datePublished":"2009-10-09T11:01:31+00:00","breadcrumb":{"@id":"https:\/\/www.bellunopress.it\/2009\/10\/09\/tib-a-feltre-stagione-di-teatro-per-le-scuole-e-le-famiglie-allauditorium-canossiano\/#breadcrumb"},"inLanguage":"fr-FR","potentialAction":[{"@type":"ReadAction","target":["https:\/\/www.bellunopress.it\/2009\/10\/09\/tib-a-feltre-stagione-di-teatro-per-le-scuole-e-le-famiglie-allauditorium-canossiano\/"]}]},{"@type":"BreadcrumbList","@id":"https:\/\/www.bellunopress.it\/2009\/10\/09\/tib-a-feltre-stagione-di-teatro-per-le-scuole-e-le-famiglie-allauditorium-canossiano\/#breadcrumb","itemListElement":[{"@type":"ListItem","position":1,"name":"Home","item":"https:\/\/www.bellunopress.it\/"},{"@type":"ListItem","position":2,"name":"Tib a Feltre: Stagione di Teatro per le scuole e le famiglie all&#8217;Auditorium canossiano"}]},{"@type":"WebSite","@id":"https:\/\/www.bellunopress.it\/#website","url":"https:\/\/www.bellunopress.it\/","name":"Bellunopress - Dolomiti","description":"e-mail: redazione@bellunopress.it","publisher":{"@id":"https:\/\/www.bellunopress.it\/#organization"},"potentialAction":[{"@type":"SearchAction","target":{"@type":"EntryPoint","urlTemplate":"https:\/\/www.bellunopress.it\/?s={search_term_string}"},"query-input":{"@type":"PropertyValueSpecification","valueRequired":true,"valueName":"search_term_string"}}],"inLanguage":"fr-FR"},{"@type":"Organization","@id":"https:\/\/www.bellunopress.it\/#organization","name":"Bellunopress","url":"https:\/\/www.bellunopress.it\/","logo":{"@type":"ImageObject","inLanguage":"fr-FR","@id":"https:\/\/www.bellunopress.it\/#\/schema\/logo\/image\/","url":"https:\/\/www.bellunopress.it\/wp-content\/uploads\/2011\/05\/cropped-logo-bellunopress-.jpg","contentUrl":"https:\/\/www.bellunopress.it\/wp-content\/uploads\/2011\/05\/cropped-logo-bellunopress-.jpg","width":512,"height":512,"caption":"Bellunopress"},"image":{"@id":"https:\/\/www.bellunopress.it\/#\/schema\/logo\/image\/"},"sameAs":["https:\/\/www.facebook.com\/profile.php?id=100008943462799","https:\/\/x.com\/bellunopress","https:\/\/www.linkedin.com\/hp\/?dnr=JBzUWaJfMUw8vbXJJ2tVW5-I3jZKvC4wsoxE&amp;amp;amp;amp;amp;amp;trk=nav_responsive_tab_home","https:\/\/www.youtube.com\/channel\/UCxL0wu1uN0_3_7hGG0306cw"]},{"@type":"Person","@id":"https:\/\/www.bellunopress.it\/#\/schema\/person\/79bb06722b37ece1c03d3e94beb30d73","name":"r\u00e9daction","image":{"@type":"ImageObject","inLanguage":"fr-FR","@id":"https:\/\/secure.gravatar.com\/avatar\/37d968a2e67a6fd04c169c4bdef102d0bc5d31b2546345219e348575eb80e9a0?s=96&d=mm&r=g","url":"https:\/\/secure.gravatar.com\/avatar\/37d968a2e67a6fd04c169c4bdef102d0bc5d31b2546345219e348575eb80e9a0?s=96&d=mm&r=g","contentUrl":"https:\/\/secure.gravatar.com\/avatar\/37d968a2e67a6fd04c169c4bdef102d0bc5d31b2546345219e348575eb80e9a0?s=96&d=mm&r=g","caption":"redazione"},"sameAs":["http:\/\/www.bellunopress.it","https:\/\/x.com\/bellunopress"],"url":"https:\/\/www.bellunopress.it\/fr\/author\/redazione\/"}]}},"_links":{"self":[{"href":"https:\/\/www.bellunopress.it\/fr\/wp-json\/wp\/v2\/posts\/8779","targetHints":{"allow":["GET"]}}],"collection":[{"href":"https:\/\/www.bellunopress.it\/fr\/wp-json\/wp\/v2\/posts"}],"about":[{"href":"https:\/\/www.bellunopress.it\/fr\/wp-json\/wp\/v2\/types\/post"}],"author":[{"embeddable":true,"href":"https:\/\/www.bellunopress.it\/fr\/wp-json\/wp\/v2\/users\/2"}],"replies":[{"embeddable":true,"href":"https:\/\/www.bellunopress.it\/fr\/wp-json\/wp\/v2\/comments?post=8779"}],"version-history":[{"count":1,"href":"https:\/\/www.bellunopress.it\/fr\/wp-json\/wp\/v2\/posts\/8779\/revisions"}],"predecessor-version":[{"id":8780,"href":"https:\/\/www.bellunopress.it\/fr\/wp-json\/wp\/v2\/posts\/8779\/revisions\/8780"}],"wp:attachment":[{"href":"https:\/\/www.bellunopress.it\/fr\/wp-json\/wp\/v2\/media?parent=8779"}],"wp:term":[{"taxonomy":"category","embeddable":true,"href":"https:\/\/www.bellunopress.it\/fr\/wp-json\/wp\/v2\/categories?post=8779"},{"taxonomy":"post_tag","embeddable":true,"href":"https:\/\/www.bellunopress.it\/fr\/wp-json\/wp\/v2\/tags?post=8779"}],"curies":[{"name":"wp","href":"https:\/\/api.w.org\/{rel}","templated":true}]}}