{"id":8774,"date":"2009-10-09T11:47:37","date_gmt":"2009-10-09T10:47:37","guid":{"rendered":"http:\/\/www.bellunopress.it\/?p=8774"},"modified":"2009-10-09T11:47:37","modified_gmt":"2009-10-09T10:47:37","slug":"sere-dautunno-con-il-cai-di-agordo-grande-successo-della-prima-serata","status":"publish","type":"post","link":"https:\/\/www.bellunopress.it\/fr\/2009\/10\/09\/sere-dautunno-con-il-cai-di-agordo-grande-successo-della-prima-serata\/","title":{"rendered":"Sere d&#8217;autunno con il Cai di Agordo. Grande successo della prima serata"},"content":{"rendered":"<p>Una gremita sala \u201cDon Tamis\u201d ha accolto \u2013 venerd\u00ec scorso &#8211; il primo Autore di Sere d\u2019Autunno 2009. Un pubblico particolarmente attento ha seguito, ascoltato, visto ed apprezzato l\u2019avventura compiuta da Michele Barbiero in compagnia del compianto amico Giuliano De Marchi nel Gruppo del Denali (McKinley) in Alaska.<br \/>\nUna serata davvero piacevole, animata \u2013 oltre che dalla naturale simpatia del protagonista \u2013 da una interessante ed a tratti commovente proiezione del filmato realizzato da Giuliano nel corso di questa avventura, compiuta nel 2007, che ricordiamo essere la prima traversata italiana in stile alpino ed in completa autonomia realizzata in questo immenso, elevato e freddo Gruppo montuoso.<br \/>\nGIA\u2019 PRONTI PER LA <strong>SECONDA SERATA: VENERDI 9 OTTOBRE <\/strong>2009 \u2013 ETIOPIA, UNA GOCCIA D\u2019ACQUA PER LA VITA.<a href=\"http:\/\/www.bellunopress.it\/wp-content\/uploads\/2009\/05\/caidesktop-leggera-21.jpg\"><img loading=\"lazy\" decoding=\"async\" class=\"alignleft size-medium wp-image-3618\" title=\"caidesktop-leggera-21\" src=\"http:\/\/www.bellunopress.it\/wp-content\/uploads\/2009\/05\/caidesktop-leggera-21.jpg\" alt=\"\" width=\"270\" height=\"180\" \/><\/a><br \/>\nDal freddo e dalle immense distese di ghiaccio dell\u2019Alaska, ci sposteremo \u2013 venerd\u00ec sera \u2013 nella caldissima ed arida Etiopia, nel continente Africano. Ospite \u201cspeciale\u201d della serata, la <strong>Fondazione Butterfly Onlus <\/strong>con sede a Forl\u00ec.<br \/>\nFra i tanti problemi che affliggono il nostro pianeta, ve n\u2019\u00e8 uno \u2013 per aree di diffusione e popolazioni coinvolte &#8211; di proporzioni davvero enormi: la carenza d\u2019acqua.<br \/>\nCarenza d\u2019acqua potabile, ma anche per l\u2019irrigazione. Sete e fame quindi\u2026<br \/>\nTradotto in numeri, questo problema interessa attualmente oltre 1 miliardo di esseri umani ed \u00e8 la causa di quasi 4 milioni di decessi l\u2019anno.<br \/>\nLa Fondazione Butterfly Onlus si batte &#8211; con impegno e ormai da diversi anni &#8211; per cercare di risolvere questo problema in alcune aree geografiche del nostro pianeta, rivolgendo la propria attenzione soprattutto in Etiopia: portare acqua potabile alle popolazioni bisognose!<br \/>\nPortare acqua potabile significa progettare e realizzare nuovi pozzi, eseguire ricerche e compiere trivellazioni, costruire nuove opere di canalizzazione per l\u2019irrigazione dei raccolti. Opere concrete quindi, non parole e lunghi inutili discorsi\u2026<br \/>\nQuesta \u00e8 la Fondazione \u201cButterfly\u201d\u2026 questo \u201cbattito d\u2019ali\u201d che vi invitiamo a conoscere meglio e pi\u00f9 approfonditamente nel corso di questa nuova ed interessante serata nella quale, tra le altre cose, sar\u00e0 presentato \u2013 a cura di Roberto Sorama\u00e8 e Michele Filaferro &#8211; il progetto \u201cAcqua\u201d, che fornir\u00e0 la possibilit\u00e0 di contribuire attivamente al sostegno di queste attivit\u00e0 umanitarie.<br \/>\nVi aspettiamo numerosi!<\/p>","protected":false},"excerpt":{"rendered":"<p>Una gremita sala \u201cDon Tamis\u201d ha accolto \u2013 venerd\u00ec scorso &#8211; il primo Autore di Sere d\u2019Autunno 2009. Un pubblico particolarmente attento ha seguito, ascoltato, visto ed apprezzato l\u2019avventura compiuta da Michele Barbiero in compagnia del compianto amico Giuliano De Marchi nel Gruppo del Denali (McKinley) in Alaska. Una serata davvero piacevole, animata \u2013 oltre [&hellip;]<\/p>\n","protected":false},"author":2,"featured_media":0,"comment_status":"closed","ping_status":"open","sticky":false,"template":"","format":"standard","meta":{"footnotes":""},"categories":[3,38,25],"tags":[139],"class_list":["post-8774","post","type-post","status-publish","format-standard","category-arte-cultura-spettacoli-scienza-archivi","category-natura-ambiente","category-pausa-caffe","tag-belluno"],"yoast_head":"<!-- This site is optimized with the Yoast SEO plugin v28.4 - https:\/\/yoast.com\/product\/yoast-seo-wordpress\/ -->\n<title>Sere d&#039;autunno con il Cai di Agordo. Grande successo della prima serata - Bellunopress - Dolomiti<\/title>\n<meta name=\"robots\" content=\"index, follow, max-snippet:-1, max-image-preview:large, max-video-preview:-1\" \/>\n<link rel=\"canonical\" href=\"https:\/\/www.bellunopress.it\/fr\/2009\/10\/09\/sere-dautunno-con-il-cai-di-agordo-grande-successo-della-prima-serata\/\" \/>\n<meta property=\"og:locale\" content=\"fr_FR\" \/>\n<meta property=\"og:type\" content=\"article\" \/>\n<meta property=\"og:title\" content=\"Sere d&#039;autunno con il Cai di Agordo. Grande successo della prima serata - Bellunopress - Dolomiti\" \/>\n<meta property=\"og:description\" content=\"Una gremita sala \u201cDon Tamis\u201d ha accolto \u2013 venerd\u00ec scorso &#8211; il primo Autore di Sere d\u2019Autunno 2009. Un pubblico particolarmente attento ha seguito, ascoltato, visto ed apprezzato l\u2019avventura compiuta da Michele Barbiero in compagnia del compianto amico Giuliano De Marchi nel Gruppo del Denali (McKinley) in Alaska. Una serata davvero piacevole, animata \u2013 oltre [&hellip;]\" \/>\n<meta property=\"og:url\" content=\"https:\/\/www.bellunopress.it\/fr\/2009\/10\/09\/sere-dautunno-con-il-cai-di-agordo-grande-successo-della-prima-serata\/\" \/>\n<meta property=\"og:site_name\" content=\"Bellunopress - Dolomiti\" \/>\n<meta property=\"article:publisher\" content=\"https:\/\/www.facebook.com\/profile.php?id=100008943462799\" \/>\n<meta property=\"article:published_time\" content=\"2009-10-09T10:47:37+00:00\" \/>\n<meta property=\"og:image\" content=\"http:\/\/www.bellunopress.it\/wp-content\/uploads\/2009\/05\/caidesktop-leggera-21.jpg\" \/>\n<meta name=\"author\" content=\"redazione\" \/>\n<meta name=\"twitter:card\" content=\"summary_large_image\" \/>\n<meta name=\"twitter:creator\" content=\"@bellunopress\" \/>\n<meta name=\"twitter:site\" content=\"@bellunopress\" \/>\n<meta name=\"twitter:label1\" content=\"\u00c9crit par\" \/>\n\t<meta name=\"twitter:data1\" content=\"redazione\" \/>\n\t<meta name=\"twitter:label2\" content=\"Dur\u00e9e de lecture estim\u00e9e\" \/>\n\t<meta name=\"twitter:data2\" content=\"2 minutes\" \/>\n<script type=\"application\/ld+json\" class=\"yoast-schema-graph\">{\"@context\":\"https:\\\/\\\/schema.org\",\"@graph\":[{\"@type\":\"Article\",\"@id\":\"https:\\\/\\\/www.bellunopress.it\\\/2009\\\/10\\\/09\\\/sere-dautunno-con-il-cai-di-agordo-grande-successo-della-prima-serata\\\/#article\",\"isPartOf\":{\"@id\":\"https:\\\/\\\/www.bellunopress.it\\\/2009\\\/10\\\/09\\\/sere-dautunno-con-il-cai-di-agordo-grande-successo-della-prima-serata\\\/\"},\"author\":{\"name\":\"redazione\",\"@id\":\"https:\\\/\\\/www.bellunopress.it\\\/#\\\/schema\\\/person\\\/79bb06722b37ece1c03d3e94beb30d73\"},\"headline\":\"Sere d&#8217;autunno con il Cai di Agordo. Grande successo della prima serata\",\"datePublished\":\"2009-10-09T10:47:37+00:00\",\"mainEntityOfPage\":{\"@id\":\"https:\\\/\\\/www.bellunopress.it\\\/2009\\\/10\\\/09\\\/sere-dautunno-con-il-cai-di-agordo-grande-successo-della-prima-serata\\\/\"},\"wordCount\":364,\"publisher\":{\"@id\":\"https:\\\/\\\/www.bellunopress.it\\\/#organization\"},\"image\":{\"@id\":\"https:\\\/\\\/www.bellunopress.it\\\/2009\\\/10\\\/09\\\/sere-dautunno-con-il-cai-di-agordo-grande-successo-della-prima-serata\\\/#primaryimage\"},\"thumbnailUrl\":\"http:\\\/\\\/www.bellunopress.it\\\/wp-content\\\/uploads\\\/2009\\\/05\\\/caidesktop-leggera-21.jpg\",\"keywords\":[\"Belluno\"],\"articleSection\":[\"Arte, Cultura, Spettacoli, Scienza\",\"Meteo, natura, ambiente, animali\",\"Pausa Caff\u00e8\"],\"inLanguage\":\"fr-FR\"},{\"@type\":\"WebPage\",\"@id\":\"https:\\\/\\\/www.bellunopress.it\\\/2009\\\/10\\\/09\\\/sere-dautunno-con-il-cai-di-agordo-grande-successo-della-prima-serata\\\/\",\"url\":\"https:\\\/\\\/www.bellunopress.it\\\/2009\\\/10\\\/09\\\/sere-dautunno-con-il-cai-di-agordo-grande-successo-della-prima-serata\\\/\",\"name\":\"Sere d'autunno con il Cai di Agordo. Grande successo della prima serata - Bellunopress - Dolomiti\",\"isPartOf\":{\"@id\":\"https:\\\/\\\/www.bellunopress.it\\\/#website\"},\"primaryImageOfPage\":{\"@id\":\"https:\\\/\\\/www.bellunopress.it\\\/2009\\\/10\\\/09\\\/sere-dautunno-con-il-cai-di-agordo-grande-successo-della-prima-serata\\\/#primaryimage\"},\"image\":{\"@id\":\"https:\\\/\\\/www.bellunopress.it\\\/2009\\\/10\\\/09\\\/sere-dautunno-con-il-cai-di-agordo-grande-successo-della-prima-serata\\\/#primaryimage\"},\"thumbnailUrl\":\"http:\\\/\\\/www.bellunopress.it\\\/wp-content\\\/uploads\\\/2009\\\/05\\\/caidesktop-leggera-21.jpg\",\"datePublished\":\"2009-10-09T10:47:37+00:00\",\"breadcrumb\":{\"@id\":\"https:\\\/\\\/www.bellunopress.it\\\/2009\\\/10\\\/09\\\/sere-dautunno-con-il-cai-di-agordo-grande-successo-della-prima-serata\\\/#breadcrumb\"},\"inLanguage\":\"fr-FR\",\"potentialAction\":[{\"@type\":\"ReadAction\",\"target\":[\"https:\\\/\\\/www.bellunopress.it\\\/2009\\\/10\\\/09\\\/sere-dautunno-con-il-cai-di-agordo-grande-successo-della-prima-serata\\\/\"]}]},{\"@type\":\"ImageObject\",\"inLanguage\":\"fr-FR\",\"@id\":\"https:\\\/\\\/www.bellunopress.it\\\/2009\\\/10\\\/09\\\/sere-dautunno-con-il-cai-di-agordo-grande-successo-della-prima-serata\\\/#primaryimage\",\"url\":\"http:\\\/\\\/www.bellunopress.it\\\/wp-content\\\/uploads\\\/2009\\\/05\\\/caidesktop-leggera-21.jpg\",\"contentUrl\":\"http:\\\/\\\/www.bellunopress.it\\\/wp-content\\\/uploads\\\/2009\\\/05\\\/caidesktop-leggera-21.jpg\"},{\"@type\":\"BreadcrumbList\",\"@id\":\"https:\\\/\\\/www.bellunopress.it\\\/2009\\\/10\\\/09\\\/sere-dautunno-con-il-cai-di-agordo-grande-successo-della-prima-serata\\\/#breadcrumb\",\"itemListElement\":[{\"@type\":\"ListItem\",\"position\":1,\"name\":\"Home\",\"item\":\"https:\\\/\\\/www.bellunopress.it\\\/\"},{\"@type\":\"ListItem\",\"position\":2,\"name\":\"Sere d&#8217;autunno con il Cai di Agordo. Grande successo della prima serata\"}]},{\"@type\":\"WebSite\",\"@id\":\"https:\\\/\\\/www.bellunopress.it\\\/#website\",\"url\":\"https:\\\/\\\/www.bellunopress.it\\\/\",\"name\":\"Bellunopress - Dolomiti\",\"description\":\"e-mail: redazione@bellunopress.it\",\"publisher\":{\"@id\":\"https:\\\/\\\/www.bellunopress.it\\\/#organization\"},\"potentialAction\":[{\"@type\":\"SearchAction\",\"target\":{\"@type\":\"EntryPoint\",\"urlTemplate\":\"https:\\\/\\\/www.bellunopress.it\\\/?s={search_term_string}\"},\"query-input\":{\"@type\":\"PropertyValueSpecification\",\"valueRequired\":true,\"valueName\":\"search_term_string\"}}],\"inLanguage\":\"fr-FR\"},{\"@type\":\"Organization\",\"@id\":\"https:\\\/\\\/www.bellunopress.it\\\/#organization\",\"name\":\"Bellunopress\",\"url\":\"https:\\\/\\\/www.bellunopress.it\\\/\",\"logo\":{\"@type\":\"ImageObject\",\"inLanguage\":\"fr-FR\",\"@id\":\"https:\\\/\\\/www.bellunopress.it\\\/#\\\/schema\\\/logo\\\/image\\\/\",\"url\":\"https:\\\/\\\/www.bellunopress.it\\\/wp-content\\\/uploads\\\/2011\\\/05\\\/cropped-logo-bellunopress-.jpg\",\"contentUrl\":\"https:\\\/\\\/www.bellunopress.it\\\/wp-content\\\/uploads\\\/2011\\\/05\\\/cropped-logo-bellunopress-.jpg\",\"width\":512,\"height\":512,\"caption\":\"Bellunopress\"},\"image\":{\"@id\":\"https:\\\/\\\/www.bellunopress.it\\\/#\\\/schema\\\/logo\\\/image\\\/\"},\"sameAs\":[\"https:\\\/\\\/www.facebook.com\\\/profile.php?id=100008943462799\",\"https:\\\/\\\/x.com\\\/bellunopress\",\"https:\\\/\\\/www.linkedin.com\\\/hp\\\/?dnr=JBzUWaJfMUw8vbXJJ2tVW5-I3jZKvC4wsoxE&amp;amp;amp;amp;amp;amp;trk=nav_responsive_tab_home\",\"https:\\\/\\\/www.youtube.com\\\/channel\\\/UCxL0wu1uN0_3_7hGG0306cw\"]},{\"@type\":\"Person\",\"@id\":\"https:\\\/\\\/www.bellunopress.it\\\/#\\\/schema\\\/person\\\/79bb06722b37ece1c03d3e94beb30d73\",\"name\":\"redazione\",\"image\":{\"@type\":\"ImageObject\",\"inLanguage\":\"fr-FR\",\"@id\":\"https:\\\/\\\/secure.gravatar.com\\\/avatar\\\/37d968a2e67a6fd04c169c4bdef102d0bc5d31b2546345219e348575eb80e9a0?s=96&d=mm&r=g\",\"url\":\"https:\\\/\\\/secure.gravatar.com\\\/avatar\\\/37d968a2e67a6fd04c169c4bdef102d0bc5d31b2546345219e348575eb80e9a0?s=96&d=mm&r=g\",\"contentUrl\":\"https:\\\/\\\/secure.gravatar.com\\\/avatar\\\/37d968a2e67a6fd04c169c4bdef102d0bc5d31b2546345219e348575eb80e9a0?s=96&d=mm&r=g\",\"caption\":\"redazione\"},\"sameAs\":[\"http:\\\/\\\/www.bellunopress.it\",\"https:\\\/\\\/x.com\\\/bellunopress\"],\"url\":\"https:\\\/\\\/www.bellunopress.it\\\/fr\\\/author\\\/redazione\\\/\"}]}<\/script>\n<!-- \/ Yoast SEO plugin. -->","yoast_head_json":{"title":"Sere d'autunno con il Cai di Agordo. Grande successo della prima serata - Bellunopress - Dolomiti","robots":{"index":"index","follow":"follow","max-snippet":"max-snippet:-1","max-image-preview":"max-image-preview:large","max-video-preview":"max-video-preview:-1"},"canonical":"https:\/\/www.bellunopress.it\/fr\/2009\/10\/09\/sere-dautunno-con-il-cai-di-agordo-grande-successo-della-prima-serata\/","og_locale":"fr_FR","og_type":"article","og_title":"Sere d'autunno con il Cai di Agordo. Grande successo della prima serata - Bellunopress - Dolomiti","og_description":"Una gremita sala \u201cDon Tamis\u201d ha accolto \u2013 venerd\u00ec scorso &#8211; il primo Autore di Sere d\u2019Autunno 2009. Un pubblico particolarmente attento ha seguito, ascoltato, visto ed apprezzato l\u2019avventura compiuta da Michele Barbiero in compagnia del compianto amico Giuliano De Marchi nel Gruppo del Denali (McKinley) in Alaska. Una serata davvero piacevole, animata \u2013 oltre [&hellip;]","og_url":"https:\/\/www.bellunopress.it\/fr\/2009\/10\/09\/sere-dautunno-con-il-cai-di-agordo-grande-successo-della-prima-serata\/","og_site_name":"Bellunopress - Dolomiti","article_publisher":"https:\/\/www.facebook.com\/profile.php?id=100008943462799","article_published_time":"2009-10-09T10:47:37+00:00","og_image":[{"url":"http:\/\/www.bellunopress.it\/wp-content\/uploads\/2009\/05\/caidesktop-leggera-21.jpg","type":"","width":"","height":""}],"author":"redazione","twitter_card":"summary_large_image","twitter_creator":"@bellunopress","twitter_site":"@bellunopress","twitter_misc":{"\u00c9crit par":"redazione","Dur\u00e9e de lecture estim\u00e9e":"2 minutes"},"schema":{"@context":"https:\/\/schema.org","@graph":[{"@type":"Article","@id":"https:\/\/www.bellunopress.it\/2009\/10\/09\/sere-dautunno-con-il-cai-di-agordo-grande-successo-della-prima-serata\/#article","isPartOf":{"@id":"https:\/\/www.bellunopress.it\/2009\/10\/09\/sere-dautunno-con-il-cai-di-agordo-grande-successo-della-prima-serata\/"},"author":{"name":"redazione","@id":"https:\/\/www.bellunopress.it\/#\/schema\/person\/79bb06722b37ece1c03d3e94beb30d73"},"headline":"Sere d&#8217;autunno con il Cai di Agordo. Grande successo della prima serata","datePublished":"2009-10-09T10:47:37+00:00","mainEntityOfPage":{"@id":"https:\/\/www.bellunopress.it\/2009\/10\/09\/sere-dautunno-con-il-cai-di-agordo-grande-successo-della-prima-serata\/"},"wordCount":364,"publisher":{"@id":"https:\/\/www.bellunopress.it\/#organization"},"image":{"@id":"https:\/\/www.bellunopress.it\/2009\/10\/09\/sere-dautunno-con-il-cai-di-agordo-grande-successo-della-prima-serata\/#primaryimage"},"thumbnailUrl":"http:\/\/www.bellunopress.it\/wp-content\/uploads\/2009\/05\/caidesktop-leggera-21.jpg","keywords":["Belluno"],"articleSection":["Arte, Cultura, Spettacoli, Scienza","Meteo, natura, ambiente, animali","Pausa Caff\u00e8"],"inLanguage":"fr-FR"},{"@type":"WebPage","@id":"https:\/\/www.bellunopress.it\/2009\/10\/09\/sere-dautunno-con-il-cai-di-agordo-grande-successo-della-prima-serata\/","url":"https:\/\/www.bellunopress.it\/2009\/10\/09\/sere-dautunno-con-il-cai-di-agordo-grande-successo-della-prima-serata\/","name":"Sere d'autunno con il Cai di Agordo. Grande successo della prima serata - Bellunopress - Dolomiti","isPartOf":{"@id":"https:\/\/www.bellunopress.it\/#website"},"primaryImageOfPage":{"@id":"https:\/\/www.bellunopress.it\/2009\/10\/09\/sere-dautunno-con-il-cai-di-agordo-grande-successo-della-prima-serata\/#primaryimage"},"image":{"@id":"https:\/\/www.bellunopress.it\/2009\/10\/09\/sere-dautunno-con-il-cai-di-agordo-grande-successo-della-prima-serata\/#primaryimage"},"thumbnailUrl":"http:\/\/www.bellunopress.it\/wp-content\/uploads\/2009\/05\/caidesktop-leggera-21.jpg","datePublished":"2009-10-09T10:47:37+00:00","breadcrumb":{"@id":"https:\/\/www.bellunopress.it\/2009\/10\/09\/sere-dautunno-con-il-cai-di-agordo-grande-successo-della-prima-serata\/#breadcrumb"},"inLanguage":"fr-FR","potentialAction":[{"@type":"ReadAction","target":["https:\/\/www.bellunopress.it\/2009\/10\/09\/sere-dautunno-con-il-cai-di-agordo-grande-successo-della-prima-serata\/"]}]},{"@type":"ImageObject","inLanguage":"fr-FR","@id":"https:\/\/www.bellunopress.it\/2009\/10\/09\/sere-dautunno-con-il-cai-di-agordo-grande-successo-della-prima-serata\/#primaryimage","url":"http:\/\/www.bellunopress.it\/wp-content\/uploads\/2009\/05\/caidesktop-leggera-21.jpg","contentUrl":"http:\/\/www.bellunopress.it\/wp-content\/uploads\/2009\/05\/caidesktop-leggera-21.jpg"},{"@type":"BreadcrumbList","@id":"https:\/\/www.bellunopress.it\/2009\/10\/09\/sere-dautunno-con-il-cai-di-agordo-grande-successo-della-prima-serata\/#breadcrumb","itemListElement":[{"@type":"ListItem","position":1,"name":"Home","item":"https:\/\/www.bellunopress.it\/"},{"@type":"ListItem","position":2,"name":"Sere d&#8217;autunno con il Cai di Agordo. Grande successo della prima serata"}]},{"@type":"WebSite","@id":"https:\/\/www.bellunopress.it\/#website","url":"https:\/\/www.bellunopress.it\/","name":"Bellunopress - Dolomiti","description":"e-mail: redazione@bellunopress.it","publisher":{"@id":"https:\/\/www.bellunopress.it\/#organization"},"potentialAction":[{"@type":"SearchAction","target":{"@type":"EntryPoint","urlTemplate":"https:\/\/www.bellunopress.it\/?s={search_term_string}"},"query-input":{"@type":"PropertyValueSpecification","valueRequired":true,"valueName":"search_term_string"}}],"inLanguage":"fr-FR"},{"@type":"Organization","@id":"https:\/\/www.bellunopress.it\/#organization","name":"Bellunopress","url":"https:\/\/www.bellunopress.it\/","logo":{"@type":"ImageObject","inLanguage":"fr-FR","@id":"https:\/\/www.bellunopress.it\/#\/schema\/logo\/image\/","url":"https:\/\/www.bellunopress.it\/wp-content\/uploads\/2011\/05\/cropped-logo-bellunopress-.jpg","contentUrl":"https:\/\/www.bellunopress.it\/wp-content\/uploads\/2011\/05\/cropped-logo-bellunopress-.jpg","width":512,"height":512,"caption":"Bellunopress"},"image":{"@id":"https:\/\/www.bellunopress.it\/#\/schema\/logo\/image\/"},"sameAs":["https:\/\/www.facebook.com\/profile.php?id=100008943462799","https:\/\/x.com\/bellunopress","https:\/\/www.linkedin.com\/hp\/?dnr=JBzUWaJfMUw8vbXJJ2tVW5-I3jZKvC4wsoxE&amp;amp;amp;amp;amp;amp;trk=nav_responsive_tab_home","https:\/\/www.youtube.com\/channel\/UCxL0wu1uN0_3_7hGG0306cw"]},{"@type":"Person","@id":"https:\/\/www.bellunopress.it\/#\/schema\/person\/79bb06722b37ece1c03d3e94beb30d73","name":"r\u00e9daction","image":{"@type":"ImageObject","inLanguage":"fr-FR","@id":"https:\/\/secure.gravatar.com\/avatar\/37d968a2e67a6fd04c169c4bdef102d0bc5d31b2546345219e348575eb80e9a0?s=96&d=mm&r=g","url":"https:\/\/secure.gravatar.com\/avatar\/37d968a2e67a6fd04c169c4bdef102d0bc5d31b2546345219e348575eb80e9a0?s=96&d=mm&r=g","contentUrl":"https:\/\/secure.gravatar.com\/avatar\/37d968a2e67a6fd04c169c4bdef102d0bc5d31b2546345219e348575eb80e9a0?s=96&d=mm&r=g","caption":"redazione"},"sameAs":["http:\/\/www.bellunopress.it","https:\/\/x.com\/bellunopress"],"url":"https:\/\/www.bellunopress.it\/fr\/author\/redazione\/"}]}},"_links":{"self":[{"href":"https:\/\/www.bellunopress.it\/fr\/wp-json\/wp\/v2\/posts\/8774","targetHints":{"allow":["GET"]}}],"collection":[{"href":"https:\/\/www.bellunopress.it\/fr\/wp-json\/wp\/v2\/posts"}],"about":[{"href":"https:\/\/www.bellunopress.it\/fr\/wp-json\/wp\/v2\/types\/post"}],"author":[{"embeddable":true,"href":"https:\/\/www.bellunopress.it\/fr\/wp-json\/wp\/v2\/users\/2"}],"replies":[{"embeddable":true,"href":"https:\/\/www.bellunopress.it\/fr\/wp-json\/wp\/v2\/comments?post=8774"}],"version-history":[{"count":1,"href":"https:\/\/www.bellunopress.it\/fr\/wp-json\/wp\/v2\/posts\/8774\/revisions"}],"predecessor-version":[{"id":8775,"href":"https:\/\/www.bellunopress.it\/fr\/wp-json\/wp\/v2\/posts\/8774\/revisions\/8775"}],"wp:attachment":[{"href":"https:\/\/www.bellunopress.it\/fr\/wp-json\/wp\/v2\/media?parent=8774"}],"wp:term":[{"taxonomy":"category","embeddable":true,"href":"https:\/\/www.bellunopress.it\/fr\/wp-json\/wp\/v2\/categories?post=8774"},{"taxonomy":"post_tag","embeddable":true,"href":"https:\/\/www.bellunopress.it\/fr\/wp-json\/wp\/v2\/tags?post=8774"}],"curies":[{"name":"wp","href":"https:\/\/api.w.org\/{rel}","templated":true}]}}