{"id":8768,"date":"2009-10-08T21:29:05","date_gmt":"2009-10-08T20:29:05","guid":{"rendered":"http:\/\/www.bellunopress.it\/?p=8768"},"modified":"2009-10-09T11:52:28","modified_gmt":"2009-10-09T10:52:28","slug":"l%c2%92educazione-razionale-emotiva-viaggio-alla-scoperta-delle-emozioni-sabato-a-pieve-dalpago%c2%94","status":"publish","type":"post","link":"https:\/\/www.bellunopress.it\/fr\/2009\/10\/08\/l%c2%92educazione-razionale-emotiva-viaggio-alla-scoperta-delle-emozioni-sabato-a-pieve-dalpago%c2%94\/","title":{"rendered":"L&#8217;educazione razionale emotiva, viaggio alla scoperta delle emozioni sabato a Pieve d&#8217;Alpago"},"content":{"rendered":"<p>Il Comune di Pieve d&#8217;Alpago, presso la Sala Placido Fabris, ha allestito una serie di incontri dedicati alla salute e in particolare agli aspetti psicologici della salute. Gli incontri sono aperti a tutti e si articoleranno su varie tematiche relative agli eventi che caratterizzano il corso della vita. Si alterneranno psicologi con varia formazione con lobiettivo non di offrire una lezione frontale, ma di stimolare riflessioni su temi di interesse generale, scambiando opinioni anche su argomenti di attualit\u00e0. Sabato 10 ottobre alle ore 14.30 \u00e8 prevista la replica dell&#8217;incontro sul tema &#8220;L&#8217;educazione razionale emotiva&#8221;, viaggio alla scoperta delle emozioni&#8221;. L&#8217;incontro rivolto in particolare a genitori e nonni si propone di far conoscere gli strumenti fondamentali dell&#8217;autoregolazione emotiva nel bambino. I partecipanti saranno guidati verso la comprensione dei meccanismi che portano l&#8217;insorgere e il perdurare di quelle emozioni nocive (rabbia, tristezza e paura) che sabotano il benessere individuale, traducendosi in disagio emotivo negli ambiti familiare e scolastico. La rivalita&#8217; e la gelosia fra fratelli, le paure infantili, il DDAI e la depressione infantile, saranno alcuni degli elementi affrontati nell&#8217;ottica dell&#8217;Educazione Razionale Emotiva, seguiti da consigli pratici ed esempi utili a ridurre le emozioni negative nostre e dei nostri bambini.\u00a0\u00a0 Durante l&#8217;incontro sar\u00e0 presentato &#8220;l&#8217;ABC DELLE EMOZIONI&#8221;, progetto sviluppato in sinergia con l&#8217;Associazione &#8220;I balconi dell&#8217;Alpago&#8221; e rivolto a tutti i bambini di et\u00e0 fra i 5 e gli 8 anni. 4 appuntamenti pensati per consentire al bambino di valorizzare e incrementare progressivamente le proprie abilit\u00e0 espressive, riconoscendo e nominando le differenti emozioni attraverso divertente coinvolgenti giochi di gruppo. I prossimi incontri sono previsti per venerd\u00ec 16 ottobre (ore 20.30) con il tema STRESS E SALUTE, poi venerd\u00ec 23 ottobre (ore 20.30) con CONFLITTI NEL LAVORO: COME SOPRAVVIVERE?,<\/p>","protected":false},"excerpt":{"rendered":"<p>Il Comune di Pieve d&#8217;Alpago, presso la Sala Placido Fabris, ha allestito una serie di incontri dedicati alla salute e in particolare agli aspetti psicologici della salute. Gli incontri sono aperti a tutti e si articoleranno su varie tematiche relative agli eventi che caratterizzano il corso della vita. Si alterneranno psicologi con varia formazione con [&hellip;]<\/p>\n","protected":false},"author":2,"featured_media":0,"comment_status":"closed","ping_status":"open","sticky":false,"template":"","format":"standard","meta":{"footnotes":""},"categories":[27,25],"tags":[],"class_list":["post-8768","post","type-post","status-publish","format-standard","category-appuntamenti","category-pausa-caffe"],"yoast_head":"<!-- This site is optimized with the Yoast SEO plugin v28.4 - https:\/\/yoast.com\/product\/yoast-seo-wordpress\/ -->\n<title>L&#039;educazione razionale emotiva, viaggio alla scoperta delle emozioni sabato a Pieve d&#039;Alpago - Bellunopress - Dolomiti<\/title>\n<meta name=\"robots\" content=\"index, follow, max-snippet:-1, max-image-preview:large, max-video-preview:-1\" \/>\n<link rel=\"canonical\" href=\"https:\/\/www.bellunopress.it\/fr\/2009\/10\/08\/l\u0092educazione-razionale-emotiva-viaggio-alla-scoperta-delle-emozioni-sabato-a-pieve-dalpago\u0094\/\" \/>\n<meta property=\"og:locale\" content=\"fr_FR\" \/>\n<meta property=\"og:type\" content=\"article\" \/>\n<meta property=\"og:title\" content=\"L&#039;educazione razionale emotiva, viaggio alla scoperta delle emozioni sabato a Pieve d&#039;Alpago - Bellunopress - Dolomiti\" \/>\n<meta property=\"og:description\" content=\"Il Comune di Pieve d&#8217;Alpago, presso la Sala Placido Fabris, ha allestito una serie di incontri dedicati alla salute e in particolare agli aspetti psicologici della salute. Gli incontri sono aperti a tutti e si articoleranno su varie tematiche relative agli eventi che caratterizzano il corso della vita. Si alterneranno psicologi con varia formazione con [&hellip;]\" \/>\n<meta property=\"og:url\" content=\"https:\/\/www.bellunopress.it\/fr\/2009\/10\/08\/l\u0092educazione-razionale-emotiva-viaggio-alla-scoperta-delle-emozioni-sabato-a-pieve-dalpago\u0094\/\" \/>\n<meta property=\"og:site_name\" content=\"Bellunopress - Dolomiti\" \/>\n<meta property=\"article:publisher\" content=\"https:\/\/www.facebook.com\/profile.php?id=100008943462799\" \/>\n<meta property=\"article:published_time\" content=\"2009-10-08T20:29:05+00:00\" \/>\n<meta property=\"article:modified_time\" content=\"2009-10-09T10:52:28+00:00\" \/>\n<meta property=\"og:image\" content=\"http:\/\/www.bellunopress.it\/wp-content\/uploads\/2012\/07\/logo-bellunopress-250x250-2012.jpg\" \/>\n<meta name=\"author\" content=\"redazione\" \/>\n<meta name=\"twitter:card\" content=\"summary_large_image\" \/>\n<meta name=\"twitter:creator\" content=\"@bellunopress\" \/>\n<meta name=\"twitter:site\" content=\"@bellunopress\" \/>\n<meta name=\"twitter:label1\" content=\"\u00c9crit par\" \/>\n\t<meta name=\"twitter:data1\" content=\"redazione\" \/>\n\t<meta name=\"twitter:label2\" content=\"Dur\u00e9e de lecture estim\u00e9e\" \/>\n\t<meta name=\"twitter:data2\" content=\"1 minute\" \/>\n<script type=\"application\/ld+json\" class=\"yoast-schema-graph\">{\"@context\":\"https:\\\/\\\/schema.org\",\"@graph\":[{\"@type\":\"Article\",\"@id\":\"https:\\\/\\\/www.bellunopress.it\\\/2009\\\/10\\\/08\\\/l%c2%92educazione-razionale-emotiva-viaggio-alla-scoperta-delle-emozioni-sabato-a-pieve-dalpago%c2%94\\\/#article\",\"isPartOf\":{\"@id\":\"https:\\\/\\\/www.bellunopress.it\\\/2009\\\/10\\\/08\\\/l%c2%92educazione-razionale-emotiva-viaggio-alla-scoperta-delle-emozioni-sabato-a-pieve-dalpago%c2%94\\\/\"},\"author\":{\"name\":\"redazione\",\"@id\":\"https:\\\/\\\/www.bellunopress.it\\\/#\\\/schema\\\/person\\\/79bb06722b37ece1c03d3e94beb30d73\"},\"headline\":\"L&#8217;educazione razionale emotiva, viaggio alla scoperta delle emozioni sabato a Pieve d&#8217;Alpago\",\"datePublished\":\"2009-10-08T20:29:05+00:00\",\"dateModified\":\"2009-10-09T10:52:28+00:00\",\"mainEntityOfPage\":{\"@id\":\"https:\\\/\\\/www.bellunopress.it\\\/2009\\\/10\\\/08\\\/l%c2%92educazione-razionale-emotiva-viaggio-alla-scoperta-delle-emozioni-sabato-a-pieve-dalpago%c2%94\\\/\"},\"wordCount\":302,\"publisher\":{\"@id\":\"https:\\\/\\\/www.bellunopress.it\\\/#organization\"},\"articleSection\":[\"Appuntamenti, Eventi\",\"Pausa Caff\u00e8\"],\"inLanguage\":\"fr-FR\"},{\"@type\":\"WebPage\",\"@id\":\"https:\\\/\\\/www.bellunopress.it\\\/2009\\\/10\\\/08\\\/l%c2%92educazione-razionale-emotiva-viaggio-alla-scoperta-delle-emozioni-sabato-a-pieve-dalpago%c2%94\\\/\",\"url\":\"https:\\\/\\\/www.bellunopress.it\\\/2009\\\/10\\\/08\\\/l%c2%92educazione-razionale-emotiva-viaggio-alla-scoperta-delle-emozioni-sabato-a-pieve-dalpago%c2%94\\\/\",\"name\":\"L'educazione razionale emotiva, viaggio alla scoperta delle emozioni sabato a Pieve d'Alpago - Bellunopress - Dolomiti\",\"isPartOf\":{\"@id\":\"https:\\\/\\\/www.bellunopress.it\\\/#website\"},\"datePublished\":\"2009-10-08T20:29:05+00:00\",\"dateModified\":\"2009-10-09T10:52:28+00:00\",\"breadcrumb\":{\"@id\":\"https:\\\/\\\/www.bellunopress.it\\\/2009\\\/10\\\/08\\\/l%c2%92educazione-razionale-emotiva-viaggio-alla-scoperta-delle-emozioni-sabato-a-pieve-dalpago%c2%94\\\/#breadcrumb\"},\"inLanguage\":\"fr-FR\",\"potentialAction\":[{\"@type\":\"ReadAction\",\"target\":[\"https:\\\/\\\/www.bellunopress.it\\\/2009\\\/10\\\/08\\\/l%c2%92educazione-razionale-emotiva-viaggio-alla-scoperta-delle-emozioni-sabato-a-pieve-dalpago%c2%94\\\/\"]}]},{\"@type\":\"BreadcrumbList\",\"@id\":\"https:\\\/\\\/www.bellunopress.it\\\/2009\\\/10\\\/08\\\/l%c2%92educazione-razionale-emotiva-viaggio-alla-scoperta-delle-emozioni-sabato-a-pieve-dalpago%c2%94\\\/#breadcrumb\",\"itemListElement\":[{\"@type\":\"ListItem\",\"position\":1,\"name\":\"Home\",\"item\":\"https:\\\/\\\/www.bellunopress.it\\\/\"},{\"@type\":\"ListItem\",\"position\":2,\"name\":\"L&#8217;educazione razionale emotiva, viaggio alla scoperta delle emozioni sabato a Pieve d&#8217;Alpago\"}]},{\"@type\":\"WebSite\",\"@id\":\"https:\\\/\\\/www.bellunopress.it\\\/#website\",\"url\":\"https:\\\/\\\/www.bellunopress.it\\\/\",\"name\":\"Bellunopress - Dolomiti\",\"description\":\"e-mail: redazione@bellunopress.it\",\"publisher\":{\"@id\":\"https:\\\/\\\/www.bellunopress.it\\\/#organization\"},\"potentialAction\":[{\"@type\":\"SearchAction\",\"target\":{\"@type\":\"EntryPoint\",\"urlTemplate\":\"https:\\\/\\\/www.bellunopress.it\\\/?s={search_term_string}\"},\"query-input\":{\"@type\":\"PropertyValueSpecification\",\"valueRequired\":true,\"valueName\":\"search_term_string\"}}],\"inLanguage\":\"fr-FR\"},{\"@type\":\"Organization\",\"@id\":\"https:\\\/\\\/www.bellunopress.it\\\/#organization\",\"name\":\"Bellunopress\",\"url\":\"https:\\\/\\\/www.bellunopress.it\\\/\",\"logo\":{\"@type\":\"ImageObject\",\"inLanguage\":\"fr-FR\",\"@id\":\"https:\\\/\\\/www.bellunopress.it\\\/#\\\/schema\\\/logo\\\/image\\\/\",\"url\":\"https:\\\/\\\/www.bellunopress.it\\\/wp-content\\\/uploads\\\/2011\\\/05\\\/cropped-logo-bellunopress-.jpg\",\"contentUrl\":\"https:\\\/\\\/www.bellunopress.it\\\/wp-content\\\/uploads\\\/2011\\\/05\\\/cropped-logo-bellunopress-.jpg\",\"width\":512,\"height\":512,\"caption\":\"Bellunopress\"},\"image\":{\"@id\":\"https:\\\/\\\/www.bellunopress.it\\\/#\\\/schema\\\/logo\\\/image\\\/\"},\"sameAs\":[\"https:\\\/\\\/www.facebook.com\\\/profile.php?id=100008943462799\",\"https:\\\/\\\/x.com\\\/bellunopress\",\"https:\\\/\\\/www.linkedin.com\\\/hp\\\/?dnr=JBzUWaJfMUw8vbXJJ2tVW5-I3jZKvC4wsoxE&amp;amp;amp;amp;amp;amp;trk=nav_responsive_tab_home\",\"https:\\\/\\\/www.youtube.com\\\/channel\\\/UCxL0wu1uN0_3_7hGG0306cw\"]},{\"@type\":\"Person\",\"@id\":\"https:\\\/\\\/www.bellunopress.it\\\/#\\\/schema\\\/person\\\/79bb06722b37ece1c03d3e94beb30d73\",\"name\":\"redazione\",\"image\":{\"@type\":\"ImageObject\",\"inLanguage\":\"fr-FR\",\"@id\":\"https:\\\/\\\/secure.gravatar.com\\\/avatar\\\/37d968a2e67a6fd04c169c4bdef102d0bc5d31b2546345219e348575eb80e9a0?s=96&d=mm&r=g\",\"url\":\"https:\\\/\\\/secure.gravatar.com\\\/avatar\\\/37d968a2e67a6fd04c169c4bdef102d0bc5d31b2546345219e348575eb80e9a0?s=96&d=mm&r=g\",\"contentUrl\":\"https:\\\/\\\/secure.gravatar.com\\\/avatar\\\/37d968a2e67a6fd04c169c4bdef102d0bc5d31b2546345219e348575eb80e9a0?s=96&d=mm&r=g\",\"caption\":\"redazione\"},\"sameAs\":[\"http:\\\/\\\/www.bellunopress.it\",\"https:\\\/\\\/x.com\\\/bellunopress\"],\"url\":\"https:\\\/\\\/www.bellunopress.it\\\/fr\\\/author\\\/redazione\\\/\"}]}<\/script>\n<!-- \/ Yoast SEO plugin. -->","yoast_head_json":{"title":"L'educazione razionale emotiva, viaggio alla scoperta delle emozioni sabato a Pieve d'Alpago - Bellunopress - Dolomiti","robots":{"index":"index","follow":"follow","max-snippet":"max-snippet:-1","max-image-preview":"max-image-preview:large","max-video-preview":"max-video-preview:-1"},"canonical":"https:\/\/www.bellunopress.it\/fr\/2009\/10\/08\/l\u0092educazione-razionale-emotiva-viaggio-alla-scoperta-delle-emozioni-sabato-a-pieve-dalpago\u0094\/","og_locale":"fr_FR","og_type":"article","og_title":"L'educazione razionale emotiva, viaggio alla scoperta delle emozioni sabato a Pieve d'Alpago - Bellunopress - Dolomiti","og_description":"Il Comune di Pieve d&#8217;Alpago, presso la Sala Placido Fabris, ha allestito una serie di incontri dedicati alla salute e in particolare agli aspetti psicologici della salute. Gli incontri sono aperti a tutti e si articoleranno su varie tematiche relative agli eventi che caratterizzano il corso della vita. Si alterneranno psicologi con varia formazione con [&hellip;]","og_url":"https:\/\/www.bellunopress.it\/fr\/2009\/10\/08\/l\u0092educazione-razionale-emotiva-viaggio-alla-scoperta-delle-emozioni-sabato-a-pieve-dalpago\u0094\/","og_site_name":"Bellunopress - Dolomiti","article_publisher":"https:\/\/www.facebook.com\/profile.php?id=100008943462799","article_published_time":"2009-10-08T20:29:05+00:00","article_modified_time":"2009-10-09T10:52:28+00:00","og_image":[{"url":"http:\/\/www.bellunopress.it\/wp-content\/uploads\/2012\/07\/logo-bellunopress-250x250-2012.jpg","type":"","width":"","height":""}],"author":"redazione","twitter_card":"summary_large_image","twitter_creator":"@bellunopress","twitter_site":"@bellunopress","twitter_misc":{"\u00c9crit par":"redazione","Dur\u00e9e de lecture estim\u00e9e":"1 minute"},"schema":{"@context":"https:\/\/schema.org","@graph":[{"@type":"Article","@id":"https:\/\/www.bellunopress.it\/2009\/10\/08\/l%c2%92educazione-razionale-emotiva-viaggio-alla-scoperta-delle-emozioni-sabato-a-pieve-dalpago%c2%94\/#article","isPartOf":{"@id":"https:\/\/www.bellunopress.it\/2009\/10\/08\/l%c2%92educazione-razionale-emotiva-viaggio-alla-scoperta-delle-emozioni-sabato-a-pieve-dalpago%c2%94\/"},"author":{"name":"redazione","@id":"https:\/\/www.bellunopress.it\/#\/schema\/person\/79bb06722b37ece1c03d3e94beb30d73"},"headline":"L&#8217;educazione razionale emotiva, viaggio alla scoperta delle emozioni sabato a Pieve d&#8217;Alpago","datePublished":"2009-10-08T20:29:05+00:00","dateModified":"2009-10-09T10:52:28+00:00","mainEntityOfPage":{"@id":"https:\/\/www.bellunopress.it\/2009\/10\/08\/l%c2%92educazione-razionale-emotiva-viaggio-alla-scoperta-delle-emozioni-sabato-a-pieve-dalpago%c2%94\/"},"wordCount":302,"publisher":{"@id":"https:\/\/www.bellunopress.it\/#organization"},"articleSection":["Appuntamenti, Eventi","Pausa Caff\u00e8"],"inLanguage":"fr-FR"},{"@type":"WebPage","@id":"https:\/\/www.bellunopress.it\/2009\/10\/08\/l%c2%92educazione-razionale-emotiva-viaggio-alla-scoperta-delle-emozioni-sabato-a-pieve-dalpago%c2%94\/","url":"https:\/\/www.bellunopress.it\/2009\/10\/08\/l%c2%92educazione-razionale-emotiva-viaggio-alla-scoperta-delle-emozioni-sabato-a-pieve-dalpago%c2%94\/","name":"L'educazione razionale emotiva, viaggio alla scoperta delle emozioni sabato a Pieve d'Alpago - Bellunopress - Dolomiti","isPartOf":{"@id":"https:\/\/www.bellunopress.it\/#website"},"datePublished":"2009-10-08T20:29:05+00:00","dateModified":"2009-10-09T10:52:28+00:00","breadcrumb":{"@id":"https:\/\/www.bellunopress.it\/2009\/10\/08\/l%c2%92educazione-razionale-emotiva-viaggio-alla-scoperta-delle-emozioni-sabato-a-pieve-dalpago%c2%94\/#breadcrumb"},"inLanguage":"fr-FR","potentialAction":[{"@type":"ReadAction","target":["https:\/\/www.bellunopress.it\/2009\/10\/08\/l%c2%92educazione-razionale-emotiva-viaggio-alla-scoperta-delle-emozioni-sabato-a-pieve-dalpago%c2%94\/"]}]},{"@type":"BreadcrumbList","@id":"https:\/\/www.bellunopress.it\/2009\/10\/08\/l%c2%92educazione-razionale-emotiva-viaggio-alla-scoperta-delle-emozioni-sabato-a-pieve-dalpago%c2%94\/#breadcrumb","itemListElement":[{"@type":"ListItem","position":1,"name":"Home","item":"https:\/\/www.bellunopress.it\/"},{"@type":"ListItem","position":2,"name":"L&#8217;educazione razionale emotiva, viaggio alla scoperta delle emozioni sabato a Pieve d&#8217;Alpago"}]},{"@type":"WebSite","@id":"https:\/\/www.bellunopress.it\/#website","url":"https:\/\/www.bellunopress.it\/","name":"Bellunopress - Dolomiti","description":"e-mail: redazione@bellunopress.it","publisher":{"@id":"https:\/\/www.bellunopress.it\/#organization"},"potentialAction":[{"@type":"SearchAction","target":{"@type":"EntryPoint","urlTemplate":"https:\/\/www.bellunopress.it\/?s={search_term_string}"},"query-input":{"@type":"PropertyValueSpecification","valueRequired":true,"valueName":"search_term_string"}}],"inLanguage":"fr-FR"},{"@type":"Organization","@id":"https:\/\/www.bellunopress.it\/#organization","name":"Bellunopress","url":"https:\/\/www.bellunopress.it\/","logo":{"@type":"ImageObject","inLanguage":"fr-FR","@id":"https:\/\/www.bellunopress.it\/#\/schema\/logo\/image\/","url":"https:\/\/www.bellunopress.it\/wp-content\/uploads\/2011\/05\/cropped-logo-bellunopress-.jpg","contentUrl":"https:\/\/www.bellunopress.it\/wp-content\/uploads\/2011\/05\/cropped-logo-bellunopress-.jpg","width":512,"height":512,"caption":"Bellunopress"},"image":{"@id":"https:\/\/www.bellunopress.it\/#\/schema\/logo\/image\/"},"sameAs":["https:\/\/www.facebook.com\/profile.php?id=100008943462799","https:\/\/x.com\/bellunopress","https:\/\/www.linkedin.com\/hp\/?dnr=JBzUWaJfMUw8vbXJJ2tVW5-I3jZKvC4wsoxE&amp;amp;amp;amp;amp;amp;trk=nav_responsive_tab_home","https:\/\/www.youtube.com\/channel\/UCxL0wu1uN0_3_7hGG0306cw"]},{"@type":"Person","@id":"https:\/\/www.bellunopress.it\/#\/schema\/person\/79bb06722b37ece1c03d3e94beb30d73","name":"r\u00e9daction","image":{"@type":"ImageObject","inLanguage":"fr-FR","@id":"https:\/\/secure.gravatar.com\/avatar\/37d968a2e67a6fd04c169c4bdef102d0bc5d31b2546345219e348575eb80e9a0?s=96&d=mm&r=g","url":"https:\/\/secure.gravatar.com\/avatar\/37d968a2e67a6fd04c169c4bdef102d0bc5d31b2546345219e348575eb80e9a0?s=96&d=mm&r=g","contentUrl":"https:\/\/secure.gravatar.com\/avatar\/37d968a2e67a6fd04c169c4bdef102d0bc5d31b2546345219e348575eb80e9a0?s=96&d=mm&r=g","caption":"redazione"},"sameAs":["http:\/\/www.bellunopress.it","https:\/\/x.com\/bellunopress"],"url":"https:\/\/www.bellunopress.it\/fr\/author\/redazione\/"}]}},"_links":{"self":[{"href":"https:\/\/www.bellunopress.it\/fr\/wp-json\/wp\/v2\/posts\/8768","targetHints":{"allow":["GET"]}}],"collection":[{"href":"https:\/\/www.bellunopress.it\/fr\/wp-json\/wp\/v2\/posts"}],"about":[{"href":"https:\/\/www.bellunopress.it\/fr\/wp-json\/wp\/v2\/types\/post"}],"author":[{"embeddable":true,"href":"https:\/\/www.bellunopress.it\/fr\/wp-json\/wp\/v2\/users\/2"}],"replies":[{"embeddable":true,"href":"https:\/\/www.bellunopress.it\/fr\/wp-json\/wp\/v2\/comments?post=8768"}],"version-history":[{"count":3,"href":"https:\/\/www.bellunopress.it\/fr\/wp-json\/wp\/v2\/posts\/8768\/revisions"}],"predecessor-version":[{"id":8777,"href":"https:\/\/www.bellunopress.it\/fr\/wp-json\/wp\/v2\/posts\/8768\/revisions\/8777"}],"wp:attachment":[{"href":"https:\/\/www.bellunopress.it\/fr\/wp-json\/wp\/v2\/media?parent=8768"}],"wp:term":[{"taxonomy":"category","embeddable":true,"href":"https:\/\/www.bellunopress.it\/fr\/wp-json\/wp\/v2\/categories?post=8768"},{"taxonomy":"post_tag","embeddable":true,"href":"https:\/\/www.bellunopress.it\/fr\/wp-json\/wp\/v2\/tags?post=8768"}],"curies":[{"name":"wp","href":"https:\/\/api.w.org\/{rel}","templated":true}]}}