{"id":8766,"date":"2009-10-08T21:24:57","date_gmt":"2009-10-08T20:24:57","guid":{"rendered":"http:\/\/www.bellunopress.it\/?p=8766"},"modified":"2009-10-09T11:49:42","modified_gmt":"2009-10-09T10:49:42","slug":"cortina-incroda-sabato-al-comunale-1939-2009-la-leggenda-degli-scoiattoli-continua-le-crode-la-loro-terra-le-stelle-la-loro-vetta","status":"publish","type":"post","link":"https:\/\/www.bellunopress.it\/fr\/2009\/10\/08\/cortina-incroda-sabato-al-comunale-1939-2009-la-leggenda-degli-scoiattoli-continua-le-crode-la-loro-terra-le-stelle-la-loro-vetta\/","title":{"rendered":"Cortina InCroda sabato al Comunale: 1939-2009 La leggenda degli Scoiattoli continua"},"content":{"rendered":"<p>La rassegna Cortina inCroda che durante l\u2019estate appena conclusa ha celebrato i Settanta anni degli Scoiattoli torna in scena a Belluno. Sar\u00e0 il palco del Teatro Comunale sabato 10 ottobre alle ore 21 (ingresso libero) ad ospitare l\u2019appuntamento intitolato \u201c1939-2009: Settanta candeline che illuminano una leggenda\u201d. L\u2019incontro si inserisce\u00a0 nell\u2019accordo di collaborazione siglato tra il sindaco di Cortina Andrea Franceschi e il sindaco di Belluno Antonio Prade che hanno sottoscritto una collaborazione tra \u201cCortina inCroda\u201d e \u201cOltre le vette\u201d. La manifestazione bellunese, diretta artisticamente da Flavio Faoro, si \u00e8 raccontata ad agosto dal palco del cinema-teatro Alexander Girardi\u00a0 prima della 13\u00aa edizione e ha ricordato l\u2019amico alpinista Giuliano De Marchi. A Belluno la serata degli Scoiattoli si preannuncia divertente e sar\u00e0 nuovamente diretta dal direttore artistico Andrea Gris. Sul palco saliranno il presidente egli Scoiattoli, Stefano Dimai \u201cCash\u201d, con gli altri uomini dal maglione rosso: Mario Lacedelli, Renato Sottsas, Lorenzo Lorenzi, Paolo Tassi e Ugo Pompanin B\u00e0. Un contributo speciale inedito sar\u00e0 rappresentato dal ricordo di Luigi Ghedina \u201cBibi\u201d uno dei soci fondatori del gruppo Scoiattoli scomparso il 26 agosto scorso. La serata vedr\u00e0 anche l\u2019anteprima di alcune immagini tratte dal film \u201cRosso 70\u201d che sar\u00e0 presentato in anteprima mondiale il 7 dicembre all\u2019Alexander Girardi. La pellicola racconta i 70 anni di storia, di amicizia e di amore per le crode degli Scoiattoli e andr\u00e0 a chiudere l\u2019anno di celebrazioni per il Settantesimo compleanno.<\/p>","protected":false},"excerpt":{"rendered":"<p>La rassegna Cortina inCroda che durante l\u2019estate appena conclusa ha celebrato i Settanta anni degli Scoiattoli torna in scena a Belluno. Sar\u00e0 il palco del Teatro Comunale sabato 10 ottobre alle ore 21 (ingresso libero) ad ospitare l\u2019appuntamento intitolato \u201c1939-2009: Settanta candeline che illuminano una leggenda\u201d. L\u2019incontro si inserisce\u00a0 nell\u2019accordo di collaborazione siglato tra il [&hellip;]<\/p>\n","protected":false},"author":2,"featured_media":0,"comment_status":"closed","ping_status":"open","sticky":false,"template":"","format":"standard","meta":{"footnotes":""},"categories":[27,25],"tags":[139],"class_list":["post-8766","post","type-post","status-publish","format-standard","category-appuntamenti","category-pausa-caffe","tag-belluno"],"yoast_head":"<!-- This site is optimized with the Yoast SEO plugin v28.4 - https:\/\/yoast.com\/product\/yoast-seo-wordpress\/ -->\n<title>Cortina InCroda sabato al Comunale: 1939-2009 La leggenda degli Scoiattoli continua - Bellunopress - Dolomiti<\/title>\n<meta name=\"robots\" content=\"index, follow, max-snippet:-1, max-image-preview:large, max-video-preview:-1\" \/>\n<link rel=\"canonical\" href=\"https:\/\/www.bellunopress.it\/fr\/2009\/10\/08\/cortina-incroda-sabato-al-comunale-1939-2009-la-leggenda-degli-scoiattoli-continua-le-crode-la-loro-terra-le-stelle-la-loro-vetta\/\" \/>\n<meta property=\"og:locale\" content=\"fr_FR\" \/>\n<meta property=\"og:type\" content=\"article\" \/>\n<meta property=\"og:title\" content=\"Cortina InCroda sabato al Comunale: 1939-2009 La leggenda degli Scoiattoli continua - Bellunopress - Dolomiti\" \/>\n<meta property=\"og:description\" content=\"La rassegna Cortina inCroda che durante l\u2019estate appena conclusa ha celebrato i Settanta anni degli Scoiattoli torna in scena a Belluno. Sar\u00e0 il palco del Teatro Comunale sabato 10 ottobre alle ore 21 (ingresso libero) ad ospitare l\u2019appuntamento intitolato \u201c1939-2009: Settanta candeline che illuminano una leggenda\u201d. L\u2019incontro si inserisce\u00a0 nell\u2019accordo di collaborazione siglato tra il [&hellip;]\" \/>\n<meta property=\"og:url\" content=\"https:\/\/www.bellunopress.it\/fr\/2009\/10\/08\/cortina-incroda-sabato-al-comunale-1939-2009-la-leggenda-degli-scoiattoli-continua-le-crode-la-loro-terra-le-stelle-la-loro-vetta\/\" \/>\n<meta property=\"og:site_name\" content=\"Bellunopress - Dolomiti\" \/>\n<meta property=\"article:publisher\" content=\"https:\/\/www.facebook.com\/profile.php?id=100008943462799\" \/>\n<meta property=\"article:published_time\" content=\"2009-10-08T20:24:57+00:00\" \/>\n<meta property=\"article:modified_time\" content=\"2009-10-09T10:49:42+00:00\" \/>\n<meta property=\"og:image\" content=\"http:\/\/www.bellunopress.it\/wp-content\/uploads\/2012\/07\/logo-bellunopress-250x250-2012.jpg\" \/>\n<meta name=\"author\" content=\"redazione\" \/>\n<meta name=\"twitter:card\" content=\"summary_large_image\" \/>\n<meta name=\"twitter:creator\" content=\"@bellunopress\" \/>\n<meta name=\"twitter:site\" content=\"@bellunopress\" \/>\n<meta name=\"twitter:label1\" content=\"\u00c9crit par\" \/>\n\t<meta name=\"twitter:data1\" content=\"redazione\" \/>\n\t<meta name=\"twitter:label2\" content=\"Dur\u00e9e de lecture estim\u00e9e\" \/>\n\t<meta name=\"twitter:data2\" content=\"1 minute\" \/>\n<script type=\"application\/ld+json\" class=\"yoast-schema-graph\">{\"@context\":\"https:\\\/\\\/schema.org\",\"@graph\":[{\"@type\":\"Article\",\"@id\":\"https:\\\/\\\/www.bellunopress.it\\\/2009\\\/10\\\/08\\\/cortina-incroda-sabato-al-comunale-1939-2009-la-leggenda-degli-scoiattoli-continua-le-crode-la-loro-terra-le-stelle-la-loro-vetta\\\/#article\",\"isPartOf\":{\"@id\":\"https:\\\/\\\/www.bellunopress.it\\\/2009\\\/10\\\/08\\\/cortina-incroda-sabato-al-comunale-1939-2009-la-leggenda-degli-scoiattoli-continua-le-crode-la-loro-terra-le-stelle-la-loro-vetta\\\/\"},\"author\":{\"name\":\"redazione\",\"@id\":\"https:\\\/\\\/www.bellunopress.it\\\/#\\\/schema\\\/person\\\/79bb06722b37ece1c03d3e94beb30d73\"},\"headline\":\"Cortina InCroda sabato al Comunale: 1939-2009 La leggenda degli Scoiattoli continua\",\"datePublished\":\"2009-10-08T20:24:57+00:00\",\"dateModified\":\"2009-10-09T10:49:42+00:00\",\"mainEntityOfPage\":{\"@id\":\"https:\\\/\\\/www.bellunopress.it\\\/2009\\\/10\\\/08\\\/cortina-incroda-sabato-al-comunale-1939-2009-la-leggenda-degli-scoiattoli-continua-le-crode-la-loro-terra-le-stelle-la-loro-vetta\\\/\"},\"wordCount\":245,\"publisher\":{\"@id\":\"https:\\\/\\\/www.bellunopress.it\\\/#organization\"},\"keywords\":[\"Belluno\"],\"articleSection\":[\"Appuntamenti, Eventi\",\"Pausa Caff\u00e8\"],\"inLanguage\":\"fr-FR\"},{\"@type\":\"WebPage\",\"@id\":\"https:\\\/\\\/www.bellunopress.it\\\/2009\\\/10\\\/08\\\/cortina-incroda-sabato-al-comunale-1939-2009-la-leggenda-degli-scoiattoli-continua-le-crode-la-loro-terra-le-stelle-la-loro-vetta\\\/\",\"url\":\"https:\\\/\\\/www.bellunopress.it\\\/2009\\\/10\\\/08\\\/cortina-incroda-sabato-al-comunale-1939-2009-la-leggenda-degli-scoiattoli-continua-le-crode-la-loro-terra-le-stelle-la-loro-vetta\\\/\",\"name\":\"Cortina InCroda sabato al Comunale: 1939-2009 La leggenda degli Scoiattoli continua - Bellunopress - Dolomiti\",\"isPartOf\":{\"@id\":\"https:\\\/\\\/www.bellunopress.it\\\/#website\"},\"datePublished\":\"2009-10-08T20:24:57+00:00\",\"dateModified\":\"2009-10-09T10:49:42+00:00\",\"breadcrumb\":{\"@id\":\"https:\\\/\\\/www.bellunopress.it\\\/2009\\\/10\\\/08\\\/cortina-incroda-sabato-al-comunale-1939-2009-la-leggenda-degli-scoiattoli-continua-le-crode-la-loro-terra-le-stelle-la-loro-vetta\\\/#breadcrumb\"},\"inLanguage\":\"fr-FR\",\"potentialAction\":[{\"@type\":\"ReadAction\",\"target\":[\"https:\\\/\\\/www.bellunopress.it\\\/2009\\\/10\\\/08\\\/cortina-incroda-sabato-al-comunale-1939-2009-la-leggenda-degli-scoiattoli-continua-le-crode-la-loro-terra-le-stelle-la-loro-vetta\\\/\"]}]},{\"@type\":\"BreadcrumbList\",\"@id\":\"https:\\\/\\\/www.bellunopress.it\\\/2009\\\/10\\\/08\\\/cortina-incroda-sabato-al-comunale-1939-2009-la-leggenda-degli-scoiattoli-continua-le-crode-la-loro-terra-le-stelle-la-loro-vetta\\\/#breadcrumb\",\"itemListElement\":[{\"@type\":\"ListItem\",\"position\":1,\"name\":\"Home\",\"item\":\"https:\\\/\\\/www.bellunopress.it\\\/\"},{\"@type\":\"ListItem\",\"position\":2,\"name\":\"Cortina InCroda sabato al Comunale: 1939-2009 La leggenda degli Scoiattoli continua\"}]},{\"@type\":\"WebSite\",\"@id\":\"https:\\\/\\\/www.bellunopress.it\\\/#website\",\"url\":\"https:\\\/\\\/www.bellunopress.it\\\/\",\"name\":\"Bellunopress - Dolomiti\",\"description\":\"e-mail: redazione@bellunopress.it\",\"publisher\":{\"@id\":\"https:\\\/\\\/www.bellunopress.it\\\/#organization\"},\"potentialAction\":[{\"@type\":\"SearchAction\",\"target\":{\"@type\":\"EntryPoint\",\"urlTemplate\":\"https:\\\/\\\/www.bellunopress.it\\\/?s={search_term_string}\"},\"query-input\":{\"@type\":\"PropertyValueSpecification\",\"valueRequired\":true,\"valueName\":\"search_term_string\"}}],\"inLanguage\":\"fr-FR\"},{\"@type\":\"Organization\",\"@id\":\"https:\\\/\\\/www.bellunopress.it\\\/#organization\",\"name\":\"Bellunopress\",\"url\":\"https:\\\/\\\/www.bellunopress.it\\\/\",\"logo\":{\"@type\":\"ImageObject\",\"inLanguage\":\"fr-FR\",\"@id\":\"https:\\\/\\\/www.bellunopress.it\\\/#\\\/schema\\\/logo\\\/image\\\/\",\"url\":\"https:\\\/\\\/www.bellunopress.it\\\/wp-content\\\/uploads\\\/2011\\\/05\\\/cropped-logo-bellunopress-.jpg\",\"contentUrl\":\"https:\\\/\\\/www.bellunopress.it\\\/wp-content\\\/uploads\\\/2011\\\/05\\\/cropped-logo-bellunopress-.jpg\",\"width\":512,\"height\":512,\"caption\":\"Bellunopress\"},\"image\":{\"@id\":\"https:\\\/\\\/www.bellunopress.it\\\/#\\\/schema\\\/logo\\\/image\\\/\"},\"sameAs\":[\"https:\\\/\\\/www.facebook.com\\\/profile.php?id=100008943462799\",\"https:\\\/\\\/x.com\\\/bellunopress\",\"https:\\\/\\\/www.linkedin.com\\\/hp\\\/?dnr=JBzUWaJfMUw8vbXJJ2tVW5-I3jZKvC4wsoxE&amp;amp;amp;amp;amp;amp;trk=nav_responsive_tab_home\",\"https:\\\/\\\/www.youtube.com\\\/channel\\\/UCxL0wu1uN0_3_7hGG0306cw\"]},{\"@type\":\"Person\",\"@id\":\"https:\\\/\\\/www.bellunopress.it\\\/#\\\/schema\\\/person\\\/79bb06722b37ece1c03d3e94beb30d73\",\"name\":\"redazione\",\"image\":{\"@type\":\"ImageObject\",\"inLanguage\":\"fr-FR\",\"@id\":\"https:\\\/\\\/secure.gravatar.com\\\/avatar\\\/37d968a2e67a6fd04c169c4bdef102d0bc5d31b2546345219e348575eb80e9a0?s=96&d=mm&r=g\",\"url\":\"https:\\\/\\\/secure.gravatar.com\\\/avatar\\\/37d968a2e67a6fd04c169c4bdef102d0bc5d31b2546345219e348575eb80e9a0?s=96&d=mm&r=g\",\"contentUrl\":\"https:\\\/\\\/secure.gravatar.com\\\/avatar\\\/37d968a2e67a6fd04c169c4bdef102d0bc5d31b2546345219e348575eb80e9a0?s=96&d=mm&r=g\",\"caption\":\"redazione\"},\"sameAs\":[\"http:\\\/\\\/www.bellunopress.it\",\"https:\\\/\\\/x.com\\\/bellunopress\"],\"url\":\"https:\\\/\\\/www.bellunopress.it\\\/fr\\\/author\\\/redazione\\\/\"}]}<\/script>\n<!-- \/ Yoast SEO plugin. -->","yoast_head_json":{"title":"Cortina InCroda sabato al Comunale: 1939-2009 La leggenda degli Scoiattoli continua - Bellunopress - Dolomiti","robots":{"index":"index","follow":"follow","max-snippet":"max-snippet:-1","max-image-preview":"max-image-preview:large","max-video-preview":"max-video-preview:-1"},"canonical":"https:\/\/www.bellunopress.it\/fr\/2009\/10\/08\/cortina-incroda-sabato-al-comunale-1939-2009-la-leggenda-degli-scoiattoli-continua-le-crode-la-loro-terra-le-stelle-la-loro-vetta\/","og_locale":"fr_FR","og_type":"article","og_title":"Cortina InCroda sabato al Comunale: 1939-2009 La leggenda degli Scoiattoli continua - Bellunopress - Dolomiti","og_description":"La rassegna Cortina inCroda che durante l\u2019estate appena conclusa ha celebrato i Settanta anni degli Scoiattoli torna in scena a Belluno. Sar\u00e0 il palco del Teatro Comunale sabato 10 ottobre alle ore 21 (ingresso libero) ad ospitare l\u2019appuntamento intitolato \u201c1939-2009: Settanta candeline che illuminano una leggenda\u201d. L\u2019incontro si inserisce\u00a0 nell\u2019accordo di collaborazione siglato tra il [&hellip;]","og_url":"https:\/\/www.bellunopress.it\/fr\/2009\/10\/08\/cortina-incroda-sabato-al-comunale-1939-2009-la-leggenda-degli-scoiattoli-continua-le-crode-la-loro-terra-le-stelle-la-loro-vetta\/","og_site_name":"Bellunopress - Dolomiti","article_publisher":"https:\/\/www.facebook.com\/profile.php?id=100008943462799","article_published_time":"2009-10-08T20:24:57+00:00","article_modified_time":"2009-10-09T10:49:42+00:00","og_image":[{"url":"http:\/\/www.bellunopress.it\/wp-content\/uploads\/2012\/07\/logo-bellunopress-250x250-2012.jpg","type":"","width":"","height":""}],"author":"redazione","twitter_card":"summary_large_image","twitter_creator":"@bellunopress","twitter_site":"@bellunopress","twitter_misc":{"\u00c9crit par":"redazione","Dur\u00e9e de lecture estim\u00e9e":"1 minute"},"schema":{"@context":"https:\/\/schema.org","@graph":[{"@type":"Article","@id":"https:\/\/www.bellunopress.it\/2009\/10\/08\/cortina-incroda-sabato-al-comunale-1939-2009-la-leggenda-degli-scoiattoli-continua-le-crode-la-loro-terra-le-stelle-la-loro-vetta\/#article","isPartOf":{"@id":"https:\/\/www.bellunopress.it\/2009\/10\/08\/cortina-incroda-sabato-al-comunale-1939-2009-la-leggenda-degli-scoiattoli-continua-le-crode-la-loro-terra-le-stelle-la-loro-vetta\/"},"author":{"name":"redazione","@id":"https:\/\/www.bellunopress.it\/#\/schema\/person\/79bb06722b37ece1c03d3e94beb30d73"},"headline":"Cortina InCroda sabato al Comunale: 1939-2009 La leggenda degli Scoiattoli continua","datePublished":"2009-10-08T20:24:57+00:00","dateModified":"2009-10-09T10:49:42+00:00","mainEntityOfPage":{"@id":"https:\/\/www.bellunopress.it\/2009\/10\/08\/cortina-incroda-sabato-al-comunale-1939-2009-la-leggenda-degli-scoiattoli-continua-le-crode-la-loro-terra-le-stelle-la-loro-vetta\/"},"wordCount":245,"publisher":{"@id":"https:\/\/www.bellunopress.it\/#organization"},"keywords":["Belluno"],"articleSection":["Appuntamenti, Eventi","Pausa Caff\u00e8"],"inLanguage":"fr-FR"},{"@type":"WebPage","@id":"https:\/\/www.bellunopress.it\/2009\/10\/08\/cortina-incroda-sabato-al-comunale-1939-2009-la-leggenda-degli-scoiattoli-continua-le-crode-la-loro-terra-le-stelle-la-loro-vetta\/","url":"https:\/\/www.bellunopress.it\/2009\/10\/08\/cortina-incroda-sabato-al-comunale-1939-2009-la-leggenda-degli-scoiattoli-continua-le-crode-la-loro-terra-le-stelle-la-loro-vetta\/","name":"Cortina InCroda sabato al Comunale: 1939-2009 La leggenda degli Scoiattoli continua - Bellunopress - Dolomiti","isPartOf":{"@id":"https:\/\/www.bellunopress.it\/#website"},"datePublished":"2009-10-08T20:24:57+00:00","dateModified":"2009-10-09T10:49:42+00:00","breadcrumb":{"@id":"https:\/\/www.bellunopress.it\/2009\/10\/08\/cortina-incroda-sabato-al-comunale-1939-2009-la-leggenda-degli-scoiattoli-continua-le-crode-la-loro-terra-le-stelle-la-loro-vetta\/#breadcrumb"},"inLanguage":"fr-FR","potentialAction":[{"@type":"ReadAction","target":["https:\/\/www.bellunopress.it\/2009\/10\/08\/cortina-incroda-sabato-al-comunale-1939-2009-la-leggenda-degli-scoiattoli-continua-le-crode-la-loro-terra-le-stelle-la-loro-vetta\/"]}]},{"@type":"BreadcrumbList","@id":"https:\/\/www.bellunopress.it\/2009\/10\/08\/cortina-incroda-sabato-al-comunale-1939-2009-la-leggenda-degli-scoiattoli-continua-le-crode-la-loro-terra-le-stelle-la-loro-vetta\/#breadcrumb","itemListElement":[{"@type":"ListItem","position":1,"name":"Home","item":"https:\/\/www.bellunopress.it\/"},{"@type":"ListItem","position":2,"name":"Cortina InCroda sabato al Comunale: 1939-2009 La leggenda degli Scoiattoli continua"}]},{"@type":"WebSite","@id":"https:\/\/www.bellunopress.it\/#website","url":"https:\/\/www.bellunopress.it\/","name":"Bellunopress - Dolomiti","description":"e-mail: redazione@bellunopress.it","publisher":{"@id":"https:\/\/www.bellunopress.it\/#organization"},"potentialAction":[{"@type":"SearchAction","target":{"@type":"EntryPoint","urlTemplate":"https:\/\/www.bellunopress.it\/?s={search_term_string}"},"query-input":{"@type":"PropertyValueSpecification","valueRequired":true,"valueName":"search_term_string"}}],"inLanguage":"fr-FR"},{"@type":"Organization","@id":"https:\/\/www.bellunopress.it\/#organization","name":"Bellunopress","url":"https:\/\/www.bellunopress.it\/","logo":{"@type":"ImageObject","inLanguage":"fr-FR","@id":"https:\/\/www.bellunopress.it\/#\/schema\/logo\/image\/","url":"https:\/\/www.bellunopress.it\/wp-content\/uploads\/2011\/05\/cropped-logo-bellunopress-.jpg","contentUrl":"https:\/\/www.bellunopress.it\/wp-content\/uploads\/2011\/05\/cropped-logo-bellunopress-.jpg","width":512,"height":512,"caption":"Bellunopress"},"image":{"@id":"https:\/\/www.bellunopress.it\/#\/schema\/logo\/image\/"},"sameAs":["https:\/\/www.facebook.com\/profile.php?id=100008943462799","https:\/\/x.com\/bellunopress","https:\/\/www.linkedin.com\/hp\/?dnr=JBzUWaJfMUw8vbXJJ2tVW5-I3jZKvC4wsoxE&amp;amp;amp;amp;amp;amp;trk=nav_responsive_tab_home","https:\/\/www.youtube.com\/channel\/UCxL0wu1uN0_3_7hGG0306cw"]},{"@type":"Person","@id":"https:\/\/www.bellunopress.it\/#\/schema\/person\/79bb06722b37ece1c03d3e94beb30d73","name":"r\u00e9daction","image":{"@type":"ImageObject","inLanguage":"fr-FR","@id":"https:\/\/secure.gravatar.com\/avatar\/37d968a2e67a6fd04c169c4bdef102d0bc5d31b2546345219e348575eb80e9a0?s=96&d=mm&r=g","url":"https:\/\/secure.gravatar.com\/avatar\/37d968a2e67a6fd04c169c4bdef102d0bc5d31b2546345219e348575eb80e9a0?s=96&d=mm&r=g","contentUrl":"https:\/\/secure.gravatar.com\/avatar\/37d968a2e67a6fd04c169c4bdef102d0bc5d31b2546345219e348575eb80e9a0?s=96&d=mm&r=g","caption":"redazione"},"sameAs":["http:\/\/www.bellunopress.it","https:\/\/x.com\/bellunopress"],"url":"https:\/\/www.bellunopress.it\/fr\/author\/redazione\/"}]}},"_links":{"self":[{"href":"https:\/\/www.bellunopress.it\/fr\/wp-json\/wp\/v2\/posts\/8766","targetHints":{"allow":["GET"]}}],"collection":[{"href":"https:\/\/www.bellunopress.it\/fr\/wp-json\/wp\/v2\/posts"}],"about":[{"href":"https:\/\/www.bellunopress.it\/fr\/wp-json\/wp\/v2\/types\/post"}],"author":[{"embeddable":true,"href":"https:\/\/www.bellunopress.it\/fr\/wp-json\/wp\/v2\/users\/2"}],"replies":[{"embeddable":true,"href":"https:\/\/www.bellunopress.it\/fr\/wp-json\/wp\/v2\/comments?post=8766"}],"version-history":[{"count":2,"href":"https:\/\/www.bellunopress.it\/fr\/wp-json\/wp\/v2\/posts\/8766\/revisions"}],"predecessor-version":[{"id":8776,"href":"https:\/\/www.bellunopress.it\/fr\/wp-json\/wp\/v2\/posts\/8766\/revisions\/8776"}],"wp:attachment":[{"href":"https:\/\/www.bellunopress.it\/fr\/wp-json\/wp\/v2\/media?parent=8766"}],"wp:term":[{"taxonomy":"category","embeddable":true,"href":"https:\/\/www.bellunopress.it\/fr\/wp-json\/wp\/v2\/categories?post=8766"},{"taxonomy":"post_tag","embeddable":true,"href":"https:\/\/www.bellunopress.it\/fr\/wp-json\/wp\/v2\/tags?post=8766"}],"curies":[{"name":"wp","href":"https:\/\/api.w.org\/{rel}","templated":true}]}}