{"id":8764,"date":"2009-10-08T21:19:32","date_gmt":"2009-10-08T20:19:32","guid":{"rendered":"http:\/\/www.bellunopress.it\/?p=8764"},"modified":"2009-10-08T21:19:32","modified_gmt":"2009-10-08T20:19:32","slug":"8-ottobre-2009-giornata-mondiale-della-vista","status":"publish","type":"post","link":"https:\/\/www.bellunopress.it\/fr\/2009\/10\/08\/8-ottobre-2009-giornata-mondiale-della-vista\/","title":{"rendered":"8 ottobre 2009 giornata mondiale della vista"},"content":{"rendered":"<p>Si \u00e8 svolta oggi in tutte le citt\u00e0 d&#8217;Italia la Giornata mondiale della vista. A Belluno lo stand con materiale divulgativo era in piazza dei Martiri. Il 66% degli italiani ha difetti visivi, il 53% porta occhiali correttivi mentre\u00a0 il 17% non corregge il difetto. La Giornata Mondiale della Vista \u00e8 un\u2019occasione per portare l\u2019attenzione sul bene vista. L\u2019appuntamento del 2009 \u00e8 dedicato alla disabilit\u00e0 visiva al femminile. Nel mondo le donne con problemi alla vista sono circa 175,8 milioni (56% del totale), di cui circa 142,5 milioni sono affette da ipovisione e ben 26,1 milioni sono cieche .<br \/>\nBen 40 milioni di occhiali correttivi sono stati utilizzati dagli italiani nel 2008; ma sono ancora tanti quelli che non correggono il difetto (17%). Eppure il bene vista \u00e8 uno dei pi\u00f9 preziosi da salvaguardare. La giornata mondiale 2009, promossa dall&#8217;Organizzazione Mondiale della Sanit\u00e0 (Oms) e celebrata il secondo gioved\u00ec del mese di ottobre, deve essere un\u2019occasione speciale per potare l\u2019attenzione sulle problematiche legate alla vista. E\u2019 fondamentale che la gente se ne occupi durante tutto l\u2019arco dell\u2019anno, in Italia e in tutto il mondo. Secondo i dati dell\u2019Organizzazione mondiale della sanit\u00e0 (Oms) circa l\u201985% della cecit\u00e0 nel mondo \u00e8 evitabile: i non vedenti sono oltre 45 milioni (di cui 26,1 milioni donne, pari al 58% del totale), solo una parte di quei 314 milioni di persone che sulla Terra soffrono di gravi problemi visivi. La disabilit\u00e0 visiva colpisce in maggior misura il sesso femminile (col 56,3%, pari a 176,74 milioni di persone), generalmente a partire dai 50 anni. E proprio alle donne \u00e8 dedicato l\u2019appuntamento 2009.<br \/>\nDOPO GLI \u201cANTA\u201d<br \/>\nDopo i 50 anni, si tende ad allontanare il libro o il giornale perch\u00e9 da vicino i caratteri si confondono.\u00a0 Il verdetto \u00e8 ineluttabile: presbiopia, la difficolt\u00e0 a vedere da vicino. \u00abIn realt\u00e0 pu\u00f2 anche presentarsi prima dei 50, intorno ai 42- 44 anni di et\u00e0, in questo caso si definisce prematura. Crepuscolare o notturna \u00e8 quella invece che si presenta soprattutto in assenza di luce naturale\u00bb, spiega il Dottor Francesco Loperfido, Responsabile del servizio di Oftalmologia generale presso l\u2019Unit\u00e0 Operativa di Oftalmologia e Scienze della Visione dell\u2019Ospedale San Raffaele di Milano e consulente della Commissione Difesa Vista. \u00abDa una ricerca svolta da CRA e A.C. Nielsen sulla percezione da parte degli italiani del problema della presbiopia, emerge come gli italiani abbiano remore ad indossare gli occhiali da vista perch\u00e9 non vedere bene \u00e8 emotivamente collegato al fenomeno della vecchiaia\u00bb. Sempre secondo la ricerca, l&#8217;85,4% dei presbiti italiani utilizza gli occhiali per correggere il difetto, mentre il 14,6% non li porta. E se il 29,7 ha acquistato gli occhiali in un negozio specializzato dopo aver fatto una visita oculistica, sono ancora tanti, il 12,5 che si affidano all&#8217;autovalutazione e acquistano in canali non specialistici.<br \/>\nE uomini e donne reagiscono in maniera differente al problema: i maschi tendono a rimandare, mentre le donne, che dovrebbero essere pi\u00f9 colpite da questo cambiamento nella loro vita, aggirano il problema scegliendo montature molto ricercate e alla moda. \u00abIl classico occhialino a mezzaluna tradisce l\u2019et\u00e0, rivelando degli anni che molto spesso la bellezza femminile riesce ancora a celare\u00bb, aggiunge Loperfido. Ecco che \u00abla soluzione \u00e8 l\u2019occhiale progressivo, utile anche quando la visione da lontano \u00e8 perfetta. La differenza \u00e8 che un occhiale cos\u00ec fatto sembra un normalissimo occhiale che comunque consente di mettere a fuoco in media distanza oltre che da vicino. Risultato: estetica e giusta correzione!\u00bb, spiega il Dottor Loperfido.<br \/>\nIN GRAVIDANZA<br \/>\nE se l\u2019ipermetropia \u00e8 un problema che riguarda chi ha raggiunto gli \u201canta\u201d, anche in et\u00e0 pi\u00f9 giovane le donne possono incorrere in problematiche legate alla vista, soprattutto durante la gravidanza. \u00abIn generale le mamme in attesa che indossano gli occhiali per correggere una miopia non devono preoccuparsi\u00bb, spiega il Francesco Loperfido. \u00abParto naturale e allattamento di per s\u00e9 non causano un peggioramento della vista. E\u2019 per\u00f2 importante sottoporsi a un accurato controllo dall&#8217;oculista, per verificare che non ci siano problemi o lesioni legate alla retina. Un\u2019eventuale sofferenza della retina, gi\u00e0 presente, pu\u00f2 peggiorare e aggravarsi con il parto naturale e l&#8217;allattamento\u00bb. Le visite regolari sono l\u2019unica regola per stare tranquille ed escludere qualsiasi complicazione. Da non sottovalutare, invece, alcuni sintomi, che possono essere la spia di disturbi da tenere sotto controllo. \u00abFlash luminosi possono indicare una &#8220;trazione dell&#8217;occhio&#8221;, ovvero indicare la presenza di qualcosa che non va sulla retina. Macchie scure persistenti che tendono a ricomparire nello stesso punto possono indicare sofferenza della retina\u00bb, avverte Loperfido. Durante i 9 mesi pu\u00f2 succedere che si registri un calo della vista. \u00abSi tratta di un disturbo temporaneo\u00bb, assicura Loperfido, \u00abche si recupera poco tempo dopo il parto. E\u2019 un cambiamento dovuto all\u2019alterazione dell\u2019equilibrio ormonale che coinvolge anche l&#8217;occhio, con una lieve modificazione della curvatura della cornea e del cristallino, si pu\u00f2 quindi registrare una difficolt\u00e0 nella messa a fuoco e di conseguenza si ha la sensazione di vedere meno\u00bb.<br \/>\nAL PC, CON IL PANCIONE E SENZA<br \/>\nPer le donne in attesa, stare davanti al PC non \u00e8 sempre una cosa semplice. E\u2019 comunque importante sapere che \u00abSe la vista \u00e8 perfetta o se i difetti visivi sono corretti con l\u2019uso di lenti adeguate, grandi problemi non ce ne sono\u00bb, spiega Loperfido. \u00abIn caso di una miopia non corretta, invece, la donna tender\u00e0 ad avvicinarsi al monitor e ci\u00f2 va in conflitto con la struttura corporea in gravidanza. Mentre se soffre di un\u2019ipermetropia non diagnosticata tender\u00e0 ad allontanarsi dallo schermo, inarcando la schiena e assumendo cos\u00ec una posizione innaturale che pu\u00f2 anche provocare dolori\u00bb. Inoltre indipendentemente dallo stato di gravidanza \u00ablavorando davanti allo schermo di un computer, l\u2019occhio tende ad essere meno lubrificato a causa\u00a0 del minor numero di ammiccamenti, il che produce una secchezza oculare ancora pi\u00f9 fastidiosa se una persona indossa le lenti a contatto. In pi\u00f9, nella donna in attesa il film lacrimale subisce una riduzione per cause ormonali e quindi eventuali problemi risultano accentuati\u00bb. Ecco quindi che, in questo periodo della vita della donna, fare controlli alla vista diventa ancora pi\u00f9 importante!<br \/>\nL\u20198, MA NON SOLO!<br \/>\nLa vera prevenzione tuttavia \u00e8 quella di un controllo costante, non solo l\u20198 ottobre. Questa giornata costituisce un buon punto di partenza.<\/p>","protected":false},"excerpt":{"rendered":"<p>Si \u00e8 svolta oggi in tutte le citt\u00e0 d&#8217;Italia la Giornata mondiale della vista. A Belluno lo stand con materiale divulgativo era in piazza dei Martiri. Il 66% degli italiani ha difetti visivi, il 53% porta occhiali correttivi mentre\u00a0 il 17% non corregge il difetto. La Giornata Mondiale della Vista \u00e8 un\u2019occasione per portare l\u2019attenzione [&hellip;]<\/p>\n","protected":false},"author":2,"featured_media":0,"comment_status":"closed","ping_status":"open","sticky":false,"template":"","format":"standard","meta":{"footnotes":""},"categories":[5,26],"tags":[139],"class_list":["post-8764","post","type-post","status-publish","format-standard","category-cronaca","category-prima-pagina","tag-belluno"],"yoast_head":"<!-- This site is optimized with the Yoast SEO plugin v28.4 - https:\/\/yoast.com\/product\/yoast-seo-wordpress\/ -->\n<title>8 ottobre 2009 giornata mondiale della vista - Bellunopress - Dolomiti<\/title>\n<meta name=\"robots\" content=\"index, follow, max-snippet:-1, max-image-preview:large, max-video-preview:-1\" \/>\n<link rel=\"canonical\" href=\"https:\/\/www.bellunopress.it\/fr\/2009\/10\/08\/8-ottobre-2009-giornata-mondiale-della-vista\/\" \/>\n<meta property=\"og:locale\" content=\"fr_FR\" \/>\n<meta property=\"og:type\" content=\"article\" \/>\n<meta property=\"og:title\" content=\"8 ottobre 2009 giornata mondiale della vista - Bellunopress - Dolomiti\" \/>\n<meta property=\"og:description\" content=\"Si \u00e8 svolta oggi in tutte le citt\u00e0 d&#8217;Italia la Giornata mondiale della vista. A Belluno lo stand con materiale divulgativo era in piazza dei Martiri. Il 66% degli italiani ha difetti visivi, il 53% porta occhiali correttivi mentre\u00a0 il 17% non corregge il difetto. La Giornata Mondiale della Vista \u00e8 un\u2019occasione per portare l\u2019attenzione [&hellip;]\" \/>\n<meta property=\"og:url\" content=\"https:\/\/www.bellunopress.it\/fr\/2009\/10\/08\/8-ottobre-2009-giornata-mondiale-della-vista\/\" \/>\n<meta property=\"og:site_name\" content=\"Bellunopress - Dolomiti\" \/>\n<meta property=\"article:publisher\" content=\"https:\/\/www.facebook.com\/profile.php?id=100008943462799\" \/>\n<meta property=\"article:published_time\" content=\"2009-10-08T20:19:32+00:00\" \/>\n<meta property=\"og:image\" content=\"http:\/\/www.bellunopress.it\/wp-content\/uploads\/2012\/07\/logo-bellunopress-250x250-2012.jpg\" \/>\n<meta name=\"author\" content=\"redazione\" \/>\n<meta name=\"twitter:card\" content=\"summary_large_image\" \/>\n<meta name=\"twitter:creator\" content=\"@bellunopress\" \/>\n<meta name=\"twitter:site\" content=\"@bellunopress\" \/>\n<meta name=\"twitter:label1\" content=\"\u00c9crit par\" \/>\n\t<meta name=\"twitter:data1\" content=\"redazione\" \/>\n\t<meta name=\"twitter:label2\" content=\"Dur\u00e9e de lecture estim\u00e9e\" \/>\n\t<meta name=\"twitter:data2\" content=\"5 minutes\" \/>\n<script type=\"application\/ld+json\" class=\"yoast-schema-graph\">{\"@context\":\"https:\\\/\\\/schema.org\",\"@graph\":[{\"@type\":\"Article\",\"@id\":\"https:\\\/\\\/www.bellunopress.it\\\/2009\\\/10\\\/08\\\/8-ottobre-2009-giornata-mondiale-della-vista\\\/#article\",\"isPartOf\":{\"@id\":\"https:\\\/\\\/www.bellunopress.it\\\/2009\\\/10\\\/08\\\/8-ottobre-2009-giornata-mondiale-della-vista\\\/\"},\"author\":{\"name\":\"redazione\",\"@id\":\"https:\\\/\\\/www.bellunopress.it\\\/#\\\/schema\\\/person\\\/79bb06722b37ece1c03d3e94beb30d73\"},\"headline\":\"8 ottobre 2009 giornata mondiale della vista\",\"datePublished\":\"2009-10-08T20:19:32+00:00\",\"mainEntityOfPage\":{\"@id\":\"https:\\\/\\\/www.bellunopress.it\\\/2009\\\/10\\\/08\\\/8-ottobre-2009-giornata-mondiale-della-vista\\\/\"},\"wordCount\":1017,\"publisher\":{\"@id\":\"https:\\\/\\\/www.bellunopress.it\\\/#organization\"},\"keywords\":[\"Belluno\"],\"articleSection\":[\"Cronaca\\\/Politica\",\"Prima Pagina\"],\"inLanguage\":\"fr-FR\"},{\"@type\":\"WebPage\",\"@id\":\"https:\\\/\\\/www.bellunopress.it\\\/2009\\\/10\\\/08\\\/8-ottobre-2009-giornata-mondiale-della-vista\\\/\",\"url\":\"https:\\\/\\\/www.bellunopress.it\\\/2009\\\/10\\\/08\\\/8-ottobre-2009-giornata-mondiale-della-vista\\\/\",\"name\":\"8 ottobre 2009 giornata mondiale della vista - Bellunopress - Dolomiti\",\"isPartOf\":{\"@id\":\"https:\\\/\\\/www.bellunopress.it\\\/#website\"},\"datePublished\":\"2009-10-08T20:19:32+00:00\",\"breadcrumb\":{\"@id\":\"https:\\\/\\\/www.bellunopress.it\\\/2009\\\/10\\\/08\\\/8-ottobre-2009-giornata-mondiale-della-vista\\\/#breadcrumb\"},\"inLanguage\":\"fr-FR\",\"potentialAction\":[{\"@type\":\"ReadAction\",\"target\":[\"https:\\\/\\\/www.bellunopress.it\\\/2009\\\/10\\\/08\\\/8-ottobre-2009-giornata-mondiale-della-vista\\\/\"]}]},{\"@type\":\"BreadcrumbList\",\"@id\":\"https:\\\/\\\/www.bellunopress.it\\\/2009\\\/10\\\/08\\\/8-ottobre-2009-giornata-mondiale-della-vista\\\/#breadcrumb\",\"itemListElement\":[{\"@type\":\"ListItem\",\"position\":1,\"name\":\"Home\",\"item\":\"https:\\\/\\\/www.bellunopress.it\\\/\"},{\"@type\":\"ListItem\",\"position\":2,\"name\":\"8 ottobre 2009 giornata mondiale della vista\"}]},{\"@type\":\"WebSite\",\"@id\":\"https:\\\/\\\/www.bellunopress.it\\\/#website\",\"url\":\"https:\\\/\\\/www.bellunopress.it\\\/\",\"name\":\"Bellunopress - Dolomiti\",\"description\":\"e-mail: redazione@bellunopress.it\",\"publisher\":{\"@id\":\"https:\\\/\\\/www.bellunopress.it\\\/#organization\"},\"potentialAction\":[{\"@type\":\"SearchAction\",\"target\":{\"@type\":\"EntryPoint\",\"urlTemplate\":\"https:\\\/\\\/www.bellunopress.it\\\/?s={search_term_string}\"},\"query-input\":{\"@type\":\"PropertyValueSpecification\",\"valueRequired\":true,\"valueName\":\"search_term_string\"}}],\"inLanguage\":\"fr-FR\"},{\"@type\":\"Organization\",\"@id\":\"https:\\\/\\\/www.bellunopress.it\\\/#organization\",\"name\":\"Bellunopress\",\"url\":\"https:\\\/\\\/www.bellunopress.it\\\/\",\"logo\":{\"@type\":\"ImageObject\",\"inLanguage\":\"fr-FR\",\"@id\":\"https:\\\/\\\/www.bellunopress.it\\\/#\\\/schema\\\/logo\\\/image\\\/\",\"url\":\"https:\\\/\\\/www.bellunopress.it\\\/wp-content\\\/uploads\\\/2011\\\/05\\\/cropped-logo-bellunopress-.jpg\",\"contentUrl\":\"https:\\\/\\\/www.bellunopress.it\\\/wp-content\\\/uploads\\\/2011\\\/05\\\/cropped-logo-bellunopress-.jpg\",\"width\":512,\"height\":512,\"caption\":\"Bellunopress\"},\"image\":{\"@id\":\"https:\\\/\\\/www.bellunopress.it\\\/#\\\/schema\\\/logo\\\/image\\\/\"},\"sameAs\":[\"https:\\\/\\\/www.facebook.com\\\/profile.php?id=100008943462799\",\"https:\\\/\\\/x.com\\\/bellunopress\",\"https:\\\/\\\/www.linkedin.com\\\/hp\\\/?dnr=JBzUWaJfMUw8vbXJJ2tVW5-I3jZKvC4wsoxE&amp;amp;amp;amp;amp;amp;trk=nav_responsive_tab_home\",\"https:\\\/\\\/www.youtube.com\\\/channel\\\/UCxL0wu1uN0_3_7hGG0306cw\"]},{\"@type\":\"Person\",\"@id\":\"https:\\\/\\\/www.bellunopress.it\\\/#\\\/schema\\\/person\\\/79bb06722b37ece1c03d3e94beb30d73\",\"name\":\"redazione\",\"image\":{\"@type\":\"ImageObject\",\"inLanguage\":\"fr-FR\",\"@id\":\"https:\\\/\\\/secure.gravatar.com\\\/avatar\\\/37d968a2e67a6fd04c169c4bdef102d0bc5d31b2546345219e348575eb80e9a0?s=96&d=mm&r=g\",\"url\":\"https:\\\/\\\/secure.gravatar.com\\\/avatar\\\/37d968a2e67a6fd04c169c4bdef102d0bc5d31b2546345219e348575eb80e9a0?s=96&d=mm&r=g\",\"contentUrl\":\"https:\\\/\\\/secure.gravatar.com\\\/avatar\\\/37d968a2e67a6fd04c169c4bdef102d0bc5d31b2546345219e348575eb80e9a0?s=96&d=mm&r=g\",\"caption\":\"redazione\"},\"sameAs\":[\"http:\\\/\\\/www.bellunopress.it\",\"https:\\\/\\\/x.com\\\/bellunopress\"],\"url\":\"https:\\\/\\\/www.bellunopress.it\\\/fr\\\/author\\\/redazione\\\/\"}]}<\/script>\n<!-- \/ Yoast SEO plugin. -->","yoast_head_json":{"title":"8 ottobre 2009 giornata mondiale della vista - Bellunopress - Dolomiti","robots":{"index":"index","follow":"follow","max-snippet":"max-snippet:-1","max-image-preview":"max-image-preview:large","max-video-preview":"max-video-preview:-1"},"canonical":"https:\/\/www.bellunopress.it\/fr\/2009\/10\/08\/8-ottobre-2009-giornata-mondiale-della-vista\/","og_locale":"fr_FR","og_type":"article","og_title":"8 ottobre 2009 giornata mondiale della vista - Bellunopress - Dolomiti","og_description":"Si \u00e8 svolta oggi in tutte le citt\u00e0 d&#8217;Italia la Giornata mondiale della vista. A Belluno lo stand con materiale divulgativo era in piazza dei Martiri. Il 66% degli italiani ha difetti visivi, il 53% porta occhiali correttivi mentre\u00a0 il 17% non corregge il difetto. La Giornata Mondiale della Vista \u00e8 un\u2019occasione per portare l\u2019attenzione [&hellip;]","og_url":"https:\/\/www.bellunopress.it\/fr\/2009\/10\/08\/8-ottobre-2009-giornata-mondiale-della-vista\/","og_site_name":"Bellunopress - Dolomiti","article_publisher":"https:\/\/www.facebook.com\/profile.php?id=100008943462799","article_published_time":"2009-10-08T20:19:32+00:00","og_image":[{"url":"http:\/\/www.bellunopress.it\/wp-content\/uploads\/2012\/07\/logo-bellunopress-250x250-2012.jpg","type":"","width":"","height":""}],"author":"redazione","twitter_card":"summary_large_image","twitter_creator":"@bellunopress","twitter_site":"@bellunopress","twitter_misc":{"\u00c9crit par":"redazione","Dur\u00e9e de lecture estim\u00e9e":"5 minutes"},"schema":{"@context":"https:\/\/schema.org","@graph":[{"@type":"Article","@id":"https:\/\/www.bellunopress.it\/2009\/10\/08\/8-ottobre-2009-giornata-mondiale-della-vista\/#article","isPartOf":{"@id":"https:\/\/www.bellunopress.it\/2009\/10\/08\/8-ottobre-2009-giornata-mondiale-della-vista\/"},"author":{"name":"redazione","@id":"https:\/\/www.bellunopress.it\/#\/schema\/person\/79bb06722b37ece1c03d3e94beb30d73"},"headline":"8 ottobre 2009 giornata mondiale della vista","datePublished":"2009-10-08T20:19:32+00:00","mainEntityOfPage":{"@id":"https:\/\/www.bellunopress.it\/2009\/10\/08\/8-ottobre-2009-giornata-mondiale-della-vista\/"},"wordCount":1017,"publisher":{"@id":"https:\/\/www.bellunopress.it\/#organization"},"keywords":["Belluno"],"articleSection":["Cronaca\/Politica","Prima Pagina"],"inLanguage":"fr-FR"},{"@type":"WebPage","@id":"https:\/\/www.bellunopress.it\/2009\/10\/08\/8-ottobre-2009-giornata-mondiale-della-vista\/","url":"https:\/\/www.bellunopress.it\/2009\/10\/08\/8-ottobre-2009-giornata-mondiale-della-vista\/","name":"8 ottobre 2009 giornata mondiale della vista - Bellunopress - Dolomiti","isPartOf":{"@id":"https:\/\/www.bellunopress.it\/#website"},"datePublished":"2009-10-08T20:19:32+00:00","breadcrumb":{"@id":"https:\/\/www.bellunopress.it\/2009\/10\/08\/8-ottobre-2009-giornata-mondiale-della-vista\/#breadcrumb"},"inLanguage":"fr-FR","potentialAction":[{"@type":"ReadAction","target":["https:\/\/www.bellunopress.it\/2009\/10\/08\/8-ottobre-2009-giornata-mondiale-della-vista\/"]}]},{"@type":"BreadcrumbList","@id":"https:\/\/www.bellunopress.it\/2009\/10\/08\/8-ottobre-2009-giornata-mondiale-della-vista\/#breadcrumb","itemListElement":[{"@type":"ListItem","position":1,"name":"Home","item":"https:\/\/www.bellunopress.it\/"},{"@type":"ListItem","position":2,"name":"8 ottobre 2009 giornata mondiale della vista"}]},{"@type":"WebSite","@id":"https:\/\/www.bellunopress.it\/#website","url":"https:\/\/www.bellunopress.it\/","name":"Bellunopress - Dolomiti","description":"e-mail: redazione@bellunopress.it","publisher":{"@id":"https:\/\/www.bellunopress.it\/#organization"},"potentialAction":[{"@type":"SearchAction","target":{"@type":"EntryPoint","urlTemplate":"https:\/\/www.bellunopress.it\/?s={search_term_string}"},"query-input":{"@type":"PropertyValueSpecification","valueRequired":true,"valueName":"search_term_string"}}],"inLanguage":"fr-FR"},{"@type":"Organization","@id":"https:\/\/www.bellunopress.it\/#organization","name":"Bellunopress","url":"https:\/\/www.bellunopress.it\/","logo":{"@type":"ImageObject","inLanguage":"fr-FR","@id":"https:\/\/www.bellunopress.it\/#\/schema\/logo\/image\/","url":"https:\/\/www.bellunopress.it\/wp-content\/uploads\/2011\/05\/cropped-logo-bellunopress-.jpg","contentUrl":"https:\/\/www.bellunopress.it\/wp-content\/uploads\/2011\/05\/cropped-logo-bellunopress-.jpg","width":512,"height":512,"caption":"Bellunopress"},"image":{"@id":"https:\/\/www.bellunopress.it\/#\/schema\/logo\/image\/"},"sameAs":["https:\/\/www.facebook.com\/profile.php?id=100008943462799","https:\/\/x.com\/bellunopress","https:\/\/www.linkedin.com\/hp\/?dnr=JBzUWaJfMUw8vbXJJ2tVW5-I3jZKvC4wsoxE&amp;amp;amp;amp;amp;amp;trk=nav_responsive_tab_home","https:\/\/www.youtube.com\/channel\/UCxL0wu1uN0_3_7hGG0306cw"]},{"@type":"Person","@id":"https:\/\/www.bellunopress.it\/#\/schema\/person\/79bb06722b37ece1c03d3e94beb30d73","name":"r\u00e9daction","image":{"@type":"ImageObject","inLanguage":"fr-FR","@id":"https:\/\/secure.gravatar.com\/avatar\/37d968a2e67a6fd04c169c4bdef102d0bc5d31b2546345219e348575eb80e9a0?s=96&d=mm&r=g","url":"https:\/\/secure.gravatar.com\/avatar\/37d968a2e67a6fd04c169c4bdef102d0bc5d31b2546345219e348575eb80e9a0?s=96&d=mm&r=g","contentUrl":"https:\/\/secure.gravatar.com\/avatar\/37d968a2e67a6fd04c169c4bdef102d0bc5d31b2546345219e348575eb80e9a0?s=96&d=mm&r=g","caption":"redazione"},"sameAs":["http:\/\/www.bellunopress.it","https:\/\/x.com\/bellunopress"],"url":"https:\/\/www.bellunopress.it\/fr\/author\/redazione\/"}]}},"_links":{"self":[{"href":"https:\/\/www.bellunopress.it\/fr\/wp-json\/wp\/v2\/posts\/8764","targetHints":{"allow":["GET"]}}],"collection":[{"href":"https:\/\/www.bellunopress.it\/fr\/wp-json\/wp\/v2\/posts"}],"about":[{"href":"https:\/\/www.bellunopress.it\/fr\/wp-json\/wp\/v2\/types\/post"}],"author":[{"embeddable":true,"href":"https:\/\/www.bellunopress.it\/fr\/wp-json\/wp\/v2\/users\/2"}],"replies":[{"embeddable":true,"href":"https:\/\/www.bellunopress.it\/fr\/wp-json\/wp\/v2\/comments?post=8764"}],"version-history":[{"count":1,"href":"https:\/\/www.bellunopress.it\/fr\/wp-json\/wp\/v2\/posts\/8764\/revisions"}],"predecessor-version":[{"id":8765,"href":"https:\/\/www.bellunopress.it\/fr\/wp-json\/wp\/v2\/posts\/8764\/revisions\/8765"}],"wp:attachment":[{"href":"https:\/\/www.bellunopress.it\/fr\/wp-json\/wp\/v2\/media?parent=8764"}],"wp:term":[{"taxonomy":"category","embeddable":true,"href":"https:\/\/www.bellunopress.it\/fr\/wp-json\/wp\/v2\/categories?post=8764"},{"taxonomy":"post_tag","embeddable":true,"href":"https:\/\/www.bellunopress.it\/fr\/wp-json\/wp\/v2\/tags?post=8764"}],"curies":[{"name":"wp","href":"https:\/\/api.w.org\/{rel}","templated":true}]}}