{"id":8754,"date":"2009-10-08T14:33:41","date_gmt":"2009-10-08T13:33:41","guid":{"rendered":"http:\/\/www.bellunopress.it\/?p=8754"},"modified":"2009-10-08T14:33:41","modified_gmt":"2009-10-08T13:33:41","slug":"tutto-il-potenziale-turistico-veneto-al-columbus-day-di-new-york","status":"publish","type":"post","link":"https:\/\/www.bellunopress.it\/fr\/2009\/10\/08\/tutto-il-potenziale-turistico-veneto-al-columbus-day-di-new-york\/","title":{"rendered":"Tutto il potenziale turistico veneto al Columbus day di New York"},"content":{"rendered":"<p>Il primo italiano a New York fu il veneziano Pietro Alberti, pare originario di Malamocco, che mise piede nell\u2019isola di Manhattan in quella che allora era Nuova Amsterdam il 2 giugno del 1635, sbarcando dalla nave olandese De Coninch David. Secondo alcuni studi, Pietro era figlio di Andrea Alberti, Segretario del Tesoro Ducale di Venezia, e di Lady Veronica da Cremona; per la sua fede in odor di eresia se ne and\u00f2 da Venezia per rifugiarsi dapprima in Olanda e da qui poi decise di emigrare in Nord America. Era un uomo ricco e costru\u00ec un palazzo in quello che oggi \u00e8 il sito dei cantieri navali di Brooklyn. A quasi quattro secoli da quel fatto, il Veneto sbarca a New York, per onorare il Columbus Day assieme agli statunitensi e agli italoamericani, presentandosi con la forza e la bellezza della sua storia, della sua cultura, delle sue produzioni enogastronomiche e della sua ospitalit\u00e0. Alla Columbus Celebration del 12 ottobre (e nei giorni precedenti) il Veneto proporr\u00e0 tutto il suo potenziale turistico: da Venezia a Verona, tra laguna, lago di Garda e Dolomiti. Oltre a partecipare alla tradizionale sfilata lungo la quinta Avenue, nel cuore di Manhattan, ci saranno dei carri espositivi, con a bordo dei figuranti in costume d\u2019epoca, (saranno i primi a sfilare, subito dopo quelli delle istituzioni newyorchesi) che illustreranno la nostra storia, arte, cultura e le tradizioni. Alla riuscita della manifestazione daranno uno straordinario concorso partecipativo i soci della neo Associazione dei Veneti di New York, oltre a 580 persone di origine italoamericana che fanno capo alla \u201cColumbus Citizen Foundation\u201d (CCF). Il Veneto \u00e8 gran amico degli Usa ed ha deciso di partecipare a questo grande evento \u2013 cio\u00e8 la Giornata della scoperta dell\u2019America &#8211; con una fitta serie di iniziative promozionali, con una formula molto accattivante.\u00a0 Lo scopo primario \u00e8 quello di attrarre \u2013 fin dalla prossima stagione \u2013 nuovi flussi turistici americani che, a causa della crisi mondiale, hanno subito un calo in questi ultimi due anni. Oltre al turismo il Veneto, scegliendo nuove strategie promozionali, andr\u00e0 a proporre le sue numerose specialit\u00e0 enogastronomiche, ma anche il \u201cSistema Venezia\u201d (per una vacanza a Capodanno, Carnevale, o alla Regata storica in Canal Grande e alla festa del Redentore) ed opere di maestri vetrai di Murano, compreso un Albero di Vetro alto 4,50 m del peso di 800 chilogrammi. Presso la Vanderbilt Hall nella Grand Central Station il Veneto avr\u00e0 una concentrazione di proposte in un proprio stand di 800 metri quadrati: questo spazio sar\u00e0 usato per informare gli americani della realt\u00e0 del Veneto che dar\u00e0 forte risalto al campanile e a Piazza San Marco e a Verona, con il balcone di Giulietta, dove si possono celebrare i matrimoni in quel luogo tanto frequentato da coloro che hanno scelto di giurarsi eterno amore per tutta la vita. Il Centro di studi Palladio di Vicenza proporr\u00e0 una serie di film sul famoso architetto e sui suoi capolavori. Altre \u201ccarte vincenti\u201d del Veneto saranno i suoi \u201cGrandi Maestri\u201d, come Galileo, Giorgione, Marco Polo, oltre a Palladio, dei quali quest\u2019anno si celebrano gli anniversari con varie importanti\u00a0 manifestazioni in Veneto, in Italia e all\u2019estero. Tutto questo sostanzioso programma, organizzato dalla Regione del Veneto ed altri partner, sar\u00e0 presentato dal Vicepresidente della Giunta Franco Manzato e dall\u2019Assessore ai flussi migratori Oscar De Bona. L\u2019Assessore De Bona ha parlato di una strategia unitaria di operativit\u00e0. \u201cIl Piano infatti non poteva ignorare, ha detto De Bona, la massiccia presenza in quel territorio di molti italiani e di molti oriundi anche di origine veneta di seconda e di terza generazione, figli e nipoti di molti corregionali che emigrarono in quella terra dove hanno trovato lavoro e dignit\u00e0\u201d. \u00c8 stata sensibilizzata la Comunit\u00e0 dei veneti operante negli Usa per una massiccia partecipazione non solo alla sfilata, ma per fare una visita allo stand del Veneto dove ci saranno anche altre proposte tra le quali uno spettacolo della Fondazione Aida, una esibizione di celebri romanze e melodie, anche in dialetto veneziano, mentre lungo il colonnato del padiglione veneto \u00e8 stata allestita una mostra di calzature in miniatura dal titolo \u201cPiccoli passi\u201d dell\u2019artigiano Pietro Martello per iniziativa dei Calzaturieri del Brenta (Acrib). Proposti pure concerti di jazzisti italiani e americani durante le degustazioni dei prodotti veneti. Infine, ci saranno incontri con il sindaco di New York Michel Bloomberg, cene di gala con personalit\u00e0 ed esponenti della finanza americana. E, prima della sfilata generale del 12 ottobre, l\u2019arcivescovo Timothy M.Dolan celebrer\u00e0 una Messa solenne\u00a0 presso la cattedrale di St.Patrick, con musiche a cura della Fondazione Arena di Verona.<\/p>","protected":false},"excerpt":{"rendered":"<p>Il primo italiano a New York fu il veneziano Pietro Alberti, pare originario di Malamocco, che mise piede nell\u2019isola di Manhattan in quella che allora era Nuova Amsterdam il 2 giugno del 1635, sbarcando dalla nave olandese De Coninch David. Secondo alcuni studi, Pietro era figlio di Andrea Alberti, Segretario del Tesoro Ducale di Venezia, [&hellip;]<\/p>\n","protected":false},"author":2,"featured_media":0,"comment_status":"closed","ping_status":"open","sticky":false,"template":"","format":"standard","meta":{"footnotes":""},"categories":[5,26],"tags":[63],"class_list":["post-8754","post","type-post","status-publish","format-standard","category-cronaca","category-prima-pagina","tag-dolomiti"],"yoast_head":"<!-- This site is optimized with the Yoast SEO plugin v28.4 - https:\/\/yoast.com\/product\/yoast-seo-wordpress\/ -->\n<title>Tutto il potenziale turistico veneto al Columbus day di New York  - Bellunopress - Dolomiti<\/title>\n<meta name=\"robots\" content=\"index, follow, max-snippet:-1, max-image-preview:large, max-video-preview:-1\" \/>\n<link rel=\"canonical\" href=\"https:\/\/www.bellunopress.it\/fr\/2009\/10\/08\/tutto-il-potenziale-turistico-veneto-al-columbus-day-di-new-york\/\" \/>\n<meta property=\"og:locale\" content=\"fr_FR\" \/>\n<meta property=\"og:type\" content=\"article\" \/>\n<meta property=\"og:title\" content=\"Tutto il potenziale turistico veneto al Columbus day di New York  - Bellunopress - Dolomiti\" \/>\n<meta property=\"og:description\" content=\"Il primo italiano a New York fu il veneziano Pietro Alberti, pare originario di Malamocco, che mise piede nell\u2019isola di Manhattan in quella che allora era Nuova Amsterdam il 2 giugno del 1635, sbarcando dalla nave olandese De Coninch David. Secondo alcuni studi, Pietro era figlio di Andrea Alberti, Segretario del Tesoro Ducale di Venezia, [&hellip;]\" \/>\n<meta property=\"og:url\" content=\"https:\/\/www.bellunopress.it\/fr\/2009\/10\/08\/tutto-il-potenziale-turistico-veneto-al-columbus-day-di-new-york\/\" \/>\n<meta property=\"og:site_name\" content=\"Bellunopress - Dolomiti\" \/>\n<meta property=\"article:publisher\" content=\"https:\/\/www.facebook.com\/profile.php?id=100008943462799\" \/>\n<meta property=\"article:published_time\" content=\"2009-10-08T13:33:41+00:00\" \/>\n<meta property=\"og:image\" content=\"http:\/\/www.bellunopress.it\/wp-content\/uploads\/2012\/07\/logo-bellunopress-250x250-2012.jpg\" \/>\n<meta name=\"author\" content=\"redazione\" \/>\n<meta name=\"twitter:card\" content=\"summary_large_image\" \/>\n<meta name=\"twitter:creator\" content=\"@bellunopress\" \/>\n<meta name=\"twitter:site\" content=\"@bellunopress\" \/>\n<meta name=\"twitter:label1\" content=\"\u00c9crit par\" \/>\n\t<meta name=\"twitter:data1\" content=\"redazione\" \/>\n\t<meta name=\"twitter:label2\" content=\"Dur\u00e9e de lecture estim\u00e9e\" \/>\n\t<meta name=\"twitter:data2\" content=\"4 minutes\" \/>\n<script type=\"application\/ld+json\" class=\"yoast-schema-graph\">{\"@context\":\"https:\\\/\\\/schema.org\",\"@graph\":[{\"@type\":\"Article\",\"@id\":\"https:\\\/\\\/www.bellunopress.it\\\/2009\\\/10\\\/08\\\/tutto-il-potenziale-turistico-veneto-al-columbus-day-di-new-york\\\/#article\",\"isPartOf\":{\"@id\":\"https:\\\/\\\/www.bellunopress.it\\\/2009\\\/10\\\/08\\\/tutto-il-potenziale-turistico-veneto-al-columbus-day-di-new-york\\\/\"},\"author\":{\"name\":\"redazione\",\"@id\":\"https:\\\/\\\/www.bellunopress.it\\\/#\\\/schema\\\/person\\\/79bb06722b37ece1c03d3e94beb30d73\"},\"headline\":\"Tutto il potenziale turistico veneto al Columbus day di New York\",\"datePublished\":\"2009-10-08T13:33:41+00:00\",\"mainEntityOfPage\":{\"@id\":\"https:\\\/\\\/www.bellunopress.it\\\/2009\\\/10\\\/08\\\/tutto-il-potenziale-turistico-veneto-al-columbus-day-di-new-york\\\/\"},\"wordCount\":767,\"publisher\":{\"@id\":\"https:\\\/\\\/www.bellunopress.it\\\/#organization\"},\"keywords\":[\"Dolomiti\"],\"articleSection\":[\"Cronaca\\\/Politica\",\"Prima Pagina\"],\"inLanguage\":\"fr-FR\"},{\"@type\":\"WebPage\",\"@id\":\"https:\\\/\\\/www.bellunopress.it\\\/2009\\\/10\\\/08\\\/tutto-il-potenziale-turistico-veneto-al-columbus-day-di-new-york\\\/\",\"url\":\"https:\\\/\\\/www.bellunopress.it\\\/2009\\\/10\\\/08\\\/tutto-il-potenziale-turistico-veneto-al-columbus-day-di-new-york\\\/\",\"name\":\"Tutto il potenziale turistico veneto al Columbus day di New York - Bellunopress - Dolomiti\",\"isPartOf\":{\"@id\":\"https:\\\/\\\/www.bellunopress.it\\\/#website\"},\"datePublished\":\"2009-10-08T13:33:41+00:00\",\"breadcrumb\":{\"@id\":\"https:\\\/\\\/www.bellunopress.it\\\/2009\\\/10\\\/08\\\/tutto-il-potenziale-turistico-veneto-al-columbus-day-di-new-york\\\/#breadcrumb\"},\"inLanguage\":\"fr-FR\",\"potentialAction\":[{\"@type\":\"ReadAction\",\"target\":[\"https:\\\/\\\/www.bellunopress.it\\\/2009\\\/10\\\/08\\\/tutto-il-potenziale-turistico-veneto-al-columbus-day-di-new-york\\\/\"]}]},{\"@type\":\"BreadcrumbList\",\"@id\":\"https:\\\/\\\/www.bellunopress.it\\\/2009\\\/10\\\/08\\\/tutto-il-potenziale-turistico-veneto-al-columbus-day-di-new-york\\\/#breadcrumb\",\"itemListElement\":[{\"@type\":\"ListItem\",\"position\":1,\"name\":\"Home\",\"item\":\"https:\\\/\\\/www.bellunopress.it\\\/\"},{\"@type\":\"ListItem\",\"position\":2,\"name\":\"Tutto il potenziale turistico veneto al Columbus day di New York\"}]},{\"@type\":\"WebSite\",\"@id\":\"https:\\\/\\\/www.bellunopress.it\\\/#website\",\"url\":\"https:\\\/\\\/www.bellunopress.it\\\/\",\"name\":\"Bellunopress - Dolomiti\",\"description\":\"e-mail: redazione@bellunopress.it\",\"publisher\":{\"@id\":\"https:\\\/\\\/www.bellunopress.it\\\/#organization\"},\"potentialAction\":[{\"@type\":\"SearchAction\",\"target\":{\"@type\":\"EntryPoint\",\"urlTemplate\":\"https:\\\/\\\/www.bellunopress.it\\\/?s={search_term_string}\"},\"query-input\":{\"@type\":\"PropertyValueSpecification\",\"valueRequired\":true,\"valueName\":\"search_term_string\"}}],\"inLanguage\":\"fr-FR\"},{\"@type\":\"Organization\",\"@id\":\"https:\\\/\\\/www.bellunopress.it\\\/#organization\",\"name\":\"Bellunopress\",\"url\":\"https:\\\/\\\/www.bellunopress.it\\\/\",\"logo\":{\"@type\":\"ImageObject\",\"inLanguage\":\"fr-FR\",\"@id\":\"https:\\\/\\\/www.bellunopress.it\\\/#\\\/schema\\\/logo\\\/image\\\/\",\"url\":\"https:\\\/\\\/www.bellunopress.it\\\/wp-content\\\/uploads\\\/2011\\\/05\\\/cropped-logo-bellunopress-.jpg\",\"contentUrl\":\"https:\\\/\\\/www.bellunopress.it\\\/wp-content\\\/uploads\\\/2011\\\/05\\\/cropped-logo-bellunopress-.jpg\",\"width\":512,\"height\":512,\"caption\":\"Bellunopress\"},\"image\":{\"@id\":\"https:\\\/\\\/www.bellunopress.it\\\/#\\\/schema\\\/logo\\\/image\\\/\"},\"sameAs\":[\"https:\\\/\\\/www.facebook.com\\\/profile.php?id=100008943462799\",\"https:\\\/\\\/x.com\\\/bellunopress\",\"https:\\\/\\\/www.linkedin.com\\\/hp\\\/?dnr=JBzUWaJfMUw8vbXJJ2tVW5-I3jZKvC4wsoxE&amp;amp;amp;amp;amp;amp;trk=nav_responsive_tab_home\",\"https:\\\/\\\/www.youtube.com\\\/channel\\\/UCxL0wu1uN0_3_7hGG0306cw\"]},{\"@type\":\"Person\",\"@id\":\"https:\\\/\\\/www.bellunopress.it\\\/#\\\/schema\\\/person\\\/79bb06722b37ece1c03d3e94beb30d73\",\"name\":\"redazione\",\"image\":{\"@type\":\"ImageObject\",\"inLanguage\":\"fr-FR\",\"@id\":\"https:\\\/\\\/secure.gravatar.com\\\/avatar\\\/37d968a2e67a6fd04c169c4bdef102d0bc5d31b2546345219e348575eb80e9a0?s=96&d=mm&r=g\",\"url\":\"https:\\\/\\\/secure.gravatar.com\\\/avatar\\\/37d968a2e67a6fd04c169c4bdef102d0bc5d31b2546345219e348575eb80e9a0?s=96&d=mm&r=g\",\"contentUrl\":\"https:\\\/\\\/secure.gravatar.com\\\/avatar\\\/37d968a2e67a6fd04c169c4bdef102d0bc5d31b2546345219e348575eb80e9a0?s=96&d=mm&r=g\",\"caption\":\"redazione\"},\"sameAs\":[\"http:\\\/\\\/www.bellunopress.it\",\"https:\\\/\\\/x.com\\\/bellunopress\"],\"url\":\"https:\\\/\\\/www.bellunopress.it\\\/fr\\\/author\\\/redazione\\\/\"}]}<\/script>\n<!-- \/ Yoast SEO plugin. -->","yoast_head_json":{"title":"Tutto il potenziale turistico veneto al Columbus day di New York  - Bellunopress - Dolomiti","robots":{"index":"index","follow":"follow","max-snippet":"max-snippet:-1","max-image-preview":"max-image-preview:large","max-video-preview":"max-video-preview:-1"},"canonical":"https:\/\/www.bellunopress.it\/fr\/2009\/10\/08\/tutto-il-potenziale-turistico-veneto-al-columbus-day-di-new-york\/","og_locale":"fr_FR","og_type":"article","og_title":"Tutto il potenziale turistico veneto al Columbus day di New York  - Bellunopress - Dolomiti","og_description":"Il primo italiano a New York fu il veneziano Pietro Alberti, pare originario di Malamocco, che mise piede nell\u2019isola di Manhattan in quella che allora era Nuova Amsterdam il 2 giugno del 1635, sbarcando dalla nave olandese De Coninch David. Secondo alcuni studi, Pietro era figlio di Andrea Alberti, Segretario del Tesoro Ducale di Venezia, [&hellip;]","og_url":"https:\/\/www.bellunopress.it\/fr\/2009\/10\/08\/tutto-il-potenziale-turistico-veneto-al-columbus-day-di-new-york\/","og_site_name":"Bellunopress - Dolomiti","article_publisher":"https:\/\/www.facebook.com\/profile.php?id=100008943462799","article_published_time":"2009-10-08T13:33:41+00:00","og_image":[{"url":"http:\/\/www.bellunopress.it\/wp-content\/uploads\/2012\/07\/logo-bellunopress-250x250-2012.jpg","type":"","width":"","height":""}],"author":"redazione","twitter_card":"summary_large_image","twitter_creator":"@bellunopress","twitter_site":"@bellunopress","twitter_misc":{"\u00c9crit par":"redazione","Dur\u00e9e de lecture estim\u00e9e":"4 minutes"},"schema":{"@context":"https:\/\/schema.org","@graph":[{"@type":"Article","@id":"https:\/\/www.bellunopress.it\/2009\/10\/08\/tutto-il-potenziale-turistico-veneto-al-columbus-day-di-new-york\/#article","isPartOf":{"@id":"https:\/\/www.bellunopress.it\/2009\/10\/08\/tutto-il-potenziale-turistico-veneto-al-columbus-day-di-new-york\/"},"author":{"name":"redazione","@id":"https:\/\/www.bellunopress.it\/#\/schema\/person\/79bb06722b37ece1c03d3e94beb30d73"},"headline":"Tutto il potenziale turistico veneto al Columbus day di New York","datePublished":"2009-10-08T13:33:41+00:00","mainEntityOfPage":{"@id":"https:\/\/www.bellunopress.it\/2009\/10\/08\/tutto-il-potenziale-turistico-veneto-al-columbus-day-di-new-york\/"},"wordCount":767,"publisher":{"@id":"https:\/\/www.bellunopress.it\/#organization"},"keywords":["Dolomiti"],"articleSection":["Cronaca\/Politica","Prima Pagina"],"inLanguage":"fr-FR"},{"@type":"WebPage","@id":"https:\/\/www.bellunopress.it\/2009\/10\/08\/tutto-il-potenziale-turistico-veneto-al-columbus-day-di-new-york\/","url":"https:\/\/www.bellunopress.it\/2009\/10\/08\/tutto-il-potenziale-turistico-veneto-al-columbus-day-di-new-york\/","name":"Tutto il potenziale turistico veneto al Columbus day di New York - Bellunopress - Dolomiti","isPartOf":{"@id":"https:\/\/www.bellunopress.it\/#website"},"datePublished":"2009-10-08T13:33:41+00:00","breadcrumb":{"@id":"https:\/\/www.bellunopress.it\/2009\/10\/08\/tutto-il-potenziale-turistico-veneto-al-columbus-day-di-new-york\/#breadcrumb"},"inLanguage":"fr-FR","potentialAction":[{"@type":"ReadAction","target":["https:\/\/www.bellunopress.it\/2009\/10\/08\/tutto-il-potenziale-turistico-veneto-al-columbus-day-di-new-york\/"]}]},{"@type":"BreadcrumbList","@id":"https:\/\/www.bellunopress.it\/2009\/10\/08\/tutto-il-potenziale-turistico-veneto-al-columbus-day-di-new-york\/#breadcrumb","itemListElement":[{"@type":"ListItem","position":1,"name":"Home","item":"https:\/\/www.bellunopress.it\/"},{"@type":"ListItem","position":2,"name":"Tutto il potenziale turistico veneto al Columbus day di New York"}]},{"@type":"WebSite","@id":"https:\/\/www.bellunopress.it\/#website","url":"https:\/\/www.bellunopress.it\/","name":"Bellunopress - Dolomiti","description":"e-mail: redazione@bellunopress.it","publisher":{"@id":"https:\/\/www.bellunopress.it\/#organization"},"potentialAction":[{"@type":"SearchAction","target":{"@type":"EntryPoint","urlTemplate":"https:\/\/www.bellunopress.it\/?s={search_term_string}"},"query-input":{"@type":"PropertyValueSpecification","valueRequired":true,"valueName":"search_term_string"}}],"inLanguage":"fr-FR"},{"@type":"Organization","@id":"https:\/\/www.bellunopress.it\/#organization","name":"Bellunopress","url":"https:\/\/www.bellunopress.it\/","logo":{"@type":"ImageObject","inLanguage":"fr-FR","@id":"https:\/\/www.bellunopress.it\/#\/schema\/logo\/image\/","url":"https:\/\/www.bellunopress.it\/wp-content\/uploads\/2011\/05\/cropped-logo-bellunopress-.jpg","contentUrl":"https:\/\/www.bellunopress.it\/wp-content\/uploads\/2011\/05\/cropped-logo-bellunopress-.jpg","width":512,"height":512,"caption":"Bellunopress"},"image":{"@id":"https:\/\/www.bellunopress.it\/#\/schema\/logo\/image\/"},"sameAs":["https:\/\/www.facebook.com\/profile.php?id=100008943462799","https:\/\/x.com\/bellunopress","https:\/\/www.linkedin.com\/hp\/?dnr=JBzUWaJfMUw8vbXJJ2tVW5-I3jZKvC4wsoxE&amp;amp;amp;amp;amp;amp;trk=nav_responsive_tab_home","https:\/\/www.youtube.com\/channel\/UCxL0wu1uN0_3_7hGG0306cw"]},{"@type":"Person","@id":"https:\/\/www.bellunopress.it\/#\/schema\/person\/79bb06722b37ece1c03d3e94beb30d73","name":"r\u00e9daction","image":{"@type":"ImageObject","inLanguage":"fr-FR","@id":"https:\/\/secure.gravatar.com\/avatar\/37d968a2e67a6fd04c169c4bdef102d0bc5d31b2546345219e348575eb80e9a0?s=96&d=mm&r=g","url":"https:\/\/secure.gravatar.com\/avatar\/37d968a2e67a6fd04c169c4bdef102d0bc5d31b2546345219e348575eb80e9a0?s=96&d=mm&r=g","contentUrl":"https:\/\/secure.gravatar.com\/avatar\/37d968a2e67a6fd04c169c4bdef102d0bc5d31b2546345219e348575eb80e9a0?s=96&d=mm&r=g","caption":"redazione"},"sameAs":["http:\/\/www.bellunopress.it","https:\/\/x.com\/bellunopress"],"url":"https:\/\/www.bellunopress.it\/fr\/author\/redazione\/"}]}},"_links":{"self":[{"href":"https:\/\/www.bellunopress.it\/fr\/wp-json\/wp\/v2\/posts\/8754","targetHints":{"allow":["GET"]}}],"collection":[{"href":"https:\/\/www.bellunopress.it\/fr\/wp-json\/wp\/v2\/posts"}],"about":[{"href":"https:\/\/www.bellunopress.it\/fr\/wp-json\/wp\/v2\/types\/post"}],"author":[{"embeddable":true,"href":"https:\/\/www.bellunopress.it\/fr\/wp-json\/wp\/v2\/users\/2"}],"replies":[{"embeddable":true,"href":"https:\/\/www.bellunopress.it\/fr\/wp-json\/wp\/v2\/comments?post=8754"}],"version-history":[{"count":1,"href":"https:\/\/www.bellunopress.it\/fr\/wp-json\/wp\/v2\/posts\/8754\/revisions"}],"predecessor-version":[{"id":8755,"href":"https:\/\/www.bellunopress.it\/fr\/wp-json\/wp\/v2\/posts\/8754\/revisions\/8755"}],"wp:attachment":[{"href":"https:\/\/www.bellunopress.it\/fr\/wp-json\/wp\/v2\/media?parent=8754"}],"wp:term":[{"taxonomy":"category","embeddable":true,"href":"https:\/\/www.bellunopress.it\/fr\/wp-json\/wp\/v2\/categories?post=8754"},{"taxonomy":"post_tag","embeddable":true,"href":"https:\/\/www.bellunopress.it\/fr\/wp-json\/wp\/v2\/tags?post=8754"}],"curies":[{"name":"wp","href":"https:\/\/api.w.org\/{rel}","templated":true}]}}