{"id":8750,"date":"2009-10-08T13:54:18","date_gmt":"2009-10-08T12:54:18","guid":{"rendered":"http:\/\/www.bellunopress.it\/?p=8750"},"modified":"2009-10-08T13:54:18","modified_gmt":"2009-10-08T12:54:18","slug":"il-pd-con-michele-dal-farra-bisogna-uscire-dalla-paralisi-politica-in-cui-versa-belluno","status":"publish","type":"post","link":"https:\/\/www.bellunopress.it\/fr\/2009\/10\/08\/il-pd-con-michele-dal-farra-bisogna-uscire-dalla-paralisi-politica-in-cui-versa-belluno\/","title":{"rendered":"Il Pd con Michele Dal Farra: &#8220;Bisogna uscire dalla paralisi politica in cui versa Belluno&#8221;"},"content":{"rendered":"<p>Il Coordinamento Comunale del Partito Democratico insieme ai Consiglieri Comunali del PD di Belluno si sono riuniti per analizzare la crisi in atto a seguito della sfiducia espressa dal Consiglio Comunale\u00a0 nei confronti dell\u2019 Amministrazione Prade. Si evidenzia lo stato di abbandono in cui versa attualmente la citt\u00e0 \u2013 mai vista a Belluno negli ultimi 15 anni &#8211;\u00a0 frutto di una Amministrazione che non ha saputo dare un\u2019idea per il futuro della Belluno che vogliamo. L\u2019amministrazione, infatti, non ha mai saputo esercitare un ruolo guida dentro e fuori la provincia,\u00a0 rispetto alla montagna veneta, alle Dolomiti e alle Alpi, facendo venire meno la vocazione alpina che l\u2019ha sempre contraddistinta. Inoltre, l\u2019assenza di una visione strategica di Belluno, si accompagna a uno stato di degrado del territorio del Comune, pensiamo solo allo stato di abbandono in cui da anni \u00e8 la Panoramica, via Miari , via Sottocastello, Ponte degli Alpini e\u00a0 pi\u00f9 in generalmente tutte le strade della periferia e delle frazioni. Si sottolinea come una parte della stessa maggioranza che sosteneva il Sindaco Prade abbia evidenziato, votando contro il bilancio, la mancanza di ascolto e\u00a0 coinvolgimento dei cittadini nelle scelte di ordinaria amministrazione come \u00e8 avvenuto per la strada interna alla Veneggia, privilegiando\u00a0 interessi particolari rispetto a quelli generali\u00a0 e nelle scelte strategiche come il PAT\u00a0 ( \u201cnuovo PRG\u201d ). Il Coordinamento Comunale del PD:\u00a0 RITIENE il lungo protrarsi di\u00a0 tale situazione di incapacit\u00e0 di governo una grave offesa alla Citt\u00e0 di Belluno CHIEDE venga posto termine alla attuale situazione di totale paralisi politica ed amministrativa CHIEDE\u00a0 un\u00a0 governo della Citt\u00e0 autorevole e capace, in grado di recuperare il tempo perduto.<\/p>","protected":false},"excerpt":{"rendered":"<p>Il Coordinamento Comunale del Partito Democratico insieme ai Consiglieri Comunali del PD di Belluno si sono riuniti per analizzare la crisi in atto a seguito della sfiducia espressa dal Consiglio Comunale\u00a0 nei confronti dell\u2019 Amministrazione Prade. Si evidenzia lo stato di abbandono in cui versa attualmente la citt\u00e0 \u2013 mai vista a Belluno negli ultimi [&hellip;]<\/p>\n","protected":false},"author":2,"featured_media":0,"comment_status":"closed","ping_status":"open","sticky":false,"template":"","format":"standard","meta":{"footnotes":""},"categories":[5,26],"tags":[139,63],"class_list":["post-8750","post","type-post","status-publish","format-standard","category-cronaca","category-prima-pagina","tag-belluno","tag-dolomiti"],"yoast_head":"<!-- This site is optimized with the Yoast SEO plugin v28.4 - https:\/\/yoast.com\/product\/yoast-seo-wordpress\/ -->\n<title>Il Pd con Michele Dal Farra: &quot;Bisogna uscire dalla paralisi politica in cui versa Belluno&quot; - Bellunopress - Dolomiti<\/title>\n<meta name=\"robots\" content=\"index, follow, max-snippet:-1, max-image-preview:large, max-video-preview:-1\" \/>\n<link rel=\"canonical\" href=\"https:\/\/www.bellunopress.it\/fr\/2009\/10\/08\/il-pd-con-michele-dal-farra-bisogna-uscire-dalla-paralisi-politica-in-cui-versa-belluno\/\" \/>\n<meta property=\"og:locale\" content=\"fr_FR\" \/>\n<meta property=\"og:type\" content=\"article\" \/>\n<meta property=\"og:title\" content=\"Il Pd con Michele Dal Farra: &quot;Bisogna uscire dalla paralisi politica in cui versa Belluno&quot; - Bellunopress - Dolomiti\" \/>\n<meta property=\"og:description\" content=\"Il Coordinamento Comunale del Partito Democratico insieme ai Consiglieri Comunali del PD di Belluno si sono riuniti per analizzare la crisi in atto a seguito della sfiducia espressa dal Consiglio Comunale\u00a0 nei confronti dell\u2019 Amministrazione Prade. Si evidenzia lo stato di abbandono in cui versa attualmente la citt\u00e0 \u2013 mai vista a Belluno negli ultimi [&hellip;]\" \/>\n<meta property=\"og:url\" content=\"https:\/\/www.bellunopress.it\/fr\/2009\/10\/08\/il-pd-con-michele-dal-farra-bisogna-uscire-dalla-paralisi-politica-in-cui-versa-belluno\/\" \/>\n<meta property=\"og:site_name\" content=\"Bellunopress - Dolomiti\" \/>\n<meta property=\"article:publisher\" content=\"https:\/\/www.facebook.com\/profile.php?id=100008943462799\" \/>\n<meta property=\"article:published_time\" content=\"2009-10-08T12:54:18+00:00\" \/>\n<meta property=\"og:image\" content=\"http:\/\/www.bellunopress.it\/wp-content\/uploads\/2012\/07\/logo-bellunopress-250x250-2012.jpg\" \/>\n<meta name=\"author\" content=\"redazione\" \/>\n<meta name=\"twitter:card\" content=\"summary_large_image\" \/>\n<meta name=\"twitter:creator\" content=\"@bellunopress\" \/>\n<meta name=\"twitter:site\" content=\"@bellunopress\" \/>\n<meta name=\"twitter:label1\" content=\"\u00c9crit par\" \/>\n\t<meta name=\"twitter:data1\" content=\"redazione\" \/>\n\t<meta name=\"twitter:label2\" content=\"Dur\u00e9e de lecture estim\u00e9e\" \/>\n\t<meta name=\"twitter:data2\" content=\"1 minute\" \/>\n<script type=\"application\/ld+json\" class=\"yoast-schema-graph\">{\"@context\":\"https:\\\/\\\/schema.org\",\"@graph\":[{\"@type\":\"Article\",\"@id\":\"https:\\\/\\\/www.bellunopress.it\\\/2009\\\/10\\\/08\\\/il-pd-con-michele-dal-farra-bisogna-uscire-dalla-paralisi-politica-in-cui-versa-belluno\\\/#article\",\"isPartOf\":{\"@id\":\"https:\\\/\\\/www.bellunopress.it\\\/2009\\\/10\\\/08\\\/il-pd-con-michele-dal-farra-bisogna-uscire-dalla-paralisi-politica-in-cui-versa-belluno\\\/\"},\"author\":{\"name\":\"redazione\",\"@id\":\"https:\\\/\\\/www.bellunopress.it\\\/#\\\/schema\\\/person\\\/79bb06722b37ece1c03d3e94beb30d73\"},\"headline\":\"Il Pd con Michele Dal Farra: &#8220;Bisogna uscire dalla paralisi politica in cui versa Belluno&#8221;\",\"datePublished\":\"2009-10-08T12:54:18+00:00\",\"mainEntityOfPage\":{\"@id\":\"https:\\\/\\\/www.bellunopress.it\\\/2009\\\/10\\\/08\\\/il-pd-con-michele-dal-farra-bisogna-uscire-dalla-paralisi-politica-in-cui-versa-belluno\\\/\"},\"wordCount\":283,\"publisher\":{\"@id\":\"https:\\\/\\\/www.bellunopress.it\\\/#organization\"},\"keywords\":[\"Belluno\",\"Dolomiti\"],\"articleSection\":[\"Cronaca\\\/Politica\",\"Prima Pagina\"],\"inLanguage\":\"fr-FR\"},{\"@type\":\"WebPage\",\"@id\":\"https:\\\/\\\/www.bellunopress.it\\\/2009\\\/10\\\/08\\\/il-pd-con-michele-dal-farra-bisogna-uscire-dalla-paralisi-politica-in-cui-versa-belluno\\\/\",\"url\":\"https:\\\/\\\/www.bellunopress.it\\\/2009\\\/10\\\/08\\\/il-pd-con-michele-dal-farra-bisogna-uscire-dalla-paralisi-politica-in-cui-versa-belluno\\\/\",\"name\":\"Il Pd con Michele Dal Farra: \\\"Bisogna uscire dalla paralisi politica in cui versa Belluno\\\" - Bellunopress - Dolomiti\",\"isPartOf\":{\"@id\":\"https:\\\/\\\/www.bellunopress.it\\\/#website\"},\"datePublished\":\"2009-10-08T12:54:18+00:00\",\"breadcrumb\":{\"@id\":\"https:\\\/\\\/www.bellunopress.it\\\/2009\\\/10\\\/08\\\/il-pd-con-michele-dal-farra-bisogna-uscire-dalla-paralisi-politica-in-cui-versa-belluno\\\/#breadcrumb\"},\"inLanguage\":\"fr-FR\",\"potentialAction\":[{\"@type\":\"ReadAction\",\"target\":[\"https:\\\/\\\/www.bellunopress.it\\\/2009\\\/10\\\/08\\\/il-pd-con-michele-dal-farra-bisogna-uscire-dalla-paralisi-politica-in-cui-versa-belluno\\\/\"]}]},{\"@type\":\"BreadcrumbList\",\"@id\":\"https:\\\/\\\/www.bellunopress.it\\\/2009\\\/10\\\/08\\\/il-pd-con-michele-dal-farra-bisogna-uscire-dalla-paralisi-politica-in-cui-versa-belluno\\\/#breadcrumb\",\"itemListElement\":[{\"@type\":\"ListItem\",\"position\":1,\"name\":\"Home\",\"item\":\"https:\\\/\\\/www.bellunopress.it\\\/\"},{\"@type\":\"ListItem\",\"position\":2,\"name\":\"Il Pd con Michele Dal Farra: &#8220;Bisogna uscire dalla paralisi politica in cui versa Belluno&#8221;\"}]},{\"@type\":\"WebSite\",\"@id\":\"https:\\\/\\\/www.bellunopress.it\\\/#website\",\"url\":\"https:\\\/\\\/www.bellunopress.it\\\/\",\"name\":\"Bellunopress - Dolomiti\",\"description\":\"e-mail: redazione@bellunopress.it\",\"publisher\":{\"@id\":\"https:\\\/\\\/www.bellunopress.it\\\/#organization\"},\"potentialAction\":[{\"@type\":\"SearchAction\",\"target\":{\"@type\":\"EntryPoint\",\"urlTemplate\":\"https:\\\/\\\/www.bellunopress.it\\\/?s={search_term_string}\"},\"query-input\":{\"@type\":\"PropertyValueSpecification\",\"valueRequired\":true,\"valueName\":\"search_term_string\"}}],\"inLanguage\":\"fr-FR\"},{\"@type\":\"Organization\",\"@id\":\"https:\\\/\\\/www.bellunopress.it\\\/#organization\",\"name\":\"Bellunopress\",\"url\":\"https:\\\/\\\/www.bellunopress.it\\\/\",\"logo\":{\"@type\":\"ImageObject\",\"inLanguage\":\"fr-FR\",\"@id\":\"https:\\\/\\\/www.bellunopress.it\\\/#\\\/schema\\\/logo\\\/image\\\/\",\"url\":\"https:\\\/\\\/www.bellunopress.it\\\/wp-content\\\/uploads\\\/2011\\\/05\\\/cropped-logo-bellunopress-.jpg\",\"contentUrl\":\"https:\\\/\\\/www.bellunopress.it\\\/wp-content\\\/uploads\\\/2011\\\/05\\\/cropped-logo-bellunopress-.jpg\",\"width\":512,\"height\":512,\"caption\":\"Bellunopress\"},\"image\":{\"@id\":\"https:\\\/\\\/www.bellunopress.it\\\/#\\\/schema\\\/logo\\\/image\\\/\"},\"sameAs\":[\"https:\\\/\\\/www.facebook.com\\\/profile.php?id=100008943462799\",\"https:\\\/\\\/x.com\\\/bellunopress\",\"https:\\\/\\\/www.linkedin.com\\\/hp\\\/?dnr=JBzUWaJfMUw8vbXJJ2tVW5-I3jZKvC4wsoxE&amp;amp;amp;amp;amp;amp;trk=nav_responsive_tab_home\",\"https:\\\/\\\/www.youtube.com\\\/channel\\\/UCxL0wu1uN0_3_7hGG0306cw\"]},{\"@type\":\"Person\",\"@id\":\"https:\\\/\\\/www.bellunopress.it\\\/#\\\/schema\\\/person\\\/79bb06722b37ece1c03d3e94beb30d73\",\"name\":\"redazione\",\"image\":{\"@type\":\"ImageObject\",\"inLanguage\":\"fr-FR\",\"@id\":\"https:\\\/\\\/secure.gravatar.com\\\/avatar\\\/37d968a2e67a6fd04c169c4bdef102d0bc5d31b2546345219e348575eb80e9a0?s=96&d=mm&r=g\",\"url\":\"https:\\\/\\\/secure.gravatar.com\\\/avatar\\\/37d968a2e67a6fd04c169c4bdef102d0bc5d31b2546345219e348575eb80e9a0?s=96&d=mm&r=g\",\"contentUrl\":\"https:\\\/\\\/secure.gravatar.com\\\/avatar\\\/37d968a2e67a6fd04c169c4bdef102d0bc5d31b2546345219e348575eb80e9a0?s=96&d=mm&r=g\",\"caption\":\"redazione\"},\"sameAs\":[\"http:\\\/\\\/www.bellunopress.it\",\"https:\\\/\\\/x.com\\\/bellunopress\"],\"url\":\"https:\\\/\\\/www.bellunopress.it\\\/fr\\\/author\\\/redazione\\\/\"}]}<\/script>\n<!-- \/ Yoast SEO plugin. -->","yoast_head_json":{"title":"Il Pd con Michele Dal Farra: \"Bisogna uscire dalla paralisi politica in cui versa Belluno\" - Bellunopress - Dolomiti","robots":{"index":"index","follow":"follow","max-snippet":"max-snippet:-1","max-image-preview":"max-image-preview:large","max-video-preview":"max-video-preview:-1"},"canonical":"https:\/\/www.bellunopress.it\/fr\/2009\/10\/08\/il-pd-con-michele-dal-farra-bisogna-uscire-dalla-paralisi-politica-in-cui-versa-belluno\/","og_locale":"fr_FR","og_type":"article","og_title":"Il Pd con Michele Dal Farra: \"Bisogna uscire dalla paralisi politica in cui versa Belluno\" - Bellunopress - Dolomiti","og_description":"Il Coordinamento Comunale del Partito Democratico insieme ai Consiglieri Comunali del PD di Belluno si sono riuniti per analizzare la crisi in atto a seguito della sfiducia espressa dal Consiglio Comunale\u00a0 nei confronti dell\u2019 Amministrazione Prade. Si evidenzia lo stato di abbandono in cui versa attualmente la citt\u00e0 \u2013 mai vista a Belluno negli ultimi [&hellip;]","og_url":"https:\/\/www.bellunopress.it\/fr\/2009\/10\/08\/il-pd-con-michele-dal-farra-bisogna-uscire-dalla-paralisi-politica-in-cui-versa-belluno\/","og_site_name":"Bellunopress - Dolomiti","article_publisher":"https:\/\/www.facebook.com\/profile.php?id=100008943462799","article_published_time":"2009-10-08T12:54:18+00:00","og_image":[{"url":"http:\/\/www.bellunopress.it\/wp-content\/uploads\/2012\/07\/logo-bellunopress-250x250-2012.jpg","type":"","width":"","height":""}],"author":"redazione","twitter_card":"summary_large_image","twitter_creator":"@bellunopress","twitter_site":"@bellunopress","twitter_misc":{"\u00c9crit par":"redazione","Dur\u00e9e de lecture estim\u00e9e":"1 minute"},"schema":{"@context":"https:\/\/schema.org","@graph":[{"@type":"Article","@id":"https:\/\/www.bellunopress.it\/2009\/10\/08\/il-pd-con-michele-dal-farra-bisogna-uscire-dalla-paralisi-politica-in-cui-versa-belluno\/#article","isPartOf":{"@id":"https:\/\/www.bellunopress.it\/2009\/10\/08\/il-pd-con-michele-dal-farra-bisogna-uscire-dalla-paralisi-politica-in-cui-versa-belluno\/"},"author":{"name":"redazione","@id":"https:\/\/www.bellunopress.it\/#\/schema\/person\/79bb06722b37ece1c03d3e94beb30d73"},"headline":"Il Pd con Michele Dal Farra: &#8220;Bisogna uscire dalla paralisi politica in cui versa Belluno&#8221;","datePublished":"2009-10-08T12:54:18+00:00","mainEntityOfPage":{"@id":"https:\/\/www.bellunopress.it\/2009\/10\/08\/il-pd-con-michele-dal-farra-bisogna-uscire-dalla-paralisi-politica-in-cui-versa-belluno\/"},"wordCount":283,"publisher":{"@id":"https:\/\/www.bellunopress.it\/#organization"},"keywords":["Belluno","Dolomiti"],"articleSection":["Cronaca\/Politica","Prima Pagina"],"inLanguage":"fr-FR"},{"@type":"WebPage","@id":"https:\/\/www.bellunopress.it\/2009\/10\/08\/il-pd-con-michele-dal-farra-bisogna-uscire-dalla-paralisi-politica-in-cui-versa-belluno\/","url":"https:\/\/www.bellunopress.it\/2009\/10\/08\/il-pd-con-michele-dal-farra-bisogna-uscire-dalla-paralisi-politica-in-cui-versa-belluno\/","name":"Il Pd con Michele Dal Farra: \"Bisogna uscire dalla paralisi politica in cui versa Belluno\" - Bellunopress - Dolomiti","isPartOf":{"@id":"https:\/\/www.bellunopress.it\/#website"},"datePublished":"2009-10-08T12:54:18+00:00","breadcrumb":{"@id":"https:\/\/www.bellunopress.it\/2009\/10\/08\/il-pd-con-michele-dal-farra-bisogna-uscire-dalla-paralisi-politica-in-cui-versa-belluno\/#breadcrumb"},"inLanguage":"fr-FR","potentialAction":[{"@type":"ReadAction","target":["https:\/\/www.bellunopress.it\/2009\/10\/08\/il-pd-con-michele-dal-farra-bisogna-uscire-dalla-paralisi-politica-in-cui-versa-belluno\/"]}]},{"@type":"BreadcrumbList","@id":"https:\/\/www.bellunopress.it\/2009\/10\/08\/il-pd-con-michele-dal-farra-bisogna-uscire-dalla-paralisi-politica-in-cui-versa-belluno\/#breadcrumb","itemListElement":[{"@type":"ListItem","position":1,"name":"Home","item":"https:\/\/www.bellunopress.it\/"},{"@type":"ListItem","position":2,"name":"Il Pd con Michele Dal Farra: &#8220;Bisogna uscire dalla paralisi politica in cui versa Belluno&#8221;"}]},{"@type":"WebSite","@id":"https:\/\/www.bellunopress.it\/#website","url":"https:\/\/www.bellunopress.it\/","name":"Bellunopress - Dolomiti","description":"e-mail: redazione@bellunopress.it","publisher":{"@id":"https:\/\/www.bellunopress.it\/#organization"},"potentialAction":[{"@type":"SearchAction","target":{"@type":"EntryPoint","urlTemplate":"https:\/\/www.bellunopress.it\/?s={search_term_string}"},"query-input":{"@type":"PropertyValueSpecification","valueRequired":true,"valueName":"search_term_string"}}],"inLanguage":"fr-FR"},{"@type":"Organization","@id":"https:\/\/www.bellunopress.it\/#organization","name":"Bellunopress","url":"https:\/\/www.bellunopress.it\/","logo":{"@type":"ImageObject","inLanguage":"fr-FR","@id":"https:\/\/www.bellunopress.it\/#\/schema\/logo\/image\/","url":"https:\/\/www.bellunopress.it\/wp-content\/uploads\/2011\/05\/cropped-logo-bellunopress-.jpg","contentUrl":"https:\/\/www.bellunopress.it\/wp-content\/uploads\/2011\/05\/cropped-logo-bellunopress-.jpg","width":512,"height":512,"caption":"Bellunopress"},"image":{"@id":"https:\/\/www.bellunopress.it\/#\/schema\/logo\/image\/"},"sameAs":["https:\/\/www.facebook.com\/profile.php?id=100008943462799","https:\/\/x.com\/bellunopress","https:\/\/www.linkedin.com\/hp\/?dnr=JBzUWaJfMUw8vbXJJ2tVW5-I3jZKvC4wsoxE&amp;amp;amp;amp;amp;amp;trk=nav_responsive_tab_home","https:\/\/www.youtube.com\/channel\/UCxL0wu1uN0_3_7hGG0306cw"]},{"@type":"Person","@id":"https:\/\/www.bellunopress.it\/#\/schema\/person\/79bb06722b37ece1c03d3e94beb30d73","name":"r\u00e9daction","image":{"@type":"ImageObject","inLanguage":"fr-FR","@id":"https:\/\/secure.gravatar.com\/avatar\/37d968a2e67a6fd04c169c4bdef102d0bc5d31b2546345219e348575eb80e9a0?s=96&d=mm&r=g","url":"https:\/\/secure.gravatar.com\/avatar\/37d968a2e67a6fd04c169c4bdef102d0bc5d31b2546345219e348575eb80e9a0?s=96&d=mm&r=g","contentUrl":"https:\/\/secure.gravatar.com\/avatar\/37d968a2e67a6fd04c169c4bdef102d0bc5d31b2546345219e348575eb80e9a0?s=96&d=mm&r=g","caption":"redazione"},"sameAs":["http:\/\/www.bellunopress.it","https:\/\/x.com\/bellunopress"],"url":"https:\/\/www.bellunopress.it\/fr\/author\/redazione\/"}]}},"_links":{"self":[{"href":"https:\/\/www.bellunopress.it\/fr\/wp-json\/wp\/v2\/posts\/8750","targetHints":{"allow":["GET"]}}],"collection":[{"href":"https:\/\/www.bellunopress.it\/fr\/wp-json\/wp\/v2\/posts"}],"about":[{"href":"https:\/\/www.bellunopress.it\/fr\/wp-json\/wp\/v2\/types\/post"}],"author":[{"embeddable":true,"href":"https:\/\/www.bellunopress.it\/fr\/wp-json\/wp\/v2\/users\/2"}],"replies":[{"embeddable":true,"href":"https:\/\/www.bellunopress.it\/fr\/wp-json\/wp\/v2\/comments?post=8750"}],"version-history":[{"count":1,"href":"https:\/\/www.bellunopress.it\/fr\/wp-json\/wp\/v2\/posts\/8750\/revisions"}],"predecessor-version":[{"id":8751,"href":"https:\/\/www.bellunopress.it\/fr\/wp-json\/wp\/v2\/posts\/8750\/revisions\/8751"}],"wp:attachment":[{"href":"https:\/\/www.bellunopress.it\/fr\/wp-json\/wp\/v2\/media?parent=8750"}],"wp:term":[{"taxonomy":"category","embeddable":true,"href":"https:\/\/www.bellunopress.it\/fr\/wp-json\/wp\/v2\/categories?post=8750"},{"taxonomy":"post_tag","embeddable":true,"href":"https:\/\/www.bellunopress.it\/fr\/wp-json\/wp\/v2\/tags?post=8750"}],"curies":[{"name":"wp","href":"https:\/\/api.w.org\/{rel}","templated":true}]}}