{"id":87496,"date":"2017-07-06T15:57:11","date_gmt":"2017-07-06T13:57:11","guid":{"rendered":"http:\/\/www.bellunopress.it\/?p=87496"},"modified":"2017-07-06T15:57:11","modified_gmt":"2017-07-06T13:57:11","slug":"no-alla-chiusura-dei-passi-dolomitici-zaia-scrive-al-ministro-delrio-contrarieta-nel-merito-e-nel-metodo","status":"publish","type":"post","link":"https:\/\/www.bellunopress.it\/fr\/2017\/07\/06\/no-alla-chiusura-dei-passi-dolomitici-zaia-scrive-al-ministro-delrio-contrarieta-nel-merito-e-nel-metodo\/","title":{"rendered":"No alla chiusura dei passi dolomitici. Zaia scrive al ministro Delrio: &#8220;Contrariet\u00e0 nel merito e nel metodo&#8221;"},"content":{"rendered":"<figure id=\"attachment_21185\" aria-describedby=\"caption-attachment-21185\" style=\"width: 233px\" class=\"wp-caption alignleft\"><a href=\"http:\/\/www.bellunopress.it\/fr\/2010\/11\/15\/luca-zaia-commissario-per-lemergenza-fare-presto-con-trasparenza\/zaia-300x220\/\" rel=\"attachment wp-att-21185\"><img loading=\"lazy\" decoding=\"async\" class=\"size-full wp-image-21185\" src=\"http:\/\/www.bellunopress.it\/wp-content\/uploads\/2010\/11\/zaia-300x220.jpg\" alt=\"\" width=\"233\" height=\"300\" \/><\/a><figcaption id=\"caption-attachment-21185\" class=\"wp-caption-text\">Luca Zaia<\/figcaption><\/figure>\n<p>Venezia, 6 luglio 2017 &#8211; \u00a0Con una lettera inviata al ministro Graziano Delrio gi\u00e0 il 4 luglio scorso, il presidente della Regione del Veneto ha espresso la sua contrariet\u00e0, \u201cper diverse e composite ragioni\u201d, all\u2019iniziativa di chiusura del Passo Sella, \u201cche le Province autonome di Trento e Bolzano hanno d\u2019intesa programmato nel periodo di luglio e agosto. Rispetto alla quale mi viene riferito essere stata accordata l\u2019autorizzazione\u201d da parte delle strutture del Ministero.<\/p>\n<p>\u201cSul piano del metodo \u2013 scrive il governatore al ministro \u2013 ritengo sia sempre doveroso attenersi a corrette ed equilibrate relazioni istituzionali fra enti territoriali, specialmente se interessati a problemi comuni, rifuggendo di conseguenza dall\u2019assunzione di decisioni unilaterali. L\u2019iniziativa in questione, pur riguardando un sito la cui competenza territoriale investe le Province di Trento e Bolzano, \u00e8 suscettibile di ampie ripercussioni sui territori circostanti e, nella fattispecie, su quelli della confinante provincia di Belluno\u201d.<\/p>\n<p>Precisando di ritenere che \u201ciniziative di tal genere debbano necessariamente coinvolgere in termini di programmazione e di valutazione degli impatti anche i territori confinanti, e nello specifico Regione Veneto e Provincia di Belluno\u201d, il presidente si dice dispiaciuto nel \u201cconstatare che l\u2019iniziativa sia stata programmata e autorizzata senza valutare la posizione assunta dalla Regione Veneto e dalla Provincia di Belluno, che pur condividono assieme alle Province Autonome confinanti e al Governo nazionale, importanti tavoli istituzionali per lo sviluppo sostenibile dei loro territori\u201d.<\/p>\n<p>Sul piano del merito, il governatore evidenzia \u201ccon forza\u201d a Delrio \u201cgli impatti negativi che iniziative preclusive del diritto alla mobilit\u00e0 come questa, non programmate strategicamente su basi pi\u00f9 ampie e condivise, possono avere sull\u2019economia turistica delle aree montane, nella fattispecie della nostra Regione\u201d, dato che \u201cl\u2019indotto generato da questo settore, specialmente nel periodo estivo interessato dall\u2019iniziativa, costituisce un elemento vitale per la sopravvivenza di interi comprensori montani, che proprio sul turismo fondano il loro sostentamento, combattendo cos\u00ec lo spopolamento ormai in atto da decenni\u201d.<\/p>\n<p>Garantendo da subito la massima disponibilit\u00e0 e collaborazione della Regione Veneto, il presidente invita Delrio \u201ca riconsiderare l\u2019intera questione e a valutare e promuovere opportune iniziative alternative\u201d, \u201cin un quadro di sostenibilit\u00e0 che non penalizzi le popolazioni locali\u201d.<\/p>","protected":false},"excerpt":{"rendered":"<p>Venezia, 6 luglio 2017 &#8211; \u00a0Con una lettera inviata al ministro Graziano Delrio gi\u00e0 il 4 luglio scorso, il presidente della Regione del Veneto ha espresso la sua contrariet\u00e0, \u201cper diverse e composite ragioni\u201d, all\u2019iniziativa di chiusura del Passo Sella, \u201cche le Province autonome di Trento e Bolzano hanno d\u2019intesa programmato nel periodo di luglio [&hellip;]<\/p>\n","protected":false},"author":2,"featured_media":0,"comment_status":"closed","ping_status":"open","sticky":false,"template":"","format":"standard","meta":{"footnotes":""},"categories":[5,26],"tags":[],"class_list":["post-87496","post","type-post","status-publish","format-standard","category-cronaca","category-prima-pagina"],"yoast_head":"<!-- This site is optimized with the Yoast SEO plugin v28.4 - https:\/\/yoast.com\/product\/yoast-seo-wordpress\/ -->\n<title>No alla chiusura dei passi dolomitici. Zaia scrive al ministro Delrio: &quot;Contrariet\u00e0 nel merito e nel metodo&quot; - Bellunopress - Dolomiti<\/title>\n<meta name=\"robots\" content=\"index, follow, max-snippet:-1, max-image-preview:large, max-video-preview:-1\" \/>\n<link rel=\"canonical\" href=\"https:\/\/www.bellunopress.it\/fr\/2017\/07\/06\/no-alla-chiusura-dei-passi-dolomitici-zaia-scrive-al-ministro-delrio-contrarieta-nel-merito-e-nel-metodo\/\" \/>\n<meta property=\"og:locale\" content=\"fr_FR\" \/>\n<meta property=\"og:type\" content=\"article\" \/>\n<meta property=\"og:title\" content=\"No alla chiusura dei passi dolomitici. Zaia scrive al ministro Delrio: &quot;Contrariet\u00e0 nel merito e nel metodo&quot; - Bellunopress - Dolomiti\" \/>\n<meta property=\"og:description\" content=\"Venezia, 6 luglio 2017 &#8211; \u00a0Con una lettera inviata al ministro Graziano Delrio gi\u00e0 il 4 luglio scorso, il presidente della Regione del Veneto ha espresso la sua contrariet\u00e0, \u201cper diverse e composite ragioni\u201d, all\u2019iniziativa di chiusura del Passo Sella, \u201cche le Province autonome di Trento e Bolzano hanno d\u2019intesa programmato nel periodo di luglio [&hellip;]\" \/>\n<meta property=\"og:url\" content=\"https:\/\/www.bellunopress.it\/fr\/2017\/07\/06\/no-alla-chiusura-dei-passi-dolomitici-zaia-scrive-al-ministro-delrio-contrarieta-nel-merito-e-nel-metodo\/\" \/>\n<meta property=\"og:site_name\" content=\"Bellunopress - Dolomiti\" \/>\n<meta property=\"article:publisher\" content=\"https:\/\/www.facebook.com\/profile.php?id=100008943462799\" \/>\n<meta property=\"article:published_time\" content=\"2017-07-06T13:57:11+00:00\" \/>\n<meta property=\"og:image\" content=\"http:\/\/www.bellunopress.it\/wp-content\/uploads\/2010\/11\/zaia-300x220.jpg\" \/>\n<meta name=\"author\" content=\"redazione\" \/>\n<meta name=\"twitter:card\" content=\"summary_large_image\" \/>\n<meta name=\"twitter:creator\" content=\"@bellunopress\" \/>\n<meta name=\"twitter:site\" content=\"@bellunopress\" \/>\n<meta name=\"twitter:label1\" content=\"\u00c9crit par\" \/>\n\t<meta name=\"twitter:data1\" content=\"redazione\" \/>\n\t<meta name=\"twitter:label2\" content=\"Dur\u00e9e de lecture estim\u00e9e\" \/>\n\t<meta name=\"twitter:data2\" content=\"2 minutes\" \/>\n<script type=\"application\/ld+json\" class=\"yoast-schema-graph\">{\"@context\":\"https:\\\/\\\/schema.org\",\"@graph\":[{\"@type\":\"Article\",\"@id\":\"https:\\\/\\\/www.bellunopress.it\\\/2017\\\/07\\\/06\\\/no-alla-chiusura-dei-passi-dolomitici-zaia-scrive-al-ministro-delrio-contrarieta-nel-merito-e-nel-metodo\\\/#article\",\"isPartOf\":{\"@id\":\"https:\\\/\\\/www.bellunopress.it\\\/2017\\\/07\\\/06\\\/no-alla-chiusura-dei-passi-dolomitici-zaia-scrive-al-ministro-delrio-contrarieta-nel-merito-e-nel-metodo\\\/\"},\"author\":{\"name\":\"redazione\",\"@id\":\"https:\\\/\\\/www.bellunopress.it\\\/#\\\/schema\\\/person\\\/79bb06722b37ece1c03d3e94beb30d73\"},\"headline\":\"No alla chiusura dei passi dolomitici. Zaia scrive al ministro Delrio: &#8220;Contrariet\u00e0 nel merito e nel metodo&#8221;\",\"datePublished\":\"2017-07-06T13:57:11+00:00\",\"mainEntityOfPage\":{\"@id\":\"https:\\\/\\\/www.bellunopress.it\\\/2017\\\/07\\\/06\\\/no-alla-chiusura-dei-passi-dolomitici-zaia-scrive-al-ministro-delrio-contrarieta-nel-merito-e-nel-metodo\\\/\"},\"wordCount\":382,\"publisher\":{\"@id\":\"https:\\\/\\\/www.bellunopress.it\\\/#organization\"},\"image\":{\"@id\":\"https:\\\/\\\/www.bellunopress.it\\\/2017\\\/07\\\/06\\\/no-alla-chiusura-dei-passi-dolomitici-zaia-scrive-al-ministro-delrio-contrarieta-nel-merito-e-nel-metodo\\\/#primaryimage\"},\"thumbnailUrl\":\"http:\\\/\\\/www.bellunopress.it\\\/wp-content\\\/uploads\\\/2010\\\/11\\\/zaia-300x220.jpg\",\"articleSection\":[\"Cronaca\\\/Politica\",\"Prima Pagina\"],\"inLanguage\":\"fr-FR\"},{\"@type\":\"WebPage\",\"@id\":\"https:\\\/\\\/www.bellunopress.it\\\/2017\\\/07\\\/06\\\/no-alla-chiusura-dei-passi-dolomitici-zaia-scrive-al-ministro-delrio-contrarieta-nel-merito-e-nel-metodo\\\/\",\"url\":\"https:\\\/\\\/www.bellunopress.it\\\/2017\\\/07\\\/06\\\/no-alla-chiusura-dei-passi-dolomitici-zaia-scrive-al-ministro-delrio-contrarieta-nel-merito-e-nel-metodo\\\/\",\"name\":\"No alla chiusura dei passi dolomitici. Zaia scrive al ministro Delrio: \\\"Contrariet\u00e0 nel merito e nel metodo\\\" - Bellunopress - Dolomiti\",\"isPartOf\":{\"@id\":\"https:\\\/\\\/www.bellunopress.it\\\/#website\"},\"primaryImageOfPage\":{\"@id\":\"https:\\\/\\\/www.bellunopress.it\\\/2017\\\/07\\\/06\\\/no-alla-chiusura-dei-passi-dolomitici-zaia-scrive-al-ministro-delrio-contrarieta-nel-merito-e-nel-metodo\\\/#primaryimage\"},\"image\":{\"@id\":\"https:\\\/\\\/www.bellunopress.it\\\/2017\\\/07\\\/06\\\/no-alla-chiusura-dei-passi-dolomitici-zaia-scrive-al-ministro-delrio-contrarieta-nel-merito-e-nel-metodo\\\/#primaryimage\"},\"thumbnailUrl\":\"http:\\\/\\\/www.bellunopress.it\\\/wp-content\\\/uploads\\\/2010\\\/11\\\/zaia-300x220.jpg\",\"datePublished\":\"2017-07-06T13:57:11+00:00\",\"breadcrumb\":{\"@id\":\"https:\\\/\\\/www.bellunopress.it\\\/2017\\\/07\\\/06\\\/no-alla-chiusura-dei-passi-dolomitici-zaia-scrive-al-ministro-delrio-contrarieta-nel-merito-e-nel-metodo\\\/#breadcrumb\"},\"inLanguage\":\"fr-FR\",\"potentialAction\":[{\"@type\":\"ReadAction\",\"target\":[\"https:\\\/\\\/www.bellunopress.it\\\/2017\\\/07\\\/06\\\/no-alla-chiusura-dei-passi-dolomitici-zaia-scrive-al-ministro-delrio-contrarieta-nel-merito-e-nel-metodo\\\/\"]}]},{\"@type\":\"ImageObject\",\"inLanguage\":\"fr-FR\",\"@id\":\"https:\\\/\\\/www.bellunopress.it\\\/2017\\\/07\\\/06\\\/no-alla-chiusura-dei-passi-dolomitici-zaia-scrive-al-ministro-delrio-contrarieta-nel-merito-e-nel-metodo\\\/#primaryimage\",\"url\":\"http:\\\/\\\/www.bellunopress.it\\\/wp-content\\\/uploads\\\/2010\\\/11\\\/zaia-300x220.jpg\",\"contentUrl\":\"http:\\\/\\\/www.bellunopress.it\\\/wp-content\\\/uploads\\\/2010\\\/11\\\/zaia-300x220.jpg\"},{\"@type\":\"BreadcrumbList\",\"@id\":\"https:\\\/\\\/www.bellunopress.it\\\/2017\\\/07\\\/06\\\/no-alla-chiusura-dei-passi-dolomitici-zaia-scrive-al-ministro-delrio-contrarieta-nel-merito-e-nel-metodo\\\/#breadcrumb\",\"itemListElement\":[{\"@type\":\"ListItem\",\"position\":1,\"name\":\"Home\",\"item\":\"https:\\\/\\\/www.bellunopress.it\\\/\"},{\"@type\":\"ListItem\",\"position\":2,\"name\":\"No alla chiusura dei passi dolomitici. Zaia scrive al ministro Delrio: &#8220;Contrariet\u00e0 nel merito e nel metodo&#8221;\"}]},{\"@type\":\"WebSite\",\"@id\":\"https:\\\/\\\/www.bellunopress.it\\\/#website\",\"url\":\"https:\\\/\\\/www.bellunopress.it\\\/\",\"name\":\"Bellunopress - Dolomiti\",\"description\":\"e-mail: redazione@bellunopress.it\",\"publisher\":{\"@id\":\"https:\\\/\\\/www.bellunopress.it\\\/#organization\"},\"potentialAction\":[{\"@type\":\"SearchAction\",\"target\":{\"@type\":\"EntryPoint\",\"urlTemplate\":\"https:\\\/\\\/www.bellunopress.it\\\/?s={search_term_string}\"},\"query-input\":{\"@type\":\"PropertyValueSpecification\",\"valueRequired\":true,\"valueName\":\"search_term_string\"}}],\"inLanguage\":\"fr-FR\"},{\"@type\":\"Organization\",\"@id\":\"https:\\\/\\\/www.bellunopress.it\\\/#organization\",\"name\":\"Bellunopress\",\"url\":\"https:\\\/\\\/www.bellunopress.it\\\/\",\"logo\":{\"@type\":\"ImageObject\",\"inLanguage\":\"fr-FR\",\"@id\":\"https:\\\/\\\/www.bellunopress.it\\\/#\\\/schema\\\/logo\\\/image\\\/\",\"url\":\"https:\\\/\\\/www.bellunopress.it\\\/wp-content\\\/uploads\\\/2011\\\/05\\\/cropped-logo-bellunopress-.jpg\",\"contentUrl\":\"https:\\\/\\\/www.bellunopress.it\\\/wp-content\\\/uploads\\\/2011\\\/05\\\/cropped-logo-bellunopress-.jpg\",\"width\":512,\"height\":512,\"caption\":\"Bellunopress\"},\"image\":{\"@id\":\"https:\\\/\\\/www.bellunopress.it\\\/#\\\/schema\\\/logo\\\/image\\\/\"},\"sameAs\":[\"https:\\\/\\\/www.facebook.com\\\/profile.php?id=100008943462799\",\"https:\\\/\\\/x.com\\\/bellunopress\",\"https:\\\/\\\/www.linkedin.com\\\/hp\\\/?dnr=JBzUWaJfMUw8vbXJJ2tVW5-I3jZKvC4wsoxE&amp;amp;amp;amp;amp;amp;trk=nav_responsive_tab_home\",\"https:\\\/\\\/www.youtube.com\\\/channel\\\/UCxL0wu1uN0_3_7hGG0306cw\"]},{\"@type\":\"Person\",\"@id\":\"https:\\\/\\\/www.bellunopress.it\\\/#\\\/schema\\\/person\\\/79bb06722b37ece1c03d3e94beb30d73\",\"name\":\"redazione\",\"image\":{\"@type\":\"ImageObject\",\"inLanguage\":\"fr-FR\",\"@id\":\"https:\\\/\\\/secure.gravatar.com\\\/avatar\\\/37d968a2e67a6fd04c169c4bdef102d0bc5d31b2546345219e348575eb80e9a0?s=96&d=mm&r=g\",\"url\":\"https:\\\/\\\/secure.gravatar.com\\\/avatar\\\/37d968a2e67a6fd04c169c4bdef102d0bc5d31b2546345219e348575eb80e9a0?s=96&d=mm&r=g\",\"contentUrl\":\"https:\\\/\\\/secure.gravatar.com\\\/avatar\\\/37d968a2e67a6fd04c169c4bdef102d0bc5d31b2546345219e348575eb80e9a0?s=96&d=mm&r=g\",\"caption\":\"redazione\"},\"sameAs\":[\"http:\\\/\\\/www.bellunopress.it\",\"https:\\\/\\\/x.com\\\/bellunopress\"],\"url\":\"https:\\\/\\\/www.bellunopress.it\\\/fr\\\/author\\\/redazione\\\/\"}]}<\/script>\n<!-- \/ Yoast SEO plugin. -->","yoast_head_json":{"title":"No alla chiusura dei passi dolomitici. Zaia scrive al ministro Delrio: \"Contrariet\u00e0 nel merito e nel metodo\" - Bellunopress - Dolomiti","robots":{"index":"index","follow":"follow","max-snippet":"max-snippet:-1","max-image-preview":"max-image-preview:large","max-video-preview":"max-video-preview:-1"},"canonical":"https:\/\/www.bellunopress.it\/fr\/2017\/07\/06\/no-alla-chiusura-dei-passi-dolomitici-zaia-scrive-al-ministro-delrio-contrarieta-nel-merito-e-nel-metodo\/","og_locale":"fr_FR","og_type":"article","og_title":"No alla chiusura dei passi dolomitici. Zaia scrive al ministro Delrio: \"Contrariet\u00e0 nel merito e nel metodo\" - Bellunopress - Dolomiti","og_description":"Venezia, 6 luglio 2017 &#8211; \u00a0Con una lettera inviata al ministro Graziano Delrio gi\u00e0 il 4 luglio scorso, il presidente della Regione del Veneto ha espresso la sua contrariet\u00e0, \u201cper diverse e composite ragioni\u201d, all\u2019iniziativa di chiusura del Passo Sella, \u201cche le Province autonome di Trento e Bolzano hanno d\u2019intesa programmato nel periodo di luglio [&hellip;]","og_url":"https:\/\/www.bellunopress.it\/fr\/2017\/07\/06\/no-alla-chiusura-dei-passi-dolomitici-zaia-scrive-al-ministro-delrio-contrarieta-nel-merito-e-nel-metodo\/","og_site_name":"Bellunopress - Dolomiti","article_publisher":"https:\/\/www.facebook.com\/profile.php?id=100008943462799","article_published_time":"2017-07-06T13:57:11+00:00","og_image":[{"url":"http:\/\/www.bellunopress.it\/wp-content\/uploads\/2010\/11\/zaia-300x220.jpg","type":"","width":"","height":""}],"author":"redazione","twitter_card":"summary_large_image","twitter_creator":"@bellunopress","twitter_site":"@bellunopress","twitter_misc":{"\u00c9crit par":"redazione","Dur\u00e9e de lecture estim\u00e9e":"2 minutes"},"schema":{"@context":"https:\/\/schema.org","@graph":[{"@type":"Article","@id":"https:\/\/www.bellunopress.it\/2017\/07\/06\/no-alla-chiusura-dei-passi-dolomitici-zaia-scrive-al-ministro-delrio-contrarieta-nel-merito-e-nel-metodo\/#article","isPartOf":{"@id":"https:\/\/www.bellunopress.it\/2017\/07\/06\/no-alla-chiusura-dei-passi-dolomitici-zaia-scrive-al-ministro-delrio-contrarieta-nel-merito-e-nel-metodo\/"},"author":{"name":"redazione","@id":"https:\/\/www.bellunopress.it\/#\/schema\/person\/79bb06722b37ece1c03d3e94beb30d73"},"headline":"No alla chiusura dei passi dolomitici. Zaia scrive al ministro Delrio: &#8220;Contrariet\u00e0 nel merito e nel metodo&#8221;","datePublished":"2017-07-06T13:57:11+00:00","mainEntityOfPage":{"@id":"https:\/\/www.bellunopress.it\/2017\/07\/06\/no-alla-chiusura-dei-passi-dolomitici-zaia-scrive-al-ministro-delrio-contrarieta-nel-merito-e-nel-metodo\/"},"wordCount":382,"publisher":{"@id":"https:\/\/www.bellunopress.it\/#organization"},"image":{"@id":"https:\/\/www.bellunopress.it\/2017\/07\/06\/no-alla-chiusura-dei-passi-dolomitici-zaia-scrive-al-ministro-delrio-contrarieta-nel-merito-e-nel-metodo\/#primaryimage"},"thumbnailUrl":"http:\/\/www.bellunopress.it\/wp-content\/uploads\/2010\/11\/zaia-300x220.jpg","articleSection":["Cronaca\/Politica","Prima Pagina"],"inLanguage":"fr-FR"},{"@type":"WebPage","@id":"https:\/\/www.bellunopress.it\/2017\/07\/06\/no-alla-chiusura-dei-passi-dolomitici-zaia-scrive-al-ministro-delrio-contrarieta-nel-merito-e-nel-metodo\/","url":"https:\/\/www.bellunopress.it\/2017\/07\/06\/no-alla-chiusura-dei-passi-dolomitici-zaia-scrive-al-ministro-delrio-contrarieta-nel-merito-e-nel-metodo\/","name":"No alla chiusura dei passi dolomitici. Zaia scrive al ministro Delrio: \"Contrariet\u00e0 nel merito e nel metodo\" - Bellunopress - Dolomiti","isPartOf":{"@id":"https:\/\/www.bellunopress.it\/#website"},"primaryImageOfPage":{"@id":"https:\/\/www.bellunopress.it\/2017\/07\/06\/no-alla-chiusura-dei-passi-dolomitici-zaia-scrive-al-ministro-delrio-contrarieta-nel-merito-e-nel-metodo\/#primaryimage"},"image":{"@id":"https:\/\/www.bellunopress.it\/2017\/07\/06\/no-alla-chiusura-dei-passi-dolomitici-zaia-scrive-al-ministro-delrio-contrarieta-nel-merito-e-nel-metodo\/#primaryimage"},"thumbnailUrl":"http:\/\/www.bellunopress.it\/wp-content\/uploads\/2010\/11\/zaia-300x220.jpg","datePublished":"2017-07-06T13:57:11+00:00","breadcrumb":{"@id":"https:\/\/www.bellunopress.it\/2017\/07\/06\/no-alla-chiusura-dei-passi-dolomitici-zaia-scrive-al-ministro-delrio-contrarieta-nel-merito-e-nel-metodo\/#breadcrumb"},"inLanguage":"fr-FR","potentialAction":[{"@type":"ReadAction","target":["https:\/\/www.bellunopress.it\/2017\/07\/06\/no-alla-chiusura-dei-passi-dolomitici-zaia-scrive-al-ministro-delrio-contrarieta-nel-merito-e-nel-metodo\/"]}]},{"@type":"ImageObject","inLanguage":"fr-FR","@id":"https:\/\/www.bellunopress.it\/2017\/07\/06\/no-alla-chiusura-dei-passi-dolomitici-zaia-scrive-al-ministro-delrio-contrarieta-nel-merito-e-nel-metodo\/#primaryimage","url":"http:\/\/www.bellunopress.it\/wp-content\/uploads\/2010\/11\/zaia-300x220.jpg","contentUrl":"http:\/\/www.bellunopress.it\/wp-content\/uploads\/2010\/11\/zaia-300x220.jpg"},{"@type":"BreadcrumbList","@id":"https:\/\/www.bellunopress.it\/2017\/07\/06\/no-alla-chiusura-dei-passi-dolomitici-zaia-scrive-al-ministro-delrio-contrarieta-nel-merito-e-nel-metodo\/#breadcrumb","itemListElement":[{"@type":"ListItem","position":1,"name":"Home","item":"https:\/\/www.bellunopress.it\/"},{"@type":"ListItem","position":2,"name":"No alla chiusura dei passi dolomitici. Zaia scrive al ministro Delrio: &#8220;Contrariet\u00e0 nel merito e nel metodo&#8221;"}]},{"@type":"WebSite","@id":"https:\/\/www.bellunopress.it\/#website","url":"https:\/\/www.bellunopress.it\/","name":"Bellunopress - Dolomiti","description":"e-mail: redazione@bellunopress.it","publisher":{"@id":"https:\/\/www.bellunopress.it\/#organization"},"potentialAction":[{"@type":"SearchAction","target":{"@type":"EntryPoint","urlTemplate":"https:\/\/www.bellunopress.it\/?s={search_term_string}"},"query-input":{"@type":"PropertyValueSpecification","valueRequired":true,"valueName":"search_term_string"}}],"inLanguage":"fr-FR"},{"@type":"Organization","@id":"https:\/\/www.bellunopress.it\/#organization","name":"Bellunopress","url":"https:\/\/www.bellunopress.it\/","logo":{"@type":"ImageObject","inLanguage":"fr-FR","@id":"https:\/\/www.bellunopress.it\/#\/schema\/logo\/image\/","url":"https:\/\/www.bellunopress.it\/wp-content\/uploads\/2011\/05\/cropped-logo-bellunopress-.jpg","contentUrl":"https:\/\/www.bellunopress.it\/wp-content\/uploads\/2011\/05\/cropped-logo-bellunopress-.jpg","width":512,"height":512,"caption":"Bellunopress"},"image":{"@id":"https:\/\/www.bellunopress.it\/#\/schema\/logo\/image\/"},"sameAs":["https:\/\/www.facebook.com\/profile.php?id=100008943462799","https:\/\/x.com\/bellunopress","https:\/\/www.linkedin.com\/hp\/?dnr=JBzUWaJfMUw8vbXJJ2tVW5-I3jZKvC4wsoxE&amp;amp;amp;amp;amp;amp;trk=nav_responsive_tab_home","https:\/\/www.youtube.com\/channel\/UCxL0wu1uN0_3_7hGG0306cw"]},{"@type":"Person","@id":"https:\/\/www.bellunopress.it\/#\/schema\/person\/79bb06722b37ece1c03d3e94beb30d73","name":"r\u00e9daction","image":{"@type":"ImageObject","inLanguage":"fr-FR","@id":"https:\/\/secure.gravatar.com\/avatar\/37d968a2e67a6fd04c169c4bdef102d0bc5d31b2546345219e348575eb80e9a0?s=96&d=mm&r=g","url":"https:\/\/secure.gravatar.com\/avatar\/37d968a2e67a6fd04c169c4bdef102d0bc5d31b2546345219e348575eb80e9a0?s=96&d=mm&r=g","contentUrl":"https:\/\/secure.gravatar.com\/avatar\/37d968a2e67a6fd04c169c4bdef102d0bc5d31b2546345219e348575eb80e9a0?s=96&d=mm&r=g","caption":"redazione"},"sameAs":["http:\/\/www.bellunopress.it","https:\/\/x.com\/bellunopress"],"url":"https:\/\/www.bellunopress.it\/fr\/author\/redazione\/"}]}},"_links":{"self":[{"href":"https:\/\/www.bellunopress.it\/fr\/wp-json\/wp\/v2\/posts\/87496","targetHints":{"allow":["GET"]}}],"collection":[{"href":"https:\/\/www.bellunopress.it\/fr\/wp-json\/wp\/v2\/posts"}],"about":[{"href":"https:\/\/www.bellunopress.it\/fr\/wp-json\/wp\/v2\/types\/post"}],"author":[{"embeddable":true,"href":"https:\/\/www.bellunopress.it\/fr\/wp-json\/wp\/v2\/users\/2"}],"replies":[{"embeddable":true,"href":"https:\/\/www.bellunopress.it\/fr\/wp-json\/wp\/v2\/comments?post=87496"}],"version-history":[{"count":1,"href":"https:\/\/www.bellunopress.it\/fr\/wp-json\/wp\/v2\/posts\/87496\/revisions"}],"predecessor-version":[{"id":87497,"href":"https:\/\/www.bellunopress.it\/fr\/wp-json\/wp\/v2\/posts\/87496\/revisions\/87497"}],"wp:attachment":[{"href":"https:\/\/www.bellunopress.it\/fr\/wp-json\/wp\/v2\/media?parent=87496"}],"wp:term":[{"taxonomy":"category","embeddable":true,"href":"https:\/\/www.bellunopress.it\/fr\/wp-json\/wp\/v2\/categories?post=87496"},{"taxonomy":"post_tag","embeddable":true,"href":"https:\/\/www.bellunopress.it\/fr\/wp-json\/wp\/v2\/tags?post=87496"}],"curies":[{"name":"wp","href":"https:\/\/api.w.org\/{rel}","templated":true}]}}