{"id":87492,"date":"2017-07-06T15:50:32","date_gmt":"2017-07-06T13:50:32","guid":{"rendered":"http:\/\/www.bellunopress.it\/?p=87492"},"modified":"2017-07-06T15:50:32","modified_gmt":"2017-07-06T13:50:32","slug":"lago-di-valle-di-cadore-le-precisazioni-degli-uffici-regionali-sulle-competenze","status":"publish","type":"post","link":"https:\/\/www.bellunopress.it\/fr\/2017\/07\/06\/lago-di-valle-di-cadore-le-precisazioni-degli-uffici-regionali-sulle-competenze\/","title":{"rendered":"Lago di Valle di Cadore: le precisazioni degli uffici regionali sulle competenze"},"content":{"rendered":"<figure id=\"attachment_87493\" aria-describedby=\"caption-attachment-87493\" style=\"width: 350px\" class=\"wp-caption alignleft\"><a href=\"http:\/\/www.bellunopress.it\/fr\/2017\/07\/06\/lago-di-valle-di-cadore-le-precisazioni-degli-uffici-regionali-sulle-competenze\/lago-valle-di-cadore\/\" rel=\"attachment wp-att-87493\"><img loading=\"lazy\" decoding=\"async\" class=\"size-full wp-image-87493\" src=\"http:\/\/www.bellunopress.it\/wp-content\/uploads\/2017\/07\/lago-valle-di-cadore.jpg\" alt=\"\" width=\"350\" height=\"205\" \/><\/a><figcaption id=\"caption-attachment-87493\" class=\"wp-caption-text\">Bacino di Valle di Cadore<\/figcaption><\/figure>\n<p>A seguito di alcuni articoli pubblicati sulla stampa locale, in relazione alla gestione degli invasi idrici nel territorio bellunese, in particolare sullo svaso del lago di Valle di Cadore, gli uffici della Regione del Veneto intervengono per alcune precisazioni.<\/p>\n<p>&#8220;Nell\u2019autorizzazione di quest\u2019attivit\u00e0 di svasamento &#8211; recita la nota &#8211; la Regione non ha avuto alcun ruolo, n\u00e9 vi ha partecipato, in quanto la competenza su quello sbarramento \u00e8 dell\u2019Ufficio Dighe (ministeriale) di Venezia. Non \u00e8 quindi competenza della Regione formulare alcuna valutazione sulle modalit\u00e0 di conduzione dell\u2019attivit\u00e0.<\/p>\n<p>Con la legge 584\/1994 e l\u2019attuazione della legge Bassanini del 1998 la Regione ha acquisito la competenza su alcuni invasi e quindi anche alla autorizzazione dei relativi progetti di gestione. Con deliberazioni n. n. 735 del 9.4.2002 e n. 138 del 31 gennaio 2006 la Giunta Regionale ha approvato le disposizioni che regolano il procedimento di propria competenza.<\/p>\n<p>In sintesi, \u00e8 previsto che a monte dell\u2019autorizzazione sia svolta una conferenza di servizi a cui sono chiamati a partecipare anche i Comuni, la Provincia ed ARPAV. La conferenza di servizi \u00e8 il luogo in cui si raccolgono e si fa sintesi di tutti i pareri, indicazioni e prescrizioni dei soggetti titolati per poi procedere con il provvedimento di autorizzazione o diniego della richiesta.<\/p>\n<p>Per quanto riguarda il tema specifico &#8211; spiegano gli uffici &#8211; le modalit\u00e0 di autorizzazione dei progetti di gestione degli invasi si \u00e8 col tempo andata affinando e migliorando; in ogni caso, l\u2019Amministrazione regionale tiene in alta considerazione le valutazioni effettuate da Comuni e Provincia che normalmente partecipano alle attivit\u00e0 della conferenza di servizi. Inoltre nella fase istruttoria sono solitamente coinvolti, tramite la Provincia, anche i Bacini di Pesca al fine di coordinare le attivit\u00e0 ed evitare, o almeno contenere, i danni alla fauna ittica.<\/p>\n<p>Ovviamente sono prescritte analisi dei sedimenti che andranno a mobilitarsi con le attivit\u00e0 di fluitazione oltre che un costante monitoraggio della qualit\u00e0 dell\u2019acqua nel corso e subito dopo lo svolgimento delle operazioni. Alla fine delle attivit\u00e0 sono previsti svasi con acqua pulita per facilitare la rimozione dei sedimenti nel tratto a valle dello scarico. Le acque che escono dagli scarichi dei bacini durante queste operazioni \u2013 viene ricordato &#8211; devono infatti rispettare precisi limiti qualitativi in termini qualitativi e di concentrazione dei sedimenti.<br \/>\nCos\u00ec \u00e8 avvenuto, per esempio, nel 2015-2016 quando analoga attivit\u00e0 \u00e8 avvenuta per il lago di Vodo ove i sedimenti provenienti dalla triste frana di S. Vito di Cadore avevano creato condizioni di pericolo per la sicurezza idraulica oltre che di difficolt\u00e0 operative per il gestore. In tale occasione non si sono avute rimostranze o osservazioni sulla conduzione delle operazioni.<\/p>\n<p>Al riguardo \u00e8 poi utile ricordare che questo tipo di attivit\u00e0 hanno avuto a partire dalla fine degli anni \u201870 sino all\u2019inizio degli anni 2000 una fase di blocco conseguente ad un decreto ministeriale che, classificando i sedimenti come rifiuti, ha creato una condizione di sostanziale impossibilit\u00e0 a procedere con gli svuotamenti. In conseguenza di ci\u00f2 gli invasi si sono interrati, anche bloccando gli scarichi di fondo con conseguenti difficolt\u00e0 operative e rendendo pi\u00f9 \u201conerose\u201d per l\u2019ambiente le operazioni da svolgere per ripristinare i volumi utili&#8221;.<\/p>","protected":false},"excerpt":{"rendered":"<p>A seguito di alcuni articoli pubblicati sulla stampa locale, in relazione alla gestione degli invasi idrici nel territorio bellunese, in particolare sullo svaso del lago di Valle di Cadore, gli uffici della Regione del Veneto intervengono per alcune precisazioni. &#8220;Nell\u2019autorizzazione di quest\u2019attivit\u00e0 di svasamento &#8211; recita la nota &#8211; la Regione non ha avuto alcun [&hellip;]<\/p>\n","protected":false},"author":2,"featured_media":0,"comment_status":"closed","ping_status":"open","sticky":false,"template":"","format":"standard","meta":{"footnotes":""},"categories":[1],"tags":[],"class_list":["post-87492","post","type-post","status-publish","format-standard","category-leo"],"yoast_head":"<!-- This site is optimized with the Yoast SEO plugin v28.4 - https:\/\/yoast.com\/product\/yoast-seo-wordpress\/ -->\n<title>Lago di Valle di Cadore: le precisazioni degli uffici regionali sulle competenze - Bellunopress - Dolomiti<\/title>\n<meta name=\"robots\" content=\"index, follow, max-snippet:-1, max-image-preview:large, max-video-preview:-1\" \/>\n<link rel=\"canonical\" href=\"https:\/\/www.bellunopress.it\/fr\/2017\/07\/06\/lago-di-valle-di-cadore-le-precisazioni-degli-uffici-regionali-sulle-competenze\/\" \/>\n<meta property=\"og:locale\" content=\"fr_FR\" \/>\n<meta property=\"og:type\" content=\"article\" \/>\n<meta property=\"og:title\" content=\"Lago di Valle di Cadore: le precisazioni degli uffici regionali sulle competenze - Bellunopress - Dolomiti\" \/>\n<meta property=\"og:description\" content=\"A seguito di alcuni articoli pubblicati sulla stampa locale, in relazione alla gestione degli invasi idrici nel territorio bellunese, in particolare sullo svaso del lago di Valle di Cadore, gli uffici della Regione del Veneto intervengono per alcune precisazioni. &#8220;Nell\u2019autorizzazione di quest\u2019attivit\u00e0 di svasamento &#8211; recita la nota &#8211; la Regione non ha avuto alcun [&hellip;]\" \/>\n<meta property=\"og:url\" content=\"https:\/\/www.bellunopress.it\/fr\/2017\/07\/06\/lago-di-valle-di-cadore-le-precisazioni-degli-uffici-regionali-sulle-competenze\/\" \/>\n<meta property=\"og:site_name\" content=\"Bellunopress - Dolomiti\" \/>\n<meta property=\"article:publisher\" content=\"https:\/\/www.facebook.com\/profile.php?id=100008943462799\" \/>\n<meta property=\"article:published_time\" content=\"2017-07-06T13:50:32+00:00\" \/>\n<meta property=\"og:image\" content=\"http:\/\/www.bellunopress.it\/wp-content\/uploads\/2017\/07\/lago-valle-di-cadore.jpg\" \/>\n<meta name=\"author\" content=\"redazione\" \/>\n<meta name=\"twitter:card\" content=\"summary_large_image\" \/>\n<meta name=\"twitter:creator\" content=\"@bellunopress\" \/>\n<meta name=\"twitter:site\" content=\"@bellunopress\" \/>\n<meta name=\"twitter:label1\" content=\"\u00c9crit par\" \/>\n\t<meta name=\"twitter:data1\" content=\"redazione\" \/>\n\t<meta name=\"twitter:label2\" content=\"Dur\u00e9e de lecture estim\u00e9e\" \/>\n\t<meta name=\"twitter:data2\" content=\"3 minutes\" \/>\n<script type=\"application\/ld+json\" class=\"yoast-schema-graph\">{\"@context\":\"https:\\\/\\\/schema.org\",\"@graph\":[{\"@type\":\"Article\",\"@id\":\"https:\\\/\\\/www.bellunopress.it\\\/2017\\\/07\\\/06\\\/lago-di-valle-di-cadore-le-precisazioni-degli-uffici-regionali-sulle-competenze\\\/#article\",\"isPartOf\":{\"@id\":\"https:\\\/\\\/www.bellunopress.it\\\/2017\\\/07\\\/06\\\/lago-di-valle-di-cadore-le-precisazioni-degli-uffici-regionali-sulle-competenze\\\/\"},\"author\":{\"name\":\"redazione\",\"@id\":\"https:\\\/\\\/www.bellunopress.it\\\/#\\\/schema\\\/person\\\/79bb06722b37ece1c03d3e94beb30d73\"},\"headline\":\"Lago di Valle di Cadore: le precisazioni degli uffici regionali sulle competenze\",\"datePublished\":\"2017-07-06T13:50:32+00:00\",\"mainEntityOfPage\":{\"@id\":\"https:\\\/\\\/www.bellunopress.it\\\/2017\\\/07\\\/06\\\/lago-di-valle-di-cadore-le-precisazioni-degli-uffici-regionali-sulle-competenze\\\/\"},\"wordCount\":539,\"publisher\":{\"@id\":\"https:\\\/\\\/www.bellunopress.it\\\/#organization\"},\"image\":{\"@id\":\"https:\\\/\\\/www.bellunopress.it\\\/2017\\\/07\\\/06\\\/lago-di-valle-di-cadore-le-precisazioni-degli-uffici-regionali-sulle-competenze\\\/#primaryimage\"},\"thumbnailUrl\":\"http:\\\/\\\/www.bellunopress.it\\\/wp-content\\\/uploads\\\/2017\\\/07\\\/lago-valle-di-cadore.jpg\",\"articleSection\":[\"Lettere Opinioni\"],\"inLanguage\":\"fr-FR\"},{\"@type\":\"WebPage\",\"@id\":\"https:\\\/\\\/www.bellunopress.it\\\/2017\\\/07\\\/06\\\/lago-di-valle-di-cadore-le-precisazioni-degli-uffici-regionali-sulle-competenze\\\/\",\"url\":\"https:\\\/\\\/www.bellunopress.it\\\/2017\\\/07\\\/06\\\/lago-di-valle-di-cadore-le-precisazioni-degli-uffici-regionali-sulle-competenze\\\/\",\"name\":\"Lago di Valle di Cadore: le precisazioni degli uffici regionali sulle competenze - Bellunopress - Dolomiti\",\"isPartOf\":{\"@id\":\"https:\\\/\\\/www.bellunopress.it\\\/#website\"},\"primaryImageOfPage\":{\"@id\":\"https:\\\/\\\/www.bellunopress.it\\\/2017\\\/07\\\/06\\\/lago-di-valle-di-cadore-le-precisazioni-degli-uffici-regionali-sulle-competenze\\\/#primaryimage\"},\"image\":{\"@id\":\"https:\\\/\\\/www.bellunopress.it\\\/2017\\\/07\\\/06\\\/lago-di-valle-di-cadore-le-precisazioni-degli-uffici-regionali-sulle-competenze\\\/#primaryimage\"},\"thumbnailUrl\":\"http:\\\/\\\/www.bellunopress.it\\\/wp-content\\\/uploads\\\/2017\\\/07\\\/lago-valle-di-cadore.jpg\",\"datePublished\":\"2017-07-06T13:50:32+00:00\",\"breadcrumb\":{\"@id\":\"https:\\\/\\\/www.bellunopress.it\\\/2017\\\/07\\\/06\\\/lago-di-valle-di-cadore-le-precisazioni-degli-uffici-regionali-sulle-competenze\\\/#breadcrumb\"},\"inLanguage\":\"fr-FR\",\"potentialAction\":[{\"@type\":\"ReadAction\",\"target\":[\"https:\\\/\\\/www.bellunopress.it\\\/2017\\\/07\\\/06\\\/lago-di-valle-di-cadore-le-precisazioni-degli-uffici-regionali-sulle-competenze\\\/\"]}]},{\"@type\":\"ImageObject\",\"inLanguage\":\"fr-FR\",\"@id\":\"https:\\\/\\\/www.bellunopress.it\\\/2017\\\/07\\\/06\\\/lago-di-valle-di-cadore-le-precisazioni-degli-uffici-regionali-sulle-competenze\\\/#primaryimage\",\"url\":\"http:\\\/\\\/www.bellunopress.it\\\/wp-content\\\/uploads\\\/2017\\\/07\\\/lago-valle-di-cadore.jpg\",\"contentUrl\":\"http:\\\/\\\/www.bellunopress.it\\\/wp-content\\\/uploads\\\/2017\\\/07\\\/lago-valle-di-cadore.jpg\"},{\"@type\":\"BreadcrumbList\",\"@id\":\"https:\\\/\\\/www.bellunopress.it\\\/2017\\\/07\\\/06\\\/lago-di-valle-di-cadore-le-precisazioni-degli-uffici-regionali-sulle-competenze\\\/#breadcrumb\",\"itemListElement\":[{\"@type\":\"ListItem\",\"position\":1,\"name\":\"Home\",\"item\":\"https:\\\/\\\/www.bellunopress.it\\\/\"},{\"@type\":\"ListItem\",\"position\":2,\"name\":\"Lago di Valle di Cadore: le precisazioni degli uffici regionali sulle competenze\"}]},{\"@type\":\"WebSite\",\"@id\":\"https:\\\/\\\/www.bellunopress.it\\\/#website\",\"url\":\"https:\\\/\\\/www.bellunopress.it\\\/\",\"name\":\"Bellunopress - Dolomiti\",\"description\":\"e-mail: redazione@bellunopress.it\",\"publisher\":{\"@id\":\"https:\\\/\\\/www.bellunopress.it\\\/#organization\"},\"potentialAction\":[{\"@type\":\"SearchAction\",\"target\":{\"@type\":\"EntryPoint\",\"urlTemplate\":\"https:\\\/\\\/www.bellunopress.it\\\/?s={search_term_string}\"},\"query-input\":{\"@type\":\"PropertyValueSpecification\",\"valueRequired\":true,\"valueName\":\"search_term_string\"}}],\"inLanguage\":\"fr-FR\"},{\"@type\":\"Organization\",\"@id\":\"https:\\\/\\\/www.bellunopress.it\\\/#organization\",\"name\":\"Bellunopress\",\"url\":\"https:\\\/\\\/www.bellunopress.it\\\/\",\"logo\":{\"@type\":\"ImageObject\",\"inLanguage\":\"fr-FR\",\"@id\":\"https:\\\/\\\/www.bellunopress.it\\\/#\\\/schema\\\/logo\\\/image\\\/\",\"url\":\"https:\\\/\\\/www.bellunopress.it\\\/wp-content\\\/uploads\\\/2011\\\/05\\\/cropped-logo-bellunopress-.jpg\",\"contentUrl\":\"https:\\\/\\\/www.bellunopress.it\\\/wp-content\\\/uploads\\\/2011\\\/05\\\/cropped-logo-bellunopress-.jpg\",\"width\":512,\"height\":512,\"caption\":\"Bellunopress\"},\"image\":{\"@id\":\"https:\\\/\\\/www.bellunopress.it\\\/#\\\/schema\\\/logo\\\/image\\\/\"},\"sameAs\":[\"https:\\\/\\\/www.facebook.com\\\/profile.php?id=100008943462799\",\"https:\\\/\\\/x.com\\\/bellunopress\",\"https:\\\/\\\/www.linkedin.com\\\/hp\\\/?dnr=JBzUWaJfMUw8vbXJJ2tVW5-I3jZKvC4wsoxE&amp;amp;amp;amp;amp;amp;trk=nav_responsive_tab_home\",\"https:\\\/\\\/www.youtube.com\\\/channel\\\/UCxL0wu1uN0_3_7hGG0306cw\"]},{\"@type\":\"Person\",\"@id\":\"https:\\\/\\\/www.bellunopress.it\\\/#\\\/schema\\\/person\\\/79bb06722b37ece1c03d3e94beb30d73\",\"name\":\"redazione\",\"image\":{\"@type\":\"ImageObject\",\"inLanguage\":\"fr-FR\",\"@id\":\"https:\\\/\\\/secure.gravatar.com\\\/avatar\\\/37d968a2e67a6fd04c169c4bdef102d0bc5d31b2546345219e348575eb80e9a0?s=96&d=mm&r=g\",\"url\":\"https:\\\/\\\/secure.gravatar.com\\\/avatar\\\/37d968a2e67a6fd04c169c4bdef102d0bc5d31b2546345219e348575eb80e9a0?s=96&d=mm&r=g\",\"contentUrl\":\"https:\\\/\\\/secure.gravatar.com\\\/avatar\\\/37d968a2e67a6fd04c169c4bdef102d0bc5d31b2546345219e348575eb80e9a0?s=96&d=mm&r=g\",\"caption\":\"redazione\"},\"sameAs\":[\"http:\\\/\\\/www.bellunopress.it\",\"https:\\\/\\\/x.com\\\/bellunopress\"],\"url\":\"https:\\\/\\\/www.bellunopress.it\\\/fr\\\/author\\\/redazione\\\/\"}]}<\/script>\n<!-- \/ Yoast SEO plugin. -->","yoast_head_json":{"title":"Lago di Valle di Cadore: le precisazioni degli uffici regionali sulle competenze - Bellunopress - Dolomiti","robots":{"index":"index","follow":"follow","max-snippet":"max-snippet:-1","max-image-preview":"max-image-preview:large","max-video-preview":"max-video-preview:-1"},"canonical":"https:\/\/www.bellunopress.it\/fr\/2017\/07\/06\/lago-di-valle-di-cadore-le-precisazioni-degli-uffici-regionali-sulle-competenze\/","og_locale":"fr_FR","og_type":"article","og_title":"Lago di Valle di Cadore: le precisazioni degli uffici regionali sulle competenze - Bellunopress - Dolomiti","og_description":"A seguito di alcuni articoli pubblicati sulla stampa locale, in relazione alla gestione degli invasi idrici nel territorio bellunese, in particolare sullo svaso del lago di Valle di Cadore, gli uffici della Regione del Veneto intervengono per alcune precisazioni. &#8220;Nell\u2019autorizzazione di quest\u2019attivit\u00e0 di svasamento &#8211; recita la nota &#8211; la Regione non ha avuto alcun [&hellip;]","og_url":"https:\/\/www.bellunopress.it\/fr\/2017\/07\/06\/lago-di-valle-di-cadore-le-precisazioni-degli-uffici-regionali-sulle-competenze\/","og_site_name":"Bellunopress - Dolomiti","article_publisher":"https:\/\/www.facebook.com\/profile.php?id=100008943462799","article_published_time":"2017-07-06T13:50:32+00:00","og_image":[{"url":"http:\/\/www.bellunopress.it\/wp-content\/uploads\/2017\/07\/lago-valle-di-cadore.jpg","type":"","width":"","height":""}],"author":"redazione","twitter_card":"summary_large_image","twitter_creator":"@bellunopress","twitter_site":"@bellunopress","twitter_misc":{"\u00c9crit par":"redazione","Dur\u00e9e de lecture estim\u00e9e":"3 minutes"},"schema":{"@context":"https:\/\/schema.org","@graph":[{"@type":"Article","@id":"https:\/\/www.bellunopress.it\/2017\/07\/06\/lago-di-valle-di-cadore-le-precisazioni-degli-uffici-regionali-sulle-competenze\/#article","isPartOf":{"@id":"https:\/\/www.bellunopress.it\/2017\/07\/06\/lago-di-valle-di-cadore-le-precisazioni-degli-uffici-regionali-sulle-competenze\/"},"author":{"name":"redazione","@id":"https:\/\/www.bellunopress.it\/#\/schema\/person\/79bb06722b37ece1c03d3e94beb30d73"},"headline":"Lago di Valle di Cadore: le precisazioni degli uffici regionali sulle competenze","datePublished":"2017-07-06T13:50:32+00:00","mainEntityOfPage":{"@id":"https:\/\/www.bellunopress.it\/2017\/07\/06\/lago-di-valle-di-cadore-le-precisazioni-degli-uffici-regionali-sulle-competenze\/"},"wordCount":539,"publisher":{"@id":"https:\/\/www.bellunopress.it\/#organization"},"image":{"@id":"https:\/\/www.bellunopress.it\/2017\/07\/06\/lago-di-valle-di-cadore-le-precisazioni-degli-uffici-regionali-sulle-competenze\/#primaryimage"},"thumbnailUrl":"http:\/\/www.bellunopress.it\/wp-content\/uploads\/2017\/07\/lago-valle-di-cadore.jpg","articleSection":["Lettere Opinioni"],"inLanguage":"fr-FR"},{"@type":"WebPage","@id":"https:\/\/www.bellunopress.it\/2017\/07\/06\/lago-di-valle-di-cadore-le-precisazioni-degli-uffici-regionali-sulle-competenze\/","url":"https:\/\/www.bellunopress.it\/2017\/07\/06\/lago-di-valle-di-cadore-le-precisazioni-degli-uffici-regionali-sulle-competenze\/","name":"Lago di Valle di Cadore: le precisazioni degli uffici regionali sulle competenze - Bellunopress - Dolomiti","isPartOf":{"@id":"https:\/\/www.bellunopress.it\/#website"},"primaryImageOfPage":{"@id":"https:\/\/www.bellunopress.it\/2017\/07\/06\/lago-di-valle-di-cadore-le-precisazioni-degli-uffici-regionali-sulle-competenze\/#primaryimage"},"image":{"@id":"https:\/\/www.bellunopress.it\/2017\/07\/06\/lago-di-valle-di-cadore-le-precisazioni-degli-uffici-regionali-sulle-competenze\/#primaryimage"},"thumbnailUrl":"http:\/\/www.bellunopress.it\/wp-content\/uploads\/2017\/07\/lago-valle-di-cadore.jpg","datePublished":"2017-07-06T13:50:32+00:00","breadcrumb":{"@id":"https:\/\/www.bellunopress.it\/2017\/07\/06\/lago-di-valle-di-cadore-le-precisazioni-degli-uffici-regionali-sulle-competenze\/#breadcrumb"},"inLanguage":"fr-FR","potentialAction":[{"@type":"ReadAction","target":["https:\/\/www.bellunopress.it\/2017\/07\/06\/lago-di-valle-di-cadore-le-precisazioni-degli-uffici-regionali-sulle-competenze\/"]}]},{"@type":"ImageObject","inLanguage":"fr-FR","@id":"https:\/\/www.bellunopress.it\/2017\/07\/06\/lago-di-valle-di-cadore-le-precisazioni-degli-uffici-regionali-sulle-competenze\/#primaryimage","url":"http:\/\/www.bellunopress.it\/wp-content\/uploads\/2017\/07\/lago-valle-di-cadore.jpg","contentUrl":"http:\/\/www.bellunopress.it\/wp-content\/uploads\/2017\/07\/lago-valle-di-cadore.jpg"},{"@type":"BreadcrumbList","@id":"https:\/\/www.bellunopress.it\/2017\/07\/06\/lago-di-valle-di-cadore-le-precisazioni-degli-uffici-regionali-sulle-competenze\/#breadcrumb","itemListElement":[{"@type":"ListItem","position":1,"name":"Home","item":"https:\/\/www.bellunopress.it\/"},{"@type":"ListItem","position":2,"name":"Lago di Valle di Cadore: le precisazioni degli uffici regionali sulle competenze"}]},{"@type":"WebSite","@id":"https:\/\/www.bellunopress.it\/#website","url":"https:\/\/www.bellunopress.it\/","name":"Bellunopress - Dolomiti","description":"e-mail: redazione@bellunopress.it","publisher":{"@id":"https:\/\/www.bellunopress.it\/#organization"},"potentialAction":[{"@type":"SearchAction","target":{"@type":"EntryPoint","urlTemplate":"https:\/\/www.bellunopress.it\/?s={search_term_string}"},"query-input":{"@type":"PropertyValueSpecification","valueRequired":true,"valueName":"search_term_string"}}],"inLanguage":"fr-FR"},{"@type":"Organization","@id":"https:\/\/www.bellunopress.it\/#organization","name":"Bellunopress","url":"https:\/\/www.bellunopress.it\/","logo":{"@type":"ImageObject","inLanguage":"fr-FR","@id":"https:\/\/www.bellunopress.it\/#\/schema\/logo\/image\/","url":"https:\/\/www.bellunopress.it\/wp-content\/uploads\/2011\/05\/cropped-logo-bellunopress-.jpg","contentUrl":"https:\/\/www.bellunopress.it\/wp-content\/uploads\/2011\/05\/cropped-logo-bellunopress-.jpg","width":512,"height":512,"caption":"Bellunopress"},"image":{"@id":"https:\/\/www.bellunopress.it\/#\/schema\/logo\/image\/"},"sameAs":["https:\/\/www.facebook.com\/profile.php?id=100008943462799","https:\/\/x.com\/bellunopress","https:\/\/www.linkedin.com\/hp\/?dnr=JBzUWaJfMUw8vbXJJ2tVW5-I3jZKvC4wsoxE&amp;amp;amp;amp;amp;amp;trk=nav_responsive_tab_home","https:\/\/www.youtube.com\/channel\/UCxL0wu1uN0_3_7hGG0306cw"]},{"@type":"Person","@id":"https:\/\/www.bellunopress.it\/#\/schema\/person\/79bb06722b37ece1c03d3e94beb30d73","name":"r\u00e9daction","image":{"@type":"ImageObject","inLanguage":"fr-FR","@id":"https:\/\/secure.gravatar.com\/avatar\/37d968a2e67a6fd04c169c4bdef102d0bc5d31b2546345219e348575eb80e9a0?s=96&d=mm&r=g","url":"https:\/\/secure.gravatar.com\/avatar\/37d968a2e67a6fd04c169c4bdef102d0bc5d31b2546345219e348575eb80e9a0?s=96&d=mm&r=g","contentUrl":"https:\/\/secure.gravatar.com\/avatar\/37d968a2e67a6fd04c169c4bdef102d0bc5d31b2546345219e348575eb80e9a0?s=96&d=mm&r=g","caption":"redazione"},"sameAs":["http:\/\/www.bellunopress.it","https:\/\/x.com\/bellunopress"],"url":"https:\/\/www.bellunopress.it\/fr\/author\/redazione\/"}]}},"_links":{"self":[{"href":"https:\/\/www.bellunopress.it\/fr\/wp-json\/wp\/v2\/posts\/87492","targetHints":{"allow":["GET"]}}],"collection":[{"href":"https:\/\/www.bellunopress.it\/fr\/wp-json\/wp\/v2\/posts"}],"about":[{"href":"https:\/\/www.bellunopress.it\/fr\/wp-json\/wp\/v2\/types\/post"}],"author":[{"embeddable":true,"href":"https:\/\/www.bellunopress.it\/fr\/wp-json\/wp\/v2\/users\/2"}],"replies":[{"embeddable":true,"href":"https:\/\/www.bellunopress.it\/fr\/wp-json\/wp\/v2\/comments?post=87492"}],"version-history":[{"count":2,"href":"https:\/\/www.bellunopress.it\/fr\/wp-json\/wp\/v2\/posts\/87492\/revisions"}],"predecessor-version":[{"id":87495,"href":"https:\/\/www.bellunopress.it\/fr\/wp-json\/wp\/v2\/posts\/87492\/revisions\/87495"}],"wp:attachment":[{"href":"https:\/\/www.bellunopress.it\/fr\/wp-json\/wp\/v2\/media?parent=87492"}],"wp:term":[{"taxonomy":"category","embeddable":true,"href":"https:\/\/www.bellunopress.it\/fr\/wp-json\/wp\/v2\/categories?post=87492"},{"taxonomy":"post_tag","embeddable":true,"href":"https:\/\/www.bellunopress.it\/fr\/wp-json\/wp\/v2\/tags?post=87492"}],"curies":[{"name":"wp","href":"https:\/\/api.w.org\/{rel}","templated":true}]}}