{"id":8748,"date":"2009-10-08T10:58:50","date_gmt":"2009-10-08T09:58:50","guid":{"rendered":"http:\/\/www.bellunopress.it\/?p=8748"},"modified":"2009-10-08T10:58:50","modified_gmt":"2009-10-08T09:58:50","slug":"la-polizia-di-stato-alla-24-ore-di-san-martino","status":"publish","type":"post","link":"https:\/\/www.bellunopress.it\/fr\/2009\/10\/08\/la-polizia-di-stato-alla-24-ore-di-san-martino\/","title":{"rendered":"La Polizia di Stato alla 24 ore di San Martino"},"content":{"rendered":"<p>Anche quest&#8217;anno la Polizia di Stato di Belluno correr\u00e0 alla 24 ore di San Martino. La manifestazione sportiva in programma nei giorni 10 e 11 ottobre 2009, vedr\u00e0 scendere in campo 24 atleti, quasi esclusivamente poliziotti in servizio presso i vari reparti e specialit\u00e0 della provincia di Belluno, che si alterneranno all&#8217;interno dell&#8217;anello dello Stadio Comunale. Fra di essi parteciperanno due atleti delle Fiamme Oro di Padova &#8211; Sutti Fabrizio e Zanatta Paolo -, tre atleti provenienti dalla Questura di Parma ed uno dalla Questura di Venezia. L&#8217;obiettivo dichiarato dal coordinatore della squadra, Enrico De Menech, &#8220;\u00e8 quello di migliorare la posizione dell&#8217;anno precedente.&#8221; Proseguono in questo modo le iniziative &#8220;sportive&#8221; della Questura di Belluno: scopo principale \u00e8 quello di creare un gruppo affiatato anche fuori dall&#8217;ambiente di lavoro, partecipare alle varie iniziative provinciali ed allo stesso tempo essere &#8220;Vicini alla Gente&#8221;.\u00a0\u00a0\u00a0\u00a0<br \/>\nAllo stadio comunale sar\u00e0 presente nella giornata di domenica anche un conduttore cinofilo con un giovane esemplare di pastore tedesco, provenienti dalla scuola di Moena (TN) per una dimostrazione di ricerca di persone scomparse. Come nelle precedenti edizioni, la Questura di Belluno allestir\u00e0 uno stand gastronomico per ristorare gli atleti ed i visitatori della manifestazione, e dove saranno distribuiti anche gadgets; inoltre, grazie al generoso contributo della rinomata Birreria Pedavena, sar\u00e0 possibile degustare la &#8220;Birra Dolomiti&#8221;, completamente analcolica. \u00a0L&#8217;evento sportivo sar\u00e0 anche l&#8217;occasione per la Polizia di Stato per sostenere e promuovere il progetto di solidariet\u00e0 denominato &#8221; La Velocit\u00e0 della Speranza&#8221; e promosso dalle scuderie automobilistiche BL Racing-TDS Sport-Acn-forze di Polizia, l&#8217;azienda M.G.A. e la Fondazione &#8221; La Citt\u00e0 della Speranza &#8221; di Padova. Si tratta di un campionato di velocit\u00e0 circuito open turismo attraverso il quale vengono raccolti i fondi per sostenere le opere di assistenza e di ricerca di questo importante Centro di oncoematologia pediatrica di Padova. Per ulteriori informazioni cliccate sul link <a href=\"http:\/\/www.velocit\u00e0dellasperanza.org\">www.velocit\u00e0dellasperanza.org<\/a><\/p>","protected":false},"excerpt":{"rendered":"<p>Anche quest&#8217;anno la Polizia di Stato di Belluno correr\u00e0 alla 24 ore di San Martino. La manifestazione sportiva in programma nei giorni 10 e 11 ottobre 2009, vedr\u00e0 scendere in campo 24 atleti, quasi esclusivamente poliziotti in servizio presso i vari reparti e specialit\u00e0 della provincia di Belluno, che si alterneranno all&#8217;interno dell&#8217;anello dello Stadio [&hellip;]<\/p>\n","protected":false},"author":2,"featured_media":0,"comment_status":"closed","ping_status":"open","sticky":false,"template":"","format":"standard","meta":{"footnotes":""},"categories":[26,8,4],"tags":[139,63],"class_list":["post-8748","post","type-post","status-publish","format-standard","category-prima-pagina","category-societa-istituzioni","category-sport","tag-belluno","tag-dolomiti"],"yoast_head":"<!-- This site is optimized with the Yoast SEO plugin v28.4 - https:\/\/yoast.com\/product\/yoast-seo-wordpress\/ -->\n<title>La Polizia di Stato alla 24 ore di San Martino - Bellunopress - Dolomiti<\/title>\n<meta name=\"robots\" content=\"index, follow, max-snippet:-1, max-image-preview:large, max-video-preview:-1\" \/>\n<link rel=\"canonical\" href=\"https:\/\/www.bellunopress.it\/fr\/2009\/10\/08\/la-polizia-di-stato-alla-24-ore-di-san-martino\/\" \/>\n<meta property=\"og:locale\" content=\"fr_FR\" \/>\n<meta property=\"og:type\" content=\"article\" \/>\n<meta property=\"og:title\" content=\"La Polizia di Stato alla 24 ore di San Martino - Bellunopress - Dolomiti\" \/>\n<meta property=\"og:description\" content=\"Anche quest&#8217;anno la Polizia di Stato di Belluno correr\u00e0 alla 24 ore di San Martino. La manifestazione sportiva in programma nei giorni 10 e 11 ottobre 2009, vedr\u00e0 scendere in campo 24 atleti, quasi esclusivamente poliziotti in servizio presso i vari reparti e specialit\u00e0 della provincia di Belluno, che si alterneranno all&#8217;interno dell&#8217;anello dello Stadio [&hellip;]\" \/>\n<meta property=\"og:url\" content=\"https:\/\/www.bellunopress.it\/fr\/2009\/10\/08\/la-polizia-di-stato-alla-24-ore-di-san-martino\/\" \/>\n<meta property=\"og:site_name\" content=\"Bellunopress - Dolomiti\" \/>\n<meta property=\"article:publisher\" content=\"https:\/\/www.facebook.com\/profile.php?id=100008943462799\" \/>\n<meta property=\"article:published_time\" content=\"2009-10-08T09:58:50+00:00\" \/>\n<meta property=\"og:image\" content=\"http:\/\/www.bellunopress.it\/wp-content\/uploads\/2012\/07\/logo-bellunopress-250x250-2012.jpg\" \/>\n<meta name=\"author\" content=\"redazione\" \/>\n<meta name=\"twitter:card\" content=\"summary_large_image\" \/>\n<meta name=\"twitter:creator\" content=\"@bellunopress\" \/>\n<meta name=\"twitter:site\" content=\"@bellunopress\" \/>\n<meta name=\"twitter:label1\" content=\"\u00c9crit par\" \/>\n\t<meta name=\"twitter:data1\" content=\"redazione\" \/>\n\t<meta name=\"twitter:label2\" content=\"Dur\u00e9e de lecture estim\u00e9e\" \/>\n\t<meta name=\"twitter:data2\" content=\"2 minutes\" \/>\n<script type=\"application\/ld+json\" class=\"yoast-schema-graph\">{\"@context\":\"https:\\\/\\\/schema.org\",\"@graph\":[{\"@type\":\"Article\",\"@id\":\"https:\\\/\\\/www.bellunopress.it\\\/2009\\\/10\\\/08\\\/la-polizia-di-stato-alla-24-ore-di-san-martino\\\/#article\",\"isPartOf\":{\"@id\":\"https:\\\/\\\/www.bellunopress.it\\\/2009\\\/10\\\/08\\\/la-polizia-di-stato-alla-24-ore-di-san-martino\\\/\"},\"author\":{\"name\":\"redazione\",\"@id\":\"https:\\\/\\\/www.bellunopress.it\\\/#\\\/schema\\\/person\\\/79bb06722b37ece1c03d3e94beb30d73\"},\"headline\":\"La Polizia di Stato alla 24 ore di San Martino\",\"datePublished\":\"2009-10-08T09:58:50+00:00\",\"mainEntityOfPage\":{\"@id\":\"https:\\\/\\\/www.bellunopress.it\\\/2009\\\/10\\\/08\\\/la-polizia-di-stato-alla-24-ore-di-san-martino\\\/\"},\"wordCount\":322,\"publisher\":{\"@id\":\"https:\\\/\\\/www.bellunopress.it\\\/#organization\"},\"keywords\":[\"Belluno\",\"Dolomiti\"],\"articleSection\":[\"Prima Pagina\",\"Societ\u00e0, Associazioni, Istituzioni\",\"Sport, tempo libero\"],\"inLanguage\":\"fr-FR\"},{\"@type\":\"WebPage\",\"@id\":\"https:\\\/\\\/www.bellunopress.it\\\/2009\\\/10\\\/08\\\/la-polizia-di-stato-alla-24-ore-di-san-martino\\\/\",\"url\":\"https:\\\/\\\/www.bellunopress.it\\\/2009\\\/10\\\/08\\\/la-polizia-di-stato-alla-24-ore-di-san-martino\\\/\",\"name\":\"La Polizia di Stato alla 24 ore di San Martino - Bellunopress - Dolomiti\",\"isPartOf\":{\"@id\":\"https:\\\/\\\/www.bellunopress.it\\\/#website\"},\"datePublished\":\"2009-10-08T09:58:50+00:00\",\"breadcrumb\":{\"@id\":\"https:\\\/\\\/www.bellunopress.it\\\/2009\\\/10\\\/08\\\/la-polizia-di-stato-alla-24-ore-di-san-martino\\\/#breadcrumb\"},\"inLanguage\":\"fr-FR\",\"potentialAction\":[{\"@type\":\"ReadAction\",\"target\":[\"https:\\\/\\\/www.bellunopress.it\\\/2009\\\/10\\\/08\\\/la-polizia-di-stato-alla-24-ore-di-san-martino\\\/\"]}]},{\"@type\":\"BreadcrumbList\",\"@id\":\"https:\\\/\\\/www.bellunopress.it\\\/2009\\\/10\\\/08\\\/la-polizia-di-stato-alla-24-ore-di-san-martino\\\/#breadcrumb\",\"itemListElement\":[{\"@type\":\"ListItem\",\"position\":1,\"name\":\"Home\",\"item\":\"https:\\\/\\\/www.bellunopress.it\\\/\"},{\"@type\":\"ListItem\",\"position\":2,\"name\":\"La Polizia di Stato alla 24 ore di San Martino\"}]},{\"@type\":\"WebSite\",\"@id\":\"https:\\\/\\\/www.bellunopress.it\\\/#website\",\"url\":\"https:\\\/\\\/www.bellunopress.it\\\/\",\"name\":\"Bellunopress - Dolomiti\",\"description\":\"e-mail: redazione@bellunopress.it\",\"publisher\":{\"@id\":\"https:\\\/\\\/www.bellunopress.it\\\/#organization\"},\"potentialAction\":[{\"@type\":\"SearchAction\",\"target\":{\"@type\":\"EntryPoint\",\"urlTemplate\":\"https:\\\/\\\/www.bellunopress.it\\\/?s={search_term_string}\"},\"query-input\":{\"@type\":\"PropertyValueSpecification\",\"valueRequired\":true,\"valueName\":\"search_term_string\"}}],\"inLanguage\":\"fr-FR\"},{\"@type\":\"Organization\",\"@id\":\"https:\\\/\\\/www.bellunopress.it\\\/#organization\",\"name\":\"Bellunopress\",\"url\":\"https:\\\/\\\/www.bellunopress.it\\\/\",\"logo\":{\"@type\":\"ImageObject\",\"inLanguage\":\"fr-FR\",\"@id\":\"https:\\\/\\\/www.bellunopress.it\\\/#\\\/schema\\\/logo\\\/image\\\/\",\"url\":\"https:\\\/\\\/www.bellunopress.it\\\/wp-content\\\/uploads\\\/2011\\\/05\\\/cropped-logo-bellunopress-.jpg\",\"contentUrl\":\"https:\\\/\\\/www.bellunopress.it\\\/wp-content\\\/uploads\\\/2011\\\/05\\\/cropped-logo-bellunopress-.jpg\",\"width\":512,\"height\":512,\"caption\":\"Bellunopress\"},\"image\":{\"@id\":\"https:\\\/\\\/www.bellunopress.it\\\/#\\\/schema\\\/logo\\\/image\\\/\"},\"sameAs\":[\"https:\\\/\\\/www.facebook.com\\\/profile.php?id=100008943462799\",\"https:\\\/\\\/x.com\\\/bellunopress\",\"https:\\\/\\\/www.linkedin.com\\\/hp\\\/?dnr=JBzUWaJfMUw8vbXJJ2tVW5-I3jZKvC4wsoxE&amp;amp;amp;amp;amp;amp;trk=nav_responsive_tab_home\",\"https:\\\/\\\/www.youtube.com\\\/channel\\\/UCxL0wu1uN0_3_7hGG0306cw\"]},{\"@type\":\"Person\",\"@id\":\"https:\\\/\\\/www.bellunopress.it\\\/#\\\/schema\\\/person\\\/79bb06722b37ece1c03d3e94beb30d73\",\"name\":\"redazione\",\"image\":{\"@type\":\"ImageObject\",\"inLanguage\":\"fr-FR\",\"@id\":\"https:\\\/\\\/secure.gravatar.com\\\/avatar\\\/37d968a2e67a6fd04c169c4bdef102d0bc5d31b2546345219e348575eb80e9a0?s=96&d=mm&r=g\",\"url\":\"https:\\\/\\\/secure.gravatar.com\\\/avatar\\\/37d968a2e67a6fd04c169c4bdef102d0bc5d31b2546345219e348575eb80e9a0?s=96&d=mm&r=g\",\"contentUrl\":\"https:\\\/\\\/secure.gravatar.com\\\/avatar\\\/37d968a2e67a6fd04c169c4bdef102d0bc5d31b2546345219e348575eb80e9a0?s=96&d=mm&r=g\",\"caption\":\"redazione\"},\"sameAs\":[\"http:\\\/\\\/www.bellunopress.it\",\"https:\\\/\\\/x.com\\\/bellunopress\"],\"url\":\"https:\\\/\\\/www.bellunopress.it\\\/fr\\\/author\\\/redazione\\\/\"}]}<\/script>\n<!-- \/ Yoast SEO plugin. -->","yoast_head_json":{"title":"La Polizia di Stato alla 24 ore di San Martino - Bellunopress - Dolomiti","robots":{"index":"index","follow":"follow","max-snippet":"max-snippet:-1","max-image-preview":"max-image-preview:large","max-video-preview":"max-video-preview:-1"},"canonical":"https:\/\/www.bellunopress.it\/fr\/2009\/10\/08\/la-polizia-di-stato-alla-24-ore-di-san-martino\/","og_locale":"fr_FR","og_type":"article","og_title":"La Polizia di Stato alla 24 ore di San Martino - Bellunopress - Dolomiti","og_description":"Anche quest&#8217;anno la Polizia di Stato di Belluno correr\u00e0 alla 24 ore di San Martino. La manifestazione sportiva in programma nei giorni 10 e 11 ottobre 2009, vedr\u00e0 scendere in campo 24 atleti, quasi esclusivamente poliziotti in servizio presso i vari reparti e specialit\u00e0 della provincia di Belluno, che si alterneranno all&#8217;interno dell&#8217;anello dello Stadio [&hellip;]","og_url":"https:\/\/www.bellunopress.it\/fr\/2009\/10\/08\/la-polizia-di-stato-alla-24-ore-di-san-martino\/","og_site_name":"Bellunopress - Dolomiti","article_publisher":"https:\/\/www.facebook.com\/profile.php?id=100008943462799","article_published_time":"2009-10-08T09:58:50+00:00","og_image":[{"url":"http:\/\/www.bellunopress.it\/wp-content\/uploads\/2012\/07\/logo-bellunopress-250x250-2012.jpg","type":"","width":"","height":""}],"author":"redazione","twitter_card":"summary_large_image","twitter_creator":"@bellunopress","twitter_site":"@bellunopress","twitter_misc":{"\u00c9crit par":"redazione","Dur\u00e9e de lecture estim\u00e9e":"2 minutes"},"schema":{"@context":"https:\/\/schema.org","@graph":[{"@type":"Article","@id":"https:\/\/www.bellunopress.it\/2009\/10\/08\/la-polizia-di-stato-alla-24-ore-di-san-martino\/#article","isPartOf":{"@id":"https:\/\/www.bellunopress.it\/2009\/10\/08\/la-polizia-di-stato-alla-24-ore-di-san-martino\/"},"author":{"name":"redazione","@id":"https:\/\/www.bellunopress.it\/#\/schema\/person\/79bb06722b37ece1c03d3e94beb30d73"},"headline":"La Polizia di Stato alla 24 ore di San Martino","datePublished":"2009-10-08T09:58:50+00:00","mainEntityOfPage":{"@id":"https:\/\/www.bellunopress.it\/2009\/10\/08\/la-polizia-di-stato-alla-24-ore-di-san-martino\/"},"wordCount":322,"publisher":{"@id":"https:\/\/www.bellunopress.it\/#organization"},"keywords":["Belluno","Dolomiti"],"articleSection":["Prima Pagina","Societ\u00e0, Associazioni, Istituzioni","Sport, tempo libero"],"inLanguage":"fr-FR"},{"@type":"WebPage","@id":"https:\/\/www.bellunopress.it\/2009\/10\/08\/la-polizia-di-stato-alla-24-ore-di-san-martino\/","url":"https:\/\/www.bellunopress.it\/2009\/10\/08\/la-polizia-di-stato-alla-24-ore-di-san-martino\/","name":"La Polizia di Stato alla 24 ore di San Martino - Bellunopress - Dolomiti","isPartOf":{"@id":"https:\/\/www.bellunopress.it\/#website"},"datePublished":"2009-10-08T09:58:50+00:00","breadcrumb":{"@id":"https:\/\/www.bellunopress.it\/2009\/10\/08\/la-polizia-di-stato-alla-24-ore-di-san-martino\/#breadcrumb"},"inLanguage":"fr-FR","potentialAction":[{"@type":"ReadAction","target":["https:\/\/www.bellunopress.it\/2009\/10\/08\/la-polizia-di-stato-alla-24-ore-di-san-martino\/"]}]},{"@type":"BreadcrumbList","@id":"https:\/\/www.bellunopress.it\/2009\/10\/08\/la-polizia-di-stato-alla-24-ore-di-san-martino\/#breadcrumb","itemListElement":[{"@type":"ListItem","position":1,"name":"Home","item":"https:\/\/www.bellunopress.it\/"},{"@type":"ListItem","position":2,"name":"La Polizia di Stato alla 24 ore di San Martino"}]},{"@type":"WebSite","@id":"https:\/\/www.bellunopress.it\/#website","url":"https:\/\/www.bellunopress.it\/","name":"Bellunopress - Dolomiti","description":"e-mail: redazione@bellunopress.it","publisher":{"@id":"https:\/\/www.bellunopress.it\/#organization"},"potentialAction":[{"@type":"SearchAction","target":{"@type":"EntryPoint","urlTemplate":"https:\/\/www.bellunopress.it\/?s={search_term_string}"},"query-input":{"@type":"PropertyValueSpecification","valueRequired":true,"valueName":"search_term_string"}}],"inLanguage":"fr-FR"},{"@type":"Organization","@id":"https:\/\/www.bellunopress.it\/#organization","name":"Bellunopress","url":"https:\/\/www.bellunopress.it\/","logo":{"@type":"ImageObject","inLanguage":"fr-FR","@id":"https:\/\/www.bellunopress.it\/#\/schema\/logo\/image\/","url":"https:\/\/www.bellunopress.it\/wp-content\/uploads\/2011\/05\/cropped-logo-bellunopress-.jpg","contentUrl":"https:\/\/www.bellunopress.it\/wp-content\/uploads\/2011\/05\/cropped-logo-bellunopress-.jpg","width":512,"height":512,"caption":"Bellunopress"},"image":{"@id":"https:\/\/www.bellunopress.it\/#\/schema\/logo\/image\/"},"sameAs":["https:\/\/www.facebook.com\/profile.php?id=100008943462799","https:\/\/x.com\/bellunopress","https:\/\/www.linkedin.com\/hp\/?dnr=JBzUWaJfMUw8vbXJJ2tVW5-I3jZKvC4wsoxE&amp;amp;amp;amp;amp;amp;trk=nav_responsive_tab_home","https:\/\/www.youtube.com\/channel\/UCxL0wu1uN0_3_7hGG0306cw"]},{"@type":"Person","@id":"https:\/\/www.bellunopress.it\/#\/schema\/person\/79bb06722b37ece1c03d3e94beb30d73","name":"r\u00e9daction","image":{"@type":"ImageObject","inLanguage":"fr-FR","@id":"https:\/\/secure.gravatar.com\/avatar\/37d968a2e67a6fd04c169c4bdef102d0bc5d31b2546345219e348575eb80e9a0?s=96&d=mm&r=g","url":"https:\/\/secure.gravatar.com\/avatar\/37d968a2e67a6fd04c169c4bdef102d0bc5d31b2546345219e348575eb80e9a0?s=96&d=mm&r=g","contentUrl":"https:\/\/secure.gravatar.com\/avatar\/37d968a2e67a6fd04c169c4bdef102d0bc5d31b2546345219e348575eb80e9a0?s=96&d=mm&r=g","caption":"redazione"},"sameAs":["http:\/\/www.bellunopress.it","https:\/\/x.com\/bellunopress"],"url":"https:\/\/www.bellunopress.it\/fr\/author\/redazione\/"}]}},"_links":{"self":[{"href":"https:\/\/www.bellunopress.it\/fr\/wp-json\/wp\/v2\/posts\/8748","targetHints":{"allow":["GET"]}}],"collection":[{"href":"https:\/\/www.bellunopress.it\/fr\/wp-json\/wp\/v2\/posts"}],"about":[{"href":"https:\/\/www.bellunopress.it\/fr\/wp-json\/wp\/v2\/types\/post"}],"author":[{"embeddable":true,"href":"https:\/\/www.bellunopress.it\/fr\/wp-json\/wp\/v2\/users\/2"}],"replies":[{"embeddable":true,"href":"https:\/\/www.bellunopress.it\/fr\/wp-json\/wp\/v2\/comments?post=8748"}],"version-history":[{"count":1,"href":"https:\/\/www.bellunopress.it\/fr\/wp-json\/wp\/v2\/posts\/8748\/revisions"}],"predecessor-version":[{"id":8749,"href":"https:\/\/www.bellunopress.it\/fr\/wp-json\/wp\/v2\/posts\/8748\/revisions\/8749"}],"wp:attachment":[{"href":"https:\/\/www.bellunopress.it\/fr\/wp-json\/wp\/v2\/media?parent=8748"}],"wp:term":[{"taxonomy":"category","embeddable":true,"href":"https:\/\/www.bellunopress.it\/fr\/wp-json\/wp\/v2\/categories?post=8748"},{"taxonomy":"post_tag","embeddable":true,"href":"https:\/\/www.bellunopress.it\/fr\/wp-json\/wp\/v2\/tags?post=8748"}],"curies":[{"name":"wp","href":"https:\/\/api.w.org\/{rel}","templated":true}]}}