{"id":8744,"date":"2009-10-07T22:15:17","date_gmt":"2009-10-07T21:15:17","guid":{"rendered":"http:\/\/www.bellunopress.it\/?p=8744"},"modified":"2009-10-07T22:15:17","modified_gmt":"2009-10-07T21:15:17","slug":"tre-voti-per-approvare-il-bilancio-e-salvare-prade-apre-il-mercato-delle-vacche","status":"publish","type":"post","link":"https:\/\/www.bellunopress.it\/fr\/2009\/10\/07\/tre-voti-per-approvare-il-bilancio-e-salvare-prade-apre-il-mercato-delle-vacche\/","title":{"rendered":"Tre voti per approvare il bilancio e salvare Prade. Apre il mercato delle vacche"},"content":{"rendered":"<p><a href=\"http:\/\/www.bellunopress.it\/wp-content\/uploads\/2009\/10\/consiglio-comunale-nomi-consiglieri.jpg\"><img loading=\"lazy\" decoding=\"async\" class=\"alignleft size-medium wp-image-8745\" title=\"consiglio-comunale-nomi-consiglieri\" src=\"http:\/\/www.bellunopress.it\/wp-content\/uploads\/2009\/10\/consiglio-comunale-nomi-consiglieri.jpg\" alt=\"\" width=\"288\" height=\"209\" \/><\/a>Per approvare il bilancio e rimanere al suo posto di sindaco Antonio Prade ha bisogno di tre voti. Da trovare assolutamente prima del prossimo Consiglio comunale, che dovr\u00e0 essere convocato per regolamento entro il 28 ottobre. Visti dalla pianura, quei tre voti mancanti non rappresentano certamente un&#8217;insormontabile questione d&#8217;onore o di ferreo e inviolabile protocollo. C&#8217;\u00e8 da ritenere dunque che il coordinatore regionale del PdL Veneto Alberto Giorgetti e il vice coordinatore vicario Marino Zorzato, chiamati venerd\u00ec a Belluno per ricomporre la frattura, non si metteranno a spaccare il capello in quattro per discutere di metodi e strategie impiegate per recuperare quei tre stramaledetti voti. Perch\u00e9 in questi casi vale sempre il principio del Principe, il fine giustifica i mezzi. E allora c&#8217;\u00e8 da scommettere che il \u201cmercato delle vacche\u201d, che in passato abbiamo visto praticare anche in Parlamento, non risparmier\u00e0 certamente Belluno. Che del resto un tempo era terra di agricoltori e fattori (per la verit\u00e0 era il Foro boario, vicino al palazzetto e il comando dei Vigili il luogo delle contrattazioni). Ebbene, in questa nostra simulazione, escludiamo che i tre voti possano essere chiesti all&#8217;opposizione (questo sarebbe davvero troppo. Anche se non sarebbe n\u00e9 il primo n\u00e9 l&#8217;ultimo \u201csalto della quaglia\u201d). Potenzialmente, ci sono i due voti di astensione dei consiglieri leghisti De Gan e Serafini recuperabili. Ma escludiamo che Stefano De Gan, perito commerciale e consulente del lavoro, oltre che assessore provinciale, abbia la minima intenzione di ritornare sui suoi passi per approvare un bilancio che sfora il patto di stabilit\u00e0. L&#8217;altra possibile opzione sarebbe quella di andare a chiedere a Silvano Serafini \u201cOrso Grigio\u201d di votare a favore di Prade. Ma sembra di vedere la scena&#8230; Impossibile, voto irrecuperabile pure il suo. Sempre che la Lega Nord, come sembra fino a questo momento, decida di rimanere fuori dalla disputa fino in fondo. E allora non rimane che una possibilit\u00e0: andare a bussare in punta di piedi alla porta di ognuno dei sette consiglieri dissidenti ex Forza Italia e chiedere sottovoce il loro voto, iniziando dai pi\u00f9 \u201cmorbidi\u201d. E promettendo sempre sottovoce e con le dovute cautele perch\u00e9 non si sappia in giro, qualcosina in cambio. Occhio, perch\u00e9 il postino bussa sempre due volte! Il primo giro l&#8217;ha gi\u00e0 fatto. Ma se far\u00e0 bene il suo lavoro sar\u00e0 facile scoprirlo. Perch\u00e9 baster\u00e0 osservare nel governo \u201cPrade secondo atto\u201d come verranno distribuite le poltrone. Noi siamo qui, ad osservare e riferire.<\/p>\n<p style=\"margin-bottom: 0cm;\">\u00a0<\/p>\n<table border=\"0\" cellspacing=\"0\" cellpadding=\"0\" width=\"642\">\n<colgroup span=\"1\">\n<col span=\"1\" width=\"642\"><\/col>\n<\/colgroup>\n<tbody>\n<tr>\n<td width=\"642\" valign=\"top\">\n<table border=\"0\" cellspacing=\"0\" cellpadding=\"0\" width=\"100%\">\n<colgroup span=\"1\">\n<col span=\"1\" width=\"256\"><\/col>\n<\/colgroup>\n<tbody>\n<tr>\n<td width=\"100%\" valign=\"top\">\n<table border=\"0\" cellspacing=\"0\" cellpadding=\"5\" width=\"100%\">\n<colgroup span=\"1\">\n<col span=\"1\" width=\"256\"><\/col>\n<\/colgroup>\n<tbody>\n<tr>\n<td width=\"100%\" valign=\"top\">\n<table border=\"0\" cellspacing=\"0\" cellpadding=\"2\" width=\"632\">\n<colgroup span=\"1\">\n<col span=\"1\" width=\"628\"><\/col>\n<\/colgroup>\n<tbody>\n<tr>\n<td width=\"628\" valign=\"top\">\u00a0<\/td>\n<\/tr>\n<\/tbody>\n<\/table>\n<p>\u00a0<\/td>\n<\/tr>\n<\/tbody>\n<\/table>\n<p>\u00a0<\/td>\n<\/tr>\n<\/tbody>\n<\/table>\n<p>\u00a0<\/td>\n<\/tr>\n<\/tbody>\n<\/table>\n<p style=\"margin-bottom: 0cm;\">\u00a0<\/p>\n<p style=\"margin-bottom: 0cm;\">\u00a0<\/p>\n<p style=\"margin-bottom: 0cm;\">\u00a0<\/p>\n<p style=\"margin-bottom: 0cm;\">\u00a0<\/p>","protected":false},"excerpt":{"rendered":"<p>Per approvare il bilancio e rimanere al suo posto di sindaco Antonio Prade ha bisogno di tre voti. Da trovare assolutamente prima del prossimo Consiglio comunale, che dovr\u00e0 essere convocato per regolamento entro il 28 ottobre. Visti dalla pianura, quei tre voti mancanti non rappresentano certamente un&#8217;insormontabile questione d&#8217;onore o di ferreo e inviolabile protocollo. [&hellip;]<\/p>\n","protected":false},"author":2,"featured_media":0,"comment_status":"closed","ping_status":"open","sticky":false,"template":"","format":"standard","meta":{"footnotes":""},"categories":[5],"tags":[139],"class_list":["post-8744","post","type-post","status-publish","format-standard","category-cronaca","tag-belluno"],"yoast_head":"<!-- This site is optimized with the Yoast SEO plugin v28.4 - https:\/\/yoast.com\/product\/yoast-seo-wordpress\/ -->\n<title>Tre voti per approvare il bilancio e salvare Prade. Apre il mercato delle vacche - Bellunopress - Dolomiti<\/title>\n<meta name=\"robots\" content=\"index, follow, max-snippet:-1, max-image-preview:large, max-video-preview:-1\" \/>\n<link rel=\"canonical\" href=\"https:\/\/www.bellunopress.it\/fr\/2009\/10\/07\/tre-voti-per-approvare-il-bilancio-e-salvare-prade-apre-il-mercato-delle-vacche\/\" \/>\n<meta property=\"og:locale\" content=\"fr_FR\" \/>\n<meta property=\"og:type\" content=\"article\" \/>\n<meta property=\"og:title\" content=\"Tre voti per approvare il bilancio e salvare Prade. Apre il mercato delle vacche - Bellunopress - Dolomiti\" \/>\n<meta property=\"og:description\" content=\"Per approvare il bilancio e rimanere al suo posto di sindaco Antonio Prade ha bisogno di tre voti. Da trovare assolutamente prima del prossimo Consiglio comunale, che dovr\u00e0 essere convocato per regolamento entro il 28 ottobre. Visti dalla pianura, quei tre voti mancanti non rappresentano certamente un&#8217;insormontabile questione d&#8217;onore o di ferreo e inviolabile protocollo. [&hellip;]\" \/>\n<meta property=\"og:url\" content=\"https:\/\/www.bellunopress.it\/fr\/2009\/10\/07\/tre-voti-per-approvare-il-bilancio-e-salvare-prade-apre-il-mercato-delle-vacche\/\" \/>\n<meta property=\"og:site_name\" content=\"Bellunopress - Dolomiti\" \/>\n<meta property=\"article:publisher\" content=\"https:\/\/www.facebook.com\/profile.php?id=100008943462799\" \/>\n<meta property=\"article:published_time\" content=\"2009-10-07T21:15:17+00:00\" \/>\n<meta property=\"og:image\" content=\"http:\/\/www.bellunopress.it\/wp-content\/uploads\/2009\/10\/consiglio-comunale-nomi-consiglieri.jpg\" \/>\n<meta name=\"author\" content=\"redazione\" \/>\n<meta name=\"twitter:card\" content=\"summary_large_image\" \/>\n<meta name=\"twitter:creator\" content=\"@bellunopress\" \/>\n<meta name=\"twitter:site\" content=\"@bellunopress\" \/>\n<meta name=\"twitter:label1\" content=\"\u00c9crit par\" \/>\n\t<meta name=\"twitter:data1\" content=\"redazione\" \/>\n\t<meta name=\"twitter:label2\" content=\"Dur\u00e9e de lecture estim\u00e9e\" \/>\n\t<meta name=\"twitter:data2\" content=\"2 minutes\" \/>\n<script type=\"application\/ld+json\" class=\"yoast-schema-graph\">{\"@context\":\"https:\\\/\\\/schema.org\",\"@graph\":[{\"@type\":\"Article\",\"@id\":\"https:\\\/\\\/www.bellunopress.it\\\/2009\\\/10\\\/07\\\/tre-voti-per-approvare-il-bilancio-e-salvare-prade-apre-il-mercato-delle-vacche\\\/#article\",\"isPartOf\":{\"@id\":\"https:\\\/\\\/www.bellunopress.it\\\/2009\\\/10\\\/07\\\/tre-voti-per-approvare-il-bilancio-e-salvare-prade-apre-il-mercato-delle-vacche\\\/\"},\"author\":{\"name\":\"redazione\",\"@id\":\"https:\\\/\\\/www.bellunopress.it\\\/#\\\/schema\\\/person\\\/79bb06722b37ece1c03d3e94beb30d73\"},\"headline\":\"Tre voti per approvare il bilancio e salvare Prade. Apre il mercato delle vacche\",\"datePublished\":\"2009-10-07T21:15:17+00:00\",\"mainEntityOfPage\":{\"@id\":\"https:\\\/\\\/www.bellunopress.it\\\/2009\\\/10\\\/07\\\/tre-voti-per-approvare-il-bilancio-e-salvare-prade-apre-il-mercato-delle-vacche\\\/\"},\"wordCount\":422,\"publisher\":{\"@id\":\"https:\\\/\\\/www.bellunopress.it\\\/#organization\"},\"image\":{\"@id\":\"https:\\\/\\\/www.bellunopress.it\\\/2009\\\/10\\\/07\\\/tre-voti-per-approvare-il-bilancio-e-salvare-prade-apre-il-mercato-delle-vacche\\\/#primaryimage\"},\"thumbnailUrl\":\"http:\\\/\\\/www.bellunopress.it\\\/wp-content\\\/uploads\\\/2009\\\/10\\\/consiglio-comunale-nomi-consiglieri.jpg\",\"keywords\":[\"Belluno\"],\"articleSection\":[\"Cronaca\\\/Politica\"],\"inLanguage\":\"fr-FR\"},{\"@type\":\"WebPage\",\"@id\":\"https:\\\/\\\/www.bellunopress.it\\\/2009\\\/10\\\/07\\\/tre-voti-per-approvare-il-bilancio-e-salvare-prade-apre-il-mercato-delle-vacche\\\/\",\"url\":\"https:\\\/\\\/www.bellunopress.it\\\/2009\\\/10\\\/07\\\/tre-voti-per-approvare-il-bilancio-e-salvare-prade-apre-il-mercato-delle-vacche\\\/\",\"name\":\"Tre voti per approvare il bilancio e salvare Prade. Apre il mercato delle vacche - Bellunopress - Dolomiti\",\"isPartOf\":{\"@id\":\"https:\\\/\\\/www.bellunopress.it\\\/#website\"},\"primaryImageOfPage\":{\"@id\":\"https:\\\/\\\/www.bellunopress.it\\\/2009\\\/10\\\/07\\\/tre-voti-per-approvare-il-bilancio-e-salvare-prade-apre-il-mercato-delle-vacche\\\/#primaryimage\"},\"image\":{\"@id\":\"https:\\\/\\\/www.bellunopress.it\\\/2009\\\/10\\\/07\\\/tre-voti-per-approvare-il-bilancio-e-salvare-prade-apre-il-mercato-delle-vacche\\\/#primaryimage\"},\"thumbnailUrl\":\"http:\\\/\\\/www.bellunopress.it\\\/wp-content\\\/uploads\\\/2009\\\/10\\\/consiglio-comunale-nomi-consiglieri.jpg\",\"datePublished\":\"2009-10-07T21:15:17+00:00\",\"breadcrumb\":{\"@id\":\"https:\\\/\\\/www.bellunopress.it\\\/2009\\\/10\\\/07\\\/tre-voti-per-approvare-il-bilancio-e-salvare-prade-apre-il-mercato-delle-vacche\\\/#breadcrumb\"},\"inLanguage\":\"fr-FR\",\"potentialAction\":[{\"@type\":\"ReadAction\",\"target\":[\"https:\\\/\\\/www.bellunopress.it\\\/2009\\\/10\\\/07\\\/tre-voti-per-approvare-il-bilancio-e-salvare-prade-apre-il-mercato-delle-vacche\\\/\"]}]},{\"@type\":\"ImageObject\",\"inLanguage\":\"fr-FR\",\"@id\":\"https:\\\/\\\/www.bellunopress.it\\\/2009\\\/10\\\/07\\\/tre-voti-per-approvare-il-bilancio-e-salvare-prade-apre-il-mercato-delle-vacche\\\/#primaryimage\",\"url\":\"http:\\\/\\\/www.bellunopress.it\\\/wp-content\\\/uploads\\\/2009\\\/10\\\/consiglio-comunale-nomi-consiglieri.jpg\",\"contentUrl\":\"http:\\\/\\\/www.bellunopress.it\\\/wp-content\\\/uploads\\\/2009\\\/10\\\/consiglio-comunale-nomi-consiglieri.jpg\"},{\"@type\":\"BreadcrumbList\",\"@id\":\"https:\\\/\\\/www.bellunopress.it\\\/2009\\\/10\\\/07\\\/tre-voti-per-approvare-il-bilancio-e-salvare-prade-apre-il-mercato-delle-vacche\\\/#breadcrumb\",\"itemListElement\":[{\"@type\":\"ListItem\",\"position\":1,\"name\":\"Home\",\"item\":\"https:\\\/\\\/www.bellunopress.it\\\/\"},{\"@type\":\"ListItem\",\"position\":2,\"name\":\"Tre voti per approvare il bilancio e salvare Prade. Apre il mercato delle vacche\"}]},{\"@type\":\"WebSite\",\"@id\":\"https:\\\/\\\/www.bellunopress.it\\\/#website\",\"url\":\"https:\\\/\\\/www.bellunopress.it\\\/\",\"name\":\"Bellunopress - Dolomiti\",\"description\":\"e-mail: redazione@bellunopress.it\",\"publisher\":{\"@id\":\"https:\\\/\\\/www.bellunopress.it\\\/#organization\"},\"potentialAction\":[{\"@type\":\"SearchAction\",\"target\":{\"@type\":\"EntryPoint\",\"urlTemplate\":\"https:\\\/\\\/www.bellunopress.it\\\/?s={search_term_string}\"},\"query-input\":{\"@type\":\"PropertyValueSpecification\",\"valueRequired\":true,\"valueName\":\"search_term_string\"}}],\"inLanguage\":\"fr-FR\"},{\"@type\":\"Organization\",\"@id\":\"https:\\\/\\\/www.bellunopress.it\\\/#organization\",\"name\":\"Bellunopress\",\"url\":\"https:\\\/\\\/www.bellunopress.it\\\/\",\"logo\":{\"@type\":\"ImageObject\",\"inLanguage\":\"fr-FR\",\"@id\":\"https:\\\/\\\/www.bellunopress.it\\\/#\\\/schema\\\/logo\\\/image\\\/\",\"url\":\"https:\\\/\\\/www.bellunopress.it\\\/wp-content\\\/uploads\\\/2011\\\/05\\\/cropped-logo-bellunopress-.jpg\",\"contentUrl\":\"https:\\\/\\\/www.bellunopress.it\\\/wp-content\\\/uploads\\\/2011\\\/05\\\/cropped-logo-bellunopress-.jpg\",\"width\":512,\"height\":512,\"caption\":\"Bellunopress\"},\"image\":{\"@id\":\"https:\\\/\\\/www.bellunopress.it\\\/#\\\/schema\\\/logo\\\/image\\\/\"},\"sameAs\":[\"https:\\\/\\\/www.facebook.com\\\/profile.php?id=100008943462799\",\"https:\\\/\\\/x.com\\\/bellunopress\",\"https:\\\/\\\/www.linkedin.com\\\/hp\\\/?dnr=JBzUWaJfMUw8vbXJJ2tVW5-I3jZKvC4wsoxE&amp;amp;amp;amp;amp;amp;trk=nav_responsive_tab_home\",\"https:\\\/\\\/www.youtube.com\\\/channel\\\/UCxL0wu1uN0_3_7hGG0306cw\"]},{\"@type\":\"Person\",\"@id\":\"https:\\\/\\\/www.bellunopress.it\\\/#\\\/schema\\\/person\\\/79bb06722b37ece1c03d3e94beb30d73\",\"name\":\"redazione\",\"image\":{\"@type\":\"ImageObject\",\"inLanguage\":\"fr-FR\",\"@id\":\"https:\\\/\\\/secure.gravatar.com\\\/avatar\\\/37d968a2e67a6fd04c169c4bdef102d0bc5d31b2546345219e348575eb80e9a0?s=96&d=mm&r=g\",\"url\":\"https:\\\/\\\/secure.gravatar.com\\\/avatar\\\/37d968a2e67a6fd04c169c4bdef102d0bc5d31b2546345219e348575eb80e9a0?s=96&d=mm&r=g\",\"contentUrl\":\"https:\\\/\\\/secure.gravatar.com\\\/avatar\\\/37d968a2e67a6fd04c169c4bdef102d0bc5d31b2546345219e348575eb80e9a0?s=96&d=mm&r=g\",\"caption\":\"redazione\"},\"sameAs\":[\"http:\\\/\\\/www.bellunopress.it\",\"https:\\\/\\\/x.com\\\/bellunopress\"],\"url\":\"https:\\\/\\\/www.bellunopress.it\\\/fr\\\/author\\\/redazione\\\/\"}]}<\/script>\n<!-- \/ Yoast SEO plugin. -->","yoast_head_json":{"title":"Tre voti per approvare il bilancio e salvare Prade. Apre il mercato delle vacche - Bellunopress - Dolomiti","robots":{"index":"index","follow":"follow","max-snippet":"max-snippet:-1","max-image-preview":"max-image-preview:large","max-video-preview":"max-video-preview:-1"},"canonical":"https:\/\/www.bellunopress.it\/fr\/2009\/10\/07\/tre-voti-per-approvare-il-bilancio-e-salvare-prade-apre-il-mercato-delle-vacche\/","og_locale":"fr_FR","og_type":"article","og_title":"Tre voti per approvare il bilancio e salvare Prade. Apre il mercato delle vacche - Bellunopress - Dolomiti","og_description":"Per approvare il bilancio e rimanere al suo posto di sindaco Antonio Prade ha bisogno di tre voti. Da trovare assolutamente prima del prossimo Consiglio comunale, che dovr\u00e0 essere convocato per regolamento entro il 28 ottobre. Visti dalla pianura, quei tre voti mancanti non rappresentano certamente un&#8217;insormontabile questione d&#8217;onore o di ferreo e inviolabile protocollo. [&hellip;]","og_url":"https:\/\/www.bellunopress.it\/fr\/2009\/10\/07\/tre-voti-per-approvare-il-bilancio-e-salvare-prade-apre-il-mercato-delle-vacche\/","og_site_name":"Bellunopress - Dolomiti","article_publisher":"https:\/\/www.facebook.com\/profile.php?id=100008943462799","article_published_time":"2009-10-07T21:15:17+00:00","og_image":[{"url":"http:\/\/www.bellunopress.it\/wp-content\/uploads\/2009\/10\/consiglio-comunale-nomi-consiglieri.jpg","type":"","width":"","height":""}],"author":"redazione","twitter_card":"summary_large_image","twitter_creator":"@bellunopress","twitter_site":"@bellunopress","twitter_misc":{"\u00c9crit par":"redazione","Dur\u00e9e de lecture estim\u00e9e":"2 minutes"},"schema":{"@context":"https:\/\/schema.org","@graph":[{"@type":"Article","@id":"https:\/\/www.bellunopress.it\/2009\/10\/07\/tre-voti-per-approvare-il-bilancio-e-salvare-prade-apre-il-mercato-delle-vacche\/#article","isPartOf":{"@id":"https:\/\/www.bellunopress.it\/2009\/10\/07\/tre-voti-per-approvare-il-bilancio-e-salvare-prade-apre-il-mercato-delle-vacche\/"},"author":{"name":"redazione","@id":"https:\/\/www.bellunopress.it\/#\/schema\/person\/79bb06722b37ece1c03d3e94beb30d73"},"headline":"Tre voti per approvare il bilancio e salvare Prade. Apre il mercato delle vacche","datePublished":"2009-10-07T21:15:17+00:00","mainEntityOfPage":{"@id":"https:\/\/www.bellunopress.it\/2009\/10\/07\/tre-voti-per-approvare-il-bilancio-e-salvare-prade-apre-il-mercato-delle-vacche\/"},"wordCount":422,"publisher":{"@id":"https:\/\/www.bellunopress.it\/#organization"},"image":{"@id":"https:\/\/www.bellunopress.it\/2009\/10\/07\/tre-voti-per-approvare-il-bilancio-e-salvare-prade-apre-il-mercato-delle-vacche\/#primaryimage"},"thumbnailUrl":"http:\/\/www.bellunopress.it\/wp-content\/uploads\/2009\/10\/consiglio-comunale-nomi-consiglieri.jpg","keywords":["Belluno"],"articleSection":["Cronaca\/Politica"],"inLanguage":"fr-FR"},{"@type":"WebPage","@id":"https:\/\/www.bellunopress.it\/2009\/10\/07\/tre-voti-per-approvare-il-bilancio-e-salvare-prade-apre-il-mercato-delle-vacche\/","url":"https:\/\/www.bellunopress.it\/2009\/10\/07\/tre-voti-per-approvare-il-bilancio-e-salvare-prade-apre-il-mercato-delle-vacche\/","name":"Tre voti per approvare il bilancio e salvare Prade. Apre il mercato delle vacche - Bellunopress - Dolomiti","isPartOf":{"@id":"https:\/\/www.bellunopress.it\/#website"},"primaryImageOfPage":{"@id":"https:\/\/www.bellunopress.it\/2009\/10\/07\/tre-voti-per-approvare-il-bilancio-e-salvare-prade-apre-il-mercato-delle-vacche\/#primaryimage"},"image":{"@id":"https:\/\/www.bellunopress.it\/2009\/10\/07\/tre-voti-per-approvare-il-bilancio-e-salvare-prade-apre-il-mercato-delle-vacche\/#primaryimage"},"thumbnailUrl":"http:\/\/www.bellunopress.it\/wp-content\/uploads\/2009\/10\/consiglio-comunale-nomi-consiglieri.jpg","datePublished":"2009-10-07T21:15:17+00:00","breadcrumb":{"@id":"https:\/\/www.bellunopress.it\/2009\/10\/07\/tre-voti-per-approvare-il-bilancio-e-salvare-prade-apre-il-mercato-delle-vacche\/#breadcrumb"},"inLanguage":"fr-FR","potentialAction":[{"@type":"ReadAction","target":["https:\/\/www.bellunopress.it\/2009\/10\/07\/tre-voti-per-approvare-il-bilancio-e-salvare-prade-apre-il-mercato-delle-vacche\/"]}]},{"@type":"ImageObject","inLanguage":"fr-FR","@id":"https:\/\/www.bellunopress.it\/2009\/10\/07\/tre-voti-per-approvare-il-bilancio-e-salvare-prade-apre-il-mercato-delle-vacche\/#primaryimage","url":"http:\/\/www.bellunopress.it\/wp-content\/uploads\/2009\/10\/consiglio-comunale-nomi-consiglieri.jpg","contentUrl":"http:\/\/www.bellunopress.it\/wp-content\/uploads\/2009\/10\/consiglio-comunale-nomi-consiglieri.jpg"},{"@type":"BreadcrumbList","@id":"https:\/\/www.bellunopress.it\/2009\/10\/07\/tre-voti-per-approvare-il-bilancio-e-salvare-prade-apre-il-mercato-delle-vacche\/#breadcrumb","itemListElement":[{"@type":"ListItem","position":1,"name":"Home","item":"https:\/\/www.bellunopress.it\/"},{"@type":"ListItem","position":2,"name":"Tre voti per approvare il bilancio e salvare Prade. Apre il mercato delle vacche"}]},{"@type":"WebSite","@id":"https:\/\/www.bellunopress.it\/#website","url":"https:\/\/www.bellunopress.it\/","name":"Bellunopress - Dolomiti","description":"e-mail: redazione@bellunopress.it","publisher":{"@id":"https:\/\/www.bellunopress.it\/#organization"},"potentialAction":[{"@type":"SearchAction","target":{"@type":"EntryPoint","urlTemplate":"https:\/\/www.bellunopress.it\/?s={search_term_string}"},"query-input":{"@type":"PropertyValueSpecification","valueRequired":true,"valueName":"search_term_string"}}],"inLanguage":"fr-FR"},{"@type":"Organization","@id":"https:\/\/www.bellunopress.it\/#organization","name":"Bellunopress","url":"https:\/\/www.bellunopress.it\/","logo":{"@type":"ImageObject","inLanguage":"fr-FR","@id":"https:\/\/www.bellunopress.it\/#\/schema\/logo\/image\/","url":"https:\/\/www.bellunopress.it\/wp-content\/uploads\/2011\/05\/cropped-logo-bellunopress-.jpg","contentUrl":"https:\/\/www.bellunopress.it\/wp-content\/uploads\/2011\/05\/cropped-logo-bellunopress-.jpg","width":512,"height":512,"caption":"Bellunopress"},"image":{"@id":"https:\/\/www.bellunopress.it\/#\/schema\/logo\/image\/"},"sameAs":["https:\/\/www.facebook.com\/profile.php?id=100008943462799","https:\/\/x.com\/bellunopress","https:\/\/www.linkedin.com\/hp\/?dnr=JBzUWaJfMUw8vbXJJ2tVW5-I3jZKvC4wsoxE&amp;amp;amp;amp;amp;amp;trk=nav_responsive_tab_home","https:\/\/www.youtube.com\/channel\/UCxL0wu1uN0_3_7hGG0306cw"]},{"@type":"Person","@id":"https:\/\/www.bellunopress.it\/#\/schema\/person\/79bb06722b37ece1c03d3e94beb30d73","name":"r\u00e9daction","image":{"@type":"ImageObject","inLanguage":"fr-FR","@id":"https:\/\/secure.gravatar.com\/avatar\/37d968a2e67a6fd04c169c4bdef102d0bc5d31b2546345219e348575eb80e9a0?s=96&d=mm&r=g","url":"https:\/\/secure.gravatar.com\/avatar\/37d968a2e67a6fd04c169c4bdef102d0bc5d31b2546345219e348575eb80e9a0?s=96&d=mm&r=g","contentUrl":"https:\/\/secure.gravatar.com\/avatar\/37d968a2e67a6fd04c169c4bdef102d0bc5d31b2546345219e348575eb80e9a0?s=96&d=mm&r=g","caption":"redazione"},"sameAs":["http:\/\/www.bellunopress.it","https:\/\/x.com\/bellunopress"],"url":"https:\/\/www.bellunopress.it\/fr\/author\/redazione\/"}]}},"_links":{"self":[{"href":"https:\/\/www.bellunopress.it\/fr\/wp-json\/wp\/v2\/posts\/8744","targetHints":{"allow":["GET"]}}],"collection":[{"href":"https:\/\/www.bellunopress.it\/fr\/wp-json\/wp\/v2\/posts"}],"about":[{"href":"https:\/\/www.bellunopress.it\/fr\/wp-json\/wp\/v2\/types\/post"}],"author":[{"embeddable":true,"href":"https:\/\/www.bellunopress.it\/fr\/wp-json\/wp\/v2\/users\/2"}],"replies":[{"embeddable":true,"href":"https:\/\/www.bellunopress.it\/fr\/wp-json\/wp\/v2\/comments?post=8744"}],"version-history":[{"count":2,"href":"https:\/\/www.bellunopress.it\/fr\/wp-json\/wp\/v2\/posts\/8744\/revisions"}],"predecessor-version":[{"id":8747,"href":"https:\/\/www.bellunopress.it\/fr\/wp-json\/wp\/v2\/posts\/8744\/revisions\/8747"}],"wp:attachment":[{"href":"https:\/\/www.bellunopress.it\/fr\/wp-json\/wp\/v2\/media?parent=8744"}],"wp:term":[{"taxonomy":"category","embeddable":true,"href":"https:\/\/www.bellunopress.it\/fr\/wp-json\/wp\/v2\/categories?post=8744"},{"taxonomy":"post_tag","embeddable":true,"href":"https:\/\/www.bellunopress.it\/fr\/wp-json\/wp\/v2\/tags?post=8744"}],"curies":[{"name":"wp","href":"https:\/\/api.w.org\/{rel}","templated":true}]}}