{"id":8740,"date":"2009-10-07T20:48:38","date_gmt":"2009-10-07T19:48:38","guid":{"rendered":"http:\/\/www.bellunopress.it\/?p=8740"},"modified":"2009-10-07T20:48:38","modified_gmt":"2009-10-07T19:48:38","slug":"un-atlante-per-le-piste-ciclabili-del-veneto","status":"publish","type":"post","link":"https:\/\/www.bellunopress.it\/fr\/2009\/10\/07\/un-atlante-per-le-piste-ciclabili-del-veneto\/","title":{"rendered":"Un atlante per le piste ciclabili del Veneto"},"content":{"rendered":"<figure id=\"attachment_8175\" aria-describedby=\"caption-attachment-8175\" style=\"width: 246px\" class=\"wp-caption alignleft\"><a href=\"http:\/\/www.bellunopress.it\/wp-content\/uploads\/2009\/09\/renato-chisso.jpg\"><img loading=\"lazy\" decoding=\"async\" class=\"size-medium wp-image-8175\" title=\"renato-chisso\" src=\"http:\/\/www.bellunopress.it\/wp-content\/uploads\/2009\/09\/renato-chisso.jpg\" alt=\"Renato Chisso\" width=\"246\" height=\"280\" \/><\/a><figcaption id=\"caption-attachment-8175\" class=\"wp-caption-text\">Renato Chisso<\/figcaption><\/figure>\n<p>Veneto Strade predisporr\u00e0 entro la fine dell\u2019anno un Atlante delle piste ciclabili della regione, dove sar\u00e0 individuata anche una proposta di rete di piste a carattere strategico da poter dichiarare di interesse regionale e sulle quali poter indirizzare prioritariamente i diversi finanziamenti destinati a questo genere di infrastrutture. Lo ha deciso la Giunta veneta, su iniziativa dell\u2019assessore alle politiche della mobilit\u00e0 Renato Chisso, affidando alla societ\u00e0 per le strade regionali un service tecnico relativo alle attivit\u00e0 connesse alle piste in questione. In particolare, Veneto Strade proceder\u00e0 alla completa ricognizione delle infrastrutture esistenti o gi\u00e0 progettate e all\u2019individuazione delle tipologie di quelle di interesse regionale, fornendo un supporto per la definizione dei criteri di priorit\u00e0 da assegnare in vista possibili forme di finanziamento.<br \/>\n\u201cSu questa partita \u2013 ha spiegato Chisso \u2013 oltre alle risorse a disposizione nel bilancio regionale vi sono infatti quelle relative alla Programmazione comunitaria 2007 \u2013 2013, che mette a disposizione per queste finalit\u00e0 20 milioni di euro, cui si aggiungo almeno altri 45 milioni di euro fino al 2015 nell\u2019ambito dell\u2019Asse prioritario Mobilit\u00e0 sostenibile \u2013 Azione Piste Ciclabili del PAR FAS (Fondo Aree Sottoutilizzate), attualmente in fase di approvazione\u201d.<br \/>\nSu questa partita, come aveva ricordato il presidente Giancarlo Galan inaugurando la Lunga Via delle Dolomiti, definita la pi\u00f9 bella pista ciclabile del mondo, il Veneto dispone gi\u00e0 di una rete di circa 400 km di piste a valenza turistico \u2013 paesaggistica oltre a quelle urbane realizzate dalle amministrazioni locali. A queste si aggiungo circa 400 chilometri di piste ciclabili gi\u00e0 progettate mentre altre centinaia di chilometri riguardano proposte in atto. Ne scaturisce un sistema di collegamenti internazionali e interregionali da primato e di assoluto pregio, cui sar\u00e0 presto possibile dare ulteriori contorni e concretezza, rispetto ad un tipo di mobilit\u00e0 del tutto particolare ma in crescita.<\/p>","protected":false},"excerpt":{"rendered":"<p>Veneto Strade predisporr\u00e0 entro la fine dell\u2019anno un Atlante delle piste ciclabili della regione, dove sar\u00e0 individuata anche una proposta di rete di piste a carattere strategico da poter dichiarare di interesse regionale e sulle quali poter indirizzare prioritariamente i diversi finanziamenti destinati a questo genere di infrastrutture. Lo ha deciso la Giunta veneta, su [&hellip;]<\/p>\n","protected":false},"author":2,"featured_media":0,"comment_status":"closed","ping_status":"open","sticky":false,"template":"","format":"standard","meta":{"footnotes":""},"categories":[5,26],"tags":[139,63],"class_list":["post-8740","post","type-post","status-publish","format-standard","category-cronaca","category-prima-pagina","tag-belluno","tag-dolomiti"],"yoast_head":"<!-- This site is optimized with the Yoast SEO plugin v28.4 - https:\/\/yoast.com\/product\/yoast-seo-wordpress\/ -->\n<title>Un atlante per le piste ciclabili del Veneto - Bellunopress - Dolomiti<\/title>\n<meta name=\"robots\" content=\"index, follow, max-snippet:-1, max-image-preview:large, max-video-preview:-1\" \/>\n<link rel=\"canonical\" href=\"https:\/\/www.bellunopress.it\/fr\/2009\/10\/07\/un-atlante-per-le-piste-ciclabili-del-veneto\/\" \/>\n<meta property=\"og:locale\" content=\"fr_FR\" \/>\n<meta property=\"og:type\" content=\"article\" \/>\n<meta property=\"og:title\" content=\"Un atlante per le piste ciclabili del Veneto - Bellunopress - Dolomiti\" \/>\n<meta property=\"og:description\" content=\"Veneto Strade predisporr\u00e0 entro la fine dell\u2019anno un Atlante delle piste ciclabili della regione, dove sar\u00e0 individuata anche una proposta di rete di piste a carattere strategico da poter dichiarare di interesse regionale e sulle quali poter indirizzare prioritariamente i diversi finanziamenti destinati a questo genere di infrastrutture. Lo ha deciso la Giunta veneta, su [&hellip;]\" \/>\n<meta property=\"og:url\" content=\"https:\/\/www.bellunopress.it\/fr\/2009\/10\/07\/un-atlante-per-le-piste-ciclabili-del-veneto\/\" \/>\n<meta property=\"og:site_name\" content=\"Bellunopress - Dolomiti\" \/>\n<meta property=\"article:publisher\" content=\"https:\/\/www.facebook.com\/profile.php?id=100008943462799\" \/>\n<meta property=\"article:published_time\" content=\"2009-10-07T19:48:38+00:00\" \/>\n<meta property=\"og:image\" content=\"http:\/\/www.bellunopress.it\/wp-content\/uploads\/2009\/09\/renato-chisso.jpg\" \/>\n<meta name=\"author\" content=\"redazione\" \/>\n<meta name=\"twitter:card\" content=\"summary_large_image\" \/>\n<meta name=\"twitter:creator\" content=\"@bellunopress\" \/>\n<meta name=\"twitter:site\" content=\"@bellunopress\" \/>\n<meta name=\"twitter:label1\" content=\"\u00c9crit par\" \/>\n\t<meta name=\"twitter:data1\" content=\"redazione\" \/>\n\t<meta name=\"twitter:label2\" content=\"Dur\u00e9e de lecture estim\u00e9e\" \/>\n\t<meta name=\"twitter:data2\" content=\"2 minutes\" \/>\n<script type=\"application\/ld+json\" class=\"yoast-schema-graph\">{\"@context\":\"https:\\\/\\\/schema.org\",\"@graph\":[{\"@type\":\"Article\",\"@id\":\"https:\\\/\\\/www.bellunopress.it\\\/2009\\\/10\\\/07\\\/un-atlante-per-le-piste-ciclabili-del-veneto\\\/#article\",\"isPartOf\":{\"@id\":\"https:\\\/\\\/www.bellunopress.it\\\/2009\\\/10\\\/07\\\/un-atlante-per-le-piste-ciclabili-del-veneto\\\/\"},\"author\":{\"name\":\"redazione\",\"@id\":\"https:\\\/\\\/www.bellunopress.it\\\/#\\\/schema\\\/person\\\/79bb06722b37ece1c03d3e94beb30d73\"},\"headline\":\"Un atlante per le piste ciclabili del Veneto\",\"datePublished\":\"2009-10-07T19:48:38+00:00\",\"mainEntityOfPage\":{\"@id\":\"https:\\\/\\\/www.bellunopress.it\\\/2009\\\/10\\\/07\\\/un-atlante-per-le-piste-ciclabili-del-veneto\\\/\"},\"wordCount\":310,\"publisher\":{\"@id\":\"https:\\\/\\\/www.bellunopress.it\\\/#organization\"},\"image\":{\"@id\":\"https:\\\/\\\/www.bellunopress.it\\\/2009\\\/10\\\/07\\\/un-atlante-per-le-piste-ciclabili-del-veneto\\\/#primaryimage\"},\"thumbnailUrl\":\"http:\\\/\\\/www.bellunopress.it\\\/wp-content\\\/uploads\\\/2009\\\/09\\\/renato-chisso.jpg\",\"keywords\":[\"Belluno\",\"Dolomiti\"],\"articleSection\":[\"Cronaca\\\/Politica\",\"Prima Pagina\"],\"inLanguage\":\"fr-FR\"},{\"@type\":\"WebPage\",\"@id\":\"https:\\\/\\\/www.bellunopress.it\\\/2009\\\/10\\\/07\\\/un-atlante-per-le-piste-ciclabili-del-veneto\\\/\",\"url\":\"https:\\\/\\\/www.bellunopress.it\\\/2009\\\/10\\\/07\\\/un-atlante-per-le-piste-ciclabili-del-veneto\\\/\",\"name\":\"Un atlante per le piste ciclabili del Veneto - Bellunopress - Dolomiti\",\"isPartOf\":{\"@id\":\"https:\\\/\\\/www.bellunopress.it\\\/#website\"},\"primaryImageOfPage\":{\"@id\":\"https:\\\/\\\/www.bellunopress.it\\\/2009\\\/10\\\/07\\\/un-atlante-per-le-piste-ciclabili-del-veneto\\\/#primaryimage\"},\"image\":{\"@id\":\"https:\\\/\\\/www.bellunopress.it\\\/2009\\\/10\\\/07\\\/un-atlante-per-le-piste-ciclabili-del-veneto\\\/#primaryimage\"},\"thumbnailUrl\":\"http:\\\/\\\/www.bellunopress.it\\\/wp-content\\\/uploads\\\/2009\\\/09\\\/renato-chisso.jpg\",\"datePublished\":\"2009-10-07T19:48:38+00:00\",\"breadcrumb\":{\"@id\":\"https:\\\/\\\/www.bellunopress.it\\\/2009\\\/10\\\/07\\\/un-atlante-per-le-piste-ciclabili-del-veneto\\\/#breadcrumb\"},\"inLanguage\":\"fr-FR\",\"potentialAction\":[{\"@type\":\"ReadAction\",\"target\":[\"https:\\\/\\\/www.bellunopress.it\\\/2009\\\/10\\\/07\\\/un-atlante-per-le-piste-ciclabili-del-veneto\\\/\"]}]},{\"@type\":\"ImageObject\",\"inLanguage\":\"fr-FR\",\"@id\":\"https:\\\/\\\/www.bellunopress.it\\\/2009\\\/10\\\/07\\\/un-atlante-per-le-piste-ciclabili-del-veneto\\\/#primaryimage\",\"url\":\"http:\\\/\\\/www.bellunopress.it\\\/wp-content\\\/uploads\\\/2009\\\/09\\\/renato-chisso.jpg\",\"contentUrl\":\"http:\\\/\\\/www.bellunopress.it\\\/wp-content\\\/uploads\\\/2009\\\/09\\\/renato-chisso.jpg\"},{\"@type\":\"BreadcrumbList\",\"@id\":\"https:\\\/\\\/www.bellunopress.it\\\/2009\\\/10\\\/07\\\/un-atlante-per-le-piste-ciclabili-del-veneto\\\/#breadcrumb\",\"itemListElement\":[{\"@type\":\"ListItem\",\"position\":1,\"name\":\"Home\",\"item\":\"https:\\\/\\\/www.bellunopress.it\\\/\"},{\"@type\":\"ListItem\",\"position\":2,\"name\":\"Un atlante per le piste ciclabili del Veneto\"}]},{\"@type\":\"WebSite\",\"@id\":\"https:\\\/\\\/www.bellunopress.it\\\/#website\",\"url\":\"https:\\\/\\\/www.bellunopress.it\\\/\",\"name\":\"Bellunopress - Dolomiti\",\"description\":\"e-mail: redazione@bellunopress.it\",\"publisher\":{\"@id\":\"https:\\\/\\\/www.bellunopress.it\\\/#organization\"},\"potentialAction\":[{\"@type\":\"SearchAction\",\"target\":{\"@type\":\"EntryPoint\",\"urlTemplate\":\"https:\\\/\\\/www.bellunopress.it\\\/?s={search_term_string}\"},\"query-input\":{\"@type\":\"PropertyValueSpecification\",\"valueRequired\":true,\"valueName\":\"search_term_string\"}}],\"inLanguage\":\"fr-FR\"},{\"@type\":\"Organization\",\"@id\":\"https:\\\/\\\/www.bellunopress.it\\\/#organization\",\"name\":\"Bellunopress\",\"url\":\"https:\\\/\\\/www.bellunopress.it\\\/\",\"logo\":{\"@type\":\"ImageObject\",\"inLanguage\":\"fr-FR\",\"@id\":\"https:\\\/\\\/www.bellunopress.it\\\/#\\\/schema\\\/logo\\\/image\\\/\",\"url\":\"https:\\\/\\\/www.bellunopress.it\\\/wp-content\\\/uploads\\\/2011\\\/05\\\/cropped-logo-bellunopress-.jpg\",\"contentUrl\":\"https:\\\/\\\/www.bellunopress.it\\\/wp-content\\\/uploads\\\/2011\\\/05\\\/cropped-logo-bellunopress-.jpg\",\"width\":512,\"height\":512,\"caption\":\"Bellunopress\"},\"image\":{\"@id\":\"https:\\\/\\\/www.bellunopress.it\\\/#\\\/schema\\\/logo\\\/image\\\/\"},\"sameAs\":[\"https:\\\/\\\/www.facebook.com\\\/profile.php?id=100008943462799\",\"https:\\\/\\\/x.com\\\/bellunopress\",\"https:\\\/\\\/www.linkedin.com\\\/hp\\\/?dnr=JBzUWaJfMUw8vbXJJ2tVW5-I3jZKvC4wsoxE&amp;amp;amp;amp;amp;amp;trk=nav_responsive_tab_home\",\"https:\\\/\\\/www.youtube.com\\\/channel\\\/UCxL0wu1uN0_3_7hGG0306cw\"]},{\"@type\":\"Person\",\"@id\":\"https:\\\/\\\/www.bellunopress.it\\\/#\\\/schema\\\/person\\\/79bb06722b37ece1c03d3e94beb30d73\",\"name\":\"redazione\",\"image\":{\"@type\":\"ImageObject\",\"inLanguage\":\"fr-FR\",\"@id\":\"https:\\\/\\\/secure.gravatar.com\\\/avatar\\\/37d968a2e67a6fd04c169c4bdef102d0bc5d31b2546345219e348575eb80e9a0?s=96&d=mm&r=g\",\"url\":\"https:\\\/\\\/secure.gravatar.com\\\/avatar\\\/37d968a2e67a6fd04c169c4bdef102d0bc5d31b2546345219e348575eb80e9a0?s=96&d=mm&r=g\",\"contentUrl\":\"https:\\\/\\\/secure.gravatar.com\\\/avatar\\\/37d968a2e67a6fd04c169c4bdef102d0bc5d31b2546345219e348575eb80e9a0?s=96&d=mm&r=g\",\"caption\":\"redazione\"},\"sameAs\":[\"http:\\\/\\\/www.bellunopress.it\",\"https:\\\/\\\/x.com\\\/bellunopress\"],\"url\":\"https:\\\/\\\/www.bellunopress.it\\\/fr\\\/author\\\/redazione\\\/\"}]}<\/script>\n<!-- \/ Yoast SEO plugin. -->","yoast_head_json":{"title":"Un atlante per le piste ciclabili del Veneto - Bellunopress - Dolomiti","robots":{"index":"index","follow":"follow","max-snippet":"max-snippet:-1","max-image-preview":"max-image-preview:large","max-video-preview":"max-video-preview:-1"},"canonical":"https:\/\/www.bellunopress.it\/fr\/2009\/10\/07\/un-atlante-per-le-piste-ciclabili-del-veneto\/","og_locale":"fr_FR","og_type":"article","og_title":"Un atlante per le piste ciclabili del Veneto - Bellunopress - Dolomiti","og_description":"Veneto Strade predisporr\u00e0 entro la fine dell\u2019anno un Atlante delle piste ciclabili della regione, dove sar\u00e0 individuata anche una proposta di rete di piste a carattere strategico da poter dichiarare di interesse regionale e sulle quali poter indirizzare prioritariamente i diversi finanziamenti destinati a questo genere di infrastrutture. Lo ha deciso la Giunta veneta, su [&hellip;]","og_url":"https:\/\/www.bellunopress.it\/fr\/2009\/10\/07\/un-atlante-per-le-piste-ciclabili-del-veneto\/","og_site_name":"Bellunopress - Dolomiti","article_publisher":"https:\/\/www.facebook.com\/profile.php?id=100008943462799","article_published_time":"2009-10-07T19:48:38+00:00","og_image":[{"url":"http:\/\/www.bellunopress.it\/wp-content\/uploads\/2009\/09\/renato-chisso.jpg","type":"","width":"","height":""}],"author":"redazione","twitter_card":"summary_large_image","twitter_creator":"@bellunopress","twitter_site":"@bellunopress","twitter_misc":{"\u00c9crit par":"redazione","Dur\u00e9e de lecture estim\u00e9e":"2 minutes"},"schema":{"@context":"https:\/\/schema.org","@graph":[{"@type":"Article","@id":"https:\/\/www.bellunopress.it\/2009\/10\/07\/un-atlante-per-le-piste-ciclabili-del-veneto\/#article","isPartOf":{"@id":"https:\/\/www.bellunopress.it\/2009\/10\/07\/un-atlante-per-le-piste-ciclabili-del-veneto\/"},"author":{"name":"redazione","@id":"https:\/\/www.bellunopress.it\/#\/schema\/person\/79bb06722b37ece1c03d3e94beb30d73"},"headline":"Un atlante per le piste ciclabili del Veneto","datePublished":"2009-10-07T19:48:38+00:00","mainEntityOfPage":{"@id":"https:\/\/www.bellunopress.it\/2009\/10\/07\/un-atlante-per-le-piste-ciclabili-del-veneto\/"},"wordCount":310,"publisher":{"@id":"https:\/\/www.bellunopress.it\/#organization"},"image":{"@id":"https:\/\/www.bellunopress.it\/2009\/10\/07\/un-atlante-per-le-piste-ciclabili-del-veneto\/#primaryimage"},"thumbnailUrl":"http:\/\/www.bellunopress.it\/wp-content\/uploads\/2009\/09\/renato-chisso.jpg","keywords":["Belluno","Dolomiti"],"articleSection":["Cronaca\/Politica","Prima Pagina"],"inLanguage":"fr-FR"},{"@type":"WebPage","@id":"https:\/\/www.bellunopress.it\/2009\/10\/07\/un-atlante-per-le-piste-ciclabili-del-veneto\/","url":"https:\/\/www.bellunopress.it\/2009\/10\/07\/un-atlante-per-le-piste-ciclabili-del-veneto\/","name":"Un atlante per le piste ciclabili del Veneto - Bellunopress - Dolomiti","isPartOf":{"@id":"https:\/\/www.bellunopress.it\/#website"},"primaryImageOfPage":{"@id":"https:\/\/www.bellunopress.it\/2009\/10\/07\/un-atlante-per-le-piste-ciclabili-del-veneto\/#primaryimage"},"image":{"@id":"https:\/\/www.bellunopress.it\/2009\/10\/07\/un-atlante-per-le-piste-ciclabili-del-veneto\/#primaryimage"},"thumbnailUrl":"http:\/\/www.bellunopress.it\/wp-content\/uploads\/2009\/09\/renato-chisso.jpg","datePublished":"2009-10-07T19:48:38+00:00","breadcrumb":{"@id":"https:\/\/www.bellunopress.it\/2009\/10\/07\/un-atlante-per-le-piste-ciclabili-del-veneto\/#breadcrumb"},"inLanguage":"fr-FR","potentialAction":[{"@type":"ReadAction","target":["https:\/\/www.bellunopress.it\/2009\/10\/07\/un-atlante-per-le-piste-ciclabili-del-veneto\/"]}]},{"@type":"ImageObject","inLanguage":"fr-FR","@id":"https:\/\/www.bellunopress.it\/2009\/10\/07\/un-atlante-per-le-piste-ciclabili-del-veneto\/#primaryimage","url":"http:\/\/www.bellunopress.it\/wp-content\/uploads\/2009\/09\/renato-chisso.jpg","contentUrl":"http:\/\/www.bellunopress.it\/wp-content\/uploads\/2009\/09\/renato-chisso.jpg"},{"@type":"BreadcrumbList","@id":"https:\/\/www.bellunopress.it\/2009\/10\/07\/un-atlante-per-le-piste-ciclabili-del-veneto\/#breadcrumb","itemListElement":[{"@type":"ListItem","position":1,"name":"Home","item":"https:\/\/www.bellunopress.it\/"},{"@type":"ListItem","position":2,"name":"Un atlante per le piste ciclabili del Veneto"}]},{"@type":"WebSite","@id":"https:\/\/www.bellunopress.it\/#website","url":"https:\/\/www.bellunopress.it\/","name":"Bellunopress - Dolomiti","description":"e-mail: redazione@bellunopress.it","publisher":{"@id":"https:\/\/www.bellunopress.it\/#organization"},"potentialAction":[{"@type":"SearchAction","target":{"@type":"EntryPoint","urlTemplate":"https:\/\/www.bellunopress.it\/?s={search_term_string}"},"query-input":{"@type":"PropertyValueSpecification","valueRequired":true,"valueName":"search_term_string"}}],"inLanguage":"fr-FR"},{"@type":"Organization","@id":"https:\/\/www.bellunopress.it\/#organization","name":"Bellunopress","url":"https:\/\/www.bellunopress.it\/","logo":{"@type":"ImageObject","inLanguage":"fr-FR","@id":"https:\/\/www.bellunopress.it\/#\/schema\/logo\/image\/","url":"https:\/\/www.bellunopress.it\/wp-content\/uploads\/2011\/05\/cropped-logo-bellunopress-.jpg","contentUrl":"https:\/\/www.bellunopress.it\/wp-content\/uploads\/2011\/05\/cropped-logo-bellunopress-.jpg","width":512,"height":512,"caption":"Bellunopress"},"image":{"@id":"https:\/\/www.bellunopress.it\/#\/schema\/logo\/image\/"},"sameAs":["https:\/\/www.facebook.com\/profile.php?id=100008943462799","https:\/\/x.com\/bellunopress","https:\/\/www.linkedin.com\/hp\/?dnr=JBzUWaJfMUw8vbXJJ2tVW5-I3jZKvC4wsoxE&amp;amp;amp;amp;amp;amp;trk=nav_responsive_tab_home","https:\/\/www.youtube.com\/channel\/UCxL0wu1uN0_3_7hGG0306cw"]},{"@type":"Person","@id":"https:\/\/www.bellunopress.it\/#\/schema\/person\/79bb06722b37ece1c03d3e94beb30d73","name":"r\u00e9daction","image":{"@type":"ImageObject","inLanguage":"fr-FR","@id":"https:\/\/secure.gravatar.com\/avatar\/37d968a2e67a6fd04c169c4bdef102d0bc5d31b2546345219e348575eb80e9a0?s=96&d=mm&r=g","url":"https:\/\/secure.gravatar.com\/avatar\/37d968a2e67a6fd04c169c4bdef102d0bc5d31b2546345219e348575eb80e9a0?s=96&d=mm&r=g","contentUrl":"https:\/\/secure.gravatar.com\/avatar\/37d968a2e67a6fd04c169c4bdef102d0bc5d31b2546345219e348575eb80e9a0?s=96&d=mm&r=g","caption":"redazione"},"sameAs":["http:\/\/www.bellunopress.it","https:\/\/x.com\/bellunopress"],"url":"https:\/\/www.bellunopress.it\/fr\/author\/redazione\/"}]}},"_links":{"self":[{"href":"https:\/\/www.bellunopress.it\/fr\/wp-json\/wp\/v2\/posts\/8740","targetHints":{"allow":["GET"]}}],"collection":[{"href":"https:\/\/www.bellunopress.it\/fr\/wp-json\/wp\/v2\/posts"}],"about":[{"href":"https:\/\/www.bellunopress.it\/fr\/wp-json\/wp\/v2\/types\/post"}],"author":[{"embeddable":true,"href":"https:\/\/www.bellunopress.it\/fr\/wp-json\/wp\/v2\/users\/2"}],"replies":[{"embeddable":true,"href":"https:\/\/www.bellunopress.it\/fr\/wp-json\/wp\/v2\/comments?post=8740"}],"version-history":[{"count":1,"href":"https:\/\/www.bellunopress.it\/fr\/wp-json\/wp\/v2\/posts\/8740\/revisions"}],"predecessor-version":[{"id":8741,"href":"https:\/\/www.bellunopress.it\/fr\/wp-json\/wp\/v2\/posts\/8740\/revisions\/8741"}],"wp:attachment":[{"href":"https:\/\/www.bellunopress.it\/fr\/wp-json\/wp\/v2\/media?parent=8740"}],"wp:term":[{"taxonomy":"category","embeddable":true,"href":"https:\/\/www.bellunopress.it\/fr\/wp-json\/wp\/v2\/categories?post=8740"},{"taxonomy":"post_tag","embeddable":true,"href":"https:\/\/www.bellunopress.it\/fr\/wp-json\/wp\/v2\/tags?post=8740"}],"curies":[{"name":"wp","href":"https:\/\/api.w.org\/{rel}","templated":true}]}}