{"id":8715,"date":"2009-10-06T22:12:03","date_gmt":"2009-10-06T21:12:03","guid":{"rendered":"http:\/\/www.bellunopress.it\/?p=8715"},"modified":"2009-10-12T20:47:14","modified_gmt":"2009-10-12T19:47:14","slug":"frattura-a-palazzo-rosso-il-tempo-sta-per-scadere-o-la-testa-di-prade-o-quella-dei-suoi-uomini","status":"publish","type":"post","link":"https:\/\/www.bellunopress.it\/fr\/2009\/10\/06\/frattura-a-palazzo-rosso-il-tempo-sta-per-scadere-o-la-testa-di-prade-o-quella-dei-suoi-uomini\/","title":{"rendered":"Frattura a Palazzo rosso. Il tempo sta per scadere: o la testa di Prade o quella dei suoi uomini"},"content":{"rendered":"<p><a href=\"http:\/\/www.bellunopress.it\/wp-content\/uploads\/2009\/10\/consiglio-comunale-pdl.jpg\"><img loading=\"lazy\" decoding=\"async\" class=\"alignleft size-medium wp-image-8717\" title=\"consiglio-comunale-pdl\" src=\"http:\/\/www.bellunopress.it\/wp-content\/uploads\/2009\/10\/consiglio-comunale-pdl.jpg\" alt=\"\" width=\"270\" height=\"245\" \/><\/a>Fra due giorni lo stato maggiore regionale del centrodestra, si riunir\u00e0 per cercare di ricomporre lo strappo a Palazzo Rosso. Quello che nell&#8217;ultima riunione di Consiglio comunale del 30 settembre ha impedito l&#8217;approvazione del bilancio per il voto contrario dei sette consiglieri \u201cdissidenti\u201d ex Forza Italia ora Pdl Domenica Piol, Francesco La Grua, Mario Visone, Orazio Da Rold, Antonio Marrone, Michele Palumbo e Antonio Uneddu (neo consigliere subentrato a Fabio Da Re divenuto assessore al posto di Denio Dal Pont silurato da Prade). Ebbene, \u00e8 evidente che ai vertici Pdl (e Lega) non interessano le beghe da frati della periferia, l&#8217;importante \u00e8 che l&#8217;alleanza di centrodestra mantenga in vita la giunta e il sindaco fino a scadenza naturale del mandato. E dunque chieder\u00e0 in modo molto convincente ad Antonio Prade e ai sette dissidenti di trovare un accordo. Il tutto verr\u00e0 condito e confezionato con belle parole e nobili principi e poi servito per il bene della citt\u00e0. Se Prade ha ambizioni politiche future (Regione, Parlamento, Europarlamento) deve fare un passo indietro e sacrificare qualche sua scelta che ha irritato la sua maggioranza fino a sfiduciarlo. Se rimarr\u00e0 saldamente ancorato alle sulle sue posizioni i \u201cmagnifici sette\u201d gli voteranno ancora contro. Cos\u00ec il bilancio non verr\u00e0 approvato, si aprir\u00e0 la crisi, con la conseguente nomina di un commissario prefettizio e l&#8217;anno prossimo si andr\u00e0 al voto (insieme alle regionali). Ovvio che in tal caso Prade non avr\u00e0 pi\u00f9 il sostegno del Pdl per ricandidarsi. Ma cosa chiedono i sette dissidenti per far passare il bilancio del Comune e mantenere in sella Prade? Pare vogliano solo salvare la citt\u00e0, senza chiedere nessuna poltrona in cambio. Salvare la citt\u00e0 significa sanare lo sforamento di 1,6 milioni di euro di bilancio. E come? Tagliando le spese superflue. Come ad esempio il Servizio comunicazione che Prade ha affidato a Vincenzo Agostini (29mila euro il primo anno, poi saliti a 39mila), portavoce non gradito al centrodestra perch\u00e9 Agostini era assessore nella precedente giunta di centrosinistra (sindaco De Col). E che dire di Salmaso, l&#8217;ex comandante dei Vigili urbani, altro uomo di Prade che costava un centinaio di euro l&#8217;anno. Saliamo ancora n po&#8217;. C&#8217;\u00e8 un altro uomo di Prade che occupa una poltrona dorata che costa ai cittadini circa 184mila euro l&#8217;anno, \u00e8 Riccardo Nobile il segretario generale del Comune. Un altro uomo di Prade \u00e8 l&#8217;amministratore unico della Bellunum Ermanno Gaspari. Eppoi c&#8217;\u00e8 la nomina a consigliere della SerSa di Domenico Vescarelli al posto di Maurizio Schenal. Infine il famoso siluramento dell&#8217;assessore Denio Dal Pont che era stato eletto consigliere comunale con quasi 400 preferenze dai bellunesi. E la presenza in giunta dell&#8217;Udc (Marco Da Rin Zanco) che centralmente \u00e8 all&#8217;opposizione. Tutte \u201coperazioni azzardate\u201d di Prade che hanno fatto saltare gli equilibri politici interni. Compromesso significa a questo punto tagliare qualche testa, qualche nomina non concordata con la maggioranza di governo. E ridurre la spesa utilizzando professionalit\u00e0 interne alle strutture, per non sforare il patto di stabilit\u00e0 del bilancio comunale. Senza alcuna poltrona in cambio, giurano i dissidenti. Ma se nel dicembre del 2008 circolava il nome di Marrone alla Bellunum poi\u00a0 bruciato da Gaspari. C&#8217;\u00e8 ancora qualcosa che non quadra, oltre al bilancio.<\/p>","protected":false},"excerpt":{"rendered":"<p>Fra due giorni lo stato maggiore regionale del centrodestra, si riunir\u00e0 per cercare di ricomporre lo strappo a Palazzo Rosso. Quello che nell&#8217;ultima riunione di Consiglio comunale del 30 settembre ha impedito l&#8217;approvazione del bilancio per il voto contrario dei sette consiglieri \u201cdissidenti\u201d ex Forza Italia ora Pdl Domenica Piol, Francesco La Grua, Mario Visone, [&hellip;]<\/p>\n","protected":false},"author":2,"featured_media":0,"comment_status":"closed","ping_status":"open","sticky":false,"template":"","format":"standard","meta":{"footnotes":""},"categories":[5],"tags":[139],"class_list":["post-8715","post","type-post","status-publish","format-standard","category-cronaca","tag-belluno"],"yoast_head":"<!-- This site is optimized with the Yoast SEO plugin v28.4 - https:\/\/yoast.com\/product\/yoast-seo-wordpress\/ -->\n<title>Frattura a Palazzo rosso. Il tempo sta per scadere: o la testa di Prade o quella dei suoi uomini  - Bellunopress - Dolomiti<\/title>\n<meta name=\"robots\" content=\"index, follow, max-snippet:-1, max-image-preview:large, max-video-preview:-1\" \/>\n<link rel=\"canonical\" href=\"https:\/\/www.bellunopress.it\/fr\/2009\/10\/06\/frattura-a-palazzo-rosso-il-tempo-sta-per-scadere-o-la-testa-di-prade-o-quella-dei-suoi-uomini\/\" \/>\n<meta property=\"og:locale\" content=\"fr_FR\" \/>\n<meta property=\"og:type\" content=\"article\" \/>\n<meta property=\"og:title\" content=\"Frattura a Palazzo rosso. Il tempo sta per scadere: o la testa di Prade o quella dei suoi uomini  - Bellunopress - Dolomiti\" \/>\n<meta property=\"og:description\" content=\"Fra due giorni lo stato maggiore regionale del centrodestra, si riunir\u00e0 per cercare di ricomporre lo strappo a Palazzo Rosso. Quello che nell&#8217;ultima riunione di Consiglio comunale del 30 settembre ha impedito l&#8217;approvazione del bilancio per il voto contrario dei sette consiglieri \u201cdissidenti\u201d ex Forza Italia ora Pdl Domenica Piol, Francesco La Grua, Mario Visone, [&hellip;]\" \/>\n<meta property=\"og:url\" content=\"https:\/\/www.bellunopress.it\/fr\/2009\/10\/06\/frattura-a-palazzo-rosso-il-tempo-sta-per-scadere-o-la-testa-di-prade-o-quella-dei-suoi-uomini\/\" \/>\n<meta property=\"og:site_name\" content=\"Bellunopress - Dolomiti\" \/>\n<meta property=\"article:publisher\" content=\"https:\/\/www.facebook.com\/profile.php?id=100008943462799\" \/>\n<meta property=\"article:published_time\" content=\"2009-10-06T21:12:03+00:00\" \/>\n<meta property=\"article:modified_time\" content=\"2009-10-12T19:47:14+00:00\" \/>\n<meta property=\"og:image\" content=\"http:\/\/www.bellunopress.it\/wp-content\/uploads\/2009\/10\/consiglio-comunale-pdl.jpg\" \/>\n<meta name=\"author\" content=\"redazione\" \/>\n<meta name=\"twitter:card\" content=\"summary_large_image\" \/>\n<meta name=\"twitter:creator\" content=\"@bellunopress\" \/>\n<meta name=\"twitter:site\" content=\"@bellunopress\" \/>\n<meta name=\"twitter:label1\" content=\"\u00c9crit par\" \/>\n\t<meta name=\"twitter:data1\" content=\"redazione\" \/>\n\t<meta name=\"twitter:label2\" content=\"Dur\u00e9e de lecture estim\u00e9e\" \/>\n\t<meta name=\"twitter:data2\" content=\"3 minutes\" \/>\n<script type=\"application\/ld+json\" class=\"yoast-schema-graph\">{\"@context\":\"https:\\\/\\\/schema.org\",\"@graph\":[{\"@type\":\"Article\",\"@id\":\"https:\\\/\\\/www.bellunopress.it\\\/2009\\\/10\\\/06\\\/frattura-a-palazzo-rosso-il-tempo-sta-per-scadere-o-la-testa-di-prade-o-quella-dei-suoi-uomini\\\/#article\",\"isPartOf\":{\"@id\":\"https:\\\/\\\/www.bellunopress.it\\\/2009\\\/10\\\/06\\\/frattura-a-palazzo-rosso-il-tempo-sta-per-scadere-o-la-testa-di-prade-o-quella-dei-suoi-uomini\\\/\"},\"author\":{\"name\":\"redazione\",\"@id\":\"https:\\\/\\\/www.bellunopress.it\\\/#\\\/schema\\\/person\\\/79bb06722b37ece1c03d3e94beb30d73\"},\"headline\":\"Frattura a Palazzo rosso. Il tempo sta per scadere: o la testa di Prade o quella dei suoi uomini\",\"datePublished\":\"2009-10-06T21:12:03+00:00\",\"dateModified\":\"2009-10-12T19:47:14+00:00\",\"mainEntityOfPage\":{\"@id\":\"https:\\\/\\\/www.bellunopress.it\\\/2009\\\/10\\\/06\\\/frattura-a-palazzo-rosso-il-tempo-sta-per-scadere-o-la-testa-di-prade-o-quella-dei-suoi-uomini\\\/\"},\"wordCount\":552,\"publisher\":{\"@id\":\"https:\\\/\\\/www.bellunopress.it\\\/#organization\"},\"image\":{\"@id\":\"https:\\\/\\\/www.bellunopress.it\\\/2009\\\/10\\\/06\\\/frattura-a-palazzo-rosso-il-tempo-sta-per-scadere-o-la-testa-di-prade-o-quella-dei-suoi-uomini\\\/#primaryimage\"},\"thumbnailUrl\":\"http:\\\/\\\/www.bellunopress.it\\\/wp-content\\\/uploads\\\/2009\\\/10\\\/consiglio-comunale-pdl.jpg\",\"keywords\":[\"Belluno\"],\"articleSection\":[\"Cronaca\\\/Politica\"],\"inLanguage\":\"fr-FR\"},{\"@type\":\"WebPage\",\"@id\":\"https:\\\/\\\/www.bellunopress.it\\\/2009\\\/10\\\/06\\\/frattura-a-palazzo-rosso-il-tempo-sta-per-scadere-o-la-testa-di-prade-o-quella-dei-suoi-uomini\\\/\",\"url\":\"https:\\\/\\\/www.bellunopress.it\\\/2009\\\/10\\\/06\\\/frattura-a-palazzo-rosso-il-tempo-sta-per-scadere-o-la-testa-di-prade-o-quella-dei-suoi-uomini\\\/\",\"name\":\"Frattura a Palazzo rosso. Il tempo sta per scadere: o la testa di Prade o quella dei suoi uomini - Bellunopress - Dolomiti\",\"isPartOf\":{\"@id\":\"https:\\\/\\\/www.bellunopress.it\\\/#website\"},\"primaryImageOfPage\":{\"@id\":\"https:\\\/\\\/www.bellunopress.it\\\/2009\\\/10\\\/06\\\/frattura-a-palazzo-rosso-il-tempo-sta-per-scadere-o-la-testa-di-prade-o-quella-dei-suoi-uomini\\\/#primaryimage\"},\"image\":{\"@id\":\"https:\\\/\\\/www.bellunopress.it\\\/2009\\\/10\\\/06\\\/frattura-a-palazzo-rosso-il-tempo-sta-per-scadere-o-la-testa-di-prade-o-quella-dei-suoi-uomini\\\/#primaryimage\"},\"thumbnailUrl\":\"http:\\\/\\\/www.bellunopress.it\\\/wp-content\\\/uploads\\\/2009\\\/10\\\/consiglio-comunale-pdl.jpg\",\"datePublished\":\"2009-10-06T21:12:03+00:00\",\"dateModified\":\"2009-10-12T19:47:14+00:00\",\"breadcrumb\":{\"@id\":\"https:\\\/\\\/www.bellunopress.it\\\/2009\\\/10\\\/06\\\/frattura-a-palazzo-rosso-il-tempo-sta-per-scadere-o-la-testa-di-prade-o-quella-dei-suoi-uomini\\\/#breadcrumb\"},\"inLanguage\":\"fr-FR\",\"potentialAction\":[{\"@type\":\"ReadAction\",\"target\":[\"https:\\\/\\\/www.bellunopress.it\\\/2009\\\/10\\\/06\\\/frattura-a-palazzo-rosso-il-tempo-sta-per-scadere-o-la-testa-di-prade-o-quella-dei-suoi-uomini\\\/\"]}]},{\"@type\":\"ImageObject\",\"inLanguage\":\"fr-FR\",\"@id\":\"https:\\\/\\\/www.bellunopress.it\\\/2009\\\/10\\\/06\\\/frattura-a-palazzo-rosso-il-tempo-sta-per-scadere-o-la-testa-di-prade-o-quella-dei-suoi-uomini\\\/#primaryimage\",\"url\":\"http:\\\/\\\/www.bellunopress.it\\\/wp-content\\\/uploads\\\/2009\\\/10\\\/consiglio-comunale-pdl.jpg\",\"contentUrl\":\"http:\\\/\\\/www.bellunopress.it\\\/wp-content\\\/uploads\\\/2009\\\/10\\\/consiglio-comunale-pdl.jpg\"},{\"@type\":\"BreadcrumbList\",\"@id\":\"https:\\\/\\\/www.bellunopress.it\\\/2009\\\/10\\\/06\\\/frattura-a-palazzo-rosso-il-tempo-sta-per-scadere-o-la-testa-di-prade-o-quella-dei-suoi-uomini\\\/#breadcrumb\",\"itemListElement\":[{\"@type\":\"ListItem\",\"position\":1,\"name\":\"Home\",\"item\":\"https:\\\/\\\/www.bellunopress.it\\\/\"},{\"@type\":\"ListItem\",\"position\":2,\"name\":\"Frattura a Palazzo rosso. Il tempo sta per scadere: o la testa di Prade o quella dei suoi uomini\"}]},{\"@type\":\"WebSite\",\"@id\":\"https:\\\/\\\/www.bellunopress.it\\\/#website\",\"url\":\"https:\\\/\\\/www.bellunopress.it\\\/\",\"name\":\"Bellunopress - Dolomiti\",\"description\":\"e-mail: redazione@bellunopress.it\",\"publisher\":{\"@id\":\"https:\\\/\\\/www.bellunopress.it\\\/#organization\"},\"potentialAction\":[{\"@type\":\"SearchAction\",\"target\":{\"@type\":\"EntryPoint\",\"urlTemplate\":\"https:\\\/\\\/www.bellunopress.it\\\/?s={search_term_string}\"},\"query-input\":{\"@type\":\"PropertyValueSpecification\",\"valueRequired\":true,\"valueName\":\"search_term_string\"}}],\"inLanguage\":\"fr-FR\"},{\"@type\":\"Organization\",\"@id\":\"https:\\\/\\\/www.bellunopress.it\\\/#organization\",\"name\":\"Bellunopress\",\"url\":\"https:\\\/\\\/www.bellunopress.it\\\/\",\"logo\":{\"@type\":\"ImageObject\",\"inLanguage\":\"fr-FR\",\"@id\":\"https:\\\/\\\/www.bellunopress.it\\\/#\\\/schema\\\/logo\\\/image\\\/\",\"url\":\"https:\\\/\\\/www.bellunopress.it\\\/wp-content\\\/uploads\\\/2011\\\/05\\\/cropped-logo-bellunopress-.jpg\",\"contentUrl\":\"https:\\\/\\\/www.bellunopress.it\\\/wp-content\\\/uploads\\\/2011\\\/05\\\/cropped-logo-bellunopress-.jpg\",\"width\":512,\"height\":512,\"caption\":\"Bellunopress\"},\"image\":{\"@id\":\"https:\\\/\\\/www.bellunopress.it\\\/#\\\/schema\\\/logo\\\/image\\\/\"},\"sameAs\":[\"https:\\\/\\\/www.facebook.com\\\/profile.php?id=100008943462799\",\"https:\\\/\\\/x.com\\\/bellunopress\",\"https:\\\/\\\/www.linkedin.com\\\/hp\\\/?dnr=JBzUWaJfMUw8vbXJJ2tVW5-I3jZKvC4wsoxE&amp;amp;amp;amp;amp;amp;trk=nav_responsive_tab_home\",\"https:\\\/\\\/www.youtube.com\\\/channel\\\/UCxL0wu1uN0_3_7hGG0306cw\"]},{\"@type\":\"Person\",\"@id\":\"https:\\\/\\\/www.bellunopress.it\\\/#\\\/schema\\\/person\\\/79bb06722b37ece1c03d3e94beb30d73\",\"name\":\"redazione\",\"image\":{\"@type\":\"ImageObject\",\"inLanguage\":\"fr-FR\",\"@id\":\"https:\\\/\\\/secure.gravatar.com\\\/avatar\\\/37d968a2e67a6fd04c169c4bdef102d0bc5d31b2546345219e348575eb80e9a0?s=96&d=mm&r=g\",\"url\":\"https:\\\/\\\/secure.gravatar.com\\\/avatar\\\/37d968a2e67a6fd04c169c4bdef102d0bc5d31b2546345219e348575eb80e9a0?s=96&d=mm&r=g\",\"contentUrl\":\"https:\\\/\\\/secure.gravatar.com\\\/avatar\\\/37d968a2e67a6fd04c169c4bdef102d0bc5d31b2546345219e348575eb80e9a0?s=96&d=mm&r=g\",\"caption\":\"redazione\"},\"sameAs\":[\"http:\\\/\\\/www.bellunopress.it\",\"https:\\\/\\\/x.com\\\/bellunopress\"],\"url\":\"https:\\\/\\\/www.bellunopress.it\\\/fr\\\/author\\\/redazione\\\/\"}]}<\/script>\n<!-- \/ Yoast SEO plugin. -->","yoast_head_json":{"title":"Frattura a Palazzo rosso. Il tempo sta per scadere: o la testa di Prade o quella dei suoi uomini  - Bellunopress - Dolomiti","robots":{"index":"index","follow":"follow","max-snippet":"max-snippet:-1","max-image-preview":"max-image-preview:large","max-video-preview":"max-video-preview:-1"},"canonical":"https:\/\/www.bellunopress.it\/fr\/2009\/10\/06\/frattura-a-palazzo-rosso-il-tempo-sta-per-scadere-o-la-testa-di-prade-o-quella-dei-suoi-uomini\/","og_locale":"fr_FR","og_type":"article","og_title":"Frattura a Palazzo rosso. Il tempo sta per scadere: o la testa di Prade o quella dei suoi uomini  - Bellunopress - Dolomiti","og_description":"Fra due giorni lo stato maggiore regionale del centrodestra, si riunir\u00e0 per cercare di ricomporre lo strappo a Palazzo Rosso. Quello che nell&#8217;ultima riunione di Consiglio comunale del 30 settembre ha impedito l&#8217;approvazione del bilancio per il voto contrario dei sette consiglieri \u201cdissidenti\u201d ex Forza Italia ora Pdl Domenica Piol, Francesco La Grua, Mario Visone, [&hellip;]","og_url":"https:\/\/www.bellunopress.it\/fr\/2009\/10\/06\/frattura-a-palazzo-rosso-il-tempo-sta-per-scadere-o-la-testa-di-prade-o-quella-dei-suoi-uomini\/","og_site_name":"Bellunopress - Dolomiti","article_publisher":"https:\/\/www.facebook.com\/profile.php?id=100008943462799","article_published_time":"2009-10-06T21:12:03+00:00","article_modified_time":"2009-10-12T19:47:14+00:00","og_image":[{"url":"http:\/\/www.bellunopress.it\/wp-content\/uploads\/2009\/10\/consiglio-comunale-pdl.jpg","type":"","width":"","height":""}],"author":"redazione","twitter_card":"summary_large_image","twitter_creator":"@bellunopress","twitter_site":"@bellunopress","twitter_misc":{"\u00c9crit par":"redazione","Dur\u00e9e de lecture estim\u00e9e":"3 minutes"},"schema":{"@context":"https:\/\/schema.org","@graph":[{"@type":"Article","@id":"https:\/\/www.bellunopress.it\/2009\/10\/06\/frattura-a-palazzo-rosso-il-tempo-sta-per-scadere-o-la-testa-di-prade-o-quella-dei-suoi-uomini\/#article","isPartOf":{"@id":"https:\/\/www.bellunopress.it\/2009\/10\/06\/frattura-a-palazzo-rosso-il-tempo-sta-per-scadere-o-la-testa-di-prade-o-quella-dei-suoi-uomini\/"},"author":{"name":"redazione","@id":"https:\/\/www.bellunopress.it\/#\/schema\/person\/79bb06722b37ece1c03d3e94beb30d73"},"headline":"Frattura a Palazzo rosso. Il tempo sta per scadere: o la testa di Prade o quella dei suoi uomini","datePublished":"2009-10-06T21:12:03+00:00","dateModified":"2009-10-12T19:47:14+00:00","mainEntityOfPage":{"@id":"https:\/\/www.bellunopress.it\/2009\/10\/06\/frattura-a-palazzo-rosso-il-tempo-sta-per-scadere-o-la-testa-di-prade-o-quella-dei-suoi-uomini\/"},"wordCount":552,"publisher":{"@id":"https:\/\/www.bellunopress.it\/#organization"},"image":{"@id":"https:\/\/www.bellunopress.it\/2009\/10\/06\/frattura-a-palazzo-rosso-il-tempo-sta-per-scadere-o-la-testa-di-prade-o-quella-dei-suoi-uomini\/#primaryimage"},"thumbnailUrl":"http:\/\/www.bellunopress.it\/wp-content\/uploads\/2009\/10\/consiglio-comunale-pdl.jpg","keywords":["Belluno"],"articleSection":["Cronaca\/Politica"],"inLanguage":"fr-FR"},{"@type":"WebPage","@id":"https:\/\/www.bellunopress.it\/2009\/10\/06\/frattura-a-palazzo-rosso-il-tempo-sta-per-scadere-o-la-testa-di-prade-o-quella-dei-suoi-uomini\/","url":"https:\/\/www.bellunopress.it\/2009\/10\/06\/frattura-a-palazzo-rosso-il-tempo-sta-per-scadere-o-la-testa-di-prade-o-quella-dei-suoi-uomini\/","name":"Frattura a Palazzo rosso. Il tempo sta per scadere: o la testa di Prade o quella dei suoi uomini - Bellunopress - Dolomiti","isPartOf":{"@id":"https:\/\/www.bellunopress.it\/#website"},"primaryImageOfPage":{"@id":"https:\/\/www.bellunopress.it\/2009\/10\/06\/frattura-a-palazzo-rosso-il-tempo-sta-per-scadere-o-la-testa-di-prade-o-quella-dei-suoi-uomini\/#primaryimage"},"image":{"@id":"https:\/\/www.bellunopress.it\/2009\/10\/06\/frattura-a-palazzo-rosso-il-tempo-sta-per-scadere-o-la-testa-di-prade-o-quella-dei-suoi-uomini\/#primaryimage"},"thumbnailUrl":"http:\/\/www.bellunopress.it\/wp-content\/uploads\/2009\/10\/consiglio-comunale-pdl.jpg","datePublished":"2009-10-06T21:12:03+00:00","dateModified":"2009-10-12T19:47:14+00:00","breadcrumb":{"@id":"https:\/\/www.bellunopress.it\/2009\/10\/06\/frattura-a-palazzo-rosso-il-tempo-sta-per-scadere-o-la-testa-di-prade-o-quella-dei-suoi-uomini\/#breadcrumb"},"inLanguage":"fr-FR","potentialAction":[{"@type":"ReadAction","target":["https:\/\/www.bellunopress.it\/2009\/10\/06\/frattura-a-palazzo-rosso-il-tempo-sta-per-scadere-o-la-testa-di-prade-o-quella-dei-suoi-uomini\/"]}]},{"@type":"ImageObject","inLanguage":"fr-FR","@id":"https:\/\/www.bellunopress.it\/2009\/10\/06\/frattura-a-palazzo-rosso-il-tempo-sta-per-scadere-o-la-testa-di-prade-o-quella-dei-suoi-uomini\/#primaryimage","url":"http:\/\/www.bellunopress.it\/wp-content\/uploads\/2009\/10\/consiglio-comunale-pdl.jpg","contentUrl":"http:\/\/www.bellunopress.it\/wp-content\/uploads\/2009\/10\/consiglio-comunale-pdl.jpg"},{"@type":"BreadcrumbList","@id":"https:\/\/www.bellunopress.it\/2009\/10\/06\/frattura-a-palazzo-rosso-il-tempo-sta-per-scadere-o-la-testa-di-prade-o-quella-dei-suoi-uomini\/#breadcrumb","itemListElement":[{"@type":"ListItem","position":1,"name":"Home","item":"https:\/\/www.bellunopress.it\/"},{"@type":"ListItem","position":2,"name":"Frattura a Palazzo rosso. Il tempo sta per scadere: o la testa di Prade o quella dei suoi uomini"}]},{"@type":"WebSite","@id":"https:\/\/www.bellunopress.it\/#website","url":"https:\/\/www.bellunopress.it\/","name":"Bellunopress - Dolomiti","description":"e-mail: redazione@bellunopress.it","publisher":{"@id":"https:\/\/www.bellunopress.it\/#organization"},"potentialAction":[{"@type":"SearchAction","target":{"@type":"EntryPoint","urlTemplate":"https:\/\/www.bellunopress.it\/?s={search_term_string}"},"query-input":{"@type":"PropertyValueSpecification","valueRequired":true,"valueName":"search_term_string"}}],"inLanguage":"fr-FR"},{"@type":"Organization","@id":"https:\/\/www.bellunopress.it\/#organization","name":"Bellunopress","url":"https:\/\/www.bellunopress.it\/","logo":{"@type":"ImageObject","inLanguage":"fr-FR","@id":"https:\/\/www.bellunopress.it\/#\/schema\/logo\/image\/","url":"https:\/\/www.bellunopress.it\/wp-content\/uploads\/2011\/05\/cropped-logo-bellunopress-.jpg","contentUrl":"https:\/\/www.bellunopress.it\/wp-content\/uploads\/2011\/05\/cropped-logo-bellunopress-.jpg","width":512,"height":512,"caption":"Bellunopress"},"image":{"@id":"https:\/\/www.bellunopress.it\/#\/schema\/logo\/image\/"},"sameAs":["https:\/\/www.facebook.com\/profile.php?id=100008943462799","https:\/\/x.com\/bellunopress","https:\/\/www.linkedin.com\/hp\/?dnr=JBzUWaJfMUw8vbXJJ2tVW5-I3jZKvC4wsoxE&amp;amp;amp;amp;amp;amp;trk=nav_responsive_tab_home","https:\/\/www.youtube.com\/channel\/UCxL0wu1uN0_3_7hGG0306cw"]},{"@type":"Person","@id":"https:\/\/www.bellunopress.it\/#\/schema\/person\/79bb06722b37ece1c03d3e94beb30d73","name":"r\u00e9daction","image":{"@type":"ImageObject","inLanguage":"fr-FR","@id":"https:\/\/secure.gravatar.com\/avatar\/37d968a2e67a6fd04c169c4bdef102d0bc5d31b2546345219e348575eb80e9a0?s=96&d=mm&r=g","url":"https:\/\/secure.gravatar.com\/avatar\/37d968a2e67a6fd04c169c4bdef102d0bc5d31b2546345219e348575eb80e9a0?s=96&d=mm&r=g","contentUrl":"https:\/\/secure.gravatar.com\/avatar\/37d968a2e67a6fd04c169c4bdef102d0bc5d31b2546345219e348575eb80e9a0?s=96&d=mm&r=g","caption":"redazione"},"sameAs":["http:\/\/www.bellunopress.it","https:\/\/x.com\/bellunopress"],"url":"https:\/\/www.bellunopress.it\/fr\/author\/redazione\/"}]}},"_links":{"self":[{"href":"https:\/\/www.bellunopress.it\/fr\/wp-json\/wp\/v2\/posts\/8715","targetHints":{"allow":["GET"]}}],"collection":[{"href":"https:\/\/www.bellunopress.it\/fr\/wp-json\/wp\/v2\/posts"}],"about":[{"href":"https:\/\/www.bellunopress.it\/fr\/wp-json\/wp\/v2\/types\/post"}],"author":[{"embeddable":true,"href":"https:\/\/www.bellunopress.it\/fr\/wp-json\/wp\/v2\/users\/2"}],"replies":[{"embeddable":true,"href":"https:\/\/www.bellunopress.it\/fr\/wp-json\/wp\/v2\/comments?post=8715"}],"version-history":[{"count":4,"href":"https:\/\/www.bellunopress.it\/fr\/wp-json\/wp\/v2\/posts\/8715\/revisions"}],"predecessor-version":[{"id":8867,"href":"https:\/\/www.bellunopress.it\/fr\/wp-json\/wp\/v2\/posts\/8715\/revisions\/8867"}],"wp:attachment":[{"href":"https:\/\/www.bellunopress.it\/fr\/wp-json\/wp\/v2\/media?parent=8715"}],"wp:term":[{"taxonomy":"category","embeddable":true,"href":"https:\/\/www.bellunopress.it\/fr\/wp-json\/wp\/v2\/categories?post=8715"},{"taxonomy":"post_tag","embeddable":true,"href":"https:\/\/www.bellunopress.it\/fr\/wp-json\/wp\/v2\/tags?post=8715"}],"curies":[{"name":"wp","href":"https:\/\/api.w.org\/{rel}","templated":true}]}}