{"id":87117,"date":"2017-06-20T08:36:35","date_gmt":"2017-06-20T06:36:35","guid":{"rendered":"http:\/\/www.bellunopress.it\/?p=87117"},"modified":"2017-06-22T07:00:02","modified_gmt":"2017-06-22T05:00:02","slug":"festa-della-musica-mercoledi-a-palazzo-fulcis-il-concerto-della-scuola-miari","status":"publish","type":"post","link":"https:\/\/www.bellunopress.it\/fr\/2017\/06\/20\/festa-della-musica-mercoledi-a-palazzo-fulcis-il-concerto-della-scuola-miari\/","title":{"rendered":"Festa della musica. Mercoled\u00ec a Palazzo Fulcis il concerto della Scuola Miari"},"content":{"rendered":"<p>Mercoled\u00ec 21 giugno a Palazzo Fulcis si terr\u00e0 il concerto gratuito con musiche per flauto e pianoforte.<\/p>\n<p>La Festa della Musica \u00e8 stata ideata in Francia nel 1982 e nel volgere di pochi anni \u00e8 divenuta un fenomeno internazionale. La manifestazione si rivolge a tutti i musicisti, dilettanti e professionisti, italiani e stranieri, e il suo spirito \u00e8 proprio quello di una partecipazione collettiva, con concerti dal vivo gratuiti in qualsiasi tipo luogo e di qualunque genere musicale: va sostenuta la spontaneit\u00e0, la voglia di mettersi in gioco e l&#8217;espressione libera ed \u00e8 una festa soprattutto pensata per coloro che la musica la fanno.<\/p>\n<p><a href=\"http:\/\/www.bellunopress.it\/wp-content\/uploads\/2017\/01\/palazzo-fulcis-5.jpg\"><img loading=\"lazy\" decoding=\"async\" class=\"alignleft size-full wp-image-83542\" src=\"http:\/\/www.bellunopress.it\/wp-content\/uploads\/2017\/01\/palazzo-fulcis-5.jpg\" alt=\"\" width=\"300\" height=\"200\" \/><\/a>La Festa della Musica si celebra il giorno del solstizio d&#8217;estate, il 21 giugno, e dal 2002 ad oggi, grazie al coordinamento dell&#8217;AIPFM (Associazione Italiana per la Promozione della Festa della Musica), in Italia ha visto la partecipazione di oltre 280 citt\u00e0. Con il forte impulso dato anche dal Mibact (Ministero dei beni e delle attivit\u00e0 culturali e del turismo), nel coinvolgimento degli enti locali, dei conservatori e delle scuole di musica, non potevano mancare in questa rete invisibile ma ben solida n\u00e9 Belluno n\u00e9 tantomeno la Scuola &#8220;Miari&#8221;, sempre in prima linea per iniziative a sostegno della cultura e della condivisione.<\/p>\n<p>Mercoled\u00ec 21 giugno quindi, alle ore 20:45, la Scuola Comunale di Musica &#8220;Antonio Miari&#8221; parteciper\u00e0 alla Festa europea della Musica con un concerto esclusivo organizzato presso Palazzo Fulcis. Ad esibirsi saranno Giulia Lozza, flauto, e Matteo Andri, pianoforte, con un programma di musiche dei seguenti compositori: Gabriel Faur\u00e9, Sergej Prokof&#8217;ev e C\u00e9sar Franck (IN ALLEGATO PROGRAMMA DETTAGLIATO E BIOGRAFIE). Il concerto sar\u00e0 introdotto dalle allieve della classe di flauto dell&#8217;istituto: Irene Schinetti, Elisabetta Collarin, Francesca Segat.<\/p>\n<p>INGRESSO LIBERO SU PRENOTAZIONE:<br \/>\n0437 956305 &#8211; prenotazionimuseo@comune.belluno.it<\/p>","protected":false},"excerpt":{"rendered":"<p>Mercoled\u00ec 21 giugno a Palazzo Fulcis si terr\u00e0 il concerto gratuito con musiche per flauto e pianoforte. La Festa della Musica \u00e8 stata ideata in Francia nel 1982 e nel volgere di pochi anni \u00e8 divenuta un fenomeno internazionale. La manifestazione si rivolge a tutti i musicisti, dilettanti e professionisti, italiani e stranieri, e il [&hellip;]<\/p>\n","protected":false},"author":2,"featured_media":0,"comment_status":"closed","ping_status":"open","sticky":false,"template":"","format":"standard","meta":{"footnotes":""},"categories":[27,3],"tags":[],"class_list":["post-87117","post","type-post","status-publish","format-standard","category-appuntamenti","category-arte-cultura-spettacoli-scienza-archivi"],"yoast_head":"<!-- This site is optimized with the Yoast SEO plugin v28.4 - https:\/\/yoast.com\/product\/yoast-seo-wordpress\/ -->\n<title>Festa della musica. Mercoled\u00ec a Palazzo Fulcis il concerto della Scuola Miari - Bellunopress - Dolomiti<\/title>\n<meta name=\"robots\" content=\"index, follow, max-snippet:-1, max-image-preview:large, max-video-preview:-1\" \/>\n<link rel=\"canonical\" href=\"https:\/\/www.bellunopress.it\/fr\/2017\/06\/20\/festa-della-musica-mercoledi-a-palazzo-fulcis-il-concerto-della-scuola-miari\/\" \/>\n<meta property=\"og:locale\" content=\"fr_FR\" \/>\n<meta property=\"og:type\" content=\"article\" \/>\n<meta property=\"og:title\" content=\"Festa della musica. Mercoled\u00ec a Palazzo Fulcis il concerto della Scuola Miari - Bellunopress - Dolomiti\" \/>\n<meta property=\"og:description\" content=\"Mercoled\u00ec 21 giugno a Palazzo Fulcis si terr\u00e0 il concerto gratuito con musiche per flauto e pianoforte. La Festa della Musica \u00e8 stata ideata in Francia nel 1982 e nel volgere di pochi anni \u00e8 divenuta un fenomeno internazionale. La manifestazione si rivolge a tutti i musicisti, dilettanti e professionisti, italiani e stranieri, e il [&hellip;]\" \/>\n<meta property=\"og:url\" content=\"https:\/\/www.bellunopress.it\/fr\/2017\/06\/20\/festa-della-musica-mercoledi-a-palazzo-fulcis-il-concerto-della-scuola-miari\/\" \/>\n<meta property=\"og:site_name\" content=\"Bellunopress - Dolomiti\" \/>\n<meta property=\"article:publisher\" content=\"https:\/\/www.facebook.com\/profile.php?id=100008943462799\" \/>\n<meta property=\"article:published_time\" content=\"2017-06-20T06:36:35+00:00\" \/>\n<meta property=\"article:modified_time\" content=\"2017-06-22T05:00:02+00:00\" \/>\n<meta property=\"og:image\" content=\"http:\/\/www.bellunopress.it\/wp-content\/uploads\/2017\/01\/palazzo-fulcis-5.jpg\" \/>\n<meta name=\"author\" content=\"redazione\" \/>\n<meta name=\"twitter:card\" content=\"summary_large_image\" \/>\n<meta name=\"twitter:creator\" content=\"@bellunopress\" \/>\n<meta name=\"twitter:site\" content=\"@bellunopress\" \/>\n<meta name=\"twitter:label1\" content=\"\u00c9crit par\" \/>\n\t<meta name=\"twitter:data1\" content=\"redazione\" \/>\n\t<meta name=\"twitter:label2\" content=\"Dur\u00e9e de lecture estim\u00e9e\" \/>\n\t<meta name=\"twitter:data2\" content=\"1 minute\" \/>\n<script type=\"application\/ld+json\" class=\"yoast-schema-graph\">{\"@context\":\"https:\\\/\\\/schema.org\",\"@graph\":[{\"@type\":\"Article\",\"@id\":\"https:\\\/\\\/www.bellunopress.it\\\/2017\\\/06\\\/20\\\/festa-della-musica-mercoledi-a-palazzo-fulcis-il-concerto-della-scuola-miari\\\/#article\",\"isPartOf\":{\"@id\":\"https:\\\/\\\/www.bellunopress.it\\\/2017\\\/06\\\/20\\\/festa-della-musica-mercoledi-a-palazzo-fulcis-il-concerto-della-scuola-miari\\\/\"},\"author\":{\"name\":\"redazione\",\"@id\":\"https:\\\/\\\/www.bellunopress.it\\\/#\\\/schema\\\/person\\\/79bb06722b37ece1c03d3e94beb30d73\"},\"headline\":\"Festa della musica. Mercoled\u00ec a Palazzo Fulcis il concerto della Scuola Miari\",\"datePublished\":\"2017-06-20T06:36:35+00:00\",\"dateModified\":\"2017-06-22T05:00:02+00:00\",\"mainEntityOfPage\":{\"@id\":\"https:\\\/\\\/www.bellunopress.it\\\/2017\\\/06\\\/20\\\/festa-della-musica-mercoledi-a-palazzo-fulcis-il-concerto-della-scuola-miari\\\/\"},\"wordCount\":298,\"publisher\":{\"@id\":\"https:\\\/\\\/www.bellunopress.it\\\/#organization\"},\"image\":{\"@id\":\"https:\\\/\\\/www.bellunopress.it\\\/2017\\\/06\\\/20\\\/festa-della-musica-mercoledi-a-palazzo-fulcis-il-concerto-della-scuola-miari\\\/#primaryimage\"},\"thumbnailUrl\":\"http:\\\/\\\/www.bellunopress.it\\\/wp-content\\\/uploads\\\/2017\\\/01\\\/palazzo-fulcis-5.jpg\",\"articleSection\":[\"Appuntamenti, Eventi\",\"Arte, Cultura, Spettacoli, Scienza\"],\"inLanguage\":\"fr-FR\"},{\"@type\":\"WebPage\",\"@id\":\"https:\\\/\\\/www.bellunopress.it\\\/2017\\\/06\\\/20\\\/festa-della-musica-mercoledi-a-palazzo-fulcis-il-concerto-della-scuola-miari\\\/\",\"url\":\"https:\\\/\\\/www.bellunopress.it\\\/2017\\\/06\\\/20\\\/festa-della-musica-mercoledi-a-palazzo-fulcis-il-concerto-della-scuola-miari\\\/\",\"name\":\"Festa della musica. Mercoled\u00ec a Palazzo Fulcis il concerto della Scuola Miari - Bellunopress - Dolomiti\",\"isPartOf\":{\"@id\":\"https:\\\/\\\/www.bellunopress.it\\\/#website\"},\"primaryImageOfPage\":{\"@id\":\"https:\\\/\\\/www.bellunopress.it\\\/2017\\\/06\\\/20\\\/festa-della-musica-mercoledi-a-palazzo-fulcis-il-concerto-della-scuola-miari\\\/#primaryimage\"},\"image\":{\"@id\":\"https:\\\/\\\/www.bellunopress.it\\\/2017\\\/06\\\/20\\\/festa-della-musica-mercoledi-a-palazzo-fulcis-il-concerto-della-scuola-miari\\\/#primaryimage\"},\"thumbnailUrl\":\"http:\\\/\\\/www.bellunopress.it\\\/wp-content\\\/uploads\\\/2017\\\/01\\\/palazzo-fulcis-5.jpg\",\"datePublished\":\"2017-06-20T06:36:35+00:00\",\"dateModified\":\"2017-06-22T05:00:02+00:00\",\"breadcrumb\":{\"@id\":\"https:\\\/\\\/www.bellunopress.it\\\/2017\\\/06\\\/20\\\/festa-della-musica-mercoledi-a-palazzo-fulcis-il-concerto-della-scuola-miari\\\/#breadcrumb\"},\"inLanguage\":\"fr-FR\",\"potentialAction\":[{\"@type\":\"ReadAction\",\"target\":[\"https:\\\/\\\/www.bellunopress.it\\\/2017\\\/06\\\/20\\\/festa-della-musica-mercoledi-a-palazzo-fulcis-il-concerto-della-scuola-miari\\\/\"]}]},{\"@type\":\"ImageObject\",\"inLanguage\":\"fr-FR\",\"@id\":\"https:\\\/\\\/www.bellunopress.it\\\/2017\\\/06\\\/20\\\/festa-della-musica-mercoledi-a-palazzo-fulcis-il-concerto-della-scuola-miari\\\/#primaryimage\",\"url\":\"http:\\\/\\\/www.bellunopress.it\\\/wp-content\\\/uploads\\\/2017\\\/01\\\/palazzo-fulcis-5.jpg\",\"contentUrl\":\"http:\\\/\\\/www.bellunopress.it\\\/wp-content\\\/uploads\\\/2017\\\/01\\\/palazzo-fulcis-5.jpg\"},{\"@type\":\"BreadcrumbList\",\"@id\":\"https:\\\/\\\/www.bellunopress.it\\\/2017\\\/06\\\/20\\\/festa-della-musica-mercoledi-a-palazzo-fulcis-il-concerto-della-scuola-miari\\\/#breadcrumb\",\"itemListElement\":[{\"@type\":\"ListItem\",\"position\":1,\"name\":\"Home\",\"item\":\"https:\\\/\\\/www.bellunopress.it\\\/\"},{\"@type\":\"ListItem\",\"position\":2,\"name\":\"Festa della musica. Mercoled\u00ec a Palazzo Fulcis il concerto della Scuola Miari\"}]},{\"@type\":\"WebSite\",\"@id\":\"https:\\\/\\\/www.bellunopress.it\\\/#website\",\"url\":\"https:\\\/\\\/www.bellunopress.it\\\/\",\"name\":\"Bellunopress - Dolomiti\",\"description\":\"e-mail: redazione@bellunopress.it\",\"publisher\":{\"@id\":\"https:\\\/\\\/www.bellunopress.it\\\/#organization\"},\"potentialAction\":[{\"@type\":\"SearchAction\",\"target\":{\"@type\":\"EntryPoint\",\"urlTemplate\":\"https:\\\/\\\/www.bellunopress.it\\\/?s={search_term_string}\"},\"query-input\":{\"@type\":\"PropertyValueSpecification\",\"valueRequired\":true,\"valueName\":\"search_term_string\"}}],\"inLanguage\":\"fr-FR\"},{\"@type\":\"Organization\",\"@id\":\"https:\\\/\\\/www.bellunopress.it\\\/#organization\",\"name\":\"Bellunopress\",\"url\":\"https:\\\/\\\/www.bellunopress.it\\\/\",\"logo\":{\"@type\":\"ImageObject\",\"inLanguage\":\"fr-FR\",\"@id\":\"https:\\\/\\\/www.bellunopress.it\\\/#\\\/schema\\\/logo\\\/image\\\/\",\"url\":\"https:\\\/\\\/www.bellunopress.it\\\/wp-content\\\/uploads\\\/2011\\\/05\\\/cropped-logo-bellunopress-.jpg\",\"contentUrl\":\"https:\\\/\\\/www.bellunopress.it\\\/wp-content\\\/uploads\\\/2011\\\/05\\\/cropped-logo-bellunopress-.jpg\",\"width\":512,\"height\":512,\"caption\":\"Bellunopress\"},\"image\":{\"@id\":\"https:\\\/\\\/www.bellunopress.it\\\/#\\\/schema\\\/logo\\\/image\\\/\"},\"sameAs\":[\"https:\\\/\\\/www.facebook.com\\\/profile.php?id=100008943462799\",\"https:\\\/\\\/x.com\\\/bellunopress\",\"https:\\\/\\\/www.linkedin.com\\\/hp\\\/?dnr=JBzUWaJfMUw8vbXJJ2tVW5-I3jZKvC4wsoxE&amp;amp;amp;amp;amp;amp;trk=nav_responsive_tab_home\",\"https:\\\/\\\/www.youtube.com\\\/channel\\\/UCxL0wu1uN0_3_7hGG0306cw\"]},{\"@type\":\"Person\",\"@id\":\"https:\\\/\\\/www.bellunopress.it\\\/#\\\/schema\\\/person\\\/79bb06722b37ece1c03d3e94beb30d73\",\"name\":\"redazione\",\"image\":{\"@type\":\"ImageObject\",\"inLanguage\":\"fr-FR\",\"@id\":\"https:\\\/\\\/secure.gravatar.com\\\/avatar\\\/37d968a2e67a6fd04c169c4bdef102d0bc5d31b2546345219e348575eb80e9a0?s=96&d=mm&r=g\",\"url\":\"https:\\\/\\\/secure.gravatar.com\\\/avatar\\\/37d968a2e67a6fd04c169c4bdef102d0bc5d31b2546345219e348575eb80e9a0?s=96&d=mm&r=g\",\"contentUrl\":\"https:\\\/\\\/secure.gravatar.com\\\/avatar\\\/37d968a2e67a6fd04c169c4bdef102d0bc5d31b2546345219e348575eb80e9a0?s=96&d=mm&r=g\",\"caption\":\"redazione\"},\"sameAs\":[\"http:\\\/\\\/www.bellunopress.it\",\"https:\\\/\\\/x.com\\\/bellunopress\"],\"url\":\"https:\\\/\\\/www.bellunopress.it\\\/fr\\\/author\\\/redazione\\\/\"}]}<\/script>\n<!-- \/ Yoast SEO plugin. -->","yoast_head_json":{"title":"Festa della musica. Mercoled\u00ec a Palazzo Fulcis il concerto della Scuola Miari - Bellunopress - Dolomiti","robots":{"index":"index","follow":"follow","max-snippet":"max-snippet:-1","max-image-preview":"max-image-preview:large","max-video-preview":"max-video-preview:-1"},"canonical":"https:\/\/www.bellunopress.it\/fr\/2017\/06\/20\/festa-della-musica-mercoledi-a-palazzo-fulcis-il-concerto-della-scuola-miari\/","og_locale":"fr_FR","og_type":"article","og_title":"Festa della musica. Mercoled\u00ec a Palazzo Fulcis il concerto della Scuola Miari - Bellunopress - Dolomiti","og_description":"Mercoled\u00ec 21 giugno a Palazzo Fulcis si terr\u00e0 il concerto gratuito con musiche per flauto e pianoforte. La Festa della Musica \u00e8 stata ideata in Francia nel 1982 e nel volgere di pochi anni \u00e8 divenuta un fenomeno internazionale. La manifestazione si rivolge a tutti i musicisti, dilettanti e professionisti, italiani e stranieri, e il [&hellip;]","og_url":"https:\/\/www.bellunopress.it\/fr\/2017\/06\/20\/festa-della-musica-mercoledi-a-palazzo-fulcis-il-concerto-della-scuola-miari\/","og_site_name":"Bellunopress - Dolomiti","article_publisher":"https:\/\/www.facebook.com\/profile.php?id=100008943462799","article_published_time":"2017-06-20T06:36:35+00:00","article_modified_time":"2017-06-22T05:00:02+00:00","og_image":[{"url":"http:\/\/www.bellunopress.it\/wp-content\/uploads\/2017\/01\/palazzo-fulcis-5.jpg","type":"","width":"","height":""}],"author":"redazione","twitter_card":"summary_large_image","twitter_creator":"@bellunopress","twitter_site":"@bellunopress","twitter_misc":{"\u00c9crit par":"redazione","Dur\u00e9e de lecture estim\u00e9e":"1 minute"},"schema":{"@context":"https:\/\/schema.org","@graph":[{"@type":"Article","@id":"https:\/\/www.bellunopress.it\/2017\/06\/20\/festa-della-musica-mercoledi-a-palazzo-fulcis-il-concerto-della-scuola-miari\/#article","isPartOf":{"@id":"https:\/\/www.bellunopress.it\/2017\/06\/20\/festa-della-musica-mercoledi-a-palazzo-fulcis-il-concerto-della-scuola-miari\/"},"author":{"name":"redazione","@id":"https:\/\/www.bellunopress.it\/#\/schema\/person\/79bb06722b37ece1c03d3e94beb30d73"},"headline":"Festa della musica. Mercoled\u00ec a Palazzo Fulcis il concerto della Scuola Miari","datePublished":"2017-06-20T06:36:35+00:00","dateModified":"2017-06-22T05:00:02+00:00","mainEntityOfPage":{"@id":"https:\/\/www.bellunopress.it\/2017\/06\/20\/festa-della-musica-mercoledi-a-palazzo-fulcis-il-concerto-della-scuola-miari\/"},"wordCount":298,"publisher":{"@id":"https:\/\/www.bellunopress.it\/#organization"},"image":{"@id":"https:\/\/www.bellunopress.it\/2017\/06\/20\/festa-della-musica-mercoledi-a-palazzo-fulcis-il-concerto-della-scuola-miari\/#primaryimage"},"thumbnailUrl":"http:\/\/www.bellunopress.it\/wp-content\/uploads\/2017\/01\/palazzo-fulcis-5.jpg","articleSection":["Appuntamenti, Eventi","Arte, Cultura, Spettacoli, Scienza"],"inLanguage":"fr-FR"},{"@type":"WebPage","@id":"https:\/\/www.bellunopress.it\/2017\/06\/20\/festa-della-musica-mercoledi-a-palazzo-fulcis-il-concerto-della-scuola-miari\/","url":"https:\/\/www.bellunopress.it\/2017\/06\/20\/festa-della-musica-mercoledi-a-palazzo-fulcis-il-concerto-della-scuola-miari\/","name":"Festa della musica. Mercoled\u00ec a Palazzo Fulcis il concerto della Scuola Miari - Bellunopress - Dolomiti","isPartOf":{"@id":"https:\/\/www.bellunopress.it\/#website"},"primaryImageOfPage":{"@id":"https:\/\/www.bellunopress.it\/2017\/06\/20\/festa-della-musica-mercoledi-a-palazzo-fulcis-il-concerto-della-scuola-miari\/#primaryimage"},"image":{"@id":"https:\/\/www.bellunopress.it\/2017\/06\/20\/festa-della-musica-mercoledi-a-palazzo-fulcis-il-concerto-della-scuola-miari\/#primaryimage"},"thumbnailUrl":"http:\/\/www.bellunopress.it\/wp-content\/uploads\/2017\/01\/palazzo-fulcis-5.jpg","datePublished":"2017-06-20T06:36:35+00:00","dateModified":"2017-06-22T05:00:02+00:00","breadcrumb":{"@id":"https:\/\/www.bellunopress.it\/2017\/06\/20\/festa-della-musica-mercoledi-a-palazzo-fulcis-il-concerto-della-scuola-miari\/#breadcrumb"},"inLanguage":"fr-FR","potentialAction":[{"@type":"ReadAction","target":["https:\/\/www.bellunopress.it\/2017\/06\/20\/festa-della-musica-mercoledi-a-palazzo-fulcis-il-concerto-della-scuola-miari\/"]}]},{"@type":"ImageObject","inLanguage":"fr-FR","@id":"https:\/\/www.bellunopress.it\/2017\/06\/20\/festa-della-musica-mercoledi-a-palazzo-fulcis-il-concerto-della-scuola-miari\/#primaryimage","url":"http:\/\/www.bellunopress.it\/wp-content\/uploads\/2017\/01\/palazzo-fulcis-5.jpg","contentUrl":"http:\/\/www.bellunopress.it\/wp-content\/uploads\/2017\/01\/palazzo-fulcis-5.jpg"},{"@type":"BreadcrumbList","@id":"https:\/\/www.bellunopress.it\/2017\/06\/20\/festa-della-musica-mercoledi-a-palazzo-fulcis-il-concerto-della-scuola-miari\/#breadcrumb","itemListElement":[{"@type":"ListItem","position":1,"name":"Home","item":"https:\/\/www.bellunopress.it\/"},{"@type":"ListItem","position":2,"name":"Festa della musica. Mercoled\u00ec a Palazzo Fulcis il concerto della Scuola Miari"}]},{"@type":"WebSite","@id":"https:\/\/www.bellunopress.it\/#website","url":"https:\/\/www.bellunopress.it\/","name":"Bellunopress - Dolomiti","description":"e-mail: redazione@bellunopress.it","publisher":{"@id":"https:\/\/www.bellunopress.it\/#organization"},"potentialAction":[{"@type":"SearchAction","target":{"@type":"EntryPoint","urlTemplate":"https:\/\/www.bellunopress.it\/?s={search_term_string}"},"query-input":{"@type":"PropertyValueSpecification","valueRequired":true,"valueName":"search_term_string"}}],"inLanguage":"fr-FR"},{"@type":"Organization","@id":"https:\/\/www.bellunopress.it\/#organization","name":"Bellunopress","url":"https:\/\/www.bellunopress.it\/","logo":{"@type":"ImageObject","inLanguage":"fr-FR","@id":"https:\/\/www.bellunopress.it\/#\/schema\/logo\/image\/","url":"https:\/\/www.bellunopress.it\/wp-content\/uploads\/2011\/05\/cropped-logo-bellunopress-.jpg","contentUrl":"https:\/\/www.bellunopress.it\/wp-content\/uploads\/2011\/05\/cropped-logo-bellunopress-.jpg","width":512,"height":512,"caption":"Bellunopress"},"image":{"@id":"https:\/\/www.bellunopress.it\/#\/schema\/logo\/image\/"},"sameAs":["https:\/\/www.facebook.com\/profile.php?id=100008943462799","https:\/\/x.com\/bellunopress","https:\/\/www.linkedin.com\/hp\/?dnr=JBzUWaJfMUw8vbXJJ2tVW5-I3jZKvC4wsoxE&amp;amp;amp;amp;amp;amp;trk=nav_responsive_tab_home","https:\/\/www.youtube.com\/channel\/UCxL0wu1uN0_3_7hGG0306cw"]},{"@type":"Person","@id":"https:\/\/www.bellunopress.it\/#\/schema\/person\/79bb06722b37ece1c03d3e94beb30d73","name":"r\u00e9daction","image":{"@type":"ImageObject","inLanguage":"fr-FR","@id":"https:\/\/secure.gravatar.com\/avatar\/37d968a2e67a6fd04c169c4bdef102d0bc5d31b2546345219e348575eb80e9a0?s=96&d=mm&r=g","url":"https:\/\/secure.gravatar.com\/avatar\/37d968a2e67a6fd04c169c4bdef102d0bc5d31b2546345219e348575eb80e9a0?s=96&d=mm&r=g","contentUrl":"https:\/\/secure.gravatar.com\/avatar\/37d968a2e67a6fd04c169c4bdef102d0bc5d31b2546345219e348575eb80e9a0?s=96&d=mm&r=g","caption":"redazione"},"sameAs":["http:\/\/www.bellunopress.it","https:\/\/x.com\/bellunopress"],"url":"https:\/\/www.bellunopress.it\/fr\/author\/redazione\/"}]}},"_links":{"self":[{"href":"https:\/\/www.bellunopress.it\/fr\/wp-json\/wp\/v2\/posts\/87117","targetHints":{"allow":["GET"]}}],"collection":[{"href":"https:\/\/www.bellunopress.it\/fr\/wp-json\/wp\/v2\/posts"}],"about":[{"href":"https:\/\/www.bellunopress.it\/fr\/wp-json\/wp\/v2\/types\/post"}],"author":[{"embeddable":true,"href":"https:\/\/www.bellunopress.it\/fr\/wp-json\/wp\/v2\/users\/2"}],"replies":[{"embeddable":true,"href":"https:\/\/www.bellunopress.it\/fr\/wp-json\/wp\/v2\/comments?post=87117"}],"version-history":[{"count":1,"href":"https:\/\/www.bellunopress.it\/fr\/wp-json\/wp\/v2\/posts\/87117\/revisions"}],"predecessor-version":[{"id":87118,"href":"https:\/\/www.bellunopress.it\/fr\/wp-json\/wp\/v2\/posts\/87117\/revisions\/87118"}],"wp:attachment":[{"href":"https:\/\/www.bellunopress.it\/fr\/wp-json\/wp\/v2\/media?parent=87117"}],"wp:term":[{"taxonomy":"category","embeddable":true,"href":"https:\/\/www.bellunopress.it\/fr\/wp-json\/wp\/v2\/categories?post=87117"},{"taxonomy":"post_tag","embeddable":true,"href":"https:\/\/www.bellunopress.it\/fr\/wp-json\/wp\/v2\/tags?post=87117"}],"curies":[{"name":"wp","href":"https:\/\/api.w.org\/{rel}","templated":true}]}}